{"id":107313,"date":"2024-07-05T11:53:36","date_gmt":"2024-07-05T14:53:36","guid":{"rendered":"https:\/\/regiaonews.net.br\/2022\/?p=107313"},"modified":"2024-07-17T13:18:55","modified_gmt":"2024-07-17T16:18:55","slug":"abertas-inscricoes-para-a-corrida-do-garcom-que-acotnece-no-dia-5","status":"publish","type":"post","link":"https:\/\/regiaonews.net.br\/2022\/2024\/07\/05\/abertas-inscricoes-para-a-corrida-do-garcom-que-acotnece-no-dia-5\/","title":{"rendered":"Abertas inscri\u00e7\u00f5es para a Corrida do Gar\u00e7om que acontece no dia 5"},"content":{"rendered":"<p>A tradicional Corrida do Gar\u00e7om est\u00e1 agendada pela diretoria do Sindicato dos Trabalhadores de Hot\u00e9is, Restaurantes, Bares e similares de Barretos e regi\u00e3o, para o dia 5 de agosto, a partir das 15h, na Esta\u00e7\u00e3o Cultura. O evento chega a sua 12\u00aa edi\u00e7\u00e3o e o presidente Ivair Jos\u00e9 de Oliveira, disse que a corrida j\u00e1 est\u00e1 com inscri\u00e7\u00f5es abertas para todos os gar\u00e7ons e gar\u00e7onetes interessados de Barretos e regi\u00e3o atrav\u00e9s do WhatsApp (17) 3325-4374 e (17) 98141-5311. Os primeiros 50 inscritos ir\u00e3o ganhar a camisa da corrida. \u201cA corrida tem inscri\u00e7\u00e3o gratuita, ningu\u00e9m paga nada, basta apenas saber manejar a bandeja. Haver\u00e1 premia\u00e7\u00e3o em dinheiro no masculino e feminino para os tr\u00eas primeiros colocados de cada categoria\u201d, afirmou. O evento ter\u00e1 locu\u00e7\u00e3o de Paulinho 1001 na corrida e haver\u00e1 sorteio de brindes para o p\u00fablico que acompanhar a corrida. \u201cA corrida \u00e9 um treinamento para os profissionais que ir\u00e3o trabalhar na Festa do Pe\u00e3o. Trata-se de uma gincana muito agrad\u00e1vel\u201d,\u00a0destacou\u00a0Ivair.<\/p>\n<p>Foto &#8211; O presidente Ivair Oliveira durante premia\u00e7\u00e3o no ano passado<br \/>\nFoto \u2013 Divulga\u00e7\u00e3o<\/p>\n","protected":false},"excerpt":{"rendered":"<p>A tradicional Corrida do Gar\u00e7om est\u00e1 agendada pela diretoria do<\/p>\n","protected":false},"author":2,"featured_media":107314,"comment_status":"open","ping_status":"open","sticky":false,"template":"","format":"standard","meta":{"footnotes":""},"categories":[14,3],"tags":[],"class_list":["post-107313","post","type-post","status-publish","format-standard","has-post-thumbnail","hentry","category-barretos","category-geral"],"yoast_head":"<!-- This site is optimized with the Yoast SEO plugin v27.4 - https:\/\/yoast.com\/product\/yoast-seo-wordpress\/ -->\n<title>Abertas inscri\u00e7\u00f5es para a Corrida do Gar\u00e7om que acontece no dia 5 - Regi\u00e3o News<\/title>\n<meta name=\"robots\" content=\"index, follow, max-snippet:-1, max-image-preview:large, max-video-preview:-1\" \/>\n<link rel=\"canonical\" href=\"https:\/\/regiaonews.net.br\/2022\/2024\/07\/05\/abertas-inscricoes-para-a-corrida-do-garcom-que-acotnece-no-dia-5\/\" \/>\n<meta property=\"og:locale\" content=\"pt_BR\" \/>\n<meta property=\"og:type\" content=\"article\" \/>\n<meta property=\"og:title\" content=\"Abertas inscri\u00e7\u00f5es para a Corrida do Gar\u00e7om que acontece no dia 5 - Regi\u00e3o News\" \/>\n<meta property=\"og:description\" content=\"A tradicional Corrida do Gar\u00e7om est\u00e1 agendada pela diretoria do\" \/>\n<meta property=\"og:url\" content=\"https:\/\/regiaonews.net.br\/2022\/2024\/07\/05\/abertas-inscricoes-para-a-corrida-do-garcom-que-acotnece-no-dia-5\/\" \/>\n<meta property=\"og:site_name\" content=\"Regi\u00e3o News\" \/>\n<meta property=\"article:published_time\" content=\"2024-07-05T14:53:36+00:00\" \/>\n<meta property=\"article:modified_time\" content=\"2024-07-17T16:18:55+00:00\" \/>\n<meta property=\"og:image\" content=\"https:\/\/regiaonews.net.br\/2022\/wp-content\/uploads\/2024\/07\/Imagem-do-WhatsApp-de-2024-07-05-as-11.51.05_1ace8f1b.jpg\" \/>\n\t<meta property=\"og:image:width\" content=\"1080\" \/>\n\t<meta property=\"og:image:height\" content=\"810\" \/>\n\t<meta property=\"og:image:type\" content=\"image\/jpeg\" \/>\n<meta name=\"author\" content=\"Roberto\" \/>\n<meta name=\"twitter:card\" content=\"summary_large_image\" \/>\n<meta name=\"twitter:label1\" content=\"Escrito por\" \/>\n\t<meta name=\"twitter:data1\" content=\"Roberto\" \/>\n\t<meta name=\"twitter:label2\" content=\"Est. tempo de leitura\" \/>\n\t<meta name=\"twitter:data2\" content=\"2 minutos\" \/>\n<script type=\"application\/ld+json\" class=\"yoast-schema-graph\">{\"@context\":\"https:\\\/\\\/schema.org\",\"@graph\":[{\"@type\":\"Article\",\"@id\":\"https:\\\/\\\/regiaonews.net.br\\\/2022\\\/2024\\\/07\\\/05\\\/abertas-inscricoes-para-a-corrida-do-garcom-que-acotnece-no-dia-5\\\/#article\",\"isPartOf\":{\"@id\":\"https:\\\/\\\/regiaonews.net.br\\\/2022\\\/2024\\\/07\\\/05\\\/abertas-inscricoes-para-a-corrida-do-garcom-que-acotnece-no-dia-5\\\/\"},\"author\":{\"name\":\"Roberto\",\"@id\":\"https:\\\/\\\/regiaonews.net.br\\\/2022\\\/#\\\/schema\\\/person\\\/2d205a608a5aa97ac279d7a5e6d89ad8\"},\"headline\":\"Abertas inscri\u00e7\u00f5es para a Corrida do Gar\u00e7om que acontece no dia 5\",\"datePublished\":\"2024-07-05T14:53:36+00:00\",\"dateModified\":\"2024-07-17T16:18:55+00:00\",\"mainEntityOfPage\":{\"@id\":\"https:\\\/\\\/regiaonews.net.br\\\/2022\\\/2024\\\/07\\\/05\\\/abertas-inscricoes-para-a-corrida-do-garcom-que-acotnece-no-dia-5\\\/\"},\"wordCount\":204,\"commentCount\":0,\"publisher\":{\"@id\":\"https:\\\/\\\/regiaonews.net.br\\\/2022\\\/#organization\"},\"image\":{\"@id\":\"https:\\\/\\\/regiaonews.net.br\\\/2022\\\/2024\\\/07\\\/05\\\/abertas-inscricoes-para-a-corrida-do-garcom-que-acotnece-no-dia-5\\\/#primaryimage\"},\"thumbnailUrl\":\"https:\\\/\\\/regiaonews.net.br\\\/2022\\\/wp-content\\\/uploads\\\/2024\\\/07\\\/Imagem-do-WhatsApp-de-2024-07-05-as-11.51.05_1ace8f1b.jpg\",\"articleSection\":[\"Barretos\",\"Geral\"],\"inLanguage\":\"pt-BR\",\"potentialAction\":[{\"@type\":\"CommentAction\",\"name\":\"Comment\",\"target\":[\"https:\\\/\\\/regiaonews.net.br\\\/2022\\\/2024\\\/07\\\/05\\\/abertas-inscricoes-para-a-corrida-do-garcom-que-acotnece-no-dia-5\\\/#respond\"]}]},{\"@type\":\"WebPage\",\"@id\":\"https:\\\/\\\/regiaonews.net.br\\\/2022\\\/2024\\\/07\\\/05\\\/abertas-inscricoes-para-a-corrida-do-garcom-que-acotnece-no-dia-5\\\/\",\"url\":\"https:\\\/\\\/regiaonews.net.br\\\/2022\\\/2024\\\/07\\\/05\\\/abertas-inscricoes-para-a-corrida-do-garcom-que-acotnece-no-dia-5\\\/\",\"name\":\"Abertas inscri\u00e7\u00f5es para a Corrida do Gar\u00e7om que acontece no dia 5 - Regi\u00e3o News\",\"isPartOf\":{\"@id\":\"https:\\\/\\\/regiaonews.net.br\\\/2022\\\/#website\"},\"primaryImageOfPage\":{\"@id\":\"https:\\\/\\\/regiaonews.net.br\\\/2022\\\/2024\\\/07\\\/05\\\/abertas-inscricoes-para-a-corrida-do-garcom-que-acotnece-no-dia-5\\\/#primaryimage\"},\"image\":{\"@id\":\"https:\\\/\\\/regiaonews.net.br\\\/2022\\\/2024\\\/07\\\/05\\\/abertas-inscricoes-para-a-corrida-do-garcom-que-acotnece-no-dia-5\\\/#primaryimage\"},\"thumbnailUrl\":\"https:\\\/\\\/regiaonews.net.br\\\/2022\\\/wp-content\\\/uploads\\\/2024\\\/07\\\/Imagem-do-WhatsApp-de-2024-07-05-as-11.51.05_1ace8f1b.jpg\",\"datePublished\":\"2024-07-05T14:53:36+00:00\",\"dateModified\":\"2024-07-17T16:18:55+00:00\",\"breadcrumb\":{\"@id\":\"https:\\\/\\\/regiaonews.net.br\\\/2022\\\/2024\\\/07\\\/05\\\/abertas-inscricoes-para-a-corrida-do-garcom-que-acotnece-no-dia-5\\\/#breadcrumb\"},\"inLanguage\":\"pt-BR\",\"potentialAction\":[{\"@type\":\"ReadAction\",\"target\":[\"https:\\\/\\\/regiaonews.net.br\\\/2022\\\/2024\\\/07\\\/05\\\/abertas-inscricoes-para-a-corrida-do-garcom-que-acotnece-no-dia-5\\\/\"]}]},{\"@type\":\"ImageObject\",\"inLanguage\":\"pt-BR\",\"@id\":\"https:\\\/\\\/regiaonews.net.br\\\/2022\\\/2024\\\/07\\\/05\\\/abertas-inscricoes-para-a-corrida-do-garcom-que-acotnece-no-dia-5\\\/#primaryimage\",\"url\":\"https:\\\/\\\/regiaonews.net.br\\\/2022\\\/wp-content\\\/uploads\\\/2024\\\/07\\\/Imagem-do-WhatsApp-de-2024-07-05-as-11.51.05_1ace8f1b.jpg\",\"contentUrl\":\"https:\\\/\\\/regiaonews.net.br\\\/2022\\\/wp-content\\\/uploads\\\/2024\\\/07\\\/Imagem-do-WhatsApp-de-2024-07-05-as-11.51.05_1ace8f1b.jpg\",\"width\":1080,\"height\":810},{\"@type\":\"BreadcrumbList\",\"@id\":\"https:\\\/\\\/regiaonews.net.br\\\/2022\\\/2024\\\/07\\\/05\\\/abertas-inscricoes-para-a-corrida-do-garcom-que-acotnece-no-dia-5\\\/#breadcrumb\",\"itemListElement\":[{\"@type\":\"ListItem\",\"position\":1,\"name\":\"In\u00edcio\",\"item\":\"https:\\\/\\\/regiaonews.net.br\\\/2022\\\/\"},{\"@type\":\"ListItem\",\"position\":2,\"name\":\"Abertas inscri\u00e7\u00f5es para a Corrida do Gar\u00e7om que acontece no dia 5\"}]},{\"@type\":\"WebSite\",\"@id\":\"https:\\\/\\\/regiaonews.net.br\\\/2022\\\/#website\",\"url\":\"https:\\\/\\\/regiaonews.net.br\\\/2022\\\/\",\"name\":\"Regi\u00e3o News\",\"description\":\"Site de Not\u00edcias de Barretos e regi\u00e3o\",\"publisher\":{\"@id\":\"https:\\\/\\\/regiaonews.net.br\\\/2022\\\/#organization\"},\"potentialAction\":[{\"@type\":\"SearchAction\",\"target\":{\"@type\":\"EntryPoint\",\"urlTemplate\":\"https:\\\/\\\/regiaonews.net.br\\\/2022\\\/?s={search_term_string}\"},\"query-input\":{\"@type\":\"PropertyValueSpecification\",\"valueRequired\":true,\"valueName\":\"search_term_string\"}}],\"inLanguage\":\"pt-BR\"},{\"@type\":\"Organization\",\"@id\":\"https:\\\/\\\/regiaonews.net.br\\\/2022\\\/#organization\",\"name\":\"Regi\u00e3o News\",\"url\":\"https:\\\/\\\/regiaonews.net.br\\\/2022\\\/\",\"logo\":{\"@type\":\"ImageObject\",\"inLanguage\":\"pt-BR\",\"@id\":\"https:\\\/\\\/regiaonews.net.br\\\/2022\\\/#\\\/schema\\\/logo\\\/image\\\/\",\"url\":\"https:\\\/\\\/regiaonews.net.br\\\/2022\\\/wp-content\\\/uploads\\\/2026\\\/03\\\/regiao-13-anos-scaled.jpg\",\"contentUrl\":\"https:\\\/\\\/regiaonews.net.br\\\/2022\\\/wp-content\\\/uploads\\\/2026\\\/03\\\/regiao-13-anos-scaled.jpg\",\"width\":2560,\"height\":635,\"caption\":\"Regi\u00e3o News\"},\"image\":{\"@id\":\"https:\\\/\\\/regiaonews.net.br\\\/2022\\\/#\\\/schema\\\/logo\\\/image\\\/\"}},{\"@type\":\"Person\",\"@id\":\"https:\\\/\\\/regiaonews.net.br\\\/2022\\\/#\\\/schema\\\/person\\\/2d205a608a5aa97ac279d7a5e6d89ad8\",\"name\":\"Roberto\",\"image\":{\"@type\":\"ImageObject\",\"inLanguage\":\"pt-BR\",\"@id\":\"https:\\\/\\\/secure.gravatar.com\\\/avatar\\\/42749d8b712ff9d59ca93dc150494e5b55a44134482993f5baeb97e61b7ecc89?s=96&d=mm&r=g\",\"url\":\"https:\\\/\\\/secure.gravatar.com\\\/avatar\\\/42749d8b712ff9d59ca93dc150494e5b55a44134482993f5baeb97e61b7ecc89?s=96&d=mm&r=g\",\"contentUrl\":\"https:\\\/\\\/secure.gravatar.com\\\/avatar\\\/42749d8b712ff9d59ca93dc150494e5b55a44134482993f5baeb97e61b7ecc89?s=96&d=mm&r=g\",\"caption\":\"Roberto\"},\"url\":\"https:\\\/\\\/regiaonews.net.br\\\/2022\\\/author\\\/roberto\\\/\"}]}<\/script>\n<!-- \/ Yoast SEO plugin. -->","yoast_head_json":{"title":"Abertas inscri\u00e7\u00f5es para a Corrida do Gar\u00e7om que acontece no dia 5 - Regi\u00e3o News","robots":{"index":"index","follow":"follow","max-snippet":"max-snippet:-1","max-image-preview":"max-image-preview:large","max-video-preview":"max-video-preview:-1"},"canonical":"https:\/\/regiaonews.net.br\/2022\/2024\/07\/05\/abertas-inscricoes-para-a-corrida-do-garcom-que-acotnece-no-dia-5\/","og_locale":"pt_BR","og_type":"article","og_title":"Abertas inscri\u00e7\u00f5es para a Corrida do Gar\u00e7om que acontece no dia 5 - Regi\u00e3o News","og_description":"A tradicional Corrida do Gar\u00e7om est\u00e1 agendada pela diretoria do","og_url":"https:\/\/regiaonews.net.br\/2022\/2024\/07\/05\/abertas-inscricoes-para-a-corrida-do-garcom-que-acotnece-no-dia-5\/","og_site_name":"Regi\u00e3o News","article_published_time":"2024-07-05T14:53:36+00:00","article_modified_time":"2024-07-17T16:18:55+00:00","og_image":[{"width":1080,"height":810,"url":"https:\/\/regiaonews.net.br\/2022\/wp-content\/uploads\/2024\/07\/Imagem-do-WhatsApp-de-2024-07-05-as-11.51.05_1ace8f1b.jpg","type":"image\/jpeg"}],"author":"Roberto","twitter_card":"summary_large_image","twitter_misc":{"Escrito por":"Roberto","Est. tempo de leitura":"2 minutos"},"schema":{"@context":"https:\/\/schema.org","@graph":[{"@type":"Article","@id":"https:\/\/regiaonews.net.br\/2022\/2024\/07\/05\/abertas-inscricoes-para-a-corrida-do-garcom-que-acotnece-no-dia-5\/#article","isPartOf":{"@id":"https:\/\/regiaonews.net.br\/2022\/2024\/07\/05\/abertas-inscricoes-para-a-corrida-do-garcom-que-acotnece-no-dia-5\/"},"author":{"name":"Roberto","@id":"https:\/\/regiaonews.net.br\/2022\/#\/schema\/person\/2d205a608a5aa97ac279d7a5e6d89ad8"},"headline":"Abertas inscri\u00e7\u00f5es para a Corrida do Gar\u00e7om que acontece no dia 5","datePublished":"2024-07-05T14:53:36+00:00","dateModified":"2024-07-17T16:18:55+00:00","mainEntityOfPage":{"@id":"https:\/\/regiaonews.net.br\/2022\/2024\/07\/05\/abertas-inscricoes-para-a-corrida-do-garcom-que-acotnece-no-dia-5\/"},"wordCount":204,"commentCount":0,"publisher":{"@id":"https:\/\/regiaonews.net.br\/2022\/#organization"},"image":{"@id":"https:\/\/regiaonews.net.br\/2022\/2024\/07\/05\/abertas-inscricoes-para-a-corrida-do-garcom-que-acotnece-no-dia-5\/#primaryimage"},"thumbnailUrl":"https:\/\/regiaonews.net.br\/2022\/wp-content\/uploads\/2024\/07\/Imagem-do-WhatsApp-de-2024-07-05-as-11.51.05_1ace8f1b.jpg","articleSection":["Barretos","Geral"],"inLanguage":"pt-BR","potentialAction":[{"@type":"CommentAction","name":"Comment","target":["https:\/\/regiaonews.net.br\/2022\/2024\/07\/05\/abertas-inscricoes-para-a-corrida-do-garcom-que-acotnece-no-dia-5\/#respond"]}]},{"@type":"WebPage","@id":"https:\/\/regiaonews.net.br\/2022\/2024\/07\/05\/abertas-inscricoes-para-a-corrida-do-garcom-que-acotnece-no-dia-5\/","url":"https:\/\/regiaonews.net.br\/2022\/2024\/07\/05\/abertas-inscricoes-para-a-corrida-do-garcom-que-acotnece-no-dia-5\/","name":"Abertas inscri\u00e7\u00f5es para a Corrida do Gar\u00e7om que acontece no dia 5 - Regi\u00e3o News","isPartOf":{"@id":"https:\/\/regiaonews.net.br\/2022\/#website"},"primaryImageOfPage":{"@id":"https:\/\/regiaonews.net.br\/2022\/2024\/07\/05\/abertas-inscricoes-para-a-corrida-do-garcom-que-acotnece-no-dia-5\/#primaryimage"},"image":{"@id":"https:\/\/regiaonews.net.br\/2022\/2024\/07\/05\/abertas-inscricoes-para-a-corrida-do-garcom-que-acotnece-no-dia-5\/#primaryimage"},"thumbnailUrl":"https:\/\/regiaonews.net.br\/2022\/wp-content\/uploads\/2024\/07\/Imagem-do-WhatsApp-de-2024-07-05-as-11.51.05_1ace8f1b.jpg","datePublished":"2024-07-05T14:53:36+00:00","dateModified":"2024-07-17T16:18:55+00:00","breadcrumb":{"@id":"https:\/\/regiaonews.net.br\/2022\/2024\/07\/05\/abertas-inscricoes-para-a-corrida-do-garcom-que-acotnece-no-dia-5\/#breadcrumb"},"inLanguage":"pt-BR","potentialAction":[{"@type":"ReadAction","target":["https:\/\/regiaonews.net.br\/2022\/2024\/07\/05\/abertas-inscricoes-para-a-corrida-do-garcom-que-acotnece-no-dia-5\/"]}]},{"@type":"ImageObject","inLanguage":"pt-BR","@id":"https:\/\/regiaonews.net.br\/2022\/2024\/07\/05\/abertas-inscricoes-para-a-corrida-do-garcom-que-acotnece-no-dia-5\/#primaryimage","url":"https:\/\/regiaonews.net.br\/2022\/wp-content\/uploads\/2024\/07\/Imagem-do-WhatsApp-de-2024-07-05-as-11.51.05_1ace8f1b.jpg","contentUrl":"https:\/\/regiaonews.net.br\/2022\/wp-content\/uploads\/2024\/07\/Imagem-do-WhatsApp-de-2024-07-05-as-11.51.05_1ace8f1b.jpg","width":1080,"height":810},{"@type":"BreadcrumbList","@id":"https:\/\/regiaonews.net.br\/2022\/2024\/07\/05\/abertas-inscricoes-para-a-corrida-do-garcom-que-acotnece-no-dia-5\/#breadcrumb","itemListElement":[{"@type":"ListItem","position":1,"name":"In\u00edcio","item":"https:\/\/regiaonews.net.br\/2022\/"},{"@type":"ListItem","position":2,"name":"Abertas inscri\u00e7\u00f5es para a Corrida do Gar\u00e7om que acontece no dia 5"}]},{"@type":"WebSite","@id":"https:\/\/regiaonews.net.br\/2022\/#website","url":"https:\/\/regiaonews.net.br\/2022\/","name":"Regi\u00e3o News","description":"Site de Not\u00edcias de Barretos e regi\u00e3o","publisher":{"@id":"https:\/\/regiaonews.net.br\/2022\/#organization"},"potentialAction":[{"@type":"SearchAction","target":{"@type":"EntryPoint","urlTemplate":"https:\/\/regiaonews.net.br\/2022\/?s={search_term_string}"},"query-input":{"@type":"PropertyValueSpecification","valueRequired":true,"valueName":"search_term_string"}}],"inLanguage":"pt-BR"},{"@type":"Organization","@id":"https:\/\/regiaonews.net.br\/2022\/#organization","name":"Regi\u00e3o News","url":"https:\/\/regiaonews.net.br\/2022\/","logo":{"@type":"ImageObject","inLanguage":"pt-BR","@id":"https:\/\/regiaonews.net.br\/2022\/#\/schema\/logo\/image\/","url":"https:\/\/regiaonews.net.br\/2022\/wp-content\/uploads\/2026\/03\/regiao-13-anos-scaled.jpg","contentUrl":"https:\/\/regiaonews.net.br\/2022\/wp-content\/uploads\/2026\/03\/regiao-13-anos-scaled.jpg","width":2560,"height":635,"caption":"Regi\u00e3o News"},"image":{"@id":"https:\/\/regiaonews.net.br\/2022\/#\/schema\/logo\/image\/"}},{"@type":"Person","@id":"https:\/\/regiaonews.net.br\/2022\/#\/schema\/person\/2d205a608a5aa97ac279d7a5e6d89ad8","name":"Roberto","image":{"@type":"ImageObject","inLanguage":"pt-BR","@id":"https:\/\/secure.gravatar.com\/avatar\/42749d8b712ff9d59ca93dc150494e5b55a44134482993f5baeb97e61b7ecc89?s=96&d=mm&r=g","url":"https:\/\/secure.gravatar.com\/avatar\/42749d8b712ff9d59ca93dc150494e5b55a44134482993f5baeb97e61b7ecc89?s=96&d=mm&r=g","contentUrl":"https:\/\/secure.gravatar.com\/avatar\/42749d8b712ff9d59ca93dc150494e5b55a44134482993f5baeb97e61b7ecc89?s=96&d=mm&r=g","caption":"Roberto"},"url":"https:\/\/regiaonews.net.br\/2022\/author\/roberto\/"}]}},"publishpress_future_action":{"enabled":false,"date":"2026-05-03 04:35:30","action":"change-status","newStatus":"draft","terms":[],"taxonomy":"category","extraData":[]},"publishpress_future_workflow_manual_trigger":{"enabledWorkflows":[]},"_links":{"self":[{"href":"https:\/\/regiaonews.net.br\/2022\/wp-json\/wp\/v2\/posts\/107313","targetHints":{"allow":["GET"]}}],"collection":[{"href":"https:\/\/regiaonews.net.br\/2022\/wp-json\/wp\/v2\/posts"}],"about":[{"href":"https:\/\/regiaonews.net.br\/2022\/wp-json\/wp\/v2\/types\/post"}],"author":[{"embeddable":true,"href":"https:\/\/regiaonews.net.br\/2022\/wp-json\/wp\/v2\/users\/2"}],"replies":[{"embeddable":true,"href":"https:\/\/regiaonews.net.br\/2022\/wp-json\/wp\/v2\/comments?post=107313"}],"version-history":[{"count":2,"href":"https:\/\/regiaonews.net.br\/2022\/wp-json\/wp\/v2\/posts\/107313\/revisions"}],"predecessor-version":[{"id":107802,"href":"https:\/\/regiaonews.net.br\/2022\/wp-json\/wp\/v2\/posts\/107313\/revisions\/107802"}],"wp:featuredmedia":[{"embeddable":true,"href":"https:\/\/regiaonews.net.br\/2022\/wp-json\/wp\/v2\/media\/107314"}],"wp:attachment":[{"href":"https:\/\/regiaonews.net.br\/2022\/wp-json\/wp\/v2\/media?parent=107313"}],"wp:term":[{"taxonomy":"category","embeddable":true,"href":"https:\/\/regiaonews.net.br\/2022\/wp-json\/wp\/v2\/categories?post=107313"},{"taxonomy":"post_tag","embeddable":true,"href":"https:\/\/regiaonews.net.br\/2022\/wp-json\/wp\/v2\/tags?post=107313"}],"curies":[{"name":"wp","href":"https:\/\/api.w.org\/{rel}","templated":true}]}}