{"id":107310,"date":"2024-07-05T11:15:26","date_gmt":"2024-07-05T14:15:26","guid":{"rendered":"https:\/\/regiaonews.net.br\/2022\/?p=107310"},"modified":"2024-07-05T11:15:26","modified_gmt":"2024-07-05T14:15:26","slug":"prefeitura-de-barretos-assina-convenio-para-construcao-de-creche-no-bairro-vida-nova","status":"publish","type":"post","link":"https:\/\/regiaonews.net.br\/2022\/2024\/07\/05\/prefeitura-de-barretos-assina-convenio-para-construcao-de-creche-no-bairro-vida-nova\/","title":{"rendered":"Prefeitura de Barretos assina conv\u00eanio para constru\u00e7\u00e3o de creche no bairro Vida Nova"},"content":{"rendered":"<h3 style=\"text-align: center;\">Unidade Escolar ter\u00e1 investimento de mais de R$3,4 milh\u00f5es do Novo PAC<\/h3>\n<p>A Prefeita de Barretos, Paula Lemos, assinou na tarde desta quinta-feira, 4 de julho, o conv\u00eanio para constru\u00e7\u00e3o de uma nova creche no bairro Vida Nova, por meio do Programa Novo PAC, do Governo Federal. A nova Unidade Escolar ir\u00e1 beneficiar 94 crian\u00e7as de quatro meses a seis anos de idade.<\/p>\n<p>\u201cTodo mundo sabe que hoje o Vida Nova \u00e9 o nosso maior bairro, 12 mil pessoas moram l\u00e1. A gente j\u00e1 tem uma Cemei, mas existe uma demanda para aquelas m\u00e3es daquele local. Ent\u00e3o, j\u00e1 vamos come\u00e7ar a fazer todo o tr\u00e2mite para a gente licitar e, se Deus quiser, come\u00e7ar essa obra t\u00e3o importante para a nossa cidade. N\u00f3s somos a segunda cidade no Brasil em acesso \u00e0 educa\u00e7\u00e3o e a gente espera chegar ao primeiro lugar. Tenho certeza que essa obra vai colaborar muito\u201d, comemorou a Chefe do Executivo.<\/p>\n<p>A nova creche ser\u00e1 erguida na Avenida VN19 &#8211; Mauro Benedicto de Menezes, esquina com a Rua VN-28 e o investimento no local ser\u00e1 de R$ 3.512.545,62, sendo R$ 3.477.420,16 em repasse do governo, mais contrapartida municipal de R$ 35.125,46.<\/p>\n<p>O ato contou com a presen\u00e7a do superintendente executivo Francisco Ricardo da Silveira, do gerente de filial Ubirajara Gon\u00e7alves, da gerente de carteira PJ Tatiane Saltori, da supervisora de filial Tatiana Moura, representantes da \u00e1rea de governo da Caixa Econ\u00f4mica Federal e da respons\u00e1vel pelo Departamento de Planejamento, Or\u00e7amento e Conv\u00eanios, Val\u00e9ria Cristina Freire.<\/p>\n<p>&nbsp;<\/p>\n","protected":false},"excerpt":{"rendered":"<p>Unidade Escolar ter\u00e1 investimento de mais de R$3,4 milh\u00f5es do<\/p>\n","protected":false},"author":2,"featured_media":107311,"comment_status":"open","ping_status":"open","sticky":false,"template":"","format":"standard","meta":{"footnotes":""},"categories":[14,3],"tags":[],"class_list":["post-107310","post","type-post","status-publish","format-standard","has-post-thumbnail","hentry","category-barretos","category-geral"],"yoast_head":"<!-- This site is optimized with the Yoast SEO plugin v27.4 - https:\/\/yoast.com\/product\/yoast-seo-wordpress\/ -->\n<title>Prefeitura de Barretos assina conv\u00eanio para constru\u00e7\u00e3o de creche no bairro Vida Nova - Regi\u00e3o News<\/title>\n<meta name=\"robots\" content=\"index, follow, max-snippet:-1, max-image-preview:large, max-video-preview:-1\" \/>\n<link rel=\"canonical\" href=\"https:\/\/regiaonews.net.br\/2022\/2024\/07\/05\/prefeitura-de-barretos-assina-convenio-para-construcao-de-creche-no-bairro-vida-nova\/\" \/>\n<meta property=\"og:locale\" content=\"pt_BR\" \/>\n<meta property=\"og:type\" content=\"article\" \/>\n<meta property=\"og:title\" content=\"Prefeitura de Barretos assina conv\u00eanio para constru\u00e7\u00e3o de creche no bairro Vida Nova - Regi\u00e3o News\" \/>\n<meta property=\"og:description\" content=\"Unidade Escolar ter\u00e1 investimento de mais de R$3,4 milh\u00f5es do\" \/>\n<meta property=\"og:url\" content=\"https:\/\/regiaonews.net.br\/2022\/2024\/07\/05\/prefeitura-de-barretos-assina-convenio-para-construcao-de-creche-no-bairro-vida-nova\/\" \/>\n<meta property=\"og:site_name\" content=\"Regi\u00e3o News\" \/>\n<meta property=\"article:published_time\" content=\"2024-07-05T14:15:26+00:00\" \/>\n<meta property=\"og:image\" content=\"https:\/\/regiaonews.net.br\/2022\/wp-content\/uploads\/2024\/07\/Imagem-do-WhatsApp-de-2024-07-05-as-09.44.54_7829cdae.jpg\" \/>\n\t<meta property=\"og:image:width\" content=\"1600\" \/>\n\t<meta property=\"og:image:height\" content=\"924\" \/>\n\t<meta property=\"og:image:type\" content=\"image\/jpeg\" \/>\n<meta name=\"author\" content=\"Roberto\" \/>\n<meta name=\"twitter:card\" content=\"summary_large_image\" \/>\n<meta name=\"twitter:label1\" content=\"Escrito por\" \/>\n\t<meta name=\"twitter:data1\" content=\"Roberto\" \/>\n\t<meta name=\"twitter:label2\" content=\"Est. tempo de leitura\" \/>\n\t<meta name=\"twitter:data2\" content=\"2 minutos\" \/>\n<script type=\"application\/ld+json\" class=\"yoast-schema-graph\">{\"@context\":\"https:\\\/\\\/schema.org\",\"@graph\":[{\"@type\":\"Article\",\"@id\":\"https:\\\/\\\/regiaonews.net.br\\\/2022\\\/2024\\\/07\\\/05\\\/prefeitura-de-barretos-assina-convenio-para-construcao-de-creche-no-bairro-vida-nova\\\/#article\",\"isPartOf\":{\"@id\":\"https:\\\/\\\/regiaonews.net.br\\\/2022\\\/2024\\\/07\\\/05\\\/prefeitura-de-barretos-assina-convenio-para-construcao-de-creche-no-bairro-vida-nova\\\/\"},\"author\":{\"name\":\"Roberto\",\"@id\":\"https:\\\/\\\/regiaonews.net.br\\\/2022\\\/#\\\/schema\\\/person\\\/2d205a608a5aa97ac279d7a5e6d89ad8\"},\"headline\":\"Prefeitura de Barretos assina conv\u00eanio para constru\u00e7\u00e3o de creche no bairro Vida Nova\",\"datePublished\":\"2024-07-05T14:15:26+00:00\",\"mainEntityOfPage\":{\"@id\":\"https:\\\/\\\/regiaonews.net.br\\\/2022\\\/2024\\\/07\\\/05\\\/prefeitura-de-barretos-assina-convenio-para-construcao-de-creche-no-bairro-vida-nova\\\/\"},\"wordCount\":275,\"commentCount\":0,\"publisher\":{\"@id\":\"https:\\\/\\\/regiaonews.net.br\\\/2022\\\/#organization\"},\"image\":{\"@id\":\"https:\\\/\\\/regiaonews.net.br\\\/2022\\\/2024\\\/07\\\/05\\\/prefeitura-de-barretos-assina-convenio-para-construcao-de-creche-no-bairro-vida-nova\\\/#primaryimage\"},\"thumbnailUrl\":\"https:\\\/\\\/regiaonews.net.br\\\/2022\\\/wp-content\\\/uploads\\\/2024\\\/07\\\/Imagem-do-WhatsApp-de-2024-07-05-as-09.44.54_7829cdae.jpg\",\"articleSection\":[\"Barretos\",\"Geral\"],\"inLanguage\":\"pt-BR\",\"potentialAction\":[{\"@type\":\"CommentAction\",\"name\":\"Comment\",\"target\":[\"https:\\\/\\\/regiaonews.net.br\\\/2022\\\/2024\\\/07\\\/05\\\/prefeitura-de-barretos-assina-convenio-para-construcao-de-creche-no-bairro-vida-nova\\\/#respond\"]}]},{\"@type\":\"WebPage\",\"@id\":\"https:\\\/\\\/regiaonews.net.br\\\/2022\\\/2024\\\/07\\\/05\\\/prefeitura-de-barretos-assina-convenio-para-construcao-de-creche-no-bairro-vida-nova\\\/\",\"url\":\"https:\\\/\\\/regiaonews.net.br\\\/2022\\\/2024\\\/07\\\/05\\\/prefeitura-de-barretos-assina-convenio-para-construcao-de-creche-no-bairro-vida-nova\\\/\",\"name\":\"Prefeitura de Barretos assina conv\u00eanio para constru\u00e7\u00e3o de creche no bairro Vida Nova - Regi\u00e3o News\",\"isPartOf\":{\"@id\":\"https:\\\/\\\/regiaonews.net.br\\\/2022\\\/#website\"},\"primaryImageOfPage\":{\"@id\":\"https:\\\/\\\/regiaonews.net.br\\\/2022\\\/2024\\\/07\\\/05\\\/prefeitura-de-barretos-assina-convenio-para-construcao-de-creche-no-bairro-vida-nova\\\/#primaryimage\"},\"image\":{\"@id\":\"https:\\\/\\\/regiaonews.net.br\\\/2022\\\/2024\\\/07\\\/05\\\/prefeitura-de-barretos-assina-convenio-para-construcao-de-creche-no-bairro-vida-nova\\\/#primaryimage\"},\"thumbnailUrl\":\"https:\\\/\\\/regiaonews.net.br\\\/2022\\\/wp-content\\\/uploads\\\/2024\\\/07\\\/Imagem-do-WhatsApp-de-2024-07-05-as-09.44.54_7829cdae.jpg\",\"datePublished\":\"2024-07-05T14:15:26+00:00\",\"breadcrumb\":{\"@id\":\"https:\\\/\\\/regiaonews.net.br\\\/2022\\\/2024\\\/07\\\/05\\\/prefeitura-de-barretos-assina-convenio-para-construcao-de-creche-no-bairro-vida-nova\\\/#breadcrumb\"},\"inLanguage\":\"pt-BR\",\"potentialAction\":[{\"@type\":\"ReadAction\",\"target\":[\"https:\\\/\\\/regiaonews.net.br\\\/2022\\\/2024\\\/07\\\/05\\\/prefeitura-de-barretos-assina-convenio-para-construcao-de-creche-no-bairro-vida-nova\\\/\"]}]},{\"@type\":\"ImageObject\",\"inLanguage\":\"pt-BR\",\"@id\":\"https:\\\/\\\/regiaonews.net.br\\\/2022\\\/2024\\\/07\\\/05\\\/prefeitura-de-barretos-assina-convenio-para-construcao-de-creche-no-bairro-vida-nova\\\/#primaryimage\",\"url\":\"https:\\\/\\\/regiaonews.net.br\\\/2022\\\/wp-content\\\/uploads\\\/2024\\\/07\\\/Imagem-do-WhatsApp-de-2024-07-05-as-09.44.54_7829cdae.jpg\",\"contentUrl\":\"https:\\\/\\\/regiaonews.net.br\\\/2022\\\/wp-content\\\/uploads\\\/2024\\\/07\\\/Imagem-do-WhatsApp-de-2024-07-05-as-09.44.54_7829cdae.jpg\",\"width\":1600,\"height\":924},{\"@type\":\"BreadcrumbList\",\"@id\":\"https:\\\/\\\/regiaonews.net.br\\\/2022\\\/2024\\\/07\\\/05\\\/prefeitura-de-barretos-assina-convenio-para-construcao-de-creche-no-bairro-vida-nova\\\/#breadcrumb\",\"itemListElement\":[{\"@type\":\"ListItem\",\"position\":1,\"name\":\"In\u00edcio\",\"item\":\"https:\\\/\\\/regiaonews.net.br\\\/2022\\\/\"},{\"@type\":\"ListItem\",\"position\":2,\"name\":\"Prefeitura de Barretos assina conv\u00eanio para constru\u00e7\u00e3o de creche no bairro Vida Nova\"}]},{\"@type\":\"WebSite\",\"@id\":\"https:\\\/\\\/regiaonews.net.br\\\/2022\\\/#website\",\"url\":\"https:\\\/\\\/regiaonews.net.br\\\/2022\\\/\",\"name\":\"Regi\u00e3o News\",\"description\":\"Site de Not\u00edcias de Barretos e regi\u00e3o\",\"publisher\":{\"@id\":\"https:\\\/\\\/regiaonews.net.br\\\/2022\\\/#organization\"},\"potentialAction\":[{\"@type\":\"SearchAction\",\"target\":{\"@type\":\"EntryPoint\",\"urlTemplate\":\"https:\\\/\\\/regiaonews.net.br\\\/2022\\\/?s={search_term_string}\"},\"query-input\":{\"@type\":\"PropertyValueSpecification\",\"valueRequired\":true,\"valueName\":\"search_term_string\"}}],\"inLanguage\":\"pt-BR\"},{\"@type\":\"Organization\",\"@id\":\"https:\\\/\\\/regiaonews.net.br\\\/2022\\\/#organization\",\"name\":\"Regi\u00e3o News\",\"url\":\"https:\\\/\\\/regiaonews.net.br\\\/2022\\\/\",\"logo\":{\"@type\":\"ImageObject\",\"inLanguage\":\"pt-BR\",\"@id\":\"https:\\\/\\\/regiaonews.net.br\\\/2022\\\/#\\\/schema\\\/logo\\\/image\\\/\",\"url\":\"https:\\\/\\\/regiaonews.net.br\\\/2022\\\/wp-content\\\/uploads\\\/2026\\\/03\\\/regiao-13-anos-scaled.jpg\",\"contentUrl\":\"https:\\\/\\\/regiaonews.net.br\\\/2022\\\/wp-content\\\/uploads\\\/2026\\\/03\\\/regiao-13-anos-scaled.jpg\",\"width\":2560,\"height\":635,\"caption\":\"Regi\u00e3o News\"},\"image\":{\"@id\":\"https:\\\/\\\/regiaonews.net.br\\\/2022\\\/#\\\/schema\\\/logo\\\/image\\\/\"}},{\"@type\":\"Person\",\"@id\":\"https:\\\/\\\/regiaonews.net.br\\\/2022\\\/#\\\/schema\\\/person\\\/2d205a608a5aa97ac279d7a5e6d89ad8\",\"name\":\"Roberto\",\"image\":{\"@type\":\"ImageObject\",\"inLanguage\":\"pt-BR\",\"@id\":\"https:\\\/\\\/secure.gravatar.com\\\/avatar\\\/42749d8b712ff9d59ca93dc150494e5b55a44134482993f5baeb97e61b7ecc89?s=96&d=mm&r=g\",\"url\":\"https:\\\/\\\/secure.gravatar.com\\\/avatar\\\/42749d8b712ff9d59ca93dc150494e5b55a44134482993f5baeb97e61b7ecc89?s=96&d=mm&r=g\",\"contentUrl\":\"https:\\\/\\\/secure.gravatar.com\\\/avatar\\\/42749d8b712ff9d59ca93dc150494e5b55a44134482993f5baeb97e61b7ecc89?s=96&d=mm&r=g\",\"caption\":\"Roberto\"},\"url\":\"https:\\\/\\\/regiaonews.net.br\\\/2022\\\/author\\\/roberto\\\/\"}]}<\/script>\n<!-- \/ Yoast SEO plugin. -->","yoast_head_json":{"title":"Prefeitura de Barretos assina conv\u00eanio para constru\u00e7\u00e3o de creche no bairro Vida Nova - Regi\u00e3o News","robots":{"index":"index","follow":"follow","max-snippet":"max-snippet:-1","max-image-preview":"max-image-preview:large","max-video-preview":"max-video-preview:-1"},"canonical":"https:\/\/regiaonews.net.br\/2022\/2024\/07\/05\/prefeitura-de-barretos-assina-convenio-para-construcao-de-creche-no-bairro-vida-nova\/","og_locale":"pt_BR","og_type":"article","og_title":"Prefeitura de Barretos assina conv\u00eanio para constru\u00e7\u00e3o de creche no bairro Vida Nova - Regi\u00e3o News","og_description":"Unidade Escolar ter\u00e1 investimento de mais de R$3,4 milh\u00f5es do","og_url":"https:\/\/regiaonews.net.br\/2022\/2024\/07\/05\/prefeitura-de-barretos-assina-convenio-para-construcao-de-creche-no-bairro-vida-nova\/","og_site_name":"Regi\u00e3o News","article_published_time":"2024-07-05T14:15:26+00:00","og_image":[{"width":1600,"height":924,"url":"https:\/\/regiaonews.net.br\/2022\/wp-content\/uploads\/2024\/07\/Imagem-do-WhatsApp-de-2024-07-05-as-09.44.54_7829cdae.jpg","type":"image\/jpeg"}],"author":"Roberto","twitter_card":"summary_large_image","twitter_misc":{"Escrito por":"Roberto","Est. tempo de leitura":"2 minutos"},"schema":{"@context":"https:\/\/schema.org","@graph":[{"@type":"Article","@id":"https:\/\/regiaonews.net.br\/2022\/2024\/07\/05\/prefeitura-de-barretos-assina-convenio-para-construcao-de-creche-no-bairro-vida-nova\/#article","isPartOf":{"@id":"https:\/\/regiaonews.net.br\/2022\/2024\/07\/05\/prefeitura-de-barretos-assina-convenio-para-construcao-de-creche-no-bairro-vida-nova\/"},"author":{"name":"Roberto","@id":"https:\/\/regiaonews.net.br\/2022\/#\/schema\/person\/2d205a608a5aa97ac279d7a5e6d89ad8"},"headline":"Prefeitura de Barretos assina conv\u00eanio para constru\u00e7\u00e3o de creche no bairro Vida Nova","datePublished":"2024-07-05T14:15:26+00:00","mainEntityOfPage":{"@id":"https:\/\/regiaonews.net.br\/2022\/2024\/07\/05\/prefeitura-de-barretos-assina-convenio-para-construcao-de-creche-no-bairro-vida-nova\/"},"wordCount":275,"commentCount":0,"publisher":{"@id":"https:\/\/regiaonews.net.br\/2022\/#organization"},"image":{"@id":"https:\/\/regiaonews.net.br\/2022\/2024\/07\/05\/prefeitura-de-barretos-assina-convenio-para-construcao-de-creche-no-bairro-vida-nova\/#primaryimage"},"thumbnailUrl":"https:\/\/regiaonews.net.br\/2022\/wp-content\/uploads\/2024\/07\/Imagem-do-WhatsApp-de-2024-07-05-as-09.44.54_7829cdae.jpg","articleSection":["Barretos","Geral"],"inLanguage":"pt-BR","potentialAction":[{"@type":"CommentAction","name":"Comment","target":["https:\/\/regiaonews.net.br\/2022\/2024\/07\/05\/prefeitura-de-barretos-assina-convenio-para-construcao-de-creche-no-bairro-vida-nova\/#respond"]}]},{"@type":"WebPage","@id":"https:\/\/regiaonews.net.br\/2022\/2024\/07\/05\/prefeitura-de-barretos-assina-convenio-para-construcao-de-creche-no-bairro-vida-nova\/","url":"https:\/\/regiaonews.net.br\/2022\/2024\/07\/05\/prefeitura-de-barretos-assina-convenio-para-construcao-de-creche-no-bairro-vida-nova\/","name":"Prefeitura de Barretos assina conv\u00eanio para constru\u00e7\u00e3o de creche no bairro Vida Nova - Regi\u00e3o News","isPartOf":{"@id":"https:\/\/regiaonews.net.br\/2022\/#website"},"primaryImageOfPage":{"@id":"https:\/\/regiaonews.net.br\/2022\/2024\/07\/05\/prefeitura-de-barretos-assina-convenio-para-construcao-de-creche-no-bairro-vida-nova\/#primaryimage"},"image":{"@id":"https:\/\/regiaonews.net.br\/2022\/2024\/07\/05\/prefeitura-de-barretos-assina-convenio-para-construcao-de-creche-no-bairro-vida-nova\/#primaryimage"},"thumbnailUrl":"https:\/\/regiaonews.net.br\/2022\/wp-content\/uploads\/2024\/07\/Imagem-do-WhatsApp-de-2024-07-05-as-09.44.54_7829cdae.jpg","datePublished":"2024-07-05T14:15:26+00:00","breadcrumb":{"@id":"https:\/\/regiaonews.net.br\/2022\/2024\/07\/05\/prefeitura-de-barretos-assina-convenio-para-construcao-de-creche-no-bairro-vida-nova\/#breadcrumb"},"inLanguage":"pt-BR","potentialAction":[{"@type":"ReadAction","target":["https:\/\/regiaonews.net.br\/2022\/2024\/07\/05\/prefeitura-de-barretos-assina-convenio-para-construcao-de-creche-no-bairro-vida-nova\/"]}]},{"@type":"ImageObject","inLanguage":"pt-BR","@id":"https:\/\/regiaonews.net.br\/2022\/2024\/07\/05\/prefeitura-de-barretos-assina-convenio-para-construcao-de-creche-no-bairro-vida-nova\/#primaryimage","url":"https:\/\/regiaonews.net.br\/2022\/wp-content\/uploads\/2024\/07\/Imagem-do-WhatsApp-de-2024-07-05-as-09.44.54_7829cdae.jpg","contentUrl":"https:\/\/regiaonews.net.br\/2022\/wp-content\/uploads\/2024\/07\/Imagem-do-WhatsApp-de-2024-07-05-as-09.44.54_7829cdae.jpg","width":1600,"height":924},{"@type":"BreadcrumbList","@id":"https:\/\/regiaonews.net.br\/2022\/2024\/07\/05\/prefeitura-de-barretos-assina-convenio-para-construcao-de-creche-no-bairro-vida-nova\/#breadcrumb","itemListElement":[{"@type":"ListItem","position":1,"name":"In\u00edcio","item":"https:\/\/regiaonews.net.br\/2022\/"},{"@type":"ListItem","position":2,"name":"Prefeitura de Barretos assina conv\u00eanio para constru\u00e7\u00e3o de creche no bairro Vida Nova"}]},{"@type":"WebSite","@id":"https:\/\/regiaonews.net.br\/2022\/#website","url":"https:\/\/regiaonews.net.br\/2022\/","name":"Regi\u00e3o News","description":"Site de Not\u00edcias de Barretos e regi\u00e3o","publisher":{"@id":"https:\/\/regiaonews.net.br\/2022\/#organization"},"potentialAction":[{"@type":"SearchAction","target":{"@type":"EntryPoint","urlTemplate":"https:\/\/regiaonews.net.br\/2022\/?s={search_term_string}"},"query-input":{"@type":"PropertyValueSpecification","valueRequired":true,"valueName":"search_term_string"}}],"inLanguage":"pt-BR"},{"@type":"Organization","@id":"https:\/\/regiaonews.net.br\/2022\/#organization","name":"Regi\u00e3o News","url":"https:\/\/regiaonews.net.br\/2022\/","logo":{"@type":"ImageObject","inLanguage":"pt-BR","@id":"https:\/\/regiaonews.net.br\/2022\/#\/schema\/logo\/image\/","url":"https:\/\/regiaonews.net.br\/2022\/wp-content\/uploads\/2026\/03\/regiao-13-anos-scaled.jpg","contentUrl":"https:\/\/regiaonews.net.br\/2022\/wp-content\/uploads\/2026\/03\/regiao-13-anos-scaled.jpg","width":2560,"height":635,"caption":"Regi\u00e3o News"},"image":{"@id":"https:\/\/regiaonews.net.br\/2022\/#\/schema\/logo\/image\/"}},{"@type":"Person","@id":"https:\/\/regiaonews.net.br\/2022\/#\/schema\/person\/2d205a608a5aa97ac279d7a5e6d89ad8","name":"Roberto","image":{"@type":"ImageObject","inLanguage":"pt-BR","@id":"https:\/\/secure.gravatar.com\/avatar\/42749d8b712ff9d59ca93dc150494e5b55a44134482993f5baeb97e61b7ecc89?s=96&d=mm&r=g","url":"https:\/\/secure.gravatar.com\/avatar\/42749d8b712ff9d59ca93dc150494e5b55a44134482993f5baeb97e61b7ecc89?s=96&d=mm&r=g","contentUrl":"https:\/\/secure.gravatar.com\/avatar\/42749d8b712ff9d59ca93dc150494e5b55a44134482993f5baeb97e61b7ecc89?s=96&d=mm&r=g","caption":"Roberto"},"url":"https:\/\/regiaonews.net.br\/2022\/author\/roberto\/"}]}},"publishpress_future_action":{"enabled":false,"date":"2026-05-03 06:07:15","action":"change-status","newStatus":"draft","terms":[],"taxonomy":"category","extraData":[]},"publishpress_future_workflow_manual_trigger":{"enabledWorkflows":[]},"_links":{"self":[{"href":"https:\/\/regiaonews.net.br\/2022\/wp-json\/wp\/v2\/posts\/107310","targetHints":{"allow":["GET"]}}],"collection":[{"href":"https:\/\/regiaonews.net.br\/2022\/wp-json\/wp\/v2\/posts"}],"about":[{"href":"https:\/\/regiaonews.net.br\/2022\/wp-json\/wp\/v2\/types\/post"}],"author":[{"embeddable":true,"href":"https:\/\/regiaonews.net.br\/2022\/wp-json\/wp\/v2\/users\/2"}],"replies":[{"embeddable":true,"href":"https:\/\/regiaonews.net.br\/2022\/wp-json\/wp\/v2\/comments?post=107310"}],"version-history":[{"count":1,"href":"https:\/\/regiaonews.net.br\/2022\/wp-json\/wp\/v2\/posts\/107310\/revisions"}],"predecessor-version":[{"id":107312,"href":"https:\/\/regiaonews.net.br\/2022\/wp-json\/wp\/v2\/posts\/107310\/revisions\/107312"}],"wp:featuredmedia":[{"embeddable":true,"href":"https:\/\/regiaonews.net.br\/2022\/wp-json\/wp\/v2\/media\/107311"}],"wp:attachment":[{"href":"https:\/\/regiaonews.net.br\/2022\/wp-json\/wp\/v2\/media?parent=107310"}],"wp:term":[{"taxonomy":"category","embeddable":true,"href":"https:\/\/regiaonews.net.br\/2022\/wp-json\/wp\/v2\/categories?post=107310"},{"taxonomy":"post_tag","embeddable":true,"href":"https:\/\/regiaonews.net.br\/2022\/wp-json\/wp\/v2\/tags?post=107310"}],"curies":[{"name":"wp","href":"https:\/\/api.w.org\/{rel}","templated":true}]}}