{"id":107288,"date":"2024-07-04T18:49:52","date_gmt":"2024-07-04T21:49:52","guid":{"rendered":"https:\/\/regiaonews.net.br\/2022\/?p=107288"},"modified":"2024-07-04T18:49:52","modified_gmt":"2024-07-04T21:49:52","slug":"licenciamento-2024-comeca-neste-mes-de-julho-com-placas-final-1-e-2-em-sp","status":"publish","type":"post","link":"https:\/\/regiaonews.net.br\/2022\/2024\/07\/04\/licenciamento-2024-comeca-neste-mes-de-julho-com-placas-final-1-e-2-em-sp\/","title":{"rendered":"Licenciamento 2024 come\u00e7a neste m\u00eas de julho com placas final 1 e 2 em SP"},"content":{"rendered":"<p>J\u00e1 est\u00e1 aberto o per\u00edodo de licenciamento obrigat\u00f3rio de ve\u00edculos no estado de S\u00e3o Paulo. No m\u00eas de julho, ve\u00edculos de passageiros, \u00f4nibus, reboque e semirreboque com placas de final 1 e 2 devem regularizar seu registro. No m\u00eas de agosto, ser\u00e1 a vez das placas de final 3 e 4, em setembro, de 5 e 6, e assim por diante. O cronograma, estabelecido pela portaria n\u00ba 17\/23, estipula um prazo diferente para os ve\u00edculos de carga (caminh\u00e3o e trator), de setembro a dezembro. Confira o calend\u00e1rio completo do licenciamento 2024 abaixo.<\/p>\n<p>\u201c\u00c9 importante ficar atento ao prazo de cada placa, pois o calend\u00e1rio n\u00e3o ser\u00e1 estendido neste ano\u201d, diz Lucas Papais, diretor de Atendimento ao Cidad\u00e3o do Departamento Estadual de Tr\u00e2nsito de S\u00e3o Paulo (Detran-SP), \u00f3rg\u00e3o vinculado \u00e0 Secretaria de Gest\u00e3o e Governo Digital (SGGD).<\/p>\n<p>A condu\u00e7\u00e3o de ve\u00edculo n\u00e3o licenciado tem sido a segunda maior causa de multa de tr\u00e2nsito neste ano no estado, segundo dados do Detran-SP. A infra\u00e7\u00e3o, considerada grav\u00edssima, \u00e9 punida com multa de R$ 293,47, sete pontos na CNH e remo\u00e7\u00e3o do ve\u00edculo ao p\u00e1tio, segundo o C\u00f3digo de Tr\u00e2nsito Brasileiro (CTB). Para recuperar o ve\u00edculo, o propriet\u00e1rio dever\u00e1 pagar todas as d\u00edvidas pendentes, assim como o valor da remo\u00e7\u00e3o e estadia no p\u00e1tio. Em 2023, mais de 125 mil ve\u00edculos foram recolhidos por falta de licenciamento no estado.<\/p>\n<p>A expectativa para o licenciamento, no entanto, \u00e9 positiva. A previs\u00e3o do Detran-SP \u00e9 de que at\u00e9 o fim do m\u00eas 3,9 milh\u00f5es de pessoas acertem a taxa de R$ 160,22, definida pela Coordena\u00e7\u00e3o da Administra\u00e7\u00e3o Tribut\u00e1ria do Estado. Outros 6,8 milh\u00f5es de propriet\u00e1rios se anteciparam ao calend\u00e1rio e pagaram a taxa junto com o Imposto sobre a Propriedade de Ve\u00edculos Automotores (IPVA). O servi\u00e7o de antecipa\u00e7\u00e3o foi oferecido pelo Detran-SP de 2 de janeiro a 30 de junho.<\/p>\n<h2>Como fazer o licenciamento<\/h2>\n<p>Para realizar o licenciamento, o respons\u00e1vel pelo ve\u00edculo deve informar o n\u00famero do Registro Nacional de Ve\u00edculos Automotores (Renavam) e pagar a taxa em um dos bancos conveniados (Banco do Brasil, Bradesco, Caixa Econ\u00f4mica Federal, Ita\u00fa, Safra e Santander), via internet banking, aplicativo ou caixa eletr\u00f4nico.<\/p>\n<p>Ap\u00f3s o pagamento, o condutor deve baixar ou imprimir em papel sulfite comum o documento digital atualizado pelo portal do Detran-SP (detran.sp.gov.br), Poupatempo (poupatempo.sp.gov.br) e Senatran (portalservicos.senatran.serpro.gov.br), ou pelos aplicativos Detran-SP, Poupatempo Digital e Carteira Digital de Tr\u00e2nsito (CDT). O documento pode ser salvo no celular do motorista ou guardado em formato de papel.<\/p>\n<p>Vale ressaltar que, se o ve\u00edculo tiver pend\u00eancia, como IPVA n\u00e3o pago, multas e outras quest\u00f5es, o licenciamento n\u00e3o ser\u00e1 conclu\u00eddo, mesmo que haja o pagamento da taxa, resultando no bloqueio do documento atualizado.<\/p>\n<h2>Calend\u00e1rio de licenciamento 2024<\/h2>\n<h3>Ve\u00edculos de passageiros, \u00f4nibus, reboque e semirreboque<\/h3>\n<ul>\n<li>Final 1 e 2, m\u00eas de julho<\/li>\n<li>Final 3 e 4, m\u00eas de agosto<\/li>\n<li>Final 5 e 6, m\u00eas de setembro<\/li>\n<li>Final 7 e 8, m\u00eas de outubro<\/li>\n<li>Final 9, m\u00eas de novembro<\/li>\n<li>Final 0, m\u00eas de dezembro<\/li>\n<\/ul>\n<h3>Ve\u00edculos registrados como caminh\u00e3o e trator<\/h3>\n<ul>\n<li>Final 1 e 2, m\u00eas de setembro<\/li>\n<li>Final 3, 4 e 5, m\u00eas de outubro<\/li>\n<li>Final 6, 7 e 8, m\u00eas de novembro<\/li>\n<li>Final 9 e 0, m\u00eas de dezembro<\/li>\n<\/ul>\n<h2>Sobre o Detran-SP<\/h2>\n<p>O Detran-SP trabalha incessantemente para prevenir sinistros e preservar vidas, com a meta de organizar um tr\u00e2nsito mais seguro e harmonioso entre todos os modais. O \u00f3rg\u00e3o segue comprometido em oferecer servi\u00e7os de excel\u00eancia aos cidad\u00e3os, baseados em valores como respeito, integridade, seguran\u00e7a e efici\u00eancia.<\/p>\n<p>Atualmente, est\u00e1 implementando a transforma\u00e7\u00e3o digital para melhorar a qualidade de vida dos paulistas, facilitando o acesso aos servi\u00e7os p\u00fablicos. Cerca de 93% dos atendimentos realizados nas unidades do Detran-SP integradas ao Poupatempo s\u00e3o feitos de forma digital.<\/p>\n<p>Como o maior \u00f3rg\u00e3o executivo de tr\u00e2nsito do pa\u00eds, o Departamento de Tr\u00e2nsito Paulista \u00e9 respons\u00e1vel por 28% da frota brasileira, com mais de 34 milh\u00f5es de ve\u00edculos registrados e mais de 25 milh\u00f5es de motoristas habilitados em todo o estado. Mensalmente, emite aproximadamente 400 mil Carteiras Nacionais de Habilita\u00e7\u00e3o (CNHs) e 1,2 milh\u00e3o de Certificados de Registro e Licenciamento Veicular (CRLVs). Em m\u00e9dia, s\u00e3o emitidos mais de 136 mil documentos por dia.<\/p>\n","protected":false},"excerpt":{"rendered":"<p>J\u00e1 est\u00e1 aberto o per\u00edodo de licenciamento obrigat\u00f3rio de ve\u00edculos<\/p>\n","protected":false},"author":2,"featured_media":107289,"comment_status":"open","ping_status":"open","sticky":false,"template":"","format":"standard","meta":{"footnotes":""},"categories":[7],"tags":[],"class_list":["post-107288","post","type-post","status-publish","format-standard","has-post-thumbnail","hentry","category-estado-de-sao-paulo"],"yoast_head":"<!-- This site is optimized with the Yoast SEO plugin v27.4 - https:\/\/yoast.com\/product\/yoast-seo-wordpress\/ -->\n<title>Licenciamento 2024 come\u00e7a neste m\u00eas de julho com placas final 1 e 2 em SP - Regi\u00e3o News<\/title>\n<meta name=\"robots\" content=\"index, follow, max-snippet:-1, max-image-preview:large, max-video-preview:-1\" \/>\n<link rel=\"canonical\" href=\"https:\/\/regiaonews.net.br\/2022\/2024\/07\/04\/licenciamento-2024-comeca-neste-mes-de-julho-com-placas-final-1-e-2-em-sp\/\" \/>\n<meta property=\"og:locale\" content=\"pt_BR\" \/>\n<meta property=\"og:type\" content=\"article\" \/>\n<meta property=\"og:title\" content=\"Licenciamento 2024 come\u00e7a neste m\u00eas de julho com placas final 1 e 2 em SP - Regi\u00e3o News\" \/>\n<meta property=\"og:description\" content=\"J\u00e1 est\u00e1 aberto o per\u00edodo de licenciamento obrigat\u00f3rio de ve\u00edculos\" \/>\n<meta property=\"og:url\" content=\"https:\/\/regiaonews.net.br\/2022\/2024\/07\/04\/licenciamento-2024-comeca-neste-mes-de-julho-com-placas-final-1-e-2-em-sp\/\" \/>\n<meta property=\"og:site_name\" content=\"Regi\u00e3o News\" \/>\n<meta property=\"article:published_time\" content=\"2024-07-04T21:49:52+00:00\" \/>\n<meta property=\"og:image\" content=\"https:\/\/regiaonews.net.br\/2022\/wp-content\/uploads\/2024\/07\/Licenciamento-1024x652-1.png\" \/>\n\t<meta property=\"og:image:width\" content=\"1024\" \/>\n\t<meta property=\"og:image:height\" content=\"652\" \/>\n\t<meta property=\"og:image:type\" content=\"image\/png\" \/>\n<meta name=\"author\" content=\"Roberto\" \/>\n<meta name=\"twitter:card\" content=\"summary_large_image\" \/>\n<meta name=\"twitter:label1\" content=\"Escrito por\" \/>\n\t<meta name=\"twitter:data1\" content=\"Roberto\" \/>\n\t<meta name=\"twitter:label2\" content=\"Est. tempo de leitura\" \/>\n\t<meta name=\"twitter:data2\" content=\"4 minutos\" \/>\n<script type=\"application\/ld+json\" class=\"yoast-schema-graph\">{\"@context\":\"https:\\\/\\\/schema.org\",\"@graph\":[{\"@type\":\"Article\",\"@id\":\"https:\\\/\\\/regiaonews.net.br\\\/2022\\\/2024\\\/07\\\/04\\\/licenciamento-2024-comeca-neste-mes-de-julho-com-placas-final-1-e-2-em-sp\\\/#article\",\"isPartOf\":{\"@id\":\"https:\\\/\\\/regiaonews.net.br\\\/2022\\\/2024\\\/07\\\/04\\\/licenciamento-2024-comeca-neste-mes-de-julho-com-placas-final-1-e-2-em-sp\\\/\"},\"author\":{\"name\":\"Roberto\",\"@id\":\"https:\\\/\\\/regiaonews.net.br\\\/2022\\\/#\\\/schema\\\/person\\\/2d205a608a5aa97ac279d7a5e6d89ad8\"},\"headline\":\"Licenciamento 2024 come\u00e7a neste m\u00eas de julho com placas final 1 e 2 em SP\",\"datePublished\":\"2024-07-04T21:49:52+00:00\",\"mainEntityOfPage\":{\"@id\":\"https:\\\/\\\/regiaonews.net.br\\\/2022\\\/2024\\\/07\\\/04\\\/licenciamento-2024-comeca-neste-mes-de-julho-com-placas-final-1-e-2-em-sp\\\/\"},\"wordCount\":757,\"commentCount\":0,\"publisher\":{\"@id\":\"https:\\\/\\\/regiaonews.net.br\\\/2022\\\/#organization\"},\"image\":{\"@id\":\"https:\\\/\\\/regiaonews.net.br\\\/2022\\\/2024\\\/07\\\/04\\\/licenciamento-2024-comeca-neste-mes-de-julho-com-placas-final-1-e-2-em-sp\\\/#primaryimage\"},\"thumbnailUrl\":\"https:\\\/\\\/regiaonews.net.br\\\/2022\\\/wp-content\\\/uploads\\\/2024\\\/07\\\/Licenciamento-1024x652-1.png\",\"articleSection\":[\"Estado de S\u00e3o Paulo\"],\"inLanguage\":\"pt-BR\",\"potentialAction\":[{\"@type\":\"CommentAction\",\"name\":\"Comment\",\"target\":[\"https:\\\/\\\/regiaonews.net.br\\\/2022\\\/2024\\\/07\\\/04\\\/licenciamento-2024-comeca-neste-mes-de-julho-com-placas-final-1-e-2-em-sp\\\/#respond\"]}]},{\"@type\":\"WebPage\",\"@id\":\"https:\\\/\\\/regiaonews.net.br\\\/2022\\\/2024\\\/07\\\/04\\\/licenciamento-2024-comeca-neste-mes-de-julho-com-placas-final-1-e-2-em-sp\\\/\",\"url\":\"https:\\\/\\\/regiaonews.net.br\\\/2022\\\/2024\\\/07\\\/04\\\/licenciamento-2024-comeca-neste-mes-de-julho-com-placas-final-1-e-2-em-sp\\\/\",\"name\":\"Licenciamento 2024 come\u00e7a neste m\u00eas de julho com placas final 1 e 2 em SP - Regi\u00e3o News\",\"isPartOf\":{\"@id\":\"https:\\\/\\\/regiaonews.net.br\\\/2022\\\/#website\"},\"primaryImageOfPage\":{\"@id\":\"https:\\\/\\\/regiaonews.net.br\\\/2022\\\/2024\\\/07\\\/04\\\/licenciamento-2024-comeca-neste-mes-de-julho-com-placas-final-1-e-2-em-sp\\\/#primaryimage\"},\"image\":{\"@id\":\"https:\\\/\\\/regiaonews.net.br\\\/2022\\\/2024\\\/07\\\/04\\\/licenciamento-2024-comeca-neste-mes-de-julho-com-placas-final-1-e-2-em-sp\\\/#primaryimage\"},\"thumbnailUrl\":\"https:\\\/\\\/regiaonews.net.br\\\/2022\\\/wp-content\\\/uploads\\\/2024\\\/07\\\/Licenciamento-1024x652-1.png\",\"datePublished\":\"2024-07-04T21:49:52+00:00\",\"breadcrumb\":{\"@id\":\"https:\\\/\\\/regiaonews.net.br\\\/2022\\\/2024\\\/07\\\/04\\\/licenciamento-2024-comeca-neste-mes-de-julho-com-placas-final-1-e-2-em-sp\\\/#breadcrumb\"},\"inLanguage\":\"pt-BR\",\"potentialAction\":[{\"@type\":\"ReadAction\",\"target\":[\"https:\\\/\\\/regiaonews.net.br\\\/2022\\\/2024\\\/07\\\/04\\\/licenciamento-2024-comeca-neste-mes-de-julho-com-placas-final-1-e-2-em-sp\\\/\"]}]},{\"@type\":\"ImageObject\",\"inLanguage\":\"pt-BR\",\"@id\":\"https:\\\/\\\/regiaonews.net.br\\\/2022\\\/2024\\\/07\\\/04\\\/licenciamento-2024-comeca-neste-mes-de-julho-com-placas-final-1-e-2-em-sp\\\/#primaryimage\",\"url\":\"https:\\\/\\\/regiaonews.net.br\\\/2022\\\/wp-content\\\/uploads\\\/2024\\\/07\\\/Licenciamento-1024x652-1.png\",\"contentUrl\":\"https:\\\/\\\/regiaonews.net.br\\\/2022\\\/wp-content\\\/uploads\\\/2024\\\/07\\\/Licenciamento-1024x652-1.png\",\"width\":1024,\"height\":652},{\"@type\":\"BreadcrumbList\",\"@id\":\"https:\\\/\\\/regiaonews.net.br\\\/2022\\\/2024\\\/07\\\/04\\\/licenciamento-2024-comeca-neste-mes-de-julho-com-placas-final-1-e-2-em-sp\\\/#breadcrumb\",\"itemListElement\":[{\"@type\":\"ListItem\",\"position\":1,\"name\":\"In\u00edcio\",\"item\":\"https:\\\/\\\/regiaonews.net.br\\\/2022\\\/\"},{\"@type\":\"ListItem\",\"position\":2,\"name\":\"Licenciamento 2024 come\u00e7a neste m\u00eas de julho com placas final 1 e 2 em SP\"}]},{\"@type\":\"WebSite\",\"@id\":\"https:\\\/\\\/regiaonews.net.br\\\/2022\\\/#website\",\"url\":\"https:\\\/\\\/regiaonews.net.br\\\/2022\\\/\",\"name\":\"Regi\u00e3o News\",\"description\":\"Site de Not\u00edcias de Barretos e regi\u00e3o\",\"publisher\":{\"@id\":\"https:\\\/\\\/regiaonews.net.br\\\/2022\\\/#organization\"},\"potentialAction\":[{\"@type\":\"SearchAction\",\"target\":{\"@type\":\"EntryPoint\",\"urlTemplate\":\"https:\\\/\\\/regiaonews.net.br\\\/2022\\\/?s={search_term_string}\"},\"query-input\":{\"@type\":\"PropertyValueSpecification\",\"valueRequired\":true,\"valueName\":\"search_term_string\"}}],\"inLanguage\":\"pt-BR\"},{\"@type\":\"Organization\",\"@id\":\"https:\\\/\\\/regiaonews.net.br\\\/2022\\\/#organization\",\"name\":\"Regi\u00e3o News\",\"url\":\"https:\\\/\\\/regiaonews.net.br\\\/2022\\\/\",\"logo\":{\"@type\":\"ImageObject\",\"inLanguage\":\"pt-BR\",\"@id\":\"https:\\\/\\\/regiaonews.net.br\\\/2022\\\/#\\\/schema\\\/logo\\\/image\\\/\",\"url\":\"https:\\\/\\\/regiaonews.net.br\\\/2022\\\/wp-content\\\/uploads\\\/2026\\\/03\\\/regiao-13-anos-scaled.jpg\",\"contentUrl\":\"https:\\\/\\\/regiaonews.net.br\\\/2022\\\/wp-content\\\/uploads\\\/2026\\\/03\\\/regiao-13-anos-scaled.jpg\",\"width\":2560,\"height\":635,\"caption\":\"Regi\u00e3o News\"},\"image\":{\"@id\":\"https:\\\/\\\/regiaonews.net.br\\\/2022\\\/#\\\/schema\\\/logo\\\/image\\\/\"}},{\"@type\":\"Person\",\"@id\":\"https:\\\/\\\/regiaonews.net.br\\\/2022\\\/#\\\/schema\\\/person\\\/2d205a608a5aa97ac279d7a5e6d89ad8\",\"name\":\"Roberto\",\"image\":{\"@type\":\"ImageObject\",\"inLanguage\":\"pt-BR\",\"@id\":\"https:\\\/\\\/secure.gravatar.com\\\/avatar\\\/42749d8b712ff9d59ca93dc150494e5b55a44134482993f5baeb97e61b7ecc89?s=96&d=mm&r=g\",\"url\":\"https:\\\/\\\/secure.gravatar.com\\\/avatar\\\/42749d8b712ff9d59ca93dc150494e5b55a44134482993f5baeb97e61b7ecc89?s=96&d=mm&r=g\",\"contentUrl\":\"https:\\\/\\\/secure.gravatar.com\\\/avatar\\\/42749d8b712ff9d59ca93dc150494e5b55a44134482993f5baeb97e61b7ecc89?s=96&d=mm&r=g\",\"caption\":\"Roberto\"},\"url\":\"https:\\\/\\\/regiaonews.net.br\\\/2022\\\/author\\\/roberto\\\/\"}]}<\/script>\n<!-- \/ Yoast SEO plugin. -->","yoast_head_json":{"title":"Licenciamento 2024 come\u00e7a neste m\u00eas de julho com placas final 1 e 2 em SP - Regi\u00e3o News","robots":{"index":"index","follow":"follow","max-snippet":"max-snippet:-1","max-image-preview":"max-image-preview:large","max-video-preview":"max-video-preview:-1"},"canonical":"https:\/\/regiaonews.net.br\/2022\/2024\/07\/04\/licenciamento-2024-comeca-neste-mes-de-julho-com-placas-final-1-e-2-em-sp\/","og_locale":"pt_BR","og_type":"article","og_title":"Licenciamento 2024 come\u00e7a neste m\u00eas de julho com placas final 1 e 2 em SP - Regi\u00e3o News","og_description":"J\u00e1 est\u00e1 aberto o per\u00edodo de licenciamento obrigat\u00f3rio de ve\u00edculos","og_url":"https:\/\/regiaonews.net.br\/2022\/2024\/07\/04\/licenciamento-2024-comeca-neste-mes-de-julho-com-placas-final-1-e-2-em-sp\/","og_site_name":"Regi\u00e3o News","article_published_time":"2024-07-04T21:49:52+00:00","og_image":[{"width":1024,"height":652,"url":"https:\/\/regiaonews.net.br\/2022\/wp-content\/uploads\/2024\/07\/Licenciamento-1024x652-1.png","type":"image\/png"}],"author":"Roberto","twitter_card":"summary_large_image","twitter_misc":{"Escrito por":"Roberto","Est. tempo de leitura":"4 minutos"},"schema":{"@context":"https:\/\/schema.org","@graph":[{"@type":"Article","@id":"https:\/\/regiaonews.net.br\/2022\/2024\/07\/04\/licenciamento-2024-comeca-neste-mes-de-julho-com-placas-final-1-e-2-em-sp\/#article","isPartOf":{"@id":"https:\/\/regiaonews.net.br\/2022\/2024\/07\/04\/licenciamento-2024-comeca-neste-mes-de-julho-com-placas-final-1-e-2-em-sp\/"},"author":{"name":"Roberto","@id":"https:\/\/regiaonews.net.br\/2022\/#\/schema\/person\/2d205a608a5aa97ac279d7a5e6d89ad8"},"headline":"Licenciamento 2024 come\u00e7a neste m\u00eas de julho com placas final 1 e 2 em SP","datePublished":"2024-07-04T21:49:52+00:00","mainEntityOfPage":{"@id":"https:\/\/regiaonews.net.br\/2022\/2024\/07\/04\/licenciamento-2024-comeca-neste-mes-de-julho-com-placas-final-1-e-2-em-sp\/"},"wordCount":757,"commentCount":0,"publisher":{"@id":"https:\/\/regiaonews.net.br\/2022\/#organization"},"image":{"@id":"https:\/\/regiaonews.net.br\/2022\/2024\/07\/04\/licenciamento-2024-comeca-neste-mes-de-julho-com-placas-final-1-e-2-em-sp\/#primaryimage"},"thumbnailUrl":"https:\/\/regiaonews.net.br\/2022\/wp-content\/uploads\/2024\/07\/Licenciamento-1024x652-1.png","articleSection":["Estado de S\u00e3o Paulo"],"inLanguage":"pt-BR","potentialAction":[{"@type":"CommentAction","name":"Comment","target":["https:\/\/regiaonews.net.br\/2022\/2024\/07\/04\/licenciamento-2024-comeca-neste-mes-de-julho-com-placas-final-1-e-2-em-sp\/#respond"]}]},{"@type":"WebPage","@id":"https:\/\/regiaonews.net.br\/2022\/2024\/07\/04\/licenciamento-2024-comeca-neste-mes-de-julho-com-placas-final-1-e-2-em-sp\/","url":"https:\/\/regiaonews.net.br\/2022\/2024\/07\/04\/licenciamento-2024-comeca-neste-mes-de-julho-com-placas-final-1-e-2-em-sp\/","name":"Licenciamento 2024 come\u00e7a neste m\u00eas de julho com placas final 1 e 2 em SP - Regi\u00e3o News","isPartOf":{"@id":"https:\/\/regiaonews.net.br\/2022\/#website"},"primaryImageOfPage":{"@id":"https:\/\/regiaonews.net.br\/2022\/2024\/07\/04\/licenciamento-2024-comeca-neste-mes-de-julho-com-placas-final-1-e-2-em-sp\/#primaryimage"},"image":{"@id":"https:\/\/regiaonews.net.br\/2022\/2024\/07\/04\/licenciamento-2024-comeca-neste-mes-de-julho-com-placas-final-1-e-2-em-sp\/#primaryimage"},"thumbnailUrl":"https:\/\/regiaonews.net.br\/2022\/wp-content\/uploads\/2024\/07\/Licenciamento-1024x652-1.png","datePublished":"2024-07-04T21:49:52+00:00","breadcrumb":{"@id":"https:\/\/regiaonews.net.br\/2022\/2024\/07\/04\/licenciamento-2024-comeca-neste-mes-de-julho-com-placas-final-1-e-2-em-sp\/#breadcrumb"},"inLanguage":"pt-BR","potentialAction":[{"@type":"ReadAction","target":["https:\/\/regiaonews.net.br\/2022\/2024\/07\/04\/licenciamento-2024-comeca-neste-mes-de-julho-com-placas-final-1-e-2-em-sp\/"]}]},{"@type":"ImageObject","inLanguage":"pt-BR","@id":"https:\/\/regiaonews.net.br\/2022\/2024\/07\/04\/licenciamento-2024-comeca-neste-mes-de-julho-com-placas-final-1-e-2-em-sp\/#primaryimage","url":"https:\/\/regiaonews.net.br\/2022\/wp-content\/uploads\/2024\/07\/Licenciamento-1024x652-1.png","contentUrl":"https:\/\/regiaonews.net.br\/2022\/wp-content\/uploads\/2024\/07\/Licenciamento-1024x652-1.png","width":1024,"height":652},{"@type":"BreadcrumbList","@id":"https:\/\/regiaonews.net.br\/2022\/2024\/07\/04\/licenciamento-2024-comeca-neste-mes-de-julho-com-placas-final-1-e-2-em-sp\/#breadcrumb","itemListElement":[{"@type":"ListItem","position":1,"name":"In\u00edcio","item":"https:\/\/regiaonews.net.br\/2022\/"},{"@type":"ListItem","position":2,"name":"Licenciamento 2024 come\u00e7a neste m\u00eas de julho com placas final 1 e 2 em SP"}]},{"@type":"WebSite","@id":"https:\/\/regiaonews.net.br\/2022\/#website","url":"https:\/\/regiaonews.net.br\/2022\/","name":"Regi\u00e3o News","description":"Site de Not\u00edcias de Barretos e regi\u00e3o","publisher":{"@id":"https:\/\/regiaonews.net.br\/2022\/#organization"},"potentialAction":[{"@type":"SearchAction","target":{"@type":"EntryPoint","urlTemplate":"https:\/\/regiaonews.net.br\/2022\/?s={search_term_string}"},"query-input":{"@type":"PropertyValueSpecification","valueRequired":true,"valueName":"search_term_string"}}],"inLanguage":"pt-BR"},{"@type":"Organization","@id":"https:\/\/regiaonews.net.br\/2022\/#organization","name":"Regi\u00e3o News","url":"https:\/\/regiaonews.net.br\/2022\/","logo":{"@type":"ImageObject","inLanguage":"pt-BR","@id":"https:\/\/regiaonews.net.br\/2022\/#\/schema\/logo\/image\/","url":"https:\/\/regiaonews.net.br\/2022\/wp-content\/uploads\/2026\/03\/regiao-13-anos-scaled.jpg","contentUrl":"https:\/\/regiaonews.net.br\/2022\/wp-content\/uploads\/2026\/03\/regiao-13-anos-scaled.jpg","width":2560,"height":635,"caption":"Regi\u00e3o News"},"image":{"@id":"https:\/\/regiaonews.net.br\/2022\/#\/schema\/logo\/image\/"}},{"@type":"Person","@id":"https:\/\/regiaonews.net.br\/2022\/#\/schema\/person\/2d205a608a5aa97ac279d7a5e6d89ad8","name":"Roberto","image":{"@type":"ImageObject","inLanguage":"pt-BR","@id":"https:\/\/secure.gravatar.com\/avatar\/42749d8b712ff9d59ca93dc150494e5b55a44134482993f5baeb97e61b7ecc89?s=96&d=mm&r=g","url":"https:\/\/secure.gravatar.com\/avatar\/42749d8b712ff9d59ca93dc150494e5b55a44134482993f5baeb97e61b7ecc89?s=96&d=mm&r=g","contentUrl":"https:\/\/secure.gravatar.com\/avatar\/42749d8b712ff9d59ca93dc150494e5b55a44134482993f5baeb97e61b7ecc89?s=96&d=mm&r=g","caption":"Roberto"},"url":"https:\/\/regiaonews.net.br\/2022\/author\/roberto\/"}]}},"publishpress_future_action":{"enabled":false,"date":"2026-05-03 14:11:30","action":"change-status","newStatus":"draft","terms":[],"taxonomy":"category","extraData":[]},"publishpress_future_workflow_manual_trigger":{"enabledWorkflows":[]},"_links":{"self":[{"href":"https:\/\/regiaonews.net.br\/2022\/wp-json\/wp\/v2\/posts\/107288","targetHints":{"allow":["GET"]}}],"collection":[{"href":"https:\/\/regiaonews.net.br\/2022\/wp-json\/wp\/v2\/posts"}],"about":[{"href":"https:\/\/regiaonews.net.br\/2022\/wp-json\/wp\/v2\/types\/post"}],"author":[{"embeddable":true,"href":"https:\/\/regiaonews.net.br\/2022\/wp-json\/wp\/v2\/users\/2"}],"replies":[{"embeddable":true,"href":"https:\/\/regiaonews.net.br\/2022\/wp-json\/wp\/v2\/comments?post=107288"}],"version-history":[{"count":1,"href":"https:\/\/regiaonews.net.br\/2022\/wp-json\/wp\/v2\/posts\/107288\/revisions"}],"predecessor-version":[{"id":107290,"href":"https:\/\/regiaonews.net.br\/2022\/wp-json\/wp\/v2\/posts\/107288\/revisions\/107290"}],"wp:featuredmedia":[{"embeddable":true,"href":"https:\/\/regiaonews.net.br\/2022\/wp-json\/wp\/v2\/media\/107289"}],"wp:attachment":[{"href":"https:\/\/regiaonews.net.br\/2022\/wp-json\/wp\/v2\/media?parent=107288"}],"wp:term":[{"taxonomy":"category","embeddable":true,"href":"https:\/\/regiaonews.net.br\/2022\/wp-json\/wp\/v2\/categories?post=107288"},{"taxonomy":"post_tag","embeddable":true,"href":"https:\/\/regiaonews.net.br\/2022\/wp-json\/wp\/v2\/tags?post=107288"}],"curies":[{"name":"wp","href":"https:\/\/api.w.org\/{rel}","templated":true}]}}