{"id":107268,"date":"2024-07-04T16:04:07","date_gmt":"2024-07-04T19:04:07","guid":{"rendered":"https:\/\/regiaonews.net.br\/2022\/?p=107268"},"modified":"2024-07-04T16:04:07","modified_gmt":"2024-07-04T19:04:07","slug":"prefeitura-inaugura-centro-de-controle-operacional-integrado-e-inteligente-e-muralha-digital-ja-e-realidade-em-barretos","status":"publish","type":"post","link":"https:\/\/regiaonews.net.br\/2022\/2024\/07\/04\/prefeitura-inaugura-centro-de-controle-operacional-integrado-e-inteligente-e-muralha-digital-ja-e-realidade-em-barretos\/","title":{"rendered":"Prefeitura inaugura Centro de Controle Operacional Integrado e Inteligente e \u201cMuralha Digital\u201d j\u00e1 \u00e9 realidade em Barretos"},"content":{"rendered":"<h3 style=\"text-align: center;\">12 das 84 c\u00e2meras de monitoramento previstas j\u00e1 est\u00e3o em opera\u00e7\u00e3o, promovendo mais seguran\u00e7a para a popula\u00e7\u00e3o<\/h3>\n<p>A Prefeitura inaugurou na noite de quarta-feira, 3 de julho, o Centro de Controle Operacional Integrado e Inteligente (CCOII) que far\u00e1 o monitoramento da seguran\u00e7a p\u00fablica de Barretos, 24h por dia, por meio de c\u00e2meras e viaturas de inspe\u00e7\u00e3o. A t\u00e3o esperada \u201cMuralha Digital\u201d foi idealizada dentro do Programa de Parceria P\u00fablico-Privada (PPP) de Cidade Inteligente iniciado em 2021.<br \/>\n\u201cHoje n\u00f3s estamos estabelecendo o futuro da nossa cidade, porque a seguran\u00e7a sempre foi a prioridade do nosso governo. Essas 84 c\u00e2meras que estamos instalando far\u00e3o com que as pessoas pensem duas vezes antes de virem cometer crimes em Barretos, porque afinal de contas, a cidade hoje est\u00e1 mais segura\u201d, disse a Prefeita Paula Lemos.<br \/>\nA Chefe do Executivo destacou ainda a cria\u00e7\u00e3o do Programa C\u00e2mera Cidad\u00e3, onde pessoas f\u00edsicas ou jur\u00eddicas que possuam sistema de monitoramento eletr\u00f4nico poder\u00e3o se cadastrar para disponibilizar o acesso \u00e0s imagens das c\u00e2meras voltadas para as vias p\u00fablicas.<br \/>\n\u201cO que n\u00f3s estamos fazendo neste momento \u00e9 refor\u00e7ar o sistema de seguran\u00e7a p\u00fablica na cidade e tamb\u00e9m melhorar o sistema de mobilidade urbana. N\u00e3o \u00e9 simplesmente instalar c\u00e2meras por instalar, mas \u00e9 servir de ferramenta. A pol\u00edcia, os agentes de seguran\u00e7a precisam de ferramentas para trabalhar e \u00e9 exatamente isso, n\u00f3s iremos produzir meios para que a pol\u00edcia consiga combater a criminalidade\u201d, enfatizou o secret\u00e1rio municipal de Ordem P\u00fablica e Defesa Civil, Edson Costa.<br \/>\nFernando Oliveira Soares, secret\u00e1rio municipal de Finan\u00e7as, relembrou a situa\u00e7\u00e3o do munic\u00edpio no in\u00edcio desta gest\u00e3o e falou dos benef\u00edcios desta PPP. \u201cA gente pegou uma cidade totalmente endividada e sem capacidade de investimento. Ent\u00e3o optamos pela parceria privada. A combina\u00e7\u00e3o das l\u00e2mpadas de LED com a usina solar resulta em uma redu\u00e7\u00e3o dr\u00e1stica do custo, o que faz com que os investimentos em Wi-Fi, internet, c\u00e2meras, sejam vi\u00e1veis sem onerar o contribuinte. Ent\u00e3o fazer um contrato sem onerar o contribuinte, sem aumentar a carga tribut\u00e1ria, \u00e9 tamb\u00e9m ser inteligente. Barretos hoje \u00e9 a primeira PPP de Cidade Inteligente do Estado de S\u00e3o Paulo\u201d, explicou.<br \/>\nO projeto prev\u00ea a instala\u00e7\u00e3o de 84 c\u00e2meras, das quais 12 j\u00e1 est\u00e3o em opera\u00e7\u00e3o, em 40 locais estrat\u00e9gicos e definidos pelas for\u00e7as de seguran\u00e7a da cidade. O restante das c\u00e2meras tem previs\u00e3o de conclus\u00e3o de instala\u00e7\u00e3o at\u00e9 o final deste m\u00eas. \u201cHoje podemos dizer que a cidade de Barretos se consolida como uma cidade inteligente\u201d, comentou Jos\u00e9 Gimenes, Gerente de Contrato PPP Barretos Inteligente.<br \/>\nApoio das for\u00e7as de seguran\u00e7a<br \/>\nO CCOII possui tecnologia de ponta e utiliza Intelig\u00eancia Artificial em suas atividades, com destaque para a identifica\u00e7\u00e3o de foragidos da justi\u00e7a, por meio de reconhecimento facial, e de ve\u00edculos furtados\/roubados, por meio de leitura da placa.<br \/>\n\u201cPara a seguran\u00e7a p\u00fablica representa e reflete bastante no aumento da preven\u00e7\u00e3o, principalmente dos crimes, e tamb\u00e9m de repress\u00e3o. \u00c9 poss\u00edvel a gente aumentar o policiamento sem ter efetivamente o policial, a viatura na rua. As c\u00e2meras v\u00e3o ajudar e acabam sendo uma outra ferramenta de intelig\u00eancia que a Pol\u00edcia Militar vai se utilizar para poder combater o crime\u201d, disse a Major PM Esther Santos<br \/>\n\u201cA gente espera com essa iniciativa da prefeitura de ampliar a cobertura de imagem, inibir bastante a criminalidade na nossa cidade. A prefeitura de Barretos \u00e9 uma aliada de primeira hora. Nunca faltou com o apoio pedido, o apoio necess\u00e1rio para a atividade policial, e \u00e9 por isso que a gente se sente cada dia mais motivado a trabalhar com o esp\u00edrito de parceria e o esp\u00edrito de equipe\u201d, complementou o Delegado Seccional de Barretos, Ant\u00f4nio Mestre J\u00fanior.<br \/>\nA inaugura\u00e7\u00e3o ainda contou com a presen\u00e7a da Perito Criminal Chefe Dra. Carla de Souza Silva. \u201c\u00c9 uma honra estar aqui representando o Instituto de Criminal\u00edstica de Barretos. A Pol\u00edcia Cient\u00edfica entra numa quarta etapa, a partir do momento em que j\u00e1 est\u00e1 instaurado o inqu\u00e9rito policial e vai trabalhar na prova t\u00e9cnica dessas imagens\u201d, disse.<br \/>\nHomenagem<br \/>\nO centro de controle recebeu o nome do pecuarista Cl\u00e1udio Bortolo, conhecido por sua dedica\u00e7\u00e3o \u00e0 comunidade e por suas contribui\u00e7\u00f5es ao setor agropecu\u00e1rio, falecido em 2022.<br \/>\n\u201cClaudio Bortolo foi um grande amigo. Sempre se encontrava com a gente com uma palavra humana, bonita, calma, serena. Sempre amigo e leal a todos n\u00f3s do agroneg\u00f3cio. Era estudioso, inovador, guerreiro, desbravador e realmente fez uma hist\u00f3ria muito bonita nessa passagem por aqui\u201d, destacou o autor do Projeto de Lei que deu denomina\u00e7\u00e3o ao espa\u00e7o, vereador Nestor Leonel.<br \/>\nEduardo Bortolo, filho do homenageado, agradeceu. \u201cMeu pai era uma pessoa que batalhava, lutava pelo nosso bem e para fazer o bem. Ele sempre falava, por n\u00e3o ser natural de Barretos, que voc\u00ea n\u00e3o \u00e9 de onde voc\u00ea vem, voc\u00ea \u00e9 de onde se realiza. E aqui ele realizou todos os sonhos dele, constituiu fam\u00edlia, se realizou profissionalmente. Enfim, deixou um legado para ser conduzido por n\u00f3s todos\u201d, contou.<br \/>\nAl\u00e9m dos vereadores Carl\u00e3o do Basquete, Juninho Bandeira e Fabr\u00edcio Lemos, secret\u00e1rios municipais, autoridades locais, mun\u00edcipes, familiares e amigos do homenageado tamb\u00e9m participaram da cerim\u00f4nia de inaugura\u00e7\u00e3o.<br \/>\nO CCO fica na Avenida Aerostato, esquina com a Avenida Professor Roberto Frade Monte, no bairro Rios.<\/p>\n","protected":false},"excerpt":{"rendered":"<p>12 das 84 c\u00e2meras de monitoramento previstas j\u00e1 est\u00e3o em<\/p>\n","protected":false},"author":2,"featured_media":107269,"comment_status":"open","ping_status":"open","sticky":false,"template":"","format":"standard","meta":{"footnotes":""},"categories":[14,3],"tags":[],"class_list":["post-107268","post","type-post","status-publish","format-standard","has-post-thumbnail","hentry","category-barretos","category-geral"],"yoast_head":"<!-- This site is optimized with the Yoast SEO plugin v27.4 - https:\/\/yoast.com\/product\/yoast-seo-wordpress\/ -->\n<title>Prefeitura inaugura Centro de Controle Operacional Integrado e Inteligente e \u201cMuralha Digital\u201d j\u00e1 \u00e9 realidade em Barretos - Regi\u00e3o News<\/title>\n<meta name=\"robots\" content=\"index, follow, max-snippet:-1, max-image-preview:large, max-video-preview:-1\" \/>\n<link rel=\"canonical\" href=\"https:\/\/regiaonews.net.br\/2022\/2024\/07\/04\/prefeitura-inaugura-centro-de-controle-operacional-integrado-e-inteligente-e-muralha-digital-ja-e-realidade-em-barretos\/\" \/>\n<meta property=\"og:locale\" content=\"pt_BR\" \/>\n<meta property=\"og:type\" content=\"article\" \/>\n<meta property=\"og:title\" content=\"Prefeitura inaugura Centro de Controle Operacional Integrado e Inteligente e \u201cMuralha Digital\u201d j\u00e1 \u00e9 realidade em Barretos - Regi\u00e3o News\" \/>\n<meta property=\"og:description\" content=\"12 das 84 c\u00e2meras de monitoramento previstas j\u00e1 est\u00e3o em\" \/>\n<meta property=\"og:url\" content=\"https:\/\/regiaonews.net.br\/2022\/2024\/07\/04\/prefeitura-inaugura-centro-de-controle-operacional-integrado-e-inteligente-e-muralha-digital-ja-e-realidade-em-barretos\/\" \/>\n<meta property=\"og:site_name\" content=\"Regi\u00e3o News\" \/>\n<meta property=\"article:published_time\" content=\"2024-07-04T19:04:07+00:00\" \/>\n<meta property=\"og:image\" content=\"https:\/\/regiaonews.net.br\/2022\/wp-content\/uploads\/2024\/07\/dwd.jpg\" \/>\n\t<meta property=\"og:image:width\" content=\"1600\" \/>\n\t<meta property=\"og:image:height\" content=\"1067\" \/>\n\t<meta property=\"og:image:type\" content=\"image\/jpeg\" \/>\n<meta name=\"author\" content=\"Roberto\" \/>\n<meta name=\"twitter:card\" content=\"summary_large_image\" \/>\n<meta name=\"twitter:label1\" content=\"Escrito por\" \/>\n\t<meta name=\"twitter:data1\" content=\"Roberto\" \/>\n\t<meta name=\"twitter:label2\" content=\"Est. tempo de leitura\" \/>\n\t<meta name=\"twitter:data2\" content=\"5 minutos\" \/>\n<script type=\"application\/ld+json\" class=\"yoast-schema-graph\">{\"@context\":\"https:\\\/\\\/schema.org\",\"@graph\":[{\"@type\":\"Article\",\"@id\":\"https:\\\/\\\/regiaonews.net.br\\\/2022\\\/2024\\\/07\\\/04\\\/prefeitura-inaugura-centro-de-controle-operacional-integrado-e-inteligente-e-muralha-digital-ja-e-realidade-em-barretos\\\/#article\",\"isPartOf\":{\"@id\":\"https:\\\/\\\/regiaonews.net.br\\\/2022\\\/2024\\\/07\\\/04\\\/prefeitura-inaugura-centro-de-controle-operacional-integrado-e-inteligente-e-muralha-digital-ja-e-realidade-em-barretos\\\/\"},\"author\":{\"name\":\"Roberto\",\"@id\":\"https:\\\/\\\/regiaonews.net.br\\\/2022\\\/#\\\/schema\\\/person\\\/2d205a608a5aa97ac279d7a5e6d89ad8\"},\"headline\":\"Prefeitura inaugura Centro de Controle Operacional Integrado e Inteligente e \u201cMuralha Digital\u201d j\u00e1 \u00e9 realidade em Barretos\",\"datePublished\":\"2024-07-04T19:04:07+00:00\",\"mainEntityOfPage\":{\"@id\":\"https:\\\/\\\/regiaonews.net.br\\\/2022\\\/2024\\\/07\\\/04\\\/prefeitura-inaugura-centro-de-controle-operacional-integrado-e-inteligente-e-muralha-digital-ja-e-realidade-em-barretos\\\/\"},\"wordCount\":966,\"commentCount\":0,\"publisher\":{\"@id\":\"https:\\\/\\\/regiaonews.net.br\\\/2022\\\/#organization\"},\"image\":{\"@id\":\"https:\\\/\\\/regiaonews.net.br\\\/2022\\\/2024\\\/07\\\/04\\\/prefeitura-inaugura-centro-de-controle-operacional-integrado-e-inteligente-e-muralha-digital-ja-e-realidade-em-barretos\\\/#primaryimage\"},\"thumbnailUrl\":\"https:\\\/\\\/regiaonews.net.br\\\/2022\\\/wp-content\\\/uploads\\\/2024\\\/07\\\/dwd.jpg\",\"articleSection\":[\"Barretos\",\"Geral\"],\"inLanguage\":\"pt-BR\",\"potentialAction\":[{\"@type\":\"CommentAction\",\"name\":\"Comment\",\"target\":[\"https:\\\/\\\/regiaonews.net.br\\\/2022\\\/2024\\\/07\\\/04\\\/prefeitura-inaugura-centro-de-controle-operacional-integrado-e-inteligente-e-muralha-digital-ja-e-realidade-em-barretos\\\/#respond\"]}]},{\"@type\":\"WebPage\",\"@id\":\"https:\\\/\\\/regiaonews.net.br\\\/2022\\\/2024\\\/07\\\/04\\\/prefeitura-inaugura-centro-de-controle-operacional-integrado-e-inteligente-e-muralha-digital-ja-e-realidade-em-barretos\\\/\",\"url\":\"https:\\\/\\\/regiaonews.net.br\\\/2022\\\/2024\\\/07\\\/04\\\/prefeitura-inaugura-centro-de-controle-operacional-integrado-e-inteligente-e-muralha-digital-ja-e-realidade-em-barretos\\\/\",\"name\":\"Prefeitura inaugura Centro de Controle Operacional Integrado e Inteligente e \u201cMuralha Digital\u201d j\u00e1 \u00e9 realidade em Barretos - Regi\u00e3o News\",\"isPartOf\":{\"@id\":\"https:\\\/\\\/regiaonews.net.br\\\/2022\\\/#website\"},\"primaryImageOfPage\":{\"@id\":\"https:\\\/\\\/regiaonews.net.br\\\/2022\\\/2024\\\/07\\\/04\\\/prefeitura-inaugura-centro-de-controle-operacional-integrado-e-inteligente-e-muralha-digital-ja-e-realidade-em-barretos\\\/#primaryimage\"},\"image\":{\"@id\":\"https:\\\/\\\/regiaonews.net.br\\\/2022\\\/2024\\\/07\\\/04\\\/prefeitura-inaugura-centro-de-controle-operacional-integrado-e-inteligente-e-muralha-digital-ja-e-realidade-em-barretos\\\/#primaryimage\"},\"thumbnailUrl\":\"https:\\\/\\\/regiaonews.net.br\\\/2022\\\/wp-content\\\/uploads\\\/2024\\\/07\\\/dwd.jpg\",\"datePublished\":\"2024-07-04T19:04:07+00:00\",\"breadcrumb\":{\"@id\":\"https:\\\/\\\/regiaonews.net.br\\\/2022\\\/2024\\\/07\\\/04\\\/prefeitura-inaugura-centro-de-controle-operacional-integrado-e-inteligente-e-muralha-digital-ja-e-realidade-em-barretos\\\/#breadcrumb\"},\"inLanguage\":\"pt-BR\",\"potentialAction\":[{\"@type\":\"ReadAction\",\"target\":[\"https:\\\/\\\/regiaonews.net.br\\\/2022\\\/2024\\\/07\\\/04\\\/prefeitura-inaugura-centro-de-controle-operacional-integrado-e-inteligente-e-muralha-digital-ja-e-realidade-em-barretos\\\/\"]}]},{\"@type\":\"ImageObject\",\"inLanguage\":\"pt-BR\",\"@id\":\"https:\\\/\\\/regiaonews.net.br\\\/2022\\\/2024\\\/07\\\/04\\\/prefeitura-inaugura-centro-de-controle-operacional-integrado-e-inteligente-e-muralha-digital-ja-e-realidade-em-barretos\\\/#primaryimage\",\"url\":\"https:\\\/\\\/regiaonews.net.br\\\/2022\\\/wp-content\\\/uploads\\\/2024\\\/07\\\/dwd.jpg\",\"contentUrl\":\"https:\\\/\\\/regiaonews.net.br\\\/2022\\\/wp-content\\\/uploads\\\/2024\\\/07\\\/dwd.jpg\",\"width\":1600,\"height\":1067},{\"@type\":\"BreadcrumbList\",\"@id\":\"https:\\\/\\\/regiaonews.net.br\\\/2022\\\/2024\\\/07\\\/04\\\/prefeitura-inaugura-centro-de-controle-operacional-integrado-e-inteligente-e-muralha-digital-ja-e-realidade-em-barretos\\\/#breadcrumb\",\"itemListElement\":[{\"@type\":\"ListItem\",\"position\":1,\"name\":\"In\u00edcio\",\"item\":\"https:\\\/\\\/regiaonews.net.br\\\/2022\\\/\"},{\"@type\":\"ListItem\",\"position\":2,\"name\":\"Prefeitura inaugura Centro de Controle Operacional Integrado e Inteligente e \u201cMuralha Digital\u201d j\u00e1 \u00e9 realidade em Barretos\"}]},{\"@type\":\"WebSite\",\"@id\":\"https:\\\/\\\/regiaonews.net.br\\\/2022\\\/#website\",\"url\":\"https:\\\/\\\/regiaonews.net.br\\\/2022\\\/\",\"name\":\"Regi\u00e3o News\",\"description\":\"Site de Not\u00edcias de Barretos e regi\u00e3o\",\"publisher\":{\"@id\":\"https:\\\/\\\/regiaonews.net.br\\\/2022\\\/#organization\"},\"potentialAction\":[{\"@type\":\"SearchAction\",\"target\":{\"@type\":\"EntryPoint\",\"urlTemplate\":\"https:\\\/\\\/regiaonews.net.br\\\/2022\\\/?s={search_term_string}\"},\"query-input\":{\"@type\":\"PropertyValueSpecification\",\"valueRequired\":true,\"valueName\":\"search_term_string\"}}],\"inLanguage\":\"pt-BR\"},{\"@type\":\"Organization\",\"@id\":\"https:\\\/\\\/regiaonews.net.br\\\/2022\\\/#organization\",\"name\":\"Regi\u00e3o News\",\"url\":\"https:\\\/\\\/regiaonews.net.br\\\/2022\\\/\",\"logo\":{\"@type\":\"ImageObject\",\"inLanguage\":\"pt-BR\",\"@id\":\"https:\\\/\\\/regiaonews.net.br\\\/2022\\\/#\\\/schema\\\/logo\\\/image\\\/\",\"url\":\"https:\\\/\\\/regiaonews.net.br\\\/2022\\\/wp-content\\\/uploads\\\/2026\\\/03\\\/regiao-13-anos-scaled.jpg\",\"contentUrl\":\"https:\\\/\\\/regiaonews.net.br\\\/2022\\\/wp-content\\\/uploads\\\/2026\\\/03\\\/regiao-13-anos-scaled.jpg\",\"width\":2560,\"height\":635,\"caption\":\"Regi\u00e3o News\"},\"image\":{\"@id\":\"https:\\\/\\\/regiaonews.net.br\\\/2022\\\/#\\\/schema\\\/logo\\\/image\\\/\"}},{\"@type\":\"Person\",\"@id\":\"https:\\\/\\\/regiaonews.net.br\\\/2022\\\/#\\\/schema\\\/person\\\/2d205a608a5aa97ac279d7a5e6d89ad8\",\"name\":\"Roberto\",\"image\":{\"@type\":\"ImageObject\",\"inLanguage\":\"pt-BR\",\"@id\":\"https:\\\/\\\/secure.gravatar.com\\\/avatar\\\/42749d8b712ff9d59ca93dc150494e5b55a44134482993f5baeb97e61b7ecc89?s=96&d=mm&r=g\",\"url\":\"https:\\\/\\\/secure.gravatar.com\\\/avatar\\\/42749d8b712ff9d59ca93dc150494e5b55a44134482993f5baeb97e61b7ecc89?s=96&d=mm&r=g\",\"contentUrl\":\"https:\\\/\\\/secure.gravatar.com\\\/avatar\\\/42749d8b712ff9d59ca93dc150494e5b55a44134482993f5baeb97e61b7ecc89?s=96&d=mm&r=g\",\"caption\":\"Roberto\"},\"url\":\"https:\\\/\\\/regiaonews.net.br\\\/2022\\\/author\\\/roberto\\\/\"}]}<\/script>\n<!-- \/ Yoast SEO plugin. -->","yoast_head_json":{"title":"Prefeitura inaugura Centro de Controle Operacional Integrado e Inteligente e \u201cMuralha Digital\u201d j\u00e1 \u00e9 realidade em Barretos - Regi\u00e3o News","robots":{"index":"index","follow":"follow","max-snippet":"max-snippet:-1","max-image-preview":"max-image-preview:large","max-video-preview":"max-video-preview:-1"},"canonical":"https:\/\/regiaonews.net.br\/2022\/2024\/07\/04\/prefeitura-inaugura-centro-de-controle-operacional-integrado-e-inteligente-e-muralha-digital-ja-e-realidade-em-barretos\/","og_locale":"pt_BR","og_type":"article","og_title":"Prefeitura inaugura Centro de Controle Operacional Integrado e Inteligente e \u201cMuralha Digital\u201d j\u00e1 \u00e9 realidade em Barretos - Regi\u00e3o News","og_description":"12 das 84 c\u00e2meras de monitoramento previstas j\u00e1 est\u00e3o em","og_url":"https:\/\/regiaonews.net.br\/2022\/2024\/07\/04\/prefeitura-inaugura-centro-de-controle-operacional-integrado-e-inteligente-e-muralha-digital-ja-e-realidade-em-barretos\/","og_site_name":"Regi\u00e3o News","article_published_time":"2024-07-04T19:04:07+00:00","og_image":[{"width":1600,"height":1067,"url":"https:\/\/regiaonews.net.br\/2022\/wp-content\/uploads\/2024\/07\/dwd.jpg","type":"image\/jpeg"}],"author":"Roberto","twitter_card":"summary_large_image","twitter_misc":{"Escrito por":"Roberto","Est. tempo de leitura":"5 minutos"},"schema":{"@context":"https:\/\/schema.org","@graph":[{"@type":"Article","@id":"https:\/\/regiaonews.net.br\/2022\/2024\/07\/04\/prefeitura-inaugura-centro-de-controle-operacional-integrado-e-inteligente-e-muralha-digital-ja-e-realidade-em-barretos\/#article","isPartOf":{"@id":"https:\/\/regiaonews.net.br\/2022\/2024\/07\/04\/prefeitura-inaugura-centro-de-controle-operacional-integrado-e-inteligente-e-muralha-digital-ja-e-realidade-em-barretos\/"},"author":{"name":"Roberto","@id":"https:\/\/regiaonews.net.br\/2022\/#\/schema\/person\/2d205a608a5aa97ac279d7a5e6d89ad8"},"headline":"Prefeitura inaugura Centro de Controle Operacional Integrado e Inteligente e \u201cMuralha Digital\u201d j\u00e1 \u00e9 realidade em Barretos","datePublished":"2024-07-04T19:04:07+00:00","mainEntityOfPage":{"@id":"https:\/\/regiaonews.net.br\/2022\/2024\/07\/04\/prefeitura-inaugura-centro-de-controle-operacional-integrado-e-inteligente-e-muralha-digital-ja-e-realidade-em-barretos\/"},"wordCount":966,"commentCount":0,"publisher":{"@id":"https:\/\/regiaonews.net.br\/2022\/#organization"},"image":{"@id":"https:\/\/regiaonews.net.br\/2022\/2024\/07\/04\/prefeitura-inaugura-centro-de-controle-operacional-integrado-e-inteligente-e-muralha-digital-ja-e-realidade-em-barretos\/#primaryimage"},"thumbnailUrl":"https:\/\/regiaonews.net.br\/2022\/wp-content\/uploads\/2024\/07\/dwd.jpg","articleSection":["Barretos","Geral"],"inLanguage":"pt-BR","potentialAction":[{"@type":"CommentAction","name":"Comment","target":["https:\/\/regiaonews.net.br\/2022\/2024\/07\/04\/prefeitura-inaugura-centro-de-controle-operacional-integrado-e-inteligente-e-muralha-digital-ja-e-realidade-em-barretos\/#respond"]}]},{"@type":"WebPage","@id":"https:\/\/regiaonews.net.br\/2022\/2024\/07\/04\/prefeitura-inaugura-centro-de-controle-operacional-integrado-e-inteligente-e-muralha-digital-ja-e-realidade-em-barretos\/","url":"https:\/\/regiaonews.net.br\/2022\/2024\/07\/04\/prefeitura-inaugura-centro-de-controle-operacional-integrado-e-inteligente-e-muralha-digital-ja-e-realidade-em-barretos\/","name":"Prefeitura inaugura Centro de Controle Operacional Integrado e Inteligente e \u201cMuralha Digital\u201d j\u00e1 \u00e9 realidade em Barretos - Regi\u00e3o News","isPartOf":{"@id":"https:\/\/regiaonews.net.br\/2022\/#website"},"primaryImageOfPage":{"@id":"https:\/\/regiaonews.net.br\/2022\/2024\/07\/04\/prefeitura-inaugura-centro-de-controle-operacional-integrado-e-inteligente-e-muralha-digital-ja-e-realidade-em-barretos\/#primaryimage"},"image":{"@id":"https:\/\/regiaonews.net.br\/2022\/2024\/07\/04\/prefeitura-inaugura-centro-de-controle-operacional-integrado-e-inteligente-e-muralha-digital-ja-e-realidade-em-barretos\/#primaryimage"},"thumbnailUrl":"https:\/\/regiaonews.net.br\/2022\/wp-content\/uploads\/2024\/07\/dwd.jpg","datePublished":"2024-07-04T19:04:07+00:00","breadcrumb":{"@id":"https:\/\/regiaonews.net.br\/2022\/2024\/07\/04\/prefeitura-inaugura-centro-de-controle-operacional-integrado-e-inteligente-e-muralha-digital-ja-e-realidade-em-barretos\/#breadcrumb"},"inLanguage":"pt-BR","potentialAction":[{"@type":"ReadAction","target":["https:\/\/regiaonews.net.br\/2022\/2024\/07\/04\/prefeitura-inaugura-centro-de-controle-operacional-integrado-e-inteligente-e-muralha-digital-ja-e-realidade-em-barretos\/"]}]},{"@type":"ImageObject","inLanguage":"pt-BR","@id":"https:\/\/regiaonews.net.br\/2022\/2024\/07\/04\/prefeitura-inaugura-centro-de-controle-operacional-integrado-e-inteligente-e-muralha-digital-ja-e-realidade-em-barretos\/#primaryimage","url":"https:\/\/regiaonews.net.br\/2022\/wp-content\/uploads\/2024\/07\/dwd.jpg","contentUrl":"https:\/\/regiaonews.net.br\/2022\/wp-content\/uploads\/2024\/07\/dwd.jpg","width":1600,"height":1067},{"@type":"BreadcrumbList","@id":"https:\/\/regiaonews.net.br\/2022\/2024\/07\/04\/prefeitura-inaugura-centro-de-controle-operacional-integrado-e-inteligente-e-muralha-digital-ja-e-realidade-em-barretos\/#breadcrumb","itemListElement":[{"@type":"ListItem","position":1,"name":"In\u00edcio","item":"https:\/\/regiaonews.net.br\/2022\/"},{"@type":"ListItem","position":2,"name":"Prefeitura inaugura Centro de Controle Operacional Integrado e Inteligente e \u201cMuralha Digital\u201d j\u00e1 \u00e9 realidade em Barretos"}]},{"@type":"WebSite","@id":"https:\/\/regiaonews.net.br\/2022\/#website","url":"https:\/\/regiaonews.net.br\/2022\/","name":"Regi\u00e3o News","description":"Site de Not\u00edcias de Barretos e regi\u00e3o","publisher":{"@id":"https:\/\/regiaonews.net.br\/2022\/#organization"},"potentialAction":[{"@type":"SearchAction","target":{"@type":"EntryPoint","urlTemplate":"https:\/\/regiaonews.net.br\/2022\/?s={search_term_string}"},"query-input":{"@type":"PropertyValueSpecification","valueRequired":true,"valueName":"search_term_string"}}],"inLanguage":"pt-BR"},{"@type":"Organization","@id":"https:\/\/regiaonews.net.br\/2022\/#organization","name":"Regi\u00e3o News","url":"https:\/\/regiaonews.net.br\/2022\/","logo":{"@type":"ImageObject","inLanguage":"pt-BR","@id":"https:\/\/regiaonews.net.br\/2022\/#\/schema\/logo\/image\/","url":"https:\/\/regiaonews.net.br\/2022\/wp-content\/uploads\/2026\/03\/regiao-13-anos-scaled.jpg","contentUrl":"https:\/\/regiaonews.net.br\/2022\/wp-content\/uploads\/2026\/03\/regiao-13-anos-scaled.jpg","width":2560,"height":635,"caption":"Regi\u00e3o News"},"image":{"@id":"https:\/\/regiaonews.net.br\/2022\/#\/schema\/logo\/image\/"}},{"@type":"Person","@id":"https:\/\/regiaonews.net.br\/2022\/#\/schema\/person\/2d205a608a5aa97ac279d7a5e6d89ad8","name":"Roberto","image":{"@type":"ImageObject","inLanguage":"pt-BR","@id":"https:\/\/secure.gravatar.com\/avatar\/42749d8b712ff9d59ca93dc150494e5b55a44134482993f5baeb97e61b7ecc89?s=96&d=mm&r=g","url":"https:\/\/secure.gravatar.com\/avatar\/42749d8b712ff9d59ca93dc150494e5b55a44134482993f5baeb97e61b7ecc89?s=96&d=mm&r=g","contentUrl":"https:\/\/secure.gravatar.com\/avatar\/42749d8b712ff9d59ca93dc150494e5b55a44134482993f5baeb97e61b7ecc89?s=96&d=mm&r=g","caption":"Roberto"},"url":"https:\/\/regiaonews.net.br\/2022\/author\/roberto\/"}]}},"publishpress_future_action":{"enabled":false,"date":"2026-05-03 11:46:26","action":"change-status","newStatus":"draft","terms":[],"taxonomy":"category","extraData":[]},"publishpress_future_workflow_manual_trigger":{"enabledWorkflows":[]},"_links":{"self":[{"href":"https:\/\/regiaonews.net.br\/2022\/wp-json\/wp\/v2\/posts\/107268","targetHints":{"allow":["GET"]}}],"collection":[{"href":"https:\/\/regiaonews.net.br\/2022\/wp-json\/wp\/v2\/posts"}],"about":[{"href":"https:\/\/regiaonews.net.br\/2022\/wp-json\/wp\/v2\/types\/post"}],"author":[{"embeddable":true,"href":"https:\/\/regiaonews.net.br\/2022\/wp-json\/wp\/v2\/users\/2"}],"replies":[{"embeddable":true,"href":"https:\/\/regiaonews.net.br\/2022\/wp-json\/wp\/v2\/comments?post=107268"}],"version-history":[{"count":1,"href":"https:\/\/regiaonews.net.br\/2022\/wp-json\/wp\/v2\/posts\/107268\/revisions"}],"predecessor-version":[{"id":107270,"href":"https:\/\/regiaonews.net.br\/2022\/wp-json\/wp\/v2\/posts\/107268\/revisions\/107270"}],"wp:featuredmedia":[{"embeddable":true,"href":"https:\/\/regiaonews.net.br\/2022\/wp-json\/wp\/v2\/media\/107269"}],"wp:attachment":[{"href":"https:\/\/regiaonews.net.br\/2022\/wp-json\/wp\/v2\/media?parent=107268"}],"wp:term":[{"taxonomy":"category","embeddable":true,"href":"https:\/\/regiaonews.net.br\/2022\/wp-json\/wp\/v2\/categories?post=107268"},{"taxonomy":"post_tag","embeddable":true,"href":"https:\/\/regiaonews.net.br\/2022\/wp-json\/wp\/v2\/tags?post=107268"}],"curies":[{"name":"wp","href":"https:\/\/api.w.org\/{rel}","templated":true}]}}