{"id":107264,"date":"2024-07-04T16:02:18","date_gmt":"2024-07-04T19:02:18","guid":{"rendered":"https:\/\/regiaonews.net.br\/2022\/?p=107264"},"modified":"2024-07-04T16:02:18","modified_gmt":"2024-07-04T19:02:18","slug":"carros-de-luxo-armas-e-dinheiro-sao-apreendidos-em-operacao-contra-faccao-criminosa-em-sp","status":"publish","type":"post","link":"https:\/\/regiaonews.net.br\/2022\/2024\/07\/04\/carros-de-luxo-armas-e-dinheiro-sao-apreendidos-em-operacao-contra-faccao-criminosa-em-sp\/","title":{"rendered":"Carros de luxo, armas e dinheiro s\u00e3o apreendidos em opera\u00e7\u00e3o contra fac\u00e7\u00e3o criminosa em SP"},"content":{"rendered":"<div class=\"col-lg-12 mt-4\">\n<h3 style=\"text-align: center;\"><span style=\"font-size: 16px;\">Pol\u00edcia Civil desmantelou quadrilha que lavava dinheiro do tr\u00e1fico de drogas<\/span><\/h3>\n<\/div>\n<div class=\"col-lg-12\"><\/div>\n<div class=\"col-lg-12\">\n<p class=\"autor\">A Pol\u00edcia Civil deflagrou, na segunda-feira (1\u00ba), uma opera\u00e7\u00e3o contra uma fac\u00e7\u00e3o criminosa especializada em tr\u00e1fico de drogas e lavagem de dinheiro na cidade de S\u00e3o Paulo. Pelo menos sete ve\u00edculos de luxo, sendo um deles avaliado em mais de R$ 1 milh\u00e3o, foram apreendidos na a\u00e7\u00e3o, al\u00e9m de tr\u00eas armas de fogo ilegais e um valor em dinheiro que ainda est\u00e1 sendo contabilizado.<\/p>\n<\/div>\n<div class=\"col-lg-12 mt-3\">\n<div>As equipes cumpriram mandados de busca e apreens\u00e3o, expedidos pela Justi\u00e7a, em quatro endere\u00e7os na zona leste e um no centro da capital.<\/div>\n<div><\/div>\n<div>Em um dos locais, os policiais encontraram uma mineradora de bitcoins \u2014 usada para registrar transa\u00e7\u00f5es com moedas digitais \u2014, estimulando aplica\u00e7\u00f5es financeiras, supostamente usada pelos criminosos para lavar dinheiro do tr\u00e1fico de drogas. Os investigadores ainda suspeitam que a quadrilha esteja usando postos de combust\u00edveis para esconder a origem il\u00edcita de ativos financeiros.<\/div>\n<div><\/div>\n<\/div>\n<div>\n<div>Diversos documentos que podem colaborar com as investiga\u00e7\u00f5es tamb\u00e9m foram apreendidos durante a opera\u00e7\u00e3o.<\/div>\n<div><\/div>\n<div>Os alvos n\u00e3o foram localizados, mas a equipe da 5\u00aa Delegacia Seccional de Pol\u00edcia, respons\u00e1vel pela zona leste da capital, segue com as apura\u00e7\u00f5es para prender os envolvidos. As apreens\u00f5es foram registradas no 10\u00b0 Distrito Policial, na Penha.<\/div>\n<\/div>\n","protected":false},"excerpt":{"rendered":"<p>Pol\u00edcia Civil desmantelou quadrilha que lavava dinheiro do tr\u00e1fico de<\/p>\n","protected":false},"author":2,"featured_media":107265,"comment_status":"open","ping_status":"open","sticky":false,"template":"","format":"standard","meta":{"footnotes":""},"categories":[7,3],"tags":[],"class_list":["post-107264","post","type-post","status-publish","format-standard","has-post-thumbnail","hentry","category-estado-de-sao-paulo","category-geral"],"yoast_head":"<!-- This site is optimized with the Yoast SEO plugin v27.4 - https:\/\/yoast.com\/product\/yoast-seo-wordpress\/ -->\n<title>Carros de luxo, armas e dinheiro s\u00e3o apreendidos em opera\u00e7\u00e3o contra fac\u00e7\u00e3o criminosa em SP - Regi\u00e3o News<\/title>\n<meta name=\"robots\" content=\"index, follow, max-snippet:-1, max-image-preview:large, max-video-preview:-1\" \/>\n<link rel=\"canonical\" href=\"https:\/\/regiaonews.net.br\/2022\/2024\/07\/04\/carros-de-luxo-armas-e-dinheiro-sao-apreendidos-em-operacao-contra-faccao-criminosa-em-sp\/\" \/>\n<meta property=\"og:locale\" content=\"pt_BR\" \/>\n<meta property=\"og:type\" content=\"article\" \/>\n<meta property=\"og:title\" content=\"Carros de luxo, armas e dinheiro s\u00e3o apreendidos em opera\u00e7\u00e3o contra fac\u00e7\u00e3o criminosa em SP - Regi\u00e3o News\" \/>\n<meta property=\"og:description\" content=\"Pol\u00edcia Civil desmantelou quadrilha que lavava dinheiro do tr\u00e1fico de\" \/>\n<meta property=\"og:url\" content=\"https:\/\/regiaonews.net.br\/2022\/2024\/07\/04\/carros-de-luxo-armas-e-dinheiro-sao-apreendidos-em-operacao-contra-faccao-criminosa-em-sp\/\" \/>\n<meta property=\"og:site_name\" content=\"Regi\u00e3o News\" \/>\n<meta property=\"article:published_time\" content=\"2024-07-04T19:02:18+00:00\" \/>\n<meta property=\"og:image\" content=\"https:\/\/regiaonews.net.br\/2022\/wp-content\/uploads\/2024\/07\/D00055353.jpg\" \/>\n\t<meta property=\"og:image:width\" content=\"800\" \/>\n\t<meta property=\"og:image:height\" content=\"1066\" \/>\n\t<meta property=\"og:image:type\" content=\"image\/jpeg\" \/>\n<meta name=\"author\" content=\"Roberto\" \/>\n<meta name=\"twitter:card\" content=\"summary_large_image\" \/>\n<meta name=\"twitter:label1\" content=\"Escrito por\" \/>\n\t<meta name=\"twitter:data1\" content=\"Roberto\" \/>\n\t<meta name=\"twitter:label2\" content=\"Est. tempo de leitura\" \/>\n\t<meta name=\"twitter:data2\" content=\"2 minutos\" \/>\n<script type=\"application\/ld+json\" class=\"yoast-schema-graph\">{\"@context\":\"https:\\\/\\\/schema.org\",\"@graph\":[{\"@type\":\"Article\",\"@id\":\"https:\\\/\\\/regiaonews.net.br\\\/2022\\\/2024\\\/07\\\/04\\\/carros-de-luxo-armas-e-dinheiro-sao-apreendidos-em-operacao-contra-faccao-criminosa-em-sp\\\/#article\",\"isPartOf\":{\"@id\":\"https:\\\/\\\/regiaonews.net.br\\\/2022\\\/2024\\\/07\\\/04\\\/carros-de-luxo-armas-e-dinheiro-sao-apreendidos-em-operacao-contra-faccao-criminosa-em-sp\\\/\"},\"author\":{\"name\":\"Roberto\",\"@id\":\"https:\\\/\\\/regiaonews.net.br\\\/2022\\\/#\\\/schema\\\/person\\\/2d205a608a5aa97ac279d7a5e6d89ad8\"},\"headline\":\"Carros de luxo, armas e dinheiro s\u00e3o apreendidos em opera\u00e7\u00e3o contra fac\u00e7\u00e3o criminosa em SP\",\"datePublished\":\"2024-07-04T19:02:18+00:00\",\"mainEntityOfPage\":{\"@id\":\"https:\\\/\\\/regiaonews.net.br\\\/2022\\\/2024\\\/07\\\/04\\\/carros-de-luxo-armas-e-dinheiro-sao-apreendidos-em-operacao-contra-faccao-criminosa-em-sp\\\/\"},\"wordCount\":244,\"commentCount\":0,\"publisher\":{\"@id\":\"https:\\\/\\\/regiaonews.net.br\\\/2022\\\/#organization\"},\"image\":{\"@id\":\"https:\\\/\\\/regiaonews.net.br\\\/2022\\\/2024\\\/07\\\/04\\\/carros-de-luxo-armas-e-dinheiro-sao-apreendidos-em-operacao-contra-faccao-criminosa-em-sp\\\/#primaryimage\"},\"thumbnailUrl\":\"https:\\\/\\\/regiaonews.net.br\\\/2022\\\/wp-content\\\/uploads\\\/2024\\\/07\\\/D00055353.jpg\",\"articleSection\":[\"Estado de S\u00e3o Paulo\",\"Geral\"],\"inLanguage\":\"pt-BR\",\"potentialAction\":[{\"@type\":\"CommentAction\",\"name\":\"Comment\",\"target\":[\"https:\\\/\\\/regiaonews.net.br\\\/2022\\\/2024\\\/07\\\/04\\\/carros-de-luxo-armas-e-dinheiro-sao-apreendidos-em-operacao-contra-faccao-criminosa-em-sp\\\/#respond\"]}]},{\"@type\":\"WebPage\",\"@id\":\"https:\\\/\\\/regiaonews.net.br\\\/2022\\\/2024\\\/07\\\/04\\\/carros-de-luxo-armas-e-dinheiro-sao-apreendidos-em-operacao-contra-faccao-criminosa-em-sp\\\/\",\"url\":\"https:\\\/\\\/regiaonews.net.br\\\/2022\\\/2024\\\/07\\\/04\\\/carros-de-luxo-armas-e-dinheiro-sao-apreendidos-em-operacao-contra-faccao-criminosa-em-sp\\\/\",\"name\":\"Carros de luxo, armas e dinheiro s\u00e3o apreendidos em opera\u00e7\u00e3o contra fac\u00e7\u00e3o criminosa em SP - Regi\u00e3o News\",\"isPartOf\":{\"@id\":\"https:\\\/\\\/regiaonews.net.br\\\/2022\\\/#website\"},\"primaryImageOfPage\":{\"@id\":\"https:\\\/\\\/regiaonews.net.br\\\/2022\\\/2024\\\/07\\\/04\\\/carros-de-luxo-armas-e-dinheiro-sao-apreendidos-em-operacao-contra-faccao-criminosa-em-sp\\\/#primaryimage\"},\"image\":{\"@id\":\"https:\\\/\\\/regiaonews.net.br\\\/2022\\\/2024\\\/07\\\/04\\\/carros-de-luxo-armas-e-dinheiro-sao-apreendidos-em-operacao-contra-faccao-criminosa-em-sp\\\/#primaryimage\"},\"thumbnailUrl\":\"https:\\\/\\\/regiaonews.net.br\\\/2022\\\/wp-content\\\/uploads\\\/2024\\\/07\\\/D00055353.jpg\",\"datePublished\":\"2024-07-04T19:02:18+00:00\",\"breadcrumb\":{\"@id\":\"https:\\\/\\\/regiaonews.net.br\\\/2022\\\/2024\\\/07\\\/04\\\/carros-de-luxo-armas-e-dinheiro-sao-apreendidos-em-operacao-contra-faccao-criminosa-em-sp\\\/#breadcrumb\"},\"inLanguage\":\"pt-BR\",\"potentialAction\":[{\"@type\":\"ReadAction\",\"target\":[\"https:\\\/\\\/regiaonews.net.br\\\/2022\\\/2024\\\/07\\\/04\\\/carros-de-luxo-armas-e-dinheiro-sao-apreendidos-em-operacao-contra-faccao-criminosa-em-sp\\\/\"]}]},{\"@type\":\"ImageObject\",\"inLanguage\":\"pt-BR\",\"@id\":\"https:\\\/\\\/regiaonews.net.br\\\/2022\\\/2024\\\/07\\\/04\\\/carros-de-luxo-armas-e-dinheiro-sao-apreendidos-em-operacao-contra-faccao-criminosa-em-sp\\\/#primaryimage\",\"url\":\"https:\\\/\\\/regiaonews.net.br\\\/2022\\\/wp-content\\\/uploads\\\/2024\\\/07\\\/D00055353.jpg\",\"contentUrl\":\"https:\\\/\\\/regiaonews.net.br\\\/2022\\\/wp-content\\\/uploads\\\/2024\\\/07\\\/D00055353.jpg\",\"width\":800,\"height\":1066},{\"@type\":\"BreadcrumbList\",\"@id\":\"https:\\\/\\\/regiaonews.net.br\\\/2022\\\/2024\\\/07\\\/04\\\/carros-de-luxo-armas-e-dinheiro-sao-apreendidos-em-operacao-contra-faccao-criminosa-em-sp\\\/#breadcrumb\",\"itemListElement\":[{\"@type\":\"ListItem\",\"position\":1,\"name\":\"In\u00edcio\",\"item\":\"https:\\\/\\\/regiaonews.net.br\\\/2022\\\/\"},{\"@type\":\"ListItem\",\"position\":2,\"name\":\"Carros de luxo, armas e dinheiro s\u00e3o apreendidos em opera\u00e7\u00e3o contra fac\u00e7\u00e3o criminosa em SP\"}]},{\"@type\":\"WebSite\",\"@id\":\"https:\\\/\\\/regiaonews.net.br\\\/2022\\\/#website\",\"url\":\"https:\\\/\\\/regiaonews.net.br\\\/2022\\\/\",\"name\":\"Regi\u00e3o News\",\"description\":\"Site de Not\u00edcias de Barretos e regi\u00e3o\",\"publisher\":{\"@id\":\"https:\\\/\\\/regiaonews.net.br\\\/2022\\\/#organization\"},\"potentialAction\":[{\"@type\":\"SearchAction\",\"target\":{\"@type\":\"EntryPoint\",\"urlTemplate\":\"https:\\\/\\\/regiaonews.net.br\\\/2022\\\/?s={search_term_string}\"},\"query-input\":{\"@type\":\"PropertyValueSpecification\",\"valueRequired\":true,\"valueName\":\"search_term_string\"}}],\"inLanguage\":\"pt-BR\"},{\"@type\":\"Organization\",\"@id\":\"https:\\\/\\\/regiaonews.net.br\\\/2022\\\/#organization\",\"name\":\"Regi\u00e3o News\",\"url\":\"https:\\\/\\\/regiaonews.net.br\\\/2022\\\/\",\"logo\":{\"@type\":\"ImageObject\",\"inLanguage\":\"pt-BR\",\"@id\":\"https:\\\/\\\/regiaonews.net.br\\\/2022\\\/#\\\/schema\\\/logo\\\/image\\\/\",\"url\":\"https:\\\/\\\/regiaonews.net.br\\\/2022\\\/wp-content\\\/uploads\\\/2026\\\/03\\\/regiao-13-anos-scaled.jpg\",\"contentUrl\":\"https:\\\/\\\/regiaonews.net.br\\\/2022\\\/wp-content\\\/uploads\\\/2026\\\/03\\\/regiao-13-anos-scaled.jpg\",\"width\":2560,\"height\":635,\"caption\":\"Regi\u00e3o News\"},\"image\":{\"@id\":\"https:\\\/\\\/regiaonews.net.br\\\/2022\\\/#\\\/schema\\\/logo\\\/image\\\/\"}},{\"@type\":\"Person\",\"@id\":\"https:\\\/\\\/regiaonews.net.br\\\/2022\\\/#\\\/schema\\\/person\\\/2d205a608a5aa97ac279d7a5e6d89ad8\",\"name\":\"Roberto\",\"image\":{\"@type\":\"ImageObject\",\"inLanguage\":\"pt-BR\",\"@id\":\"https:\\\/\\\/secure.gravatar.com\\\/avatar\\\/42749d8b712ff9d59ca93dc150494e5b55a44134482993f5baeb97e61b7ecc89?s=96&d=mm&r=g\",\"url\":\"https:\\\/\\\/secure.gravatar.com\\\/avatar\\\/42749d8b712ff9d59ca93dc150494e5b55a44134482993f5baeb97e61b7ecc89?s=96&d=mm&r=g\",\"contentUrl\":\"https:\\\/\\\/secure.gravatar.com\\\/avatar\\\/42749d8b712ff9d59ca93dc150494e5b55a44134482993f5baeb97e61b7ecc89?s=96&d=mm&r=g\",\"caption\":\"Roberto\"},\"url\":\"https:\\\/\\\/regiaonews.net.br\\\/2022\\\/author\\\/roberto\\\/\"}]}<\/script>\n<!-- \/ Yoast SEO plugin. -->","yoast_head_json":{"title":"Carros de luxo, armas e dinheiro s\u00e3o apreendidos em opera\u00e7\u00e3o contra fac\u00e7\u00e3o criminosa em SP - Regi\u00e3o News","robots":{"index":"index","follow":"follow","max-snippet":"max-snippet:-1","max-image-preview":"max-image-preview:large","max-video-preview":"max-video-preview:-1"},"canonical":"https:\/\/regiaonews.net.br\/2022\/2024\/07\/04\/carros-de-luxo-armas-e-dinheiro-sao-apreendidos-em-operacao-contra-faccao-criminosa-em-sp\/","og_locale":"pt_BR","og_type":"article","og_title":"Carros de luxo, armas e dinheiro s\u00e3o apreendidos em opera\u00e7\u00e3o contra fac\u00e7\u00e3o criminosa em SP - Regi\u00e3o News","og_description":"Pol\u00edcia Civil desmantelou quadrilha que lavava dinheiro do tr\u00e1fico de","og_url":"https:\/\/regiaonews.net.br\/2022\/2024\/07\/04\/carros-de-luxo-armas-e-dinheiro-sao-apreendidos-em-operacao-contra-faccao-criminosa-em-sp\/","og_site_name":"Regi\u00e3o News","article_published_time":"2024-07-04T19:02:18+00:00","og_image":[{"width":800,"height":1066,"url":"https:\/\/regiaonews.net.br\/2022\/wp-content\/uploads\/2024\/07\/D00055353.jpg","type":"image\/jpeg"}],"author":"Roberto","twitter_card":"summary_large_image","twitter_misc":{"Escrito por":"Roberto","Est. tempo de leitura":"2 minutos"},"schema":{"@context":"https:\/\/schema.org","@graph":[{"@type":"Article","@id":"https:\/\/regiaonews.net.br\/2022\/2024\/07\/04\/carros-de-luxo-armas-e-dinheiro-sao-apreendidos-em-operacao-contra-faccao-criminosa-em-sp\/#article","isPartOf":{"@id":"https:\/\/regiaonews.net.br\/2022\/2024\/07\/04\/carros-de-luxo-armas-e-dinheiro-sao-apreendidos-em-operacao-contra-faccao-criminosa-em-sp\/"},"author":{"name":"Roberto","@id":"https:\/\/regiaonews.net.br\/2022\/#\/schema\/person\/2d205a608a5aa97ac279d7a5e6d89ad8"},"headline":"Carros de luxo, armas e dinheiro s\u00e3o apreendidos em opera\u00e7\u00e3o contra fac\u00e7\u00e3o criminosa em SP","datePublished":"2024-07-04T19:02:18+00:00","mainEntityOfPage":{"@id":"https:\/\/regiaonews.net.br\/2022\/2024\/07\/04\/carros-de-luxo-armas-e-dinheiro-sao-apreendidos-em-operacao-contra-faccao-criminosa-em-sp\/"},"wordCount":244,"commentCount":0,"publisher":{"@id":"https:\/\/regiaonews.net.br\/2022\/#organization"},"image":{"@id":"https:\/\/regiaonews.net.br\/2022\/2024\/07\/04\/carros-de-luxo-armas-e-dinheiro-sao-apreendidos-em-operacao-contra-faccao-criminosa-em-sp\/#primaryimage"},"thumbnailUrl":"https:\/\/regiaonews.net.br\/2022\/wp-content\/uploads\/2024\/07\/D00055353.jpg","articleSection":["Estado de S\u00e3o Paulo","Geral"],"inLanguage":"pt-BR","potentialAction":[{"@type":"CommentAction","name":"Comment","target":["https:\/\/regiaonews.net.br\/2022\/2024\/07\/04\/carros-de-luxo-armas-e-dinheiro-sao-apreendidos-em-operacao-contra-faccao-criminosa-em-sp\/#respond"]}]},{"@type":"WebPage","@id":"https:\/\/regiaonews.net.br\/2022\/2024\/07\/04\/carros-de-luxo-armas-e-dinheiro-sao-apreendidos-em-operacao-contra-faccao-criminosa-em-sp\/","url":"https:\/\/regiaonews.net.br\/2022\/2024\/07\/04\/carros-de-luxo-armas-e-dinheiro-sao-apreendidos-em-operacao-contra-faccao-criminosa-em-sp\/","name":"Carros de luxo, armas e dinheiro s\u00e3o apreendidos em opera\u00e7\u00e3o contra fac\u00e7\u00e3o criminosa em SP - Regi\u00e3o News","isPartOf":{"@id":"https:\/\/regiaonews.net.br\/2022\/#website"},"primaryImageOfPage":{"@id":"https:\/\/regiaonews.net.br\/2022\/2024\/07\/04\/carros-de-luxo-armas-e-dinheiro-sao-apreendidos-em-operacao-contra-faccao-criminosa-em-sp\/#primaryimage"},"image":{"@id":"https:\/\/regiaonews.net.br\/2022\/2024\/07\/04\/carros-de-luxo-armas-e-dinheiro-sao-apreendidos-em-operacao-contra-faccao-criminosa-em-sp\/#primaryimage"},"thumbnailUrl":"https:\/\/regiaonews.net.br\/2022\/wp-content\/uploads\/2024\/07\/D00055353.jpg","datePublished":"2024-07-04T19:02:18+00:00","breadcrumb":{"@id":"https:\/\/regiaonews.net.br\/2022\/2024\/07\/04\/carros-de-luxo-armas-e-dinheiro-sao-apreendidos-em-operacao-contra-faccao-criminosa-em-sp\/#breadcrumb"},"inLanguage":"pt-BR","potentialAction":[{"@type":"ReadAction","target":["https:\/\/regiaonews.net.br\/2022\/2024\/07\/04\/carros-de-luxo-armas-e-dinheiro-sao-apreendidos-em-operacao-contra-faccao-criminosa-em-sp\/"]}]},{"@type":"ImageObject","inLanguage":"pt-BR","@id":"https:\/\/regiaonews.net.br\/2022\/2024\/07\/04\/carros-de-luxo-armas-e-dinheiro-sao-apreendidos-em-operacao-contra-faccao-criminosa-em-sp\/#primaryimage","url":"https:\/\/regiaonews.net.br\/2022\/wp-content\/uploads\/2024\/07\/D00055353.jpg","contentUrl":"https:\/\/regiaonews.net.br\/2022\/wp-content\/uploads\/2024\/07\/D00055353.jpg","width":800,"height":1066},{"@type":"BreadcrumbList","@id":"https:\/\/regiaonews.net.br\/2022\/2024\/07\/04\/carros-de-luxo-armas-e-dinheiro-sao-apreendidos-em-operacao-contra-faccao-criminosa-em-sp\/#breadcrumb","itemListElement":[{"@type":"ListItem","position":1,"name":"In\u00edcio","item":"https:\/\/regiaonews.net.br\/2022\/"},{"@type":"ListItem","position":2,"name":"Carros de luxo, armas e dinheiro s\u00e3o apreendidos em opera\u00e7\u00e3o contra fac\u00e7\u00e3o criminosa em SP"}]},{"@type":"WebSite","@id":"https:\/\/regiaonews.net.br\/2022\/#website","url":"https:\/\/regiaonews.net.br\/2022\/","name":"Regi\u00e3o News","description":"Site de Not\u00edcias de Barretos e regi\u00e3o","publisher":{"@id":"https:\/\/regiaonews.net.br\/2022\/#organization"},"potentialAction":[{"@type":"SearchAction","target":{"@type":"EntryPoint","urlTemplate":"https:\/\/regiaonews.net.br\/2022\/?s={search_term_string}"},"query-input":{"@type":"PropertyValueSpecification","valueRequired":true,"valueName":"search_term_string"}}],"inLanguage":"pt-BR"},{"@type":"Organization","@id":"https:\/\/regiaonews.net.br\/2022\/#organization","name":"Regi\u00e3o News","url":"https:\/\/regiaonews.net.br\/2022\/","logo":{"@type":"ImageObject","inLanguage":"pt-BR","@id":"https:\/\/regiaonews.net.br\/2022\/#\/schema\/logo\/image\/","url":"https:\/\/regiaonews.net.br\/2022\/wp-content\/uploads\/2026\/03\/regiao-13-anos-scaled.jpg","contentUrl":"https:\/\/regiaonews.net.br\/2022\/wp-content\/uploads\/2026\/03\/regiao-13-anos-scaled.jpg","width":2560,"height":635,"caption":"Regi\u00e3o News"},"image":{"@id":"https:\/\/regiaonews.net.br\/2022\/#\/schema\/logo\/image\/"}},{"@type":"Person","@id":"https:\/\/regiaonews.net.br\/2022\/#\/schema\/person\/2d205a608a5aa97ac279d7a5e6d89ad8","name":"Roberto","image":{"@type":"ImageObject","inLanguage":"pt-BR","@id":"https:\/\/secure.gravatar.com\/avatar\/42749d8b712ff9d59ca93dc150494e5b55a44134482993f5baeb97e61b7ecc89?s=96&d=mm&r=g","url":"https:\/\/secure.gravatar.com\/avatar\/42749d8b712ff9d59ca93dc150494e5b55a44134482993f5baeb97e61b7ecc89?s=96&d=mm&r=g","contentUrl":"https:\/\/secure.gravatar.com\/avatar\/42749d8b712ff9d59ca93dc150494e5b55a44134482993f5baeb97e61b7ecc89?s=96&d=mm&r=g","caption":"Roberto"},"url":"https:\/\/regiaonews.net.br\/2022\/author\/roberto\/"}]}},"publishpress_future_action":{"enabled":false,"date":"2026-05-03 08:38:36","action":"change-status","newStatus":"draft","terms":[],"taxonomy":"category","extraData":[]},"publishpress_future_workflow_manual_trigger":{"enabledWorkflows":[]},"_links":{"self":[{"href":"https:\/\/regiaonews.net.br\/2022\/wp-json\/wp\/v2\/posts\/107264","targetHints":{"allow":["GET"]}}],"collection":[{"href":"https:\/\/regiaonews.net.br\/2022\/wp-json\/wp\/v2\/posts"}],"about":[{"href":"https:\/\/regiaonews.net.br\/2022\/wp-json\/wp\/v2\/types\/post"}],"author":[{"embeddable":true,"href":"https:\/\/regiaonews.net.br\/2022\/wp-json\/wp\/v2\/users\/2"}],"replies":[{"embeddable":true,"href":"https:\/\/regiaonews.net.br\/2022\/wp-json\/wp\/v2\/comments?post=107264"}],"version-history":[{"count":2,"href":"https:\/\/regiaonews.net.br\/2022\/wp-json\/wp\/v2\/posts\/107264\/revisions"}],"predecessor-version":[{"id":107267,"href":"https:\/\/regiaonews.net.br\/2022\/wp-json\/wp\/v2\/posts\/107264\/revisions\/107267"}],"wp:featuredmedia":[{"embeddable":true,"href":"https:\/\/regiaonews.net.br\/2022\/wp-json\/wp\/v2\/media\/107265"}],"wp:attachment":[{"href":"https:\/\/regiaonews.net.br\/2022\/wp-json\/wp\/v2\/media?parent=107264"}],"wp:term":[{"taxonomy":"category","embeddable":true,"href":"https:\/\/regiaonews.net.br\/2022\/wp-json\/wp\/v2\/categories?post=107264"},{"taxonomy":"post_tag","embeddable":true,"href":"https:\/\/regiaonews.net.br\/2022\/wp-json\/wp\/v2\/tags?post=107264"}],"curies":[{"name":"wp","href":"https:\/\/api.w.org\/{rel}","templated":true}]}}