{"id":107251,"date":"2024-07-04T13:16:27","date_gmt":"2024-07-04T16:16:27","guid":{"rendered":"https:\/\/regiaonews.net.br\/2022\/?p=107251"},"modified":"2024-07-04T13:16:27","modified_gmt":"2024-07-04T16:16:27","slug":"servidores-do-inss-cobram-reajuste-e-nao-descartam-paralisacao-a-partir-de-16-de-julho","status":"publish","type":"post","link":"https:\/\/regiaonews.net.br\/2022\/2024\/07\/04\/servidores-do-inss-cobram-reajuste-e-nao-descartam-paralisacao-a-partir-de-16-de-julho\/","title":{"rendered":"Servidores do INSS cobram reajuste e n\u00e3o descartam paralisa\u00e7\u00e3o a partir de 16 de julho"},"content":{"rendered":"<p>&nbsp;<\/p>\n<p>0% eu n\u00e3o aguento. Servidor no Or\u00e7amento!<br \/>\nSe n\u00e3o negociar, o INSS ir\u00e1 parar.\u00a0 com estas palavras de ordem os servidores iniciaram o ato p\u00fablico no dua 3 de julho, Dia Nacional de Luta dos Servidores do INSS, em frente \u00e0 Superintend\u00eancia de S\u00e3o Paulo.\u00a0 O ato ocorreu no\u00a0 momento em que as entidades representativas da categoria participavam da terceira rodada de negocia\u00e7\u00e3o da Mesa Espec\u00edfica e Tempor\u00e1ria do Seguro Social com o MGI (Minist\u00e9rio da Gest\u00e3o e da Inova\u00e7\u00e3o em Servi\u00e7os P\u00fablicos).<\/p>\n<p>ATO<\/p>\n<p>Na manifesta\u00e7\u00e3o, os servidores e servidoras denunciaram o descaso do governo com a pauta de reivindica\u00e7\u00f5es da categoria, o n\u00e3o cumprimento do acordo de greve de 2022, e as p\u00e9ssimas condi\u00e7\u00f5es de trabalho no INSS que prejudicam o atendimento da popula\u00e7\u00e3o.<\/p>\n<p>REUNI\u00c3O<br \/>\nAp\u00f3s o ato p\u00fablico, uma comiss\u00e3o de servidores do Sinsprev\/SP, Fenasps e ativistas do Sindicato foi recebida pelo Superintendente do INSS em S\u00e3o Paulo, Vanderlei Barbosa dos Santos, que estava em reuni\u00e3o com a Superintendente do INSS Norte e Centro Oeste, L\u00e9a Bressy Amorim, e o Superintendente do INSS Minas Gerais e Esp\u00edrito Santos, Thiago Prata, que tamb\u00e9m participaram da reuni\u00e3o com o Sindicato.<br \/>\nOs representantes da categoria expuseram que o governo n\u00e3o atendeu nenhum item da pauta de reivindica\u00e7\u00f5es da categoria para a valoriza\u00e7\u00e3o da carreira, muito pelo contr\u00e1rio, apresentou uma tabela que rebaixa o vencimento b\u00e1sico de ingresso e n\u00e3o avan\u00e7ou na valoriza\u00e7\u00e3o da carreira, al\u00e9m de n\u00e3o cumprir o acordo de greve de 2022 de uma das poucas categorias que realizaram greve no governo anterior.<br \/>\nInformaram que, caso n\u00e3o haja um avan\u00e7o na negocia\u00e7\u00e3o, a Plen\u00e1ria Nacional, realizada no \u00faltimo domingo, 30 de junho, deliberou pela deflagra\u00e7\u00e3o de greve por tempo indeterminado a partir do dia 16 de julho.<br \/>\nO Sinsprev\/SP exp\u00f4s sobre o sucateamento do parque tecnol\u00f3gico do INSS, com sistemas que caem a todo momento, causando estresse nos servidores e nos segurados que buscam informa\u00e7\u00f5es de seus direitos.<br \/>\nSegundo o superintendente, o projeto \u00e9 trocar todos os computadores, por\u00e9m n\u00e3o h\u00e1 or\u00e7amento para tanto e que a quest\u00e3o dos problemas ocasionados pelos sistemas \u00e9, em grande parte, decorrente da estrutura da Dataprev.<br \/>\nO Sindicato tamb\u00e9m exp\u00f4s que, mesmo com o n\u00famero reduzido de servidores \u2013 em 2015 eram mais de 25 mil e hoje s\u00e3o 18 mil \u2013 a produtividade \u00e9 a mesma, ou seja, os servidores est\u00e3o trabalhando o dobro. Foi destacado pela gest\u00e3o que a automa\u00e7\u00e3o permitiu isso, e rebatido pelas representa\u00e7\u00f5es sindicais que a automatiza\u00e7\u00e3o colabora, por\u00e9m gera in\u00fameros problemas, pois n\u00e3o consegue orientar o segurado sobre o motivo de ter seu pedido indeferido, gerando in\u00fameros transtornos tanto para os servidores quanto para a popula\u00e7\u00e3o.<br \/>\nO Sinsprev\/SP tamb\u00e9m ponderou que cerca de 40% dos que procuram o INSS n\u00e3o t\u00eam sequer condi\u00e7\u00f5es de comprar um celular b\u00e1sico e que o papel do Instituto \u00e9 acolh\u00ea-los e orient\u00e1-los.<br \/>\nNeste sentido, o Sinsprev\/SP destaca a import\u00e2ncia da retomada do Servi\u00e7o de Socializa\u00e7\u00e3o de Informa\u00e7\u00f5es Individual e Coletivas no Servi\u00e7o Social para suprir parte dessa defasagem junto \u00e0 popula\u00e7\u00e3o.<br \/>\nAo final da reuni\u00e3o, o superintendente se comprometeu em encaminhar as reivindica\u00e7\u00f5es apresentadas pelo Sinsprev\/SP.<\/p>\n<p><a href=\"https:\/\/regiaonews.net.br\/2022\/wp-content\/uploads\/2024\/07\/FB_IMG_1720108698948.jpg\"><img loading=\"lazy\" decoding=\"async\" class=\"alignnone size-medium wp-image-107254\" src=\"https:\/\/regiaonews.net.br\/2022\/wp-content\/uploads\/2024\/07\/FB_IMG_1720108698948-300x200.jpg\" alt=\"\" width=\"300\" height=\"200\" srcset=\"https:\/\/regiaonews.net.br\/2022\/wp-content\/uploads\/2024\/07\/FB_IMG_1720108698948-300x200.jpg 300w, https:\/\/regiaonews.net.br\/2022\/wp-content\/uploads\/2024\/07\/FB_IMG_1720108698948-1024x683.jpg 1024w, https:\/\/regiaonews.net.br\/2022\/wp-content\/uploads\/2024\/07\/FB_IMG_1720108698948-768x512.jpg 768w, https:\/\/regiaonews.net.br\/2022\/wp-content\/uploads\/2024\/07\/FB_IMG_1720108698948-250x167.jpg 250w, https:\/\/regiaonews.net.br\/2022\/wp-content\/uploads\/2024\/07\/FB_IMG_1720108698948-900x600.jpg 900w, https:\/\/regiaonews.net.br\/2022\/wp-content\/uploads\/2024\/07\/FB_IMG_1720108698948.jpg 1079w\" sizes=\"auto, (max-width: 300px) 100vw, 300px\" \/><\/a><\/p>\n<p><a href=\"https:\/\/regiaonews.net.br\/2022\/wp-content\/uploads\/2024\/07\/FB_IMG_1720108691763.jpg\"><img loading=\"lazy\" decoding=\"async\" class=\"alignnone size-medium wp-image-107255\" src=\"https:\/\/regiaonews.net.br\/2022\/wp-content\/uploads\/2024\/07\/FB_IMG_1720108691763-300x200.jpg\" alt=\"\" width=\"300\" height=\"200\" srcset=\"https:\/\/regiaonews.net.br\/2022\/wp-content\/uploads\/2024\/07\/FB_IMG_1720108691763-300x200.jpg 300w, https:\/\/regiaonews.net.br\/2022\/wp-content\/uploads\/2024\/07\/FB_IMG_1720108691763-1024x683.jpg 1024w, https:\/\/regiaonews.net.br\/2022\/wp-content\/uploads\/2024\/07\/FB_IMG_1720108691763-768x512.jpg 768w, https:\/\/regiaonews.net.br\/2022\/wp-content\/uploads\/2024\/07\/FB_IMG_1720108691763-250x167.jpg 250w, https:\/\/regiaonews.net.br\/2022\/wp-content\/uploads\/2024\/07\/FB_IMG_1720108691763-900x600.jpg 900w, https:\/\/regiaonews.net.br\/2022\/wp-content\/uploads\/2024\/07\/FB_IMG_1720108691763.jpg 1079w\" sizes=\"auto, (max-width: 300px) 100vw, 300px\" \/><\/a><\/p>\n<p>&nbsp;<\/p>\n","protected":false},"excerpt":{"rendered":"<p>&nbsp; 0% eu n\u00e3o aguento. Servidor no Or\u00e7amento! Se n\u00e3o<\/p>\n","protected":false},"author":2,"featured_media":107253,"comment_status":"open","ping_status":"open","sticky":false,"template":"","format":"standard","meta":{"footnotes":""},"categories":[111,29],"tags":[],"class_list":["post-107251","post","type-post","status-publish","format-standard","has-post-thumbnail","hentry","category-cotidiano","category-sao-paulo"],"yoast_head":"<!-- This site is optimized with the Yoast SEO plugin v27.4 - https:\/\/yoast.com\/product\/yoast-seo-wordpress\/ -->\n<title>Servidores do INSS cobram reajuste e n\u00e3o descartam paralisa\u00e7\u00e3o a partir de 16 de julho - Regi\u00e3o News<\/title>\n<meta name=\"robots\" content=\"index, follow, max-snippet:-1, max-image-preview:large, max-video-preview:-1\" \/>\n<link rel=\"canonical\" href=\"https:\/\/regiaonews.net.br\/2022\/2024\/07\/04\/servidores-do-inss-cobram-reajuste-e-nao-descartam-paralisacao-a-partir-de-16-de-julho\/\" \/>\n<meta property=\"og:locale\" content=\"pt_BR\" \/>\n<meta property=\"og:type\" content=\"article\" \/>\n<meta property=\"og:title\" content=\"Servidores do INSS cobram reajuste e n\u00e3o descartam paralisa\u00e7\u00e3o a partir de 16 de julho - Regi\u00e3o News\" \/>\n<meta property=\"og:description\" content=\"&nbsp; 0% eu n\u00e3o aguento. Servidor no Or\u00e7amento! Se n\u00e3o\" \/>\n<meta property=\"og:url\" content=\"https:\/\/regiaonews.net.br\/2022\/2024\/07\/04\/servidores-do-inss-cobram-reajuste-e-nao-descartam-paralisacao-a-partir-de-16-de-julho\/\" \/>\n<meta property=\"og:site_name\" content=\"Regi\u00e3o News\" \/>\n<meta property=\"article:published_time\" content=\"2024-07-04T16:16:27+00:00\" \/>\n<meta property=\"og:image\" content=\"https:\/\/regiaonews.net.br\/2022\/wp-content\/uploads\/2024\/07\/FB_IMG_1720108706513.jpg\" \/>\n\t<meta property=\"og:image:width\" content=\"1079\" \/>\n\t<meta property=\"og:image:height\" content=\"720\" \/>\n\t<meta property=\"og:image:type\" content=\"image\/jpeg\" \/>\n<meta name=\"author\" content=\"Roberto\" \/>\n<meta name=\"twitter:card\" content=\"summary_large_image\" \/>\n<meta name=\"twitter:label1\" content=\"Escrito por\" \/>\n\t<meta name=\"twitter:data1\" content=\"Roberto\" \/>\n\t<meta name=\"twitter:label2\" content=\"Est. tempo de leitura\" \/>\n\t<meta name=\"twitter:data2\" content=\"4 minutos\" \/>\n<script type=\"application\/ld+json\" class=\"yoast-schema-graph\">{\"@context\":\"https:\\\/\\\/schema.org\",\"@graph\":[{\"@type\":\"Article\",\"@id\":\"https:\\\/\\\/regiaonews.net.br\\\/2022\\\/2024\\\/07\\\/04\\\/servidores-do-inss-cobram-reajuste-e-nao-descartam-paralisacao-a-partir-de-16-de-julho\\\/#article\",\"isPartOf\":{\"@id\":\"https:\\\/\\\/regiaonews.net.br\\\/2022\\\/2024\\\/07\\\/04\\\/servidores-do-inss-cobram-reajuste-e-nao-descartam-paralisacao-a-partir-de-16-de-julho\\\/\"},\"author\":{\"name\":\"Roberto\",\"@id\":\"https:\\\/\\\/regiaonews.net.br\\\/2022\\\/#\\\/schema\\\/person\\\/2d205a608a5aa97ac279d7a5e6d89ad8\"},\"headline\":\"Servidores do INSS cobram reajuste e n\u00e3o descartam paralisa\u00e7\u00e3o a partir de 16 de julho\",\"datePublished\":\"2024-07-04T16:16:27+00:00\",\"mainEntityOfPage\":{\"@id\":\"https:\\\/\\\/regiaonews.net.br\\\/2022\\\/2024\\\/07\\\/04\\\/servidores-do-inss-cobram-reajuste-e-nao-descartam-paralisacao-a-partir-de-16-de-julho\\\/\"},\"wordCount\":601,\"commentCount\":0,\"publisher\":{\"@id\":\"https:\\\/\\\/regiaonews.net.br\\\/2022\\\/#organization\"},\"image\":{\"@id\":\"https:\\\/\\\/regiaonews.net.br\\\/2022\\\/2024\\\/07\\\/04\\\/servidores-do-inss-cobram-reajuste-e-nao-descartam-paralisacao-a-partir-de-16-de-julho\\\/#primaryimage\"},\"thumbnailUrl\":\"https:\\\/\\\/regiaonews.net.br\\\/2022\\\/wp-content\\\/uploads\\\/2024\\\/07\\\/FB_IMG_1720108706513.jpg\",\"articleSection\":[\"Cotidiano\",\"S\u00e3o Paulo\"],\"inLanguage\":\"pt-BR\",\"potentialAction\":[{\"@type\":\"CommentAction\",\"name\":\"Comment\",\"target\":[\"https:\\\/\\\/regiaonews.net.br\\\/2022\\\/2024\\\/07\\\/04\\\/servidores-do-inss-cobram-reajuste-e-nao-descartam-paralisacao-a-partir-de-16-de-julho\\\/#respond\"]}]},{\"@type\":\"WebPage\",\"@id\":\"https:\\\/\\\/regiaonews.net.br\\\/2022\\\/2024\\\/07\\\/04\\\/servidores-do-inss-cobram-reajuste-e-nao-descartam-paralisacao-a-partir-de-16-de-julho\\\/\",\"url\":\"https:\\\/\\\/regiaonews.net.br\\\/2022\\\/2024\\\/07\\\/04\\\/servidores-do-inss-cobram-reajuste-e-nao-descartam-paralisacao-a-partir-de-16-de-julho\\\/\",\"name\":\"Servidores do INSS cobram reajuste e n\u00e3o descartam paralisa\u00e7\u00e3o a partir de 16 de julho - Regi\u00e3o News\",\"isPartOf\":{\"@id\":\"https:\\\/\\\/regiaonews.net.br\\\/2022\\\/#website\"},\"primaryImageOfPage\":{\"@id\":\"https:\\\/\\\/regiaonews.net.br\\\/2022\\\/2024\\\/07\\\/04\\\/servidores-do-inss-cobram-reajuste-e-nao-descartam-paralisacao-a-partir-de-16-de-julho\\\/#primaryimage\"},\"image\":{\"@id\":\"https:\\\/\\\/regiaonews.net.br\\\/2022\\\/2024\\\/07\\\/04\\\/servidores-do-inss-cobram-reajuste-e-nao-descartam-paralisacao-a-partir-de-16-de-julho\\\/#primaryimage\"},\"thumbnailUrl\":\"https:\\\/\\\/regiaonews.net.br\\\/2022\\\/wp-content\\\/uploads\\\/2024\\\/07\\\/FB_IMG_1720108706513.jpg\",\"datePublished\":\"2024-07-04T16:16:27+00:00\",\"breadcrumb\":{\"@id\":\"https:\\\/\\\/regiaonews.net.br\\\/2022\\\/2024\\\/07\\\/04\\\/servidores-do-inss-cobram-reajuste-e-nao-descartam-paralisacao-a-partir-de-16-de-julho\\\/#breadcrumb\"},\"inLanguage\":\"pt-BR\",\"potentialAction\":[{\"@type\":\"ReadAction\",\"target\":[\"https:\\\/\\\/regiaonews.net.br\\\/2022\\\/2024\\\/07\\\/04\\\/servidores-do-inss-cobram-reajuste-e-nao-descartam-paralisacao-a-partir-de-16-de-julho\\\/\"]}]},{\"@type\":\"ImageObject\",\"inLanguage\":\"pt-BR\",\"@id\":\"https:\\\/\\\/regiaonews.net.br\\\/2022\\\/2024\\\/07\\\/04\\\/servidores-do-inss-cobram-reajuste-e-nao-descartam-paralisacao-a-partir-de-16-de-julho\\\/#primaryimage\",\"url\":\"https:\\\/\\\/regiaonews.net.br\\\/2022\\\/wp-content\\\/uploads\\\/2024\\\/07\\\/FB_IMG_1720108706513.jpg\",\"contentUrl\":\"https:\\\/\\\/regiaonews.net.br\\\/2022\\\/wp-content\\\/uploads\\\/2024\\\/07\\\/FB_IMG_1720108706513.jpg\",\"width\":1079,\"height\":720},{\"@type\":\"BreadcrumbList\",\"@id\":\"https:\\\/\\\/regiaonews.net.br\\\/2022\\\/2024\\\/07\\\/04\\\/servidores-do-inss-cobram-reajuste-e-nao-descartam-paralisacao-a-partir-de-16-de-julho\\\/#breadcrumb\",\"itemListElement\":[{\"@type\":\"ListItem\",\"position\":1,\"name\":\"In\u00edcio\",\"item\":\"https:\\\/\\\/regiaonews.net.br\\\/2022\\\/\"},{\"@type\":\"ListItem\",\"position\":2,\"name\":\"Servidores do INSS cobram reajuste e n\u00e3o descartam paralisa\u00e7\u00e3o a partir de 16 de julho\"}]},{\"@type\":\"WebSite\",\"@id\":\"https:\\\/\\\/regiaonews.net.br\\\/2022\\\/#website\",\"url\":\"https:\\\/\\\/regiaonews.net.br\\\/2022\\\/\",\"name\":\"Regi\u00e3o News\",\"description\":\"Site de Not\u00edcias de Barretos e regi\u00e3o\",\"publisher\":{\"@id\":\"https:\\\/\\\/regiaonews.net.br\\\/2022\\\/#organization\"},\"potentialAction\":[{\"@type\":\"SearchAction\",\"target\":{\"@type\":\"EntryPoint\",\"urlTemplate\":\"https:\\\/\\\/regiaonews.net.br\\\/2022\\\/?s={search_term_string}\"},\"query-input\":{\"@type\":\"PropertyValueSpecification\",\"valueRequired\":true,\"valueName\":\"search_term_string\"}}],\"inLanguage\":\"pt-BR\"},{\"@type\":\"Organization\",\"@id\":\"https:\\\/\\\/regiaonews.net.br\\\/2022\\\/#organization\",\"name\":\"Regi\u00e3o News\",\"url\":\"https:\\\/\\\/regiaonews.net.br\\\/2022\\\/\",\"logo\":{\"@type\":\"ImageObject\",\"inLanguage\":\"pt-BR\",\"@id\":\"https:\\\/\\\/regiaonews.net.br\\\/2022\\\/#\\\/schema\\\/logo\\\/image\\\/\",\"url\":\"https:\\\/\\\/regiaonews.net.br\\\/2022\\\/wp-content\\\/uploads\\\/2026\\\/03\\\/regiao-13-anos-scaled.jpg\",\"contentUrl\":\"https:\\\/\\\/regiaonews.net.br\\\/2022\\\/wp-content\\\/uploads\\\/2026\\\/03\\\/regiao-13-anos-scaled.jpg\",\"width\":2560,\"height\":635,\"caption\":\"Regi\u00e3o News\"},\"image\":{\"@id\":\"https:\\\/\\\/regiaonews.net.br\\\/2022\\\/#\\\/schema\\\/logo\\\/image\\\/\"}},{\"@type\":\"Person\",\"@id\":\"https:\\\/\\\/regiaonews.net.br\\\/2022\\\/#\\\/schema\\\/person\\\/2d205a608a5aa97ac279d7a5e6d89ad8\",\"name\":\"Roberto\",\"image\":{\"@type\":\"ImageObject\",\"inLanguage\":\"pt-BR\",\"@id\":\"https:\\\/\\\/secure.gravatar.com\\\/avatar\\\/42749d8b712ff9d59ca93dc150494e5b55a44134482993f5baeb97e61b7ecc89?s=96&d=mm&r=g\",\"url\":\"https:\\\/\\\/secure.gravatar.com\\\/avatar\\\/42749d8b712ff9d59ca93dc150494e5b55a44134482993f5baeb97e61b7ecc89?s=96&d=mm&r=g\",\"contentUrl\":\"https:\\\/\\\/secure.gravatar.com\\\/avatar\\\/42749d8b712ff9d59ca93dc150494e5b55a44134482993f5baeb97e61b7ecc89?s=96&d=mm&r=g\",\"caption\":\"Roberto\"},\"url\":\"https:\\\/\\\/regiaonews.net.br\\\/2022\\\/author\\\/roberto\\\/\"}]}<\/script>\n<!-- \/ Yoast SEO plugin. -->","yoast_head_json":{"title":"Servidores do INSS cobram reajuste e n\u00e3o descartam paralisa\u00e7\u00e3o a partir de 16 de julho - Regi\u00e3o News","robots":{"index":"index","follow":"follow","max-snippet":"max-snippet:-1","max-image-preview":"max-image-preview:large","max-video-preview":"max-video-preview:-1"},"canonical":"https:\/\/regiaonews.net.br\/2022\/2024\/07\/04\/servidores-do-inss-cobram-reajuste-e-nao-descartam-paralisacao-a-partir-de-16-de-julho\/","og_locale":"pt_BR","og_type":"article","og_title":"Servidores do INSS cobram reajuste e n\u00e3o descartam paralisa\u00e7\u00e3o a partir de 16 de julho - Regi\u00e3o News","og_description":"&nbsp; 0% eu n\u00e3o aguento. Servidor no Or\u00e7amento! Se n\u00e3o","og_url":"https:\/\/regiaonews.net.br\/2022\/2024\/07\/04\/servidores-do-inss-cobram-reajuste-e-nao-descartam-paralisacao-a-partir-de-16-de-julho\/","og_site_name":"Regi\u00e3o News","article_published_time":"2024-07-04T16:16:27+00:00","og_image":[{"width":1079,"height":720,"url":"https:\/\/regiaonews.net.br\/2022\/wp-content\/uploads\/2024\/07\/FB_IMG_1720108706513.jpg","type":"image\/jpeg"}],"author":"Roberto","twitter_card":"summary_large_image","twitter_misc":{"Escrito por":"Roberto","Est. tempo de leitura":"4 minutos"},"schema":{"@context":"https:\/\/schema.org","@graph":[{"@type":"Article","@id":"https:\/\/regiaonews.net.br\/2022\/2024\/07\/04\/servidores-do-inss-cobram-reajuste-e-nao-descartam-paralisacao-a-partir-de-16-de-julho\/#article","isPartOf":{"@id":"https:\/\/regiaonews.net.br\/2022\/2024\/07\/04\/servidores-do-inss-cobram-reajuste-e-nao-descartam-paralisacao-a-partir-de-16-de-julho\/"},"author":{"name":"Roberto","@id":"https:\/\/regiaonews.net.br\/2022\/#\/schema\/person\/2d205a608a5aa97ac279d7a5e6d89ad8"},"headline":"Servidores do INSS cobram reajuste e n\u00e3o descartam paralisa\u00e7\u00e3o a partir de 16 de julho","datePublished":"2024-07-04T16:16:27+00:00","mainEntityOfPage":{"@id":"https:\/\/regiaonews.net.br\/2022\/2024\/07\/04\/servidores-do-inss-cobram-reajuste-e-nao-descartam-paralisacao-a-partir-de-16-de-julho\/"},"wordCount":601,"commentCount":0,"publisher":{"@id":"https:\/\/regiaonews.net.br\/2022\/#organization"},"image":{"@id":"https:\/\/regiaonews.net.br\/2022\/2024\/07\/04\/servidores-do-inss-cobram-reajuste-e-nao-descartam-paralisacao-a-partir-de-16-de-julho\/#primaryimage"},"thumbnailUrl":"https:\/\/regiaonews.net.br\/2022\/wp-content\/uploads\/2024\/07\/FB_IMG_1720108706513.jpg","articleSection":["Cotidiano","S\u00e3o Paulo"],"inLanguage":"pt-BR","potentialAction":[{"@type":"CommentAction","name":"Comment","target":["https:\/\/regiaonews.net.br\/2022\/2024\/07\/04\/servidores-do-inss-cobram-reajuste-e-nao-descartam-paralisacao-a-partir-de-16-de-julho\/#respond"]}]},{"@type":"WebPage","@id":"https:\/\/regiaonews.net.br\/2022\/2024\/07\/04\/servidores-do-inss-cobram-reajuste-e-nao-descartam-paralisacao-a-partir-de-16-de-julho\/","url":"https:\/\/regiaonews.net.br\/2022\/2024\/07\/04\/servidores-do-inss-cobram-reajuste-e-nao-descartam-paralisacao-a-partir-de-16-de-julho\/","name":"Servidores do INSS cobram reajuste e n\u00e3o descartam paralisa\u00e7\u00e3o a partir de 16 de julho - Regi\u00e3o News","isPartOf":{"@id":"https:\/\/regiaonews.net.br\/2022\/#website"},"primaryImageOfPage":{"@id":"https:\/\/regiaonews.net.br\/2022\/2024\/07\/04\/servidores-do-inss-cobram-reajuste-e-nao-descartam-paralisacao-a-partir-de-16-de-julho\/#primaryimage"},"image":{"@id":"https:\/\/regiaonews.net.br\/2022\/2024\/07\/04\/servidores-do-inss-cobram-reajuste-e-nao-descartam-paralisacao-a-partir-de-16-de-julho\/#primaryimage"},"thumbnailUrl":"https:\/\/regiaonews.net.br\/2022\/wp-content\/uploads\/2024\/07\/FB_IMG_1720108706513.jpg","datePublished":"2024-07-04T16:16:27+00:00","breadcrumb":{"@id":"https:\/\/regiaonews.net.br\/2022\/2024\/07\/04\/servidores-do-inss-cobram-reajuste-e-nao-descartam-paralisacao-a-partir-de-16-de-julho\/#breadcrumb"},"inLanguage":"pt-BR","potentialAction":[{"@type":"ReadAction","target":["https:\/\/regiaonews.net.br\/2022\/2024\/07\/04\/servidores-do-inss-cobram-reajuste-e-nao-descartam-paralisacao-a-partir-de-16-de-julho\/"]}]},{"@type":"ImageObject","inLanguage":"pt-BR","@id":"https:\/\/regiaonews.net.br\/2022\/2024\/07\/04\/servidores-do-inss-cobram-reajuste-e-nao-descartam-paralisacao-a-partir-de-16-de-julho\/#primaryimage","url":"https:\/\/regiaonews.net.br\/2022\/wp-content\/uploads\/2024\/07\/FB_IMG_1720108706513.jpg","contentUrl":"https:\/\/regiaonews.net.br\/2022\/wp-content\/uploads\/2024\/07\/FB_IMG_1720108706513.jpg","width":1079,"height":720},{"@type":"BreadcrumbList","@id":"https:\/\/regiaonews.net.br\/2022\/2024\/07\/04\/servidores-do-inss-cobram-reajuste-e-nao-descartam-paralisacao-a-partir-de-16-de-julho\/#breadcrumb","itemListElement":[{"@type":"ListItem","position":1,"name":"In\u00edcio","item":"https:\/\/regiaonews.net.br\/2022\/"},{"@type":"ListItem","position":2,"name":"Servidores do INSS cobram reajuste e n\u00e3o descartam paralisa\u00e7\u00e3o a partir de 16 de julho"}]},{"@type":"WebSite","@id":"https:\/\/regiaonews.net.br\/2022\/#website","url":"https:\/\/regiaonews.net.br\/2022\/","name":"Regi\u00e3o News","description":"Site de Not\u00edcias de Barretos e regi\u00e3o","publisher":{"@id":"https:\/\/regiaonews.net.br\/2022\/#organization"},"potentialAction":[{"@type":"SearchAction","target":{"@type":"EntryPoint","urlTemplate":"https:\/\/regiaonews.net.br\/2022\/?s={search_term_string}"},"query-input":{"@type":"PropertyValueSpecification","valueRequired":true,"valueName":"search_term_string"}}],"inLanguage":"pt-BR"},{"@type":"Organization","@id":"https:\/\/regiaonews.net.br\/2022\/#organization","name":"Regi\u00e3o News","url":"https:\/\/regiaonews.net.br\/2022\/","logo":{"@type":"ImageObject","inLanguage":"pt-BR","@id":"https:\/\/regiaonews.net.br\/2022\/#\/schema\/logo\/image\/","url":"https:\/\/regiaonews.net.br\/2022\/wp-content\/uploads\/2026\/03\/regiao-13-anos-scaled.jpg","contentUrl":"https:\/\/regiaonews.net.br\/2022\/wp-content\/uploads\/2026\/03\/regiao-13-anos-scaled.jpg","width":2560,"height":635,"caption":"Regi\u00e3o News"},"image":{"@id":"https:\/\/regiaonews.net.br\/2022\/#\/schema\/logo\/image\/"}},{"@type":"Person","@id":"https:\/\/regiaonews.net.br\/2022\/#\/schema\/person\/2d205a608a5aa97ac279d7a5e6d89ad8","name":"Roberto","image":{"@type":"ImageObject","inLanguage":"pt-BR","@id":"https:\/\/secure.gravatar.com\/avatar\/42749d8b712ff9d59ca93dc150494e5b55a44134482993f5baeb97e61b7ecc89?s=96&d=mm&r=g","url":"https:\/\/secure.gravatar.com\/avatar\/42749d8b712ff9d59ca93dc150494e5b55a44134482993f5baeb97e61b7ecc89?s=96&d=mm&r=g","contentUrl":"https:\/\/secure.gravatar.com\/avatar\/42749d8b712ff9d59ca93dc150494e5b55a44134482993f5baeb97e61b7ecc89?s=96&d=mm&r=g","caption":"Roberto"},"url":"https:\/\/regiaonews.net.br\/2022\/author\/roberto\/"}]}},"publishpress_future_action":{"enabled":false,"date":"2026-05-03 03:43:10","action":"change-status","newStatus":"draft","terms":[],"taxonomy":"category","extraData":[]},"publishpress_future_workflow_manual_trigger":{"enabledWorkflows":[]},"_links":{"self":[{"href":"https:\/\/regiaonews.net.br\/2022\/wp-json\/wp\/v2\/posts\/107251","targetHints":{"allow":["GET"]}}],"collection":[{"href":"https:\/\/regiaonews.net.br\/2022\/wp-json\/wp\/v2\/posts"}],"about":[{"href":"https:\/\/regiaonews.net.br\/2022\/wp-json\/wp\/v2\/types\/post"}],"author":[{"embeddable":true,"href":"https:\/\/regiaonews.net.br\/2022\/wp-json\/wp\/v2\/users\/2"}],"replies":[{"embeddable":true,"href":"https:\/\/regiaonews.net.br\/2022\/wp-json\/wp\/v2\/comments?post=107251"}],"version-history":[{"count":1,"href":"https:\/\/regiaonews.net.br\/2022\/wp-json\/wp\/v2\/posts\/107251\/revisions"}],"predecessor-version":[{"id":107256,"href":"https:\/\/regiaonews.net.br\/2022\/wp-json\/wp\/v2\/posts\/107251\/revisions\/107256"}],"wp:featuredmedia":[{"embeddable":true,"href":"https:\/\/regiaonews.net.br\/2022\/wp-json\/wp\/v2\/media\/107253"}],"wp:attachment":[{"href":"https:\/\/regiaonews.net.br\/2022\/wp-json\/wp\/v2\/media?parent=107251"}],"wp:term":[{"taxonomy":"category","embeddable":true,"href":"https:\/\/regiaonews.net.br\/2022\/wp-json\/wp\/v2\/categories?post=107251"},{"taxonomy":"post_tag","embeddable":true,"href":"https:\/\/regiaonews.net.br\/2022\/wp-json\/wp\/v2\/tags?post=107251"}],"curies":[{"name":"wp","href":"https:\/\/api.w.org\/{rel}","templated":true}]}}