{"id":107248,"date":"2024-07-04T11:49:58","date_gmt":"2024-07-04T14:49:58","guid":{"rendered":"https:\/\/regiaonews.net.br\/2022\/?p=107248"},"modified":"2024-07-04T11:52:18","modified_gmt":"2024-07-04T14:52:18","slug":"ato-dos-bancarios-abre-campanha-de-reajuste-salarial-da-categoria","status":"publish","type":"post","link":"https:\/\/regiaonews.net.br\/2022\/2024\/07\/04\/ato-dos-bancarios-abre-campanha-de-reajuste-salarial-da-categoria\/","title":{"rendered":"Ato dos banc\u00e1rios abre campanha de reajuste salarial da categoria"},"content":{"rendered":"<p>&nbsp;<\/p>\n<p>Foto \u2013 Tininho J\u00fanior<\/p>\n<p>&nbsp;<\/p>\n<p>Com a presen\u00e7a da Caravana dos Banc\u00e1rios, reunindo sindicalistas e banc\u00e1rios de Barretos e regi\u00e3o, aconteceu na porta das ag\u00eancias da cidade uma ato da categoria no in\u00edcio da conven\u00e7\u00e3o coletiva de trabalho do setor banc\u00e1rio. Segundo o presidente do Sindicato, Marcelo Martins, na conven\u00e7\u00e3o coletiva de trabalho a categoria pede 5% de aumento real. \u201cEstamos no per\u00edodo de negocia\u00e7\u00e3o e possivelmente ir\u00e1 at\u00e9 o m\u00eas de agosto o per\u00edodo de negocia\u00e7\u00e3o, quando vence a conven\u00e7\u00e3o. Os cinco maiores bancos tiveram lucro em 2023 resultado de 143 bilh\u00f5es e\u00a0 nestes tr\u00eas primeiros meses de 2024, o montante de 24 bilh\u00f5es\u201d, afirmou Martins.<\/p>\n","protected":false},"excerpt":{"rendered":"<p>&nbsp; Foto \u2013 Tininho J\u00fanior &nbsp; Com a presen\u00e7a da<\/p>\n","protected":false},"author":2,"featured_media":0,"comment_status":"open","ping_status":"open","sticky":false,"template":"","format":"standard","meta":{"footnotes":""},"categories":[14,25],"tags":[],"class_list":["post-107248","post","type-post","status-publish","format-standard","hentry","category-barretos","category-cidades"],"yoast_head":"<!-- This site is optimized with the Yoast SEO plugin v27.4 - https:\/\/yoast.com\/product\/yoast-seo-wordpress\/ -->\n<title>Ato dos banc\u00e1rios abre campanha de reajuste salarial da categoria - Regi\u00e3o News<\/title>\n<meta name=\"robots\" content=\"index, follow, max-snippet:-1, max-image-preview:large, max-video-preview:-1\" \/>\n<link rel=\"canonical\" href=\"https:\/\/regiaonews.net.br\/2022\/2024\/07\/04\/ato-dos-bancarios-abre-campanha-de-reajuste-salarial-da-categoria\/\" \/>\n<meta property=\"og:locale\" content=\"pt_BR\" \/>\n<meta property=\"og:type\" content=\"article\" \/>\n<meta property=\"og:title\" content=\"Ato dos banc\u00e1rios abre campanha de reajuste salarial da categoria - Regi\u00e3o News\" \/>\n<meta property=\"og:description\" content=\"&nbsp; Foto \u2013 Tininho J\u00fanior &nbsp; Com a presen\u00e7a da\" \/>\n<meta property=\"og:url\" content=\"https:\/\/regiaonews.net.br\/2022\/2024\/07\/04\/ato-dos-bancarios-abre-campanha-de-reajuste-salarial-da-categoria\/\" \/>\n<meta property=\"og:site_name\" content=\"Regi\u00e3o News\" \/>\n<meta property=\"article:published_time\" content=\"2024-07-04T14:49:58+00:00\" \/>\n<meta property=\"article:modified_time\" content=\"2024-07-04T14:52:18+00:00\" \/>\n<meta name=\"author\" content=\"Roberto\" \/>\n<meta name=\"twitter:card\" content=\"summary_large_image\" \/>\n<meta name=\"twitter:label1\" content=\"Escrito por\" \/>\n\t<meta name=\"twitter:data1\" content=\"Roberto\" \/>\n\t<meta name=\"twitter:label2\" content=\"Est. tempo de leitura\" \/>\n\t<meta name=\"twitter:data2\" content=\"1 minuto\" \/>\n<script type=\"application\/ld+json\" class=\"yoast-schema-graph\">{\"@context\":\"https:\\\/\\\/schema.org\",\"@graph\":[{\"@type\":\"Article\",\"@id\":\"https:\\\/\\\/regiaonews.net.br\\\/2022\\\/2024\\\/07\\\/04\\\/ato-dos-bancarios-abre-campanha-de-reajuste-salarial-da-categoria\\\/#article\",\"isPartOf\":{\"@id\":\"https:\\\/\\\/regiaonews.net.br\\\/2022\\\/2024\\\/07\\\/04\\\/ato-dos-bancarios-abre-campanha-de-reajuste-salarial-da-categoria\\\/\"},\"author\":{\"name\":\"Roberto\",\"@id\":\"https:\\\/\\\/regiaonews.net.br\\\/2022\\\/#\\\/schema\\\/person\\\/2d205a608a5aa97ac279d7a5e6d89ad8\"},\"headline\":\"Ato dos banc\u00e1rios abre campanha de reajuste salarial da categoria\",\"datePublished\":\"2024-07-04T14:49:58+00:00\",\"dateModified\":\"2024-07-04T14:52:18+00:00\",\"mainEntityOfPage\":{\"@id\":\"https:\\\/\\\/regiaonews.net.br\\\/2022\\\/2024\\\/07\\\/04\\\/ato-dos-bancarios-abre-campanha-de-reajuste-salarial-da-categoria\\\/\"},\"wordCount\":132,\"commentCount\":0,\"publisher\":{\"@id\":\"https:\\\/\\\/regiaonews.net.br\\\/2022\\\/#organization\"},\"articleSection\":[\"Barretos\",\"Cidades\"],\"inLanguage\":\"pt-BR\",\"potentialAction\":[{\"@type\":\"CommentAction\",\"name\":\"Comment\",\"target\":[\"https:\\\/\\\/regiaonews.net.br\\\/2022\\\/2024\\\/07\\\/04\\\/ato-dos-bancarios-abre-campanha-de-reajuste-salarial-da-categoria\\\/#respond\"]}]},{\"@type\":\"WebPage\",\"@id\":\"https:\\\/\\\/regiaonews.net.br\\\/2022\\\/2024\\\/07\\\/04\\\/ato-dos-bancarios-abre-campanha-de-reajuste-salarial-da-categoria\\\/\",\"url\":\"https:\\\/\\\/regiaonews.net.br\\\/2022\\\/2024\\\/07\\\/04\\\/ato-dos-bancarios-abre-campanha-de-reajuste-salarial-da-categoria\\\/\",\"name\":\"Ato dos banc\u00e1rios abre campanha de reajuste salarial da categoria - Regi\u00e3o News\",\"isPartOf\":{\"@id\":\"https:\\\/\\\/regiaonews.net.br\\\/2022\\\/#website\"},\"datePublished\":\"2024-07-04T14:49:58+00:00\",\"dateModified\":\"2024-07-04T14:52:18+00:00\",\"breadcrumb\":{\"@id\":\"https:\\\/\\\/regiaonews.net.br\\\/2022\\\/2024\\\/07\\\/04\\\/ato-dos-bancarios-abre-campanha-de-reajuste-salarial-da-categoria\\\/#breadcrumb\"},\"inLanguage\":\"pt-BR\",\"potentialAction\":[{\"@type\":\"ReadAction\",\"target\":[\"https:\\\/\\\/regiaonews.net.br\\\/2022\\\/2024\\\/07\\\/04\\\/ato-dos-bancarios-abre-campanha-de-reajuste-salarial-da-categoria\\\/\"]}]},{\"@type\":\"BreadcrumbList\",\"@id\":\"https:\\\/\\\/regiaonews.net.br\\\/2022\\\/2024\\\/07\\\/04\\\/ato-dos-bancarios-abre-campanha-de-reajuste-salarial-da-categoria\\\/#breadcrumb\",\"itemListElement\":[{\"@type\":\"ListItem\",\"position\":1,\"name\":\"In\u00edcio\",\"item\":\"https:\\\/\\\/regiaonews.net.br\\\/2022\\\/\"},{\"@type\":\"ListItem\",\"position\":2,\"name\":\"Ato dos banc\u00e1rios abre campanha de reajuste salarial da categoria\"}]},{\"@type\":\"WebSite\",\"@id\":\"https:\\\/\\\/regiaonews.net.br\\\/2022\\\/#website\",\"url\":\"https:\\\/\\\/regiaonews.net.br\\\/2022\\\/\",\"name\":\"Regi\u00e3o News\",\"description\":\"Site de Not\u00edcias de Barretos e regi\u00e3o\",\"publisher\":{\"@id\":\"https:\\\/\\\/regiaonews.net.br\\\/2022\\\/#organization\"},\"potentialAction\":[{\"@type\":\"SearchAction\",\"target\":{\"@type\":\"EntryPoint\",\"urlTemplate\":\"https:\\\/\\\/regiaonews.net.br\\\/2022\\\/?s={search_term_string}\"},\"query-input\":{\"@type\":\"PropertyValueSpecification\",\"valueRequired\":true,\"valueName\":\"search_term_string\"}}],\"inLanguage\":\"pt-BR\"},{\"@type\":\"Organization\",\"@id\":\"https:\\\/\\\/regiaonews.net.br\\\/2022\\\/#organization\",\"name\":\"Regi\u00e3o News\",\"url\":\"https:\\\/\\\/regiaonews.net.br\\\/2022\\\/\",\"logo\":{\"@type\":\"ImageObject\",\"inLanguage\":\"pt-BR\",\"@id\":\"https:\\\/\\\/regiaonews.net.br\\\/2022\\\/#\\\/schema\\\/logo\\\/image\\\/\",\"url\":\"https:\\\/\\\/regiaonews.net.br\\\/2022\\\/wp-content\\\/uploads\\\/2026\\\/03\\\/regiao-13-anos-scaled.jpg\",\"contentUrl\":\"https:\\\/\\\/regiaonews.net.br\\\/2022\\\/wp-content\\\/uploads\\\/2026\\\/03\\\/regiao-13-anos-scaled.jpg\",\"width\":2560,\"height\":635,\"caption\":\"Regi\u00e3o News\"},\"image\":{\"@id\":\"https:\\\/\\\/regiaonews.net.br\\\/2022\\\/#\\\/schema\\\/logo\\\/image\\\/\"}},{\"@type\":\"Person\",\"@id\":\"https:\\\/\\\/regiaonews.net.br\\\/2022\\\/#\\\/schema\\\/person\\\/2d205a608a5aa97ac279d7a5e6d89ad8\",\"name\":\"Roberto\",\"image\":{\"@type\":\"ImageObject\",\"inLanguage\":\"pt-BR\",\"@id\":\"https:\\\/\\\/secure.gravatar.com\\\/avatar\\\/42749d8b712ff9d59ca93dc150494e5b55a44134482993f5baeb97e61b7ecc89?s=96&d=mm&r=g\",\"url\":\"https:\\\/\\\/secure.gravatar.com\\\/avatar\\\/42749d8b712ff9d59ca93dc150494e5b55a44134482993f5baeb97e61b7ecc89?s=96&d=mm&r=g\",\"contentUrl\":\"https:\\\/\\\/secure.gravatar.com\\\/avatar\\\/42749d8b712ff9d59ca93dc150494e5b55a44134482993f5baeb97e61b7ecc89?s=96&d=mm&r=g\",\"caption\":\"Roberto\"},\"url\":\"https:\\\/\\\/regiaonews.net.br\\\/2022\\\/author\\\/roberto\\\/\"}]}<\/script>\n<!-- \/ Yoast SEO plugin. -->","yoast_head_json":{"title":"Ato dos banc\u00e1rios abre campanha de reajuste salarial da categoria - Regi\u00e3o News","robots":{"index":"index","follow":"follow","max-snippet":"max-snippet:-1","max-image-preview":"max-image-preview:large","max-video-preview":"max-video-preview:-1"},"canonical":"https:\/\/regiaonews.net.br\/2022\/2024\/07\/04\/ato-dos-bancarios-abre-campanha-de-reajuste-salarial-da-categoria\/","og_locale":"pt_BR","og_type":"article","og_title":"Ato dos banc\u00e1rios abre campanha de reajuste salarial da categoria - Regi\u00e3o News","og_description":"&nbsp; Foto \u2013 Tininho J\u00fanior &nbsp; Com a presen\u00e7a da","og_url":"https:\/\/regiaonews.net.br\/2022\/2024\/07\/04\/ato-dos-bancarios-abre-campanha-de-reajuste-salarial-da-categoria\/","og_site_name":"Regi\u00e3o News","article_published_time":"2024-07-04T14:49:58+00:00","article_modified_time":"2024-07-04T14:52:18+00:00","author":"Roberto","twitter_card":"summary_large_image","twitter_misc":{"Escrito por":"Roberto","Est. tempo de leitura":"1 minuto"},"schema":{"@context":"https:\/\/schema.org","@graph":[{"@type":"Article","@id":"https:\/\/regiaonews.net.br\/2022\/2024\/07\/04\/ato-dos-bancarios-abre-campanha-de-reajuste-salarial-da-categoria\/#article","isPartOf":{"@id":"https:\/\/regiaonews.net.br\/2022\/2024\/07\/04\/ato-dos-bancarios-abre-campanha-de-reajuste-salarial-da-categoria\/"},"author":{"name":"Roberto","@id":"https:\/\/regiaonews.net.br\/2022\/#\/schema\/person\/2d205a608a5aa97ac279d7a5e6d89ad8"},"headline":"Ato dos banc\u00e1rios abre campanha de reajuste salarial da categoria","datePublished":"2024-07-04T14:49:58+00:00","dateModified":"2024-07-04T14:52:18+00:00","mainEntityOfPage":{"@id":"https:\/\/regiaonews.net.br\/2022\/2024\/07\/04\/ato-dos-bancarios-abre-campanha-de-reajuste-salarial-da-categoria\/"},"wordCount":132,"commentCount":0,"publisher":{"@id":"https:\/\/regiaonews.net.br\/2022\/#organization"},"articleSection":["Barretos","Cidades"],"inLanguage":"pt-BR","potentialAction":[{"@type":"CommentAction","name":"Comment","target":["https:\/\/regiaonews.net.br\/2022\/2024\/07\/04\/ato-dos-bancarios-abre-campanha-de-reajuste-salarial-da-categoria\/#respond"]}]},{"@type":"WebPage","@id":"https:\/\/regiaonews.net.br\/2022\/2024\/07\/04\/ato-dos-bancarios-abre-campanha-de-reajuste-salarial-da-categoria\/","url":"https:\/\/regiaonews.net.br\/2022\/2024\/07\/04\/ato-dos-bancarios-abre-campanha-de-reajuste-salarial-da-categoria\/","name":"Ato dos banc\u00e1rios abre campanha de reajuste salarial da categoria - Regi\u00e3o News","isPartOf":{"@id":"https:\/\/regiaonews.net.br\/2022\/#website"},"datePublished":"2024-07-04T14:49:58+00:00","dateModified":"2024-07-04T14:52:18+00:00","breadcrumb":{"@id":"https:\/\/regiaonews.net.br\/2022\/2024\/07\/04\/ato-dos-bancarios-abre-campanha-de-reajuste-salarial-da-categoria\/#breadcrumb"},"inLanguage":"pt-BR","potentialAction":[{"@type":"ReadAction","target":["https:\/\/regiaonews.net.br\/2022\/2024\/07\/04\/ato-dos-bancarios-abre-campanha-de-reajuste-salarial-da-categoria\/"]}]},{"@type":"BreadcrumbList","@id":"https:\/\/regiaonews.net.br\/2022\/2024\/07\/04\/ato-dos-bancarios-abre-campanha-de-reajuste-salarial-da-categoria\/#breadcrumb","itemListElement":[{"@type":"ListItem","position":1,"name":"In\u00edcio","item":"https:\/\/regiaonews.net.br\/2022\/"},{"@type":"ListItem","position":2,"name":"Ato dos banc\u00e1rios abre campanha de reajuste salarial da categoria"}]},{"@type":"WebSite","@id":"https:\/\/regiaonews.net.br\/2022\/#website","url":"https:\/\/regiaonews.net.br\/2022\/","name":"Regi\u00e3o News","description":"Site de Not\u00edcias de Barretos e regi\u00e3o","publisher":{"@id":"https:\/\/regiaonews.net.br\/2022\/#organization"},"potentialAction":[{"@type":"SearchAction","target":{"@type":"EntryPoint","urlTemplate":"https:\/\/regiaonews.net.br\/2022\/?s={search_term_string}"},"query-input":{"@type":"PropertyValueSpecification","valueRequired":true,"valueName":"search_term_string"}}],"inLanguage":"pt-BR"},{"@type":"Organization","@id":"https:\/\/regiaonews.net.br\/2022\/#organization","name":"Regi\u00e3o News","url":"https:\/\/regiaonews.net.br\/2022\/","logo":{"@type":"ImageObject","inLanguage":"pt-BR","@id":"https:\/\/regiaonews.net.br\/2022\/#\/schema\/logo\/image\/","url":"https:\/\/regiaonews.net.br\/2022\/wp-content\/uploads\/2026\/03\/regiao-13-anos-scaled.jpg","contentUrl":"https:\/\/regiaonews.net.br\/2022\/wp-content\/uploads\/2026\/03\/regiao-13-anos-scaled.jpg","width":2560,"height":635,"caption":"Regi\u00e3o News"},"image":{"@id":"https:\/\/regiaonews.net.br\/2022\/#\/schema\/logo\/image\/"}},{"@type":"Person","@id":"https:\/\/regiaonews.net.br\/2022\/#\/schema\/person\/2d205a608a5aa97ac279d7a5e6d89ad8","name":"Roberto","image":{"@type":"ImageObject","inLanguage":"pt-BR","@id":"https:\/\/secure.gravatar.com\/avatar\/42749d8b712ff9d59ca93dc150494e5b55a44134482993f5baeb97e61b7ecc89?s=96&d=mm&r=g","url":"https:\/\/secure.gravatar.com\/avatar\/42749d8b712ff9d59ca93dc150494e5b55a44134482993f5baeb97e61b7ecc89?s=96&d=mm&r=g","contentUrl":"https:\/\/secure.gravatar.com\/avatar\/42749d8b712ff9d59ca93dc150494e5b55a44134482993f5baeb97e61b7ecc89?s=96&d=mm&r=g","caption":"Roberto"},"url":"https:\/\/regiaonews.net.br\/2022\/author\/roberto\/"}]}},"publishpress_future_action":{"enabled":false,"date":"2026-05-03 05:12:58","action":"change-status","newStatus":"draft","terms":[],"taxonomy":"category","extraData":[]},"publishpress_future_workflow_manual_trigger":{"enabledWorkflows":[]},"_links":{"self":[{"href":"https:\/\/regiaonews.net.br\/2022\/wp-json\/wp\/v2\/posts\/107248","targetHints":{"allow":["GET"]}}],"collection":[{"href":"https:\/\/regiaonews.net.br\/2022\/wp-json\/wp\/v2\/posts"}],"about":[{"href":"https:\/\/regiaonews.net.br\/2022\/wp-json\/wp\/v2\/types\/post"}],"author":[{"embeddable":true,"href":"https:\/\/regiaonews.net.br\/2022\/wp-json\/wp\/v2\/users\/2"}],"replies":[{"embeddable":true,"href":"https:\/\/regiaonews.net.br\/2022\/wp-json\/wp\/v2\/comments?post=107248"}],"version-history":[{"count":1,"href":"https:\/\/regiaonews.net.br\/2022\/wp-json\/wp\/v2\/posts\/107248\/revisions"}],"predecessor-version":[{"id":107250,"href":"https:\/\/regiaonews.net.br\/2022\/wp-json\/wp\/v2\/posts\/107248\/revisions\/107250"}],"wp:attachment":[{"href":"https:\/\/regiaonews.net.br\/2022\/wp-json\/wp\/v2\/media?parent=107248"}],"wp:term":[{"taxonomy":"category","embeddable":true,"href":"https:\/\/regiaonews.net.br\/2022\/wp-json\/wp\/v2\/categories?post=107248"},{"taxonomy":"post_tag","embeddable":true,"href":"https:\/\/regiaonews.net.br\/2022\/wp-json\/wp\/v2\/tags?post=107248"}],"curies":[{"name":"wp","href":"https:\/\/api.w.org\/{rel}","templated":true}]}}