{"id":107215,"date":"2024-07-03T19:06:28","date_gmt":"2024-07-03T22:06:28","guid":{"rendered":"https:\/\/regiaonews.net.br\/2022\/?p=107215"},"modified":"2024-07-03T19:08:04","modified_gmt":"2024-07-03T22:08:04","slug":"festa-do-divino-comeca-nesta-sexta-feira","status":"publish","type":"post","link":"https:\/\/regiaonews.net.br\/2022\/2024\/07\/03\/festa-do-divino-comeca-nesta-sexta-feira\/","title":{"rendered":"Festa do Divino come\u00e7a nesta sexta-feira"},"content":{"rendered":"<p>&nbsp;<\/p>\n<p>Tem in\u00edcio nesta sexta-feira, 5 de julho\/24, a tradicional Festa do Divino, evento da Catedral do Divino Esp\u00edrito Santo. A renda ser\u00e1 destinada para manuten\u00e7\u00e3o e melhorias da Igreja. Os festeiros Lincoln Menezes e Amanda Fabris, destacam que haver\u00e1 uma rica programa\u00e7\u00e3o art\u00edstica e uma Feira Gastron\u00f4mica com deliciosas comidas t\u00edpicas e bebidas.<br \/>\n&#8220;Teremos uma abertura solene muito especial e faremos o encerramento com uma Queima do Alho por ades\u00e3o, no dia 9, feriado, as 12h, na Pra\u00e7a Francisco, onde acontecer\u00e1 este grandioso evento&#8221;, observa Lincoln.<br \/>\nO Festeiro falou ainda que foi preparada uma bel\u00edssima grade de shows para o entretenimento das pessoas que estar\u00e3o participando da Festa. &#8220;Montamos um grande sal\u00e3o de festas e posicionamos as barracas dos comest\u00edveis e caixas de forma estrat\u00e9gica com uma l\u00f3gistica para facilitar o fluxo das pessoas para aquisi\u00e7\u00e3o dos produtos que o evento oferece, que est\u00e3o sendo preparados pelas comunidades que comp\u00f5em a Par\u00f3quia Catedral. \u00c9 a volta da Festa do Divino com a Pra\u00e7a Francisco Barreto toda linda, repaginada com uma maravilhosa paisagem, ilumina\u00e7\u00e3o e outros atrativos. Assim, o evento hiper familiar ter\u00e1 um brilho ainda maior&#8221;, frisou.<br \/>\nMISSAS &#8211; o p\u00e1roco da Catedral do Divino Esp\u00edrito Santo, padre Deusmar Jesus da Silva, afirmou que a Festa do Divino \u00e9 um evento que valoriza a Cidade, pois tamb\u00e9m, al\u00e9m de ser um evento religioso, promove a cultura e o turismo. &#8220;Desde o primeiro ano &#8211; esta \u00e9 a d\u00e9cima nona edi\u00e7\u00e3o, atrai o barretense e pessoas de outras cidades&#8221;, destacou Deusmar.<br \/>\nO Padre confirmou a realiza\u00e7\u00e3o de missas todos os dias. &#8220;O potencial da Festa vai al\u00e9m da gastronomia, a cultura e o turismo. As celebra\u00e7\u00f5es das missas s\u00e3o momentos muito especiais de reflex\u00e3o e ora\u00e7\u00f5es, que mostram a import\u00e2ncia e relev\u00e2ncia do que nosso padroeiro, o Divino Esp\u00edrito Santo representa para todos n\u00f3s cat\u00f3licos, n\u00e3o s\u00f3 os da comunidade da Catedral, mas de toda Diocese&#8221;, enfatizou padre Deusmar.<\/p>\n<p>HOR\u00c1RIOS DE MISSAS<\/p>\n<p>&#8211; 5 de Julho (sexta-feira): 19 horas<br \/>\n&#8211; \u20606 de Julho (s\u00e1bado): 18 horas<br \/>\n&#8211; \u20607 de Julho (domingo): 19 horas<br \/>\n&#8211; 8 de Julho (segunda-feira): 19 horas<br \/>\n&#8211; \u20609 de Julho (ter\u00e7a-feira): 12 horas<\/p>\n<p>FEIRA GASTRON\u00d4MICA<\/p>\n<p>&#8211; Frango Assado<br \/>\n&#8211; \u2060Kafta<br \/>\n&#8211; \u2060Espeto de Contrafil\u00e9<br \/>\n&#8211; \u2060Pastel<br \/>\n&#8211; \u2060P\u00e3o com Lingui\u00e7a<br \/>\n&#8211; \u2060Cachorro Quente<br \/>\n&#8211; \u2060Caldo de Mandioca<br \/>\n&#8211; \u2060Chopp<br \/>\n&#8211; \u2060Quent\u00e3o<br \/>\n&#8211; \u2060Cerveja<br \/>\n&#8211; \u2060Refrigerante<br \/>\n&#8211; \u2060\u00c1gua<br \/>\n&#8211; \u2060Doces<br \/>\n&#8211; \u2060Caipirinha<br \/>\n&#8211; \u2060Batata Frita<\/p>\n<p>ALMO\u00c7O NO DIA 9<\/p>\n<p>O almo\u00e7o tipico com uma Queima do Alho, que marcar\u00e1 o encerramento da Festa do Divino, na ter\u00e7a-feira, 9 de julho\/24 (feriado), ser\u00e1 preparado pela Comitiva de Carlos Laurindo. A ades\u00e3o da Queima do Alho est\u00e1 dispon\u00edvel pelo valor de R$ 50,00. Os ingressos est\u00e3o sendo vendidos na Secretaria Par\u00f3quial, na Pra\u00e7a Francisco Barreto (Rua 16 &#8211; esquina da Avenida 21, n\u00famero 107). Crian\u00e7as at\u00e9 10 anos tem entrada gratuita.<\/p>\n<p>ANEXO: programa\u00e7\u00e3o art\u00edstica<\/p>\n<p><a href=\"https:\/\/regiaonews.net.br\/2022\/wp-content\/uploads\/2024\/07\/WhatsApp-Image-2024-07-03-at-17.13.44-1.jpeg\"><img loading=\"lazy\" decoding=\"async\" class=\"alignnone size-medium wp-image-107219\" src=\"https:\/\/regiaonews.net.br\/2022\/wp-content\/uploads\/2024\/07\/WhatsApp-Image-2024-07-03-at-17.13.44-1-300x173.jpeg\" alt=\"\" width=\"300\" height=\"173\" srcset=\"https:\/\/regiaonews.net.br\/2022\/wp-content\/uploads\/2024\/07\/WhatsApp-Image-2024-07-03-at-17.13.44-1-300x173.jpeg 300w, https:\/\/regiaonews.net.br\/2022\/wp-content\/uploads\/2024\/07\/WhatsApp-Image-2024-07-03-at-17.13.44-1-250x144.jpeg 250w, https:\/\/regiaonews.net.br\/2022\/wp-content\/uploads\/2024\/07\/WhatsApp-Image-2024-07-03-at-17.13.44-1.jpeg 596w\" sizes=\"auto, (max-width: 300px) 100vw, 300px\" \/><\/a><\/p>\n<p>Foto: Lincoln Menezes e Amanda Fabri, o casal festeiro da Festa do Divino.<\/p>\n","protected":false},"excerpt":{"rendered":"<p>&nbsp; Tem in\u00edcio nesta sexta-feira, 5 de julho\/24, a tradicional<\/p>\n","protected":false},"author":2,"featured_media":107216,"comment_status":"open","ping_status":"open","sticky":false,"template":"","format":"standard","meta":{"footnotes":""},"categories":[14,3],"tags":[],"class_list":["post-107215","post","type-post","status-publish","format-standard","has-post-thumbnail","hentry","category-barretos","category-geral"],"yoast_head":"<!-- This site is optimized with the Yoast SEO plugin v27.4 - https:\/\/yoast.com\/product\/yoast-seo-wordpress\/ -->\n<title>Festa do Divino come\u00e7a nesta sexta-feira - Regi\u00e3o News<\/title>\n<meta name=\"robots\" content=\"index, follow, max-snippet:-1, max-image-preview:large, max-video-preview:-1\" \/>\n<link rel=\"canonical\" href=\"https:\/\/regiaonews.net.br\/2022\/2024\/07\/03\/festa-do-divino-comeca-nesta-sexta-feira\/\" \/>\n<meta property=\"og:locale\" content=\"pt_BR\" \/>\n<meta property=\"og:type\" content=\"article\" \/>\n<meta property=\"og:title\" content=\"Festa do Divino come\u00e7a nesta sexta-feira - Regi\u00e3o News\" \/>\n<meta property=\"og:description\" content=\"&nbsp; Tem in\u00edcio nesta sexta-feira, 5 de julho\/24, a tradicional\" \/>\n<meta property=\"og:url\" content=\"https:\/\/regiaonews.net.br\/2022\/2024\/07\/03\/festa-do-divino-comeca-nesta-sexta-feira\/\" \/>\n<meta property=\"og:site_name\" content=\"Regi\u00e3o News\" \/>\n<meta property=\"article:published_time\" content=\"2024-07-03T22:06:28+00:00\" \/>\n<meta property=\"article:modified_time\" content=\"2024-07-03T22:08:04+00:00\" \/>\n<meta property=\"og:image\" content=\"https:\/\/regiaonews.net.br\/2022\/wp-content\/uploads\/2024\/07\/WhatsApp-Image-2024-07-03-at-17.13.44.jpeg\" \/>\n\t<meta property=\"og:image:width\" content=\"1000\" \/>\n\t<meta property=\"og:image:height\" content=\"864\" \/>\n\t<meta property=\"og:image:type\" content=\"image\/jpeg\" \/>\n<meta name=\"author\" content=\"Roberto\" \/>\n<meta name=\"twitter:card\" content=\"summary_large_image\" \/>\n<meta name=\"twitter:label1\" content=\"Escrito por\" \/>\n\t<meta name=\"twitter:data1\" content=\"Roberto\" \/>\n\t<meta name=\"twitter:label2\" content=\"Est. tempo de leitura\" \/>\n\t<meta name=\"twitter:data2\" content=\"3 minutos\" \/>\n<script type=\"application\/ld+json\" class=\"yoast-schema-graph\">{\"@context\":\"https:\\\/\\\/schema.org\",\"@graph\":[{\"@type\":\"Article\",\"@id\":\"https:\\\/\\\/regiaonews.net.br\\\/2022\\\/2024\\\/07\\\/03\\\/festa-do-divino-comeca-nesta-sexta-feira\\\/#article\",\"isPartOf\":{\"@id\":\"https:\\\/\\\/regiaonews.net.br\\\/2022\\\/2024\\\/07\\\/03\\\/festa-do-divino-comeca-nesta-sexta-feira\\\/\"},\"author\":{\"name\":\"Roberto\",\"@id\":\"https:\\\/\\\/regiaonews.net.br\\\/2022\\\/#\\\/schema\\\/person\\\/2d205a608a5aa97ac279d7a5e6d89ad8\"},\"headline\":\"Festa do Divino come\u00e7a nesta sexta-feira\",\"datePublished\":\"2024-07-03T22:06:28+00:00\",\"dateModified\":\"2024-07-03T22:08:04+00:00\",\"mainEntityOfPage\":{\"@id\":\"https:\\\/\\\/regiaonews.net.br\\\/2022\\\/2024\\\/07\\\/03\\\/festa-do-divino-comeca-nesta-sexta-feira\\\/\"},\"wordCount\":531,\"commentCount\":0,\"publisher\":{\"@id\":\"https:\\\/\\\/regiaonews.net.br\\\/2022\\\/#organization\"},\"image\":{\"@id\":\"https:\\\/\\\/regiaonews.net.br\\\/2022\\\/2024\\\/07\\\/03\\\/festa-do-divino-comeca-nesta-sexta-feira\\\/#primaryimage\"},\"thumbnailUrl\":\"https:\\\/\\\/regiaonews.net.br\\\/2022\\\/wp-content\\\/uploads\\\/2024\\\/07\\\/WhatsApp-Image-2024-07-03-at-17.13.44.jpeg\",\"articleSection\":[\"Barretos\",\"Geral\"],\"inLanguage\":\"pt-BR\",\"potentialAction\":[{\"@type\":\"CommentAction\",\"name\":\"Comment\",\"target\":[\"https:\\\/\\\/regiaonews.net.br\\\/2022\\\/2024\\\/07\\\/03\\\/festa-do-divino-comeca-nesta-sexta-feira\\\/#respond\"]}]},{\"@type\":\"WebPage\",\"@id\":\"https:\\\/\\\/regiaonews.net.br\\\/2022\\\/2024\\\/07\\\/03\\\/festa-do-divino-comeca-nesta-sexta-feira\\\/\",\"url\":\"https:\\\/\\\/regiaonews.net.br\\\/2022\\\/2024\\\/07\\\/03\\\/festa-do-divino-comeca-nesta-sexta-feira\\\/\",\"name\":\"Festa do Divino come\u00e7a nesta sexta-feira - Regi\u00e3o News\",\"isPartOf\":{\"@id\":\"https:\\\/\\\/regiaonews.net.br\\\/2022\\\/#website\"},\"primaryImageOfPage\":{\"@id\":\"https:\\\/\\\/regiaonews.net.br\\\/2022\\\/2024\\\/07\\\/03\\\/festa-do-divino-comeca-nesta-sexta-feira\\\/#primaryimage\"},\"image\":{\"@id\":\"https:\\\/\\\/regiaonews.net.br\\\/2022\\\/2024\\\/07\\\/03\\\/festa-do-divino-comeca-nesta-sexta-feira\\\/#primaryimage\"},\"thumbnailUrl\":\"https:\\\/\\\/regiaonews.net.br\\\/2022\\\/wp-content\\\/uploads\\\/2024\\\/07\\\/WhatsApp-Image-2024-07-03-at-17.13.44.jpeg\",\"datePublished\":\"2024-07-03T22:06:28+00:00\",\"dateModified\":\"2024-07-03T22:08:04+00:00\",\"breadcrumb\":{\"@id\":\"https:\\\/\\\/regiaonews.net.br\\\/2022\\\/2024\\\/07\\\/03\\\/festa-do-divino-comeca-nesta-sexta-feira\\\/#breadcrumb\"},\"inLanguage\":\"pt-BR\",\"potentialAction\":[{\"@type\":\"ReadAction\",\"target\":[\"https:\\\/\\\/regiaonews.net.br\\\/2022\\\/2024\\\/07\\\/03\\\/festa-do-divino-comeca-nesta-sexta-feira\\\/\"]}]},{\"@type\":\"ImageObject\",\"inLanguage\":\"pt-BR\",\"@id\":\"https:\\\/\\\/regiaonews.net.br\\\/2022\\\/2024\\\/07\\\/03\\\/festa-do-divino-comeca-nesta-sexta-feira\\\/#primaryimage\",\"url\":\"https:\\\/\\\/regiaonews.net.br\\\/2022\\\/wp-content\\\/uploads\\\/2024\\\/07\\\/WhatsApp-Image-2024-07-03-at-17.13.44.jpeg\",\"contentUrl\":\"https:\\\/\\\/regiaonews.net.br\\\/2022\\\/wp-content\\\/uploads\\\/2024\\\/07\\\/WhatsApp-Image-2024-07-03-at-17.13.44.jpeg\",\"width\":1000,\"height\":864},{\"@type\":\"BreadcrumbList\",\"@id\":\"https:\\\/\\\/regiaonews.net.br\\\/2022\\\/2024\\\/07\\\/03\\\/festa-do-divino-comeca-nesta-sexta-feira\\\/#breadcrumb\",\"itemListElement\":[{\"@type\":\"ListItem\",\"position\":1,\"name\":\"In\u00edcio\",\"item\":\"https:\\\/\\\/regiaonews.net.br\\\/2022\\\/\"},{\"@type\":\"ListItem\",\"position\":2,\"name\":\"Festa do Divino come\u00e7a nesta sexta-feira\"}]},{\"@type\":\"WebSite\",\"@id\":\"https:\\\/\\\/regiaonews.net.br\\\/2022\\\/#website\",\"url\":\"https:\\\/\\\/regiaonews.net.br\\\/2022\\\/\",\"name\":\"Regi\u00e3o News\",\"description\":\"Site de Not\u00edcias de Barretos e regi\u00e3o\",\"publisher\":{\"@id\":\"https:\\\/\\\/regiaonews.net.br\\\/2022\\\/#organization\"},\"potentialAction\":[{\"@type\":\"SearchAction\",\"target\":{\"@type\":\"EntryPoint\",\"urlTemplate\":\"https:\\\/\\\/regiaonews.net.br\\\/2022\\\/?s={search_term_string}\"},\"query-input\":{\"@type\":\"PropertyValueSpecification\",\"valueRequired\":true,\"valueName\":\"search_term_string\"}}],\"inLanguage\":\"pt-BR\"},{\"@type\":\"Organization\",\"@id\":\"https:\\\/\\\/regiaonews.net.br\\\/2022\\\/#organization\",\"name\":\"Regi\u00e3o News\",\"url\":\"https:\\\/\\\/regiaonews.net.br\\\/2022\\\/\",\"logo\":{\"@type\":\"ImageObject\",\"inLanguage\":\"pt-BR\",\"@id\":\"https:\\\/\\\/regiaonews.net.br\\\/2022\\\/#\\\/schema\\\/logo\\\/image\\\/\",\"url\":\"https:\\\/\\\/regiaonews.net.br\\\/2022\\\/wp-content\\\/uploads\\\/2026\\\/03\\\/regiao-13-anos-scaled.jpg\",\"contentUrl\":\"https:\\\/\\\/regiaonews.net.br\\\/2022\\\/wp-content\\\/uploads\\\/2026\\\/03\\\/regiao-13-anos-scaled.jpg\",\"width\":2560,\"height\":635,\"caption\":\"Regi\u00e3o News\"},\"image\":{\"@id\":\"https:\\\/\\\/regiaonews.net.br\\\/2022\\\/#\\\/schema\\\/logo\\\/image\\\/\"}},{\"@type\":\"Person\",\"@id\":\"https:\\\/\\\/regiaonews.net.br\\\/2022\\\/#\\\/schema\\\/person\\\/2d205a608a5aa97ac279d7a5e6d89ad8\",\"name\":\"Roberto\",\"image\":{\"@type\":\"ImageObject\",\"inLanguage\":\"pt-BR\",\"@id\":\"https:\\\/\\\/secure.gravatar.com\\\/avatar\\\/42749d8b712ff9d59ca93dc150494e5b55a44134482993f5baeb97e61b7ecc89?s=96&d=mm&r=g\",\"url\":\"https:\\\/\\\/secure.gravatar.com\\\/avatar\\\/42749d8b712ff9d59ca93dc150494e5b55a44134482993f5baeb97e61b7ecc89?s=96&d=mm&r=g\",\"contentUrl\":\"https:\\\/\\\/secure.gravatar.com\\\/avatar\\\/42749d8b712ff9d59ca93dc150494e5b55a44134482993f5baeb97e61b7ecc89?s=96&d=mm&r=g\",\"caption\":\"Roberto\"},\"url\":\"https:\\\/\\\/regiaonews.net.br\\\/2022\\\/author\\\/roberto\\\/\"}]}<\/script>\n<!-- \/ Yoast SEO plugin. -->","yoast_head_json":{"title":"Festa do Divino come\u00e7a nesta sexta-feira - Regi\u00e3o News","robots":{"index":"index","follow":"follow","max-snippet":"max-snippet:-1","max-image-preview":"max-image-preview:large","max-video-preview":"max-video-preview:-1"},"canonical":"https:\/\/regiaonews.net.br\/2022\/2024\/07\/03\/festa-do-divino-comeca-nesta-sexta-feira\/","og_locale":"pt_BR","og_type":"article","og_title":"Festa do Divino come\u00e7a nesta sexta-feira - Regi\u00e3o News","og_description":"&nbsp; Tem in\u00edcio nesta sexta-feira, 5 de julho\/24, a tradicional","og_url":"https:\/\/regiaonews.net.br\/2022\/2024\/07\/03\/festa-do-divino-comeca-nesta-sexta-feira\/","og_site_name":"Regi\u00e3o News","article_published_time":"2024-07-03T22:06:28+00:00","article_modified_time":"2024-07-03T22:08:04+00:00","og_image":[{"width":1000,"height":864,"url":"https:\/\/regiaonews.net.br\/2022\/wp-content\/uploads\/2024\/07\/WhatsApp-Image-2024-07-03-at-17.13.44.jpeg","type":"image\/jpeg"}],"author":"Roberto","twitter_card":"summary_large_image","twitter_misc":{"Escrito por":"Roberto","Est. tempo de leitura":"3 minutos"},"schema":{"@context":"https:\/\/schema.org","@graph":[{"@type":"Article","@id":"https:\/\/regiaonews.net.br\/2022\/2024\/07\/03\/festa-do-divino-comeca-nesta-sexta-feira\/#article","isPartOf":{"@id":"https:\/\/regiaonews.net.br\/2022\/2024\/07\/03\/festa-do-divino-comeca-nesta-sexta-feira\/"},"author":{"name":"Roberto","@id":"https:\/\/regiaonews.net.br\/2022\/#\/schema\/person\/2d205a608a5aa97ac279d7a5e6d89ad8"},"headline":"Festa do Divino come\u00e7a nesta sexta-feira","datePublished":"2024-07-03T22:06:28+00:00","dateModified":"2024-07-03T22:08:04+00:00","mainEntityOfPage":{"@id":"https:\/\/regiaonews.net.br\/2022\/2024\/07\/03\/festa-do-divino-comeca-nesta-sexta-feira\/"},"wordCount":531,"commentCount":0,"publisher":{"@id":"https:\/\/regiaonews.net.br\/2022\/#organization"},"image":{"@id":"https:\/\/regiaonews.net.br\/2022\/2024\/07\/03\/festa-do-divino-comeca-nesta-sexta-feira\/#primaryimage"},"thumbnailUrl":"https:\/\/regiaonews.net.br\/2022\/wp-content\/uploads\/2024\/07\/WhatsApp-Image-2024-07-03-at-17.13.44.jpeg","articleSection":["Barretos","Geral"],"inLanguage":"pt-BR","potentialAction":[{"@type":"CommentAction","name":"Comment","target":["https:\/\/regiaonews.net.br\/2022\/2024\/07\/03\/festa-do-divino-comeca-nesta-sexta-feira\/#respond"]}]},{"@type":"WebPage","@id":"https:\/\/regiaonews.net.br\/2022\/2024\/07\/03\/festa-do-divino-comeca-nesta-sexta-feira\/","url":"https:\/\/regiaonews.net.br\/2022\/2024\/07\/03\/festa-do-divino-comeca-nesta-sexta-feira\/","name":"Festa do Divino come\u00e7a nesta sexta-feira - Regi\u00e3o News","isPartOf":{"@id":"https:\/\/regiaonews.net.br\/2022\/#website"},"primaryImageOfPage":{"@id":"https:\/\/regiaonews.net.br\/2022\/2024\/07\/03\/festa-do-divino-comeca-nesta-sexta-feira\/#primaryimage"},"image":{"@id":"https:\/\/regiaonews.net.br\/2022\/2024\/07\/03\/festa-do-divino-comeca-nesta-sexta-feira\/#primaryimage"},"thumbnailUrl":"https:\/\/regiaonews.net.br\/2022\/wp-content\/uploads\/2024\/07\/WhatsApp-Image-2024-07-03-at-17.13.44.jpeg","datePublished":"2024-07-03T22:06:28+00:00","dateModified":"2024-07-03T22:08:04+00:00","breadcrumb":{"@id":"https:\/\/regiaonews.net.br\/2022\/2024\/07\/03\/festa-do-divino-comeca-nesta-sexta-feira\/#breadcrumb"},"inLanguage":"pt-BR","potentialAction":[{"@type":"ReadAction","target":["https:\/\/regiaonews.net.br\/2022\/2024\/07\/03\/festa-do-divino-comeca-nesta-sexta-feira\/"]}]},{"@type":"ImageObject","inLanguage":"pt-BR","@id":"https:\/\/regiaonews.net.br\/2022\/2024\/07\/03\/festa-do-divino-comeca-nesta-sexta-feira\/#primaryimage","url":"https:\/\/regiaonews.net.br\/2022\/wp-content\/uploads\/2024\/07\/WhatsApp-Image-2024-07-03-at-17.13.44.jpeg","contentUrl":"https:\/\/regiaonews.net.br\/2022\/wp-content\/uploads\/2024\/07\/WhatsApp-Image-2024-07-03-at-17.13.44.jpeg","width":1000,"height":864},{"@type":"BreadcrumbList","@id":"https:\/\/regiaonews.net.br\/2022\/2024\/07\/03\/festa-do-divino-comeca-nesta-sexta-feira\/#breadcrumb","itemListElement":[{"@type":"ListItem","position":1,"name":"In\u00edcio","item":"https:\/\/regiaonews.net.br\/2022\/"},{"@type":"ListItem","position":2,"name":"Festa do Divino come\u00e7a nesta sexta-feira"}]},{"@type":"WebSite","@id":"https:\/\/regiaonews.net.br\/2022\/#website","url":"https:\/\/regiaonews.net.br\/2022\/","name":"Regi\u00e3o News","description":"Site de Not\u00edcias de Barretos e regi\u00e3o","publisher":{"@id":"https:\/\/regiaonews.net.br\/2022\/#organization"},"potentialAction":[{"@type":"SearchAction","target":{"@type":"EntryPoint","urlTemplate":"https:\/\/regiaonews.net.br\/2022\/?s={search_term_string}"},"query-input":{"@type":"PropertyValueSpecification","valueRequired":true,"valueName":"search_term_string"}}],"inLanguage":"pt-BR"},{"@type":"Organization","@id":"https:\/\/regiaonews.net.br\/2022\/#organization","name":"Regi\u00e3o News","url":"https:\/\/regiaonews.net.br\/2022\/","logo":{"@type":"ImageObject","inLanguage":"pt-BR","@id":"https:\/\/regiaonews.net.br\/2022\/#\/schema\/logo\/image\/","url":"https:\/\/regiaonews.net.br\/2022\/wp-content\/uploads\/2026\/03\/regiao-13-anos-scaled.jpg","contentUrl":"https:\/\/regiaonews.net.br\/2022\/wp-content\/uploads\/2026\/03\/regiao-13-anos-scaled.jpg","width":2560,"height":635,"caption":"Regi\u00e3o News"},"image":{"@id":"https:\/\/regiaonews.net.br\/2022\/#\/schema\/logo\/image\/"}},{"@type":"Person","@id":"https:\/\/regiaonews.net.br\/2022\/#\/schema\/person\/2d205a608a5aa97ac279d7a5e6d89ad8","name":"Roberto","image":{"@type":"ImageObject","inLanguage":"pt-BR","@id":"https:\/\/secure.gravatar.com\/avatar\/42749d8b712ff9d59ca93dc150494e5b55a44134482993f5baeb97e61b7ecc89?s=96&d=mm&r=g","url":"https:\/\/secure.gravatar.com\/avatar\/42749d8b712ff9d59ca93dc150494e5b55a44134482993f5baeb97e61b7ecc89?s=96&d=mm&r=g","contentUrl":"https:\/\/secure.gravatar.com\/avatar\/42749d8b712ff9d59ca93dc150494e5b55a44134482993f5baeb97e61b7ecc89?s=96&d=mm&r=g","caption":"Roberto"},"url":"https:\/\/regiaonews.net.br\/2022\/author\/roberto\/"}]}},"publishpress_future_action":{"enabled":false,"date":"2026-05-03 05:53:14","action":"change-status","newStatus":"draft","terms":[],"taxonomy":"category","extraData":[]},"publishpress_future_workflow_manual_trigger":{"enabledWorkflows":[]},"_links":{"self":[{"href":"https:\/\/regiaonews.net.br\/2022\/wp-json\/wp\/v2\/posts\/107215","targetHints":{"allow":["GET"]}}],"collection":[{"href":"https:\/\/regiaonews.net.br\/2022\/wp-json\/wp\/v2\/posts"}],"about":[{"href":"https:\/\/regiaonews.net.br\/2022\/wp-json\/wp\/v2\/types\/post"}],"author":[{"embeddable":true,"href":"https:\/\/regiaonews.net.br\/2022\/wp-json\/wp\/v2\/users\/2"}],"replies":[{"embeddable":true,"href":"https:\/\/regiaonews.net.br\/2022\/wp-json\/wp\/v2\/comments?post=107215"}],"version-history":[{"count":3,"href":"https:\/\/regiaonews.net.br\/2022\/wp-json\/wp\/v2\/posts\/107215\/revisions"}],"predecessor-version":[{"id":107220,"href":"https:\/\/regiaonews.net.br\/2022\/wp-json\/wp\/v2\/posts\/107215\/revisions\/107220"}],"wp:featuredmedia":[{"embeddable":true,"href":"https:\/\/regiaonews.net.br\/2022\/wp-json\/wp\/v2\/media\/107216"}],"wp:attachment":[{"href":"https:\/\/regiaonews.net.br\/2022\/wp-json\/wp\/v2\/media?parent=107215"}],"wp:term":[{"taxonomy":"category","embeddable":true,"href":"https:\/\/regiaonews.net.br\/2022\/wp-json\/wp\/v2\/categories?post=107215"},{"taxonomy":"post_tag","embeddable":true,"href":"https:\/\/regiaonews.net.br\/2022\/wp-json\/wp\/v2\/tags?post=107215"}],"curies":[{"name":"wp","href":"https:\/\/api.w.org\/{rel}","templated":true}]}}