{"id":107212,"date":"2024-07-03T19:04:39","date_gmt":"2024-07-03T22:04:39","guid":{"rendered":"https:\/\/regiaonews.net.br\/2022\/?p=107212"},"modified":"2024-07-03T19:04:39","modified_gmt":"2024-07-03T22:04:39","slug":"cartao-postal-de-barretos-regiao-dos-lagos-recebe-seis-pontos-de-wi-fi-livre","status":"publish","type":"post","link":"https:\/\/regiaonews.net.br\/2022\/2024\/07\/03\/cartao-postal-de-barretos-regiao-dos-lagos-recebe-seis-pontos-de-wi-fi-livre\/","title":{"rendered":"Cart\u00e3o Postal de Barretos, Regi\u00e3o dos Lagos recebe seis pontos de Wi-Fi Livre"},"content":{"rendered":"<p>Pra\u00e7a no bairro Benedito Realindo Correa tamb\u00e9m foi contemplada com a tecnologia<\/p>\n<p>Barretos j\u00e1 conta com 22 pontos de Wi-Fi Livre em \u00e1reas estrat\u00e9gicas da cidade, para que os mun\u00edcipes acessem a internet gratuitamente a partir de seus dispositivos m\u00f3veis.<br \/>\nNesta quarta-feira, 3 de julho, foi a vez da Regi\u00e3o dos Lagos, cart\u00e3o postal barretense, receber mais seis pontos de Wi-Fi Livre: dois no primeiro lago, dois no segundo, um no terceiro e um nas proximidades da Areninha. No in\u00edcio deste ano, o Playground \u2018Pedro Henrique de Souza\u2019 j\u00e1 havia sido contemplado com a tecnologia.<br \/>\nWi-Fi na Pra\u00e7a<br \/>\nAl\u00e9m dos lagos, a pra\u00e7a localizada na Alameda Pedro Almeida e Silva com a Rua Cecap-12, no bairro Benedito Realindo Correa, tamb\u00e9m recebeu um ponto de Wi-Fi Livre.<br \/>\nA iniciativa integra o Projeto Cidade Inteligente, tem o objetivo de promover a inclus\u00e3o digital da popula\u00e7\u00e3o, e prev\u00ea a instala\u00e7\u00e3o de 28 pontos no total.<br \/>\nPara se conectar o cidad\u00e3o deve localizar a rede \u201cBarretos Inteligente\u201d, preencher um breve cadastro com e-mail, telefone, nome, sobrenome e criar o login e a senha que ser\u00e3o utilizados para o acesso.<\/p>\n<p>Locais que j\u00e1 contam com pontos de Wi-Fi Livre:<\/p>\n<p>\u2022 Pra\u00e7a Francisco Barreto (2 pontos)<br \/>\n\u2022 Esta\u00e7\u00e3o Cultura<br \/>\n\u2022 Pra\u00e7a do Bom Jesus<br \/>\n\u2022 Pra\u00e7a Jo\u00e3o Monteiro de Barros (Christiano Carvalho)<br \/>\n\u2022 Pra\u00e7a da Primavera<br \/>\n\u2022 Terminal de Integra\u00e7\u00e3o<br \/>\n\u2022 Vel\u00f3rio Municipal<br \/>\n\u2022 Terminal Rodovi\u00e1rio<br \/>\n\u2022 Playground da Regi\u00e3o dos Lagos<br \/>\n\u2022 Pra\u00e7a do Conjunto Habitacional Nadir Kenan<br \/>\n\u2022 Racibe Rezek<br \/>\n\u2022 Sistema de Lazer do bairro Zequinha Am\u00eandola<br \/>\n\u2022 \u00c1rea de lazer no bairro Vida Nova<br \/>\n\u2022 Pista de Skate \u201cVitor Eduardo Auad Paiva\u201d (San Diego)<\/p>\n","protected":false},"excerpt":{"rendered":"<p>Pra\u00e7a no bairro Benedito Realindo Correa tamb\u00e9m foi contemplada com<\/p>\n","protected":false},"author":2,"featured_media":107213,"comment_status":"open","ping_status":"open","sticky":false,"template":"","format":"standard","meta":{"footnotes":""},"categories":[14,25],"tags":[],"class_list":["post-107212","post","type-post","status-publish","format-standard","has-post-thumbnail","hentry","category-barretos","category-cidades"],"yoast_head":"<!-- This site is optimized with the Yoast SEO plugin v27.4 - https:\/\/yoast.com\/product\/yoast-seo-wordpress\/ -->\n<title>Cart\u00e3o Postal de Barretos, Regi\u00e3o dos Lagos recebe seis pontos de Wi-Fi Livre - Regi\u00e3o News<\/title>\n<meta name=\"robots\" content=\"index, follow, max-snippet:-1, max-image-preview:large, max-video-preview:-1\" \/>\n<link rel=\"canonical\" href=\"https:\/\/regiaonews.net.br\/2022\/2024\/07\/03\/cartao-postal-de-barretos-regiao-dos-lagos-recebe-seis-pontos-de-wi-fi-livre\/\" \/>\n<meta property=\"og:locale\" content=\"pt_BR\" \/>\n<meta property=\"og:type\" content=\"article\" \/>\n<meta property=\"og:title\" content=\"Cart\u00e3o Postal de Barretos, Regi\u00e3o dos Lagos recebe seis pontos de Wi-Fi Livre - Regi\u00e3o News\" \/>\n<meta property=\"og:description\" content=\"Pra\u00e7a no bairro Benedito Realindo Correa tamb\u00e9m foi contemplada com\" \/>\n<meta property=\"og:url\" content=\"https:\/\/regiaonews.net.br\/2022\/2024\/07\/03\/cartao-postal-de-barretos-regiao-dos-lagos-recebe-seis-pontos-de-wi-fi-livre\/\" \/>\n<meta property=\"og:site_name\" content=\"Regi\u00e3o News\" \/>\n<meta property=\"article:published_time\" content=\"2024-07-03T22:04:39+00:00\" \/>\n<meta property=\"og:image\" content=\"https:\/\/regiaonews.net.br\/2022\/wp-content\/uploads\/2024\/07\/WhatsApp-Image-2024-07-03-at-16.29.22.jpeg\" \/>\n\t<meta property=\"og:image:width\" content=\"1600\" \/>\n\t<meta property=\"og:image:height\" content=\"1200\" \/>\n\t<meta property=\"og:image:type\" content=\"image\/jpeg\" \/>\n<meta name=\"author\" content=\"Roberto\" \/>\n<meta name=\"twitter:card\" content=\"summary_large_image\" \/>\n<meta name=\"twitter:label1\" content=\"Escrito por\" \/>\n\t<meta name=\"twitter:data1\" content=\"Roberto\" \/>\n\t<meta name=\"twitter:label2\" content=\"Est. tempo de leitura\" \/>\n\t<meta name=\"twitter:data2\" content=\"2 minutos\" \/>\n<script type=\"application\/ld+json\" class=\"yoast-schema-graph\">{\"@context\":\"https:\\\/\\\/schema.org\",\"@graph\":[{\"@type\":\"Article\",\"@id\":\"https:\\\/\\\/regiaonews.net.br\\\/2022\\\/2024\\\/07\\\/03\\\/cartao-postal-de-barretos-regiao-dos-lagos-recebe-seis-pontos-de-wi-fi-livre\\\/#article\",\"isPartOf\":{\"@id\":\"https:\\\/\\\/regiaonews.net.br\\\/2022\\\/2024\\\/07\\\/03\\\/cartao-postal-de-barretos-regiao-dos-lagos-recebe-seis-pontos-de-wi-fi-livre\\\/\"},\"author\":{\"name\":\"Roberto\",\"@id\":\"https:\\\/\\\/regiaonews.net.br\\\/2022\\\/#\\\/schema\\\/person\\\/2d205a608a5aa97ac279d7a5e6d89ad8\"},\"headline\":\"Cart\u00e3o Postal de Barretos, Regi\u00e3o dos Lagos recebe seis pontos de Wi-Fi Livre\",\"datePublished\":\"2024-07-03T22:04:39+00:00\",\"mainEntityOfPage\":{\"@id\":\"https:\\\/\\\/regiaonews.net.br\\\/2022\\\/2024\\\/07\\\/03\\\/cartao-postal-de-barretos-regiao-dos-lagos-recebe-seis-pontos-de-wi-fi-livre\\\/\"},\"wordCount\":298,\"commentCount\":0,\"publisher\":{\"@id\":\"https:\\\/\\\/regiaonews.net.br\\\/2022\\\/#organization\"},\"image\":{\"@id\":\"https:\\\/\\\/regiaonews.net.br\\\/2022\\\/2024\\\/07\\\/03\\\/cartao-postal-de-barretos-regiao-dos-lagos-recebe-seis-pontos-de-wi-fi-livre\\\/#primaryimage\"},\"thumbnailUrl\":\"https:\\\/\\\/regiaonews.net.br\\\/2022\\\/wp-content\\\/uploads\\\/2024\\\/07\\\/WhatsApp-Image-2024-07-03-at-16.29.22.jpeg\",\"articleSection\":[\"Barretos\",\"Cidades\"],\"inLanguage\":\"pt-BR\",\"potentialAction\":[{\"@type\":\"CommentAction\",\"name\":\"Comment\",\"target\":[\"https:\\\/\\\/regiaonews.net.br\\\/2022\\\/2024\\\/07\\\/03\\\/cartao-postal-de-barretos-regiao-dos-lagos-recebe-seis-pontos-de-wi-fi-livre\\\/#respond\"]}]},{\"@type\":\"WebPage\",\"@id\":\"https:\\\/\\\/regiaonews.net.br\\\/2022\\\/2024\\\/07\\\/03\\\/cartao-postal-de-barretos-regiao-dos-lagos-recebe-seis-pontos-de-wi-fi-livre\\\/\",\"url\":\"https:\\\/\\\/regiaonews.net.br\\\/2022\\\/2024\\\/07\\\/03\\\/cartao-postal-de-barretos-regiao-dos-lagos-recebe-seis-pontos-de-wi-fi-livre\\\/\",\"name\":\"Cart\u00e3o Postal de Barretos, Regi\u00e3o dos Lagos recebe seis pontos de Wi-Fi Livre - Regi\u00e3o News\",\"isPartOf\":{\"@id\":\"https:\\\/\\\/regiaonews.net.br\\\/2022\\\/#website\"},\"primaryImageOfPage\":{\"@id\":\"https:\\\/\\\/regiaonews.net.br\\\/2022\\\/2024\\\/07\\\/03\\\/cartao-postal-de-barretos-regiao-dos-lagos-recebe-seis-pontos-de-wi-fi-livre\\\/#primaryimage\"},\"image\":{\"@id\":\"https:\\\/\\\/regiaonews.net.br\\\/2022\\\/2024\\\/07\\\/03\\\/cartao-postal-de-barretos-regiao-dos-lagos-recebe-seis-pontos-de-wi-fi-livre\\\/#primaryimage\"},\"thumbnailUrl\":\"https:\\\/\\\/regiaonews.net.br\\\/2022\\\/wp-content\\\/uploads\\\/2024\\\/07\\\/WhatsApp-Image-2024-07-03-at-16.29.22.jpeg\",\"datePublished\":\"2024-07-03T22:04:39+00:00\",\"breadcrumb\":{\"@id\":\"https:\\\/\\\/regiaonews.net.br\\\/2022\\\/2024\\\/07\\\/03\\\/cartao-postal-de-barretos-regiao-dos-lagos-recebe-seis-pontos-de-wi-fi-livre\\\/#breadcrumb\"},\"inLanguage\":\"pt-BR\",\"potentialAction\":[{\"@type\":\"ReadAction\",\"target\":[\"https:\\\/\\\/regiaonews.net.br\\\/2022\\\/2024\\\/07\\\/03\\\/cartao-postal-de-barretos-regiao-dos-lagos-recebe-seis-pontos-de-wi-fi-livre\\\/\"]}]},{\"@type\":\"ImageObject\",\"inLanguage\":\"pt-BR\",\"@id\":\"https:\\\/\\\/regiaonews.net.br\\\/2022\\\/2024\\\/07\\\/03\\\/cartao-postal-de-barretos-regiao-dos-lagos-recebe-seis-pontos-de-wi-fi-livre\\\/#primaryimage\",\"url\":\"https:\\\/\\\/regiaonews.net.br\\\/2022\\\/wp-content\\\/uploads\\\/2024\\\/07\\\/WhatsApp-Image-2024-07-03-at-16.29.22.jpeg\",\"contentUrl\":\"https:\\\/\\\/regiaonews.net.br\\\/2022\\\/wp-content\\\/uploads\\\/2024\\\/07\\\/WhatsApp-Image-2024-07-03-at-16.29.22.jpeg\",\"width\":1600,\"height\":1200},{\"@type\":\"BreadcrumbList\",\"@id\":\"https:\\\/\\\/regiaonews.net.br\\\/2022\\\/2024\\\/07\\\/03\\\/cartao-postal-de-barretos-regiao-dos-lagos-recebe-seis-pontos-de-wi-fi-livre\\\/#breadcrumb\",\"itemListElement\":[{\"@type\":\"ListItem\",\"position\":1,\"name\":\"In\u00edcio\",\"item\":\"https:\\\/\\\/regiaonews.net.br\\\/2022\\\/\"},{\"@type\":\"ListItem\",\"position\":2,\"name\":\"Cart\u00e3o Postal de Barretos, Regi\u00e3o dos Lagos recebe seis pontos de Wi-Fi Livre\"}]},{\"@type\":\"WebSite\",\"@id\":\"https:\\\/\\\/regiaonews.net.br\\\/2022\\\/#website\",\"url\":\"https:\\\/\\\/regiaonews.net.br\\\/2022\\\/\",\"name\":\"Regi\u00e3o News\",\"description\":\"Site de Not\u00edcias de Barretos e regi\u00e3o\",\"publisher\":{\"@id\":\"https:\\\/\\\/regiaonews.net.br\\\/2022\\\/#organization\"},\"potentialAction\":[{\"@type\":\"SearchAction\",\"target\":{\"@type\":\"EntryPoint\",\"urlTemplate\":\"https:\\\/\\\/regiaonews.net.br\\\/2022\\\/?s={search_term_string}\"},\"query-input\":{\"@type\":\"PropertyValueSpecification\",\"valueRequired\":true,\"valueName\":\"search_term_string\"}}],\"inLanguage\":\"pt-BR\"},{\"@type\":\"Organization\",\"@id\":\"https:\\\/\\\/regiaonews.net.br\\\/2022\\\/#organization\",\"name\":\"Regi\u00e3o News\",\"url\":\"https:\\\/\\\/regiaonews.net.br\\\/2022\\\/\",\"logo\":{\"@type\":\"ImageObject\",\"inLanguage\":\"pt-BR\",\"@id\":\"https:\\\/\\\/regiaonews.net.br\\\/2022\\\/#\\\/schema\\\/logo\\\/image\\\/\",\"url\":\"https:\\\/\\\/regiaonews.net.br\\\/2022\\\/wp-content\\\/uploads\\\/2026\\\/03\\\/regiao-13-anos-scaled.jpg\",\"contentUrl\":\"https:\\\/\\\/regiaonews.net.br\\\/2022\\\/wp-content\\\/uploads\\\/2026\\\/03\\\/regiao-13-anos-scaled.jpg\",\"width\":2560,\"height\":635,\"caption\":\"Regi\u00e3o News\"},\"image\":{\"@id\":\"https:\\\/\\\/regiaonews.net.br\\\/2022\\\/#\\\/schema\\\/logo\\\/image\\\/\"}},{\"@type\":\"Person\",\"@id\":\"https:\\\/\\\/regiaonews.net.br\\\/2022\\\/#\\\/schema\\\/person\\\/2d205a608a5aa97ac279d7a5e6d89ad8\",\"name\":\"Roberto\",\"image\":{\"@type\":\"ImageObject\",\"inLanguage\":\"pt-BR\",\"@id\":\"https:\\\/\\\/secure.gravatar.com\\\/avatar\\\/42749d8b712ff9d59ca93dc150494e5b55a44134482993f5baeb97e61b7ecc89?s=96&d=mm&r=g\",\"url\":\"https:\\\/\\\/secure.gravatar.com\\\/avatar\\\/42749d8b712ff9d59ca93dc150494e5b55a44134482993f5baeb97e61b7ecc89?s=96&d=mm&r=g\",\"contentUrl\":\"https:\\\/\\\/secure.gravatar.com\\\/avatar\\\/42749d8b712ff9d59ca93dc150494e5b55a44134482993f5baeb97e61b7ecc89?s=96&d=mm&r=g\",\"caption\":\"Roberto\"},\"url\":\"https:\\\/\\\/regiaonews.net.br\\\/2022\\\/author\\\/roberto\\\/\"}]}<\/script>\n<!-- \/ Yoast SEO plugin. -->","yoast_head_json":{"title":"Cart\u00e3o Postal de Barretos, Regi\u00e3o dos Lagos recebe seis pontos de Wi-Fi Livre - Regi\u00e3o News","robots":{"index":"index","follow":"follow","max-snippet":"max-snippet:-1","max-image-preview":"max-image-preview:large","max-video-preview":"max-video-preview:-1"},"canonical":"https:\/\/regiaonews.net.br\/2022\/2024\/07\/03\/cartao-postal-de-barretos-regiao-dos-lagos-recebe-seis-pontos-de-wi-fi-livre\/","og_locale":"pt_BR","og_type":"article","og_title":"Cart\u00e3o Postal de Barretos, Regi\u00e3o dos Lagos recebe seis pontos de Wi-Fi Livre - Regi\u00e3o News","og_description":"Pra\u00e7a no bairro Benedito Realindo Correa tamb\u00e9m foi contemplada com","og_url":"https:\/\/regiaonews.net.br\/2022\/2024\/07\/03\/cartao-postal-de-barretos-regiao-dos-lagos-recebe-seis-pontos-de-wi-fi-livre\/","og_site_name":"Regi\u00e3o News","article_published_time":"2024-07-03T22:04:39+00:00","og_image":[{"width":1600,"height":1200,"url":"https:\/\/regiaonews.net.br\/2022\/wp-content\/uploads\/2024\/07\/WhatsApp-Image-2024-07-03-at-16.29.22.jpeg","type":"image\/jpeg"}],"author":"Roberto","twitter_card":"summary_large_image","twitter_misc":{"Escrito por":"Roberto","Est. tempo de leitura":"2 minutos"},"schema":{"@context":"https:\/\/schema.org","@graph":[{"@type":"Article","@id":"https:\/\/regiaonews.net.br\/2022\/2024\/07\/03\/cartao-postal-de-barretos-regiao-dos-lagos-recebe-seis-pontos-de-wi-fi-livre\/#article","isPartOf":{"@id":"https:\/\/regiaonews.net.br\/2022\/2024\/07\/03\/cartao-postal-de-barretos-regiao-dos-lagos-recebe-seis-pontos-de-wi-fi-livre\/"},"author":{"name":"Roberto","@id":"https:\/\/regiaonews.net.br\/2022\/#\/schema\/person\/2d205a608a5aa97ac279d7a5e6d89ad8"},"headline":"Cart\u00e3o Postal de Barretos, Regi\u00e3o dos Lagos recebe seis pontos de Wi-Fi Livre","datePublished":"2024-07-03T22:04:39+00:00","mainEntityOfPage":{"@id":"https:\/\/regiaonews.net.br\/2022\/2024\/07\/03\/cartao-postal-de-barretos-regiao-dos-lagos-recebe-seis-pontos-de-wi-fi-livre\/"},"wordCount":298,"commentCount":0,"publisher":{"@id":"https:\/\/regiaonews.net.br\/2022\/#organization"},"image":{"@id":"https:\/\/regiaonews.net.br\/2022\/2024\/07\/03\/cartao-postal-de-barretos-regiao-dos-lagos-recebe-seis-pontos-de-wi-fi-livre\/#primaryimage"},"thumbnailUrl":"https:\/\/regiaonews.net.br\/2022\/wp-content\/uploads\/2024\/07\/WhatsApp-Image-2024-07-03-at-16.29.22.jpeg","articleSection":["Barretos","Cidades"],"inLanguage":"pt-BR","potentialAction":[{"@type":"CommentAction","name":"Comment","target":["https:\/\/regiaonews.net.br\/2022\/2024\/07\/03\/cartao-postal-de-barretos-regiao-dos-lagos-recebe-seis-pontos-de-wi-fi-livre\/#respond"]}]},{"@type":"WebPage","@id":"https:\/\/regiaonews.net.br\/2022\/2024\/07\/03\/cartao-postal-de-barretos-regiao-dos-lagos-recebe-seis-pontos-de-wi-fi-livre\/","url":"https:\/\/regiaonews.net.br\/2022\/2024\/07\/03\/cartao-postal-de-barretos-regiao-dos-lagos-recebe-seis-pontos-de-wi-fi-livre\/","name":"Cart\u00e3o Postal de Barretos, Regi\u00e3o dos Lagos recebe seis pontos de Wi-Fi Livre - Regi\u00e3o News","isPartOf":{"@id":"https:\/\/regiaonews.net.br\/2022\/#website"},"primaryImageOfPage":{"@id":"https:\/\/regiaonews.net.br\/2022\/2024\/07\/03\/cartao-postal-de-barretos-regiao-dos-lagos-recebe-seis-pontos-de-wi-fi-livre\/#primaryimage"},"image":{"@id":"https:\/\/regiaonews.net.br\/2022\/2024\/07\/03\/cartao-postal-de-barretos-regiao-dos-lagos-recebe-seis-pontos-de-wi-fi-livre\/#primaryimage"},"thumbnailUrl":"https:\/\/regiaonews.net.br\/2022\/wp-content\/uploads\/2024\/07\/WhatsApp-Image-2024-07-03-at-16.29.22.jpeg","datePublished":"2024-07-03T22:04:39+00:00","breadcrumb":{"@id":"https:\/\/regiaonews.net.br\/2022\/2024\/07\/03\/cartao-postal-de-barretos-regiao-dos-lagos-recebe-seis-pontos-de-wi-fi-livre\/#breadcrumb"},"inLanguage":"pt-BR","potentialAction":[{"@type":"ReadAction","target":["https:\/\/regiaonews.net.br\/2022\/2024\/07\/03\/cartao-postal-de-barretos-regiao-dos-lagos-recebe-seis-pontos-de-wi-fi-livre\/"]}]},{"@type":"ImageObject","inLanguage":"pt-BR","@id":"https:\/\/regiaonews.net.br\/2022\/2024\/07\/03\/cartao-postal-de-barretos-regiao-dos-lagos-recebe-seis-pontos-de-wi-fi-livre\/#primaryimage","url":"https:\/\/regiaonews.net.br\/2022\/wp-content\/uploads\/2024\/07\/WhatsApp-Image-2024-07-03-at-16.29.22.jpeg","contentUrl":"https:\/\/regiaonews.net.br\/2022\/wp-content\/uploads\/2024\/07\/WhatsApp-Image-2024-07-03-at-16.29.22.jpeg","width":1600,"height":1200},{"@type":"BreadcrumbList","@id":"https:\/\/regiaonews.net.br\/2022\/2024\/07\/03\/cartao-postal-de-barretos-regiao-dos-lagos-recebe-seis-pontos-de-wi-fi-livre\/#breadcrumb","itemListElement":[{"@type":"ListItem","position":1,"name":"In\u00edcio","item":"https:\/\/regiaonews.net.br\/2022\/"},{"@type":"ListItem","position":2,"name":"Cart\u00e3o Postal de Barretos, Regi\u00e3o dos Lagos recebe seis pontos de Wi-Fi Livre"}]},{"@type":"WebSite","@id":"https:\/\/regiaonews.net.br\/2022\/#website","url":"https:\/\/regiaonews.net.br\/2022\/","name":"Regi\u00e3o News","description":"Site de Not\u00edcias de Barretos e regi\u00e3o","publisher":{"@id":"https:\/\/regiaonews.net.br\/2022\/#organization"},"potentialAction":[{"@type":"SearchAction","target":{"@type":"EntryPoint","urlTemplate":"https:\/\/regiaonews.net.br\/2022\/?s={search_term_string}"},"query-input":{"@type":"PropertyValueSpecification","valueRequired":true,"valueName":"search_term_string"}}],"inLanguage":"pt-BR"},{"@type":"Organization","@id":"https:\/\/regiaonews.net.br\/2022\/#organization","name":"Regi\u00e3o News","url":"https:\/\/regiaonews.net.br\/2022\/","logo":{"@type":"ImageObject","inLanguage":"pt-BR","@id":"https:\/\/regiaonews.net.br\/2022\/#\/schema\/logo\/image\/","url":"https:\/\/regiaonews.net.br\/2022\/wp-content\/uploads\/2026\/03\/regiao-13-anos-scaled.jpg","contentUrl":"https:\/\/regiaonews.net.br\/2022\/wp-content\/uploads\/2026\/03\/regiao-13-anos-scaled.jpg","width":2560,"height":635,"caption":"Regi\u00e3o News"},"image":{"@id":"https:\/\/regiaonews.net.br\/2022\/#\/schema\/logo\/image\/"}},{"@type":"Person","@id":"https:\/\/regiaonews.net.br\/2022\/#\/schema\/person\/2d205a608a5aa97ac279d7a5e6d89ad8","name":"Roberto","image":{"@type":"ImageObject","inLanguage":"pt-BR","@id":"https:\/\/secure.gravatar.com\/avatar\/42749d8b712ff9d59ca93dc150494e5b55a44134482993f5baeb97e61b7ecc89?s=96&d=mm&r=g","url":"https:\/\/secure.gravatar.com\/avatar\/42749d8b712ff9d59ca93dc150494e5b55a44134482993f5baeb97e61b7ecc89?s=96&d=mm&r=g","contentUrl":"https:\/\/secure.gravatar.com\/avatar\/42749d8b712ff9d59ca93dc150494e5b55a44134482993f5baeb97e61b7ecc89?s=96&d=mm&r=g","caption":"Roberto"},"url":"https:\/\/regiaonews.net.br\/2022\/author\/roberto\/"}]}},"publishpress_future_action":{"enabled":false,"date":"2026-05-03 05:52:13","action":"change-status","newStatus":"draft","terms":[],"taxonomy":"category","extraData":[]},"publishpress_future_workflow_manual_trigger":{"enabledWorkflows":[]},"_links":{"self":[{"href":"https:\/\/regiaonews.net.br\/2022\/wp-json\/wp\/v2\/posts\/107212","targetHints":{"allow":["GET"]}}],"collection":[{"href":"https:\/\/regiaonews.net.br\/2022\/wp-json\/wp\/v2\/posts"}],"about":[{"href":"https:\/\/regiaonews.net.br\/2022\/wp-json\/wp\/v2\/types\/post"}],"author":[{"embeddable":true,"href":"https:\/\/regiaonews.net.br\/2022\/wp-json\/wp\/v2\/users\/2"}],"replies":[{"embeddable":true,"href":"https:\/\/regiaonews.net.br\/2022\/wp-json\/wp\/v2\/comments?post=107212"}],"version-history":[{"count":1,"href":"https:\/\/regiaonews.net.br\/2022\/wp-json\/wp\/v2\/posts\/107212\/revisions"}],"predecessor-version":[{"id":107214,"href":"https:\/\/regiaonews.net.br\/2022\/wp-json\/wp\/v2\/posts\/107212\/revisions\/107214"}],"wp:featuredmedia":[{"embeddable":true,"href":"https:\/\/regiaonews.net.br\/2022\/wp-json\/wp\/v2\/media\/107213"}],"wp:attachment":[{"href":"https:\/\/regiaonews.net.br\/2022\/wp-json\/wp\/v2\/media?parent=107212"}],"wp:term":[{"taxonomy":"category","embeddable":true,"href":"https:\/\/regiaonews.net.br\/2022\/wp-json\/wp\/v2\/categories?post=107212"},{"taxonomy":"post_tag","embeddable":true,"href":"https:\/\/regiaonews.net.br\/2022\/wp-json\/wp\/v2\/tags?post=107212"}],"curies":[{"name":"wp","href":"https:\/\/api.w.org\/{rel}","templated":true}]}}