{"id":107169,"date":"2024-07-02T19:26:41","date_gmt":"2024-07-02T22:26:41","guid":{"rendered":"https:\/\/regiaonews.net.br\/2022\/?p=107169"},"modified":"2024-07-02T19:26:41","modified_gmt":"2024-07-02T22:26:41","slug":"parque-ecologico-eneas-carneiro-e-revitalizado-e-populacao-comemora-melhorias-no-espaco-de-lazer","status":"publish","type":"post","link":"https:\/\/regiaonews.net.br\/2022\/2024\/07\/02\/parque-ecologico-eneas-carneiro-e-revitalizado-e-populacao-comemora-melhorias-no-espaco-de-lazer\/","title":{"rendered":"Parque Ecol\u00f3gico En\u00e9as Carneiro \u00e9 revitalizado e popula\u00e7\u00e3o comemora melhorias no espa\u00e7o de lazer"},"content":{"rendered":"<p>Local ganhou nova pista de caminhada, academia ao ar livre, playground e infraestrutura para futura instala\u00e7\u00e3o de quiosque<\/p>\n<p>Nem o frio do final da tarde de segunda-feira, 1\u00b0 de julho, tirou o brilho da solenidade de entrega da revitaliza\u00e7\u00e3o do Parque Ecol\u00f3gico En\u00e9as Carneiro \u00e0 popula\u00e7\u00e3o. Localizado na Avenida Fraternidade Paulista, importante via de liga\u00e7\u00e3o entre os bairros Christiano Carvalho e Zequinha Am\u00eandola, o espa\u00e7o de lazer passa a contar com nova pista de caminhada, academia ao ar livre, playground, ilumina\u00e7\u00e3o em LED, al\u00e9m de infraestrutura para futura instala\u00e7\u00e3o de um quiosque.<br \/>\n\u201cHoje temos um parque de fato, com as crian\u00e7as brincando no parquinho infantil, pista de caminhada, \u00e1rvores que foram plantadas e que v\u00e3o crescer, academia ao ar livre e essa \u00e1rea onde futuramente a prefeitura far\u00e1 uma concess\u00e3o para a instala\u00e7\u00e3o de um quiosque, para que este seja realmente um espa\u00e7o da fam\u00edlia\u201d, disse a prefeita Paula Lemos. Ela tamb\u00e9m destacou outras melhorias no local, como a constru\u00e7\u00e3o do novo vertedouro do lago e a corre\u00e7\u00e3o de problemas com o esgoto.<br \/>\nA obra foi custeada pela empresa BRZ Empreendimentos, por meio de um Termo de Ajuste de Conduta (TAC) firmado com a Prefeitura de Barretos.<br \/>\n\u201cN\u00f3s estamos deixando um presente aqui para a popula\u00e7\u00e3o do Barretos II, do Christiano e para os nossos clientes, ent\u00e3o foi uma parceria que acredito que foi boa para ambas as partes. Que todo mundo aproveite bastante\u201d, disse o superintendente regional da BRZ, engenheiro Thulio Pereira.<br \/>\nA melhoria no espa\u00e7o foi comemorada pelos moradores da regi\u00e3o que acompanharam o ato. \u201cA gente precisava de um lazer no nosso bairro, mas n\u00e3o tinha. Porque isso aqui estava abandonado. N\u00f3s estamos aqui felizes, porque agora a gente tem onde andar, passear e fazer caminhada\u201d, disse a aposentada Eliana Cristina Ferreira da Silva, que reside no bairro Arizona.<br \/>\nA solenidade tamb\u00e9m contou com apresenta\u00e7\u00e3o art\u00edstica de alunos do Cemei Jos\u00e9 Sebasti\u00e3o Domingos e a presen\u00e7a dos vereadores Carl\u00e3o do Basquete, Luis Paulo Vieira \u201cLupa\u201d, Fabr\u00edcio Lemos, Paulo Corr\u00eaa, Pastor Elson e Nestor Leonel, al\u00e9m de secret\u00e1rios municipais.<\/p>\n","protected":false},"excerpt":{"rendered":"<p>Local ganhou nova pista de caminhada, academia ao ar livre,<\/p>\n","protected":false},"author":2,"featured_media":107170,"comment_status":"open","ping_status":"open","sticky":false,"template":"","format":"standard","meta":{"footnotes":""},"categories":[14,25],"tags":[],"class_list":["post-107169","post","type-post","status-publish","format-standard","has-post-thumbnail","hentry","category-barretos","category-cidades"],"yoast_head":"<!-- This site is optimized with the Yoast SEO plugin v27.4 - https:\/\/yoast.com\/product\/yoast-seo-wordpress\/ -->\n<title>Parque Ecol\u00f3gico En\u00e9as Carneiro \u00e9 revitalizado e popula\u00e7\u00e3o comemora melhorias no espa\u00e7o de lazer - Regi\u00e3o News<\/title>\n<meta name=\"robots\" content=\"index, follow, max-snippet:-1, max-image-preview:large, max-video-preview:-1\" \/>\n<link rel=\"canonical\" href=\"https:\/\/regiaonews.net.br\/2022\/2024\/07\/02\/parque-ecologico-eneas-carneiro-e-revitalizado-e-populacao-comemora-melhorias-no-espaco-de-lazer\/\" \/>\n<meta property=\"og:locale\" content=\"pt_BR\" \/>\n<meta property=\"og:type\" content=\"article\" \/>\n<meta property=\"og:title\" content=\"Parque Ecol\u00f3gico En\u00e9as Carneiro \u00e9 revitalizado e popula\u00e7\u00e3o comemora melhorias no espa\u00e7o de lazer - Regi\u00e3o News\" \/>\n<meta property=\"og:description\" content=\"Local ganhou nova pista de caminhada, academia ao ar livre,\" \/>\n<meta property=\"og:url\" content=\"https:\/\/regiaonews.net.br\/2022\/2024\/07\/02\/parque-ecologico-eneas-carneiro-e-revitalizado-e-populacao-comemora-melhorias-no-espaco-de-lazer\/\" \/>\n<meta property=\"og:site_name\" content=\"Regi\u00e3o News\" \/>\n<meta property=\"article:published_time\" content=\"2024-07-02T22:26:41+00:00\" \/>\n<meta property=\"og:image\" content=\"https:\/\/regiaonews.net.br\/2022\/wp-content\/uploads\/2024\/07\/WhatsApp-Image-2024-07-02-at-18.19.49-1.jpeg\" \/>\n\t<meta property=\"og:image:width\" content=\"1600\" \/>\n\t<meta property=\"og:image:height\" content=\"1069\" \/>\n\t<meta property=\"og:image:type\" content=\"image\/jpeg\" \/>\n<meta name=\"author\" content=\"Roberto\" \/>\n<meta name=\"twitter:card\" content=\"summary_large_image\" \/>\n<meta name=\"twitter:label1\" content=\"Escrito por\" \/>\n\t<meta name=\"twitter:data1\" content=\"Roberto\" \/>\n\t<meta name=\"twitter:label2\" content=\"Est. tempo de leitura\" \/>\n\t<meta name=\"twitter:data2\" content=\"3 minutos\" \/>\n<script type=\"application\/ld+json\" class=\"yoast-schema-graph\">{\"@context\":\"https:\\\/\\\/schema.org\",\"@graph\":[{\"@type\":\"Article\",\"@id\":\"https:\\\/\\\/regiaonews.net.br\\\/2022\\\/2024\\\/07\\\/02\\\/parque-ecologico-eneas-carneiro-e-revitalizado-e-populacao-comemora-melhorias-no-espaco-de-lazer\\\/#article\",\"isPartOf\":{\"@id\":\"https:\\\/\\\/regiaonews.net.br\\\/2022\\\/2024\\\/07\\\/02\\\/parque-ecologico-eneas-carneiro-e-revitalizado-e-populacao-comemora-melhorias-no-espaco-de-lazer\\\/\"},\"author\":{\"name\":\"Roberto\",\"@id\":\"https:\\\/\\\/regiaonews.net.br\\\/2022\\\/#\\\/schema\\\/person\\\/2d205a608a5aa97ac279d7a5e6d89ad8\"},\"headline\":\"Parque Ecol\u00f3gico En\u00e9as Carneiro \u00e9 revitalizado e popula\u00e7\u00e3o comemora melhorias no espa\u00e7o de lazer\",\"datePublished\":\"2024-07-02T22:26:41+00:00\",\"mainEntityOfPage\":{\"@id\":\"https:\\\/\\\/regiaonews.net.br\\\/2022\\\/2024\\\/07\\\/02\\\/parque-ecologico-eneas-carneiro-e-revitalizado-e-populacao-comemora-melhorias-no-espaco-de-lazer\\\/\"},\"wordCount\":393,\"commentCount\":0,\"publisher\":{\"@id\":\"https:\\\/\\\/regiaonews.net.br\\\/2022\\\/#organization\"},\"image\":{\"@id\":\"https:\\\/\\\/regiaonews.net.br\\\/2022\\\/2024\\\/07\\\/02\\\/parque-ecologico-eneas-carneiro-e-revitalizado-e-populacao-comemora-melhorias-no-espaco-de-lazer\\\/#primaryimage\"},\"thumbnailUrl\":\"https:\\\/\\\/regiaonews.net.br\\\/2022\\\/wp-content\\\/uploads\\\/2024\\\/07\\\/WhatsApp-Image-2024-07-02-at-18.19.49-1.jpeg\",\"articleSection\":[\"Barretos\",\"Cidades\"],\"inLanguage\":\"pt-BR\",\"potentialAction\":[{\"@type\":\"CommentAction\",\"name\":\"Comment\",\"target\":[\"https:\\\/\\\/regiaonews.net.br\\\/2022\\\/2024\\\/07\\\/02\\\/parque-ecologico-eneas-carneiro-e-revitalizado-e-populacao-comemora-melhorias-no-espaco-de-lazer\\\/#respond\"]}]},{\"@type\":\"WebPage\",\"@id\":\"https:\\\/\\\/regiaonews.net.br\\\/2022\\\/2024\\\/07\\\/02\\\/parque-ecologico-eneas-carneiro-e-revitalizado-e-populacao-comemora-melhorias-no-espaco-de-lazer\\\/\",\"url\":\"https:\\\/\\\/regiaonews.net.br\\\/2022\\\/2024\\\/07\\\/02\\\/parque-ecologico-eneas-carneiro-e-revitalizado-e-populacao-comemora-melhorias-no-espaco-de-lazer\\\/\",\"name\":\"Parque Ecol\u00f3gico En\u00e9as Carneiro \u00e9 revitalizado e popula\u00e7\u00e3o comemora melhorias no espa\u00e7o de lazer - Regi\u00e3o News\",\"isPartOf\":{\"@id\":\"https:\\\/\\\/regiaonews.net.br\\\/2022\\\/#website\"},\"primaryImageOfPage\":{\"@id\":\"https:\\\/\\\/regiaonews.net.br\\\/2022\\\/2024\\\/07\\\/02\\\/parque-ecologico-eneas-carneiro-e-revitalizado-e-populacao-comemora-melhorias-no-espaco-de-lazer\\\/#primaryimage\"},\"image\":{\"@id\":\"https:\\\/\\\/regiaonews.net.br\\\/2022\\\/2024\\\/07\\\/02\\\/parque-ecologico-eneas-carneiro-e-revitalizado-e-populacao-comemora-melhorias-no-espaco-de-lazer\\\/#primaryimage\"},\"thumbnailUrl\":\"https:\\\/\\\/regiaonews.net.br\\\/2022\\\/wp-content\\\/uploads\\\/2024\\\/07\\\/WhatsApp-Image-2024-07-02-at-18.19.49-1.jpeg\",\"datePublished\":\"2024-07-02T22:26:41+00:00\",\"breadcrumb\":{\"@id\":\"https:\\\/\\\/regiaonews.net.br\\\/2022\\\/2024\\\/07\\\/02\\\/parque-ecologico-eneas-carneiro-e-revitalizado-e-populacao-comemora-melhorias-no-espaco-de-lazer\\\/#breadcrumb\"},\"inLanguage\":\"pt-BR\",\"potentialAction\":[{\"@type\":\"ReadAction\",\"target\":[\"https:\\\/\\\/regiaonews.net.br\\\/2022\\\/2024\\\/07\\\/02\\\/parque-ecologico-eneas-carneiro-e-revitalizado-e-populacao-comemora-melhorias-no-espaco-de-lazer\\\/\"]}]},{\"@type\":\"ImageObject\",\"inLanguage\":\"pt-BR\",\"@id\":\"https:\\\/\\\/regiaonews.net.br\\\/2022\\\/2024\\\/07\\\/02\\\/parque-ecologico-eneas-carneiro-e-revitalizado-e-populacao-comemora-melhorias-no-espaco-de-lazer\\\/#primaryimage\",\"url\":\"https:\\\/\\\/regiaonews.net.br\\\/2022\\\/wp-content\\\/uploads\\\/2024\\\/07\\\/WhatsApp-Image-2024-07-02-at-18.19.49-1.jpeg\",\"contentUrl\":\"https:\\\/\\\/regiaonews.net.br\\\/2022\\\/wp-content\\\/uploads\\\/2024\\\/07\\\/WhatsApp-Image-2024-07-02-at-18.19.49-1.jpeg\",\"width\":1600,\"height\":1069},{\"@type\":\"BreadcrumbList\",\"@id\":\"https:\\\/\\\/regiaonews.net.br\\\/2022\\\/2024\\\/07\\\/02\\\/parque-ecologico-eneas-carneiro-e-revitalizado-e-populacao-comemora-melhorias-no-espaco-de-lazer\\\/#breadcrumb\",\"itemListElement\":[{\"@type\":\"ListItem\",\"position\":1,\"name\":\"In\u00edcio\",\"item\":\"https:\\\/\\\/regiaonews.net.br\\\/2022\\\/\"},{\"@type\":\"ListItem\",\"position\":2,\"name\":\"Parque Ecol\u00f3gico En\u00e9as Carneiro \u00e9 revitalizado e popula\u00e7\u00e3o comemora melhorias no espa\u00e7o de lazer\"}]},{\"@type\":\"WebSite\",\"@id\":\"https:\\\/\\\/regiaonews.net.br\\\/2022\\\/#website\",\"url\":\"https:\\\/\\\/regiaonews.net.br\\\/2022\\\/\",\"name\":\"Regi\u00e3o News\",\"description\":\"Site de Not\u00edcias de Barretos e regi\u00e3o\",\"publisher\":{\"@id\":\"https:\\\/\\\/regiaonews.net.br\\\/2022\\\/#organization\"},\"potentialAction\":[{\"@type\":\"SearchAction\",\"target\":{\"@type\":\"EntryPoint\",\"urlTemplate\":\"https:\\\/\\\/regiaonews.net.br\\\/2022\\\/?s={search_term_string}\"},\"query-input\":{\"@type\":\"PropertyValueSpecification\",\"valueRequired\":true,\"valueName\":\"search_term_string\"}}],\"inLanguage\":\"pt-BR\"},{\"@type\":\"Organization\",\"@id\":\"https:\\\/\\\/regiaonews.net.br\\\/2022\\\/#organization\",\"name\":\"Regi\u00e3o News\",\"url\":\"https:\\\/\\\/regiaonews.net.br\\\/2022\\\/\",\"logo\":{\"@type\":\"ImageObject\",\"inLanguage\":\"pt-BR\",\"@id\":\"https:\\\/\\\/regiaonews.net.br\\\/2022\\\/#\\\/schema\\\/logo\\\/image\\\/\",\"url\":\"https:\\\/\\\/regiaonews.net.br\\\/2022\\\/wp-content\\\/uploads\\\/2026\\\/03\\\/regiao-13-anos-scaled.jpg\",\"contentUrl\":\"https:\\\/\\\/regiaonews.net.br\\\/2022\\\/wp-content\\\/uploads\\\/2026\\\/03\\\/regiao-13-anos-scaled.jpg\",\"width\":2560,\"height\":635,\"caption\":\"Regi\u00e3o News\"},\"image\":{\"@id\":\"https:\\\/\\\/regiaonews.net.br\\\/2022\\\/#\\\/schema\\\/logo\\\/image\\\/\"}},{\"@type\":\"Person\",\"@id\":\"https:\\\/\\\/regiaonews.net.br\\\/2022\\\/#\\\/schema\\\/person\\\/2d205a608a5aa97ac279d7a5e6d89ad8\",\"name\":\"Roberto\",\"image\":{\"@type\":\"ImageObject\",\"inLanguage\":\"pt-BR\",\"@id\":\"https:\\\/\\\/secure.gravatar.com\\\/avatar\\\/42749d8b712ff9d59ca93dc150494e5b55a44134482993f5baeb97e61b7ecc89?s=96&d=mm&r=g\",\"url\":\"https:\\\/\\\/secure.gravatar.com\\\/avatar\\\/42749d8b712ff9d59ca93dc150494e5b55a44134482993f5baeb97e61b7ecc89?s=96&d=mm&r=g\",\"contentUrl\":\"https:\\\/\\\/secure.gravatar.com\\\/avatar\\\/42749d8b712ff9d59ca93dc150494e5b55a44134482993f5baeb97e61b7ecc89?s=96&d=mm&r=g\",\"caption\":\"Roberto\"},\"url\":\"https:\\\/\\\/regiaonews.net.br\\\/2022\\\/author\\\/roberto\\\/\"}]}<\/script>\n<!-- \/ Yoast SEO plugin. -->","yoast_head_json":{"title":"Parque Ecol\u00f3gico En\u00e9as Carneiro \u00e9 revitalizado e popula\u00e7\u00e3o comemora melhorias no espa\u00e7o de lazer - Regi\u00e3o News","robots":{"index":"index","follow":"follow","max-snippet":"max-snippet:-1","max-image-preview":"max-image-preview:large","max-video-preview":"max-video-preview:-1"},"canonical":"https:\/\/regiaonews.net.br\/2022\/2024\/07\/02\/parque-ecologico-eneas-carneiro-e-revitalizado-e-populacao-comemora-melhorias-no-espaco-de-lazer\/","og_locale":"pt_BR","og_type":"article","og_title":"Parque Ecol\u00f3gico En\u00e9as Carneiro \u00e9 revitalizado e popula\u00e7\u00e3o comemora melhorias no espa\u00e7o de lazer - Regi\u00e3o News","og_description":"Local ganhou nova pista de caminhada, academia ao ar livre,","og_url":"https:\/\/regiaonews.net.br\/2022\/2024\/07\/02\/parque-ecologico-eneas-carneiro-e-revitalizado-e-populacao-comemora-melhorias-no-espaco-de-lazer\/","og_site_name":"Regi\u00e3o News","article_published_time":"2024-07-02T22:26:41+00:00","og_image":[{"width":1600,"height":1069,"url":"https:\/\/regiaonews.net.br\/2022\/wp-content\/uploads\/2024\/07\/WhatsApp-Image-2024-07-02-at-18.19.49-1.jpeg","type":"image\/jpeg"}],"author":"Roberto","twitter_card":"summary_large_image","twitter_misc":{"Escrito por":"Roberto","Est. tempo de leitura":"3 minutos"},"schema":{"@context":"https:\/\/schema.org","@graph":[{"@type":"Article","@id":"https:\/\/regiaonews.net.br\/2022\/2024\/07\/02\/parque-ecologico-eneas-carneiro-e-revitalizado-e-populacao-comemora-melhorias-no-espaco-de-lazer\/#article","isPartOf":{"@id":"https:\/\/regiaonews.net.br\/2022\/2024\/07\/02\/parque-ecologico-eneas-carneiro-e-revitalizado-e-populacao-comemora-melhorias-no-espaco-de-lazer\/"},"author":{"name":"Roberto","@id":"https:\/\/regiaonews.net.br\/2022\/#\/schema\/person\/2d205a608a5aa97ac279d7a5e6d89ad8"},"headline":"Parque Ecol\u00f3gico En\u00e9as Carneiro \u00e9 revitalizado e popula\u00e7\u00e3o comemora melhorias no espa\u00e7o de lazer","datePublished":"2024-07-02T22:26:41+00:00","mainEntityOfPage":{"@id":"https:\/\/regiaonews.net.br\/2022\/2024\/07\/02\/parque-ecologico-eneas-carneiro-e-revitalizado-e-populacao-comemora-melhorias-no-espaco-de-lazer\/"},"wordCount":393,"commentCount":0,"publisher":{"@id":"https:\/\/regiaonews.net.br\/2022\/#organization"},"image":{"@id":"https:\/\/regiaonews.net.br\/2022\/2024\/07\/02\/parque-ecologico-eneas-carneiro-e-revitalizado-e-populacao-comemora-melhorias-no-espaco-de-lazer\/#primaryimage"},"thumbnailUrl":"https:\/\/regiaonews.net.br\/2022\/wp-content\/uploads\/2024\/07\/WhatsApp-Image-2024-07-02-at-18.19.49-1.jpeg","articleSection":["Barretos","Cidades"],"inLanguage":"pt-BR","potentialAction":[{"@type":"CommentAction","name":"Comment","target":["https:\/\/regiaonews.net.br\/2022\/2024\/07\/02\/parque-ecologico-eneas-carneiro-e-revitalizado-e-populacao-comemora-melhorias-no-espaco-de-lazer\/#respond"]}]},{"@type":"WebPage","@id":"https:\/\/regiaonews.net.br\/2022\/2024\/07\/02\/parque-ecologico-eneas-carneiro-e-revitalizado-e-populacao-comemora-melhorias-no-espaco-de-lazer\/","url":"https:\/\/regiaonews.net.br\/2022\/2024\/07\/02\/parque-ecologico-eneas-carneiro-e-revitalizado-e-populacao-comemora-melhorias-no-espaco-de-lazer\/","name":"Parque Ecol\u00f3gico En\u00e9as Carneiro \u00e9 revitalizado e popula\u00e7\u00e3o comemora melhorias no espa\u00e7o de lazer - Regi\u00e3o News","isPartOf":{"@id":"https:\/\/regiaonews.net.br\/2022\/#website"},"primaryImageOfPage":{"@id":"https:\/\/regiaonews.net.br\/2022\/2024\/07\/02\/parque-ecologico-eneas-carneiro-e-revitalizado-e-populacao-comemora-melhorias-no-espaco-de-lazer\/#primaryimage"},"image":{"@id":"https:\/\/regiaonews.net.br\/2022\/2024\/07\/02\/parque-ecologico-eneas-carneiro-e-revitalizado-e-populacao-comemora-melhorias-no-espaco-de-lazer\/#primaryimage"},"thumbnailUrl":"https:\/\/regiaonews.net.br\/2022\/wp-content\/uploads\/2024\/07\/WhatsApp-Image-2024-07-02-at-18.19.49-1.jpeg","datePublished":"2024-07-02T22:26:41+00:00","breadcrumb":{"@id":"https:\/\/regiaonews.net.br\/2022\/2024\/07\/02\/parque-ecologico-eneas-carneiro-e-revitalizado-e-populacao-comemora-melhorias-no-espaco-de-lazer\/#breadcrumb"},"inLanguage":"pt-BR","potentialAction":[{"@type":"ReadAction","target":["https:\/\/regiaonews.net.br\/2022\/2024\/07\/02\/parque-ecologico-eneas-carneiro-e-revitalizado-e-populacao-comemora-melhorias-no-espaco-de-lazer\/"]}]},{"@type":"ImageObject","inLanguage":"pt-BR","@id":"https:\/\/regiaonews.net.br\/2022\/2024\/07\/02\/parque-ecologico-eneas-carneiro-e-revitalizado-e-populacao-comemora-melhorias-no-espaco-de-lazer\/#primaryimage","url":"https:\/\/regiaonews.net.br\/2022\/wp-content\/uploads\/2024\/07\/WhatsApp-Image-2024-07-02-at-18.19.49-1.jpeg","contentUrl":"https:\/\/regiaonews.net.br\/2022\/wp-content\/uploads\/2024\/07\/WhatsApp-Image-2024-07-02-at-18.19.49-1.jpeg","width":1600,"height":1069},{"@type":"BreadcrumbList","@id":"https:\/\/regiaonews.net.br\/2022\/2024\/07\/02\/parque-ecologico-eneas-carneiro-e-revitalizado-e-populacao-comemora-melhorias-no-espaco-de-lazer\/#breadcrumb","itemListElement":[{"@type":"ListItem","position":1,"name":"In\u00edcio","item":"https:\/\/regiaonews.net.br\/2022\/"},{"@type":"ListItem","position":2,"name":"Parque Ecol\u00f3gico En\u00e9as Carneiro \u00e9 revitalizado e popula\u00e7\u00e3o comemora melhorias no espa\u00e7o de lazer"}]},{"@type":"WebSite","@id":"https:\/\/regiaonews.net.br\/2022\/#website","url":"https:\/\/regiaonews.net.br\/2022\/","name":"Regi\u00e3o News","description":"Site de Not\u00edcias de Barretos e regi\u00e3o","publisher":{"@id":"https:\/\/regiaonews.net.br\/2022\/#organization"},"potentialAction":[{"@type":"SearchAction","target":{"@type":"EntryPoint","urlTemplate":"https:\/\/regiaonews.net.br\/2022\/?s={search_term_string}"},"query-input":{"@type":"PropertyValueSpecification","valueRequired":true,"valueName":"search_term_string"}}],"inLanguage":"pt-BR"},{"@type":"Organization","@id":"https:\/\/regiaonews.net.br\/2022\/#organization","name":"Regi\u00e3o News","url":"https:\/\/regiaonews.net.br\/2022\/","logo":{"@type":"ImageObject","inLanguage":"pt-BR","@id":"https:\/\/regiaonews.net.br\/2022\/#\/schema\/logo\/image\/","url":"https:\/\/regiaonews.net.br\/2022\/wp-content\/uploads\/2026\/03\/regiao-13-anos-scaled.jpg","contentUrl":"https:\/\/regiaonews.net.br\/2022\/wp-content\/uploads\/2026\/03\/regiao-13-anos-scaled.jpg","width":2560,"height":635,"caption":"Regi\u00e3o News"},"image":{"@id":"https:\/\/regiaonews.net.br\/2022\/#\/schema\/logo\/image\/"}},{"@type":"Person","@id":"https:\/\/regiaonews.net.br\/2022\/#\/schema\/person\/2d205a608a5aa97ac279d7a5e6d89ad8","name":"Roberto","image":{"@type":"ImageObject","inLanguage":"pt-BR","@id":"https:\/\/secure.gravatar.com\/avatar\/42749d8b712ff9d59ca93dc150494e5b55a44134482993f5baeb97e61b7ecc89?s=96&d=mm&r=g","url":"https:\/\/secure.gravatar.com\/avatar\/42749d8b712ff9d59ca93dc150494e5b55a44134482993f5baeb97e61b7ecc89?s=96&d=mm&r=g","contentUrl":"https:\/\/secure.gravatar.com\/avatar\/42749d8b712ff9d59ca93dc150494e5b55a44134482993f5baeb97e61b7ecc89?s=96&d=mm&r=g","caption":"Roberto"},"url":"https:\/\/regiaonews.net.br\/2022\/author\/roberto\/"}]}},"publishpress_future_action":{"enabled":false,"date":"2026-05-03 06:20:05","action":"change-status","newStatus":"draft","terms":[],"taxonomy":"category","extraData":[]},"publishpress_future_workflow_manual_trigger":{"enabledWorkflows":[]},"_links":{"self":[{"href":"https:\/\/regiaonews.net.br\/2022\/wp-json\/wp\/v2\/posts\/107169","targetHints":{"allow":["GET"]}}],"collection":[{"href":"https:\/\/regiaonews.net.br\/2022\/wp-json\/wp\/v2\/posts"}],"about":[{"href":"https:\/\/regiaonews.net.br\/2022\/wp-json\/wp\/v2\/types\/post"}],"author":[{"embeddable":true,"href":"https:\/\/regiaonews.net.br\/2022\/wp-json\/wp\/v2\/users\/2"}],"replies":[{"embeddable":true,"href":"https:\/\/regiaonews.net.br\/2022\/wp-json\/wp\/v2\/comments?post=107169"}],"version-history":[{"count":1,"href":"https:\/\/regiaonews.net.br\/2022\/wp-json\/wp\/v2\/posts\/107169\/revisions"}],"predecessor-version":[{"id":107171,"href":"https:\/\/regiaonews.net.br\/2022\/wp-json\/wp\/v2\/posts\/107169\/revisions\/107171"}],"wp:featuredmedia":[{"embeddable":true,"href":"https:\/\/regiaonews.net.br\/2022\/wp-json\/wp\/v2\/media\/107170"}],"wp:attachment":[{"href":"https:\/\/regiaonews.net.br\/2022\/wp-json\/wp\/v2\/media?parent=107169"}],"wp:term":[{"taxonomy":"category","embeddable":true,"href":"https:\/\/regiaonews.net.br\/2022\/wp-json\/wp\/v2\/categories?post=107169"},{"taxonomy":"post_tag","embeddable":true,"href":"https:\/\/regiaonews.net.br\/2022\/wp-json\/wp\/v2\/tags?post=107169"}],"curies":[{"name":"wp","href":"https:\/\/api.w.org\/{rel}","templated":true}]}}