{"id":107153,"date":"2024-07-02T13:36:02","date_gmt":"2024-07-02T16:36:02","guid":{"rendered":"https:\/\/regiaonews.net.br\/2022\/?p=107153"},"modified":"2024-07-02T13:36:02","modified_gmt":"2024-07-02T16:36:02","slug":"agora-e-lei-hospital-regional-de-bebedouro-passa-a-ser-chamado-jose-cutrale-junior","status":"publish","type":"post","link":"https:\/\/regiaonews.net.br\/2022\/2024\/07\/02\/agora-e-lei-hospital-regional-de-bebedouro-passa-a-ser-chamado-jose-cutrale-junior\/","title":{"rendered":"Agora \u00e9 lei: Hospital Regional de Bebedouro passa a ser chamado \u201cJos\u00e9 Cutrale J\u00fanior\u201d"},"content":{"rendered":"<h3 style=\"text-align: center;\">Lei de autoria do deputado Carl\u00e3o Pignatari foi sancionada e publicada no Di\u00e1rio Oficial do Estado<\/h3>\n<p>A partir desta ter\u00e7a-feira (2), o Hospital Regional de Bebedouro passa a ser chamado de Hospital Regional de Bebedouro &#8211; \u201cJos\u00e9 Cutrale J\u00fanior\u201d, em homenagem ao empres\u00e1rio que ficou conhecido como um dos maiores produtores de suco de laranja do mundo. A lei, de autoria do deputado estadual Carl\u00e3o Pignatari, foi sancionada e publicada no (DOE) Di\u00e1rio Oficial do Estado pelo governador em exerc\u00edcio Fel\u00edcio Ramuth.<\/p>\n<p>\u201cEsta lei \u00e9 uma homenagem e tamb\u00e9m um reconhecimento a este grande citricultor brasileiro e mundial, que deixou um legado incr\u00edvel para todos n\u00f3s. Sua bondade e humildade devem ser sempre lembradas, principalmente pela doa\u00e7\u00e3o da \u00e1rea de 20 mil metros quadrados onde hoje est\u00e1 o Hospital Regional de Bebedouro, que agora leva seu nome. Nada mais justo\u201d, disse o deputado Carl\u00e3o Pignatari.<\/p>\n<p>Jos\u00e9 Cutrale J\u00fanior faleceu em 2004, aos 77 anos. Sua atua\u00e7\u00e3o come\u00e7ou na d\u00e9cada de 1950. Em 1967, fundou a Cutrale, em Araraquara, no interior de S\u00e3o Paulo. Atualmente, possui f\u00e1bricas na cidade e em Colina, Conchal, Uch\u00f4a e It\u00e1polis, al\u00e9m de operar dois terminais portu\u00e1rios no Brasil nas cidades de Santos e Guaruj\u00e1. S\u00e3o cerca de 18 mil colaboradores em per\u00edodos de safra, que prestam servi\u00e7os nas suas unidades agr\u00edcolas, industriais e centro administrativo.<\/p>\n<p>&#8220;Falar do empres\u00e1rio e do cidad\u00e3o Jos\u00e9 Cutrale J\u00fanior \u00e9 f\u00e1cil, porque ele construiu uma hist\u00f3ria na agricultura brasileira e no mundo sempre com respeito, \u00e9tica e credibilidade. Por isso, essa homenagem \u00e9 mais do que merecida. Nosso reconhecimento a esse homem e a sua hist\u00f3ria&#8221;, afirmou o deputado, relembrando as conquistas do homenageado.<\/p>\n<p><strong>Hospital<\/strong><\/p>\n<p>O Hospital Regional de Bebedouro &#8211; \u201cJos\u00e9 Cutrale J\u00fanior\u201d \u00e9 administrado pelo Hospital de Amor (Funda\u00e7\u00e3o Pio XII) em colabora\u00e7\u00e3o com a Secretaria de Estado da Sa\u00fade. Tem 133 leitos em diversas especialidades m\u00e9dicas, entre elas cardiologia, neurologia e ginecologia, e atende prioritariamente os pacientes dos 18 munic\u00edpios da regi\u00e3o de Barretos, que conta com uma popula\u00e7\u00e3o de cerca de 430 mil pessoas.<\/p>\n<p>\u201cJos\u00e9 Cutrale J\u00fanior \u00e9 lembrado por amigos e familiares por sua personalidade simples e direta, dedica\u00e7\u00e3o incans\u00e1vel ao trabalho e vis\u00e3o longa de neg\u00f3cios. Ele acreditava que era importante gerar oportunidades e valor n\u00e3o somente para suas empresas, mas tamb\u00e9m para seus fornecedores, parceiros, clientes e comunidade, a exemplo da doa\u00e7\u00e3o do terreno para o hospital de Bebedouro&#8221;, afirmou Carl\u00e3o Pignatari.<\/p>\n","protected":false},"excerpt":{"rendered":"<p>Lei de autoria do deputado Carl\u00e3o Pignatari foi sancionada e<\/p>\n","protected":false},"author":2,"featured_media":107154,"comment_status":"open","ping_status":"open","sticky":false,"template":"","format":"standard","meta":{"footnotes":""},"categories":[4,3],"tags":[],"class_list":["post-107153","post","type-post","status-publish","format-standard","has-post-thumbnail","hentry","category-bebedouro","category-geral"],"yoast_head":"<!-- This site is optimized with the Yoast SEO plugin v27.4 - https:\/\/yoast.com\/product\/yoast-seo-wordpress\/ -->\n<title>Agora \u00e9 lei: Hospital Regional de Bebedouro passa a ser chamado \u201cJos\u00e9 Cutrale J\u00fanior\u201d - Regi\u00e3o News<\/title>\n<meta name=\"robots\" content=\"index, follow, max-snippet:-1, max-image-preview:large, max-video-preview:-1\" \/>\n<link rel=\"canonical\" href=\"https:\/\/regiaonews.net.br\/2022\/2024\/07\/02\/agora-e-lei-hospital-regional-de-bebedouro-passa-a-ser-chamado-jose-cutrale-junior\/\" \/>\n<meta property=\"og:locale\" content=\"pt_BR\" \/>\n<meta property=\"og:type\" content=\"article\" \/>\n<meta property=\"og:title\" content=\"Agora \u00e9 lei: Hospital Regional de Bebedouro passa a ser chamado \u201cJos\u00e9 Cutrale J\u00fanior\u201d - Regi\u00e3o News\" \/>\n<meta property=\"og:description\" content=\"Lei de autoria do deputado Carl\u00e3o Pignatari foi sancionada e\" \/>\n<meta property=\"og:url\" content=\"https:\/\/regiaonews.net.br\/2022\/2024\/07\/02\/agora-e-lei-hospital-regional-de-bebedouro-passa-a-ser-chamado-jose-cutrale-junior\/\" \/>\n<meta property=\"og:site_name\" content=\"Regi\u00e3o News\" \/>\n<meta property=\"article:published_time\" content=\"2024-07-02T16:36:02+00:00\" \/>\n<meta property=\"og:image\" content=\"https:\/\/regiaonews.net.br\/2022\/wp-content\/uploads\/2024\/07\/Imagem-do-WhatsApp-de-2024-07-02-as-12.54.32_0e198a00.jpg\" \/>\n\t<meta property=\"og:image:width\" content=\"1260\" \/>\n\t<meta property=\"og:image:height\" content=\"842\" \/>\n\t<meta property=\"og:image:type\" content=\"image\/jpeg\" \/>\n<meta name=\"author\" content=\"Roberto\" \/>\n<meta name=\"twitter:card\" content=\"summary_large_image\" \/>\n<meta name=\"twitter:label1\" content=\"Escrito por\" \/>\n\t<meta name=\"twitter:data1\" content=\"Roberto\" \/>\n\t<meta name=\"twitter:label2\" content=\"Est. tempo de leitura\" \/>\n\t<meta name=\"twitter:data2\" content=\"3 minutos\" \/>\n<script type=\"application\/ld+json\" class=\"yoast-schema-graph\">{\"@context\":\"https:\\\/\\\/schema.org\",\"@graph\":[{\"@type\":\"Article\",\"@id\":\"https:\\\/\\\/regiaonews.net.br\\\/2022\\\/2024\\\/07\\\/02\\\/agora-e-lei-hospital-regional-de-bebedouro-passa-a-ser-chamado-jose-cutrale-junior\\\/#article\",\"isPartOf\":{\"@id\":\"https:\\\/\\\/regiaonews.net.br\\\/2022\\\/2024\\\/07\\\/02\\\/agora-e-lei-hospital-regional-de-bebedouro-passa-a-ser-chamado-jose-cutrale-junior\\\/\"},\"author\":{\"name\":\"Roberto\",\"@id\":\"https:\\\/\\\/regiaonews.net.br\\\/2022\\\/#\\\/schema\\\/person\\\/2d205a608a5aa97ac279d7a5e6d89ad8\"},\"headline\":\"Agora \u00e9 lei: Hospital Regional de Bebedouro passa a ser chamado \u201cJos\u00e9 Cutrale J\u00fanior\u201d\",\"datePublished\":\"2024-07-02T16:36:02+00:00\",\"mainEntityOfPage\":{\"@id\":\"https:\\\/\\\/regiaonews.net.br\\\/2022\\\/2024\\\/07\\\/02\\\/agora-e-lei-hospital-regional-de-bebedouro-passa-a-ser-chamado-jose-cutrale-junior\\\/\"},\"wordCount\":449,\"commentCount\":0,\"publisher\":{\"@id\":\"https:\\\/\\\/regiaonews.net.br\\\/2022\\\/#organization\"},\"image\":{\"@id\":\"https:\\\/\\\/regiaonews.net.br\\\/2022\\\/2024\\\/07\\\/02\\\/agora-e-lei-hospital-regional-de-bebedouro-passa-a-ser-chamado-jose-cutrale-junior\\\/#primaryimage\"},\"thumbnailUrl\":\"https:\\\/\\\/regiaonews.net.br\\\/2022\\\/wp-content\\\/uploads\\\/2024\\\/07\\\/Imagem-do-WhatsApp-de-2024-07-02-as-12.54.32_0e198a00.jpg\",\"articleSection\":[\"Bebedouro\",\"Geral\"],\"inLanguage\":\"pt-BR\",\"potentialAction\":[{\"@type\":\"CommentAction\",\"name\":\"Comment\",\"target\":[\"https:\\\/\\\/regiaonews.net.br\\\/2022\\\/2024\\\/07\\\/02\\\/agora-e-lei-hospital-regional-de-bebedouro-passa-a-ser-chamado-jose-cutrale-junior\\\/#respond\"]}]},{\"@type\":\"WebPage\",\"@id\":\"https:\\\/\\\/regiaonews.net.br\\\/2022\\\/2024\\\/07\\\/02\\\/agora-e-lei-hospital-regional-de-bebedouro-passa-a-ser-chamado-jose-cutrale-junior\\\/\",\"url\":\"https:\\\/\\\/regiaonews.net.br\\\/2022\\\/2024\\\/07\\\/02\\\/agora-e-lei-hospital-regional-de-bebedouro-passa-a-ser-chamado-jose-cutrale-junior\\\/\",\"name\":\"Agora \u00e9 lei: Hospital Regional de Bebedouro passa a ser chamado \u201cJos\u00e9 Cutrale J\u00fanior\u201d - Regi\u00e3o News\",\"isPartOf\":{\"@id\":\"https:\\\/\\\/regiaonews.net.br\\\/2022\\\/#website\"},\"primaryImageOfPage\":{\"@id\":\"https:\\\/\\\/regiaonews.net.br\\\/2022\\\/2024\\\/07\\\/02\\\/agora-e-lei-hospital-regional-de-bebedouro-passa-a-ser-chamado-jose-cutrale-junior\\\/#primaryimage\"},\"image\":{\"@id\":\"https:\\\/\\\/regiaonews.net.br\\\/2022\\\/2024\\\/07\\\/02\\\/agora-e-lei-hospital-regional-de-bebedouro-passa-a-ser-chamado-jose-cutrale-junior\\\/#primaryimage\"},\"thumbnailUrl\":\"https:\\\/\\\/regiaonews.net.br\\\/2022\\\/wp-content\\\/uploads\\\/2024\\\/07\\\/Imagem-do-WhatsApp-de-2024-07-02-as-12.54.32_0e198a00.jpg\",\"datePublished\":\"2024-07-02T16:36:02+00:00\",\"breadcrumb\":{\"@id\":\"https:\\\/\\\/regiaonews.net.br\\\/2022\\\/2024\\\/07\\\/02\\\/agora-e-lei-hospital-regional-de-bebedouro-passa-a-ser-chamado-jose-cutrale-junior\\\/#breadcrumb\"},\"inLanguage\":\"pt-BR\",\"potentialAction\":[{\"@type\":\"ReadAction\",\"target\":[\"https:\\\/\\\/regiaonews.net.br\\\/2022\\\/2024\\\/07\\\/02\\\/agora-e-lei-hospital-regional-de-bebedouro-passa-a-ser-chamado-jose-cutrale-junior\\\/\"]}]},{\"@type\":\"ImageObject\",\"inLanguage\":\"pt-BR\",\"@id\":\"https:\\\/\\\/regiaonews.net.br\\\/2022\\\/2024\\\/07\\\/02\\\/agora-e-lei-hospital-regional-de-bebedouro-passa-a-ser-chamado-jose-cutrale-junior\\\/#primaryimage\",\"url\":\"https:\\\/\\\/regiaonews.net.br\\\/2022\\\/wp-content\\\/uploads\\\/2024\\\/07\\\/Imagem-do-WhatsApp-de-2024-07-02-as-12.54.32_0e198a00.jpg\",\"contentUrl\":\"https:\\\/\\\/regiaonews.net.br\\\/2022\\\/wp-content\\\/uploads\\\/2024\\\/07\\\/Imagem-do-WhatsApp-de-2024-07-02-as-12.54.32_0e198a00.jpg\",\"width\":1260,\"height\":842},{\"@type\":\"BreadcrumbList\",\"@id\":\"https:\\\/\\\/regiaonews.net.br\\\/2022\\\/2024\\\/07\\\/02\\\/agora-e-lei-hospital-regional-de-bebedouro-passa-a-ser-chamado-jose-cutrale-junior\\\/#breadcrumb\",\"itemListElement\":[{\"@type\":\"ListItem\",\"position\":1,\"name\":\"In\u00edcio\",\"item\":\"https:\\\/\\\/regiaonews.net.br\\\/2022\\\/\"},{\"@type\":\"ListItem\",\"position\":2,\"name\":\"Agora \u00e9 lei: Hospital Regional de Bebedouro passa a ser chamado \u201cJos\u00e9 Cutrale J\u00fanior\u201d\"}]},{\"@type\":\"WebSite\",\"@id\":\"https:\\\/\\\/regiaonews.net.br\\\/2022\\\/#website\",\"url\":\"https:\\\/\\\/regiaonews.net.br\\\/2022\\\/\",\"name\":\"Regi\u00e3o News\",\"description\":\"Site de Not\u00edcias de Barretos e regi\u00e3o\",\"publisher\":{\"@id\":\"https:\\\/\\\/regiaonews.net.br\\\/2022\\\/#organization\"},\"potentialAction\":[{\"@type\":\"SearchAction\",\"target\":{\"@type\":\"EntryPoint\",\"urlTemplate\":\"https:\\\/\\\/regiaonews.net.br\\\/2022\\\/?s={search_term_string}\"},\"query-input\":{\"@type\":\"PropertyValueSpecification\",\"valueRequired\":true,\"valueName\":\"search_term_string\"}}],\"inLanguage\":\"pt-BR\"},{\"@type\":\"Organization\",\"@id\":\"https:\\\/\\\/regiaonews.net.br\\\/2022\\\/#organization\",\"name\":\"Regi\u00e3o News\",\"url\":\"https:\\\/\\\/regiaonews.net.br\\\/2022\\\/\",\"logo\":{\"@type\":\"ImageObject\",\"inLanguage\":\"pt-BR\",\"@id\":\"https:\\\/\\\/regiaonews.net.br\\\/2022\\\/#\\\/schema\\\/logo\\\/image\\\/\",\"url\":\"https:\\\/\\\/regiaonews.net.br\\\/2022\\\/wp-content\\\/uploads\\\/2026\\\/03\\\/regiao-13-anos-scaled.jpg\",\"contentUrl\":\"https:\\\/\\\/regiaonews.net.br\\\/2022\\\/wp-content\\\/uploads\\\/2026\\\/03\\\/regiao-13-anos-scaled.jpg\",\"width\":2560,\"height\":635,\"caption\":\"Regi\u00e3o News\"},\"image\":{\"@id\":\"https:\\\/\\\/regiaonews.net.br\\\/2022\\\/#\\\/schema\\\/logo\\\/image\\\/\"}},{\"@type\":\"Person\",\"@id\":\"https:\\\/\\\/regiaonews.net.br\\\/2022\\\/#\\\/schema\\\/person\\\/2d205a608a5aa97ac279d7a5e6d89ad8\",\"name\":\"Roberto\",\"image\":{\"@type\":\"ImageObject\",\"inLanguage\":\"pt-BR\",\"@id\":\"https:\\\/\\\/secure.gravatar.com\\\/avatar\\\/42749d8b712ff9d59ca93dc150494e5b55a44134482993f5baeb97e61b7ecc89?s=96&d=mm&r=g\",\"url\":\"https:\\\/\\\/secure.gravatar.com\\\/avatar\\\/42749d8b712ff9d59ca93dc150494e5b55a44134482993f5baeb97e61b7ecc89?s=96&d=mm&r=g\",\"contentUrl\":\"https:\\\/\\\/secure.gravatar.com\\\/avatar\\\/42749d8b712ff9d59ca93dc150494e5b55a44134482993f5baeb97e61b7ecc89?s=96&d=mm&r=g\",\"caption\":\"Roberto\"},\"url\":\"https:\\\/\\\/regiaonews.net.br\\\/2022\\\/author\\\/roberto\\\/\"}]}<\/script>\n<!-- \/ Yoast SEO plugin. -->","yoast_head_json":{"title":"Agora \u00e9 lei: Hospital Regional de Bebedouro passa a ser chamado \u201cJos\u00e9 Cutrale J\u00fanior\u201d - Regi\u00e3o News","robots":{"index":"index","follow":"follow","max-snippet":"max-snippet:-1","max-image-preview":"max-image-preview:large","max-video-preview":"max-video-preview:-1"},"canonical":"https:\/\/regiaonews.net.br\/2022\/2024\/07\/02\/agora-e-lei-hospital-regional-de-bebedouro-passa-a-ser-chamado-jose-cutrale-junior\/","og_locale":"pt_BR","og_type":"article","og_title":"Agora \u00e9 lei: Hospital Regional de Bebedouro passa a ser chamado \u201cJos\u00e9 Cutrale J\u00fanior\u201d - Regi\u00e3o News","og_description":"Lei de autoria do deputado Carl\u00e3o Pignatari foi sancionada e","og_url":"https:\/\/regiaonews.net.br\/2022\/2024\/07\/02\/agora-e-lei-hospital-regional-de-bebedouro-passa-a-ser-chamado-jose-cutrale-junior\/","og_site_name":"Regi\u00e3o News","article_published_time":"2024-07-02T16:36:02+00:00","og_image":[{"width":1260,"height":842,"url":"https:\/\/regiaonews.net.br\/2022\/wp-content\/uploads\/2024\/07\/Imagem-do-WhatsApp-de-2024-07-02-as-12.54.32_0e198a00.jpg","type":"image\/jpeg"}],"author":"Roberto","twitter_card":"summary_large_image","twitter_misc":{"Escrito por":"Roberto","Est. tempo de leitura":"3 minutos"},"schema":{"@context":"https:\/\/schema.org","@graph":[{"@type":"Article","@id":"https:\/\/regiaonews.net.br\/2022\/2024\/07\/02\/agora-e-lei-hospital-regional-de-bebedouro-passa-a-ser-chamado-jose-cutrale-junior\/#article","isPartOf":{"@id":"https:\/\/regiaonews.net.br\/2022\/2024\/07\/02\/agora-e-lei-hospital-regional-de-bebedouro-passa-a-ser-chamado-jose-cutrale-junior\/"},"author":{"name":"Roberto","@id":"https:\/\/regiaonews.net.br\/2022\/#\/schema\/person\/2d205a608a5aa97ac279d7a5e6d89ad8"},"headline":"Agora \u00e9 lei: Hospital Regional de Bebedouro passa a ser chamado \u201cJos\u00e9 Cutrale J\u00fanior\u201d","datePublished":"2024-07-02T16:36:02+00:00","mainEntityOfPage":{"@id":"https:\/\/regiaonews.net.br\/2022\/2024\/07\/02\/agora-e-lei-hospital-regional-de-bebedouro-passa-a-ser-chamado-jose-cutrale-junior\/"},"wordCount":449,"commentCount":0,"publisher":{"@id":"https:\/\/regiaonews.net.br\/2022\/#organization"},"image":{"@id":"https:\/\/regiaonews.net.br\/2022\/2024\/07\/02\/agora-e-lei-hospital-regional-de-bebedouro-passa-a-ser-chamado-jose-cutrale-junior\/#primaryimage"},"thumbnailUrl":"https:\/\/regiaonews.net.br\/2022\/wp-content\/uploads\/2024\/07\/Imagem-do-WhatsApp-de-2024-07-02-as-12.54.32_0e198a00.jpg","articleSection":["Bebedouro","Geral"],"inLanguage":"pt-BR","potentialAction":[{"@type":"CommentAction","name":"Comment","target":["https:\/\/regiaonews.net.br\/2022\/2024\/07\/02\/agora-e-lei-hospital-regional-de-bebedouro-passa-a-ser-chamado-jose-cutrale-junior\/#respond"]}]},{"@type":"WebPage","@id":"https:\/\/regiaonews.net.br\/2022\/2024\/07\/02\/agora-e-lei-hospital-regional-de-bebedouro-passa-a-ser-chamado-jose-cutrale-junior\/","url":"https:\/\/regiaonews.net.br\/2022\/2024\/07\/02\/agora-e-lei-hospital-regional-de-bebedouro-passa-a-ser-chamado-jose-cutrale-junior\/","name":"Agora \u00e9 lei: Hospital Regional de Bebedouro passa a ser chamado \u201cJos\u00e9 Cutrale J\u00fanior\u201d - Regi\u00e3o News","isPartOf":{"@id":"https:\/\/regiaonews.net.br\/2022\/#website"},"primaryImageOfPage":{"@id":"https:\/\/regiaonews.net.br\/2022\/2024\/07\/02\/agora-e-lei-hospital-regional-de-bebedouro-passa-a-ser-chamado-jose-cutrale-junior\/#primaryimage"},"image":{"@id":"https:\/\/regiaonews.net.br\/2022\/2024\/07\/02\/agora-e-lei-hospital-regional-de-bebedouro-passa-a-ser-chamado-jose-cutrale-junior\/#primaryimage"},"thumbnailUrl":"https:\/\/regiaonews.net.br\/2022\/wp-content\/uploads\/2024\/07\/Imagem-do-WhatsApp-de-2024-07-02-as-12.54.32_0e198a00.jpg","datePublished":"2024-07-02T16:36:02+00:00","breadcrumb":{"@id":"https:\/\/regiaonews.net.br\/2022\/2024\/07\/02\/agora-e-lei-hospital-regional-de-bebedouro-passa-a-ser-chamado-jose-cutrale-junior\/#breadcrumb"},"inLanguage":"pt-BR","potentialAction":[{"@type":"ReadAction","target":["https:\/\/regiaonews.net.br\/2022\/2024\/07\/02\/agora-e-lei-hospital-regional-de-bebedouro-passa-a-ser-chamado-jose-cutrale-junior\/"]}]},{"@type":"ImageObject","inLanguage":"pt-BR","@id":"https:\/\/regiaonews.net.br\/2022\/2024\/07\/02\/agora-e-lei-hospital-regional-de-bebedouro-passa-a-ser-chamado-jose-cutrale-junior\/#primaryimage","url":"https:\/\/regiaonews.net.br\/2022\/wp-content\/uploads\/2024\/07\/Imagem-do-WhatsApp-de-2024-07-02-as-12.54.32_0e198a00.jpg","contentUrl":"https:\/\/regiaonews.net.br\/2022\/wp-content\/uploads\/2024\/07\/Imagem-do-WhatsApp-de-2024-07-02-as-12.54.32_0e198a00.jpg","width":1260,"height":842},{"@type":"BreadcrumbList","@id":"https:\/\/regiaonews.net.br\/2022\/2024\/07\/02\/agora-e-lei-hospital-regional-de-bebedouro-passa-a-ser-chamado-jose-cutrale-junior\/#breadcrumb","itemListElement":[{"@type":"ListItem","position":1,"name":"In\u00edcio","item":"https:\/\/regiaonews.net.br\/2022\/"},{"@type":"ListItem","position":2,"name":"Agora \u00e9 lei: Hospital Regional de Bebedouro passa a ser chamado \u201cJos\u00e9 Cutrale J\u00fanior\u201d"}]},{"@type":"WebSite","@id":"https:\/\/regiaonews.net.br\/2022\/#website","url":"https:\/\/regiaonews.net.br\/2022\/","name":"Regi\u00e3o News","description":"Site de Not\u00edcias de Barretos e regi\u00e3o","publisher":{"@id":"https:\/\/regiaonews.net.br\/2022\/#organization"},"potentialAction":[{"@type":"SearchAction","target":{"@type":"EntryPoint","urlTemplate":"https:\/\/regiaonews.net.br\/2022\/?s={search_term_string}"},"query-input":{"@type":"PropertyValueSpecification","valueRequired":true,"valueName":"search_term_string"}}],"inLanguage":"pt-BR"},{"@type":"Organization","@id":"https:\/\/regiaonews.net.br\/2022\/#organization","name":"Regi\u00e3o News","url":"https:\/\/regiaonews.net.br\/2022\/","logo":{"@type":"ImageObject","inLanguage":"pt-BR","@id":"https:\/\/regiaonews.net.br\/2022\/#\/schema\/logo\/image\/","url":"https:\/\/regiaonews.net.br\/2022\/wp-content\/uploads\/2026\/03\/regiao-13-anos-scaled.jpg","contentUrl":"https:\/\/regiaonews.net.br\/2022\/wp-content\/uploads\/2026\/03\/regiao-13-anos-scaled.jpg","width":2560,"height":635,"caption":"Regi\u00e3o News"},"image":{"@id":"https:\/\/regiaonews.net.br\/2022\/#\/schema\/logo\/image\/"}},{"@type":"Person","@id":"https:\/\/regiaonews.net.br\/2022\/#\/schema\/person\/2d205a608a5aa97ac279d7a5e6d89ad8","name":"Roberto","image":{"@type":"ImageObject","inLanguage":"pt-BR","@id":"https:\/\/secure.gravatar.com\/avatar\/42749d8b712ff9d59ca93dc150494e5b55a44134482993f5baeb97e61b7ecc89?s=96&d=mm&r=g","url":"https:\/\/secure.gravatar.com\/avatar\/42749d8b712ff9d59ca93dc150494e5b55a44134482993f5baeb97e61b7ecc89?s=96&d=mm&r=g","contentUrl":"https:\/\/secure.gravatar.com\/avatar\/42749d8b712ff9d59ca93dc150494e5b55a44134482993f5baeb97e61b7ecc89?s=96&d=mm&r=g","caption":"Roberto"},"url":"https:\/\/regiaonews.net.br\/2022\/author\/roberto\/"}]}},"publishpress_future_action":{"enabled":false,"date":"2026-05-03 08:50:19","action":"change-status","newStatus":"draft","terms":[],"taxonomy":"category","extraData":[]},"publishpress_future_workflow_manual_trigger":{"enabledWorkflows":[]},"_links":{"self":[{"href":"https:\/\/regiaonews.net.br\/2022\/wp-json\/wp\/v2\/posts\/107153","targetHints":{"allow":["GET"]}}],"collection":[{"href":"https:\/\/regiaonews.net.br\/2022\/wp-json\/wp\/v2\/posts"}],"about":[{"href":"https:\/\/regiaonews.net.br\/2022\/wp-json\/wp\/v2\/types\/post"}],"author":[{"embeddable":true,"href":"https:\/\/regiaonews.net.br\/2022\/wp-json\/wp\/v2\/users\/2"}],"replies":[{"embeddable":true,"href":"https:\/\/regiaonews.net.br\/2022\/wp-json\/wp\/v2\/comments?post=107153"}],"version-history":[{"count":1,"href":"https:\/\/regiaonews.net.br\/2022\/wp-json\/wp\/v2\/posts\/107153\/revisions"}],"predecessor-version":[{"id":107155,"href":"https:\/\/regiaonews.net.br\/2022\/wp-json\/wp\/v2\/posts\/107153\/revisions\/107155"}],"wp:featuredmedia":[{"embeddable":true,"href":"https:\/\/regiaonews.net.br\/2022\/wp-json\/wp\/v2\/media\/107154"}],"wp:attachment":[{"href":"https:\/\/regiaonews.net.br\/2022\/wp-json\/wp\/v2\/media?parent=107153"}],"wp:term":[{"taxonomy":"category","embeddable":true,"href":"https:\/\/regiaonews.net.br\/2022\/wp-json\/wp\/v2\/categories?post=107153"},{"taxonomy":"post_tag","embeddable":true,"href":"https:\/\/regiaonews.net.br\/2022\/wp-json\/wp\/v2\/tags?post=107153"}],"curies":[{"name":"wp","href":"https:\/\/api.w.org\/{rel}","templated":true}]}}