{"id":107149,"date":"2024-07-02T13:31:21","date_gmt":"2024-07-02T16:31:21","guid":{"rendered":"https:\/\/regiaonews.net.br\/2022\/?p=107149"},"modified":"2024-07-02T13:31:45","modified_gmt":"2024-07-02T16:31:45","slug":"negociacao-no-dia-nacional-de-lutas-dos-servidores-do-inss","status":"publish","type":"post","link":"https:\/\/regiaonews.net.br\/2022\/2024\/07\/02\/negociacao-no-dia-nacional-de-lutas-dos-servidores-do-inss\/","title":{"rendered":"Negocia\u00e7\u00e3o no Dia Nacional de Lutas dos Servidores do INSS"},"content":{"rendered":"<h2><\/h2>\n<h5><\/h5>\n<p>Nesta quarta-feira, (03\/07) \u00e0s 15h, ocorrer\u00e1 a 3\u00aa rodada de negocia\u00e7\u00e3o da Mesa Espec\u00edfica e Tempor\u00e1ria do Seguro Social com o MGI. O Dia de Luta, Mobiliza\u00e7\u00e3o e Paralisa\u00e7\u00e3o \u00e9 a resposta ao governo para a proposta que \u00e9 considerada uma afronta a categoria pois n\u00e3o atende nenhuma das nossas pautas, desconsiderando inclusive o Acordo de Greve de 2022, firmado com o Estado Brasileiro e que a categoria exige o seu cumprimento.<\/p>\n<p>Conforme aprovado pelo\u00a0 Departamento do INSS e Assembleia Estadual,\u00a0 e referendado pela Plen\u00e1ria Nacional da Fenasps\u00a0 a categoria est\u00e1 convocando toda a categoria para paralisar as atividades e participar conosco de ato p\u00fablico a ser realizado na Superintend\u00eancia do INSS no dia 03\/07,\u00a0 \u00e0s 15h.<\/p>\n<p>O Dia de Luta, Mobiliza\u00e7\u00e3o, Paralisa\u00e7\u00e3o e os atos que ocorrer\u00e3o em todo o Pa\u00eds sinalizam o governo que n\u00e3o a categoria n\u00e3o aceitar\u00e1 ser desrespeitada.<\/p>\n<p>&nbsp;<\/p>\n","protected":false},"excerpt":{"rendered":"<p>Nesta quarta-feira, (03\/07) \u00e0s 15h, ocorrer\u00e1 a 3\u00aa rodada de<\/p>\n","protected":false},"author":2,"featured_media":107150,"comment_status":"open","ping_status":"open","sticky":false,"template":"","format":"standard","meta":{"footnotes":""},"categories":[24,61,25],"tags":[],"class_list":["post-107149","post","type-post","status-publish","format-standard","has-post-thumbnail","hentry","category-brasil","category-brasilia","category-cidades"],"yoast_head":"<!-- This site is optimized with the Yoast SEO plugin v27.4 - https:\/\/yoast.com\/product\/yoast-seo-wordpress\/ -->\n<title>Negocia\u00e7\u00e3o no Dia Nacional de Lutas dos Servidores do INSS - Regi\u00e3o News<\/title>\n<meta name=\"robots\" content=\"index, follow, max-snippet:-1, max-image-preview:large, max-video-preview:-1\" \/>\n<link rel=\"canonical\" href=\"https:\/\/regiaonews.net.br\/2022\/2024\/07\/02\/negociacao-no-dia-nacional-de-lutas-dos-servidores-do-inss\/\" \/>\n<meta property=\"og:locale\" content=\"pt_BR\" \/>\n<meta property=\"og:type\" content=\"article\" \/>\n<meta property=\"og:title\" content=\"Negocia\u00e7\u00e3o no Dia Nacional de Lutas dos Servidores do INSS - Regi\u00e3o News\" \/>\n<meta property=\"og:description\" content=\"Nesta quarta-feira, (03\/07) \u00e0s 15h, ocorrer\u00e1 a 3\u00aa rodada de\" \/>\n<meta property=\"og:url\" content=\"https:\/\/regiaonews.net.br\/2022\/2024\/07\/02\/negociacao-no-dia-nacional-de-lutas-dos-servidores-do-inss\/\" \/>\n<meta property=\"og:site_name\" content=\"Regi\u00e3o News\" \/>\n<meta property=\"article:published_time\" content=\"2024-07-02T16:31:21+00:00\" \/>\n<meta property=\"article:modified_time\" content=\"2024-07-02T16:31:45+00:00\" \/>\n<meta property=\"og:image\" content=\"https:\/\/regiaonews.net.br\/2022\/wp-content\/uploads\/2024\/07\/ftp20240702010528dianacionaldeluta_julho2024.jpg\" \/>\n\t<meta property=\"og:image:width\" content=\"800\" \/>\n\t<meta property=\"og:image:height\" content=\"800\" \/>\n\t<meta property=\"og:image:type\" content=\"image\/jpeg\" \/>\n<meta name=\"author\" content=\"Roberto\" \/>\n<meta name=\"twitter:card\" content=\"summary_large_image\" \/>\n<meta name=\"twitter:label1\" content=\"Escrito por\" \/>\n\t<meta name=\"twitter:data1\" content=\"Roberto\" \/>\n\t<meta name=\"twitter:label2\" content=\"Est. tempo de leitura\" \/>\n\t<meta name=\"twitter:data2\" content=\"1 minuto\" \/>\n<script type=\"application\/ld+json\" class=\"yoast-schema-graph\">{\"@context\":\"https:\\\/\\\/schema.org\",\"@graph\":[{\"@type\":\"Article\",\"@id\":\"https:\\\/\\\/regiaonews.net.br\\\/2022\\\/2024\\\/07\\\/02\\\/negociacao-no-dia-nacional-de-lutas-dos-servidores-do-inss\\\/#article\",\"isPartOf\":{\"@id\":\"https:\\\/\\\/regiaonews.net.br\\\/2022\\\/2024\\\/07\\\/02\\\/negociacao-no-dia-nacional-de-lutas-dos-servidores-do-inss\\\/\"},\"author\":{\"name\":\"Roberto\",\"@id\":\"https:\\\/\\\/regiaonews.net.br\\\/2022\\\/#\\\/schema\\\/person\\\/2d205a608a5aa97ac279d7a5e6d89ad8\"},\"headline\":\"Negocia\u00e7\u00e3o no Dia Nacional de Lutas dos Servidores do INSS\",\"datePublished\":\"2024-07-02T16:31:21+00:00\",\"dateModified\":\"2024-07-02T16:31:45+00:00\",\"mainEntityOfPage\":{\"@id\":\"https:\\\/\\\/regiaonews.net.br\\\/2022\\\/2024\\\/07\\\/02\\\/negociacao-no-dia-nacional-de-lutas-dos-servidores-do-inss\\\/\"},\"wordCount\":164,\"commentCount\":0,\"publisher\":{\"@id\":\"https:\\\/\\\/regiaonews.net.br\\\/2022\\\/#organization\"},\"image\":{\"@id\":\"https:\\\/\\\/regiaonews.net.br\\\/2022\\\/2024\\\/07\\\/02\\\/negociacao-no-dia-nacional-de-lutas-dos-servidores-do-inss\\\/#primaryimage\"},\"thumbnailUrl\":\"https:\\\/\\\/regiaonews.net.br\\\/2022\\\/wp-content\\\/uploads\\\/2024\\\/07\\\/ftp20240702010528dianacionaldeluta_julho2024.jpg\",\"articleSection\":[\"Brasil\",\"Bras\u00edlia\",\"Cidades\"],\"inLanguage\":\"pt-BR\",\"potentialAction\":[{\"@type\":\"CommentAction\",\"name\":\"Comment\",\"target\":[\"https:\\\/\\\/regiaonews.net.br\\\/2022\\\/2024\\\/07\\\/02\\\/negociacao-no-dia-nacional-de-lutas-dos-servidores-do-inss\\\/#respond\"]}]},{\"@type\":\"WebPage\",\"@id\":\"https:\\\/\\\/regiaonews.net.br\\\/2022\\\/2024\\\/07\\\/02\\\/negociacao-no-dia-nacional-de-lutas-dos-servidores-do-inss\\\/\",\"url\":\"https:\\\/\\\/regiaonews.net.br\\\/2022\\\/2024\\\/07\\\/02\\\/negociacao-no-dia-nacional-de-lutas-dos-servidores-do-inss\\\/\",\"name\":\"Negocia\u00e7\u00e3o no Dia Nacional de Lutas dos Servidores do INSS - Regi\u00e3o News\",\"isPartOf\":{\"@id\":\"https:\\\/\\\/regiaonews.net.br\\\/2022\\\/#website\"},\"primaryImageOfPage\":{\"@id\":\"https:\\\/\\\/regiaonews.net.br\\\/2022\\\/2024\\\/07\\\/02\\\/negociacao-no-dia-nacional-de-lutas-dos-servidores-do-inss\\\/#primaryimage\"},\"image\":{\"@id\":\"https:\\\/\\\/regiaonews.net.br\\\/2022\\\/2024\\\/07\\\/02\\\/negociacao-no-dia-nacional-de-lutas-dos-servidores-do-inss\\\/#primaryimage\"},\"thumbnailUrl\":\"https:\\\/\\\/regiaonews.net.br\\\/2022\\\/wp-content\\\/uploads\\\/2024\\\/07\\\/ftp20240702010528dianacionaldeluta_julho2024.jpg\",\"datePublished\":\"2024-07-02T16:31:21+00:00\",\"dateModified\":\"2024-07-02T16:31:45+00:00\",\"breadcrumb\":{\"@id\":\"https:\\\/\\\/regiaonews.net.br\\\/2022\\\/2024\\\/07\\\/02\\\/negociacao-no-dia-nacional-de-lutas-dos-servidores-do-inss\\\/#breadcrumb\"},\"inLanguage\":\"pt-BR\",\"potentialAction\":[{\"@type\":\"ReadAction\",\"target\":[\"https:\\\/\\\/regiaonews.net.br\\\/2022\\\/2024\\\/07\\\/02\\\/negociacao-no-dia-nacional-de-lutas-dos-servidores-do-inss\\\/\"]}]},{\"@type\":\"ImageObject\",\"inLanguage\":\"pt-BR\",\"@id\":\"https:\\\/\\\/regiaonews.net.br\\\/2022\\\/2024\\\/07\\\/02\\\/negociacao-no-dia-nacional-de-lutas-dos-servidores-do-inss\\\/#primaryimage\",\"url\":\"https:\\\/\\\/regiaonews.net.br\\\/2022\\\/wp-content\\\/uploads\\\/2024\\\/07\\\/ftp20240702010528dianacionaldeluta_julho2024.jpg\",\"contentUrl\":\"https:\\\/\\\/regiaonews.net.br\\\/2022\\\/wp-content\\\/uploads\\\/2024\\\/07\\\/ftp20240702010528dianacionaldeluta_julho2024.jpg\",\"width\":800,\"height\":800},{\"@type\":\"BreadcrumbList\",\"@id\":\"https:\\\/\\\/regiaonews.net.br\\\/2022\\\/2024\\\/07\\\/02\\\/negociacao-no-dia-nacional-de-lutas-dos-servidores-do-inss\\\/#breadcrumb\",\"itemListElement\":[{\"@type\":\"ListItem\",\"position\":1,\"name\":\"In\u00edcio\",\"item\":\"https:\\\/\\\/regiaonews.net.br\\\/2022\\\/\"},{\"@type\":\"ListItem\",\"position\":2,\"name\":\"Negocia\u00e7\u00e3o no Dia Nacional de Lutas dos Servidores do INSS\"}]},{\"@type\":\"WebSite\",\"@id\":\"https:\\\/\\\/regiaonews.net.br\\\/2022\\\/#website\",\"url\":\"https:\\\/\\\/regiaonews.net.br\\\/2022\\\/\",\"name\":\"Regi\u00e3o News\",\"description\":\"Site de Not\u00edcias de Barretos e regi\u00e3o\",\"publisher\":{\"@id\":\"https:\\\/\\\/regiaonews.net.br\\\/2022\\\/#organization\"},\"potentialAction\":[{\"@type\":\"SearchAction\",\"target\":{\"@type\":\"EntryPoint\",\"urlTemplate\":\"https:\\\/\\\/regiaonews.net.br\\\/2022\\\/?s={search_term_string}\"},\"query-input\":{\"@type\":\"PropertyValueSpecification\",\"valueRequired\":true,\"valueName\":\"search_term_string\"}}],\"inLanguage\":\"pt-BR\"},{\"@type\":\"Organization\",\"@id\":\"https:\\\/\\\/regiaonews.net.br\\\/2022\\\/#organization\",\"name\":\"Regi\u00e3o News\",\"url\":\"https:\\\/\\\/regiaonews.net.br\\\/2022\\\/\",\"logo\":{\"@type\":\"ImageObject\",\"inLanguage\":\"pt-BR\",\"@id\":\"https:\\\/\\\/regiaonews.net.br\\\/2022\\\/#\\\/schema\\\/logo\\\/image\\\/\",\"url\":\"https:\\\/\\\/regiaonews.net.br\\\/2022\\\/wp-content\\\/uploads\\\/2026\\\/03\\\/regiao-13-anos-scaled.jpg\",\"contentUrl\":\"https:\\\/\\\/regiaonews.net.br\\\/2022\\\/wp-content\\\/uploads\\\/2026\\\/03\\\/regiao-13-anos-scaled.jpg\",\"width\":2560,\"height\":635,\"caption\":\"Regi\u00e3o News\"},\"image\":{\"@id\":\"https:\\\/\\\/regiaonews.net.br\\\/2022\\\/#\\\/schema\\\/logo\\\/image\\\/\"}},{\"@type\":\"Person\",\"@id\":\"https:\\\/\\\/regiaonews.net.br\\\/2022\\\/#\\\/schema\\\/person\\\/2d205a608a5aa97ac279d7a5e6d89ad8\",\"name\":\"Roberto\",\"image\":{\"@type\":\"ImageObject\",\"inLanguage\":\"pt-BR\",\"@id\":\"https:\\\/\\\/secure.gravatar.com\\\/avatar\\\/42749d8b712ff9d59ca93dc150494e5b55a44134482993f5baeb97e61b7ecc89?s=96&d=mm&r=g\",\"url\":\"https:\\\/\\\/secure.gravatar.com\\\/avatar\\\/42749d8b712ff9d59ca93dc150494e5b55a44134482993f5baeb97e61b7ecc89?s=96&d=mm&r=g\",\"contentUrl\":\"https:\\\/\\\/secure.gravatar.com\\\/avatar\\\/42749d8b712ff9d59ca93dc150494e5b55a44134482993f5baeb97e61b7ecc89?s=96&d=mm&r=g\",\"caption\":\"Roberto\"},\"url\":\"https:\\\/\\\/regiaonews.net.br\\\/2022\\\/author\\\/roberto\\\/\"}]}<\/script>\n<!-- \/ Yoast SEO plugin. -->","yoast_head_json":{"title":"Negocia\u00e7\u00e3o no Dia Nacional de Lutas dos Servidores do INSS - Regi\u00e3o News","robots":{"index":"index","follow":"follow","max-snippet":"max-snippet:-1","max-image-preview":"max-image-preview:large","max-video-preview":"max-video-preview:-1"},"canonical":"https:\/\/regiaonews.net.br\/2022\/2024\/07\/02\/negociacao-no-dia-nacional-de-lutas-dos-servidores-do-inss\/","og_locale":"pt_BR","og_type":"article","og_title":"Negocia\u00e7\u00e3o no Dia Nacional de Lutas dos Servidores do INSS - Regi\u00e3o News","og_description":"Nesta quarta-feira, (03\/07) \u00e0s 15h, ocorrer\u00e1 a 3\u00aa rodada de","og_url":"https:\/\/regiaonews.net.br\/2022\/2024\/07\/02\/negociacao-no-dia-nacional-de-lutas-dos-servidores-do-inss\/","og_site_name":"Regi\u00e3o News","article_published_time":"2024-07-02T16:31:21+00:00","article_modified_time":"2024-07-02T16:31:45+00:00","og_image":[{"width":800,"height":800,"url":"https:\/\/regiaonews.net.br\/2022\/wp-content\/uploads\/2024\/07\/ftp20240702010528dianacionaldeluta_julho2024.jpg","type":"image\/jpeg"}],"author":"Roberto","twitter_card":"summary_large_image","twitter_misc":{"Escrito por":"Roberto","Est. tempo de leitura":"1 minuto"},"schema":{"@context":"https:\/\/schema.org","@graph":[{"@type":"Article","@id":"https:\/\/regiaonews.net.br\/2022\/2024\/07\/02\/negociacao-no-dia-nacional-de-lutas-dos-servidores-do-inss\/#article","isPartOf":{"@id":"https:\/\/regiaonews.net.br\/2022\/2024\/07\/02\/negociacao-no-dia-nacional-de-lutas-dos-servidores-do-inss\/"},"author":{"name":"Roberto","@id":"https:\/\/regiaonews.net.br\/2022\/#\/schema\/person\/2d205a608a5aa97ac279d7a5e6d89ad8"},"headline":"Negocia\u00e7\u00e3o no Dia Nacional de Lutas dos Servidores do INSS","datePublished":"2024-07-02T16:31:21+00:00","dateModified":"2024-07-02T16:31:45+00:00","mainEntityOfPage":{"@id":"https:\/\/regiaonews.net.br\/2022\/2024\/07\/02\/negociacao-no-dia-nacional-de-lutas-dos-servidores-do-inss\/"},"wordCount":164,"commentCount":0,"publisher":{"@id":"https:\/\/regiaonews.net.br\/2022\/#organization"},"image":{"@id":"https:\/\/regiaonews.net.br\/2022\/2024\/07\/02\/negociacao-no-dia-nacional-de-lutas-dos-servidores-do-inss\/#primaryimage"},"thumbnailUrl":"https:\/\/regiaonews.net.br\/2022\/wp-content\/uploads\/2024\/07\/ftp20240702010528dianacionaldeluta_julho2024.jpg","articleSection":["Brasil","Bras\u00edlia","Cidades"],"inLanguage":"pt-BR","potentialAction":[{"@type":"CommentAction","name":"Comment","target":["https:\/\/regiaonews.net.br\/2022\/2024\/07\/02\/negociacao-no-dia-nacional-de-lutas-dos-servidores-do-inss\/#respond"]}]},{"@type":"WebPage","@id":"https:\/\/regiaonews.net.br\/2022\/2024\/07\/02\/negociacao-no-dia-nacional-de-lutas-dos-servidores-do-inss\/","url":"https:\/\/regiaonews.net.br\/2022\/2024\/07\/02\/negociacao-no-dia-nacional-de-lutas-dos-servidores-do-inss\/","name":"Negocia\u00e7\u00e3o no Dia Nacional de Lutas dos Servidores do INSS - Regi\u00e3o News","isPartOf":{"@id":"https:\/\/regiaonews.net.br\/2022\/#website"},"primaryImageOfPage":{"@id":"https:\/\/regiaonews.net.br\/2022\/2024\/07\/02\/negociacao-no-dia-nacional-de-lutas-dos-servidores-do-inss\/#primaryimage"},"image":{"@id":"https:\/\/regiaonews.net.br\/2022\/2024\/07\/02\/negociacao-no-dia-nacional-de-lutas-dos-servidores-do-inss\/#primaryimage"},"thumbnailUrl":"https:\/\/regiaonews.net.br\/2022\/wp-content\/uploads\/2024\/07\/ftp20240702010528dianacionaldeluta_julho2024.jpg","datePublished":"2024-07-02T16:31:21+00:00","dateModified":"2024-07-02T16:31:45+00:00","breadcrumb":{"@id":"https:\/\/regiaonews.net.br\/2022\/2024\/07\/02\/negociacao-no-dia-nacional-de-lutas-dos-servidores-do-inss\/#breadcrumb"},"inLanguage":"pt-BR","potentialAction":[{"@type":"ReadAction","target":["https:\/\/regiaonews.net.br\/2022\/2024\/07\/02\/negociacao-no-dia-nacional-de-lutas-dos-servidores-do-inss\/"]}]},{"@type":"ImageObject","inLanguage":"pt-BR","@id":"https:\/\/regiaonews.net.br\/2022\/2024\/07\/02\/negociacao-no-dia-nacional-de-lutas-dos-servidores-do-inss\/#primaryimage","url":"https:\/\/regiaonews.net.br\/2022\/wp-content\/uploads\/2024\/07\/ftp20240702010528dianacionaldeluta_julho2024.jpg","contentUrl":"https:\/\/regiaonews.net.br\/2022\/wp-content\/uploads\/2024\/07\/ftp20240702010528dianacionaldeluta_julho2024.jpg","width":800,"height":800},{"@type":"BreadcrumbList","@id":"https:\/\/regiaonews.net.br\/2022\/2024\/07\/02\/negociacao-no-dia-nacional-de-lutas-dos-servidores-do-inss\/#breadcrumb","itemListElement":[{"@type":"ListItem","position":1,"name":"In\u00edcio","item":"https:\/\/regiaonews.net.br\/2022\/"},{"@type":"ListItem","position":2,"name":"Negocia\u00e7\u00e3o no Dia Nacional de Lutas dos Servidores do INSS"}]},{"@type":"WebSite","@id":"https:\/\/regiaonews.net.br\/2022\/#website","url":"https:\/\/regiaonews.net.br\/2022\/","name":"Regi\u00e3o News","description":"Site de Not\u00edcias de Barretos e regi\u00e3o","publisher":{"@id":"https:\/\/regiaonews.net.br\/2022\/#organization"},"potentialAction":[{"@type":"SearchAction","target":{"@type":"EntryPoint","urlTemplate":"https:\/\/regiaonews.net.br\/2022\/?s={search_term_string}"},"query-input":{"@type":"PropertyValueSpecification","valueRequired":true,"valueName":"search_term_string"}}],"inLanguage":"pt-BR"},{"@type":"Organization","@id":"https:\/\/regiaonews.net.br\/2022\/#organization","name":"Regi\u00e3o News","url":"https:\/\/regiaonews.net.br\/2022\/","logo":{"@type":"ImageObject","inLanguage":"pt-BR","@id":"https:\/\/regiaonews.net.br\/2022\/#\/schema\/logo\/image\/","url":"https:\/\/regiaonews.net.br\/2022\/wp-content\/uploads\/2026\/03\/regiao-13-anos-scaled.jpg","contentUrl":"https:\/\/regiaonews.net.br\/2022\/wp-content\/uploads\/2026\/03\/regiao-13-anos-scaled.jpg","width":2560,"height":635,"caption":"Regi\u00e3o News"},"image":{"@id":"https:\/\/regiaonews.net.br\/2022\/#\/schema\/logo\/image\/"}},{"@type":"Person","@id":"https:\/\/regiaonews.net.br\/2022\/#\/schema\/person\/2d205a608a5aa97ac279d7a5e6d89ad8","name":"Roberto","image":{"@type":"ImageObject","inLanguage":"pt-BR","@id":"https:\/\/secure.gravatar.com\/avatar\/42749d8b712ff9d59ca93dc150494e5b55a44134482993f5baeb97e61b7ecc89?s=96&d=mm&r=g","url":"https:\/\/secure.gravatar.com\/avatar\/42749d8b712ff9d59ca93dc150494e5b55a44134482993f5baeb97e61b7ecc89?s=96&d=mm&r=g","contentUrl":"https:\/\/secure.gravatar.com\/avatar\/42749d8b712ff9d59ca93dc150494e5b55a44134482993f5baeb97e61b7ecc89?s=96&d=mm&r=g","caption":"Roberto"},"url":"https:\/\/regiaonews.net.br\/2022\/author\/roberto\/"}]}},"publishpress_future_action":{"enabled":false,"date":"2026-05-03 10:33:41","action":"change-status","newStatus":"draft","terms":[],"taxonomy":"category","extraData":[]},"publishpress_future_workflow_manual_trigger":{"enabledWorkflows":[]},"_links":{"self":[{"href":"https:\/\/regiaonews.net.br\/2022\/wp-json\/wp\/v2\/posts\/107149","targetHints":{"allow":["GET"]}}],"collection":[{"href":"https:\/\/regiaonews.net.br\/2022\/wp-json\/wp\/v2\/posts"}],"about":[{"href":"https:\/\/regiaonews.net.br\/2022\/wp-json\/wp\/v2\/types\/post"}],"author":[{"embeddable":true,"href":"https:\/\/regiaonews.net.br\/2022\/wp-json\/wp\/v2\/users\/2"}],"replies":[{"embeddable":true,"href":"https:\/\/regiaonews.net.br\/2022\/wp-json\/wp\/v2\/comments?post=107149"}],"version-history":[{"count":2,"href":"https:\/\/regiaonews.net.br\/2022\/wp-json\/wp\/v2\/posts\/107149\/revisions"}],"predecessor-version":[{"id":107152,"href":"https:\/\/regiaonews.net.br\/2022\/wp-json\/wp\/v2\/posts\/107149\/revisions\/107152"}],"wp:featuredmedia":[{"embeddable":true,"href":"https:\/\/regiaonews.net.br\/2022\/wp-json\/wp\/v2\/media\/107150"}],"wp:attachment":[{"href":"https:\/\/regiaonews.net.br\/2022\/wp-json\/wp\/v2\/media?parent=107149"}],"wp:term":[{"taxonomy":"category","embeddable":true,"href":"https:\/\/regiaonews.net.br\/2022\/wp-json\/wp\/v2\/categories?post=107149"},{"taxonomy":"post_tag","embeddable":true,"href":"https:\/\/regiaonews.net.br\/2022\/wp-json\/wp\/v2\/tags?post=107149"}],"curies":[{"name":"wp","href":"https:\/\/api.w.org\/{rel}","templated":true}]}}