{"id":107118,"date":"2024-07-02T09:57:04","date_gmt":"2024-07-02T12:57:04","guid":{"rendered":"https:\/\/regiaonews.net.br\/2022\/?p=107118"},"modified":"2024-07-02T12:06:12","modified_gmt":"2024-07-02T15:06:12","slug":"policia-civil-de-barretos-realiza-prisao-de-duas-investigadas-por-extorsao","status":"publish","type":"post","link":"https:\/\/regiaonews.net.br\/2022\/2024\/07\/02\/policia-civil-de-barretos-realiza-prisao-de-duas-investigadas-por-extorsao\/","title":{"rendered":"Pol\u00edcia Civil de Barretos realiza pris\u00e3o de duas Investigadas por Extors\u00e3o"},"content":{"rendered":"<p style=\"text-align: center;\">Pris\u00f5es ocorreram na cidade de Sumar\u00e9<\/p>\n<p>Na manh\u00e3 de hoje, a Pol\u00edcia Civil do Estado de S\u00e3o Paulo, atrav\u00e9s da Delegacia de Investiga\u00e7\u00f5es Gerais (DIG) de Barretos, com o apoio da DIG de Americana, efetuou a pris\u00e3o tempor\u00e1ria de duas investigadas, m\u00e3e e filha, respectivamente com 48 e 20 anos de idade. A a\u00e7\u00e3o ocorreu na cidade de Sumar\u00e9, no Condom\u00ednio das Cam\u00e9lias.<\/p>\n<p>As deten\u00e7\u00f5es s\u00e3o resultado de uma investiga\u00e7\u00e3o conduzida pela DIG de Barretos, que apura crimes de extors\u00e3o praticados pelas suspeitas em um contexto de suposto &#8220;trabalho religioso&#8221;.<\/p>\n<p>A v\u00edtima, residente em Barretos, conheceu as investigadas pela internet e as procurou para a realiza\u00e7\u00e3o de tais trabalhos.<\/p>\n<p>Durante o per\u00edodo de extors\u00e3o, a v\u00edtima sofreu um preju\u00edzo aproximado de R$ 100.000,00, em raz\u00e3o das amea\u00e7as perpetradas pelas investigadas.<\/p>\n<p>Durante as buscas, foi apreendido um ve\u00edculo Ford\/Ecosport, que possivelmente foi adquirido com o proveito do crime.<\/p>\n<p>A pris\u00e3o tempor\u00e1ria, decretada por um per\u00edodo de cinco dias, poder\u00e1 ser prorrogada ou convertida em pris\u00e3o preventiva, conforme o avan\u00e7o das investiga\u00e7\u00f5es e a necessidade de medidas cautelares\u00a0adicionais.<\/p>\n<div style=\"width: 640px;\" class=\"wp-video\"><video class=\"wp-video-shortcode\" id=\"video-107118-1\" width=\"640\" height=\"361\" preload=\"metadata\" controls=\"controls\"><source type=\"video\/mp4\" src=\"https:\/\/regiaonews.net.br\/2022\/wp-content\/uploads\/2024\/07\/VID-20240702-WA0006.mp4?_=1\" \/><a href=\"https:\/\/regiaonews.net.br\/2022\/wp-content\/uploads\/2024\/07\/VID-20240702-WA0006.mp4\">https:\/\/regiaonews.net.br\/2022\/wp-content\/uploads\/2024\/07\/VID-20240702-WA0006.mp4<\/a><\/video><\/div>\n<div style=\"width: 640px;\" class=\"wp-video\"><video class=\"wp-video-shortcode\" id=\"video-107118-2\" width=\"640\" height=\"361\" preload=\"metadata\" controls=\"controls\"><source type=\"video\/mp4\" src=\"https:\/\/regiaonews.net.br\/2022\/wp-content\/uploads\/2024\/07\/VID-20240702-WA0005.mp4?_=2\" \/><a href=\"https:\/\/regiaonews.net.br\/2022\/wp-content\/uploads\/2024\/07\/VID-20240702-WA0005.mp4\">https:\/\/regiaonews.net.br\/2022\/wp-content\/uploads\/2024\/07\/VID-20240702-WA0005.mp4<\/a><\/video><\/div>\n<div style=\"width: 640px;\" class=\"wp-video\"><video class=\"wp-video-shortcode\" id=\"video-107118-3\" width=\"640\" height=\"361\" preload=\"metadata\" controls=\"controls\"><source type=\"video\/mp4\" src=\"https:\/\/regiaonews.net.br\/2022\/wp-content\/uploads\/2024\/07\/VID-20240702-WA0004.mp4?_=3\" \/><a href=\"https:\/\/regiaonews.net.br\/2022\/wp-content\/uploads\/2024\/07\/VID-20240702-WA0004.mp4\">https:\/\/regiaonews.net.br\/2022\/wp-content\/uploads\/2024\/07\/VID-20240702-WA0004.mp4<\/a><\/video><\/div>\n<div style=\"width: 640px;\" class=\"wp-video\"><video class=\"wp-video-shortcode\" id=\"video-107118-4\" width=\"640\" height=\"361\" preload=\"metadata\" controls=\"controls\"><source type=\"video\/mp4\" src=\"https:\/\/regiaonews.net.br\/2022\/wp-content\/uploads\/2024\/07\/VID-20240702-WA0003.mp4?_=4\" \/><a href=\"https:\/\/regiaonews.net.br\/2022\/wp-content\/uploads\/2024\/07\/VID-20240702-WA0003.mp4\">https:\/\/regiaonews.net.br\/2022\/wp-content\/uploads\/2024\/07\/VID-20240702-WA0003.mp4<\/a><\/video><\/div>\n<div style=\"width: 640px;\" class=\"wp-video\"><video class=\"wp-video-shortcode\" id=\"video-107118-5\" width=\"640\" height=\"360\" preload=\"metadata\" controls=\"controls\"><source type=\"video\/mp4\" src=\"https:\/\/regiaonews.net.br\/2022\/wp-content\/uploads\/2024\/07\/VID-20240702-WA0002.mp4?_=5\" \/><a href=\"https:\/\/regiaonews.net.br\/2022\/wp-content\/uploads\/2024\/07\/VID-20240702-WA0002.mp4\">https:\/\/regiaonews.net.br\/2022\/wp-content\/uploads\/2024\/07\/VID-20240702-WA0002.mp4<\/a><\/video><\/div>\n<div style=\"width: 640px;\" class=\"wp-video\"><video class=\"wp-video-shortcode\" id=\"video-107118-6\" width=\"640\" height=\"361\" preload=\"metadata\" controls=\"controls\"><source type=\"video\/mp4\" src=\"https:\/\/regiaonews.net.br\/2022\/wp-content\/uploads\/2024\/07\/VID-20240702-WA0001.mp4?_=6\" \/><a href=\"https:\/\/regiaonews.net.br\/2022\/wp-content\/uploads\/2024\/07\/VID-20240702-WA0001.mp4\">https:\/\/regiaonews.net.br\/2022\/wp-content\/uploads\/2024\/07\/VID-20240702-WA0001.mp4<\/a><\/video><\/div>\n","protected":false},"excerpt":{"rendered":"<p>Pris\u00f5es ocorreram na cidade de Sumar\u00e9 Na manh\u00e3 de hoje,<\/p>\n","protected":false},"author":2,"featured_media":72415,"comment_status":"open","ping_status":"open","sticky":false,"template":"","format":"standard","meta":{"footnotes":""},"categories":[1],"tags":[],"class_list":["post-107118","post","type-post","status-publish","format-standard","has-post-thumbnail","hentry","category-indefinido"],"yoast_head":"<!-- This site is optimized with the Yoast SEO plugin v27.4 - https:\/\/yoast.com\/product\/yoast-seo-wordpress\/ -->\n<title>Pol\u00edcia Civil de Barretos realiza pris\u00e3o de duas Investigadas por Extors\u00e3o - Regi\u00e3o News<\/title>\n<meta name=\"robots\" content=\"index, follow, max-snippet:-1, max-image-preview:large, max-video-preview:-1\" \/>\n<link rel=\"canonical\" href=\"https:\/\/regiaonews.net.br\/2022\/2024\/07\/02\/policia-civil-de-barretos-realiza-prisao-de-duas-investigadas-por-extorsao\/\" \/>\n<meta property=\"og:locale\" content=\"pt_BR\" \/>\n<meta property=\"og:type\" content=\"article\" \/>\n<meta property=\"og:title\" content=\"Pol\u00edcia Civil de Barretos realiza pris\u00e3o de duas Investigadas por Extors\u00e3o - Regi\u00e3o News\" \/>\n<meta property=\"og:description\" content=\"Pris\u00f5es ocorreram na cidade de Sumar\u00e9 Na manh\u00e3 de hoje,\" \/>\n<meta property=\"og:url\" content=\"https:\/\/regiaonews.net.br\/2022\/2024\/07\/02\/policia-civil-de-barretos-realiza-prisao-de-duas-investigadas-por-extorsao\/\" \/>\n<meta property=\"og:site_name\" content=\"Regi\u00e3o News\" \/>\n<meta property=\"article:published_time\" content=\"2024-07-02T12:57:04+00:00\" \/>\n<meta property=\"article:modified_time\" content=\"2024-07-02T15:06:12+00:00\" \/>\n<meta property=\"og:image\" content=\"https:\/\/regiaonews.net.br\/2022\/wp-content\/uploads\/2022\/06\/Dr-Rafael.jpg\" \/>\n\t<meta property=\"og:image:width\" content=\"633\" \/>\n\t<meta property=\"og:image:height\" content=\"346\" \/>\n\t<meta property=\"og:image:type\" content=\"image\/jpeg\" \/>\n<meta name=\"author\" content=\"Roberto\" \/>\n<meta name=\"twitter:card\" content=\"summary_large_image\" \/>\n<meta name=\"twitter:label1\" content=\"Escrito por\" \/>\n\t<meta name=\"twitter:data1\" content=\"Roberto\" \/>\n\t<meta name=\"twitter:label2\" content=\"Est. tempo de leitura\" \/>\n\t<meta name=\"twitter:data2\" content=\"2 minutos\" \/>\n<script type=\"application\/ld+json\" class=\"yoast-schema-graph\">{\"@context\":\"https:\\\/\\\/schema.org\",\"@graph\":[{\"@type\":\"Article\",\"@id\":\"https:\\\/\\\/regiaonews.net.br\\\/2022\\\/2024\\\/07\\\/02\\\/policia-civil-de-barretos-realiza-prisao-de-duas-investigadas-por-extorsao\\\/#article\",\"isPartOf\":{\"@id\":\"https:\\\/\\\/regiaonews.net.br\\\/2022\\\/2024\\\/07\\\/02\\\/policia-civil-de-barretos-realiza-prisao-de-duas-investigadas-por-extorsao\\\/\"},\"author\":{\"name\":\"Roberto\",\"@id\":\"https:\\\/\\\/regiaonews.net.br\\\/2022\\\/#\\\/schema\\\/person\\\/2d205a608a5aa97ac279d7a5e6d89ad8\"},\"headline\":\"Pol\u00edcia Civil de Barretos realiza pris\u00e3o de duas Investigadas por Extors\u00e3o\",\"datePublished\":\"2024-07-02T12:57:04+00:00\",\"dateModified\":\"2024-07-02T15:06:12+00:00\",\"mainEntityOfPage\":{\"@id\":\"https:\\\/\\\/regiaonews.net.br\\\/2022\\\/2024\\\/07\\\/02\\\/policia-civil-de-barretos-realiza-prisao-de-duas-investigadas-por-extorsao\\\/\"},\"wordCount\":303,\"commentCount\":0,\"publisher\":{\"@id\":\"https:\\\/\\\/regiaonews.net.br\\\/2022\\\/#organization\"},\"image\":{\"@id\":\"https:\\\/\\\/regiaonews.net.br\\\/2022\\\/2024\\\/07\\\/02\\\/policia-civil-de-barretos-realiza-prisao-de-duas-investigadas-por-extorsao\\\/#primaryimage\"},\"thumbnailUrl\":\"https:\\\/\\\/regiaonews.net.br\\\/2022\\\/wp-content\\\/uploads\\\/2022\\\/06\\\/Dr-Rafael.jpg\",\"articleSection\":[\"Indefinido\"],\"inLanguage\":\"pt-BR\",\"potentialAction\":[{\"@type\":\"CommentAction\",\"name\":\"Comment\",\"target\":[\"https:\\\/\\\/regiaonews.net.br\\\/2022\\\/2024\\\/07\\\/02\\\/policia-civil-de-barretos-realiza-prisao-de-duas-investigadas-por-extorsao\\\/#respond\"]}]},{\"@type\":\"WebPage\",\"@id\":\"https:\\\/\\\/regiaonews.net.br\\\/2022\\\/2024\\\/07\\\/02\\\/policia-civil-de-barretos-realiza-prisao-de-duas-investigadas-por-extorsao\\\/\",\"url\":\"https:\\\/\\\/regiaonews.net.br\\\/2022\\\/2024\\\/07\\\/02\\\/policia-civil-de-barretos-realiza-prisao-de-duas-investigadas-por-extorsao\\\/\",\"name\":\"Pol\u00edcia Civil de Barretos realiza pris\u00e3o de duas Investigadas por Extors\u00e3o - Regi\u00e3o News\",\"isPartOf\":{\"@id\":\"https:\\\/\\\/regiaonews.net.br\\\/2022\\\/#website\"},\"primaryImageOfPage\":{\"@id\":\"https:\\\/\\\/regiaonews.net.br\\\/2022\\\/2024\\\/07\\\/02\\\/policia-civil-de-barretos-realiza-prisao-de-duas-investigadas-por-extorsao\\\/#primaryimage\"},\"image\":{\"@id\":\"https:\\\/\\\/regiaonews.net.br\\\/2022\\\/2024\\\/07\\\/02\\\/policia-civil-de-barretos-realiza-prisao-de-duas-investigadas-por-extorsao\\\/#primaryimage\"},\"thumbnailUrl\":\"https:\\\/\\\/regiaonews.net.br\\\/2022\\\/wp-content\\\/uploads\\\/2022\\\/06\\\/Dr-Rafael.jpg\",\"datePublished\":\"2024-07-02T12:57:04+00:00\",\"dateModified\":\"2024-07-02T15:06:12+00:00\",\"breadcrumb\":{\"@id\":\"https:\\\/\\\/regiaonews.net.br\\\/2022\\\/2024\\\/07\\\/02\\\/policia-civil-de-barretos-realiza-prisao-de-duas-investigadas-por-extorsao\\\/#breadcrumb\"},\"inLanguage\":\"pt-BR\",\"potentialAction\":[{\"@type\":\"ReadAction\",\"target\":[\"https:\\\/\\\/regiaonews.net.br\\\/2022\\\/2024\\\/07\\\/02\\\/policia-civil-de-barretos-realiza-prisao-de-duas-investigadas-por-extorsao\\\/\"]}]},{\"@type\":\"ImageObject\",\"inLanguage\":\"pt-BR\",\"@id\":\"https:\\\/\\\/regiaonews.net.br\\\/2022\\\/2024\\\/07\\\/02\\\/policia-civil-de-barretos-realiza-prisao-de-duas-investigadas-por-extorsao\\\/#primaryimage\",\"url\":\"https:\\\/\\\/regiaonews.net.br\\\/2022\\\/wp-content\\\/uploads\\\/2022\\\/06\\\/Dr-Rafael.jpg\",\"contentUrl\":\"https:\\\/\\\/regiaonews.net.br\\\/2022\\\/wp-content\\\/uploads\\\/2022\\\/06\\\/Dr-Rafael.jpg\",\"width\":633,\"height\":346},{\"@type\":\"BreadcrumbList\",\"@id\":\"https:\\\/\\\/regiaonews.net.br\\\/2022\\\/2024\\\/07\\\/02\\\/policia-civil-de-barretos-realiza-prisao-de-duas-investigadas-por-extorsao\\\/#breadcrumb\",\"itemListElement\":[{\"@type\":\"ListItem\",\"position\":1,\"name\":\"In\u00edcio\",\"item\":\"https:\\\/\\\/regiaonews.net.br\\\/2022\\\/\"},{\"@type\":\"ListItem\",\"position\":2,\"name\":\"Pol\u00edcia Civil de Barretos realiza pris\u00e3o de duas Investigadas por Extors\u00e3o\"}]},{\"@type\":\"WebSite\",\"@id\":\"https:\\\/\\\/regiaonews.net.br\\\/2022\\\/#website\",\"url\":\"https:\\\/\\\/regiaonews.net.br\\\/2022\\\/\",\"name\":\"Regi\u00e3o News\",\"description\":\"Site de Not\u00edcias de Barretos e regi\u00e3o\",\"publisher\":{\"@id\":\"https:\\\/\\\/regiaonews.net.br\\\/2022\\\/#organization\"},\"potentialAction\":[{\"@type\":\"SearchAction\",\"target\":{\"@type\":\"EntryPoint\",\"urlTemplate\":\"https:\\\/\\\/regiaonews.net.br\\\/2022\\\/?s={search_term_string}\"},\"query-input\":{\"@type\":\"PropertyValueSpecification\",\"valueRequired\":true,\"valueName\":\"search_term_string\"}}],\"inLanguage\":\"pt-BR\"},{\"@type\":\"Organization\",\"@id\":\"https:\\\/\\\/regiaonews.net.br\\\/2022\\\/#organization\",\"name\":\"Regi\u00e3o News\",\"url\":\"https:\\\/\\\/regiaonews.net.br\\\/2022\\\/\",\"logo\":{\"@type\":\"ImageObject\",\"inLanguage\":\"pt-BR\",\"@id\":\"https:\\\/\\\/regiaonews.net.br\\\/2022\\\/#\\\/schema\\\/logo\\\/image\\\/\",\"url\":\"https:\\\/\\\/regiaonews.net.br\\\/2022\\\/wp-content\\\/uploads\\\/2026\\\/03\\\/regiao-13-anos-scaled.jpg\",\"contentUrl\":\"https:\\\/\\\/regiaonews.net.br\\\/2022\\\/wp-content\\\/uploads\\\/2026\\\/03\\\/regiao-13-anos-scaled.jpg\",\"width\":2560,\"height\":635,\"caption\":\"Regi\u00e3o News\"},\"image\":{\"@id\":\"https:\\\/\\\/regiaonews.net.br\\\/2022\\\/#\\\/schema\\\/logo\\\/image\\\/\"}},{\"@type\":\"Person\",\"@id\":\"https:\\\/\\\/regiaonews.net.br\\\/2022\\\/#\\\/schema\\\/person\\\/2d205a608a5aa97ac279d7a5e6d89ad8\",\"name\":\"Roberto\",\"image\":{\"@type\":\"ImageObject\",\"inLanguage\":\"pt-BR\",\"@id\":\"https:\\\/\\\/secure.gravatar.com\\\/avatar\\\/42749d8b712ff9d59ca93dc150494e5b55a44134482993f5baeb97e61b7ecc89?s=96&d=mm&r=g\",\"url\":\"https:\\\/\\\/secure.gravatar.com\\\/avatar\\\/42749d8b712ff9d59ca93dc150494e5b55a44134482993f5baeb97e61b7ecc89?s=96&d=mm&r=g\",\"contentUrl\":\"https:\\\/\\\/secure.gravatar.com\\\/avatar\\\/42749d8b712ff9d59ca93dc150494e5b55a44134482993f5baeb97e61b7ecc89?s=96&d=mm&r=g\",\"caption\":\"Roberto\"},\"url\":\"https:\\\/\\\/regiaonews.net.br\\\/2022\\\/author\\\/roberto\\\/\"}]}<\/script>\n<!-- \/ Yoast SEO plugin. -->","yoast_head_json":{"title":"Pol\u00edcia Civil de Barretos realiza pris\u00e3o de duas Investigadas por Extors\u00e3o - Regi\u00e3o News","robots":{"index":"index","follow":"follow","max-snippet":"max-snippet:-1","max-image-preview":"max-image-preview:large","max-video-preview":"max-video-preview:-1"},"canonical":"https:\/\/regiaonews.net.br\/2022\/2024\/07\/02\/policia-civil-de-barretos-realiza-prisao-de-duas-investigadas-por-extorsao\/","og_locale":"pt_BR","og_type":"article","og_title":"Pol\u00edcia Civil de Barretos realiza pris\u00e3o de duas Investigadas por Extors\u00e3o - Regi\u00e3o News","og_description":"Pris\u00f5es ocorreram na cidade de Sumar\u00e9 Na manh\u00e3 de hoje,","og_url":"https:\/\/regiaonews.net.br\/2022\/2024\/07\/02\/policia-civil-de-barretos-realiza-prisao-de-duas-investigadas-por-extorsao\/","og_site_name":"Regi\u00e3o News","article_published_time":"2024-07-02T12:57:04+00:00","article_modified_time":"2024-07-02T15:06:12+00:00","og_image":[{"width":633,"height":346,"url":"https:\/\/regiaonews.net.br\/2022\/wp-content\/uploads\/2022\/06\/Dr-Rafael.jpg","type":"image\/jpeg"}],"author":"Roberto","twitter_card":"summary_large_image","twitter_misc":{"Escrito por":"Roberto","Est. tempo de leitura":"2 minutos"},"schema":{"@context":"https:\/\/schema.org","@graph":[{"@type":"Article","@id":"https:\/\/regiaonews.net.br\/2022\/2024\/07\/02\/policia-civil-de-barretos-realiza-prisao-de-duas-investigadas-por-extorsao\/#article","isPartOf":{"@id":"https:\/\/regiaonews.net.br\/2022\/2024\/07\/02\/policia-civil-de-barretos-realiza-prisao-de-duas-investigadas-por-extorsao\/"},"author":{"name":"Roberto","@id":"https:\/\/regiaonews.net.br\/2022\/#\/schema\/person\/2d205a608a5aa97ac279d7a5e6d89ad8"},"headline":"Pol\u00edcia Civil de Barretos realiza pris\u00e3o de duas Investigadas por Extors\u00e3o","datePublished":"2024-07-02T12:57:04+00:00","dateModified":"2024-07-02T15:06:12+00:00","mainEntityOfPage":{"@id":"https:\/\/regiaonews.net.br\/2022\/2024\/07\/02\/policia-civil-de-barretos-realiza-prisao-de-duas-investigadas-por-extorsao\/"},"wordCount":303,"commentCount":0,"publisher":{"@id":"https:\/\/regiaonews.net.br\/2022\/#organization"},"image":{"@id":"https:\/\/regiaonews.net.br\/2022\/2024\/07\/02\/policia-civil-de-barretos-realiza-prisao-de-duas-investigadas-por-extorsao\/#primaryimage"},"thumbnailUrl":"https:\/\/regiaonews.net.br\/2022\/wp-content\/uploads\/2022\/06\/Dr-Rafael.jpg","articleSection":["Indefinido"],"inLanguage":"pt-BR","potentialAction":[{"@type":"CommentAction","name":"Comment","target":["https:\/\/regiaonews.net.br\/2022\/2024\/07\/02\/policia-civil-de-barretos-realiza-prisao-de-duas-investigadas-por-extorsao\/#respond"]}]},{"@type":"WebPage","@id":"https:\/\/regiaonews.net.br\/2022\/2024\/07\/02\/policia-civil-de-barretos-realiza-prisao-de-duas-investigadas-por-extorsao\/","url":"https:\/\/regiaonews.net.br\/2022\/2024\/07\/02\/policia-civil-de-barretos-realiza-prisao-de-duas-investigadas-por-extorsao\/","name":"Pol\u00edcia Civil de Barretos realiza pris\u00e3o de duas Investigadas por Extors\u00e3o - Regi\u00e3o News","isPartOf":{"@id":"https:\/\/regiaonews.net.br\/2022\/#website"},"primaryImageOfPage":{"@id":"https:\/\/regiaonews.net.br\/2022\/2024\/07\/02\/policia-civil-de-barretos-realiza-prisao-de-duas-investigadas-por-extorsao\/#primaryimage"},"image":{"@id":"https:\/\/regiaonews.net.br\/2022\/2024\/07\/02\/policia-civil-de-barretos-realiza-prisao-de-duas-investigadas-por-extorsao\/#primaryimage"},"thumbnailUrl":"https:\/\/regiaonews.net.br\/2022\/wp-content\/uploads\/2022\/06\/Dr-Rafael.jpg","datePublished":"2024-07-02T12:57:04+00:00","dateModified":"2024-07-02T15:06:12+00:00","breadcrumb":{"@id":"https:\/\/regiaonews.net.br\/2022\/2024\/07\/02\/policia-civil-de-barretos-realiza-prisao-de-duas-investigadas-por-extorsao\/#breadcrumb"},"inLanguage":"pt-BR","potentialAction":[{"@type":"ReadAction","target":["https:\/\/regiaonews.net.br\/2022\/2024\/07\/02\/policia-civil-de-barretos-realiza-prisao-de-duas-investigadas-por-extorsao\/"]}]},{"@type":"ImageObject","inLanguage":"pt-BR","@id":"https:\/\/regiaonews.net.br\/2022\/2024\/07\/02\/policia-civil-de-barretos-realiza-prisao-de-duas-investigadas-por-extorsao\/#primaryimage","url":"https:\/\/regiaonews.net.br\/2022\/wp-content\/uploads\/2022\/06\/Dr-Rafael.jpg","contentUrl":"https:\/\/regiaonews.net.br\/2022\/wp-content\/uploads\/2022\/06\/Dr-Rafael.jpg","width":633,"height":346},{"@type":"BreadcrumbList","@id":"https:\/\/regiaonews.net.br\/2022\/2024\/07\/02\/policia-civil-de-barretos-realiza-prisao-de-duas-investigadas-por-extorsao\/#breadcrumb","itemListElement":[{"@type":"ListItem","position":1,"name":"In\u00edcio","item":"https:\/\/regiaonews.net.br\/2022\/"},{"@type":"ListItem","position":2,"name":"Pol\u00edcia Civil de Barretos realiza pris\u00e3o de duas Investigadas por Extors\u00e3o"}]},{"@type":"WebSite","@id":"https:\/\/regiaonews.net.br\/2022\/#website","url":"https:\/\/regiaonews.net.br\/2022\/","name":"Regi\u00e3o News","description":"Site de Not\u00edcias de Barretos e regi\u00e3o","publisher":{"@id":"https:\/\/regiaonews.net.br\/2022\/#organization"},"potentialAction":[{"@type":"SearchAction","target":{"@type":"EntryPoint","urlTemplate":"https:\/\/regiaonews.net.br\/2022\/?s={search_term_string}"},"query-input":{"@type":"PropertyValueSpecification","valueRequired":true,"valueName":"search_term_string"}}],"inLanguage":"pt-BR"},{"@type":"Organization","@id":"https:\/\/regiaonews.net.br\/2022\/#organization","name":"Regi\u00e3o News","url":"https:\/\/regiaonews.net.br\/2022\/","logo":{"@type":"ImageObject","inLanguage":"pt-BR","@id":"https:\/\/regiaonews.net.br\/2022\/#\/schema\/logo\/image\/","url":"https:\/\/regiaonews.net.br\/2022\/wp-content\/uploads\/2026\/03\/regiao-13-anos-scaled.jpg","contentUrl":"https:\/\/regiaonews.net.br\/2022\/wp-content\/uploads\/2026\/03\/regiao-13-anos-scaled.jpg","width":2560,"height":635,"caption":"Regi\u00e3o News"},"image":{"@id":"https:\/\/regiaonews.net.br\/2022\/#\/schema\/logo\/image\/"}},{"@type":"Person","@id":"https:\/\/regiaonews.net.br\/2022\/#\/schema\/person\/2d205a608a5aa97ac279d7a5e6d89ad8","name":"Roberto","image":{"@type":"ImageObject","inLanguage":"pt-BR","@id":"https:\/\/secure.gravatar.com\/avatar\/42749d8b712ff9d59ca93dc150494e5b55a44134482993f5baeb97e61b7ecc89?s=96&d=mm&r=g","url":"https:\/\/secure.gravatar.com\/avatar\/42749d8b712ff9d59ca93dc150494e5b55a44134482993f5baeb97e61b7ecc89?s=96&d=mm&r=g","contentUrl":"https:\/\/secure.gravatar.com\/avatar\/42749d8b712ff9d59ca93dc150494e5b55a44134482993f5baeb97e61b7ecc89?s=96&d=mm&r=g","caption":"Roberto"},"url":"https:\/\/regiaonews.net.br\/2022\/author\/roberto\/"}]}},"publishpress_future_action":{"enabled":false,"date":"2026-05-03 04:36:59","action":"change-status","newStatus":"draft","terms":[],"taxonomy":"category","extraData":[]},"publishpress_future_workflow_manual_trigger":{"enabledWorkflows":[]},"_links":{"self":[{"href":"https:\/\/regiaonews.net.br\/2022\/wp-json\/wp\/v2\/posts\/107118","targetHints":{"allow":["GET"]}}],"collection":[{"href":"https:\/\/regiaonews.net.br\/2022\/wp-json\/wp\/v2\/posts"}],"about":[{"href":"https:\/\/regiaonews.net.br\/2022\/wp-json\/wp\/v2\/types\/post"}],"author":[{"embeddable":true,"href":"https:\/\/regiaonews.net.br\/2022\/wp-json\/wp\/v2\/users\/2"}],"replies":[{"embeddable":true,"href":"https:\/\/regiaonews.net.br\/2022\/wp-json\/wp\/v2\/comments?post=107118"}],"version-history":[{"count":4,"href":"https:\/\/regiaonews.net.br\/2022\/wp-json\/wp\/v2\/posts\/107118\/revisions"}],"predecessor-version":[{"id":107144,"href":"https:\/\/regiaonews.net.br\/2022\/wp-json\/wp\/v2\/posts\/107118\/revisions\/107144"}],"wp:featuredmedia":[{"embeddable":true,"href":"https:\/\/regiaonews.net.br\/2022\/wp-json\/wp\/v2\/media\/72415"}],"wp:attachment":[{"href":"https:\/\/regiaonews.net.br\/2022\/wp-json\/wp\/v2\/media?parent=107118"}],"wp:term":[{"taxonomy":"category","embeddable":true,"href":"https:\/\/regiaonews.net.br\/2022\/wp-json\/wp\/v2\/categories?post=107118"},{"taxonomy":"post_tag","embeddable":true,"href":"https:\/\/regiaonews.net.br\/2022\/wp-json\/wp\/v2\/tags?post=107118"}],"curies":[{"name":"wp","href":"https:\/\/api.w.org\/{rel}","templated":true}]}}