{"id":107077,"date":"2024-07-01T15:43:32","date_gmt":"2024-07-01T18:43:32","guid":{"rendered":"https:\/\/regiaonews.net.br\/2022\/?p=107077"},"modified":"2024-07-01T15:43:32","modified_gmt":"2024-07-01T18:43:32","slug":"aprovado-o-projeto-de-lei-que-proibe-trotes-e-atos-violentos-nas-universidades-do-estado-de-sao-paulo","status":"publish","type":"post","link":"https:\/\/regiaonews.net.br\/2022\/2024\/07\/01\/aprovado-o-projeto-de-lei-que-proibe-trotes-e-atos-violentos-nas-universidades-do-estado-de-sao-paulo\/","title":{"rendered":"Aprovado o projeto de lei que pro\u00edbe trotes e atos violentos nas Universidades do estado de S\u00e3o Paulo"},"content":{"rendered":"<p>De autoria da deputada estadual Thainara Faria (PT), o documento define a responsabilidade das universidades e institutos diante de casos de viol\u00eancia cometidos por seus alunos e funcion\u00e1rios.<\/p>\n<p>Na \u00faltima quinta (27), a Assembleia Legislativa do Estado de S\u00e3o Paulo (ALESP) aprovou o PL n\u00ba 1355\/2023, de autoria da deputada estadual Thainara Faria (PT), que torna obrigat\u00f3ria a ado\u00e7\u00e3o pelas Institui\u00e7\u00f5es de Ensino T\u00e9cnico e Superior de medidas de preven\u00e7\u00e3o e responsabiliza\u00e7\u00e3o diante de casos de viol\u00eancia envolvendo seus estudantes.<\/p>\n<p>O texto determina que est\u00e1 vedada a realiza\u00e7\u00e3o de atividades de recep\u00e7\u00e3o de novos estudantes no in\u00edcio ou ao longo do ano letivo, os chamados \u201ctrotes\u201d, em institui\u00e7\u00f5es de educa\u00e7\u00e3o t\u00e9cnica e superior, que envolvam coa\u00e7\u00e3o, agress\u00e3o, humilha\u00e7\u00e3o, discrimina\u00e7\u00e3o por racismo, capacitismo, misoginia, ou qualquer outra forma de constrangimento que atente contra a integridade f\u00edsica, moral ou psicol\u00f3gica dos alunos.<\/p>\n<p>Sendo assim, cabe \u00e0s universidades e aos institutos: a ado\u00e7\u00e3o de medidas preventivas para coibir tais pr\u00e1ticas dentro e fora de suas depend\u00eancias; a instaura\u00e7\u00e3o de processo disciplinar contra alunos e funcion\u00e1rios que descumprirem a veda\u00e7\u00e3o; e a imposi\u00e7\u00e3o de penalidades administrativas, que pode incluir o desligamento da institui\u00e7\u00e3o. As medidas servem para situa\u00e7\u00f5es de viol\u00eancia n\u00e3o s\u00f3 nos trotes, mas em qualquer outro per\u00edodo do ano, desde que seja constatado ato de viol\u00eancia entre os estudantes.<br \/>\nUma forma de responsabilizar agressores e os afastarem das v\u00edtimas, o que torna poss\u00edvel que se considere medidas protetivas dentro do ambiente escolar.<\/p>\n<p>Cabe ressaltar que, de acordo com o PL aprovado, a entidade que se omitir ou se mostrar negligente no cumprimento das compet\u00eancias previstas ser\u00e1 punida administrativamente pelo respectivo sistema de ensino, na forma do regulamento, sem preju\u00edzo de eventuais san\u00e7\u00f5es penais e civis aplic\u00e1veis aos seus dirigentes por cumplicidade.<\/p>\n<p>Autora do projeto, a deputada estadual Thainara Faria afirma que \u201ca demanda saiu dos pr\u00f3prios estudantes, que procuraram o nosso mandato por meio da nossa Frente Parlamentar pela Perman\u00eancia Estudantil\u201d. Ela destaca que a ideia \u00e9 garantir a seguran\u00e7a e o bem-estar de alunos e fam\u00edlias \u201cnum momento t\u00e3o importante da vida das pessoas.\u201d<\/p>\n<p>\u201cO ambiente universit\u00e1rio n\u00e3o pode ser um espa\u00e7o perigoso. Quantas mulheres n\u00e3o foram v\u00edtimas de atos violentos? Quantos jovens n\u00e3o perderam as vidas em a\u00e7\u00f5es que para alguns eram vistas como brincadeiras, mas que ultrapassaram todos os limites? Precisamos caminhar ao lado das universidades, dos institutos e dos estudantes que querem um ambiente\u00a0de\u00a0harmonia.\u201d<\/p>\n","protected":false},"excerpt":{"rendered":"<p>De autoria da deputada estadual Thainara Faria (PT), o documento<\/p>\n","protected":false},"author":2,"featured_media":107078,"comment_status":"open","ping_status":"open","sticky":false,"template":"","format":"standard","meta":{"footnotes":""},"categories":[7,3],"tags":[],"class_list":["post-107077","post","type-post","status-publish","format-standard","has-post-thumbnail","hentry","category-estado-de-sao-paulo","category-geral"],"yoast_head":"<!-- This site is optimized with the Yoast SEO plugin v27.4 - https:\/\/yoast.com\/product\/yoast-seo-wordpress\/ -->\n<title>Aprovado o projeto de lei que pro\u00edbe trotes e atos violentos nas Universidades do estado de S\u00e3o Paulo - Regi\u00e3o News<\/title>\n<meta name=\"robots\" content=\"index, follow, max-snippet:-1, max-image-preview:large, max-video-preview:-1\" \/>\n<link rel=\"canonical\" href=\"https:\/\/regiaonews.net.br\/2022\/2024\/07\/01\/aprovado-o-projeto-de-lei-que-proibe-trotes-e-atos-violentos-nas-universidades-do-estado-de-sao-paulo\/\" \/>\n<meta property=\"og:locale\" content=\"pt_BR\" \/>\n<meta property=\"og:type\" content=\"article\" \/>\n<meta property=\"og:title\" content=\"Aprovado o projeto de lei que pro\u00edbe trotes e atos violentos nas Universidades do estado de S\u00e3o Paulo - Regi\u00e3o News\" \/>\n<meta property=\"og:description\" content=\"De autoria da deputada estadual Thainara Faria (PT), o documento\" \/>\n<meta property=\"og:url\" content=\"https:\/\/regiaonews.net.br\/2022\/2024\/07\/01\/aprovado-o-projeto-de-lei-que-proibe-trotes-e-atos-violentos-nas-universidades-do-estado-de-sao-paulo\/\" \/>\n<meta property=\"og:site_name\" content=\"Regi\u00e3o News\" \/>\n<meta property=\"article:published_time\" content=\"2024-07-01T18:43:32+00:00\" \/>\n<meta property=\"og:image\" content=\"https:\/\/regiaonews.net.br\/2022\/wp-content\/uploads\/2024\/07\/Imagem-do-WhatsApp-de-2024-07-01-as-15.36.37_13a836e5.jpg\" \/>\n\t<meta property=\"og:image:width\" content=\"1280\" \/>\n\t<meta property=\"og:image:height\" content=\"854\" \/>\n\t<meta property=\"og:image:type\" content=\"image\/jpeg\" \/>\n<meta name=\"author\" content=\"Roberto\" \/>\n<meta name=\"twitter:card\" content=\"summary_large_image\" \/>\n<meta name=\"twitter:label1\" content=\"Escrito por\" \/>\n\t<meta name=\"twitter:data1\" content=\"Roberto\" \/>\n\t<meta name=\"twitter:label2\" content=\"Est. tempo de leitura\" \/>\n\t<meta name=\"twitter:data2\" content=\"3 minutos\" \/>\n<script type=\"application\/ld+json\" class=\"yoast-schema-graph\">{\"@context\":\"https:\\\/\\\/schema.org\",\"@graph\":[{\"@type\":\"Article\",\"@id\":\"https:\\\/\\\/regiaonews.net.br\\\/2022\\\/2024\\\/07\\\/01\\\/aprovado-o-projeto-de-lei-que-proibe-trotes-e-atos-violentos-nas-universidades-do-estado-de-sao-paulo\\\/#article\",\"isPartOf\":{\"@id\":\"https:\\\/\\\/regiaonews.net.br\\\/2022\\\/2024\\\/07\\\/01\\\/aprovado-o-projeto-de-lei-que-proibe-trotes-e-atos-violentos-nas-universidades-do-estado-de-sao-paulo\\\/\"},\"author\":{\"name\":\"Roberto\",\"@id\":\"https:\\\/\\\/regiaonews.net.br\\\/2022\\\/#\\\/schema\\\/person\\\/2d205a608a5aa97ac279d7a5e6d89ad8\"},\"headline\":\"Aprovado o projeto de lei que pro\u00edbe trotes e atos violentos nas Universidades do estado de S\u00e3o Paulo\",\"datePublished\":\"2024-07-01T18:43:32+00:00\",\"mainEntityOfPage\":{\"@id\":\"https:\\\/\\\/regiaonews.net.br\\\/2022\\\/2024\\\/07\\\/01\\\/aprovado-o-projeto-de-lei-que-proibe-trotes-e-atos-violentos-nas-universidades-do-estado-de-sao-paulo\\\/\"},\"wordCount\":468,\"commentCount\":0,\"publisher\":{\"@id\":\"https:\\\/\\\/regiaonews.net.br\\\/2022\\\/#organization\"},\"image\":{\"@id\":\"https:\\\/\\\/regiaonews.net.br\\\/2022\\\/2024\\\/07\\\/01\\\/aprovado-o-projeto-de-lei-que-proibe-trotes-e-atos-violentos-nas-universidades-do-estado-de-sao-paulo\\\/#primaryimage\"},\"thumbnailUrl\":\"https:\\\/\\\/regiaonews.net.br\\\/2022\\\/wp-content\\\/uploads\\\/2024\\\/07\\\/Imagem-do-WhatsApp-de-2024-07-01-as-15.36.37_13a836e5.jpg\",\"articleSection\":[\"Estado de S\u00e3o Paulo\",\"Geral\"],\"inLanguage\":\"pt-BR\",\"potentialAction\":[{\"@type\":\"CommentAction\",\"name\":\"Comment\",\"target\":[\"https:\\\/\\\/regiaonews.net.br\\\/2022\\\/2024\\\/07\\\/01\\\/aprovado-o-projeto-de-lei-que-proibe-trotes-e-atos-violentos-nas-universidades-do-estado-de-sao-paulo\\\/#respond\"]}]},{\"@type\":\"WebPage\",\"@id\":\"https:\\\/\\\/regiaonews.net.br\\\/2022\\\/2024\\\/07\\\/01\\\/aprovado-o-projeto-de-lei-que-proibe-trotes-e-atos-violentos-nas-universidades-do-estado-de-sao-paulo\\\/\",\"url\":\"https:\\\/\\\/regiaonews.net.br\\\/2022\\\/2024\\\/07\\\/01\\\/aprovado-o-projeto-de-lei-que-proibe-trotes-e-atos-violentos-nas-universidades-do-estado-de-sao-paulo\\\/\",\"name\":\"Aprovado o projeto de lei que pro\u00edbe trotes e atos violentos nas Universidades do estado de S\u00e3o Paulo - Regi\u00e3o News\",\"isPartOf\":{\"@id\":\"https:\\\/\\\/regiaonews.net.br\\\/2022\\\/#website\"},\"primaryImageOfPage\":{\"@id\":\"https:\\\/\\\/regiaonews.net.br\\\/2022\\\/2024\\\/07\\\/01\\\/aprovado-o-projeto-de-lei-que-proibe-trotes-e-atos-violentos-nas-universidades-do-estado-de-sao-paulo\\\/#primaryimage\"},\"image\":{\"@id\":\"https:\\\/\\\/regiaonews.net.br\\\/2022\\\/2024\\\/07\\\/01\\\/aprovado-o-projeto-de-lei-que-proibe-trotes-e-atos-violentos-nas-universidades-do-estado-de-sao-paulo\\\/#primaryimage\"},\"thumbnailUrl\":\"https:\\\/\\\/regiaonews.net.br\\\/2022\\\/wp-content\\\/uploads\\\/2024\\\/07\\\/Imagem-do-WhatsApp-de-2024-07-01-as-15.36.37_13a836e5.jpg\",\"datePublished\":\"2024-07-01T18:43:32+00:00\",\"breadcrumb\":{\"@id\":\"https:\\\/\\\/regiaonews.net.br\\\/2022\\\/2024\\\/07\\\/01\\\/aprovado-o-projeto-de-lei-que-proibe-trotes-e-atos-violentos-nas-universidades-do-estado-de-sao-paulo\\\/#breadcrumb\"},\"inLanguage\":\"pt-BR\",\"potentialAction\":[{\"@type\":\"ReadAction\",\"target\":[\"https:\\\/\\\/regiaonews.net.br\\\/2022\\\/2024\\\/07\\\/01\\\/aprovado-o-projeto-de-lei-que-proibe-trotes-e-atos-violentos-nas-universidades-do-estado-de-sao-paulo\\\/\"]}]},{\"@type\":\"ImageObject\",\"inLanguage\":\"pt-BR\",\"@id\":\"https:\\\/\\\/regiaonews.net.br\\\/2022\\\/2024\\\/07\\\/01\\\/aprovado-o-projeto-de-lei-que-proibe-trotes-e-atos-violentos-nas-universidades-do-estado-de-sao-paulo\\\/#primaryimage\",\"url\":\"https:\\\/\\\/regiaonews.net.br\\\/2022\\\/wp-content\\\/uploads\\\/2024\\\/07\\\/Imagem-do-WhatsApp-de-2024-07-01-as-15.36.37_13a836e5.jpg\",\"contentUrl\":\"https:\\\/\\\/regiaonews.net.br\\\/2022\\\/wp-content\\\/uploads\\\/2024\\\/07\\\/Imagem-do-WhatsApp-de-2024-07-01-as-15.36.37_13a836e5.jpg\",\"width\":1280,\"height\":854},{\"@type\":\"BreadcrumbList\",\"@id\":\"https:\\\/\\\/regiaonews.net.br\\\/2022\\\/2024\\\/07\\\/01\\\/aprovado-o-projeto-de-lei-que-proibe-trotes-e-atos-violentos-nas-universidades-do-estado-de-sao-paulo\\\/#breadcrumb\",\"itemListElement\":[{\"@type\":\"ListItem\",\"position\":1,\"name\":\"In\u00edcio\",\"item\":\"https:\\\/\\\/regiaonews.net.br\\\/2022\\\/\"},{\"@type\":\"ListItem\",\"position\":2,\"name\":\"Aprovado o projeto de lei que pro\u00edbe trotes e atos violentos nas Universidades do estado de S\u00e3o Paulo\"}]},{\"@type\":\"WebSite\",\"@id\":\"https:\\\/\\\/regiaonews.net.br\\\/2022\\\/#website\",\"url\":\"https:\\\/\\\/regiaonews.net.br\\\/2022\\\/\",\"name\":\"Regi\u00e3o News\",\"description\":\"Site de Not\u00edcias de Barretos e regi\u00e3o\",\"publisher\":{\"@id\":\"https:\\\/\\\/regiaonews.net.br\\\/2022\\\/#organization\"},\"potentialAction\":[{\"@type\":\"SearchAction\",\"target\":{\"@type\":\"EntryPoint\",\"urlTemplate\":\"https:\\\/\\\/regiaonews.net.br\\\/2022\\\/?s={search_term_string}\"},\"query-input\":{\"@type\":\"PropertyValueSpecification\",\"valueRequired\":true,\"valueName\":\"search_term_string\"}}],\"inLanguage\":\"pt-BR\"},{\"@type\":\"Organization\",\"@id\":\"https:\\\/\\\/regiaonews.net.br\\\/2022\\\/#organization\",\"name\":\"Regi\u00e3o News\",\"url\":\"https:\\\/\\\/regiaonews.net.br\\\/2022\\\/\",\"logo\":{\"@type\":\"ImageObject\",\"inLanguage\":\"pt-BR\",\"@id\":\"https:\\\/\\\/regiaonews.net.br\\\/2022\\\/#\\\/schema\\\/logo\\\/image\\\/\",\"url\":\"https:\\\/\\\/regiaonews.net.br\\\/2022\\\/wp-content\\\/uploads\\\/2026\\\/03\\\/regiao-13-anos-scaled.jpg\",\"contentUrl\":\"https:\\\/\\\/regiaonews.net.br\\\/2022\\\/wp-content\\\/uploads\\\/2026\\\/03\\\/regiao-13-anos-scaled.jpg\",\"width\":2560,\"height\":635,\"caption\":\"Regi\u00e3o News\"},\"image\":{\"@id\":\"https:\\\/\\\/regiaonews.net.br\\\/2022\\\/#\\\/schema\\\/logo\\\/image\\\/\"}},{\"@type\":\"Person\",\"@id\":\"https:\\\/\\\/regiaonews.net.br\\\/2022\\\/#\\\/schema\\\/person\\\/2d205a608a5aa97ac279d7a5e6d89ad8\",\"name\":\"Roberto\",\"image\":{\"@type\":\"ImageObject\",\"inLanguage\":\"pt-BR\",\"@id\":\"https:\\\/\\\/secure.gravatar.com\\\/avatar\\\/42749d8b712ff9d59ca93dc150494e5b55a44134482993f5baeb97e61b7ecc89?s=96&d=mm&r=g\",\"url\":\"https:\\\/\\\/secure.gravatar.com\\\/avatar\\\/42749d8b712ff9d59ca93dc150494e5b55a44134482993f5baeb97e61b7ecc89?s=96&d=mm&r=g\",\"contentUrl\":\"https:\\\/\\\/secure.gravatar.com\\\/avatar\\\/42749d8b712ff9d59ca93dc150494e5b55a44134482993f5baeb97e61b7ecc89?s=96&d=mm&r=g\",\"caption\":\"Roberto\"},\"url\":\"https:\\\/\\\/regiaonews.net.br\\\/2022\\\/author\\\/roberto\\\/\"}]}<\/script>\n<!-- \/ Yoast SEO plugin. -->","yoast_head_json":{"title":"Aprovado o projeto de lei que pro\u00edbe trotes e atos violentos nas Universidades do estado de S\u00e3o Paulo - Regi\u00e3o News","robots":{"index":"index","follow":"follow","max-snippet":"max-snippet:-1","max-image-preview":"max-image-preview:large","max-video-preview":"max-video-preview:-1"},"canonical":"https:\/\/regiaonews.net.br\/2022\/2024\/07\/01\/aprovado-o-projeto-de-lei-que-proibe-trotes-e-atos-violentos-nas-universidades-do-estado-de-sao-paulo\/","og_locale":"pt_BR","og_type":"article","og_title":"Aprovado o projeto de lei que pro\u00edbe trotes e atos violentos nas Universidades do estado de S\u00e3o Paulo - Regi\u00e3o News","og_description":"De autoria da deputada estadual Thainara Faria (PT), o documento","og_url":"https:\/\/regiaonews.net.br\/2022\/2024\/07\/01\/aprovado-o-projeto-de-lei-que-proibe-trotes-e-atos-violentos-nas-universidades-do-estado-de-sao-paulo\/","og_site_name":"Regi\u00e3o News","article_published_time":"2024-07-01T18:43:32+00:00","og_image":[{"width":1280,"height":854,"url":"https:\/\/regiaonews.net.br\/2022\/wp-content\/uploads\/2024\/07\/Imagem-do-WhatsApp-de-2024-07-01-as-15.36.37_13a836e5.jpg","type":"image\/jpeg"}],"author":"Roberto","twitter_card":"summary_large_image","twitter_misc":{"Escrito por":"Roberto","Est. tempo de leitura":"3 minutos"},"schema":{"@context":"https:\/\/schema.org","@graph":[{"@type":"Article","@id":"https:\/\/regiaonews.net.br\/2022\/2024\/07\/01\/aprovado-o-projeto-de-lei-que-proibe-trotes-e-atos-violentos-nas-universidades-do-estado-de-sao-paulo\/#article","isPartOf":{"@id":"https:\/\/regiaonews.net.br\/2022\/2024\/07\/01\/aprovado-o-projeto-de-lei-que-proibe-trotes-e-atos-violentos-nas-universidades-do-estado-de-sao-paulo\/"},"author":{"name":"Roberto","@id":"https:\/\/regiaonews.net.br\/2022\/#\/schema\/person\/2d205a608a5aa97ac279d7a5e6d89ad8"},"headline":"Aprovado o projeto de lei que pro\u00edbe trotes e atos violentos nas Universidades do estado de S\u00e3o Paulo","datePublished":"2024-07-01T18:43:32+00:00","mainEntityOfPage":{"@id":"https:\/\/regiaonews.net.br\/2022\/2024\/07\/01\/aprovado-o-projeto-de-lei-que-proibe-trotes-e-atos-violentos-nas-universidades-do-estado-de-sao-paulo\/"},"wordCount":468,"commentCount":0,"publisher":{"@id":"https:\/\/regiaonews.net.br\/2022\/#organization"},"image":{"@id":"https:\/\/regiaonews.net.br\/2022\/2024\/07\/01\/aprovado-o-projeto-de-lei-que-proibe-trotes-e-atos-violentos-nas-universidades-do-estado-de-sao-paulo\/#primaryimage"},"thumbnailUrl":"https:\/\/regiaonews.net.br\/2022\/wp-content\/uploads\/2024\/07\/Imagem-do-WhatsApp-de-2024-07-01-as-15.36.37_13a836e5.jpg","articleSection":["Estado de S\u00e3o Paulo","Geral"],"inLanguage":"pt-BR","potentialAction":[{"@type":"CommentAction","name":"Comment","target":["https:\/\/regiaonews.net.br\/2022\/2024\/07\/01\/aprovado-o-projeto-de-lei-que-proibe-trotes-e-atos-violentos-nas-universidades-do-estado-de-sao-paulo\/#respond"]}]},{"@type":"WebPage","@id":"https:\/\/regiaonews.net.br\/2022\/2024\/07\/01\/aprovado-o-projeto-de-lei-que-proibe-trotes-e-atos-violentos-nas-universidades-do-estado-de-sao-paulo\/","url":"https:\/\/regiaonews.net.br\/2022\/2024\/07\/01\/aprovado-o-projeto-de-lei-que-proibe-trotes-e-atos-violentos-nas-universidades-do-estado-de-sao-paulo\/","name":"Aprovado o projeto de lei que pro\u00edbe trotes e atos violentos nas Universidades do estado de S\u00e3o Paulo - Regi\u00e3o News","isPartOf":{"@id":"https:\/\/regiaonews.net.br\/2022\/#website"},"primaryImageOfPage":{"@id":"https:\/\/regiaonews.net.br\/2022\/2024\/07\/01\/aprovado-o-projeto-de-lei-que-proibe-trotes-e-atos-violentos-nas-universidades-do-estado-de-sao-paulo\/#primaryimage"},"image":{"@id":"https:\/\/regiaonews.net.br\/2022\/2024\/07\/01\/aprovado-o-projeto-de-lei-que-proibe-trotes-e-atos-violentos-nas-universidades-do-estado-de-sao-paulo\/#primaryimage"},"thumbnailUrl":"https:\/\/regiaonews.net.br\/2022\/wp-content\/uploads\/2024\/07\/Imagem-do-WhatsApp-de-2024-07-01-as-15.36.37_13a836e5.jpg","datePublished":"2024-07-01T18:43:32+00:00","breadcrumb":{"@id":"https:\/\/regiaonews.net.br\/2022\/2024\/07\/01\/aprovado-o-projeto-de-lei-que-proibe-trotes-e-atos-violentos-nas-universidades-do-estado-de-sao-paulo\/#breadcrumb"},"inLanguage":"pt-BR","potentialAction":[{"@type":"ReadAction","target":["https:\/\/regiaonews.net.br\/2022\/2024\/07\/01\/aprovado-o-projeto-de-lei-que-proibe-trotes-e-atos-violentos-nas-universidades-do-estado-de-sao-paulo\/"]}]},{"@type":"ImageObject","inLanguage":"pt-BR","@id":"https:\/\/regiaonews.net.br\/2022\/2024\/07\/01\/aprovado-o-projeto-de-lei-que-proibe-trotes-e-atos-violentos-nas-universidades-do-estado-de-sao-paulo\/#primaryimage","url":"https:\/\/regiaonews.net.br\/2022\/wp-content\/uploads\/2024\/07\/Imagem-do-WhatsApp-de-2024-07-01-as-15.36.37_13a836e5.jpg","contentUrl":"https:\/\/regiaonews.net.br\/2022\/wp-content\/uploads\/2024\/07\/Imagem-do-WhatsApp-de-2024-07-01-as-15.36.37_13a836e5.jpg","width":1280,"height":854},{"@type":"BreadcrumbList","@id":"https:\/\/regiaonews.net.br\/2022\/2024\/07\/01\/aprovado-o-projeto-de-lei-que-proibe-trotes-e-atos-violentos-nas-universidades-do-estado-de-sao-paulo\/#breadcrumb","itemListElement":[{"@type":"ListItem","position":1,"name":"In\u00edcio","item":"https:\/\/regiaonews.net.br\/2022\/"},{"@type":"ListItem","position":2,"name":"Aprovado o projeto de lei que pro\u00edbe trotes e atos violentos nas Universidades do estado de S\u00e3o Paulo"}]},{"@type":"WebSite","@id":"https:\/\/regiaonews.net.br\/2022\/#website","url":"https:\/\/regiaonews.net.br\/2022\/","name":"Regi\u00e3o News","description":"Site de Not\u00edcias de Barretos e regi\u00e3o","publisher":{"@id":"https:\/\/regiaonews.net.br\/2022\/#organization"},"potentialAction":[{"@type":"SearchAction","target":{"@type":"EntryPoint","urlTemplate":"https:\/\/regiaonews.net.br\/2022\/?s={search_term_string}"},"query-input":{"@type":"PropertyValueSpecification","valueRequired":true,"valueName":"search_term_string"}}],"inLanguage":"pt-BR"},{"@type":"Organization","@id":"https:\/\/regiaonews.net.br\/2022\/#organization","name":"Regi\u00e3o News","url":"https:\/\/regiaonews.net.br\/2022\/","logo":{"@type":"ImageObject","inLanguage":"pt-BR","@id":"https:\/\/regiaonews.net.br\/2022\/#\/schema\/logo\/image\/","url":"https:\/\/regiaonews.net.br\/2022\/wp-content\/uploads\/2026\/03\/regiao-13-anos-scaled.jpg","contentUrl":"https:\/\/regiaonews.net.br\/2022\/wp-content\/uploads\/2026\/03\/regiao-13-anos-scaled.jpg","width":2560,"height":635,"caption":"Regi\u00e3o News"},"image":{"@id":"https:\/\/regiaonews.net.br\/2022\/#\/schema\/logo\/image\/"}},{"@type":"Person","@id":"https:\/\/regiaonews.net.br\/2022\/#\/schema\/person\/2d205a608a5aa97ac279d7a5e6d89ad8","name":"Roberto","image":{"@type":"ImageObject","inLanguage":"pt-BR","@id":"https:\/\/secure.gravatar.com\/avatar\/42749d8b712ff9d59ca93dc150494e5b55a44134482993f5baeb97e61b7ecc89?s=96&d=mm&r=g","url":"https:\/\/secure.gravatar.com\/avatar\/42749d8b712ff9d59ca93dc150494e5b55a44134482993f5baeb97e61b7ecc89?s=96&d=mm&r=g","contentUrl":"https:\/\/secure.gravatar.com\/avatar\/42749d8b712ff9d59ca93dc150494e5b55a44134482993f5baeb97e61b7ecc89?s=96&d=mm&r=g","caption":"Roberto"},"url":"https:\/\/regiaonews.net.br\/2022\/author\/roberto\/"}]}},"publishpress_future_action":{"enabled":false,"date":"2026-05-03 02:53:04","action":"change-status","newStatus":"draft","terms":[],"taxonomy":"category","extraData":[]},"publishpress_future_workflow_manual_trigger":{"enabledWorkflows":[]},"_links":{"self":[{"href":"https:\/\/regiaonews.net.br\/2022\/wp-json\/wp\/v2\/posts\/107077","targetHints":{"allow":["GET"]}}],"collection":[{"href":"https:\/\/regiaonews.net.br\/2022\/wp-json\/wp\/v2\/posts"}],"about":[{"href":"https:\/\/regiaonews.net.br\/2022\/wp-json\/wp\/v2\/types\/post"}],"author":[{"embeddable":true,"href":"https:\/\/regiaonews.net.br\/2022\/wp-json\/wp\/v2\/users\/2"}],"replies":[{"embeddable":true,"href":"https:\/\/regiaonews.net.br\/2022\/wp-json\/wp\/v2\/comments?post=107077"}],"version-history":[{"count":1,"href":"https:\/\/regiaonews.net.br\/2022\/wp-json\/wp\/v2\/posts\/107077\/revisions"}],"predecessor-version":[{"id":107079,"href":"https:\/\/regiaonews.net.br\/2022\/wp-json\/wp\/v2\/posts\/107077\/revisions\/107079"}],"wp:featuredmedia":[{"embeddable":true,"href":"https:\/\/regiaonews.net.br\/2022\/wp-json\/wp\/v2\/media\/107078"}],"wp:attachment":[{"href":"https:\/\/regiaonews.net.br\/2022\/wp-json\/wp\/v2\/media?parent=107077"}],"wp:term":[{"taxonomy":"category","embeddable":true,"href":"https:\/\/regiaonews.net.br\/2022\/wp-json\/wp\/v2\/categories?post=107077"},{"taxonomy":"post_tag","embeddable":true,"href":"https:\/\/regiaonews.net.br\/2022\/wp-json\/wp\/v2\/tags?post=107077"}],"curies":[{"name":"wp","href":"https:\/\/api.w.org\/{rel}","templated":true}]}}