{"id":107065,"date":"2024-07-01T15:39:21","date_gmt":"2024-07-01T18:39:21","guid":{"rendered":"https:\/\/regiaonews.net.br\/2022\/?p=107065"},"modified":"2024-07-01T15:39:21","modified_gmt":"2024-07-01T18:39:21","slug":"bombeiros-iniciam-campanha-para-incentivar-doacao-de-sangue-em-sao-paulo","status":"publish","type":"post","link":"https:\/\/regiaonews.net.br\/2022\/2024\/07\/01\/bombeiros-iniciam-campanha-para-incentivar-doacao-de-sangue-em-sao-paulo\/","title":{"rendered":"Bombeiros iniciam campanha para incentivar doa\u00e7\u00e3o de sangue em S\u00e3o Paulo"},"content":{"rendered":"<div class=\"col-lg-12 mt-4\">\n<h3 style=\"text-align: center;\"><span style=\"font-size: 16px;\">Tradicional a\u00e7\u00e3o promovida pela corpora\u00e7\u00e3o se estende at\u00e9 o final do m\u00eas<\/span><\/h3>\n<div>A tradicional campanha \u201cBombeiro Sangue Bom\u201d promovida pela corpora\u00e7\u00e3o em todo estado de S\u00e3o Paulo tem in\u00edcio na ter\u00e7a-feira (2). O objetivo da institui\u00e7\u00e3o \u00e9 incentivar as doa\u00e7\u00f5es de sangue do p\u00fablico interno e externo para aumentar os estoques dos bancos de sangue paulistas, principalmente no per\u00edodo das f\u00e9rias, quando as arrecada\u00e7\u00f5es diminuem.<\/div>\n<div><\/div>\n<div>Cerca de 8 mil bombeiros de todos os quart\u00e9is do estado podem participar da campanha. &#8220;\u00c9 um ato de solidariedade crucial para a sa\u00fade e esperan\u00e7a de muitos&#8221;, disse a tenente Olivia Perrone Cazo. &#8220;Doar \u00e9 uma experi\u00eancia profundamente gratificante, pois cada doa\u00e7\u00e3o tem o potencial de salvar at\u00e9 tr\u00eas vidas. Saber que um simples gesto pode fazer uma diferen\u00e7a t\u00e3o significativa traz uma sensa\u00e7\u00e3o de realiza\u00e7\u00e3o e conex\u00e3o humana&#8221;, completou.<\/div>\n<div><\/div>\n<div>Com o pontap\u00e9 inicial da campanha, que teve in\u00edcio hoje na sede do comando dos Bombeiros, no centro de S\u00e3o Paulo, foram arrecadadas quase 100 bolsas no per\u00edodo da manh\u00e3. As demais doa\u00e7\u00f5es dos bombeiros volunt\u00e1rios come\u00e7am oficialmente amanh\u00e3 (2). A a\u00e7\u00e3o se estender\u00e1 at\u00e9 31 de julho.<\/div>\n<div>\n<div class=\"row\">\n<div class=\"col-lg-12 mt-3\">\n<div>\n<div>Para participar, os doadores precisam ir at\u00e9 um hemocentro e preencher os requisitos b\u00e1sicos. S\u00e3o eles: ter entre 16 e 69 anos, levar documento com foto, estar em boas condi\u00e7\u00f5es de sa\u00fade, pesar no m\u00ednimo 50 quilos, al\u00e9m de estar descansado e alimentado.<\/div>\n<\/div>\n<\/div>\n<div class=\"col-lg-12 mb-5 justify\"><\/div>\n<\/div>\n<div class=\"row mb-4\"><\/div>\n<\/div>\n<\/div>\n","protected":false},"excerpt":{"rendered":"<p>Tradicional a\u00e7\u00e3o promovida pela corpora\u00e7\u00e3o se estende at\u00e9 o final<\/p>\n","protected":false},"author":2,"featured_media":107066,"comment_status":"open","ping_status":"open","sticky":false,"template":"","format":"standard","meta":{"footnotes":""},"categories":[7,3],"tags":[],"class_list":["post-107065","post","type-post","status-publish","format-standard","has-post-thumbnail","hentry","category-estado-de-sao-paulo","category-geral"],"yoast_head":"<!-- This site is optimized with the Yoast SEO plugin v27.4 - https:\/\/yoast.com\/product\/yoast-seo-wordpress\/ -->\n<title>Bombeiros iniciam campanha para incentivar doa\u00e7\u00e3o de sangue em S\u00e3o Paulo - Regi\u00e3o News<\/title>\n<meta name=\"robots\" content=\"index, follow, max-snippet:-1, max-image-preview:large, max-video-preview:-1\" \/>\n<link rel=\"canonical\" href=\"https:\/\/regiaonews.net.br\/2022\/2024\/07\/01\/bombeiros-iniciam-campanha-para-incentivar-doacao-de-sangue-em-sao-paulo\/\" \/>\n<meta property=\"og:locale\" content=\"pt_BR\" \/>\n<meta property=\"og:type\" content=\"article\" \/>\n<meta property=\"og:title\" content=\"Bombeiros iniciam campanha para incentivar doa\u00e7\u00e3o de sangue em S\u00e3o Paulo - Regi\u00e3o News\" \/>\n<meta property=\"og:description\" content=\"Tradicional a\u00e7\u00e3o promovida pela corpora\u00e7\u00e3o se estende at\u00e9 o final\" \/>\n<meta property=\"og:url\" content=\"https:\/\/regiaonews.net.br\/2022\/2024\/07\/01\/bombeiros-iniciam-campanha-para-incentivar-doacao-de-sangue-em-sao-paulo\/\" \/>\n<meta property=\"og:site_name\" content=\"Regi\u00e3o News\" \/>\n<meta property=\"article:published_time\" content=\"2024-07-01T18:39:21+00:00\" \/>\n<meta property=\"og:image\" content=\"https:\/\/regiaonews.net.br\/2022\/wp-content\/uploads\/2024\/07\/D00055316.jpeg\" \/>\n\t<meta property=\"og:image:width\" content=\"700\" \/>\n\t<meta property=\"og:image:height\" content=\"1098\" \/>\n\t<meta property=\"og:image:type\" content=\"image\/jpeg\" \/>\n<meta name=\"author\" content=\"Roberto\" \/>\n<meta name=\"twitter:card\" content=\"summary_large_image\" \/>\n<meta name=\"twitter:label1\" content=\"Escrito por\" \/>\n\t<meta name=\"twitter:data1\" content=\"Roberto\" \/>\n\t<meta name=\"twitter:label2\" content=\"Est. tempo de leitura\" \/>\n\t<meta name=\"twitter:data2\" content=\"2 minutos\" \/>\n<script type=\"application\/ld+json\" class=\"yoast-schema-graph\">{\"@context\":\"https:\\\/\\\/schema.org\",\"@graph\":[{\"@type\":\"Article\",\"@id\":\"https:\\\/\\\/regiaonews.net.br\\\/2022\\\/2024\\\/07\\\/01\\\/bombeiros-iniciam-campanha-para-incentivar-doacao-de-sangue-em-sao-paulo\\\/#article\",\"isPartOf\":{\"@id\":\"https:\\\/\\\/regiaonews.net.br\\\/2022\\\/2024\\\/07\\\/01\\\/bombeiros-iniciam-campanha-para-incentivar-doacao-de-sangue-em-sao-paulo\\\/\"},\"author\":{\"name\":\"Roberto\",\"@id\":\"https:\\\/\\\/regiaonews.net.br\\\/2022\\\/#\\\/schema\\\/person\\\/2d205a608a5aa97ac279d7a5e6d89ad8\"},\"headline\":\"Bombeiros iniciam campanha para incentivar doa\u00e7\u00e3o de sangue em S\u00e3o Paulo\",\"datePublished\":\"2024-07-01T18:39:21+00:00\",\"mainEntityOfPage\":{\"@id\":\"https:\\\/\\\/regiaonews.net.br\\\/2022\\\/2024\\\/07\\\/01\\\/bombeiros-iniciam-campanha-para-incentivar-doacao-de-sangue-em-sao-paulo\\\/\"},\"wordCount\":266,\"commentCount\":0,\"publisher\":{\"@id\":\"https:\\\/\\\/regiaonews.net.br\\\/2022\\\/#organization\"},\"image\":{\"@id\":\"https:\\\/\\\/regiaonews.net.br\\\/2022\\\/2024\\\/07\\\/01\\\/bombeiros-iniciam-campanha-para-incentivar-doacao-de-sangue-em-sao-paulo\\\/#primaryimage\"},\"thumbnailUrl\":\"https:\\\/\\\/regiaonews.net.br\\\/2022\\\/wp-content\\\/uploads\\\/2024\\\/07\\\/D00055316.jpeg\",\"articleSection\":[\"Estado de S\u00e3o Paulo\",\"Geral\"],\"inLanguage\":\"pt-BR\",\"potentialAction\":[{\"@type\":\"CommentAction\",\"name\":\"Comment\",\"target\":[\"https:\\\/\\\/regiaonews.net.br\\\/2022\\\/2024\\\/07\\\/01\\\/bombeiros-iniciam-campanha-para-incentivar-doacao-de-sangue-em-sao-paulo\\\/#respond\"]}]},{\"@type\":\"WebPage\",\"@id\":\"https:\\\/\\\/regiaonews.net.br\\\/2022\\\/2024\\\/07\\\/01\\\/bombeiros-iniciam-campanha-para-incentivar-doacao-de-sangue-em-sao-paulo\\\/\",\"url\":\"https:\\\/\\\/regiaonews.net.br\\\/2022\\\/2024\\\/07\\\/01\\\/bombeiros-iniciam-campanha-para-incentivar-doacao-de-sangue-em-sao-paulo\\\/\",\"name\":\"Bombeiros iniciam campanha para incentivar doa\u00e7\u00e3o de sangue em S\u00e3o Paulo - Regi\u00e3o News\",\"isPartOf\":{\"@id\":\"https:\\\/\\\/regiaonews.net.br\\\/2022\\\/#website\"},\"primaryImageOfPage\":{\"@id\":\"https:\\\/\\\/regiaonews.net.br\\\/2022\\\/2024\\\/07\\\/01\\\/bombeiros-iniciam-campanha-para-incentivar-doacao-de-sangue-em-sao-paulo\\\/#primaryimage\"},\"image\":{\"@id\":\"https:\\\/\\\/regiaonews.net.br\\\/2022\\\/2024\\\/07\\\/01\\\/bombeiros-iniciam-campanha-para-incentivar-doacao-de-sangue-em-sao-paulo\\\/#primaryimage\"},\"thumbnailUrl\":\"https:\\\/\\\/regiaonews.net.br\\\/2022\\\/wp-content\\\/uploads\\\/2024\\\/07\\\/D00055316.jpeg\",\"datePublished\":\"2024-07-01T18:39:21+00:00\",\"breadcrumb\":{\"@id\":\"https:\\\/\\\/regiaonews.net.br\\\/2022\\\/2024\\\/07\\\/01\\\/bombeiros-iniciam-campanha-para-incentivar-doacao-de-sangue-em-sao-paulo\\\/#breadcrumb\"},\"inLanguage\":\"pt-BR\",\"potentialAction\":[{\"@type\":\"ReadAction\",\"target\":[\"https:\\\/\\\/regiaonews.net.br\\\/2022\\\/2024\\\/07\\\/01\\\/bombeiros-iniciam-campanha-para-incentivar-doacao-de-sangue-em-sao-paulo\\\/\"]}]},{\"@type\":\"ImageObject\",\"inLanguage\":\"pt-BR\",\"@id\":\"https:\\\/\\\/regiaonews.net.br\\\/2022\\\/2024\\\/07\\\/01\\\/bombeiros-iniciam-campanha-para-incentivar-doacao-de-sangue-em-sao-paulo\\\/#primaryimage\",\"url\":\"https:\\\/\\\/regiaonews.net.br\\\/2022\\\/wp-content\\\/uploads\\\/2024\\\/07\\\/D00055316.jpeg\",\"contentUrl\":\"https:\\\/\\\/regiaonews.net.br\\\/2022\\\/wp-content\\\/uploads\\\/2024\\\/07\\\/D00055316.jpeg\",\"width\":700,\"height\":1098},{\"@type\":\"BreadcrumbList\",\"@id\":\"https:\\\/\\\/regiaonews.net.br\\\/2022\\\/2024\\\/07\\\/01\\\/bombeiros-iniciam-campanha-para-incentivar-doacao-de-sangue-em-sao-paulo\\\/#breadcrumb\",\"itemListElement\":[{\"@type\":\"ListItem\",\"position\":1,\"name\":\"In\u00edcio\",\"item\":\"https:\\\/\\\/regiaonews.net.br\\\/2022\\\/\"},{\"@type\":\"ListItem\",\"position\":2,\"name\":\"Bombeiros iniciam campanha para incentivar doa\u00e7\u00e3o de sangue em S\u00e3o Paulo\"}]},{\"@type\":\"WebSite\",\"@id\":\"https:\\\/\\\/regiaonews.net.br\\\/2022\\\/#website\",\"url\":\"https:\\\/\\\/regiaonews.net.br\\\/2022\\\/\",\"name\":\"Regi\u00e3o News\",\"description\":\"Site de Not\u00edcias de Barretos e regi\u00e3o\",\"publisher\":{\"@id\":\"https:\\\/\\\/regiaonews.net.br\\\/2022\\\/#organization\"},\"potentialAction\":[{\"@type\":\"SearchAction\",\"target\":{\"@type\":\"EntryPoint\",\"urlTemplate\":\"https:\\\/\\\/regiaonews.net.br\\\/2022\\\/?s={search_term_string}\"},\"query-input\":{\"@type\":\"PropertyValueSpecification\",\"valueRequired\":true,\"valueName\":\"search_term_string\"}}],\"inLanguage\":\"pt-BR\"},{\"@type\":\"Organization\",\"@id\":\"https:\\\/\\\/regiaonews.net.br\\\/2022\\\/#organization\",\"name\":\"Regi\u00e3o News\",\"url\":\"https:\\\/\\\/regiaonews.net.br\\\/2022\\\/\",\"logo\":{\"@type\":\"ImageObject\",\"inLanguage\":\"pt-BR\",\"@id\":\"https:\\\/\\\/regiaonews.net.br\\\/2022\\\/#\\\/schema\\\/logo\\\/image\\\/\",\"url\":\"https:\\\/\\\/regiaonews.net.br\\\/2022\\\/wp-content\\\/uploads\\\/2026\\\/03\\\/regiao-13-anos-scaled.jpg\",\"contentUrl\":\"https:\\\/\\\/regiaonews.net.br\\\/2022\\\/wp-content\\\/uploads\\\/2026\\\/03\\\/regiao-13-anos-scaled.jpg\",\"width\":2560,\"height\":635,\"caption\":\"Regi\u00e3o News\"},\"image\":{\"@id\":\"https:\\\/\\\/regiaonews.net.br\\\/2022\\\/#\\\/schema\\\/logo\\\/image\\\/\"}},{\"@type\":\"Person\",\"@id\":\"https:\\\/\\\/regiaonews.net.br\\\/2022\\\/#\\\/schema\\\/person\\\/2d205a608a5aa97ac279d7a5e6d89ad8\",\"name\":\"Roberto\",\"image\":{\"@type\":\"ImageObject\",\"inLanguage\":\"pt-BR\",\"@id\":\"https:\\\/\\\/secure.gravatar.com\\\/avatar\\\/42749d8b712ff9d59ca93dc150494e5b55a44134482993f5baeb97e61b7ecc89?s=96&d=mm&r=g\",\"url\":\"https:\\\/\\\/secure.gravatar.com\\\/avatar\\\/42749d8b712ff9d59ca93dc150494e5b55a44134482993f5baeb97e61b7ecc89?s=96&d=mm&r=g\",\"contentUrl\":\"https:\\\/\\\/secure.gravatar.com\\\/avatar\\\/42749d8b712ff9d59ca93dc150494e5b55a44134482993f5baeb97e61b7ecc89?s=96&d=mm&r=g\",\"caption\":\"Roberto\"},\"url\":\"https:\\\/\\\/regiaonews.net.br\\\/2022\\\/author\\\/roberto\\\/\"}]}<\/script>\n<!-- \/ Yoast SEO plugin. -->","yoast_head_json":{"title":"Bombeiros iniciam campanha para incentivar doa\u00e7\u00e3o de sangue em S\u00e3o Paulo - Regi\u00e3o News","robots":{"index":"index","follow":"follow","max-snippet":"max-snippet:-1","max-image-preview":"max-image-preview:large","max-video-preview":"max-video-preview:-1"},"canonical":"https:\/\/regiaonews.net.br\/2022\/2024\/07\/01\/bombeiros-iniciam-campanha-para-incentivar-doacao-de-sangue-em-sao-paulo\/","og_locale":"pt_BR","og_type":"article","og_title":"Bombeiros iniciam campanha para incentivar doa\u00e7\u00e3o de sangue em S\u00e3o Paulo - Regi\u00e3o News","og_description":"Tradicional a\u00e7\u00e3o promovida pela corpora\u00e7\u00e3o se estende at\u00e9 o final","og_url":"https:\/\/regiaonews.net.br\/2022\/2024\/07\/01\/bombeiros-iniciam-campanha-para-incentivar-doacao-de-sangue-em-sao-paulo\/","og_site_name":"Regi\u00e3o News","article_published_time":"2024-07-01T18:39:21+00:00","og_image":[{"width":700,"height":1098,"url":"https:\/\/regiaonews.net.br\/2022\/wp-content\/uploads\/2024\/07\/D00055316.jpeg","type":"image\/jpeg"}],"author":"Roberto","twitter_card":"summary_large_image","twitter_misc":{"Escrito por":"Roberto","Est. tempo de leitura":"2 minutos"},"schema":{"@context":"https:\/\/schema.org","@graph":[{"@type":"Article","@id":"https:\/\/regiaonews.net.br\/2022\/2024\/07\/01\/bombeiros-iniciam-campanha-para-incentivar-doacao-de-sangue-em-sao-paulo\/#article","isPartOf":{"@id":"https:\/\/regiaonews.net.br\/2022\/2024\/07\/01\/bombeiros-iniciam-campanha-para-incentivar-doacao-de-sangue-em-sao-paulo\/"},"author":{"name":"Roberto","@id":"https:\/\/regiaonews.net.br\/2022\/#\/schema\/person\/2d205a608a5aa97ac279d7a5e6d89ad8"},"headline":"Bombeiros iniciam campanha para incentivar doa\u00e7\u00e3o de sangue em S\u00e3o Paulo","datePublished":"2024-07-01T18:39:21+00:00","mainEntityOfPage":{"@id":"https:\/\/regiaonews.net.br\/2022\/2024\/07\/01\/bombeiros-iniciam-campanha-para-incentivar-doacao-de-sangue-em-sao-paulo\/"},"wordCount":266,"commentCount":0,"publisher":{"@id":"https:\/\/regiaonews.net.br\/2022\/#organization"},"image":{"@id":"https:\/\/regiaonews.net.br\/2022\/2024\/07\/01\/bombeiros-iniciam-campanha-para-incentivar-doacao-de-sangue-em-sao-paulo\/#primaryimage"},"thumbnailUrl":"https:\/\/regiaonews.net.br\/2022\/wp-content\/uploads\/2024\/07\/D00055316.jpeg","articleSection":["Estado de S\u00e3o Paulo","Geral"],"inLanguage":"pt-BR","potentialAction":[{"@type":"CommentAction","name":"Comment","target":["https:\/\/regiaonews.net.br\/2022\/2024\/07\/01\/bombeiros-iniciam-campanha-para-incentivar-doacao-de-sangue-em-sao-paulo\/#respond"]}]},{"@type":"WebPage","@id":"https:\/\/regiaonews.net.br\/2022\/2024\/07\/01\/bombeiros-iniciam-campanha-para-incentivar-doacao-de-sangue-em-sao-paulo\/","url":"https:\/\/regiaonews.net.br\/2022\/2024\/07\/01\/bombeiros-iniciam-campanha-para-incentivar-doacao-de-sangue-em-sao-paulo\/","name":"Bombeiros iniciam campanha para incentivar doa\u00e7\u00e3o de sangue em S\u00e3o Paulo - Regi\u00e3o News","isPartOf":{"@id":"https:\/\/regiaonews.net.br\/2022\/#website"},"primaryImageOfPage":{"@id":"https:\/\/regiaonews.net.br\/2022\/2024\/07\/01\/bombeiros-iniciam-campanha-para-incentivar-doacao-de-sangue-em-sao-paulo\/#primaryimage"},"image":{"@id":"https:\/\/regiaonews.net.br\/2022\/2024\/07\/01\/bombeiros-iniciam-campanha-para-incentivar-doacao-de-sangue-em-sao-paulo\/#primaryimage"},"thumbnailUrl":"https:\/\/regiaonews.net.br\/2022\/wp-content\/uploads\/2024\/07\/D00055316.jpeg","datePublished":"2024-07-01T18:39:21+00:00","breadcrumb":{"@id":"https:\/\/regiaonews.net.br\/2022\/2024\/07\/01\/bombeiros-iniciam-campanha-para-incentivar-doacao-de-sangue-em-sao-paulo\/#breadcrumb"},"inLanguage":"pt-BR","potentialAction":[{"@type":"ReadAction","target":["https:\/\/regiaonews.net.br\/2022\/2024\/07\/01\/bombeiros-iniciam-campanha-para-incentivar-doacao-de-sangue-em-sao-paulo\/"]}]},{"@type":"ImageObject","inLanguage":"pt-BR","@id":"https:\/\/regiaonews.net.br\/2022\/2024\/07\/01\/bombeiros-iniciam-campanha-para-incentivar-doacao-de-sangue-em-sao-paulo\/#primaryimage","url":"https:\/\/regiaonews.net.br\/2022\/wp-content\/uploads\/2024\/07\/D00055316.jpeg","contentUrl":"https:\/\/regiaonews.net.br\/2022\/wp-content\/uploads\/2024\/07\/D00055316.jpeg","width":700,"height":1098},{"@type":"BreadcrumbList","@id":"https:\/\/regiaonews.net.br\/2022\/2024\/07\/01\/bombeiros-iniciam-campanha-para-incentivar-doacao-de-sangue-em-sao-paulo\/#breadcrumb","itemListElement":[{"@type":"ListItem","position":1,"name":"In\u00edcio","item":"https:\/\/regiaonews.net.br\/2022\/"},{"@type":"ListItem","position":2,"name":"Bombeiros iniciam campanha para incentivar doa\u00e7\u00e3o de sangue em S\u00e3o Paulo"}]},{"@type":"WebSite","@id":"https:\/\/regiaonews.net.br\/2022\/#website","url":"https:\/\/regiaonews.net.br\/2022\/","name":"Regi\u00e3o News","description":"Site de Not\u00edcias de Barretos e regi\u00e3o","publisher":{"@id":"https:\/\/regiaonews.net.br\/2022\/#organization"},"potentialAction":[{"@type":"SearchAction","target":{"@type":"EntryPoint","urlTemplate":"https:\/\/regiaonews.net.br\/2022\/?s={search_term_string}"},"query-input":{"@type":"PropertyValueSpecification","valueRequired":true,"valueName":"search_term_string"}}],"inLanguage":"pt-BR"},{"@type":"Organization","@id":"https:\/\/regiaonews.net.br\/2022\/#organization","name":"Regi\u00e3o News","url":"https:\/\/regiaonews.net.br\/2022\/","logo":{"@type":"ImageObject","inLanguage":"pt-BR","@id":"https:\/\/regiaonews.net.br\/2022\/#\/schema\/logo\/image\/","url":"https:\/\/regiaonews.net.br\/2022\/wp-content\/uploads\/2026\/03\/regiao-13-anos-scaled.jpg","contentUrl":"https:\/\/regiaonews.net.br\/2022\/wp-content\/uploads\/2026\/03\/regiao-13-anos-scaled.jpg","width":2560,"height":635,"caption":"Regi\u00e3o News"},"image":{"@id":"https:\/\/regiaonews.net.br\/2022\/#\/schema\/logo\/image\/"}},{"@type":"Person","@id":"https:\/\/regiaonews.net.br\/2022\/#\/schema\/person\/2d205a608a5aa97ac279d7a5e6d89ad8","name":"Roberto","image":{"@type":"ImageObject","inLanguage":"pt-BR","@id":"https:\/\/secure.gravatar.com\/avatar\/42749d8b712ff9d59ca93dc150494e5b55a44134482993f5baeb97e61b7ecc89?s=96&d=mm&r=g","url":"https:\/\/secure.gravatar.com\/avatar\/42749d8b712ff9d59ca93dc150494e5b55a44134482993f5baeb97e61b7ecc89?s=96&d=mm&r=g","contentUrl":"https:\/\/secure.gravatar.com\/avatar\/42749d8b712ff9d59ca93dc150494e5b55a44134482993f5baeb97e61b7ecc89?s=96&d=mm&r=g","caption":"Roberto"},"url":"https:\/\/regiaonews.net.br\/2022\/author\/roberto\/"}]}},"publishpress_future_action":{"enabled":false,"date":"2026-05-03 04:25:57","action":"change-status","newStatus":"draft","terms":[],"taxonomy":"category","extraData":[]},"publishpress_future_workflow_manual_trigger":{"enabledWorkflows":[]},"_links":{"self":[{"href":"https:\/\/regiaonews.net.br\/2022\/wp-json\/wp\/v2\/posts\/107065","targetHints":{"allow":["GET"]}}],"collection":[{"href":"https:\/\/regiaonews.net.br\/2022\/wp-json\/wp\/v2\/posts"}],"about":[{"href":"https:\/\/regiaonews.net.br\/2022\/wp-json\/wp\/v2\/types\/post"}],"author":[{"embeddable":true,"href":"https:\/\/regiaonews.net.br\/2022\/wp-json\/wp\/v2\/users\/2"}],"replies":[{"embeddable":true,"href":"https:\/\/regiaonews.net.br\/2022\/wp-json\/wp\/v2\/comments?post=107065"}],"version-history":[{"count":1,"href":"https:\/\/regiaonews.net.br\/2022\/wp-json\/wp\/v2\/posts\/107065\/revisions"}],"predecessor-version":[{"id":107067,"href":"https:\/\/regiaonews.net.br\/2022\/wp-json\/wp\/v2\/posts\/107065\/revisions\/107067"}],"wp:featuredmedia":[{"embeddable":true,"href":"https:\/\/regiaonews.net.br\/2022\/wp-json\/wp\/v2\/media\/107066"}],"wp:attachment":[{"href":"https:\/\/regiaonews.net.br\/2022\/wp-json\/wp\/v2\/media?parent=107065"}],"wp:term":[{"taxonomy":"category","embeddable":true,"href":"https:\/\/regiaonews.net.br\/2022\/wp-json\/wp\/v2\/categories?post=107065"},{"taxonomy":"post_tag","embeddable":true,"href":"https:\/\/regiaonews.net.br\/2022\/wp-json\/wp\/v2\/tags?post=107065"}],"curies":[{"name":"wp","href":"https:\/\/api.w.org\/{rel}","templated":true}]}}