{"id":107019,"date":"2024-06-29T16:43:53","date_gmt":"2024-06-29T19:43:53","guid":{"rendered":"https:\/\/regiaonews.net.br\/2022\/?p=107019"},"modified":"2024-06-29T16:43:53","modified_gmt":"2024-06-29T19:43:53","slug":"planejamento-e-estrategias-para-a-realizacao-da-obra-de-reurbanizacao-da-avenida-engenheiro-necker-carvalho-de-camargo-foram-debatidos-em-audiencia-publica","status":"publish","type":"post","link":"https:\/\/regiaonews.net.br\/2022\/2024\/06\/29\/planejamento-e-estrategias-para-a-realizacao-da-obra-de-reurbanizacao-da-avenida-engenheiro-necker-carvalho-de-camargo-foram-debatidos-em-audiencia-publica\/","title":{"rendered":"Planejamento e estrat\u00e9gias para a realiza\u00e7\u00e3o da obra de reurbaniza\u00e7\u00e3o da avenida Engenheiro Necker Carvalho de Camargo foram debatidos em Audi\u00eancia P\u00fablica"},"content":{"rendered":"<p><strong>Audi\u00eancia P\u00fablica<\/strong>\u00a0(aberta \u00e0 participa\u00e7\u00e3o popular) realizada na noite de sexta-feira (28\/jun), na C\u00e2mara, debateu\u00a0\u00a0<strong>o planejamento e as estrat\u00e9gias para a realiza\u00e7\u00e3o da obra de reurbaniza\u00e7\u00e3o da avenida Engenheiro Necker Carvalho de Camargo (Avenida 7)\u00a0<\/strong><strong>.<\/strong><\/p>\n<p>O tema foi proposto pelo vereador<strong>\u00a0Dr. Rodrigo Malaman (PP),\u00a0<\/strong>por meio do<strong>\u00a0<a href=\"http:\/\/consulta.camarabarretos.sp.gov.br\/Documentos\/Documento\/411209\" target=\"_blank\" rel=\"noopener\">Requerimento n\u00ba 1163\/2024<\/a><\/strong>.<\/p>\n<p>No Requerimento, o vereador citou que &#8220;a obra de alargamento da avenida Engenheiro Necker Carvalho de Camargo, que foi anunciada e que ser\u00e1 realizada, envolve n\u00e3o apenas os mun\u00edcipes de toda cidade, mas tamb\u00e9m as in\u00fameras empresas que existem na via, que poder\u00e3o ser muito afetadas negativamente, caso a obra seja feita sem o devido planejamento e cuidados necess\u00e1rios&#8221;.<\/p>\n<p>O vereador tamb\u00e9m relatou que &#8220;\u00e9 de suma import\u00e2ncia que os comerciantes locais sejam ouvidos antes que seja feito o planejamento desta obra, afim de que eles possam opinar e dar sugest\u00f5es, de forma que seja mitigado os transtornos e preju\u00edzos&#8221;<\/p>\n<p>Durante a Audi\u00eancia, foram definidos como debatedores:\u00a0<strong>o Secret\u00e1rio Municipal de Obras e Servi\u00e7os Urbanos, Fernando Fernandes de Freitas; o Chefe de Departamento da Secretaria Municipal de Planejamento, Rog\u00e9rio Pardini; e o Arquiteto da Prefeitura, Wilson Bonatelli Filho.<\/strong><\/p>\n<p>Tamb\u00e9m participaram dos debates os empres\u00e1rios:\u00a0<strong>Santiago (Vila Sette); Dr. Enzo (Advogado); Caio (Marmoraria S\u00e3o Jos\u00e9); Fernando (Mix Ve\u00edculos); Amab (Tracan M\u00e1quinas); Ev\u00e2nio (Jacar\u00e9 Auto Center); Patr\u00edcia (Jacar\u00e9 Auto Center);\u00a0 e F\u00e1bio (GDL Auto Center); a urbanista Yara Barr\u00e3o; o cidad\u00e3o aposentado, Cl\u00f3vis Veloso; e o representante da APPP &#8211; Associa\u00e7\u00e3o de Participa\u00e7\u00e3o Popular na Pol\u00edtica, Celso Bran\u00edcio.<\/strong><\/p>\n<p>A Audi\u00eancia foi conduzida pelo vereador\u00a0<strong>Dr. Rodrigo Malaman (PP) e contou com a presen\u00e7a do vereador Nestor Leonel (UNI\u00c3O)\u00a0<\/strong><\/p>\n<p>No final do debate, foram lidas perguntas enviadas pelo p\u00fablico por meio das redes sociais da C\u00e2mara.<\/p>\n","protected":false},"excerpt":{"rendered":"<p>Audi\u00eancia P\u00fablica\u00a0(aberta \u00e0 participa\u00e7\u00e3o popular) realizada na noite de sexta-feira<\/p>\n","protected":false},"author":2,"featured_media":107020,"comment_status":"open","ping_status":"open","sticky":false,"template":"","format":"standard","meta":{"footnotes":""},"categories":[14,3],"tags":[],"class_list":["post-107019","post","type-post","status-publish","format-standard","has-post-thumbnail","hentry","category-barretos","category-geral"],"yoast_head":"<!-- This site is optimized with the Yoast SEO plugin v27.4 - https:\/\/yoast.com\/product\/yoast-seo-wordpress\/ -->\n<title>Planejamento e estrat\u00e9gias para a realiza\u00e7\u00e3o da obra de reurbaniza\u00e7\u00e3o da avenida Engenheiro Necker Carvalho de Camargo foram debatidos em Audi\u00eancia P\u00fablica - Regi\u00e3o News<\/title>\n<meta name=\"robots\" content=\"index, follow, max-snippet:-1, max-image-preview:large, max-video-preview:-1\" \/>\n<link rel=\"canonical\" href=\"https:\/\/regiaonews.net.br\/2022\/2024\/06\/29\/planejamento-e-estrategias-para-a-realizacao-da-obra-de-reurbanizacao-da-avenida-engenheiro-necker-carvalho-de-camargo-foram-debatidos-em-audiencia-publica\/\" \/>\n<meta property=\"og:locale\" content=\"pt_BR\" \/>\n<meta property=\"og:type\" content=\"article\" \/>\n<meta property=\"og:title\" content=\"Planejamento e estrat\u00e9gias para a realiza\u00e7\u00e3o da obra de reurbaniza\u00e7\u00e3o da avenida Engenheiro Necker Carvalho de Camargo foram debatidos em Audi\u00eancia P\u00fablica - Regi\u00e3o News\" \/>\n<meta property=\"og:description\" content=\"Audi\u00eancia P\u00fablica\u00a0(aberta \u00e0 participa\u00e7\u00e3o popular) realizada na noite de sexta-feira\" \/>\n<meta property=\"og:url\" content=\"https:\/\/regiaonews.net.br\/2022\/2024\/06\/29\/planejamento-e-estrategias-para-a-realizacao-da-obra-de-reurbanizacao-da-avenida-engenheiro-necker-carvalho-de-camargo-foram-debatidos-em-audiencia-publica\/\" \/>\n<meta property=\"og:site_name\" content=\"Regi\u00e3o News\" \/>\n<meta property=\"article:published_time\" content=\"2024-06-29T19:43:53+00:00\" \/>\n<meta property=\"og:image\" content=\"https:\/\/regiaonews.net.br\/2022\/wp-content\/uploads\/2024\/06\/alta_1719625160667f65c8effad.jpg\" \/>\n\t<meta property=\"og:image:width\" content=\"1280\" \/>\n\t<meta property=\"og:image:height\" content=\"853\" \/>\n\t<meta property=\"og:image:type\" content=\"image\/jpeg\" \/>\n<meta name=\"author\" content=\"Roberto\" \/>\n<meta name=\"twitter:card\" content=\"summary_large_image\" \/>\n<meta name=\"twitter:label1\" content=\"Escrito por\" \/>\n\t<meta name=\"twitter:data1\" content=\"Roberto\" \/>\n\t<meta name=\"twitter:label2\" content=\"Est. tempo de leitura\" \/>\n\t<meta name=\"twitter:data2\" content=\"2 minutos\" \/>\n<script type=\"application\/ld+json\" class=\"yoast-schema-graph\">{\"@context\":\"https:\\\/\\\/schema.org\",\"@graph\":[{\"@type\":\"Article\",\"@id\":\"https:\\\/\\\/regiaonews.net.br\\\/2022\\\/2024\\\/06\\\/29\\\/planejamento-e-estrategias-para-a-realizacao-da-obra-de-reurbanizacao-da-avenida-engenheiro-necker-carvalho-de-camargo-foram-debatidos-em-audiencia-publica\\\/#article\",\"isPartOf\":{\"@id\":\"https:\\\/\\\/regiaonews.net.br\\\/2022\\\/2024\\\/06\\\/29\\\/planejamento-e-estrategias-para-a-realizacao-da-obra-de-reurbanizacao-da-avenida-engenheiro-necker-carvalho-de-camargo-foram-debatidos-em-audiencia-publica\\\/\"},\"author\":{\"name\":\"Roberto\",\"@id\":\"https:\\\/\\\/regiaonews.net.br\\\/2022\\\/#\\\/schema\\\/person\\\/2d205a608a5aa97ac279d7a5e6d89ad8\"},\"headline\":\"Planejamento e estrat\u00e9gias para a realiza\u00e7\u00e3o da obra de reurbaniza\u00e7\u00e3o da avenida Engenheiro Necker Carvalho de Camargo foram debatidos em Audi\u00eancia P\u00fablica\",\"datePublished\":\"2024-06-29T19:43:53+00:00\",\"mainEntityOfPage\":{\"@id\":\"https:\\\/\\\/regiaonews.net.br\\\/2022\\\/2024\\\/06\\\/29\\\/planejamento-e-estrategias-para-a-realizacao-da-obra-de-reurbanizacao-da-avenida-engenheiro-necker-carvalho-de-camargo-foram-debatidos-em-audiencia-publica\\\/\"},\"wordCount\":349,\"commentCount\":0,\"publisher\":{\"@id\":\"https:\\\/\\\/regiaonews.net.br\\\/2022\\\/#organization\"},\"image\":{\"@id\":\"https:\\\/\\\/regiaonews.net.br\\\/2022\\\/2024\\\/06\\\/29\\\/planejamento-e-estrategias-para-a-realizacao-da-obra-de-reurbanizacao-da-avenida-engenheiro-necker-carvalho-de-camargo-foram-debatidos-em-audiencia-publica\\\/#primaryimage\"},\"thumbnailUrl\":\"https:\\\/\\\/regiaonews.net.br\\\/2022\\\/wp-content\\\/uploads\\\/2024\\\/06\\\/alta_1719625160667f65c8effad.jpg\",\"articleSection\":[\"Barretos\",\"Geral\"],\"inLanguage\":\"pt-BR\",\"potentialAction\":[{\"@type\":\"CommentAction\",\"name\":\"Comment\",\"target\":[\"https:\\\/\\\/regiaonews.net.br\\\/2022\\\/2024\\\/06\\\/29\\\/planejamento-e-estrategias-para-a-realizacao-da-obra-de-reurbanizacao-da-avenida-engenheiro-necker-carvalho-de-camargo-foram-debatidos-em-audiencia-publica\\\/#respond\"]}]},{\"@type\":\"WebPage\",\"@id\":\"https:\\\/\\\/regiaonews.net.br\\\/2022\\\/2024\\\/06\\\/29\\\/planejamento-e-estrategias-para-a-realizacao-da-obra-de-reurbanizacao-da-avenida-engenheiro-necker-carvalho-de-camargo-foram-debatidos-em-audiencia-publica\\\/\",\"url\":\"https:\\\/\\\/regiaonews.net.br\\\/2022\\\/2024\\\/06\\\/29\\\/planejamento-e-estrategias-para-a-realizacao-da-obra-de-reurbanizacao-da-avenida-engenheiro-necker-carvalho-de-camargo-foram-debatidos-em-audiencia-publica\\\/\",\"name\":\"Planejamento e estrat\u00e9gias para a realiza\u00e7\u00e3o da obra de reurbaniza\u00e7\u00e3o da avenida Engenheiro Necker Carvalho de Camargo foram debatidos em Audi\u00eancia P\u00fablica - Regi\u00e3o News\",\"isPartOf\":{\"@id\":\"https:\\\/\\\/regiaonews.net.br\\\/2022\\\/#website\"},\"primaryImageOfPage\":{\"@id\":\"https:\\\/\\\/regiaonews.net.br\\\/2022\\\/2024\\\/06\\\/29\\\/planejamento-e-estrategias-para-a-realizacao-da-obra-de-reurbanizacao-da-avenida-engenheiro-necker-carvalho-de-camargo-foram-debatidos-em-audiencia-publica\\\/#primaryimage\"},\"image\":{\"@id\":\"https:\\\/\\\/regiaonews.net.br\\\/2022\\\/2024\\\/06\\\/29\\\/planejamento-e-estrategias-para-a-realizacao-da-obra-de-reurbanizacao-da-avenida-engenheiro-necker-carvalho-de-camargo-foram-debatidos-em-audiencia-publica\\\/#primaryimage\"},\"thumbnailUrl\":\"https:\\\/\\\/regiaonews.net.br\\\/2022\\\/wp-content\\\/uploads\\\/2024\\\/06\\\/alta_1719625160667f65c8effad.jpg\",\"datePublished\":\"2024-06-29T19:43:53+00:00\",\"breadcrumb\":{\"@id\":\"https:\\\/\\\/regiaonews.net.br\\\/2022\\\/2024\\\/06\\\/29\\\/planejamento-e-estrategias-para-a-realizacao-da-obra-de-reurbanizacao-da-avenida-engenheiro-necker-carvalho-de-camargo-foram-debatidos-em-audiencia-publica\\\/#breadcrumb\"},\"inLanguage\":\"pt-BR\",\"potentialAction\":[{\"@type\":\"ReadAction\",\"target\":[\"https:\\\/\\\/regiaonews.net.br\\\/2022\\\/2024\\\/06\\\/29\\\/planejamento-e-estrategias-para-a-realizacao-da-obra-de-reurbanizacao-da-avenida-engenheiro-necker-carvalho-de-camargo-foram-debatidos-em-audiencia-publica\\\/\"]}]},{\"@type\":\"ImageObject\",\"inLanguage\":\"pt-BR\",\"@id\":\"https:\\\/\\\/regiaonews.net.br\\\/2022\\\/2024\\\/06\\\/29\\\/planejamento-e-estrategias-para-a-realizacao-da-obra-de-reurbanizacao-da-avenida-engenheiro-necker-carvalho-de-camargo-foram-debatidos-em-audiencia-publica\\\/#primaryimage\",\"url\":\"https:\\\/\\\/regiaonews.net.br\\\/2022\\\/wp-content\\\/uploads\\\/2024\\\/06\\\/alta_1719625160667f65c8effad.jpg\",\"contentUrl\":\"https:\\\/\\\/regiaonews.net.br\\\/2022\\\/wp-content\\\/uploads\\\/2024\\\/06\\\/alta_1719625160667f65c8effad.jpg\",\"width\":1280,\"height\":853},{\"@type\":\"BreadcrumbList\",\"@id\":\"https:\\\/\\\/regiaonews.net.br\\\/2022\\\/2024\\\/06\\\/29\\\/planejamento-e-estrategias-para-a-realizacao-da-obra-de-reurbanizacao-da-avenida-engenheiro-necker-carvalho-de-camargo-foram-debatidos-em-audiencia-publica\\\/#breadcrumb\",\"itemListElement\":[{\"@type\":\"ListItem\",\"position\":1,\"name\":\"In\u00edcio\",\"item\":\"https:\\\/\\\/regiaonews.net.br\\\/2022\\\/\"},{\"@type\":\"ListItem\",\"position\":2,\"name\":\"Planejamento e estrat\u00e9gias para a realiza\u00e7\u00e3o da obra de reurbaniza\u00e7\u00e3o da avenida Engenheiro Necker Carvalho de Camargo foram debatidos em Audi\u00eancia P\u00fablica\"}]},{\"@type\":\"WebSite\",\"@id\":\"https:\\\/\\\/regiaonews.net.br\\\/2022\\\/#website\",\"url\":\"https:\\\/\\\/regiaonews.net.br\\\/2022\\\/\",\"name\":\"Regi\u00e3o News\",\"description\":\"Site de Not\u00edcias de Barretos e regi\u00e3o\",\"publisher\":{\"@id\":\"https:\\\/\\\/regiaonews.net.br\\\/2022\\\/#organization\"},\"potentialAction\":[{\"@type\":\"SearchAction\",\"target\":{\"@type\":\"EntryPoint\",\"urlTemplate\":\"https:\\\/\\\/regiaonews.net.br\\\/2022\\\/?s={search_term_string}\"},\"query-input\":{\"@type\":\"PropertyValueSpecification\",\"valueRequired\":true,\"valueName\":\"search_term_string\"}}],\"inLanguage\":\"pt-BR\"},{\"@type\":\"Organization\",\"@id\":\"https:\\\/\\\/regiaonews.net.br\\\/2022\\\/#organization\",\"name\":\"Regi\u00e3o News\",\"url\":\"https:\\\/\\\/regiaonews.net.br\\\/2022\\\/\",\"logo\":{\"@type\":\"ImageObject\",\"inLanguage\":\"pt-BR\",\"@id\":\"https:\\\/\\\/regiaonews.net.br\\\/2022\\\/#\\\/schema\\\/logo\\\/image\\\/\",\"url\":\"https:\\\/\\\/regiaonews.net.br\\\/2022\\\/wp-content\\\/uploads\\\/2026\\\/03\\\/regiao-13-anos-scaled.jpg\",\"contentUrl\":\"https:\\\/\\\/regiaonews.net.br\\\/2022\\\/wp-content\\\/uploads\\\/2026\\\/03\\\/regiao-13-anos-scaled.jpg\",\"width\":2560,\"height\":635,\"caption\":\"Regi\u00e3o News\"},\"image\":{\"@id\":\"https:\\\/\\\/regiaonews.net.br\\\/2022\\\/#\\\/schema\\\/logo\\\/image\\\/\"}},{\"@type\":\"Person\",\"@id\":\"https:\\\/\\\/regiaonews.net.br\\\/2022\\\/#\\\/schema\\\/person\\\/2d205a608a5aa97ac279d7a5e6d89ad8\",\"name\":\"Roberto\",\"image\":{\"@type\":\"ImageObject\",\"inLanguage\":\"pt-BR\",\"@id\":\"https:\\\/\\\/secure.gravatar.com\\\/avatar\\\/42749d8b712ff9d59ca93dc150494e5b55a44134482993f5baeb97e61b7ecc89?s=96&d=mm&r=g\",\"url\":\"https:\\\/\\\/secure.gravatar.com\\\/avatar\\\/42749d8b712ff9d59ca93dc150494e5b55a44134482993f5baeb97e61b7ecc89?s=96&d=mm&r=g\",\"contentUrl\":\"https:\\\/\\\/secure.gravatar.com\\\/avatar\\\/42749d8b712ff9d59ca93dc150494e5b55a44134482993f5baeb97e61b7ecc89?s=96&d=mm&r=g\",\"caption\":\"Roberto\"},\"url\":\"https:\\\/\\\/regiaonews.net.br\\\/2022\\\/author\\\/roberto\\\/\"}]}<\/script>\n<!-- \/ Yoast SEO plugin. -->","yoast_head_json":{"title":"Planejamento e estrat\u00e9gias para a realiza\u00e7\u00e3o da obra de reurbaniza\u00e7\u00e3o da avenida Engenheiro Necker Carvalho de Camargo foram debatidos em Audi\u00eancia P\u00fablica - Regi\u00e3o News","robots":{"index":"index","follow":"follow","max-snippet":"max-snippet:-1","max-image-preview":"max-image-preview:large","max-video-preview":"max-video-preview:-1"},"canonical":"https:\/\/regiaonews.net.br\/2022\/2024\/06\/29\/planejamento-e-estrategias-para-a-realizacao-da-obra-de-reurbanizacao-da-avenida-engenheiro-necker-carvalho-de-camargo-foram-debatidos-em-audiencia-publica\/","og_locale":"pt_BR","og_type":"article","og_title":"Planejamento e estrat\u00e9gias para a realiza\u00e7\u00e3o da obra de reurbaniza\u00e7\u00e3o da avenida Engenheiro Necker Carvalho de Camargo foram debatidos em Audi\u00eancia P\u00fablica - Regi\u00e3o News","og_description":"Audi\u00eancia P\u00fablica\u00a0(aberta \u00e0 participa\u00e7\u00e3o popular) realizada na noite de sexta-feira","og_url":"https:\/\/regiaonews.net.br\/2022\/2024\/06\/29\/planejamento-e-estrategias-para-a-realizacao-da-obra-de-reurbanizacao-da-avenida-engenheiro-necker-carvalho-de-camargo-foram-debatidos-em-audiencia-publica\/","og_site_name":"Regi\u00e3o News","article_published_time":"2024-06-29T19:43:53+00:00","og_image":[{"width":1280,"height":853,"url":"https:\/\/regiaonews.net.br\/2022\/wp-content\/uploads\/2024\/06\/alta_1719625160667f65c8effad.jpg","type":"image\/jpeg"}],"author":"Roberto","twitter_card":"summary_large_image","twitter_misc":{"Escrito por":"Roberto","Est. tempo de leitura":"2 minutos"},"schema":{"@context":"https:\/\/schema.org","@graph":[{"@type":"Article","@id":"https:\/\/regiaonews.net.br\/2022\/2024\/06\/29\/planejamento-e-estrategias-para-a-realizacao-da-obra-de-reurbanizacao-da-avenida-engenheiro-necker-carvalho-de-camargo-foram-debatidos-em-audiencia-publica\/#article","isPartOf":{"@id":"https:\/\/regiaonews.net.br\/2022\/2024\/06\/29\/planejamento-e-estrategias-para-a-realizacao-da-obra-de-reurbanizacao-da-avenida-engenheiro-necker-carvalho-de-camargo-foram-debatidos-em-audiencia-publica\/"},"author":{"name":"Roberto","@id":"https:\/\/regiaonews.net.br\/2022\/#\/schema\/person\/2d205a608a5aa97ac279d7a5e6d89ad8"},"headline":"Planejamento e estrat\u00e9gias para a realiza\u00e7\u00e3o da obra de reurbaniza\u00e7\u00e3o da avenida Engenheiro Necker Carvalho de Camargo foram debatidos em Audi\u00eancia P\u00fablica","datePublished":"2024-06-29T19:43:53+00:00","mainEntityOfPage":{"@id":"https:\/\/regiaonews.net.br\/2022\/2024\/06\/29\/planejamento-e-estrategias-para-a-realizacao-da-obra-de-reurbanizacao-da-avenida-engenheiro-necker-carvalho-de-camargo-foram-debatidos-em-audiencia-publica\/"},"wordCount":349,"commentCount":0,"publisher":{"@id":"https:\/\/regiaonews.net.br\/2022\/#organization"},"image":{"@id":"https:\/\/regiaonews.net.br\/2022\/2024\/06\/29\/planejamento-e-estrategias-para-a-realizacao-da-obra-de-reurbanizacao-da-avenida-engenheiro-necker-carvalho-de-camargo-foram-debatidos-em-audiencia-publica\/#primaryimage"},"thumbnailUrl":"https:\/\/regiaonews.net.br\/2022\/wp-content\/uploads\/2024\/06\/alta_1719625160667f65c8effad.jpg","articleSection":["Barretos","Geral"],"inLanguage":"pt-BR","potentialAction":[{"@type":"CommentAction","name":"Comment","target":["https:\/\/regiaonews.net.br\/2022\/2024\/06\/29\/planejamento-e-estrategias-para-a-realizacao-da-obra-de-reurbanizacao-da-avenida-engenheiro-necker-carvalho-de-camargo-foram-debatidos-em-audiencia-publica\/#respond"]}]},{"@type":"WebPage","@id":"https:\/\/regiaonews.net.br\/2022\/2024\/06\/29\/planejamento-e-estrategias-para-a-realizacao-da-obra-de-reurbanizacao-da-avenida-engenheiro-necker-carvalho-de-camargo-foram-debatidos-em-audiencia-publica\/","url":"https:\/\/regiaonews.net.br\/2022\/2024\/06\/29\/planejamento-e-estrategias-para-a-realizacao-da-obra-de-reurbanizacao-da-avenida-engenheiro-necker-carvalho-de-camargo-foram-debatidos-em-audiencia-publica\/","name":"Planejamento e estrat\u00e9gias para a realiza\u00e7\u00e3o da obra de reurbaniza\u00e7\u00e3o da avenida Engenheiro Necker Carvalho de Camargo foram debatidos em Audi\u00eancia P\u00fablica - Regi\u00e3o News","isPartOf":{"@id":"https:\/\/regiaonews.net.br\/2022\/#website"},"primaryImageOfPage":{"@id":"https:\/\/regiaonews.net.br\/2022\/2024\/06\/29\/planejamento-e-estrategias-para-a-realizacao-da-obra-de-reurbanizacao-da-avenida-engenheiro-necker-carvalho-de-camargo-foram-debatidos-em-audiencia-publica\/#primaryimage"},"image":{"@id":"https:\/\/regiaonews.net.br\/2022\/2024\/06\/29\/planejamento-e-estrategias-para-a-realizacao-da-obra-de-reurbanizacao-da-avenida-engenheiro-necker-carvalho-de-camargo-foram-debatidos-em-audiencia-publica\/#primaryimage"},"thumbnailUrl":"https:\/\/regiaonews.net.br\/2022\/wp-content\/uploads\/2024\/06\/alta_1719625160667f65c8effad.jpg","datePublished":"2024-06-29T19:43:53+00:00","breadcrumb":{"@id":"https:\/\/regiaonews.net.br\/2022\/2024\/06\/29\/planejamento-e-estrategias-para-a-realizacao-da-obra-de-reurbanizacao-da-avenida-engenheiro-necker-carvalho-de-camargo-foram-debatidos-em-audiencia-publica\/#breadcrumb"},"inLanguage":"pt-BR","potentialAction":[{"@type":"ReadAction","target":["https:\/\/regiaonews.net.br\/2022\/2024\/06\/29\/planejamento-e-estrategias-para-a-realizacao-da-obra-de-reurbanizacao-da-avenida-engenheiro-necker-carvalho-de-camargo-foram-debatidos-em-audiencia-publica\/"]}]},{"@type":"ImageObject","inLanguage":"pt-BR","@id":"https:\/\/regiaonews.net.br\/2022\/2024\/06\/29\/planejamento-e-estrategias-para-a-realizacao-da-obra-de-reurbanizacao-da-avenida-engenheiro-necker-carvalho-de-camargo-foram-debatidos-em-audiencia-publica\/#primaryimage","url":"https:\/\/regiaonews.net.br\/2022\/wp-content\/uploads\/2024\/06\/alta_1719625160667f65c8effad.jpg","contentUrl":"https:\/\/regiaonews.net.br\/2022\/wp-content\/uploads\/2024\/06\/alta_1719625160667f65c8effad.jpg","width":1280,"height":853},{"@type":"BreadcrumbList","@id":"https:\/\/regiaonews.net.br\/2022\/2024\/06\/29\/planejamento-e-estrategias-para-a-realizacao-da-obra-de-reurbanizacao-da-avenida-engenheiro-necker-carvalho-de-camargo-foram-debatidos-em-audiencia-publica\/#breadcrumb","itemListElement":[{"@type":"ListItem","position":1,"name":"In\u00edcio","item":"https:\/\/regiaonews.net.br\/2022\/"},{"@type":"ListItem","position":2,"name":"Planejamento e estrat\u00e9gias para a realiza\u00e7\u00e3o da obra de reurbaniza\u00e7\u00e3o da avenida Engenheiro Necker Carvalho de Camargo foram debatidos em Audi\u00eancia P\u00fablica"}]},{"@type":"WebSite","@id":"https:\/\/regiaonews.net.br\/2022\/#website","url":"https:\/\/regiaonews.net.br\/2022\/","name":"Regi\u00e3o News","description":"Site de Not\u00edcias de Barretos e regi\u00e3o","publisher":{"@id":"https:\/\/regiaonews.net.br\/2022\/#organization"},"potentialAction":[{"@type":"SearchAction","target":{"@type":"EntryPoint","urlTemplate":"https:\/\/regiaonews.net.br\/2022\/?s={search_term_string}"},"query-input":{"@type":"PropertyValueSpecification","valueRequired":true,"valueName":"search_term_string"}}],"inLanguage":"pt-BR"},{"@type":"Organization","@id":"https:\/\/regiaonews.net.br\/2022\/#organization","name":"Regi\u00e3o News","url":"https:\/\/regiaonews.net.br\/2022\/","logo":{"@type":"ImageObject","inLanguage":"pt-BR","@id":"https:\/\/regiaonews.net.br\/2022\/#\/schema\/logo\/image\/","url":"https:\/\/regiaonews.net.br\/2022\/wp-content\/uploads\/2026\/03\/regiao-13-anos-scaled.jpg","contentUrl":"https:\/\/regiaonews.net.br\/2022\/wp-content\/uploads\/2026\/03\/regiao-13-anos-scaled.jpg","width":2560,"height":635,"caption":"Regi\u00e3o News"},"image":{"@id":"https:\/\/regiaonews.net.br\/2022\/#\/schema\/logo\/image\/"}},{"@type":"Person","@id":"https:\/\/regiaonews.net.br\/2022\/#\/schema\/person\/2d205a608a5aa97ac279d7a5e6d89ad8","name":"Roberto","image":{"@type":"ImageObject","inLanguage":"pt-BR","@id":"https:\/\/secure.gravatar.com\/avatar\/42749d8b712ff9d59ca93dc150494e5b55a44134482993f5baeb97e61b7ecc89?s=96&d=mm&r=g","url":"https:\/\/secure.gravatar.com\/avatar\/42749d8b712ff9d59ca93dc150494e5b55a44134482993f5baeb97e61b7ecc89?s=96&d=mm&r=g","contentUrl":"https:\/\/secure.gravatar.com\/avatar\/42749d8b712ff9d59ca93dc150494e5b55a44134482993f5baeb97e61b7ecc89?s=96&d=mm&r=g","caption":"Roberto"},"url":"https:\/\/regiaonews.net.br\/2022\/author\/roberto\/"}]}},"publishpress_future_action":{"enabled":false,"date":"2026-05-03 08:38:34","action":"change-status","newStatus":"draft","terms":[],"taxonomy":"category","extraData":[]},"publishpress_future_workflow_manual_trigger":{"enabledWorkflows":[]},"_links":{"self":[{"href":"https:\/\/regiaonews.net.br\/2022\/wp-json\/wp\/v2\/posts\/107019","targetHints":{"allow":["GET"]}}],"collection":[{"href":"https:\/\/regiaonews.net.br\/2022\/wp-json\/wp\/v2\/posts"}],"about":[{"href":"https:\/\/regiaonews.net.br\/2022\/wp-json\/wp\/v2\/types\/post"}],"author":[{"embeddable":true,"href":"https:\/\/regiaonews.net.br\/2022\/wp-json\/wp\/v2\/users\/2"}],"replies":[{"embeddable":true,"href":"https:\/\/regiaonews.net.br\/2022\/wp-json\/wp\/v2\/comments?post=107019"}],"version-history":[{"count":1,"href":"https:\/\/regiaonews.net.br\/2022\/wp-json\/wp\/v2\/posts\/107019\/revisions"}],"predecessor-version":[{"id":107021,"href":"https:\/\/regiaonews.net.br\/2022\/wp-json\/wp\/v2\/posts\/107019\/revisions\/107021"}],"wp:featuredmedia":[{"embeddable":true,"href":"https:\/\/regiaonews.net.br\/2022\/wp-json\/wp\/v2\/media\/107020"}],"wp:attachment":[{"href":"https:\/\/regiaonews.net.br\/2022\/wp-json\/wp\/v2\/media?parent=107019"}],"wp:term":[{"taxonomy":"category","embeddable":true,"href":"https:\/\/regiaonews.net.br\/2022\/wp-json\/wp\/v2\/categories?post=107019"},{"taxonomy":"post_tag","embeddable":true,"href":"https:\/\/regiaonews.net.br\/2022\/wp-json\/wp\/v2\/tags?post=107019"}],"curies":[{"name":"wp","href":"https:\/\/api.w.org\/{rel}","templated":true}]}}