{"id":107006,"date":"2024-06-29T16:31:56","date_gmt":"2024-06-29T19:31:56","guid":{"rendered":"https:\/\/regiaonews.net.br\/2022\/?p=107006"},"modified":"2024-06-29T16:31:56","modified_gmt":"2024-06-29T19:31:56","slug":"inaugurada-ubs-do-vida-nova-pela-prefeitura","status":"publish","type":"post","link":"https:\/\/regiaonews.net.br\/2022\/2024\/06\/29\/inaugurada-ubs-do-vida-nova-pela-prefeitura\/","title":{"rendered":"Inaugurada UBS do Vida Nova pela Prefeitura"},"content":{"rendered":"<p>A Prefeitura de Barretos atrav\u00e9s da Administra\u00e7\u00e3o Municipal gest\u00e3o da prefeita Paula Lemos, inaugurou na manh\u00e3 deste s\u00e1bado (29), a Unidade B\u00e1sica de Sa\u00fade Dr. Neyton Fantoni com a presen\u00e7a do secret\u00e1rio de governo do estado, Gilberto Kassab. A nova unidade tem \u00e1rea construida de 251,93 m\u00b2 com 16 salas na Avenida VN 21 &#8211; Ernesto Tertulino Pereira Luz, s\/n, Conjunto Habitacional Vida Nova com um repasse total de R$ 1.037.841,94, tendo um repasse de R$ 835.000,00 destinado pelo governo de S\u00e3o Paulo e contrapartida da prefeitura de R$ 202.841,94.<br \/>\nO pr\u00e9dio recebeu o nome do ex-serventu\u00e1rio da Justi\u00e7a por 38 anos onde atuou como diretor de cart\u00f3rio e advogado, Dr. Neyton Fantoni, que foi representado pelos familiares, entre eles, o filho Dr. Neyton Fantoni J\u00fanior, que \u00e9 juiz de direito da 1\u00aa Vara da Comarca de Bebedouro. \u201cO meu pai foi uma pessoa que sempre declarou um amor muito grande por Barretos. Durante a sua vida toda, vibrava muito pelas conquistas e torcia pela cidade. Sempre foi uma pessoa que sempre divulgou Barretos em todos os lugares onde ele ia. A fam\u00edlia ficou muito agradecida e emocioada, porque a homenagem identifica uma pessoa\u201d, disse.<br \/>\nA prefeita Paula Lemos em entrevista destacou o investimento realizado no bairro Vida Nova que \u00e9 o bairro mais populoso da cidade, com uma popula\u00e7\u00e3o de 15 mil pessoas. \u201c\u00c9 de extrema import\u00e2ncia a constru\u00e7\u00e3o dessa UBS para o atendimento da popula\u00e7\u00e3o. O vereador Paulo Correa, que trabalhou para a conquista do recurso e denominou o pr\u00e9dio, disse que \u00e9 uma obra onde a sa\u00fade fica mais perto da popula\u00e7\u00e3o.<\/p>\n","protected":false},"excerpt":{"rendered":"<p>A Prefeitura de Barretos atrav\u00e9s da Administra\u00e7\u00e3o Municipal gest\u00e3o da<\/p>\n","protected":false},"author":2,"featured_media":107007,"comment_status":"open","ping_status":"open","sticky":false,"template":"","format":"standard","meta":{"footnotes":""},"categories":[14,111],"tags":[],"class_list":["post-107006","post","type-post","status-publish","format-standard","has-post-thumbnail","hentry","category-barretos","category-cotidiano"],"yoast_head":"<!-- This site is optimized with the Yoast SEO plugin v27.4 - https:\/\/yoast.com\/product\/yoast-seo-wordpress\/ -->\n<title>Inaugurada UBS do Vida Nova pela Prefeitura - Regi\u00e3o News<\/title>\n<meta name=\"robots\" content=\"index, follow, max-snippet:-1, max-image-preview:large, max-video-preview:-1\" \/>\n<link rel=\"canonical\" href=\"https:\/\/regiaonews.net.br\/2022\/2024\/06\/29\/inaugurada-ubs-do-vida-nova-pela-prefeitura\/\" \/>\n<meta property=\"og:locale\" content=\"pt_BR\" \/>\n<meta property=\"og:type\" content=\"article\" \/>\n<meta property=\"og:title\" content=\"Inaugurada UBS do Vida Nova pela Prefeitura - Regi\u00e3o News\" \/>\n<meta property=\"og:description\" content=\"A Prefeitura de Barretos atrav\u00e9s da Administra\u00e7\u00e3o Municipal gest\u00e3o da\" \/>\n<meta property=\"og:url\" content=\"https:\/\/regiaonews.net.br\/2022\/2024\/06\/29\/inaugurada-ubs-do-vida-nova-pela-prefeitura\/\" \/>\n<meta property=\"og:site_name\" content=\"Regi\u00e3o News\" \/>\n<meta property=\"article:published_time\" content=\"2024-06-29T19:31:56+00:00\" \/>\n<meta property=\"og:image\" content=\"https:\/\/regiaonews.net.br\/2022\/wp-content\/uploads\/2024\/06\/IMG-20240629-WA0178.jpg\" \/>\n\t<meta property=\"og:image:width\" content=\"1397\" \/>\n\t<meta property=\"og:image:height\" content=\"713\" \/>\n\t<meta property=\"og:image:type\" content=\"image\/jpeg\" \/>\n<meta name=\"author\" content=\"Roberto\" \/>\n<meta name=\"twitter:card\" content=\"summary_large_image\" \/>\n<meta name=\"twitter:label1\" content=\"Escrito por\" \/>\n\t<meta name=\"twitter:data1\" content=\"Roberto\" \/>\n\t<meta name=\"twitter:label2\" content=\"Est. tempo de leitura\" \/>\n\t<meta name=\"twitter:data2\" content=\"2 minutos\" \/>\n<script type=\"application\/ld+json\" class=\"yoast-schema-graph\">{\"@context\":\"https:\\\/\\\/schema.org\",\"@graph\":[{\"@type\":\"Article\",\"@id\":\"https:\\\/\\\/regiaonews.net.br\\\/2022\\\/2024\\\/06\\\/29\\\/inaugurada-ubs-do-vida-nova-pela-prefeitura\\\/#article\",\"isPartOf\":{\"@id\":\"https:\\\/\\\/regiaonews.net.br\\\/2022\\\/2024\\\/06\\\/29\\\/inaugurada-ubs-do-vida-nova-pela-prefeitura\\\/\"},\"author\":{\"name\":\"Roberto\",\"@id\":\"https:\\\/\\\/regiaonews.net.br\\\/2022\\\/#\\\/schema\\\/person\\\/2d205a608a5aa97ac279d7a5e6d89ad8\"},\"headline\":\"Inaugurada UBS do Vida Nova pela Prefeitura\",\"datePublished\":\"2024-06-29T19:31:56+00:00\",\"mainEntityOfPage\":{\"@id\":\"https:\\\/\\\/regiaonews.net.br\\\/2022\\\/2024\\\/06\\\/29\\\/inaugurada-ubs-do-vida-nova-pela-prefeitura\\\/\"},\"wordCount\":281,\"commentCount\":0,\"publisher\":{\"@id\":\"https:\\\/\\\/regiaonews.net.br\\\/2022\\\/#organization\"},\"image\":{\"@id\":\"https:\\\/\\\/regiaonews.net.br\\\/2022\\\/2024\\\/06\\\/29\\\/inaugurada-ubs-do-vida-nova-pela-prefeitura\\\/#primaryimage\"},\"thumbnailUrl\":\"https:\\\/\\\/regiaonews.net.br\\\/2022\\\/wp-content\\\/uploads\\\/2024\\\/06\\\/IMG-20240629-WA0178.jpg\",\"articleSection\":[\"Barretos\",\"Cotidiano\"],\"inLanguage\":\"pt-BR\",\"potentialAction\":[{\"@type\":\"CommentAction\",\"name\":\"Comment\",\"target\":[\"https:\\\/\\\/regiaonews.net.br\\\/2022\\\/2024\\\/06\\\/29\\\/inaugurada-ubs-do-vida-nova-pela-prefeitura\\\/#respond\"]}]},{\"@type\":\"WebPage\",\"@id\":\"https:\\\/\\\/regiaonews.net.br\\\/2022\\\/2024\\\/06\\\/29\\\/inaugurada-ubs-do-vida-nova-pela-prefeitura\\\/\",\"url\":\"https:\\\/\\\/regiaonews.net.br\\\/2022\\\/2024\\\/06\\\/29\\\/inaugurada-ubs-do-vida-nova-pela-prefeitura\\\/\",\"name\":\"Inaugurada UBS do Vida Nova pela Prefeitura - Regi\u00e3o News\",\"isPartOf\":{\"@id\":\"https:\\\/\\\/regiaonews.net.br\\\/2022\\\/#website\"},\"primaryImageOfPage\":{\"@id\":\"https:\\\/\\\/regiaonews.net.br\\\/2022\\\/2024\\\/06\\\/29\\\/inaugurada-ubs-do-vida-nova-pela-prefeitura\\\/#primaryimage\"},\"image\":{\"@id\":\"https:\\\/\\\/regiaonews.net.br\\\/2022\\\/2024\\\/06\\\/29\\\/inaugurada-ubs-do-vida-nova-pela-prefeitura\\\/#primaryimage\"},\"thumbnailUrl\":\"https:\\\/\\\/regiaonews.net.br\\\/2022\\\/wp-content\\\/uploads\\\/2024\\\/06\\\/IMG-20240629-WA0178.jpg\",\"datePublished\":\"2024-06-29T19:31:56+00:00\",\"breadcrumb\":{\"@id\":\"https:\\\/\\\/regiaonews.net.br\\\/2022\\\/2024\\\/06\\\/29\\\/inaugurada-ubs-do-vida-nova-pela-prefeitura\\\/#breadcrumb\"},\"inLanguage\":\"pt-BR\",\"potentialAction\":[{\"@type\":\"ReadAction\",\"target\":[\"https:\\\/\\\/regiaonews.net.br\\\/2022\\\/2024\\\/06\\\/29\\\/inaugurada-ubs-do-vida-nova-pela-prefeitura\\\/\"]}]},{\"@type\":\"ImageObject\",\"inLanguage\":\"pt-BR\",\"@id\":\"https:\\\/\\\/regiaonews.net.br\\\/2022\\\/2024\\\/06\\\/29\\\/inaugurada-ubs-do-vida-nova-pela-prefeitura\\\/#primaryimage\",\"url\":\"https:\\\/\\\/regiaonews.net.br\\\/2022\\\/wp-content\\\/uploads\\\/2024\\\/06\\\/IMG-20240629-WA0178.jpg\",\"contentUrl\":\"https:\\\/\\\/regiaonews.net.br\\\/2022\\\/wp-content\\\/uploads\\\/2024\\\/06\\\/IMG-20240629-WA0178.jpg\",\"width\":1397,\"height\":713},{\"@type\":\"BreadcrumbList\",\"@id\":\"https:\\\/\\\/regiaonews.net.br\\\/2022\\\/2024\\\/06\\\/29\\\/inaugurada-ubs-do-vida-nova-pela-prefeitura\\\/#breadcrumb\",\"itemListElement\":[{\"@type\":\"ListItem\",\"position\":1,\"name\":\"In\u00edcio\",\"item\":\"https:\\\/\\\/regiaonews.net.br\\\/2022\\\/\"},{\"@type\":\"ListItem\",\"position\":2,\"name\":\"Inaugurada UBS do Vida Nova pela Prefeitura\"}]},{\"@type\":\"WebSite\",\"@id\":\"https:\\\/\\\/regiaonews.net.br\\\/2022\\\/#website\",\"url\":\"https:\\\/\\\/regiaonews.net.br\\\/2022\\\/\",\"name\":\"Regi\u00e3o News\",\"description\":\"Site de Not\u00edcias de Barretos e regi\u00e3o\",\"publisher\":{\"@id\":\"https:\\\/\\\/regiaonews.net.br\\\/2022\\\/#organization\"},\"potentialAction\":[{\"@type\":\"SearchAction\",\"target\":{\"@type\":\"EntryPoint\",\"urlTemplate\":\"https:\\\/\\\/regiaonews.net.br\\\/2022\\\/?s={search_term_string}\"},\"query-input\":{\"@type\":\"PropertyValueSpecification\",\"valueRequired\":true,\"valueName\":\"search_term_string\"}}],\"inLanguage\":\"pt-BR\"},{\"@type\":\"Organization\",\"@id\":\"https:\\\/\\\/regiaonews.net.br\\\/2022\\\/#organization\",\"name\":\"Regi\u00e3o News\",\"url\":\"https:\\\/\\\/regiaonews.net.br\\\/2022\\\/\",\"logo\":{\"@type\":\"ImageObject\",\"inLanguage\":\"pt-BR\",\"@id\":\"https:\\\/\\\/regiaonews.net.br\\\/2022\\\/#\\\/schema\\\/logo\\\/image\\\/\",\"url\":\"https:\\\/\\\/regiaonews.net.br\\\/2022\\\/wp-content\\\/uploads\\\/2026\\\/03\\\/regiao-13-anos-scaled.jpg\",\"contentUrl\":\"https:\\\/\\\/regiaonews.net.br\\\/2022\\\/wp-content\\\/uploads\\\/2026\\\/03\\\/regiao-13-anos-scaled.jpg\",\"width\":2560,\"height\":635,\"caption\":\"Regi\u00e3o News\"},\"image\":{\"@id\":\"https:\\\/\\\/regiaonews.net.br\\\/2022\\\/#\\\/schema\\\/logo\\\/image\\\/\"}},{\"@type\":\"Person\",\"@id\":\"https:\\\/\\\/regiaonews.net.br\\\/2022\\\/#\\\/schema\\\/person\\\/2d205a608a5aa97ac279d7a5e6d89ad8\",\"name\":\"Roberto\",\"image\":{\"@type\":\"ImageObject\",\"inLanguage\":\"pt-BR\",\"@id\":\"https:\\\/\\\/secure.gravatar.com\\\/avatar\\\/42749d8b712ff9d59ca93dc150494e5b55a44134482993f5baeb97e61b7ecc89?s=96&d=mm&r=g\",\"url\":\"https:\\\/\\\/secure.gravatar.com\\\/avatar\\\/42749d8b712ff9d59ca93dc150494e5b55a44134482993f5baeb97e61b7ecc89?s=96&d=mm&r=g\",\"contentUrl\":\"https:\\\/\\\/secure.gravatar.com\\\/avatar\\\/42749d8b712ff9d59ca93dc150494e5b55a44134482993f5baeb97e61b7ecc89?s=96&d=mm&r=g\",\"caption\":\"Roberto\"},\"url\":\"https:\\\/\\\/regiaonews.net.br\\\/2022\\\/author\\\/roberto\\\/\"}]}<\/script>\n<!-- \/ Yoast SEO plugin. -->","yoast_head_json":{"title":"Inaugurada UBS do Vida Nova pela Prefeitura - Regi\u00e3o News","robots":{"index":"index","follow":"follow","max-snippet":"max-snippet:-1","max-image-preview":"max-image-preview:large","max-video-preview":"max-video-preview:-1"},"canonical":"https:\/\/regiaonews.net.br\/2022\/2024\/06\/29\/inaugurada-ubs-do-vida-nova-pela-prefeitura\/","og_locale":"pt_BR","og_type":"article","og_title":"Inaugurada UBS do Vida Nova pela Prefeitura - Regi\u00e3o News","og_description":"A Prefeitura de Barretos atrav\u00e9s da Administra\u00e7\u00e3o Municipal gest\u00e3o da","og_url":"https:\/\/regiaonews.net.br\/2022\/2024\/06\/29\/inaugurada-ubs-do-vida-nova-pela-prefeitura\/","og_site_name":"Regi\u00e3o News","article_published_time":"2024-06-29T19:31:56+00:00","og_image":[{"width":1397,"height":713,"url":"https:\/\/regiaonews.net.br\/2022\/wp-content\/uploads\/2024\/06\/IMG-20240629-WA0178.jpg","type":"image\/jpeg"}],"author":"Roberto","twitter_card":"summary_large_image","twitter_misc":{"Escrito por":"Roberto","Est. tempo de leitura":"2 minutos"},"schema":{"@context":"https:\/\/schema.org","@graph":[{"@type":"Article","@id":"https:\/\/regiaonews.net.br\/2022\/2024\/06\/29\/inaugurada-ubs-do-vida-nova-pela-prefeitura\/#article","isPartOf":{"@id":"https:\/\/regiaonews.net.br\/2022\/2024\/06\/29\/inaugurada-ubs-do-vida-nova-pela-prefeitura\/"},"author":{"name":"Roberto","@id":"https:\/\/regiaonews.net.br\/2022\/#\/schema\/person\/2d205a608a5aa97ac279d7a5e6d89ad8"},"headline":"Inaugurada UBS do Vida Nova pela Prefeitura","datePublished":"2024-06-29T19:31:56+00:00","mainEntityOfPage":{"@id":"https:\/\/regiaonews.net.br\/2022\/2024\/06\/29\/inaugurada-ubs-do-vida-nova-pela-prefeitura\/"},"wordCount":281,"commentCount":0,"publisher":{"@id":"https:\/\/regiaonews.net.br\/2022\/#organization"},"image":{"@id":"https:\/\/regiaonews.net.br\/2022\/2024\/06\/29\/inaugurada-ubs-do-vida-nova-pela-prefeitura\/#primaryimage"},"thumbnailUrl":"https:\/\/regiaonews.net.br\/2022\/wp-content\/uploads\/2024\/06\/IMG-20240629-WA0178.jpg","articleSection":["Barretos","Cotidiano"],"inLanguage":"pt-BR","potentialAction":[{"@type":"CommentAction","name":"Comment","target":["https:\/\/regiaonews.net.br\/2022\/2024\/06\/29\/inaugurada-ubs-do-vida-nova-pela-prefeitura\/#respond"]}]},{"@type":"WebPage","@id":"https:\/\/regiaonews.net.br\/2022\/2024\/06\/29\/inaugurada-ubs-do-vida-nova-pela-prefeitura\/","url":"https:\/\/regiaonews.net.br\/2022\/2024\/06\/29\/inaugurada-ubs-do-vida-nova-pela-prefeitura\/","name":"Inaugurada UBS do Vida Nova pela Prefeitura - Regi\u00e3o News","isPartOf":{"@id":"https:\/\/regiaonews.net.br\/2022\/#website"},"primaryImageOfPage":{"@id":"https:\/\/regiaonews.net.br\/2022\/2024\/06\/29\/inaugurada-ubs-do-vida-nova-pela-prefeitura\/#primaryimage"},"image":{"@id":"https:\/\/regiaonews.net.br\/2022\/2024\/06\/29\/inaugurada-ubs-do-vida-nova-pela-prefeitura\/#primaryimage"},"thumbnailUrl":"https:\/\/regiaonews.net.br\/2022\/wp-content\/uploads\/2024\/06\/IMG-20240629-WA0178.jpg","datePublished":"2024-06-29T19:31:56+00:00","breadcrumb":{"@id":"https:\/\/regiaonews.net.br\/2022\/2024\/06\/29\/inaugurada-ubs-do-vida-nova-pela-prefeitura\/#breadcrumb"},"inLanguage":"pt-BR","potentialAction":[{"@type":"ReadAction","target":["https:\/\/regiaonews.net.br\/2022\/2024\/06\/29\/inaugurada-ubs-do-vida-nova-pela-prefeitura\/"]}]},{"@type":"ImageObject","inLanguage":"pt-BR","@id":"https:\/\/regiaonews.net.br\/2022\/2024\/06\/29\/inaugurada-ubs-do-vida-nova-pela-prefeitura\/#primaryimage","url":"https:\/\/regiaonews.net.br\/2022\/wp-content\/uploads\/2024\/06\/IMG-20240629-WA0178.jpg","contentUrl":"https:\/\/regiaonews.net.br\/2022\/wp-content\/uploads\/2024\/06\/IMG-20240629-WA0178.jpg","width":1397,"height":713},{"@type":"BreadcrumbList","@id":"https:\/\/regiaonews.net.br\/2022\/2024\/06\/29\/inaugurada-ubs-do-vida-nova-pela-prefeitura\/#breadcrumb","itemListElement":[{"@type":"ListItem","position":1,"name":"In\u00edcio","item":"https:\/\/regiaonews.net.br\/2022\/"},{"@type":"ListItem","position":2,"name":"Inaugurada UBS do Vida Nova pela Prefeitura"}]},{"@type":"WebSite","@id":"https:\/\/regiaonews.net.br\/2022\/#website","url":"https:\/\/regiaonews.net.br\/2022\/","name":"Regi\u00e3o News","description":"Site de Not\u00edcias de Barretos e regi\u00e3o","publisher":{"@id":"https:\/\/regiaonews.net.br\/2022\/#organization"},"potentialAction":[{"@type":"SearchAction","target":{"@type":"EntryPoint","urlTemplate":"https:\/\/regiaonews.net.br\/2022\/?s={search_term_string}"},"query-input":{"@type":"PropertyValueSpecification","valueRequired":true,"valueName":"search_term_string"}}],"inLanguage":"pt-BR"},{"@type":"Organization","@id":"https:\/\/regiaonews.net.br\/2022\/#organization","name":"Regi\u00e3o News","url":"https:\/\/regiaonews.net.br\/2022\/","logo":{"@type":"ImageObject","inLanguage":"pt-BR","@id":"https:\/\/regiaonews.net.br\/2022\/#\/schema\/logo\/image\/","url":"https:\/\/regiaonews.net.br\/2022\/wp-content\/uploads\/2026\/03\/regiao-13-anos-scaled.jpg","contentUrl":"https:\/\/regiaonews.net.br\/2022\/wp-content\/uploads\/2026\/03\/regiao-13-anos-scaled.jpg","width":2560,"height":635,"caption":"Regi\u00e3o News"},"image":{"@id":"https:\/\/regiaonews.net.br\/2022\/#\/schema\/logo\/image\/"}},{"@type":"Person","@id":"https:\/\/regiaonews.net.br\/2022\/#\/schema\/person\/2d205a608a5aa97ac279d7a5e6d89ad8","name":"Roberto","image":{"@type":"ImageObject","inLanguage":"pt-BR","@id":"https:\/\/secure.gravatar.com\/avatar\/42749d8b712ff9d59ca93dc150494e5b55a44134482993f5baeb97e61b7ecc89?s=96&d=mm&r=g","url":"https:\/\/secure.gravatar.com\/avatar\/42749d8b712ff9d59ca93dc150494e5b55a44134482993f5baeb97e61b7ecc89?s=96&d=mm&r=g","contentUrl":"https:\/\/secure.gravatar.com\/avatar\/42749d8b712ff9d59ca93dc150494e5b55a44134482993f5baeb97e61b7ecc89?s=96&d=mm&r=g","caption":"Roberto"},"url":"https:\/\/regiaonews.net.br\/2022\/author\/roberto\/"}]}},"publishpress_future_action":{"enabled":false,"date":"2026-05-03 03:44:01","action":"change-status","newStatus":"draft","terms":[],"taxonomy":"category","extraData":[]},"publishpress_future_workflow_manual_trigger":{"enabledWorkflows":[]},"_links":{"self":[{"href":"https:\/\/regiaonews.net.br\/2022\/wp-json\/wp\/v2\/posts\/107006","targetHints":{"allow":["GET"]}}],"collection":[{"href":"https:\/\/regiaonews.net.br\/2022\/wp-json\/wp\/v2\/posts"}],"about":[{"href":"https:\/\/regiaonews.net.br\/2022\/wp-json\/wp\/v2\/types\/post"}],"author":[{"embeddable":true,"href":"https:\/\/regiaonews.net.br\/2022\/wp-json\/wp\/v2\/users\/2"}],"replies":[{"embeddable":true,"href":"https:\/\/regiaonews.net.br\/2022\/wp-json\/wp\/v2\/comments?post=107006"}],"version-history":[{"count":1,"href":"https:\/\/regiaonews.net.br\/2022\/wp-json\/wp\/v2\/posts\/107006\/revisions"}],"predecessor-version":[{"id":107008,"href":"https:\/\/regiaonews.net.br\/2022\/wp-json\/wp\/v2\/posts\/107006\/revisions\/107008"}],"wp:featuredmedia":[{"embeddable":true,"href":"https:\/\/regiaonews.net.br\/2022\/wp-json\/wp\/v2\/media\/107007"}],"wp:attachment":[{"href":"https:\/\/regiaonews.net.br\/2022\/wp-json\/wp\/v2\/media?parent=107006"}],"wp:term":[{"taxonomy":"category","embeddable":true,"href":"https:\/\/regiaonews.net.br\/2022\/wp-json\/wp\/v2\/categories?post=107006"},{"taxonomy":"post_tag","embeddable":true,"href":"https:\/\/regiaonews.net.br\/2022\/wp-json\/wp\/v2\/tags?post=107006"}],"curies":[{"name":"wp","href":"https:\/\/api.w.org\/{rel}","templated":true}]}}