{"id":106984,"date":"2024-06-28T20:52:45","date_gmt":"2024-06-28T23:52:45","guid":{"rendered":"https:\/\/regiaonews.net.br\/2022\/?p=106984"},"modified":"2024-06-28T20:52:45","modified_gmt":"2024-06-28T23:52:45","slug":"barretos-comemora-2-anos-da-inauguracao-da-primeira-casa-da-juventude-do-estado","status":"publish","type":"post","link":"https:\/\/regiaonews.net.br\/2022\/2024\/06\/28\/barretos-comemora-2-anos-da-inauguracao-da-primeira-casa-da-juventude-do-estado\/","title":{"rendered":"Barretos comemora 2 anos da inaugura\u00e7\u00e3o da primeira Casa da Juventude do Estado"},"content":{"rendered":"<p>&nbsp;<\/p>\n<p>Celebra\u00e7\u00e3o contou com a presen\u00e7a de diversos jovens, da prefeita Paula Lemos e do coordenador estadual de Pol\u00edtica de Juventude, Juliano Borges, que anunciou R$ 200 mil em investimentos<\/p>\n<p>Um espa\u00e7o em que h\u00e1 dois anos a trajet\u00f3ria de jovens barretenses vem sendo transformada, em que s\u00e3o preparados para o mercado de trabalho, para postos de lideran\u00e7a, com o desenvolvimento da intelig\u00eancia emocional e da humaniza\u00e7\u00e3o nos participantes de cursos ali oferecidos. Esta \u00e9 a Casa da Juventude \u201cCarla Cristina do Carmo Souza\u201d, a primeira a ser inaugurada no Estado. Realizada nesta sexta-feira, 28, a comemora\u00e7\u00e3o dos dois anos deste espa\u00e7o, reuniu autoridades e jovens da cidade que se destacam por estarem engajados dentro de suas comunidades escolares.<\/p>\n<p>\u201cA Casa da Juventude \u00e9 um lugar como sempre sonhamos para nossa cidade. Fui em busca deste espa\u00e7o e comemorei muito quando tivemos essa conquista junto ao Estado. Hoje celebro o quanto esse lugar representa para Barretos, pois \u00e9 muito gratificante saber que a vida de diversos jovens j\u00e1 mudou depois de passar por aqui e que novas turmas est\u00e3o chegando para se capacitarem e sa\u00edrem daqui confiantes em seu potencial\u201d, ressaltou a prefeita Paula Lemos.<\/p>\n<p>Ela agradeceu ao governador Tarc\u00edsio de Freitas e ao coordenador estadual de Pol\u00edtica de Juventude, Juliano Borges, pela aten\u00e7\u00e3o \u00e0 Barretos no desenvolvimento de pol\u00edticas p\u00fablicas.<\/p>\n<p>Juliano destacou a import\u00e2ncia do trabalho em conjunto com os munic\u00edpios para ampliar as pol\u00edticas p\u00fablicas para os jovens. \u201cEstar aqui com voc\u00eas nesta manh\u00e3 aben\u00e7oada \u00e9 uma grande satisfa\u00e7\u00e3o. Quero cumprimentar a Paula, a prefeita da juventude, que tem feito um trabalho brilhante e foi pioneira na Casa da Juventude, pois a de Barretos foi a primeira inaugurada no Estado\u201d, afirmou o coordenador estadual.<\/p>\n<p>Ele aproveitou ainda a ocasi\u00e3o comemorativa para anunciar R$ 200 mil em investimentos estaduais para a Casa da Juventude de Barretos, sendo um carro no valor de R$ 100 mil e outros R$ 100 mil para projetos e oficinas.<\/p>\n<p>\u201cNestes dois anos, a gente vem buscando despertar a juventude barretense, que ficou um pouco adormecida com a mudan\u00e7a de cultura na pandemia. N\u00f3s plantamos aqui a semente e, ap\u00f3s passar pelos cursos aqui oferecidos, os jovens desenvolvem um olhar mais cr\u00edtico para o lugar em que est\u00e3o inseridos, assumem pap\u00e9is de lideran\u00e7a e a partir disso o caminho brota para eles por conta pr\u00f3pria\u201d, afirmou Vitor Santiago, coordenador da Casa da Juventude.<\/p>\n<p>Diversos jovens participaram da cerim\u00f4nia, entre eles os 16 que iniciar\u00e3o a forma\u00e7\u00e3o &#8220;Criativa Mente&#8221;, que ser\u00e1 realiza no pr\u00f3ximo semestre em parceria com o Senac, Sebrae e Bruto Valley. Representantes destas entidades, que s\u00e3o parceiras frequentes da Prefeitura em a\u00e7\u00f5es na Casa da Juventude, estiveram presente na comemora\u00e7\u00e3o, al\u00e9m da secret\u00e1ria municipal de Assist\u00eancia Social e Desenvolvimento Humano, Vit\u00f3ria Saretta, e do vereador Gabriel Uchida.<\/p>\n<p>A unidade fica aberta aos jovens de segunda a sexta-feira, das 8 \u00e0s 17h. Para obter mais informa\u00e7\u00f5es sobre os cursos disponibilizados, \u00e9 poss\u00edvel enviar mensagem de WhatsApp (17) 98220-0913. Est\u00e1 localizada na Rua PJ6 (Maria Dulce Constan\u00e7a dos Santos), n\u00b0370, no Parque do J\u00f3quei.<\/p>\n","protected":false},"excerpt":{"rendered":"<p>&nbsp; Celebra\u00e7\u00e3o contou com a presen\u00e7a de diversos jovens, da<\/p>\n","protected":false},"author":2,"featured_media":106985,"comment_status":"open","ping_status":"open","sticky":false,"template":"","format":"standard","meta":{"footnotes":""},"categories":[14,25],"tags":[],"class_list":["post-106984","post","type-post","status-publish","format-standard","has-post-thumbnail","hentry","category-barretos","category-cidades"],"yoast_head":"<!-- This site is optimized with the Yoast SEO plugin v27.4 - https:\/\/yoast.com\/product\/yoast-seo-wordpress\/ -->\n<title>Barretos comemora 2 anos da inaugura\u00e7\u00e3o da primeira Casa da Juventude do Estado - Regi\u00e3o News<\/title>\n<meta name=\"robots\" content=\"index, follow, max-snippet:-1, max-image-preview:large, max-video-preview:-1\" \/>\n<link rel=\"canonical\" href=\"https:\/\/regiaonews.net.br\/2022\/2024\/06\/28\/barretos-comemora-2-anos-da-inauguracao-da-primeira-casa-da-juventude-do-estado\/\" \/>\n<meta property=\"og:locale\" content=\"pt_BR\" \/>\n<meta property=\"og:type\" content=\"article\" \/>\n<meta property=\"og:title\" content=\"Barretos comemora 2 anos da inaugura\u00e7\u00e3o da primeira Casa da Juventude do Estado - Regi\u00e3o News\" \/>\n<meta property=\"og:description\" content=\"&nbsp; Celebra\u00e7\u00e3o contou com a presen\u00e7a de diversos jovens, da\" \/>\n<meta property=\"og:url\" content=\"https:\/\/regiaonews.net.br\/2022\/2024\/06\/28\/barretos-comemora-2-anos-da-inauguracao-da-primeira-casa-da-juventude-do-estado\/\" \/>\n<meta property=\"og:site_name\" content=\"Regi\u00e3o News\" \/>\n<meta property=\"article:published_time\" content=\"2024-06-28T23:52:45+00:00\" \/>\n<meta property=\"og:image\" content=\"https:\/\/regiaonews.net.br\/2022\/wp-content\/uploads\/2024\/06\/WhatsApp-Image-2024-06-28-at-18.03.42.jpeg\" \/>\n\t<meta property=\"og:image:width\" content=\"1600\" \/>\n\t<meta property=\"og:image:height\" content=\"1067\" \/>\n\t<meta property=\"og:image:type\" content=\"image\/jpeg\" \/>\n<meta name=\"author\" content=\"Roberto\" \/>\n<meta name=\"twitter:card\" content=\"summary_large_image\" \/>\n<meta name=\"twitter:label1\" content=\"Escrito por\" \/>\n\t<meta name=\"twitter:data1\" content=\"Roberto\" \/>\n\t<meta name=\"twitter:label2\" content=\"Est. tempo de leitura\" \/>\n\t<meta name=\"twitter:data2\" content=\"4 minutos\" \/>\n<script type=\"application\/ld+json\" class=\"yoast-schema-graph\">{\"@context\":\"https:\\\/\\\/schema.org\",\"@graph\":[{\"@type\":\"Article\",\"@id\":\"https:\\\/\\\/regiaonews.net.br\\\/2022\\\/2024\\\/06\\\/28\\\/barretos-comemora-2-anos-da-inauguracao-da-primeira-casa-da-juventude-do-estado\\\/#article\",\"isPartOf\":{\"@id\":\"https:\\\/\\\/regiaonews.net.br\\\/2022\\\/2024\\\/06\\\/28\\\/barretos-comemora-2-anos-da-inauguracao-da-primeira-casa-da-juventude-do-estado\\\/\"},\"author\":{\"name\":\"Roberto\",\"@id\":\"https:\\\/\\\/regiaonews.net.br\\\/2022\\\/#\\\/schema\\\/person\\\/2d205a608a5aa97ac279d7a5e6d89ad8\"},\"headline\":\"Barretos comemora 2 anos da inaugura\u00e7\u00e3o da primeira Casa da Juventude do Estado\",\"datePublished\":\"2024-06-28T23:52:45+00:00\",\"mainEntityOfPage\":{\"@id\":\"https:\\\/\\\/regiaonews.net.br\\\/2022\\\/2024\\\/06\\\/28\\\/barretos-comemora-2-anos-da-inauguracao-da-primeira-casa-da-juventude-do-estado\\\/\"},\"wordCount\":558,\"commentCount\":0,\"publisher\":{\"@id\":\"https:\\\/\\\/regiaonews.net.br\\\/2022\\\/#organization\"},\"image\":{\"@id\":\"https:\\\/\\\/regiaonews.net.br\\\/2022\\\/2024\\\/06\\\/28\\\/barretos-comemora-2-anos-da-inauguracao-da-primeira-casa-da-juventude-do-estado\\\/#primaryimage\"},\"thumbnailUrl\":\"https:\\\/\\\/regiaonews.net.br\\\/2022\\\/wp-content\\\/uploads\\\/2024\\\/06\\\/WhatsApp-Image-2024-06-28-at-18.03.42.jpeg\",\"articleSection\":[\"Barretos\",\"Cidades\"],\"inLanguage\":\"pt-BR\",\"potentialAction\":[{\"@type\":\"CommentAction\",\"name\":\"Comment\",\"target\":[\"https:\\\/\\\/regiaonews.net.br\\\/2022\\\/2024\\\/06\\\/28\\\/barretos-comemora-2-anos-da-inauguracao-da-primeira-casa-da-juventude-do-estado\\\/#respond\"]}]},{\"@type\":\"WebPage\",\"@id\":\"https:\\\/\\\/regiaonews.net.br\\\/2022\\\/2024\\\/06\\\/28\\\/barretos-comemora-2-anos-da-inauguracao-da-primeira-casa-da-juventude-do-estado\\\/\",\"url\":\"https:\\\/\\\/regiaonews.net.br\\\/2022\\\/2024\\\/06\\\/28\\\/barretos-comemora-2-anos-da-inauguracao-da-primeira-casa-da-juventude-do-estado\\\/\",\"name\":\"Barretos comemora 2 anos da inaugura\u00e7\u00e3o da primeira Casa da Juventude do Estado - Regi\u00e3o News\",\"isPartOf\":{\"@id\":\"https:\\\/\\\/regiaonews.net.br\\\/2022\\\/#website\"},\"primaryImageOfPage\":{\"@id\":\"https:\\\/\\\/regiaonews.net.br\\\/2022\\\/2024\\\/06\\\/28\\\/barretos-comemora-2-anos-da-inauguracao-da-primeira-casa-da-juventude-do-estado\\\/#primaryimage\"},\"image\":{\"@id\":\"https:\\\/\\\/regiaonews.net.br\\\/2022\\\/2024\\\/06\\\/28\\\/barretos-comemora-2-anos-da-inauguracao-da-primeira-casa-da-juventude-do-estado\\\/#primaryimage\"},\"thumbnailUrl\":\"https:\\\/\\\/regiaonews.net.br\\\/2022\\\/wp-content\\\/uploads\\\/2024\\\/06\\\/WhatsApp-Image-2024-06-28-at-18.03.42.jpeg\",\"datePublished\":\"2024-06-28T23:52:45+00:00\",\"breadcrumb\":{\"@id\":\"https:\\\/\\\/regiaonews.net.br\\\/2022\\\/2024\\\/06\\\/28\\\/barretos-comemora-2-anos-da-inauguracao-da-primeira-casa-da-juventude-do-estado\\\/#breadcrumb\"},\"inLanguage\":\"pt-BR\",\"potentialAction\":[{\"@type\":\"ReadAction\",\"target\":[\"https:\\\/\\\/regiaonews.net.br\\\/2022\\\/2024\\\/06\\\/28\\\/barretos-comemora-2-anos-da-inauguracao-da-primeira-casa-da-juventude-do-estado\\\/\"]}]},{\"@type\":\"ImageObject\",\"inLanguage\":\"pt-BR\",\"@id\":\"https:\\\/\\\/regiaonews.net.br\\\/2022\\\/2024\\\/06\\\/28\\\/barretos-comemora-2-anos-da-inauguracao-da-primeira-casa-da-juventude-do-estado\\\/#primaryimage\",\"url\":\"https:\\\/\\\/regiaonews.net.br\\\/2022\\\/wp-content\\\/uploads\\\/2024\\\/06\\\/WhatsApp-Image-2024-06-28-at-18.03.42.jpeg\",\"contentUrl\":\"https:\\\/\\\/regiaonews.net.br\\\/2022\\\/wp-content\\\/uploads\\\/2024\\\/06\\\/WhatsApp-Image-2024-06-28-at-18.03.42.jpeg\",\"width\":1600,\"height\":1067},{\"@type\":\"BreadcrumbList\",\"@id\":\"https:\\\/\\\/regiaonews.net.br\\\/2022\\\/2024\\\/06\\\/28\\\/barretos-comemora-2-anos-da-inauguracao-da-primeira-casa-da-juventude-do-estado\\\/#breadcrumb\",\"itemListElement\":[{\"@type\":\"ListItem\",\"position\":1,\"name\":\"In\u00edcio\",\"item\":\"https:\\\/\\\/regiaonews.net.br\\\/2022\\\/\"},{\"@type\":\"ListItem\",\"position\":2,\"name\":\"Barretos comemora 2 anos da inaugura\u00e7\u00e3o da primeira Casa da Juventude do Estado\"}]},{\"@type\":\"WebSite\",\"@id\":\"https:\\\/\\\/regiaonews.net.br\\\/2022\\\/#website\",\"url\":\"https:\\\/\\\/regiaonews.net.br\\\/2022\\\/\",\"name\":\"Regi\u00e3o News\",\"description\":\"Site de Not\u00edcias de Barretos e regi\u00e3o\",\"publisher\":{\"@id\":\"https:\\\/\\\/regiaonews.net.br\\\/2022\\\/#organization\"},\"potentialAction\":[{\"@type\":\"SearchAction\",\"target\":{\"@type\":\"EntryPoint\",\"urlTemplate\":\"https:\\\/\\\/regiaonews.net.br\\\/2022\\\/?s={search_term_string}\"},\"query-input\":{\"@type\":\"PropertyValueSpecification\",\"valueRequired\":true,\"valueName\":\"search_term_string\"}}],\"inLanguage\":\"pt-BR\"},{\"@type\":\"Organization\",\"@id\":\"https:\\\/\\\/regiaonews.net.br\\\/2022\\\/#organization\",\"name\":\"Regi\u00e3o News\",\"url\":\"https:\\\/\\\/regiaonews.net.br\\\/2022\\\/\",\"logo\":{\"@type\":\"ImageObject\",\"inLanguage\":\"pt-BR\",\"@id\":\"https:\\\/\\\/regiaonews.net.br\\\/2022\\\/#\\\/schema\\\/logo\\\/image\\\/\",\"url\":\"https:\\\/\\\/regiaonews.net.br\\\/2022\\\/wp-content\\\/uploads\\\/2026\\\/03\\\/regiao-13-anos-scaled.jpg\",\"contentUrl\":\"https:\\\/\\\/regiaonews.net.br\\\/2022\\\/wp-content\\\/uploads\\\/2026\\\/03\\\/regiao-13-anos-scaled.jpg\",\"width\":2560,\"height\":635,\"caption\":\"Regi\u00e3o News\"},\"image\":{\"@id\":\"https:\\\/\\\/regiaonews.net.br\\\/2022\\\/#\\\/schema\\\/logo\\\/image\\\/\"}},{\"@type\":\"Person\",\"@id\":\"https:\\\/\\\/regiaonews.net.br\\\/2022\\\/#\\\/schema\\\/person\\\/2d205a608a5aa97ac279d7a5e6d89ad8\",\"name\":\"Roberto\",\"image\":{\"@type\":\"ImageObject\",\"inLanguage\":\"pt-BR\",\"@id\":\"https:\\\/\\\/secure.gravatar.com\\\/avatar\\\/42749d8b712ff9d59ca93dc150494e5b55a44134482993f5baeb97e61b7ecc89?s=96&d=mm&r=g\",\"url\":\"https:\\\/\\\/secure.gravatar.com\\\/avatar\\\/42749d8b712ff9d59ca93dc150494e5b55a44134482993f5baeb97e61b7ecc89?s=96&d=mm&r=g\",\"contentUrl\":\"https:\\\/\\\/secure.gravatar.com\\\/avatar\\\/42749d8b712ff9d59ca93dc150494e5b55a44134482993f5baeb97e61b7ecc89?s=96&d=mm&r=g\",\"caption\":\"Roberto\"},\"url\":\"https:\\\/\\\/regiaonews.net.br\\\/2022\\\/author\\\/roberto\\\/\"}]}<\/script>\n<!-- \/ Yoast SEO plugin. -->","yoast_head_json":{"title":"Barretos comemora 2 anos da inaugura\u00e7\u00e3o da primeira Casa da Juventude do Estado - Regi\u00e3o News","robots":{"index":"index","follow":"follow","max-snippet":"max-snippet:-1","max-image-preview":"max-image-preview:large","max-video-preview":"max-video-preview:-1"},"canonical":"https:\/\/regiaonews.net.br\/2022\/2024\/06\/28\/barretos-comemora-2-anos-da-inauguracao-da-primeira-casa-da-juventude-do-estado\/","og_locale":"pt_BR","og_type":"article","og_title":"Barretos comemora 2 anos da inaugura\u00e7\u00e3o da primeira Casa da Juventude do Estado - Regi\u00e3o News","og_description":"&nbsp; Celebra\u00e7\u00e3o contou com a presen\u00e7a de diversos jovens, da","og_url":"https:\/\/regiaonews.net.br\/2022\/2024\/06\/28\/barretos-comemora-2-anos-da-inauguracao-da-primeira-casa-da-juventude-do-estado\/","og_site_name":"Regi\u00e3o News","article_published_time":"2024-06-28T23:52:45+00:00","og_image":[{"width":1600,"height":1067,"url":"https:\/\/regiaonews.net.br\/2022\/wp-content\/uploads\/2024\/06\/WhatsApp-Image-2024-06-28-at-18.03.42.jpeg","type":"image\/jpeg"}],"author":"Roberto","twitter_card":"summary_large_image","twitter_misc":{"Escrito por":"Roberto","Est. tempo de leitura":"4 minutos"},"schema":{"@context":"https:\/\/schema.org","@graph":[{"@type":"Article","@id":"https:\/\/regiaonews.net.br\/2022\/2024\/06\/28\/barretos-comemora-2-anos-da-inauguracao-da-primeira-casa-da-juventude-do-estado\/#article","isPartOf":{"@id":"https:\/\/regiaonews.net.br\/2022\/2024\/06\/28\/barretos-comemora-2-anos-da-inauguracao-da-primeira-casa-da-juventude-do-estado\/"},"author":{"name":"Roberto","@id":"https:\/\/regiaonews.net.br\/2022\/#\/schema\/person\/2d205a608a5aa97ac279d7a5e6d89ad8"},"headline":"Barretos comemora 2 anos da inaugura\u00e7\u00e3o da primeira Casa da Juventude do Estado","datePublished":"2024-06-28T23:52:45+00:00","mainEntityOfPage":{"@id":"https:\/\/regiaonews.net.br\/2022\/2024\/06\/28\/barretos-comemora-2-anos-da-inauguracao-da-primeira-casa-da-juventude-do-estado\/"},"wordCount":558,"commentCount":0,"publisher":{"@id":"https:\/\/regiaonews.net.br\/2022\/#organization"},"image":{"@id":"https:\/\/regiaonews.net.br\/2022\/2024\/06\/28\/barretos-comemora-2-anos-da-inauguracao-da-primeira-casa-da-juventude-do-estado\/#primaryimage"},"thumbnailUrl":"https:\/\/regiaonews.net.br\/2022\/wp-content\/uploads\/2024\/06\/WhatsApp-Image-2024-06-28-at-18.03.42.jpeg","articleSection":["Barretos","Cidades"],"inLanguage":"pt-BR","potentialAction":[{"@type":"CommentAction","name":"Comment","target":["https:\/\/regiaonews.net.br\/2022\/2024\/06\/28\/barretos-comemora-2-anos-da-inauguracao-da-primeira-casa-da-juventude-do-estado\/#respond"]}]},{"@type":"WebPage","@id":"https:\/\/regiaonews.net.br\/2022\/2024\/06\/28\/barretos-comemora-2-anos-da-inauguracao-da-primeira-casa-da-juventude-do-estado\/","url":"https:\/\/regiaonews.net.br\/2022\/2024\/06\/28\/barretos-comemora-2-anos-da-inauguracao-da-primeira-casa-da-juventude-do-estado\/","name":"Barretos comemora 2 anos da inaugura\u00e7\u00e3o da primeira Casa da Juventude do Estado - Regi\u00e3o News","isPartOf":{"@id":"https:\/\/regiaonews.net.br\/2022\/#website"},"primaryImageOfPage":{"@id":"https:\/\/regiaonews.net.br\/2022\/2024\/06\/28\/barretos-comemora-2-anos-da-inauguracao-da-primeira-casa-da-juventude-do-estado\/#primaryimage"},"image":{"@id":"https:\/\/regiaonews.net.br\/2022\/2024\/06\/28\/barretos-comemora-2-anos-da-inauguracao-da-primeira-casa-da-juventude-do-estado\/#primaryimage"},"thumbnailUrl":"https:\/\/regiaonews.net.br\/2022\/wp-content\/uploads\/2024\/06\/WhatsApp-Image-2024-06-28-at-18.03.42.jpeg","datePublished":"2024-06-28T23:52:45+00:00","breadcrumb":{"@id":"https:\/\/regiaonews.net.br\/2022\/2024\/06\/28\/barretos-comemora-2-anos-da-inauguracao-da-primeira-casa-da-juventude-do-estado\/#breadcrumb"},"inLanguage":"pt-BR","potentialAction":[{"@type":"ReadAction","target":["https:\/\/regiaonews.net.br\/2022\/2024\/06\/28\/barretos-comemora-2-anos-da-inauguracao-da-primeira-casa-da-juventude-do-estado\/"]}]},{"@type":"ImageObject","inLanguage":"pt-BR","@id":"https:\/\/regiaonews.net.br\/2022\/2024\/06\/28\/barretos-comemora-2-anos-da-inauguracao-da-primeira-casa-da-juventude-do-estado\/#primaryimage","url":"https:\/\/regiaonews.net.br\/2022\/wp-content\/uploads\/2024\/06\/WhatsApp-Image-2024-06-28-at-18.03.42.jpeg","contentUrl":"https:\/\/regiaonews.net.br\/2022\/wp-content\/uploads\/2024\/06\/WhatsApp-Image-2024-06-28-at-18.03.42.jpeg","width":1600,"height":1067},{"@type":"BreadcrumbList","@id":"https:\/\/regiaonews.net.br\/2022\/2024\/06\/28\/barretos-comemora-2-anos-da-inauguracao-da-primeira-casa-da-juventude-do-estado\/#breadcrumb","itemListElement":[{"@type":"ListItem","position":1,"name":"In\u00edcio","item":"https:\/\/regiaonews.net.br\/2022\/"},{"@type":"ListItem","position":2,"name":"Barretos comemora 2 anos da inaugura\u00e7\u00e3o da primeira Casa da Juventude do Estado"}]},{"@type":"WebSite","@id":"https:\/\/regiaonews.net.br\/2022\/#website","url":"https:\/\/regiaonews.net.br\/2022\/","name":"Regi\u00e3o News","description":"Site de Not\u00edcias de Barretos e regi\u00e3o","publisher":{"@id":"https:\/\/regiaonews.net.br\/2022\/#organization"},"potentialAction":[{"@type":"SearchAction","target":{"@type":"EntryPoint","urlTemplate":"https:\/\/regiaonews.net.br\/2022\/?s={search_term_string}"},"query-input":{"@type":"PropertyValueSpecification","valueRequired":true,"valueName":"search_term_string"}}],"inLanguage":"pt-BR"},{"@type":"Organization","@id":"https:\/\/regiaonews.net.br\/2022\/#organization","name":"Regi\u00e3o News","url":"https:\/\/regiaonews.net.br\/2022\/","logo":{"@type":"ImageObject","inLanguage":"pt-BR","@id":"https:\/\/regiaonews.net.br\/2022\/#\/schema\/logo\/image\/","url":"https:\/\/regiaonews.net.br\/2022\/wp-content\/uploads\/2026\/03\/regiao-13-anos-scaled.jpg","contentUrl":"https:\/\/regiaonews.net.br\/2022\/wp-content\/uploads\/2026\/03\/regiao-13-anos-scaled.jpg","width":2560,"height":635,"caption":"Regi\u00e3o News"},"image":{"@id":"https:\/\/regiaonews.net.br\/2022\/#\/schema\/logo\/image\/"}},{"@type":"Person","@id":"https:\/\/regiaonews.net.br\/2022\/#\/schema\/person\/2d205a608a5aa97ac279d7a5e6d89ad8","name":"Roberto","image":{"@type":"ImageObject","inLanguage":"pt-BR","@id":"https:\/\/secure.gravatar.com\/avatar\/42749d8b712ff9d59ca93dc150494e5b55a44134482993f5baeb97e61b7ecc89?s=96&d=mm&r=g","url":"https:\/\/secure.gravatar.com\/avatar\/42749d8b712ff9d59ca93dc150494e5b55a44134482993f5baeb97e61b7ecc89?s=96&d=mm&r=g","contentUrl":"https:\/\/secure.gravatar.com\/avatar\/42749d8b712ff9d59ca93dc150494e5b55a44134482993f5baeb97e61b7ecc89?s=96&d=mm&r=g","caption":"Roberto"},"url":"https:\/\/regiaonews.net.br\/2022\/author\/roberto\/"}]}},"publishpress_future_action":{"enabled":false,"date":"2026-05-03 06:19:08","action":"change-status","newStatus":"draft","terms":[],"taxonomy":"category","extraData":[]},"publishpress_future_workflow_manual_trigger":{"enabledWorkflows":[]},"_links":{"self":[{"href":"https:\/\/regiaonews.net.br\/2022\/wp-json\/wp\/v2\/posts\/106984","targetHints":{"allow":["GET"]}}],"collection":[{"href":"https:\/\/regiaonews.net.br\/2022\/wp-json\/wp\/v2\/posts"}],"about":[{"href":"https:\/\/regiaonews.net.br\/2022\/wp-json\/wp\/v2\/types\/post"}],"author":[{"embeddable":true,"href":"https:\/\/regiaonews.net.br\/2022\/wp-json\/wp\/v2\/users\/2"}],"replies":[{"embeddable":true,"href":"https:\/\/regiaonews.net.br\/2022\/wp-json\/wp\/v2\/comments?post=106984"}],"version-history":[{"count":1,"href":"https:\/\/regiaonews.net.br\/2022\/wp-json\/wp\/v2\/posts\/106984\/revisions"}],"predecessor-version":[{"id":106986,"href":"https:\/\/regiaonews.net.br\/2022\/wp-json\/wp\/v2\/posts\/106984\/revisions\/106986"}],"wp:featuredmedia":[{"embeddable":true,"href":"https:\/\/regiaonews.net.br\/2022\/wp-json\/wp\/v2\/media\/106985"}],"wp:attachment":[{"href":"https:\/\/regiaonews.net.br\/2022\/wp-json\/wp\/v2\/media?parent=106984"}],"wp:term":[{"taxonomy":"category","embeddable":true,"href":"https:\/\/regiaonews.net.br\/2022\/wp-json\/wp\/v2\/categories?post=106984"},{"taxonomy":"post_tag","embeddable":true,"href":"https:\/\/regiaonews.net.br\/2022\/wp-json\/wp\/v2\/tags?post=106984"}],"curies":[{"name":"wp","href":"https:\/\/api.w.org\/{rel}","templated":true}]}}