{"id":106968,"date":"2024-06-28T16:15:07","date_gmt":"2024-06-28T19:15:07","guid":{"rendered":"https:\/\/regiaonews.net.br\/2022\/?p=106968"},"modified":"2024-06-28T16:15:07","modified_gmt":"2024-06-28T19:15:07","slug":"fim-de-semana-tem-festival-de-inverno-de-campos-do-jordao-festa-junina-e-gamescom","status":"publish","type":"post","link":"https:\/\/regiaonews.net.br\/2022\/2024\/06\/28\/fim-de-semana-tem-festival-de-inverno-de-campos-do-jordao-festa-junina-e-gamescom\/","title":{"rendered":"Fim de semana tem Festival de Inverno de Campos do Jord\u00e3o, festa junina e Gamescom"},"content":{"rendered":"<h3 class=\"excerpt\" style=\"text-align: center;\">Programa\u00e7\u00e3o em S\u00e3o Paulo tamb\u00e9m inclui &#8216;Festival Viva!Jap\u00e3o&#8217; no Museu da Imigra\u00e7\u00e3o e pe\u00e7a de teatro sobre o r\u00e1dio<\/h3>\n<p>O\u00a0<a href=\"https:\/\/www.saopaulo.sp.gov.br\/spnoticias\/ultimas-noticias\/54o-festival-de-inverno-de-campos-do-jordao-oferece-musica-classica-e-cultura-gratuita\/\">Festival de Inverno de Campos do Jord\u00e3o come\u00e7a neste s\u00e1bado<\/a>\u00a0(29). Reconhecido como o maior e mais tradicional evento de m\u00fasica cl\u00e1ssica da Am\u00e9rica Latina, o evento chega \u00e0 sua 54\u00aa edi\u00e7\u00e3o. Ser\u00e3o mais de 60 concertos gratuitos e, pela primeira vez, o Festival receber\u00e1 orquestras internacionais, do Chile, Col\u00f4mbia e Uruguai, al\u00e9m de grupos de c\u00e2mara da Inglaterra e da Su\u00ed\u00e7a e uma variedade de conjuntos sinf\u00f4nicos do estado de S\u00e3o Paulo.<\/p>\n<p>Aqui na capital paulista, no s\u00e1bado (29) e no domingo (30), o\u00a0<a href=\"https:\/\/www.cultura.sp.gov.br\/arte-musica-e-mais-confira-calendario-cultural-de-sao-paulo\/\" target=\"_blank\" rel=\"noopener\">Museu da Imigra\u00e7\u00e3o realiza o Festival Viva! Jap\u00e3o<\/a>. O evento que contempla aspectos tradicionais e contempor\u00e2neos da cultura japonesa chega a sua segunda edi\u00e7\u00e3o, com atra\u00e7\u00f5es de dan\u00e7a, m\u00fasica, gastronomia, audiovisual, al\u00e9m de oficinas de t\u00e9cnicas art\u00edsticas e artesanato. O festival acontece das 10h \u00e0s 18h.<\/p>\n<p>No Museu das Favelas, das 12h \u00e0s 17h do s\u00e1bado (29), acontece o Arrai\u00e1 das Quebradas. A segunda edi\u00e7\u00e3o da Festa Junina ter\u00e1 show da banda Forr\u00f3 Vila do Sossego, aula de forr\u00f3, muitas comidas t\u00edpicas e artesanatos de organiza\u00e7\u00f5es locais e empreendedores da quebrada. A entrada \u00e9 gratuita.<\/p>\n<p>No interior, em Tatu\u00ed, a Companhia de Teatro do Conservat\u00f3rio da cidade apresenta a pe\u00e7a \u201cNas Ondas do R\u00e1dio\u201d, mergulhando na hist\u00f3ria dos anos dourados e abordando como o meio de comunica\u00e7\u00e3o est\u00e1 inserido no cotidiano de uma fam\u00edlia. A apresenta\u00e7\u00e3o \u00e9 gratuita, acontece no Teatro Proc\u00f3pio Ferreira, \u00e0s 20h.<\/p>\n<p>E at\u00e9 domingo, acontece na capital paulista, na S\u00e3o Paulo Expo,\u00a0<a href=\"https:\/\/www.cultura.sp.gov.br\/governo-de-sp-abre-edicao-de-estreia-da-gamescom-na-america-latina\/\" target=\"_blank\" rel=\"noopener\">a primeira edi\u00e7\u00e3o da Gamescom Latam<\/a>. Esta \u00e9 a primeira edi\u00e7\u00e3o do maior evento de games do mundo na Am\u00e9rica Latina.\u00a0<a href=\"https:\/\/www.cultura.sp.gov.br\/primeiro-torneio-estudantil-de-games-do-estado-de-sao-paulo-sera-lancado-na-gamescom-latam-2\/\" target=\"_blank\" rel=\"noopener\">Os f\u00e3s podem conferir as \u00faltimas novidades, lan\u00e7amentos e tend\u00eancias da ind\u00fastria, bem como shows e demonstra\u00e7\u00f5es em primeira m\u00e3o<\/a>.<\/p>\n","protected":false},"excerpt":{"rendered":"<p>Programa\u00e7\u00e3o em S\u00e3o Paulo tamb\u00e9m inclui &#8216;Festival Viva!Jap\u00e3o&#8217; no Museu<\/p>\n","protected":false},"author":2,"featured_media":106969,"comment_status":"open","ping_status":"open","sticky":false,"template":"","format":"standard","meta":{"footnotes":""},"categories":[24,3],"tags":[],"class_list":["post-106968","post","type-post","status-publish","format-standard","has-post-thumbnail","hentry","category-brasil","category-geral"],"yoast_head":"<!-- This site is optimized with the Yoast SEO plugin v27.4 - https:\/\/yoast.com\/product\/yoast-seo-wordpress\/ -->\n<title>Fim de semana tem Festival de Inverno de Campos do Jord\u00e3o, festa junina e Gamescom - Regi\u00e3o News<\/title>\n<meta name=\"robots\" content=\"index, follow, max-snippet:-1, max-image-preview:large, max-video-preview:-1\" \/>\n<link rel=\"canonical\" href=\"https:\/\/regiaonews.net.br\/2022\/2024\/06\/28\/fim-de-semana-tem-festival-de-inverno-de-campos-do-jordao-festa-junina-e-gamescom\/\" \/>\n<meta property=\"og:locale\" content=\"pt_BR\" \/>\n<meta property=\"og:type\" content=\"article\" \/>\n<meta property=\"og:title\" content=\"Fim de semana tem Festival de Inverno de Campos do Jord\u00e3o, festa junina e Gamescom - Regi\u00e3o News\" \/>\n<meta property=\"og:description\" content=\"Programa\u00e7\u00e3o em S\u00e3o Paulo tamb\u00e9m inclui &#8216;Festival Viva!Jap\u00e3o&#8217; no Museu\" \/>\n<meta property=\"og:url\" content=\"https:\/\/regiaonews.net.br\/2022\/2024\/06\/28\/fim-de-semana-tem-festival-de-inverno-de-campos-do-jordao-festa-junina-e-gamescom\/\" \/>\n<meta property=\"og:site_name\" content=\"Regi\u00e3o News\" \/>\n<meta property=\"article:published_time\" content=\"2024-06-28T19:15:07+00:00\" \/>\n<meta property=\"og:image\" content=\"https:\/\/regiaonews.net.br\/2022\/wp-content\/uploads\/2024\/06\/53016216284_7f37da804a_c-768x512-1.jpg\" \/>\n\t<meta property=\"og:image:width\" content=\"768\" \/>\n\t<meta property=\"og:image:height\" content=\"512\" \/>\n\t<meta property=\"og:image:type\" content=\"image\/jpeg\" \/>\n<meta name=\"author\" content=\"Roberto\" \/>\n<meta name=\"twitter:card\" content=\"summary_large_image\" \/>\n<meta name=\"twitter:label1\" content=\"Escrito por\" \/>\n\t<meta name=\"twitter:data1\" content=\"Roberto\" \/>\n\t<meta name=\"twitter:label2\" content=\"Est. tempo de leitura\" \/>\n\t<meta name=\"twitter:data2\" content=\"2 minutos\" \/>\n<script type=\"application\/ld+json\" class=\"yoast-schema-graph\">{\"@context\":\"https:\\\/\\\/schema.org\",\"@graph\":[{\"@type\":\"Article\",\"@id\":\"https:\\\/\\\/regiaonews.net.br\\\/2022\\\/2024\\\/06\\\/28\\\/fim-de-semana-tem-festival-de-inverno-de-campos-do-jordao-festa-junina-e-gamescom\\\/#article\",\"isPartOf\":{\"@id\":\"https:\\\/\\\/regiaonews.net.br\\\/2022\\\/2024\\\/06\\\/28\\\/fim-de-semana-tem-festival-de-inverno-de-campos-do-jordao-festa-junina-e-gamescom\\\/\"},\"author\":{\"name\":\"Roberto\",\"@id\":\"https:\\\/\\\/regiaonews.net.br\\\/2022\\\/#\\\/schema\\\/person\\\/2d205a608a5aa97ac279d7a5e6d89ad8\"},\"headline\":\"Fim de semana tem Festival de Inverno de Campos do Jord\u00e3o, festa junina e Gamescom\",\"datePublished\":\"2024-06-28T19:15:07+00:00\",\"mainEntityOfPage\":{\"@id\":\"https:\\\/\\\/regiaonews.net.br\\\/2022\\\/2024\\\/06\\\/28\\\/fim-de-semana-tem-festival-de-inverno-de-campos-do-jordao-festa-junina-e-gamescom\\\/\"},\"wordCount\":363,\"commentCount\":0,\"publisher\":{\"@id\":\"https:\\\/\\\/regiaonews.net.br\\\/2022\\\/#organization\"},\"image\":{\"@id\":\"https:\\\/\\\/regiaonews.net.br\\\/2022\\\/2024\\\/06\\\/28\\\/fim-de-semana-tem-festival-de-inverno-de-campos-do-jordao-festa-junina-e-gamescom\\\/#primaryimage\"},\"thumbnailUrl\":\"https:\\\/\\\/regiaonews.net.br\\\/2022\\\/wp-content\\\/uploads\\\/2024\\\/06\\\/53016216284_7f37da804a_c-768x512-1.jpg\",\"articleSection\":[\"Brasil\",\"Geral\"],\"inLanguage\":\"pt-BR\",\"potentialAction\":[{\"@type\":\"CommentAction\",\"name\":\"Comment\",\"target\":[\"https:\\\/\\\/regiaonews.net.br\\\/2022\\\/2024\\\/06\\\/28\\\/fim-de-semana-tem-festival-de-inverno-de-campos-do-jordao-festa-junina-e-gamescom\\\/#respond\"]}]},{\"@type\":\"WebPage\",\"@id\":\"https:\\\/\\\/regiaonews.net.br\\\/2022\\\/2024\\\/06\\\/28\\\/fim-de-semana-tem-festival-de-inverno-de-campos-do-jordao-festa-junina-e-gamescom\\\/\",\"url\":\"https:\\\/\\\/regiaonews.net.br\\\/2022\\\/2024\\\/06\\\/28\\\/fim-de-semana-tem-festival-de-inverno-de-campos-do-jordao-festa-junina-e-gamescom\\\/\",\"name\":\"Fim de semana tem Festival de Inverno de Campos do Jord\u00e3o, festa junina e Gamescom - Regi\u00e3o News\",\"isPartOf\":{\"@id\":\"https:\\\/\\\/regiaonews.net.br\\\/2022\\\/#website\"},\"primaryImageOfPage\":{\"@id\":\"https:\\\/\\\/regiaonews.net.br\\\/2022\\\/2024\\\/06\\\/28\\\/fim-de-semana-tem-festival-de-inverno-de-campos-do-jordao-festa-junina-e-gamescom\\\/#primaryimage\"},\"image\":{\"@id\":\"https:\\\/\\\/regiaonews.net.br\\\/2022\\\/2024\\\/06\\\/28\\\/fim-de-semana-tem-festival-de-inverno-de-campos-do-jordao-festa-junina-e-gamescom\\\/#primaryimage\"},\"thumbnailUrl\":\"https:\\\/\\\/regiaonews.net.br\\\/2022\\\/wp-content\\\/uploads\\\/2024\\\/06\\\/53016216284_7f37da804a_c-768x512-1.jpg\",\"datePublished\":\"2024-06-28T19:15:07+00:00\",\"breadcrumb\":{\"@id\":\"https:\\\/\\\/regiaonews.net.br\\\/2022\\\/2024\\\/06\\\/28\\\/fim-de-semana-tem-festival-de-inverno-de-campos-do-jordao-festa-junina-e-gamescom\\\/#breadcrumb\"},\"inLanguage\":\"pt-BR\",\"potentialAction\":[{\"@type\":\"ReadAction\",\"target\":[\"https:\\\/\\\/regiaonews.net.br\\\/2022\\\/2024\\\/06\\\/28\\\/fim-de-semana-tem-festival-de-inverno-de-campos-do-jordao-festa-junina-e-gamescom\\\/\"]}]},{\"@type\":\"ImageObject\",\"inLanguage\":\"pt-BR\",\"@id\":\"https:\\\/\\\/regiaonews.net.br\\\/2022\\\/2024\\\/06\\\/28\\\/fim-de-semana-tem-festival-de-inverno-de-campos-do-jordao-festa-junina-e-gamescom\\\/#primaryimage\",\"url\":\"https:\\\/\\\/regiaonews.net.br\\\/2022\\\/wp-content\\\/uploads\\\/2024\\\/06\\\/53016216284_7f37da804a_c-768x512-1.jpg\",\"contentUrl\":\"https:\\\/\\\/regiaonews.net.br\\\/2022\\\/wp-content\\\/uploads\\\/2024\\\/06\\\/53016216284_7f37da804a_c-768x512-1.jpg\",\"width\":768,\"height\":512},{\"@type\":\"BreadcrumbList\",\"@id\":\"https:\\\/\\\/regiaonews.net.br\\\/2022\\\/2024\\\/06\\\/28\\\/fim-de-semana-tem-festival-de-inverno-de-campos-do-jordao-festa-junina-e-gamescom\\\/#breadcrumb\",\"itemListElement\":[{\"@type\":\"ListItem\",\"position\":1,\"name\":\"In\u00edcio\",\"item\":\"https:\\\/\\\/regiaonews.net.br\\\/2022\\\/\"},{\"@type\":\"ListItem\",\"position\":2,\"name\":\"Fim de semana tem Festival de Inverno de Campos do Jord\u00e3o, festa junina e Gamescom\"}]},{\"@type\":\"WebSite\",\"@id\":\"https:\\\/\\\/regiaonews.net.br\\\/2022\\\/#website\",\"url\":\"https:\\\/\\\/regiaonews.net.br\\\/2022\\\/\",\"name\":\"Regi\u00e3o News\",\"description\":\"Site de Not\u00edcias de Barretos e regi\u00e3o\",\"publisher\":{\"@id\":\"https:\\\/\\\/regiaonews.net.br\\\/2022\\\/#organization\"},\"potentialAction\":[{\"@type\":\"SearchAction\",\"target\":{\"@type\":\"EntryPoint\",\"urlTemplate\":\"https:\\\/\\\/regiaonews.net.br\\\/2022\\\/?s={search_term_string}\"},\"query-input\":{\"@type\":\"PropertyValueSpecification\",\"valueRequired\":true,\"valueName\":\"search_term_string\"}}],\"inLanguage\":\"pt-BR\"},{\"@type\":\"Organization\",\"@id\":\"https:\\\/\\\/regiaonews.net.br\\\/2022\\\/#organization\",\"name\":\"Regi\u00e3o News\",\"url\":\"https:\\\/\\\/regiaonews.net.br\\\/2022\\\/\",\"logo\":{\"@type\":\"ImageObject\",\"inLanguage\":\"pt-BR\",\"@id\":\"https:\\\/\\\/regiaonews.net.br\\\/2022\\\/#\\\/schema\\\/logo\\\/image\\\/\",\"url\":\"https:\\\/\\\/regiaonews.net.br\\\/2022\\\/wp-content\\\/uploads\\\/2026\\\/03\\\/regiao-13-anos-scaled.jpg\",\"contentUrl\":\"https:\\\/\\\/regiaonews.net.br\\\/2022\\\/wp-content\\\/uploads\\\/2026\\\/03\\\/regiao-13-anos-scaled.jpg\",\"width\":2560,\"height\":635,\"caption\":\"Regi\u00e3o News\"},\"image\":{\"@id\":\"https:\\\/\\\/regiaonews.net.br\\\/2022\\\/#\\\/schema\\\/logo\\\/image\\\/\"}},{\"@type\":\"Person\",\"@id\":\"https:\\\/\\\/regiaonews.net.br\\\/2022\\\/#\\\/schema\\\/person\\\/2d205a608a5aa97ac279d7a5e6d89ad8\",\"name\":\"Roberto\",\"image\":{\"@type\":\"ImageObject\",\"inLanguage\":\"pt-BR\",\"@id\":\"https:\\\/\\\/secure.gravatar.com\\\/avatar\\\/42749d8b712ff9d59ca93dc150494e5b55a44134482993f5baeb97e61b7ecc89?s=96&d=mm&r=g\",\"url\":\"https:\\\/\\\/secure.gravatar.com\\\/avatar\\\/42749d8b712ff9d59ca93dc150494e5b55a44134482993f5baeb97e61b7ecc89?s=96&d=mm&r=g\",\"contentUrl\":\"https:\\\/\\\/secure.gravatar.com\\\/avatar\\\/42749d8b712ff9d59ca93dc150494e5b55a44134482993f5baeb97e61b7ecc89?s=96&d=mm&r=g\",\"caption\":\"Roberto\"},\"url\":\"https:\\\/\\\/regiaonews.net.br\\\/2022\\\/author\\\/roberto\\\/\"}]}<\/script>\n<!-- \/ Yoast SEO plugin. -->","yoast_head_json":{"title":"Fim de semana tem Festival de Inverno de Campos do Jord\u00e3o, festa junina e Gamescom - Regi\u00e3o News","robots":{"index":"index","follow":"follow","max-snippet":"max-snippet:-1","max-image-preview":"max-image-preview:large","max-video-preview":"max-video-preview:-1"},"canonical":"https:\/\/regiaonews.net.br\/2022\/2024\/06\/28\/fim-de-semana-tem-festival-de-inverno-de-campos-do-jordao-festa-junina-e-gamescom\/","og_locale":"pt_BR","og_type":"article","og_title":"Fim de semana tem Festival de Inverno de Campos do Jord\u00e3o, festa junina e Gamescom - Regi\u00e3o News","og_description":"Programa\u00e7\u00e3o em S\u00e3o Paulo tamb\u00e9m inclui &#8216;Festival Viva!Jap\u00e3o&#8217; no Museu","og_url":"https:\/\/regiaonews.net.br\/2022\/2024\/06\/28\/fim-de-semana-tem-festival-de-inverno-de-campos-do-jordao-festa-junina-e-gamescom\/","og_site_name":"Regi\u00e3o News","article_published_time":"2024-06-28T19:15:07+00:00","og_image":[{"width":768,"height":512,"url":"https:\/\/regiaonews.net.br\/2022\/wp-content\/uploads\/2024\/06\/53016216284_7f37da804a_c-768x512-1.jpg","type":"image\/jpeg"}],"author":"Roberto","twitter_card":"summary_large_image","twitter_misc":{"Escrito por":"Roberto","Est. tempo de leitura":"2 minutos"},"schema":{"@context":"https:\/\/schema.org","@graph":[{"@type":"Article","@id":"https:\/\/regiaonews.net.br\/2022\/2024\/06\/28\/fim-de-semana-tem-festival-de-inverno-de-campos-do-jordao-festa-junina-e-gamescom\/#article","isPartOf":{"@id":"https:\/\/regiaonews.net.br\/2022\/2024\/06\/28\/fim-de-semana-tem-festival-de-inverno-de-campos-do-jordao-festa-junina-e-gamescom\/"},"author":{"name":"Roberto","@id":"https:\/\/regiaonews.net.br\/2022\/#\/schema\/person\/2d205a608a5aa97ac279d7a5e6d89ad8"},"headline":"Fim de semana tem Festival de Inverno de Campos do Jord\u00e3o, festa junina e Gamescom","datePublished":"2024-06-28T19:15:07+00:00","mainEntityOfPage":{"@id":"https:\/\/regiaonews.net.br\/2022\/2024\/06\/28\/fim-de-semana-tem-festival-de-inverno-de-campos-do-jordao-festa-junina-e-gamescom\/"},"wordCount":363,"commentCount":0,"publisher":{"@id":"https:\/\/regiaonews.net.br\/2022\/#organization"},"image":{"@id":"https:\/\/regiaonews.net.br\/2022\/2024\/06\/28\/fim-de-semana-tem-festival-de-inverno-de-campos-do-jordao-festa-junina-e-gamescom\/#primaryimage"},"thumbnailUrl":"https:\/\/regiaonews.net.br\/2022\/wp-content\/uploads\/2024\/06\/53016216284_7f37da804a_c-768x512-1.jpg","articleSection":["Brasil","Geral"],"inLanguage":"pt-BR","potentialAction":[{"@type":"CommentAction","name":"Comment","target":["https:\/\/regiaonews.net.br\/2022\/2024\/06\/28\/fim-de-semana-tem-festival-de-inverno-de-campos-do-jordao-festa-junina-e-gamescom\/#respond"]}]},{"@type":"WebPage","@id":"https:\/\/regiaonews.net.br\/2022\/2024\/06\/28\/fim-de-semana-tem-festival-de-inverno-de-campos-do-jordao-festa-junina-e-gamescom\/","url":"https:\/\/regiaonews.net.br\/2022\/2024\/06\/28\/fim-de-semana-tem-festival-de-inverno-de-campos-do-jordao-festa-junina-e-gamescom\/","name":"Fim de semana tem Festival de Inverno de Campos do Jord\u00e3o, festa junina e Gamescom - Regi\u00e3o News","isPartOf":{"@id":"https:\/\/regiaonews.net.br\/2022\/#website"},"primaryImageOfPage":{"@id":"https:\/\/regiaonews.net.br\/2022\/2024\/06\/28\/fim-de-semana-tem-festival-de-inverno-de-campos-do-jordao-festa-junina-e-gamescom\/#primaryimage"},"image":{"@id":"https:\/\/regiaonews.net.br\/2022\/2024\/06\/28\/fim-de-semana-tem-festival-de-inverno-de-campos-do-jordao-festa-junina-e-gamescom\/#primaryimage"},"thumbnailUrl":"https:\/\/regiaonews.net.br\/2022\/wp-content\/uploads\/2024\/06\/53016216284_7f37da804a_c-768x512-1.jpg","datePublished":"2024-06-28T19:15:07+00:00","breadcrumb":{"@id":"https:\/\/regiaonews.net.br\/2022\/2024\/06\/28\/fim-de-semana-tem-festival-de-inverno-de-campos-do-jordao-festa-junina-e-gamescom\/#breadcrumb"},"inLanguage":"pt-BR","potentialAction":[{"@type":"ReadAction","target":["https:\/\/regiaonews.net.br\/2022\/2024\/06\/28\/fim-de-semana-tem-festival-de-inverno-de-campos-do-jordao-festa-junina-e-gamescom\/"]}]},{"@type":"ImageObject","inLanguage":"pt-BR","@id":"https:\/\/regiaonews.net.br\/2022\/2024\/06\/28\/fim-de-semana-tem-festival-de-inverno-de-campos-do-jordao-festa-junina-e-gamescom\/#primaryimage","url":"https:\/\/regiaonews.net.br\/2022\/wp-content\/uploads\/2024\/06\/53016216284_7f37da804a_c-768x512-1.jpg","contentUrl":"https:\/\/regiaonews.net.br\/2022\/wp-content\/uploads\/2024\/06\/53016216284_7f37da804a_c-768x512-1.jpg","width":768,"height":512},{"@type":"BreadcrumbList","@id":"https:\/\/regiaonews.net.br\/2022\/2024\/06\/28\/fim-de-semana-tem-festival-de-inverno-de-campos-do-jordao-festa-junina-e-gamescom\/#breadcrumb","itemListElement":[{"@type":"ListItem","position":1,"name":"In\u00edcio","item":"https:\/\/regiaonews.net.br\/2022\/"},{"@type":"ListItem","position":2,"name":"Fim de semana tem Festival de Inverno de Campos do Jord\u00e3o, festa junina e Gamescom"}]},{"@type":"WebSite","@id":"https:\/\/regiaonews.net.br\/2022\/#website","url":"https:\/\/regiaonews.net.br\/2022\/","name":"Regi\u00e3o News","description":"Site de Not\u00edcias de Barretos e regi\u00e3o","publisher":{"@id":"https:\/\/regiaonews.net.br\/2022\/#organization"},"potentialAction":[{"@type":"SearchAction","target":{"@type":"EntryPoint","urlTemplate":"https:\/\/regiaonews.net.br\/2022\/?s={search_term_string}"},"query-input":{"@type":"PropertyValueSpecification","valueRequired":true,"valueName":"search_term_string"}}],"inLanguage":"pt-BR"},{"@type":"Organization","@id":"https:\/\/regiaonews.net.br\/2022\/#organization","name":"Regi\u00e3o News","url":"https:\/\/regiaonews.net.br\/2022\/","logo":{"@type":"ImageObject","inLanguage":"pt-BR","@id":"https:\/\/regiaonews.net.br\/2022\/#\/schema\/logo\/image\/","url":"https:\/\/regiaonews.net.br\/2022\/wp-content\/uploads\/2026\/03\/regiao-13-anos-scaled.jpg","contentUrl":"https:\/\/regiaonews.net.br\/2022\/wp-content\/uploads\/2026\/03\/regiao-13-anos-scaled.jpg","width":2560,"height":635,"caption":"Regi\u00e3o News"},"image":{"@id":"https:\/\/regiaonews.net.br\/2022\/#\/schema\/logo\/image\/"}},{"@type":"Person","@id":"https:\/\/regiaonews.net.br\/2022\/#\/schema\/person\/2d205a608a5aa97ac279d7a5e6d89ad8","name":"Roberto","image":{"@type":"ImageObject","inLanguage":"pt-BR","@id":"https:\/\/secure.gravatar.com\/avatar\/42749d8b712ff9d59ca93dc150494e5b55a44134482993f5baeb97e61b7ecc89?s=96&d=mm&r=g","url":"https:\/\/secure.gravatar.com\/avatar\/42749d8b712ff9d59ca93dc150494e5b55a44134482993f5baeb97e61b7ecc89?s=96&d=mm&r=g","contentUrl":"https:\/\/secure.gravatar.com\/avatar\/42749d8b712ff9d59ca93dc150494e5b55a44134482993f5baeb97e61b7ecc89?s=96&d=mm&r=g","caption":"Roberto"},"url":"https:\/\/regiaonews.net.br\/2022\/author\/roberto\/"}]}},"publishpress_future_action":{"enabled":false,"date":"2026-05-03 04:35:01","action":"change-status","newStatus":"draft","terms":[],"taxonomy":"category","extraData":[]},"publishpress_future_workflow_manual_trigger":{"enabledWorkflows":[]},"_links":{"self":[{"href":"https:\/\/regiaonews.net.br\/2022\/wp-json\/wp\/v2\/posts\/106968","targetHints":{"allow":["GET"]}}],"collection":[{"href":"https:\/\/regiaonews.net.br\/2022\/wp-json\/wp\/v2\/posts"}],"about":[{"href":"https:\/\/regiaonews.net.br\/2022\/wp-json\/wp\/v2\/types\/post"}],"author":[{"embeddable":true,"href":"https:\/\/regiaonews.net.br\/2022\/wp-json\/wp\/v2\/users\/2"}],"replies":[{"embeddable":true,"href":"https:\/\/regiaonews.net.br\/2022\/wp-json\/wp\/v2\/comments?post=106968"}],"version-history":[{"count":1,"href":"https:\/\/regiaonews.net.br\/2022\/wp-json\/wp\/v2\/posts\/106968\/revisions"}],"predecessor-version":[{"id":106970,"href":"https:\/\/regiaonews.net.br\/2022\/wp-json\/wp\/v2\/posts\/106968\/revisions\/106970"}],"wp:featuredmedia":[{"embeddable":true,"href":"https:\/\/regiaonews.net.br\/2022\/wp-json\/wp\/v2\/media\/106969"}],"wp:attachment":[{"href":"https:\/\/regiaonews.net.br\/2022\/wp-json\/wp\/v2\/media?parent=106968"}],"wp:term":[{"taxonomy":"category","embeddable":true,"href":"https:\/\/regiaonews.net.br\/2022\/wp-json\/wp\/v2\/categories?post=106968"},{"taxonomy":"post_tag","embeddable":true,"href":"https:\/\/regiaonews.net.br\/2022\/wp-json\/wp\/v2\/tags?post=106968"}],"curies":[{"name":"wp","href":"https:\/\/api.w.org\/{rel}","templated":true}]}}