{"id":106962,"date":"2024-06-28T16:12:52","date_gmt":"2024-06-28T19:12:52","guid":{"rendered":"https:\/\/regiaonews.net.br\/2022\/?p=106962"},"modified":"2024-06-28T16:12:52","modified_gmt":"2024-06-28T19:12:52","slug":"sp-abre-inscricoes-para-capacitar-produtores-rurais-micro-pequenas-e-medias-empresas","status":"publish","type":"post","link":"https:\/\/regiaonews.net.br\/2022\/2024\/06\/28\/sp-abre-inscricoes-para-capacitar-produtores-rurais-micro-pequenas-e-medias-empresas\/","title":{"rendered":"SP abre inscri\u00e7\u00f5es para capacitar produtores rurais, micro, pequenas e m\u00e9dias empresas"},"content":{"rendered":"<h3 class=\"excerpt\" style=\"text-align: center;\">Programa Exporta SP \u00e9 gratuito e, com nova turma, vai superar a marca de 1,2 mil empreendedores capacitados<\/h3>\n<p>O Governo de S\u00e3o Paulo vai capacitar gratuitamente 150 micro, pequenas e m\u00e9dias empresas, al\u00e9m de startups e produtores rurais interessados em exportar produtos e servi\u00e7os. Fruto de parceria entre a Secretaria de Desenvolvimento Econ\u00f4mico (SDE) e a InvestSP, ag\u00eancia de promo\u00e7\u00e3o de investimentos do Estado, o Programa Paulista de Capacita\u00e7\u00e3o para Exporta\u00e7\u00e3o (Exporta SP) est\u00e1 com inscri\u00e7\u00f5es abertas at\u00e9 12 de julho para a turma do 2\u00ba semestre de 2024. Empreendedores de qualquer regi\u00e3o do estado e de qualquer setor podem se cadastrar pelo\u00a0<a class=\"fui-Link ___1rxvrpe f2hkw1w f3rmtva f1ewtqcl fyind8e f1k6fduh f1w7gpdv fk6fouc fjoy568 figsok6 f1hu3pq6 f11qmguv f19f4twv f1tyq0we f1g0x7ka fhxju0i f1qch9an f1cnd47f fqv5qza f1vmzxwi f1o700av f13mvf36 f1cmlufx f9n3di6 f1ids18y f1tx3yz7 f1deo86v f1eh06m1 f1iescvh fhgqx19 f1olyrje f1p93eir f1nev41a f1h8hb77 f1lqvz6u f10aw75t fsle3fq f17ae5zn\" title=\"https:\/\/www.investe.sp.gov.br\/exporte\/exportasp\/\" href=\"https:\/\/www.investe.sp.gov.br\/exporte\/exportasp\/\" target=\"_blank\" rel=\"noreferrer noopener\">site da InvestSP<\/a>.<\/p>\n<p>Com a nova turma, o Exporta SP vai superar a marca de 1,2 mil empresas capacitadas desde a cria\u00e7\u00e3o do programa. Em m\u00e9dia uma de cada cinco consegue exportar antes mesmo do fim do treinamento, que \u00e9 100% online e conta com 20 encontros realizados ao longo de quatro meses. Depois, os empreendedores ainda s\u00e3o acompanhados por especialistas por at\u00e9 dois anos. Entre os objetivos est\u00e1 aumentar a competitividade, o faturamento e a seguran\u00e7a das pequenas empresas, que, ao acessarem o mercado internacional, passam a desenvolver novas habilidades e podem ter v\u00e1rias fontes de receita.<\/p>\n<p>Al\u00e9m das 20 aulas coletivas com representantes da InvestSP e da Funda\u00e7\u00e3o Instituto de Administra\u00e7\u00e3o (FIA), o Exporta SP conta com mentorias individuais, momentos nos quais o pequeno empres\u00e1rio pode debater as necessidades e as caracter\u00edsticas espec\u00edficas de cada neg\u00f3cio com um especialista. A capacita\u00e7\u00e3o aborda os temas que mais desafiam os empreendedores no processo de internacionaliza\u00e7\u00e3o de seus produtos e servi\u00e7os, como: defini\u00e7\u00e3o de pre\u00e7os, intelig\u00eancia comercial, marketing, contratos internacionais, log\u00edstica e vendas.<\/p>\n<p>Praticamente metade das empresas brasileiras que exportam \u2013 cerca de 11 mil \u2013 ficam no estado de S\u00e3o Paulo, apontam dados da Secretaria de Com\u00e9rcio Exterior (Secex), do Governo Federal. E a estimativa da InvestSP \u00e9 que tr\u00eas de cada quatro s\u00e3o de micro, pequeno e m\u00e9dio porte. \u201cAo investir na capacita\u00e7\u00e3o empreendedora, queremos incentivar os pequenos neg\u00f3cios a buscar novos mercados e mover a alavanca do desenvolvimento que gera renda e emprego, forte diretriz do governador Tarc\u00edsio de Freitas\u201d, afirma o secret\u00e1rio de Desenvolvimento Econ\u00f4mico do Estado, Jorge Lima.<\/p>\n<p>J\u00e1 o presidente da InvestSP, Rui Gomes, destaca que: \u201cos pequenos neg\u00f3cios s\u00e3o respons\u00e1veis por oito de cada 10 empregos gerados no Brasil, al\u00e9m de representar quase metade das empresas exportadoras. Capacitar, abrir novos mercados e apoiar esses empreendedores est\u00e1 diretamente ligado \u00e0 miss\u00e3o da InvestSP de gerar desenvolvimento, emprego e renda em S\u00e3o Paulo\u201d.<\/p>\n<p>A maior parte dos participantes atua nos setores de alimentos e bebidas, m\u00e1quinas e equipamentos e vestu\u00e1rio. A sele\u00e7\u00e3o \u00e9 feita com base em uma an\u00e1lise da equipe t\u00e9cnica da InvestSP, que leva em conta o n\u00edvel de maturidade de cada empresa para acessar o mercado internacional. Para mais informa\u00e7\u00f5es, visite o\u00a0<a href=\"https:\/\/www.investe.sp.gov.br\/exporte\/exportasp\" target=\"_blank\" rel=\"noopener noreferrer\">site da ag\u00eancia<\/a>\u00a0ou entre em contato com a equipe de Promo\u00e7\u00e3o de Exporta\u00e7\u00f5es da InvestSP pelo e-mail:<a class=\"fui-Link ___1rxvrpe f2hkw1w f3rmtva f1ewtqcl fyind8e f1k6fduh f1w7gpdv fk6fouc fjoy568 figsok6 f1hu3pq6 f11qmguv f19f4twv f1tyq0we f1g0x7ka fhxju0i f1qch9an f1cnd47f fqv5qza f1vmzxwi f1o700av f13mvf36 f1cmlufx f9n3di6 f1ids18y f1tx3yz7 f1deo86v f1eh06m1 f1iescvh fhgqx19 f1olyrje f1p93eir f1nev41a f1h8hb77 f1lqvz6u f10aw75t fsle3fq f17ae5zn\" title=\"mailto:spexport@investsp.org.br\" href=\"mailto:spexport@investsp.org.br\" target=\"_blank\" rel=\"noreferrer noopener\">spexport@investsp.org.br<\/a><\/p>\n","protected":false},"excerpt":{"rendered":"<p>Programa Exporta SP \u00e9 gratuito e, com nova turma, vai<\/p>\n","protected":false},"author":2,"featured_media":106963,"comment_status":"open","ping_status":"open","sticky":false,"template":"","format":"standard","meta":{"footnotes":""},"categories":[7,3],"tags":[],"class_list":["post-106962","post","type-post","status-publish","format-standard","has-post-thumbnail","hentry","category-estado-de-sao-paulo","category-geral"],"yoast_head":"<!-- This site is optimized with the Yoast SEO plugin v27.4 - https:\/\/yoast.com\/product\/yoast-seo-wordpress\/ -->\n<title>SP abre inscri\u00e7\u00f5es para capacitar produtores rurais, micro, pequenas e m\u00e9dias empresas - Regi\u00e3o News<\/title>\n<meta name=\"robots\" content=\"index, follow, max-snippet:-1, max-image-preview:large, max-video-preview:-1\" \/>\n<link rel=\"canonical\" href=\"https:\/\/regiaonews.net.br\/2022\/2024\/06\/28\/sp-abre-inscricoes-para-capacitar-produtores-rurais-micro-pequenas-e-medias-empresas\/\" \/>\n<meta property=\"og:locale\" content=\"pt_BR\" \/>\n<meta property=\"og:type\" content=\"article\" \/>\n<meta property=\"og:title\" content=\"SP abre inscri\u00e7\u00f5es para capacitar produtores rurais, micro, pequenas e m\u00e9dias empresas - Regi\u00e3o News\" \/>\n<meta property=\"og:description\" content=\"Programa Exporta SP \u00e9 gratuito e, com nova turma, vai\" \/>\n<meta property=\"og:url\" content=\"https:\/\/regiaonews.net.br\/2022\/2024\/06\/28\/sp-abre-inscricoes-para-capacitar-produtores-rurais-micro-pequenas-e-medias-empresas\/\" \/>\n<meta property=\"og:site_name\" content=\"Regi\u00e3o News\" \/>\n<meta property=\"article:published_time\" content=\"2024-06-28T19:12:52+00:00\" \/>\n<meta property=\"og:image\" content=\"https:\/\/regiaonews.net.br\/2022\/wp-content\/uploads\/2024\/06\/estudante-online-jovem-linda-de-oculos-e-sueter-laranja-estudando-no-computador-sorrindo-alegremente-scaled-1-768x512-1.jpg\" \/>\n\t<meta property=\"og:image:width\" content=\"768\" \/>\n\t<meta property=\"og:image:height\" content=\"512\" \/>\n\t<meta property=\"og:image:type\" content=\"image\/jpeg\" \/>\n<meta name=\"author\" content=\"Roberto\" \/>\n<meta name=\"twitter:card\" content=\"summary_large_image\" \/>\n<meta name=\"twitter:label1\" content=\"Escrito por\" \/>\n\t<meta name=\"twitter:data1\" content=\"Roberto\" \/>\n\t<meta name=\"twitter:label2\" content=\"Est. tempo de leitura\" \/>\n\t<meta name=\"twitter:data2\" content=\"3 minutos\" \/>\n<script type=\"application\/ld+json\" class=\"yoast-schema-graph\">{\"@context\":\"https:\\\/\\\/schema.org\",\"@graph\":[{\"@type\":\"Article\",\"@id\":\"https:\\\/\\\/regiaonews.net.br\\\/2022\\\/2024\\\/06\\\/28\\\/sp-abre-inscricoes-para-capacitar-produtores-rurais-micro-pequenas-e-medias-empresas\\\/#article\",\"isPartOf\":{\"@id\":\"https:\\\/\\\/regiaonews.net.br\\\/2022\\\/2024\\\/06\\\/28\\\/sp-abre-inscricoes-para-capacitar-produtores-rurais-micro-pequenas-e-medias-empresas\\\/\"},\"author\":{\"name\":\"Roberto\",\"@id\":\"https:\\\/\\\/regiaonews.net.br\\\/2022\\\/#\\\/schema\\\/person\\\/2d205a608a5aa97ac279d7a5e6d89ad8\"},\"headline\":\"SP abre inscri\u00e7\u00f5es para capacitar produtores rurais, micro, pequenas e m\u00e9dias empresas\",\"datePublished\":\"2024-06-28T19:12:52+00:00\",\"mainEntityOfPage\":{\"@id\":\"https:\\\/\\\/regiaonews.net.br\\\/2022\\\/2024\\\/06\\\/28\\\/sp-abre-inscricoes-para-capacitar-produtores-rurais-micro-pequenas-e-medias-empresas\\\/\"},\"wordCount\":546,\"commentCount\":0,\"publisher\":{\"@id\":\"https:\\\/\\\/regiaonews.net.br\\\/2022\\\/#organization\"},\"image\":{\"@id\":\"https:\\\/\\\/regiaonews.net.br\\\/2022\\\/2024\\\/06\\\/28\\\/sp-abre-inscricoes-para-capacitar-produtores-rurais-micro-pequenas-e-medias-empresas\\\/#primaryimage\"},\"thumbnailUrl\":\"https:\\\/\\\/regiaonews.net.br\\\/2022\\\/wp-content\\\/uploads\\\/2024\\\/06\\\/estudante-online-jovem-linda-de-oculos-e-sueter-laranja-estudando-no-computador-sorrindo-alegremente-scaled-1-768x512-1.jpg\",\"articleSection\":[\"Estado de S\u00e3o Paulo\",\"Geral\"],\"inLanguage\":\"pt-BR\",\"potentialAction\":[{\"@type\":\"CommentAction\",\"name\":\"Comment\",\"target\":[\"https:\\\/\\\/regiaonews.net.br\\\/2022\\\/2024\\\/06\\\/28\\\/sp-abre-inscricoes-para-capacitar-produtores-rurais-micro-pequenas-e-medias-empresas\\\/#respond\"]}]},{\"@type\":\"WebPage\",\"@id\":\"https:\\\/\\\/regiaonews.net.br\\\/2022\\\/2024\\\/06\\\/28\\\/sp-abre-inscricoes-para-capacitar-produtores-rurais-micro-pequenas-e-medias-empresas\\\/\",\"url\":\"https:\\\/\\\/regiaonews.net.br\\\/2022\\\/2024\\\/06\\\/28\\\/sp-abre-inscricoes-para-capacitar-produtores-rurais-micro-pequenas-e-medias-empresas\\\/\",\"name\":\"SP abre inscri\u00e7\u00f5es para capacitar produtores rurais, micro, pequenas e m\u00e9dias empresas - Regi\u00e3o News\",\"isPartOf\":{\"@id\":\"https:\\\/\\\/regiaonews.net.br\\\/2022\\\/#website\"},\"primaryImageOfPage\":{\"@id\":\"https:\\\/\\\/regiaonews.net.br\\\/2022\\\/2024\\\/06\\\/28\\\/sp-abre-inscricoes-para-capacitar-produtores-rurais-micro-pequenas-e-medias-empresas\\\/#primaryimage\"},\"image\":{\"@id\":\"https:\\\/\\\/regiaonews.net.br\\\/2022\\\/2024\\\/06\\\/28\\\/sp-abre-inscricoes-para-capacitar-produtores-rurais-micro-pequenas-e-medias-empresas\\\/#primaryimage\"},\"thumbnailUrl\":\"https:\\\/\\\/regiaonews.net.br\\\/2022\\\/wp-content\\\/uploads\\\/2024\\\/06\\\/estudante-online-jovem-linda-de-oculos-e-sueter-laranja-estudando-no-computador-sorrindo-alegremente-scaled-1-768x512-1.jpg\",\"datePublished\":\"2024-06-28T19:12:52+00:00\",\"breadcrumb\":{\"@id\":\"https:\\\/\\\/regiaonews.net.br\\\/2022\\\/2024\\\/06\\\/28\\\/sp-abre-inscricoes-para-capacitar-produtores-rurais-micro-pequenas-e-medias-empresas\\\/#breadcrumb\"},\"inLanguage\":\"pt-BR\",\"potentialAction\":[{\"@type\":\"ReadAction\",\"target\":[\"https:\\\/\\\/regiaonews.net.br\\\/2022\\\/2024\\\/06\\\/28\\\/sp-abre-inscricoes-para-capacitar-produtores-rurais-micro-pequenas-e-medias-empresas\\\/\"]}]},{\"@type\":\"ImageObject\",\"inLanguage\":\"pt-BR\",\"@id\":\"https:\\\/\\\/regiaonews.net.br\\\/2022\\\/2024\\\/06\\\/28\\\/sp-abre-inscricoes-para-capacitar-produtores-rurais-micro-pequenas-e-medias-empresas\\\/#primaryimage\",\"url\":\"https:\\\/\\\/regiaonews.net.br\\\/2022\\\/wp-content\\\/uploads\\\/2024\\\/06\\\/estudante-online-jovem-linda-de-oculos-e-sueter-laranja-estudando-no-computador-sorrindo-alegremente-scaled-1-768x512-1.jpg\",\"contentUrl\":\"https:\\\/\\\/regiaonews.net.br\\\/2022\\\/wp-content\\\/uploads\\\/2024\\\/06\\\/estudante-online-jovem-linda-de-oculos-e-sueter-laranja-estudando-no-computador-sorrindo-alegremente-scaled-1-768x512-1.jpg\",\"width\":768,\"height\":512},{\"@type\":\"BreadcrumbList\",\"@id\":\"https:\\\/\\\/regiaonews.net.br\\\/2022\\\/2024\\\/06\\\/28\\\/sp-abre-inscricoes-para-capacitar-produtores-rurais-micro-pequenas-e-medias-empresas\\\/#breadcrumb\",\"itemListElement\":[{\"@type\":\"ListItem\",\"position\":1,\"name\":\"In\u00edcio\",\"item\":\"https:\\\/\\\/regiaonews.net.br\\\/2022\\\/\"},{\"@type\":\"ListItem\",\"position\":2,\"name\":\"SP abre inscri\u00e7\u00f5es para capacitar produtores rurais, micro, pequenas e m\u00e9dias empresas\"}]},{\"@type\":\"WebSite\",\"@id\":\"https:\\\/\\\/regiaonews.net.br\\\/2022\\\/#website\",\"url\":\"https:\\\/\\\/regiaonews.net.br\\\/2022\\\/\",\"name\":\"Regi\u00e3o News\",\"description\":\"Site de Not\u00edcias de Barretos e regi\u00e3o\",\"publisher\":{\"@id\":\"https:\\\/\\\/regiaonews.net.br\\\/2022\\\/#organization\"},\"potentialAction\":[{\"@type\":\"SearchAction\",\"target\":{\"@type\":\"EntryPoint\",\"urlTemplate\":\"https:\\\/\\\/regiaonews.net.br\\\/2022\\\/?s={search_term_string}\"},\"query-input\":{\"@type\":\"PropertyValueSpecification\",\"valueRequired\":true,\"valueName\":\"search_term_string\"}}],\"inLanguage\":\"pt-BR\"},{\"@type\":\"Organization\",\"@id\":\"https:\\\/\\\/regiaonews.net.br\\\/2022\\\/#organization\",\"name\":\"Regi\u00e3o News\",\"url\":\"https:\\\/\\\/regiaonews.net.br\\\/2022\\\/\",\"logo\":{\"@type\":\"ImageObject\",\"inLanguage\":\"pt-BR\",\"@id\":\"https:\\\/\\\/regiaonews.net.br\\\/2022\\\/#\\\/schema\\\/logo\\\/image\\\/\",\"url\":\"https:\\\/\\\/regiaonews.net.br\\\/2022\\\/wp-content\\\/uploads\\\/2026\\\/03\\\/regiao-13-anos-scaled.jpg\",\"contentUrl\":\"https:\\\/\\\/regiaonews.net.br\\\/2022\\\/wp-content\\\/uploads\\\/2026\\\/03\\\/regiao-13-anos-scaled.jpg\",\"width\":2560,\"height\":635,\"caption\":\"Regi\u00e3o News\"},\"image\":{\"@id\":\"https:\\\/\\\/regiaonews.net.br\\\/2022\\\/#\\\/schema\\\/logo\\\/image\\\/\"}},{\"@type\":\"Person\",\"@id\":\"https:\\\/\\\/regiaonews.net.br\\\/2022\\\/#\\\/schema\\\/person\\\/2d205a608a5aa97ac279d7a5e6d89ad8\",\"name\":\"Roberto\",\"image\":{\"@type\":\"ImageObject\",\"inLanguage\":\"pt-BR\",\"@id\":\"https:\\\/\\\/secure.gravatar.com\\\/avatar\\\/42749d8b712ff9d59ca93dc150494e5b55a44134482993f5baeb97e61b7ecc89?s=96&d=mm&r=g\",\"url\":\"https:\\\/\\\/secure.gravatar.com\\\/avatar\\\/42749d8b712ff9d59ca93dc150494e5b55a44134482993f5baeb97e61b7ecc89?s=96&d=mm&r=g\",\"contentUrl\":\"https:\\\/\\\/secure.gravatar.com\\\/avatar\\\/42749d8b712ff9d59ca93dc150494e5b55a44134482993f5baeb97e61b7ecc89?s=96&d=mm&r=g\",\"caption\":\"Roberto\"},\"url\":\"https:\\\/\\\/regiaonews.net.br\\\/2022\\\/author\\\/roberto\\\/\"}]}<\/script>\n<!-- \/ Yoast SEO plugin. -->","yoast_head_json":{"title":"SP abre inscri\u00e7\u00f5es para capacitar produtores rurais, micro, pequenas e m\u00e9dias empresas - Regi\u00e3o News","robots":{"index":"index","follow":"follow","max-snippet":"max-snippet:-1","max-image-preview":"max-image-preview:large","max-video-preview":"max-video-preview:-1"},"canonical":"https:\/\/regiaonews.net.br\/2022\/2024\/06\/28\/sp-abre-inscricoes-para-capacitar-produtores-rurais-micro-pequenas-e-medias-empresas\/","og_locale":"pt_BR","og_type":"article","og_title":"SP abre inscri\u00e7\u00f5es para capacitar produtores rurais, micro, pequenas e m\u00e9dias empresas - Regi\u00e3o News","og_description":"Programa Exporta SP \u00e9 gratuito e, com nova turma, vai","og_url":"https:\/\/regiaonews.net.br\/2022\/2024\/06\/28\/sp-abre-inscricoes-para-capacitar-produtores-rurais-micro-pequenas-e-medias-empresas\/","og_site_name":"Regi\u00e3o News","article_published_time":"2024-06-28T19:12:52+00:00","og_image":[{"width":768,"height":512,"url":"https:\/\/regiaonews.net.br\/2022\/wp-content\/uploads\/2024\/06\/estudante-online-jovem-linda-de-oculos-e-sueter-laranja-estudando-no-computador-sorrindo-alegremente-scaled-1-768x512-1.jpg","type":"image\/jpeg"}],"author":"Roberto","twitter_card":"summary_large_image","twitter_misc":{"Escrito por":"Roberto","Est. tempo de leitura":"3 minutos"},"schema":{"@context":"https:\/\/schema.org","@graph":[{"@type":"Article","@id":"https:\/\/regiaonews.net.br\/2022\/2024\/06\/28\/sp-abre-inscricoes-para-capacitar-produtores-rurais-micro-pequenas-e-medias-empresas\/#article","isPartOf":{"@id":"https:\/\/regiaonews.net.br\/2022\/2024\/06\/28\/sp-abre-inscricoes-para-capacitar-produtores-rurais-micro-pequenas-e-medias-empresas\/"},"author":{"name":"Roberto","@id":"https:\/\/regiaonews.net.br\/2022\/#\/schema\/person\/2d205a608a5aa97ac279d7a5e6d89ad8"},"headline":"SP abre inscri\u00e7\u00f5es para capacitar produtores rurais, micro, pequenas e m\u00e9dias empresas","datePublished":"2024-06-28T19:12:52+00:00","mainEntityOfPage":{"@id":"https:\/\/regiaonews.net.br\/2022\/2024\/06\/28\/sp-abre-inscricoes-para-capacitar-produtores-rurais-micro-pequenas-e-medias-empresas\/"},"wordCount":546,"commentCount":0,"publisher":{"@id":"https:\/\/regiaonews.net.br\/2022\/#organization"},"image":{"@id":"https:\/\/regiaonews.net.br\/2022\/2024\/06\/28\/sp-abre-inscricoes-para-capacitar-produtores-rurais-micro-pequenas-e-medias-empresas\/#primaryimage"},"thumbnailUrl":"https:\/\/regiaonews.net.br\/2022\/wp-content\/uploads\/2024\/06\/estudante-online-jovem-linda-de-oculos-e-sueter-laranja-estudando-no-computador-sorrindo-alegremente-scaled-1-768x512-1.jpg","articleSection":["Estado de S\u00e3o Paulo","Geral"],"inLanguage":"pt-BR","potentialAction":[{"@type":"CommentAction","name":"Comment","target":["https:\/\/regiaonews.net.br\/2022\/2024\/06\/28\/sp-abre-inscricoes-para-capacitar-produtores-rurais-micro-pequenas-e-medias-empresas\/#respond"]}]},{"@type":"WebPage","@id":"https:\/\/regiaonews.net.br\/2022\/2024\/06\/28\/sp-abre-inscricoes-para-capacitar-produtores-rurais-micro-pequenas-e-medias-empresas\/","url":"https:\/\/regiaonews.net.br\/2022\/2024\/06\/28\/sp-abre-inscricoes-para-capacitar-produtores-rurais-micro-pequenas-e-medias-empresas\/","name":"SP abre inscri\u00e7\u00f5es para capacitar produtores rurais, micro, pequenas e m\u00e9dias empresas - Regi\u00e3o News","isPartOf":{"@id":"https:\/\/regiaonews.net.br\/2022\/#website"},"primaryImageOfPage":{"@id":"https:\/\/regiaonews.net.br\/2022\/2024\/06\/28\/sp-abre-inscricoes-para-capacitar-produtores-rurais-micro-pequenas-e-medias-empresas\/#primaryimage"},"image":{"@id":"https:\/\/regiaonews.net.br\/2022\/2024\/06\/28\/sp-abre-inscricoes-para-capacitar-produtores-rurais-micro-pequenas-e-medias-empresas\/#primaryimage"},"thumbnailUrl":"https:\/\/regiaonews.net.br\/2022\/wp-content\/uploads\/2024\/06\/estudante-online-jovem-linda-de-oculos-e-sueter-laranja-estudando-no-computador-sorrindo-alegremente-scaled-1-768x512-1.jpg","datePublished":"2024-06-28T19:12:52+00:00","breadcrumb":{"@id":"https:\/\/regiaonews.net.br\/2022\/2024\/06\/28\/sp-abre-inscricoes-para-capacitar-produtores-rurais-micro-pequenas-e-medias-empresas\/#breadcrumb"},"inLanguage":"pt-BR","potentialAction":[{"@type":"ReadAction","target":["https:\/\/regiaonews.net.br\/2022\/2024\/06\/28\/sp-abre-inscricoes-para-capacitar-produtores-rurais-micro-pequenas-e-medias-empresas\/"]}]},{"@type":"ImageObject","inLanguage":"pt-BR","@id":"https:\/\/regiaonews.net.br\/2022\/2024\/06\/28\/sp-abre-inscricoes-para-capacitar-produtores-rurais-micro-pequenas-e-medias-empresas\/#primaryimage","url":"https:\/\/regiaonews.net.br\/2022\/wp-content\/uploads\/2024\/06\/estudante-online-jovem-linda-de-oculos-e-sueter-laranja-estudando-no-computador-sorrindo-alegremente-scaled-1-768x512-1.jpg","contentUrl":"https:\/\/regiaonews.net.br\/2022\/wp-content\/uploads\/2024\/06\/estudante-online-jovem-linda-de-oculos-e-sueter-laranja-estudando-no-computador-sorrindo-alegremente-scaled-1-768x512-1.jpg","width":768,"height":512},{"@type":"BreadcrumbList","@id":"https:\/\/regiaonews.net.br\/2022\/2024\/06\/28\/sp-abre-inscricoes-para-capacitar-produtores-rurais-micro-pequenas-e-medias-empresas\/#breadcrumb","itemListElement":[{"@type":"ListItem","position":1,"name":"In\u00edcio","item":"https:\/\/regiaonews.net.br\/2022\/"},{"@type":"ListItem","position":2,"name":"SP abre inscri\u00e7\u00f5es para capacitar produtores rurais, micro, pequenas e m\u00e9dias empresas"}]},{"@type":"WebSite","@id":"https:\/\/regiaonews.net.br\/2022\/#website","url":"https:\/\/regiaonews.net.br\/2022\/","name":"Regi\u00e3o News","description":"Site de Not\u00edcias de Barretos e regi\u00e3o","publisher":{"@id":"https:\/\/regiaonews.net.br\/2022\/#organization"},"potentialAction":[{"@type":"SearchAction","target":{"@type":"EntryPoint","urlTemplate":"https:\/\/regiaonews.net.br\/2022\/?s={search_term_string}"},"query-input":{"@type":"PropertyValueSpecification","valueRequired":true,"valueName":"search_term_string"}}],"inLanguage":"pt-BR"},{"@type":"Organization","@id":"https:\/\/regiaonews.net.br\/2022\/#organization","name":"Regi\u00e3o News","url":"https:\/\/regiaonews.net.br\/2022\/","logo":{"@type":"ImageObject","inLanguage":"pt-BR","@id":"https:\/\/regiaonews.net.br\/2022\/#\/schema\/logo\/image\/","url":"https:\/\/regiaonews.net.br\/2022\/wp-content\/uploads\/2026\/03\/regiao-13-anos-scaled.jpg","contentUrl":"https:\/\/regiaonews.net.br\/2022\/wp-content\/uploads\/2026\/03\/regiao-13-anos-scaled.jpg","width":2560,"height":635,"caption":"Regi\u00e3o News"},"image":{"@id":"https:\/\/regiaonews.net.br\/2022\/#\/schema\/logo\/image\/"}},{"@type":"Person","@id":"https:\/\/regiaonews.net.br\/2022\/#\/schema\/person\/2d205a608a5aa97ac279d7a5e6d89ad8","name":"Roberto","image":{"@type":"ImageObject","inLanguage":"pt-BR","@id":"https:\/\/secure.gravatar.com\/avatar\/42749d8b712ff9d59ca93dc150494e5b55a44134482993f5baeb97e61b7ecc89?s=96&d=mm&r=g","url":"https:\/\/secure.gravatar.com\/avatar\/42749d8b712ff9d59ca93dc150494e5b55a44134482993f5baeb97e61b7ecc89?s=96&d=mm&r=g","contentUrl":"https:\/\/secure.gravatar.com\/avatar\/42749d8b712ff9d59ca93dc150494e5b55a44134482993f5baeb97e61b7ecc89?s=96&d=mm&r=g","caption":"Roberto"},"url":"https:\/\/regiaonews.net.br\/2022\/author\/roberto\/"}]}},"publishpress_future_action":{"enabled":false,"date":"2026-05-03 07:52:46","action":"change-status","newStatus":"draft","terms":[],"taxonomy":"category","extraData":[]},"publishpress_future_workflow_manual_trigger":{"enabledWorkflows":[]},"_links":{"self":[{"href":"https:\/\/regiaonews.net.br\/2022\/wp-json\/wp\/v2\/posts\/106962","targetHints":{"allow":["GET"]}}],"collection":[{"href":"https:\/\/regiaonews.net.br\/2022\/wp-json\/wp\/v2\/posts"}],"about":[{"href":"https:\/\/regiaonews.net.br\/2022\/wp-json\/wp\/v2\/types\/post"}],"author":[{"embeddable":true,"href":"https:\/\/regiaonews.net.br\/2022\/wp-json\/wp\/v2\/users\/2"}],"replies":[{"embeddable":true,"href":"https:\/\/regiaonews.net.br\/2022\/wp-json\/wp\/v2\/comments?post=106962"}],"version-history":[{"count":1,"href":"https:\/\/regiaonews.net.br\/2022\/wp-json\/wp\/v2\/posts\/106962\/revisions"}],"predecessor-version":[{"id":106964,"href":"https:\/\/regiaonews.net.br\/2022\/wp-json\/wp\/v2\/posts\/106962\/revisions\/106964"}],"wp:featuredmedia":[{"embeddable":true,"href":"https:\/\/regiaonews.net.br\/2022\/wp-json\/wp\/v2\/media\/106963"}],"wp:attachment":[{"href":"https:\/\/regiaonews.net.br\/2022\/wp-json\/wp\/v2\/media?parent=106962"}],"wp:term":[{"taxonomy":"category","embeddable":true,"href":"https:\/\/regiaonews.net.br\/2022\/wp-json\/wp\/v2\/categories?post=106962"},{"taxonomy":"post_tag","embeddable":true,"href":"https:\/\/regiaonews.net.br\/2022\/wp-json\/wp\/v2\/tags?post=106962"}],"curies":[{"name":"wp","href":"https:\/\/api.w.org\/{rel}","templated":true}]}}