{"id":106919,"date":"2024-06-27T11:07:09","date_gmt":"2024-06-27T14:07:09","guid":{"rendered":"https:\/\/regiaonews.net.br\/2022\/?p=106919"},"modified":"2024-06-27T11:07:09","modified_gmt":"2024-06-27T14:07:09","slug":"poliomielite-e-gripe-campanhas-de-vacinacao-terminam-nesta-semana","status":"publish","type":"post","link":"https:\/\/regiaonews.net.br\/2022\/2024\/06\/27\/poliomielite-e-gripe-campanhas-de-vacinacao-terminam-nesta-semana\/","title":{"rendered":"Poliomielite e gripe: Campanhas de vacina\u00e7\u00e3o terminam nesta semana"},"content":{"rendered":"<h3 style=\"text-align: center;\">At\u00e9 sexta-feira, 28, as UBSs do Mar\u00edlia e Barretos 2 aplicam vacinas em hor\u00e1rio estendido, das 8 \u00e0s 19h<\/h3>\n<p>Esta \u00e9 a \u00faltima semana das campanhas de vacina\u00e7\u00e3o contra a gripe e contra a poliomielite. At\u00e9 sexta-feira, 28, as vacinas est\u00e3o dispon\u00edveis em todas as Unidades B\u00e1sicas de Sa\u00fade (UBSs) de Barretos, das 8 \u00e0s 16h, e no Post\u00e3o (ARE I) das 8 \u00e0s 12h. Tamb\u00e9m termina nesta semana o hor\u00e1rio estendido de vacina\u00e7\u00e3o nas UBSs do Barretos 2 e Mar\u00edlia, que est\u00e3o vacinando at\u00e9 as 19h.<\/p>\n<p><strong>Quem deve se vacinar?<\/strong><\/p>\n<p>A campanha de vacina\u00e7\u00e3o contra a poliomielite \u00e9 voltada para as crian\u00e7as menores de 5 anos de idade. Todas devem ser levadas a uma unidade para que os profissionais conferirem a carteirinha e, se preciso, vacinar<\/p>\n<p>A vacina contra a gripe est\u00e1 liberada para toda a popula\u00e7\u00e3o a partir de 6 meses de idade. Mesmo quem j\u00e1 se vacinou em 2023 deve tomar novamente, pois ela protege contra as novas cepas do v\u00edrus. \u201cNo inverno, as pessoas ficam com os ambientes mais fechados e isso aumenta as chances de contamina\u00e7\u00e3o. Portanto, estamos refor\u00e7ando a orienta\u00e7\u00e3o \u00e0 popula\u00e7\u00e3o para se vacinar. Inclusive, quem faz parte do grupo priorit\u00e1rio e ainda n\u00e3o se vacinou tamb\u00e9m deve procurar uma unidade\u201d, destacou Manuela Theodoro Ribeiro, chefe da Vigil\u00e2ncia Epidemiol\u00f3gica do Munic\u00edpio.<\/p>\n<p>A vacina\u00e7\u00e3o em hor\u00e1rio estendido nas UBSs do Mar\u00edlia e do Barretos 2 inclui ainda as campanhas contra a dengue, para as crian\u00e7as de 10 a 14 anos, e contra a covid-19, para o p\u00fablico priorit\u00e1rio. As vacinas contra dengue, covid-19 e outras da rotina seguir\u00e3o dispon\u00edveis em todas as UBSs.<\/p>\n","protected":false},"excerpt":{"rendered":"<p>At\u00e9 sexta-feira, 28, as UBSs do Mar\u00edlia e Barretos 2<\/p>\n","protected":false},"author":2,"featured_media":106920,"comment_status":"open","ping_status":"open","sticky":false,"template":"","format":"standard","meta":{"footnotes":""},"categories":[14,3],"tags":[],"class_list":["post-106919","post","type-post","status-publish","format-standard","has-post-thumbnail","hentry","category-barretos","category-geral"],"yoast_head":"<!-- This site is optimized with the Yoast SEO plugin v27.4 - https:\/\/yoast.com\/product\/yoast-seo-wordpress\/ -->\n<title>Poliomielite e gripe: Campanhas de vacina\u00e7\u00e3o terminam nesta semana - Regi\u00e3o News<\/title>\n<meta name=\"robots\" content=\"index, follow, max-snippet:-1, max-image-preview:large, max-video-preview:-1\" \/>\n<link rel=\"canonical\" href=\"https:\/\/regiaonews.net.br\/2022\/2024\/06\/27\/poliomielite-e-gripe-campanhas-de-vacinacao-terminam-nesta-semana\/\" \/>\n<meta property=\"og:locale\" content=\"pt_BR\" \/>\n<meta property=\"og:type\" content=\"article\" \/>\n<meta property=\"og:title\" content=\"Poliomielite e gripe: Campanhas de vacina\u00e7\u00e3o terminam nesta semana - Regi\u00e3o News\" \/>\n<meta property=\"og:description\" content=\"At\u00e9 sexta-feira, 28, as UBSs do Mar\u00edlia e Barretos 2\" \/>\n<meta property=\"og:url\" content=\"https:\/\/regiaonews.net.br\/2022\/2024\/06\/27\/poliomielite-e-gripe-campanhas-de-vacinacao-terminam-nesta-semana\/\" \/>\n<meta property=\"og:site_name\" content=\"Regi\u00e3o News\" \/>\n<meta property=\"article:published_time\" content=\"2024-06-27T14:07:09+00:00\" \/>\n<meta property=\"og:image\" content=\"https:\/\/regiaonews.net.br\/2022\/wp-content\/uploads\/2024\/06\/Imagem-do-WhatsApp-de-2024-06-27-as-10.23.56_879e6d7e-1.jpg\" \/>\n\t<meta property=\"og:image:width\" content=\"720\" \/>\n\t<meta property=\"og:image:height\" content=\"1222\" \/>\n\t<meta property=\"og:image:type\" content=\"image\/jpeg\" \/>\n<meta name=\"author\" content=\"Roberto\" \/>\n<meta name=\"twitter:card\" content=\"summary_large_image\" \/>\n<meta name=\"twitter:label1\" content=\"Escrito por\" \/>\n\t<meta name=\"twitter:data1\" content=\"Roberto\" \/>\n\t<meta name=\"twitter:label2\" content=\"Est. tempo de leitura\" \/>\n\t<meta name=\"twitter:data2\" content=\"2 minutos\" \/>\n<script type=\"application\/ld+json\" class=\"yoast-schema-graph\">{\"@context\":\"https:\\\/\\\/schema.org\",\"@graph\":[{\"@type\":\"Article\",\"@id\":\"https:\\\/\\\/regiaonews.net.br\\\/2022\\\/2024\\\/06\\\/27\\\/poliomielite-e-gripe-campanhas-de-vacinacao-terminam-nesta-semana\\\/#article\",\"isPartOf\":{\"@id\":\"https:\\\/\\\/regiaonews.net.br\\\/2022\\\/2024\\\/06\\\/27\\\/poliomielite-e-gripe-campanhas-de-vacinacao-terminam-nesta-semana\\\/\"},\"author\":{\"name\":\"Roberto\",\"@id\":\"https:\\\/\\\/regiaonews.net.br\\\/2022\\\/#\\\/schema\\\/person\\\/2d205a608a5aa97ac279d7a5e6d89ad8\"},\"headline\":\"Poliomielite e gripe: Campanhas de vacina\u00e7\u00e3o terminam nesta semana\",\"datePublished\":\"2024-06-27T14:07:09+00:00\",\"mainEntityOfPage\":{\"@id\":\"https:\\\/\\\/regiaonews.net.br\\\/2022\\\/2024\\\/06\\\/27\\\/poliomielite-e-gripe-campanhas-de-vacinacao-terminam-nesta-semana\\\/\"},\"wordCount\":298,\"commentCount\":0,\"publisher\":{\"@id\":\"https:\\\/\\\/regiaonews.net.br\\\/2022\\\/#organization\"},\"image\":{\"@id\":\"https:\\\/\\\/regiaonews.net.br\\\/2022\\\/2024\\\/06\\\/27\\\/poliomielite-e-gripe-campanhas-de-vacinacao-terminam-nesta-semana\\\/#primaryimage\"},\"thumbnailUrl\":\"https:\\\/\\\/regiaonews.net.br\\\/2022\\\/wp-content\\\/uploads\\\/2024\\\/06\\\/Imagem-do-WhatsApp-de-2024-06-27-as-10.23.56_879e6d7e-1.jpg\",\"articleSection\":[\"Barretos\",\"Geral\"],\"inLanguage\":\"pt-BR\",\"potentialAction\":[{\"@type\":\"CommentAction\",\"name\":\"Comment\",\"target\":[\"https:\\\/\\\/regiaonews.net.br\\\/2022\\\/2024\\\/06\\\/27\\\/poliomielite-e-gripe-campanhas-de-vacinacao-terminam-nesta-semana\\\/#respond\"]}]},{\"@type\":\"WebPage\",\"@id\":\"https:\\\/\\\/regiaonews.net.br\\\/2022\\\/2024\\\/06\\\/27\\\/poliomielite-e-gripe-campanhas-de-vacinacao-terminam-nesta-semana\\\/\",\"url\":\"https:\\\/\\\/regiaonews.net.br\\\/2022\\\/2024\\\/06\\\/27\\\/poliomielite-e-gripe-campanhas-de-vacinacao-terminam-nesta-semana\\\/\",\"name\":\"Poliomielite e gripe: Campanhas de vacina\u00e7\u00e3o terminam nesta semana - Regi\u00e3o News\",\"isPartOf\":{\"@id\":\"https:\\\/\\\/regiaonews.net.br\\\/2022\\\/#website\"},\"primaryImageOfPage\":{\"@id\":\"https:\\\/\\\/regiaonews.net.br\\\/2022\\\/2024\\\/06\\\/27\\\/poliomielite-e-gripe-campanhas-de-vacinacao-terminam-nesta-semana\\\/#primaryimage\"},\"image\":{\"@id\":\"https:\\\/\\\/regiaonews.net.br\\\/2022\\\/2024\\\/06\\\/27\\\/poliomielite-e-gripe-campanhas-de-vacinacao-terminam-nesta-semana\\\/#primaryimage\"},\"thumbnailUrl\":\"https:\\\/\\\/regiaonews.net.br\\\/2022\\\/wp-content\\\/uploads\\\/2024\\\/06\\\/Imagem-do-WhatsApp-de-2024-06-27-as-10.23.56_879e6d7e-1.jpg\",\"datePublished\":\"2024-06-27T14:07:09+00:00\",\"breadcrumb\":{\"@id\":\"https:\\\/\\\/regiaonews.net.br\\\/2022\\\/2024\\\/06\\\/27\\\/poliomielite-e-gripe-campanhas-de-vacinacao-terminam-nesta-semana\\\/#breadcrumb\"},\"inLanguage\":\"pt-BR\",\"potentialAction\":[{\"@type\":\"ReadAction\",\"target\":[\"https:\\\/\\\/regiaonews.net.br\\\/2022\\\/2024\\\/06\\\/27\\\/poliomielite-e-gripe-campanhas-de-vacinacao-terminam-nesta-semana\\\/\"]}]},{\"@type\":\"ImageObject\",\"inLanguage\":\"pt-BR\",\"@id\":\"https:\\\/\\\/regiaonews.net.br\\\/2022\\\/2024\\\/06\\\/27\\\/poliomielite-e-gripe-campanhas-de-vacinacao-terminam-nesta-semana\\\/#primaryimage\",\"url\":\"https:\\\/\\\/regiaonews.net.br\\\/2022\\\/wp-content\\\/uploads\\\/2024\\\/06\\\/Imagem-do-WhatsApp-de-2024-06-27-as-10.23.56_879e6d7e-1.jpg\",\"contentUrl\":\"https:\\\/\\\/regiaonews.net.br\\\/2022\\\/wp-content\\\/uploads\\\/2024\\\/06\\\/Imagem-do-WhatsApp-de-2024-06-27-as-10.23.56_879e6d7e-1.jpg\",\"width\":720,\"height\":1222},{\"@type\":\"BreadcrumbList\",\"@id\":\"https:\\\/\\\/regiaonews.net.br\\\/2022\\\/2024\\\/06\\\/27\\\/poliomielite-e-gripe-campanhas-de-vacinacao-terminam-nesta-semana\\\/#breadcrumb\",\"itemListElement\":[{\"@type\":\"ListItem\",\"position\":1,\"name\":\"In\u00edcio\",\"item\":\"https:\\\/\\\/regiaonews.net.br\\\/2022\\\/\"},{\"@type\":\"ListItem\",\"position\":2,\"name\":\"Poliomielite e gripe: Campanhas de vacina\u00e7\u00e3o terminam nesta semana\"}]},{\"@type\":\"WebSite\",\"@id\":\"https:\\\/\\\/regiaonews.net.br\\\/2022\\\/#website\",\"url\":\"https:\\\/\\\/regiaonews.net.br\\\/2022\\\/\",\"name\":\"Regi\u00e3o News\",\"description\":\"Site de Not\u00edcias de Barretos e regi\u00e3o\",\"publisher\":{\"@id\":\"https:\\\/\\\/regiaonews.net.br\\\/2022\\\/#organization\"},\"potentialAction\":[{\"@type\":\"SearchAction\",\"target\":{\"@type\":\"EntryPoint\",\"urlTemplate\":\"https:\\\/\\\/regiaonews.net.br\\\/2022\\\/?s={search_term_string}\"},\"query-input\":{\"@type\":\"PropertyValueSpecification\",\"valueRequired\":true,\"valueName\":\"search_term_string\"}}],\"inLanguage\":\"pt-BR\"},{\"@type\":\"Organization\",\"@id\":\"https:\\\/\\\/regiaonews.net.br\\\/2022\\\/#organization\",\"name\":\"Regi\u00e3o News\",\"url\":\"https:\\\/\\\/regiaonews.net.br\\\/2022\\\/\",\"logo\":{\"@type\":\"ImageObject\",\"inLanguage\":\"pt-BR\",\"@id\":\"https:\\\/\\\/regiaonews.net.br\\\/2022\\\/#\\\/schema\\\/logo\\\/image\\\/\",\"url\":\"https:\\\/\\\/regiaonews.net.br\\\/2022\\\/wp-content\\\/uploads\\\/2026\\\/03\\\/regiao-13-anos-scaled.jpg\",\"contentUrl\":\"https:\\\/\\\/regiaonews.net.br\\\/2022\\\/wp-content\\\/uploads\\\/2026\\\/03\\\/regiao-13-anos-scaled.jpg\",\"width\":2560,\"height\":635,\"caption\":\"Regi\u00e3o News\"},\"image\":{\"@id\":\"https:\\\/\\\/regiaonews.net.br\\\/2022\\\/#\\\/schema\\\/logo\\\/image\\\/\"}},{\"@type\":\"Person\",\"@id\":\"https:\\\/\\\/regiaonews.net.br\\\/2022\\\/#\\\/schema\\\/person\\\/2d205a608a5aa97ac279d7a5e6d89ad8\",\"name\":\"Roberto\",\"image\":{\"@type\":\"ImageObject\",\"inLanguage\":\"pt-BR\",\"@id\":\"https:\\\/\\\/secure.gravatar.com\\\/avatar\\\/42749d8b712ff9d59ca93dc150494e5b55a44134482993f5baeb97e61b7ecc89?s=96&d=mm&r=g\",\"url\":\"https:\\\/\\\/secure.gravatar.com\\\/avatar\\\/42749d8b712ff9d59ca93dc150494e5b55a44134482993f5baeb97e61b7ecc89?s=96&d=mm&r=g\",\"contentUrl\":\"https:\\\/\\\/secure.gravatar.com\\\/avatar\\\/42749d8b712ff9d59ca93dc150494e5b55a44134482993f5baeb97e61b7ecc89?s=96&d=mm&r=g\",\"caption\":\"Roberto\"},\"url\":\"https:\\\/\\\/regiaonews.net.br\\\/2022\\\/author\\\/roberto\\\/\"}]}<\/script>\n<!-- \/ Yoast SEO plugin. -->","yoast_head_json":{"title":"Poliomielite e gripe: Campanhas de vacina\u00e7\u00e3o terminam nesta semana - Regi\u00e3o News","robots":{"index":"index","follow":"follow","max-snippet":"max-snippet:-1","max-image-preview":"max-image-preview:large","max-video-preview":"max-video-preview:-1"},"canonical":"https:\/\/regiaonews.net.br\/2022\/2024\/06\/27\/poliomielite-e-gripe-campanhas-de-vacinacao-terminam-nesta-semana\/","og_locale":"pt_BR","og_type":"article","og_title":"Poliomielite e gripe: Campanhas de vacina\u00e7\u00e3o terminam nesta semana - Regi\u00e3o News","og_description":"At\u00e9 sexta-feira, 28, as UBSs do Mar\u00edlia e Barretos 2","og_url":"https:\/\/regiaonews.net.br\/2022\/2024\/06\/27\/poliomielite-e-gripe-campanhas-de-vacinacao-terminam-nesta-semana\/","og_site_name":"Regi\u00e3o News","article_published_time":"2024-06-27T14:07:09+00:00","og_image":[{"width":720,"height":1222,"url":"https:\/\/regiaonews.net.br\/2022\/wp-content\/uploads\/2024\/06\/Imagem-do-WhatsApp-de-2024-06-27-as-10.23.56_879e6d7e-1.jpg","type":"image\/jpeg"}],"author":"Roberto","twitter_card":"summary_large_image","twitter_misc":{"Escrito por":"Roberto","Est. tempo de leitura":"2 minutos"},"schema":{"@context":"https:\/\/schema.org","@graph":[{"@type":"Article","@id":"https:\/\/regiaonews.net.br\/2022\/2024\/06\/27\/poliomielite-e-gripe-campanhas-de-vacinacao-terminam-nesta-semana\/#article","isPartOf":{"@id":"https:\/\/regiaonews.net.br\/2022\/2024\/06\/27\/poliomielite-e-gripe-campanhas-de-vacinacao-terminam-nesta-semana\/"},"author":{"name":"Roberto","@id":"https:\/\/regiaonews.net.br\/2022\/#\/schema\/person\/2d205a608a5aa97ac279d7a5e6d89ad8"},"headline":"Poliomielite e gripe: Campanhas de vacina\u00e7\u00e3o terminam nesta semana","datePublished":"2024-06-27T14:07:09+00:00","mainEntityOfPage":{"@id":"https:\/\/regiaonews.net.br\/2022\/2024\/06\/27\/poliomielite-e-gripe-campanhas-de-vacinacao-terminam-nesta-semana\/"},"wordCount":298,"commentCount":0,"publisher":{"@id":"https:\/\/regiaonews.net.br\/2022\/#organization"},"image":{"@id":"https:\/\/regiaonews.net.br\/2022\/2024\/06\/27\/poliomielite-e-gripe-campanhas-de-vacinacao-terminam-nesta-semana\/#primaryimage"},"thumbnailUrl":"https:\/\/regiaonews.net.br\/2022\/wp-content\/uploads\/2024\/06\/Imagem-do-WhatsApp-de-2024-06-27-as-10.23.56_879e6d7e-1.jpg","articleSection":["Barretos","Geral"],"inLanguage":"pt-BR","potentialAction":[{"@type":"CommentAction","name":"Comment","target":["https:\/\/regiaonews.net.br\/2022\/2024\/06\/27\/poliomielite-e-gripe-campanhas-de-vacinacao-terminam-nesta-semana\/#respond"]}]},{"@type":"WebPage","@id":"https:\/\/regiaonews.net.br\/2022\/2024\/06\/27\/poliomielite-e-gripe-campanhas-de-vacinacao-terminam-nesta-semana\/","url":"https:\/\/regiaonews.net.br\/2022\/2024\/06\/27\/poliomielite-e-gripe-campanhas-de-vacinacao-terminam-nesta-semana\/","name":"Poliomielite e gripe: Campanhas de vacina\u00e7\u00e3o terminam nesta semana - Regi\u00e3o News","isPartOf":{"@id":"https:\/\/regiaonews.net.br\/2022\/#website"},"primaryImageOfPage":{"@id":"https:\/\/regiaonews.net.br\/2022\/2024\/06\/27\/poliomielite-e-gripe-campanhas-de-vacinacao-terminam-nesta-semana\/#primaryimage"},"image":{"@id":"https:\/\/regiaonews.net.br\/2022\/2024\/06\/27\/poliomielite-e-gripe-campanhas-de-vacinacao-terminam-nesta-semana\/#primaryimage"},"thumbnailUrl":"https:\/\/regiaonews.net.br\/2022\/wp-content\/uploads\/2024\/06\/Imagem-do-WhatsApp-de-2024-06-27-as-10.23.56_879e6d7e-1.jpg","datePublished":"2024-06-27T14:07:09+00:00","breadcrumb":{"@id":"https:\/\/regiaonews.net.br\/2022\/2024\/06\/27\/poliomielite-e-gripe-campanhas-de-vacinacao-terminam-nesta-semana\/#breadcrumb"},"inLanguage":"pt-BR","potentialAction":[{"@type":"ReadAction","target":["https:\/\/regiaonews.net.br\/2022\/2024\/06\/27\/poliomielite-e-gripe-campanhas-de-vacinacao-terminam-nesta-semana\/"]}]},{"@type":"ImageObject","inLanguage":"pt-BR","@id":"https:\/\/regiaonews.net.br\/2022\/2024\/06\/27\/poliomielite-e-gripe-campanhas-de-vacinacao-terminam-nesta-semana\/#primaryimage","url":"https:\/\/regiaonews.net.br\/2022\/wp-content\/uploads\/2024\/06\/Imagem-do-WhatsApp-de-2024-06-27-as-10.23.56_879e6d7e-1.jpg","contentUrl":"https:\/\/regiaonews.net.br\/2022\/wp-content\/uploads\/2024\/06\/Imagem-do-WhatsApp-de-2024-06-27-as-10.23.56_879e6d7e-1.jpg","width":720,"height":1222},{"@type":"BreadcrumbList","@id":"https:\/\/regiaonews.net.br\/2022\/2024\/06\/27\/poliomielite-e-gripe-campanhas-de-vacinacao-terminam-nesta-semana\/#breadcrumb","itemListElement":[{"@type":"ListItem","position":1,"name":"In\u00edcio","item":"https:\/\/regiaonews.net.br\/2022\/"},{"@type":"ListItem","position":2,"name":"Poliomielite e gripe: Campanhas de vacina\u00e7\u00e3o terminam nesta semana"}]},{"@type":"WebSite","@id":"https:\/\/regiaonews.net.br\/2022\/#website","url":"https:\/\/regiaonews.net.br\/2022\/","name":"Regi\u00e3o News","description":"Site de Not\u00edcias de Barretos e regi\u00e3o","publisher":{"@id":"https:\/\/regiaonews.net.br\/2022\/#organization"},"potentialAction":[{"@type":"SearchAction","target":{"@type":"EntryPoint","urlTemplate":"https:\/\/regiaonews.net.br\/2022\/?s={search_term_string}"},"query-input":{"@type":"PropertyValueSpecification","valueRequired":true,"valueName":"search_term_string"}}],"inLanguage":"pt-BR"},{"@type":"Organization","@id":"https:\/\/regiaonews.net.br\/2022\/#organization","name":"Regi\u00e3o News","url":"https:\/\/regiaonews.net.br\/2022\/","logo":{"@type":"ImageObject","inLanguage":"pt-BR","@id":"https:\/\/regiaonews.net.br\/2022\/#\/schema\/logo\/image\/","url":"https:\/\/regiaonews.net.br\/2022\/wp-content\/uploads\/2026\/03\/regiao-13-anos-scaled.jpg","contentUrl":"https:\/\/regiaonews.net.br\/2022\/wp-content\/uploads\/2026\/03\/regiao-13-anos-scaled.jpg","width":2560,"height":635,"caption":"Regi\u00e3o News"},"image":{"@id":"https:\/\/regiaonews.net.br\/2022\/#\/schema\/logo\/image\/"}},{"@type":"Person","@id":"https:\/\/regiaonews.net.br\/2022\/#\/schema\/person\/2d205a608a5aa97ac279d7a5e6d89ad8","name":"Roberto","image":{"@type":"ImageObject","inLanguage":"pt-BR","@id":"https:\/\/secure.gravatar.com\/avatar\/42749d8b712ff9d59ca93dc150494e5b55a44134482993f5baeb97e61b7ecc89?s=96&d=mm&r=g","url":"https:\/\/secure.gravatar.com\/avatar\/42749d8b712ff9d59ca93dc150494e5b55a44134482993f5baeb97e61b7ecc89?s=96&d=mm&r=g","contentUrl":"https:\/\/secure.gravatar.com\/avatar\/42749d8b712ff9d59ca93dc150494e5b55a44134482993f5baeb97e61b7ecc89?s=96&d=mm&r=g","caption":"Roberto"},"url":"https:\/\/regiaonews.net.br\/2022\/author\/roberto\/"}]}},"publishpress_future_action":{"enabled":false,"date":"2026-05-03 04:35:00","action":"change-status","newStatus":"draft","terms":[],"taxonomy":"category","extraData":[]},"publishpress_future_workflow_manual_trigger":{"enabledWorkflows":[]},"_links":{"self":[{"href":"https:\/\/regiaonews.net.br\/2022\/wp-json\/wp\/v2\/posts\/106919","targetHints":{"allow":["GET"]}}],"collection":[{"href":"https:\/\/regiaonews.net.br\/2022\/wp-json\/wp\/v2\/posts"}],"about":[{"href":"https:\/\/regiaonews.net.br\/2022\/wp-json\/wp\/v2\/types\/post"}],"author":[{"embeddable":true,"href":"https:\/\/regiaonews.net.br\/2022\/wp-json\/wp\/v2\/users\/2"}],"replies":[{"embeddable":true,"href":"https:\/\/regiaonews.net.br\/2022\/wp-json\/wp\/v2\/comments?post=106919"}],"version-history":[{"count":1,"href":"https:\/\/regiaonews.net.br\/2022\/wp-json\/wp\/v2\/posts\/106919\/revisions"}],"predecessor-version":[{"id":106921,"href":"https:\/\/regiaonews.net.br\/2022\/wp-json\/wp\/v2\/posts\/106919\/revisions\/106921"}],"wp:featuredmedia":[{"embeddable":true,"href":"https:\/\/regiaonews.net.br\/2022\/wp-json\/wp\/v2\/media\/106920"}],"wp:attachment":[{"href":"https:\/\/regiaonews.net.br\/2022\/wp-json\/wp\/v2\/media?parent=106919"}],"wp:term":[{"taxonomy":"category","embeddable":true,"href":"https:\/\/regiaonews.net.br\/2022\/wp-json\/wp\/v2\/categories?post=106919"},{"taxonomy":"post_tag","embeddable":true,"href":"https:\/\/regiaonews.net.br\/2022\/wp-json\/wp\/v2\/tags?post=106919"}],"curies":[{"name":"wp","href":"https:\/\/api.w.org\/{rel}","templated":true}]}}