{"id":106905,"date":"2024-06-27T11:02:48","date_gmt":"2024-06-27T14:02:48","guid":{"rendered":"https:\/\/regiaonews.net.br\/2022\/?p=106905"},"modified":"2024-06-27T11:02:48","modified_gmt":"2024-06-27T14:02:48","slug":"assembleia-no-sindicato-rural-vai-analisar-balanco-e-parecer-do-conselho-fiscal","status":"publish","type":"post","link":"https:\/\/regiaonews.net.br\/2022\/2024\/06\/27\/assembleia-no-sindicato-rural-vai-analisar-balanco-e-parecer-do-conselho-fiscal\/","title":{"rendered":"Assembleia no Sindicato Rural vai analisar balan\u00e7o e parecer do Conselho Fiscal"},"content":{"rendered":"<p>A diretoria do Sindicato Rural do Vale do Rio Grande, atrav\u00e9s do presidente Enio Melo Rodrigues, divulgou edital convocando os associados que est\u00e3o em dia, para a Assembleia Geral Ordin\u00e1ria que est\u00e1 programada para esta sexta-feira (28), \u00e0s 16h, na sede localizada na Pra\u00e7a Francisco Barreto n\u00ba 242, em Barretos. Conforme o edital, estar\u00e1 na pauta a seguinte ordem do dia: leitura, discuss\u00e3o e vota\u00e7\u00e3o da ata da Assembleia anterior; leitura, discuss\u00e3o e vota\u00e7\u00e3o do balan\u00e7o do exerc\u00edcio 2024, ano base 2023, com o respectivo parecer do Conselho Fiscal. \u201cA vota\u00e7\u00e3o ser\u00e1 feita pelo sistema de votos n\u00e3o secreto e n\u00e3o tendo n\u00famero legal de associados, fica convocada para 1 hora ap\u00f3s a primeira chamada, a qual ser\u00e1 realizada com qualquer n\u00famero de associados presentes\u201d, destacou o presidente Enio no edital. A assembleia foi convocada com base nos artigos 68, 69 e 70 do estatuto do Sindicato Rural que tem em sua extens\u00e3o territorial as cidades de Barretos, Colina, Col\u00f4mbia\u00a0e\u00a0Jaborandi.<\/p>\n","protected":false},"excerpt":{"rendered":"<p>A diretoria do Sindicato Rural do Vale do Rio Grande,<\/p>\n","protected":false},"author":2,"featured_media":106906,"comment_status":"open","ping_status":"open","sticky":false,"template":"","format":"standard","meta":{"footnotes":""},"categories":[14,3],"tags":[],"class_list":["post-106905","post","type-post","status-publish","format-standard","has-post-thumbnail","hentry","category-barretos","category-geral"],"yoast_head":"<!-- This site is optimized with the Yoast SEO plugin v27.4 - https:\/\/yoast.com\/product\/yoast-seo-wordpress\/ -->\n<title>Assembleia no Sindicato Rural vai analisar balan\u00e7o e parecer do Conselho Fiscal - Regi\u00e3o News<\/title>\n<meta name=\"robots\" content=\"index, follow, max-snippet:-1, max-image-preview:large, max-video-preview:-1\" \/>\n<link rel=\"canonical\" href=\"https:\/\/regiaonews.net.br\/2022\/2024\/06\/27\/assembleia-no-sindicato-rural-vai-analisar-balanco-e-parecer-do-conselho-fiscal\/\" \/>\n<meta property=\"og:locale\" content=\"pt_BR\" \/>\n<meta property=\"og:type\" content=\"article\" \/>\n<meta property=\"og:title\" content=\"Assembleia no Sindicato Rural vai analisar balan\u00e7o e parecer do Conselho Fiscal - Regi\u00e3o News\" \/>\n<meta property=\"og:description\" content=\"A diretoria do Sindicato Rural do Vale do Rio Grande,\" \/>\n<meta property=\"og:url\" content=\"https:\/\/regiaonews.net.br\/2022\/2024\/06\/27\/assembleia-no-sindicato-rural-vai-analisar-balanco-e-parecer-do-conselho-fiscal\/\" \/>\n<meta property=\"og:site_name\" content=\"Regi\u00e3o News\" \/>\n<meta property=\"article:published_time\" content=\"2024-06-27T14:02:48+00:00\" \/>\n<meta property=\"og:image\" content=\"https:\/\/regiaonews.net.br\/2022\/wp-content\/uploads\/2024\/06\/Imagem-do-WhatsApp-de-2024-06-27-as-09.18.37_2ca69151.jpg\" \/>\n\t<meta property=\"og:image:width\" content=\"608\" \/>\n\t<meta property=\"og:image:height\" content=\"425\" \/>\n\t<meta property=\"og:image:type\" content=\"image\/jpeg\" \/>\n<meta name=\"author\" content=\"Roberto\" \/>\n<meta name=\"twitter:card\" content=\"summary_large_image\" \/>\n<meta name=\"twitter:label1\" content=\"Escrito por\" \/>\n\t<meta name=\"twitter:data1\" content=\"Roberto\" \/>\n\t<meta name=\"twitter:label2\" content=\"Est. tempo de leitura\" \/>\n\t<meta name=\"twitter:data2\" content=\"1 minuto\" \/>\n<script type=\"application\/ld+json\" class=\"yoast-schema-graph\">{\"@context\":\"https:\\\/\\\/schema.org\",\"@graph\":[{\"@type\":\"Article\",\"@id\":\"https:\\\/\\\/regiaonews.net.br\\\/2022\\\/2024\\\/06\\\/27\\\/assembleia-no-sindicato-rural-vai-analisar-balanco-e-parecer-do-conselho-fiscal\\\/#article\",\"isPartOf\":{\"@id\":\"https:\\\/\\\/regiaonews.net.br\\\/2022\\\/2024\\\/06\\\/27\\\/assembleia-no-sindicato-rural-vai-analisar-balanco-e-parecer-do-conselho-fiscal\\\/\"},\"author\":{\"name\":\"Roberto\",\"@id\":\"https:\\\/\\\/regiaonews.net.br\\\/2022\\\/#\\\/schema\\\/person\\\/2d205a608a5aa97ac279d7a5e6d89ad8\"},\"headline\":\"Assembleia no Sindicato Rural vai analisar balan\u00e7o e parecer do Conselho Fiscal\",\"datePublished\":\"2024-06-27T14:02:48+00:00\",\"mainEntityOfPage\":{\"@id\":\"https:\\\/\\\/regiaonews.net.br\\\/2022\\\/2024\\\/06\\\/27\\\/assembleia-no-sindicato-rural-vai-analisar-balanco-e-parecer-do-conselho-fiscal\\\/\"},\"wordCount\":185,\"commentCount\":0,\"publisher\":{\"@id\":\"https:\\\/\\\/regiaonews.net.br\\\/2022\\\/#organization\"},\"image\":{\"@id\":\"https:\\\/\\\/regiaonews.net.br\\\/2022\\\/2024\\\/06\\\/27\\\/assembleia-no-sindicato-rural-vai-analisar-balanco-e-parecer-do-conselho-fiscal\\\/#primaryimage\"},\"thumbnailUrl\":\"https:\\\/\\\/regiaonews.net.br\\\/2022\\\/wp-content\\\/uploads\\\/2024\\\/06\\\/Imagem-do-WhatsApp-de-2024-06-27-as-09.18.37_2ca69151.jpg\",\"articleSection\":[\"Barretos\",\"Geral\"],\"inLanguage\":\"pt-BR\",\"potentialAction\":[{\"@type\":\"CommentAction\",\"name\":\"Comment\",\"target\":[\"https:\\\/\\\/regiaonews.net.br\\\/2022\\\/2024\\\/06\\\/27\\\/assembleia-no-sindicato-rural-vai-analisar-balanco-e-parecer-do-conselho-fiscal\\\/#respond\"]}]},{\"@type\":\"WebPage\",\"@id\":\"https:\\\/\\\/regiaonews.net.br\\\/2022\\\/2024\\\/06\\\/27\\\/assembleia-no-sindicato-rural-vai-analisar-balanco-e-parecer-do-conselho-fiscal\\\/\",\"url\":\"https:\\\/\\\/regiaonews.net.br\\\/2022\\\/2024\\\/06\\\/27\\\/assembleia-no-sindicato-rural-vai-analisar-balanco-e-parecer-do-conselho-fiscal\\\/\",\"name\":\"Assembleia no Sindicato Rural vai analisar balan\u00e7o e parecer do Conselho Fiscal - Regi\u00e3o News\",\"isPartOf\":{\"@id\":\"https:\\\/\\\/regiaonews.net.br\\\/2022\\\/#website\"},\"primaryImageOfPage\":{\"@id\":\"https:\\\/\\\/regiaonews.net.br\\\/2022\\\/2024\\\/06\\\/27\\\/assembleia-no-sindicato-rural-vai-analisar-balanco-e-parecer-do-conselho-fiscal\\\/#primaryimage\"},\"image\":{\"@id\":\"https:\\\/\\\/regiaonews.net.br\\\/2022\\\/2024\\\/06\\\/27\\\/assembleia-no-sindicato-rural-vai-analisar-balanco-e-parecer-do-conselho-fiscal\\\/#primaryimage\"},\"thumbnailUrl\":\"https:\\\/\\\/regiaonews.net.br\\\/2022\\\/wp-content\\\/uploads\\\/2024\\\/06\\\/Imagem-do-WhatsApp-de-2024-06-27-as-09.18.37_2ca69151.jpg\",\"datePublished\":\"2024-06-27T14:02:48+00:00\",\"breadcrumb\":{\"@id\":\"https:\\\/\\\/regiaonews.net.br\\\/2022\\\/2024\\\/06\\\/27\\\/assembleia-no-sindicato-rural-vai-analisar-balanco-e-parecer-do-conselho-fiscal\\\/#breadcrumb\"},\"inLanguage\":\"pt-BR\",\"potentialAction\":[{\"@type\":\"ReadAction\",\"target\":[\"https:\\\/\\\/regiaonews.net.br\\\/2022\\\/2024\\\/06\\\/27\\\/assembleia-no-sindicato-rural-vai-analisar-balanco-e-parecer-do-conselho-fiscal\\\/\"]}]},{\"@type\":\"ImageObject\",\"inLanguage\":\"pt-BR\",\"@id\":\"https:\\\/\\\/regiaonews.net.br\\\/2022\\\/2024\\\/06\\\/27\\\/assembleia-no-sindicato-rural-vai-analisar-balanco-e-parecer-do-conselho-fiscal\\\/#primaryimage\",\"url\":\"https:\\\/\\\/regiaonews.net.br\\\/2022\\\/wp-content\\\/uploads\\\/2024\\\/06\\\/Imagem-do-WhatsApp-de-2024-06-27-as-09.18.37_2ca69151.jpg\",\"contentUrl\":\"https:\\\/\\\/regiaonews.net.br\\\/2022\\\/wp-content\\\/uploads\\\/2024\\\/06\\\/Imagem-do-WhatsApp-de-2024-06-27-as-09.18.37_2ca69151.jpg\",\"width\":608,\"height\":425},{\"@type\":\"BreadcrumbList\",\"@id\":\"https:\\\/\\\/regiaonews.net.br\\\/2022\\\/2024\\\/06\\\/27\\\/assembleia-no-sindicato-rural-vai-analisar-balanco-e-parecer-do-conselho-fiscal\\\/#breadcrumb\",\"itemListElement\":[{\"@type\":\"ListItem\",\"position\":1,\"name\":\"In\u00edcio\",\"item\":\"https:\\\/\\\/regiaonews.net.br\\\/2022\\\/\"},{\"@type\":\"ListItem\",\"position\":2,\"name\":\"Assembleia no Sindicato Rural vai analisar balan\u00e7o e parecer do Conselho Fiscal\"}]},{\"@type\":\"WebSite\",\"@id\":\"https:\\\/\\\/regiaonews.net.br\\\/2022\\\/#website\",\"url\":\"https:\\\/\\\/regiaonews.net.br\\\/2022\\\/\",\"name\":\"Regi\u00e3o News\",\"description\":\"Site de Not\u00edcias de Barretos e regi\u00e3o\",\"publisher\":{\"@id\":\"https:\\\/\\\/regiaonews.net.br\\\/2022\\\/#organization\"},\"potentialAction\":[{\"@type\":\"SearchAction\",\"target\":{\"@type\":\"EntryPoint\",\"urlTemplate\":\"https:\\\/\\\/regiaonews.net.br\\\/2022\\\/?s={search_term_string}\"},\"query-input\":{\"@type\":\"PropertyValueSpecification\",\"valueRequired\":true,\"valueName\":\"search_term_string\"}}],\"inLanguage\":\"pt-BR\"},{\"@type\":\"Organization\",\"@id\":\"https:\\\/\\\/regiaonews.net.br\\\/2022\\\/#organization\",\"name\":\"Regi\u00e3o News\",\"url\":\"https:\\\/\\\/regiaonews.net.br\\\/2022\\\/\",\"logo\":{\"@type\":\"ImageObject\",\"inLanguage\":\"pt-BR\",\"@id\":\"https:\\\/\\\/regiaonews.net.br\\\/2022\\\/#\\\/schema\\\/logo\\\/image\\\/\",\"url\":\"https:\\\/\\\/regiaonews.net.br\\\/2022\\\/wp-content\\\/uploads\\\/2026\\\/03\\\/regiao-13-anos-scaled.jpg\",\"contentUrl\":\"https:\\\/\\\/regiaonews.net.br\\\/2022\\\/wp-content\\\/uploads\\\/2026\\\/03\\\/regiao-13-anos-scaled.jpg\",\"width\":2560,\"height\":635,\"caption\":\"Regi\u00e3o News\"},\"image\":{\"@id\":\"https:\\\/\\\/regiaonews.net.br\\\/2022\\\/#\\\/schema\\\/logo\\\/image\\\/\"}},{\"@type\":\"Person\",\"@id\":\"https:\\\/\\\/regiaonews.net.br\\\/2022\\\/#\\\/schema\\\/person\\\/2d205a608a5aa97ac279d7a5e6d89ad8\",\"name\":\"Roberto\",\"image\":{\"@type\":\"ImageObject\",\"inLanguage\":\"pt-BR\",\"@id\":\"https:\\\/\\\/secure.gravatar.com\\\/avatar\\\/42749d8b712ff9d59ca93dc150494e5b55a44134482993f5baeb97e61b7ecc89?s=96&d=mm&r=g\",\"url\":\"https:\\\/\\\/secure.gravatar.com\\\/avatar\\\/42749d8b712ff9d59ca93dc150494e5b55a44134482993f5baeb97e61b7ecc89?s=96&d=mm&r=g\",\"contentUrl\":\"https:\\\/\\\/secure.gravatar.com\\\/avatar\\\/42749d8b712ff9d59ca93dc150494e5b55a44134482993f5baeb97e61b7ecc89?s=96&d=mm&r=g\",\"caption\":\"Roberto\"},\"url\":\"https:\\\/\\\/regiaonews.net.br\\\/2022\\\/author\\\/roberto\\\/\"}]}<\/script>\n<!-- \/ Yoast SEO plugin. -->","yoast_head_json":{"title":"Assembleia no Sindicato Rural vai analisar balan\u00e7o e parecer do Conselho Fiscal - Regi\u00e3o News","robots":{"index":"index","follow":"follow","max-snippet":"max-snippet:-1","max-image-preview":"max-image-preview:large","max-video-preview":"max-video-preview:-1"},"canonical":"https:\/\/regiaonews.net.br\/2022\/2024\/06\/27\/assembleia-no-sindicato-rural-vai-analisar-balanco-e-parecer-do-conselho-fiscal\/","og_locale":"pt_BR","og_type":"article","og_title":"Assembleia no Sindicato Rural vai analisar balan\u00e7o e parecer do Conselho Fiscal - Regi\u00e3o News","og_description":"A diretoria do Sindicato Rural do Vale do Rio Grande,","og_url":"https:\/\/regiaonews.net.br\/2022\/2024\/06\/27\/assembleia-no-sindicato-rural-vai-analisar-balanco-e-parecer-do-conselho-fiscal\/","og_site_name":"Regi\u00e3o News","article_published_time":"2024-06-27T14:02:48+00:00","og_image":[{"width":608,"height":425,"url":"https:\/\/regiaonews.net.br\/2022\/wp-content\/uploads\/2024\/06\/Imagem-do-WhatsApp-de-2024-06-27-as-09.18.37_2ca69151.jpg","type":"image\/jpeg"}],"author":"Roberto","twitter_card":"summary_large_image","twitter_misc":{"Escrito por":"Roberto","Est. tempo de leitura":"1 minuto"},"schema":{"@context":"https:\/\/schema.org","@graph":[{"@type":"Article","@id":"https:\/\/regiaonews.net.br\/2022\/2024\/06\/27\/assembleia-no-sindicato-rural-vai-analisar-balanco-e-parecer-do-conselho-fiscal\/#article","isPartOf":{"@id":"https:\/\/regiaonews.net.br\/2022\/2024\/06\/27\/assembleia-no-sindicato-rural-vai-analisar-balanco-e-parecer-do-conselho-fiscal\/"},"author":{"name":"Roberto","@id":"https:\/\/regiaonews.net.br\/2022\/#\/schema\/person\/2d205a608a5aa97ac279d7a5e6d89ad8"},"headline":"Assembleia no Sindicato Rural vai analisar balan\u00e7o e parecer do Conselho Fiscal","datePublished":"2024-06-27T14:02:48+00:00","mainEntityOfPage":{"@id":"https:\/\/regiaonews.net.br\/2022\/2024\/06\/27\/assembleia-no-sindicato-rural-vai-analisar-balanco-e-parecer-do-conselho-fiscal\/"},"wordCount":185,"commentCount":0,"publisher":{"@id":"https:\/\/regiaonews.net.br\/2022\/#organization"},"image":{"@id":"https:\/\/regiaonews.net.br\/2022\/2024\/06\/27\/assembleia-no-sindicato-rural-vai-analisar-balanco-e-parecer-do-conselho-fiscal\/#primaryimage"},"thumbnailUrl":"https:\/\/regiaonews.net.br\/2022\/wp-content\/uploads\/2024\/06\/Imagem-do-WhatsApp-de-2024-06-27-as-09.18.37_2ca69151.jpg","articleSection":["Barretos","Geral"],"inLanguage":"pt-BR","potentialAction":[{"@type":"CommentAction","name":"Comment","target":["https:\/\/regiaonews.net.br\/2022\/2024\/06\/27\/assembleia-no-sindicato-rural-vai-analisar-balanco-e-parecer-do-conselho-fiscal\/#respond"]}]},{"@type":"WebPage","@id":"https:\/\/regiaonews.net.br\/2022\/2024\/06\/27\/assembleia-no-sindicato-rural-vai-analisar-balanco-e-parecer-do-conselho-fiscal\/","url":"https:\/\/regiaonews.net.br\/2022\/2024\/06\/27\/assembleia-no-sindicato-rural-vai-analisar-balanco-e-parecer-do-conselho-fiscal\/","name":"Assembleia no Sindicato Rural vai analisar balan\u00e7o e parecer do Conselho Fiscal - Regi\u00e3o News","isPartOf":{"@id":"https:\/\/regiaonews.net.br\/2022\/#website"},"primaryImageOfPage":{"@id":"https:\/\/regiaonews.net.br\/2022\/2024\/06\/27\/assembleia-no-sindicato-rural-vai-analisar-balanco-e-parecer-do-conselho-fiscal\/#primaryimage"},"image":{"@id":"https:\/\/regiaonews.net.br\/2022\/2024\/06\/27\/assembleia-no-sindicato-rural-vai-analisar-balanco-e-parecer-do-conselho-fiscal\/#primaryimage"},"thumbnailUrl":"https:\/\/regiaonews.net.br\/2022\/wp-content\/uploads\/2024\/06\/Imagem-do-WhatsApp-de-2024-06-27-as-09.18.37_2ca69151.jpg","datePublished":"2024-06-27T14:02:48+00:00","breadcrumb":{"@id":"https:\/\/regiaonews.net.br\/2022\/2024\/06\/27\/assembleia-no-sindicato-rural-vai-analisar-balanco-e-parecer-do-conselho-fiscal\/#breadcrumb"},"inLanguage":"pt-BR","potentialAction":[{"@type":"ReadAction","target":["https:\/\/regiaonews.net.br\/2022\/2024\/06\/27\/assembleia-no-sindicato-rural-vai-analisar-balanco-e-parecer-do-conselho-fiscal\/"]}]},{"@type":"ImageObject","inLanguage":"pt-BR","@id":"https:\/\/regiaonews.net.br\/2022\/2024\/06\/27\/assembleia-no-sindicato-rural-vai-analisar-balanco-e-parecer-do-conselho-fiscal\/#primaryimage","url":"https:\/\/regiaonews.net.br\/2022\/wp-content\/uploads\/2024\/06\/Imagem-do-WhatsApp-de-2024-06-27-as-09.18.37_2ca69151.jpg","contentUrl":"https:\/\/regiaonews.net.br\/2022\/wp-content\/uploads\/2024\/06\/Imagem-do-WhatsApp-de-2024-06-27-as-09.18.37_2ca69151.jpg","width":608,"height":425},{"@type":"BreadcrumbList","@id":"https:\/\/regiaonews.net.br\/2022\/2024\/06\/27\/assembleia-no-sindicato-rural-vai-analisar-balanco-e-parecer-do-conselho-fiscal\/#breadcrumb","itemListElement":[{"@type":"ListItem","position":1,"name":"In\u00edcio","item":"https:\/\/regiaonews.net.br\/2022\/"},{"@type":"ListItem","position":2,"name":"Assembleia no Sindicato Rural vai analisar balan\u00e7o e parecer do Conselho Fiscal"}]},{"@type":"WebSite","@id":"https:\/\/regiaonews.net.br\/2022\/#website","url":"https:\/\/regiaonews.net.br\/2022\/","name":"Regi\u00e3o News","description":"Site de Not\u00edcias de Barretos e regi\u00e3o","publisher":{"@id":"https:\/\/regiaonews.net.br\/2022\/#organization"},"potentialAction":[{"@type":"SearchAction","target":{"@type":"EntryPoint","urlTemplate":"https:\/\/regiaonews.net.br\/2022\/?s={search_term_string}"},"query-input":{"@type":"PropertyValueSpecification","valueRequired":true,"valueName":"search_term_string"}}],"inLanguage":"pt-BR"},{"@type":"Organization","@id":"https:\/\/regiaonews.net.br\/2022\/#organization","name":"Regi\u00e3o News","url":"https:\/\/regiaonews.net.br\/2022\/","logo":{"@type":"ImageObject","inLanguage":"pt-BR","@id":"https:\/\/regiaonews.net.br\/2022\/#\/schema\/logo\/image\/","url":"https:\/\/regiaonews.net.br\/2022\/wp-content\/uploads\/2026\/03\/regiao-13-anos-scaled.jpg","contentUrl":"https:\/\/regiaonews.net.br\/2022\/wp-content\/uploads\/2026\/03\/regiao-13-anos-scaled.jpg","width":2560,"height":635,"caption":"Regi\u00e3o News"},"image":{"@id":"https:\/\/regiaonews.net.br\/2022\/#\/schema\/logo\/image\/"}},{"@type":"Person","@id":"https:\/\/regiaonews.net.br\/2022\/#\/schema\/person\/2d205a608a5aa97ac279d7a5e6d89ad8","name":"Roberto","image":{"@type":"ImageObject","inLanguage":"pt-BR","@id":"https:\/\/secure.gravatar.com\/avatar\/42749d8b712ff9d59ca93dc150494e5b55a44134482993f5baeb97e61b7ecc89?s=96&d=mm&r=g","url":"https:\/\/secure.gravatar.com\/avatar\/42749d8b712ff9d59ca93dc150494e5b55a44134482993f5baeb97e61b7ecc89?s=96&d=mm&r=g","contentUrl":"https:\/\/secure.gravatar.com\/avatar\/42749d8b712ff9d59ca93dc150494e5b55a44134482993f5baeb97e61b7ecc89?s=96&d=mm&r=g","caption":"Roberto"},"url":"https:\/\/regiaonews.net.br\/2022\/author\/roberto\/"}]}},"publishpress_future_action":{"enabled":false,"date":"2026-05-03 05:35:12","action":"change-status","newStatus":"draft","terms":[],"taxonomy":"category","extraData":[]},"publishpress_future_workflow_manual_trigger":{"enabledWorkflows":[]},"_links":{"self":[{"href":"https:\/\/regiaonews.net.br\/2022\/wp-json\/wp\/v2\/posts\/106905","targetHints":{"allow":["GET"]}}],"collection":[{"href":"https:\/\/regiaonews.net.br\/2022\/wp-json\/wp\/v2\/posts"}],"about":[{"href":"https:\/\/regiaonews.net.br\/2022\/wp-json\/wp\/v2\/types\/post"}],"author":[{"embeddable":true,"href":"https:\/\/regiaonews.net.br\/2022\/wp-json\/wp\/v2\/users\/2"}],"replies":[{"embeddable":true,"href":"https:\/\/regiaonews.net.br\/2022\/wp-json\/wp\/v2\/comments?post=106905"}],"version-history":[{"count":1,"href":"https:\/\/regiaonews.net.br\/2022\/wp-json\/wp\/v2\/posts\/106905\/revisions"}],"predecessor-version":[{"id":106907,"href":"https:\/\/regiaonews.net.br\/2022\/wp-json\/wp\/v2\/posts\/106905\/revisions\/106907"}],"wp:featuredmedia":[{"embeddable":true,"href":"https:\/\/regiaonews.net.br\/2022\/wp-json\/wp\/v2\/media\/106906"}],"wp:attachment":[{"href":"https:\/\/regiaonews.net.br\/2022\/wp-json\/wp\/v2\/media?parent=106905"}],"wp:term":[{"taxonomy":"category","embeddable":true,"href":"https:\/\/regiaonews.net.br\/2022\/wp-json\/wp\/v2\/categories?post=106905"},{"taxonomy":"post_tag","embeddable":true,"href":"https:\/\/regiaonews.net.br\/2022\/wp-json\/wp\/v2\/tags?post=106905"}],"curies":[{"name":"wp","href":"https:\/\/api.w.org\/{rel}","templated":true}]}}