{"id":106896,"date":"2024-06-27T11:00:03","date_gmt":"2024-06-27T14:00:03","guid":{"rendered":"https:\/\/regiaonews.net.br\/2022\/?p=106896"},"modified":"2024-06-27T11:00:03","modified_gmt":"2024-06-27T14:00:03","slug":"colina-vive-clima-de-preparativos-para-45a-festa-do-cavalo-de-colina-de-5-a-9-de-julho","status":"publish","type":"post","link":"https:\/\/regiaonews.net.br\/2022\/2024\/06\/27\/colina-vive-clima-de-preparativos-para-45a-festa-do-cavalo-de-colina-de-5-a-9-de-julho\/","title":{"rendered":"Colina vive clima de preparativos para 45\u00aa Festa do Cavalo de Colina de 5 a 9 de julho"},"content":{"rendered":"<p>A Prefeitura Municipal de Colina, por meio da Secretaria Municipal de Esportes, Turismo e Lazer, realiza a tradicional Festa do Cavalo, em sua 45\u00aa edi\u00e7\u00e3o, no per\u00edodo de 05 a 09 de julho de 2024, no Recinto Municipal \u201cPrefeito M\u00e1rio de Fel\u00edcio\u201d.<\/p>\n<p>Uma programa\u00e7\u00e3o diversificada para agradar o p\u00fablico (colinenses e visitantes) de todas as idades, com shows todas as noites de artistas renomados no cen\u00e1rio musical nacional e uma programa\u00e7\u00e3o h\u00edpica esportiva expressiva, com a participa\u00e7\u00e3o de in\u00fameros competidores vindos de diversos Estados brasileiros, que contribui para o brilhantismo do evento e refor\u00e7a o t\u00edtulo do munic\u00edpio, considerado a \u201cCapital do Cavalo\u201d. A 45\u00aa edi\u00e7\u00e3o da Festa oferece completa pra\u00e7a de alimenta\u00e7\u00e3o; camarotes; parque de divers\u00e3o; bazar do Fundo Social; visita\u00e7\u00e3o ao Museu Municipal do Cavalo; entre outros atrativos, com toda infraestrutura e seguran\u00e7a, necess\u00e1ria para garantir lazer e entretenimento \u00e0 todos que prestigiarem o evento.<\/p>\n<p><strong>Programa\u00e7\u00e3o art\u00edstica \u2013<\/strong>\u00a0A Festa tem in\u00edcio no dia 05 de julho, com show da dupla \u00cdcaro e Gilmar; em seguida, Denis DJ. No dia 06, a festa fica por conta de Pedro Sampaio e, na sequ\u00eancia, da dupla Fred e Fabr\u00edcio. J\u00e1 no dia 07 de julho \u00e9 a vez de Lauana Prado animar o p\u00fablico, com entrada gratuita, patrocinada pela Prefeitura. No dia 08, show de Murilo Ruff e, ap\u00f3s, da dupla Clayton e Rom\u00e1rio. E no dia 09, encerrando a Festa do Cavalo, Mato Grosso e Mathias apresentam-se com entrada gratuita patrocinada pela Prefeitura Municipal.<\/p>\n<p><strong>Venda de ingressos \u2013\u00a0<\/strong>Est\u00e3o dispon\u00edveis em Colina e em cidades da regi\u00e3o, os ingressos individuais para a 45\u00aa edi\u00e7\u00e3o da Festa do Cavalo.<\/p>\n<p>O ingresso individual antecipado est\u00e1 a venda no valor de R$ 140,00 reais (inteira); a meia entrada para universit\u00e1rios, idosos e portadores de necessidades especiais est\u00e1 comercializada a R$ 70,00 reais; a entrada solid\u00e1ria, R$ 70,00 reais (+ 1 litro de leite) e a \u00e1rea VIP, R$ 60,00 reais (sem consumo) + o ingresso di\u00e1rio ou permanente. Crian\u00e7as at\u00e9 10 anos de idade, acompanhadas dos pais e\/ou respons\u00e1veis, n\u00e3o pagam. Continuam tamb\u00e9m as vendas das permanentes, que d\u00e3o acesso \u00e0 todos os dias do evento, exceto nos dias 07 e 09 de julho, que ter\u00e3o entrada gratuita patrocinada pela Prefeitura. O valor da permanente \u00e9 R$ 210,00 reais.<\/p>\n<p>O Prefeito Dieb Taha refor\u00e7ou o convite para que todos prestigiem a 45\u00aa edi\u00e7\u00e3o da Festa do Cavalo de Colina. \u201cQuero convidar a todos para prestigiar nossa Festa e as competi\u00e7\u00f5es h\u00edpicas que acontecer\u00e3o todos os dias, com a participa\u00e7\u00e3o de cavaleiros renomados\u201d.<\/p>\n<p>Outras informa\u00e7\u00f5es da Festa do Cavalo est\u00e3o dispon\u00edveis no site oficial do munic\u00edpio:\u00a0<a href=\"https:\/\/www.colina.sp.gov.br\/\">www.colina.sp.gov.br<\/a>\u00a0e nas redes sociais oficiais: facebook.com\/prefeituracolina e @prefeituracolina e @festadocavalodecolinaoficial.<\/p>\n<p>Confira os pontos de vendas em Colina e na regi\u00e3o<\/p>\n<p>&nbsp;<\/p>\n<p><a href=\"https:\/\/regiaonews.net.br\/2022\/wp-content\/uploads\/2024\/06\/g_62_1_6_27062024094201.jpeg\"><img loading=\"lazy\" decoding=\"async\" class=\"alignnone size-medium wp-image-106898\" src=\"https:\/\/regiaonews.net.br\/2022\/wp-content\/uploads\/2024\/06\/g_62_1_6_27062024094201-300x300.jpeg\" alt=\"\" width=\"300\" height=\"300\" srcset=\"https:\/\/regiaonews.net.br\/2022\/wp-content\/uploads\/2024\/06\/g_62_1_6_27062024094201-300x300.jpeg 300w, https:\/\/regiaonews.net.br\/2022\/wp-content\/uploads\/2024\/06\/g_62_1_6_27062024094201-1024x1024.jpeg 1024w, https:\/\/regiaonews.net.br\/2022\/wp-content\/uploads\/2024\/06\/g_62_1_6_27062024094201-150x150.jpeg 150w, https:\/\/regiaonews.net.br\/2022\/wp-content\/uploads\/2024\/06\/g_62_1_6_27062024094201-768x768.jpeg 768w, https:\/\/regiaonews.net.br\/2022\/wp-content\/uploads\/2024\/06\/g_62_1_6_27062024094201-250x250.jpeg 250w, https:\/\/regiaonews.net.br\/2022\/wp-content\/uploads\/2024\/06\/g_62_1_6_27062024094201.jpeg 1080w\" sizes=\"auto, (max-width: 300px) 100vw, 300px\" \/><\/a><a href=\"https:\/\/regiaonews.net.br\/2022\/wp-content\/uploads\/2024\/06\/g_62_2_5_27062024094201.jpeg\"><img loading=\"lazy\" decoding=\"async\" class=\"alignnone size-medium wp-image-106899\" src=\"https:\/\/regiaonews.net.br\/2022\/wp-content\/uploads\/2024\/06\/g_62_2_5_27062024094201-300x300.jpeg\" alt=\"\" width=\"300\" height=\"300\" srcset=\"https:\/\/regiaonews.net.br\/2022\/wp-content\/uploads\/2024\/06\/g_62_2_5_27062024094201-300x300.jpeg 300w, https:\/\/regiaonews.net.br\/2022\/wp-content\/uploads\/2024\/06\/g_62_2_5_27062024094201-1024x1024.jpeg 1024w, https:\/\/regiaonews.net.br\/2022\/wp-content\/uploads\/2024\/06\/g_62_2_5_27062024094201-150x150.jpeg 150w, https:\/\/regiaonews.net.br\/2022\/wp-content\/uploads\/2024\/06\/g_62_2_5_27062024094201-768x768.jpeg 768w, https:\/\/regiaonews.net.br\/2022\/wp-content\/uploads\/2024\/06\/g_62_2_5_27062024094201-250x250.jpeg 250w, https:\/\/regiaonews.net.br\/2022\/wp-content\/uploads\/2024\/06\/g_62_2_5_27062024094201.jpeg 1080w\" sizes=\"auto, (max-width: 300px) 100vw, 300px\" \/><\/a><a href=\"https:\/\/regiaonews.net.br\/2022\/wp-content\/uploads\/2024\/06\/g_62_3_4_27062024094201.jpeg\"><img loading=\"lazy\" decoding=\"async\" class=\"alignnone size-medium wp-image-106900\" src=\"https:\/\/regiaonews.net.br\/2022\/wp-content\/uploads\/2024\/06\/g_62_3_4_27062024094201-300x300.jpeg\" alt=\"\" width=\"300\" height=\"300\" srcset=\"https:\/\/regiaonews.net.br\/2022\/wp-content\/uploads\/2024\/06\/g_62_3_4_27062024094201-300x300.jpeg 300w, https:\/\/regiaonews.net.br\/2022\/wp-content\/uploads\/2024\/06\/g_62_3_4_27062024094201-1024x1024.jpeg 1024w, https:\/\/regiaonews.net.br\/2022\/wp-content\/uploads\/2024\/06\/g_62_3_4_27062024094201-150x150.jpeg 150w, https:\/\/regiaonews.net.br\/2022\/wp-content\/uploads\/2024\/06\/g_62_3_4_27062024094201-768x768.jpeg 768w, https:\/\/regiaonews.net.br\/2022\/wp-content\/uploads\/2024\/06\/g_62_3_4_27062024094201-250x250.jpeg 250w, https:\/\/regiaonews.net.br\/2022\/wp-content\/uploads\/2024\/06\/g_62_3_4_27062024094201.jpeg 1080w\" sizes=\"auto, (max-width: 300px) 100vw, 300px\" \/><\/a><a href=\"https:\/\/regiaonews.net.br\/2022\/wp-content\/uploads\/2024\/06\/g_62_4_3_27062024094201.jpeg\"><img loading=\"lazy\" decoding=\"async\" class=\"alignnone size-medium wp-image-106901\" src=\"https:\/\/regiaonews.net.br\/2022\/wp-content\/uploads\/2024\/06\/g_62_4_3_27062024094201-300x300.jpeg\" alt=\"\" width=\"300\" height=\"300\" srcset=\"https:\/\/regiaonews.net.br\/2022\/wp-content\/uploads\/2024\/06\/g_62_4_3_27062024094201-300x300.jpeg 300w, https:\/\/regiaonews.net.br\/2022\/wp-content\/uploads\/2024\/06\/g_62_4_3_27062024094201-1024x1024.jpeg 1024w, https:\/\/regiaonews.net.br\/2022\/wp-content\/uploads\/2024\/06\/g_62_4_3_27062024094201-150x150.jpeg 150w, https:\/\/regiaonews.net.br\/2022\/wp-content\/uploads\/2024\/06\/g_62_4_3_27062024094201-768x768.jpeg 768w, https:\/\/regiaonews.net.br\/2022\/wp-content\/uploads\/2024\/06\/g_62_4_3_27062024094201-250x250.jpeg 250w, https:\/\/regiaonews.net.br\/2022\/wp-content\/uploads\/2024\/06\/g_62_4_3_27062024094201.jpeg 1080w\" sizes=\"auto, (max-width: 300px) 100vw, 300px\" \/><\/a><a href=\"https:\/\/regiaonews.net.br\/2022\/wp-content\/uploads\/2024\/06\/g_62_5_2_27062024094201.jpeg\"><img loading=\"lazy\" decoding=\"async\" class=\"alignnone size-medium wp-image-106902\" src=\"https:\/\/regiaonews.net.br\/2022\/wp-content\/uploads\/2024\/06\/g_62_5_2_27062024094201-300x300.jpeg\" alt=\"\" width=\"300\" height=\"300\" srcset=\"https:\/\/regiaonews.net.br\/2022\/wp-content\/uploads\/2024\/06\/g_62_5_2_27062024094201-300x300.jpeg 300w, https:\/\/regiaonews.net.br\/2022\/wp-content\/uploads\/2024\/06\/g_62_5_2_27062024094201-1024x1024.jpeg 1024w, https:\/\/regiaonews.net.br\/2022\/wp-content\/uploads\/2024\/06\/g_62_5_2_27062024094201-150x150.jpeg 150w, https:\/\/regiaonews.net.br\/2022\/wp-content\/uploads\/2024\/06\/g_62_5_2_27062024094201-768x768.jpeg 768w, https:\/\/regiaonews.net.br\/2022\/wp-content\/uploads\/2024\/06\/g_62_5_2_27062024094201-250x250.jpeg 250w, https:\/\/regiaonews.net.br\/2022\/wp-content\/uploads\/2024\/06\/g_62_5_2_27062024094201.jpeg 1080w\" sizes=\"auto, (max-width: 300px) 100vw, 300px\" \/><\/a><a href=\"https:\/\/regiaonews.net.br\/2022\/wp-content\/uploads\/2024\/06\/g_62_6_1_27062024094201.jpeg\"><img loading=\"lazy\" decoding=\"async\" class=\"alignnone size-medium wp-image-106903\" src=\"https:\/\/regiaonews.net.br\/2022\/wp-content\/uploads\/2024\/06\/g_62_6_1_27062024094201-300x300.jpeg\" alt=\"\" width=\"300\" height=\"300\" srcset=\"https:\/\/regiaonews.net.br\/2022\/wp-content\/uploads\/2024\/06\/g_62_6_1_27062024094201-300x300.jpeg 300w, https:\/\/regiaonews.net.br\/2022\/wp-content\/uploads\/2024\/06\/g_62_6_1_27062024094201-1024x1024.jpeg 1024w, https:\/\/regiaonews.net.br\/2022\/wp-content\/uploads\/2024\/06\/g_62_6_1_27062024094201-150x150.jpeg 150w, https:\/\/regiaonews.net.br\/2022\/wp-content\/uploads\/2024\/06\/g_62_6_1_27062024094201-768x768.jpeg 768w, https:\/\/regiaonews.net.br\/2022\/wp-content\/uploads\/2024\/06\/g_62_6_1_27062024094201-250x250.jpeg 250w, https:\/\/regiaonews.net.br\/2022\/wp-content\/uploads\/2024\/06\/g_62_6_1_27062024094201.jpeg 1080w\" sizes=\"auto, (max-width: 300px) 100vw, 300px\" \/><\/a><\/p>\n","protected":false},"excerpt":{"rendered":"<p>A Prefeitura Municipal de Colina, por meio da Secretaria Municipal<\/p>\n","protected":false},"author":2,"featured_media":106897,"comment_status":"open","ping_status":"open","sticky":false,"template":"","format":"standard","meta":{"footnotes":""},"categories":[5,111],"tags":[],"class_list":["post-106896","post","type-post","status-publish","format-standard","has-post-thumbnail","hentry","category-colina","category-cotidiano"],"yoast_head":"<!-- This site is optimized with the Yoast SEO plugin v27.4 - https:\/\/yoast.com\/product\/yoast-seo-wordpress\/ -->\n<title>Colina vive clima de preparativos para 45\u00aa Festa do Cavalo de Colina de 5 a 9 de julho - Regi\u00e3o News<\/title>\n<meta name=\"robots\" content=\"index, follow, max-snippet:-1, max-image-preview:large, max-video-preview:-1\" \/>\n<link rel=\"canonical\" href=\"https:\/\/regiaonews.net.br\/2022\/2024\/06\/27\/colina-vive-clima-de-preparativos-para-45a-festa-do-cavalo-de-colina-de-5-a-9-de-julho\/\" \/>\n<meta property=\"og:locale\" content=\"pt_BR\" \/>\n<meta property=\"og:type\" content=\"article\" \/>\n<meta property=\"og:title\" content=\"Colina vive clima de preparativos para 45\u00aa Festa do Cavalo de Colina de 5 a 9 de julho - Regi\u00e3o News\" \/>\n<meta property=\"og:description\" content=\"A Prefeitura Municipal de Colina, por meio da Secretaria Municipal\" \/>\n<meta property=\"og:url\" content=\"https:\/\/regiaonews.net.br\/2022\/2024\/06\/27\/colina-vive-clima-de-preparativos-para-45a-festa-do-cavalo-de-colina-de-5-a-9-de-julho\/\" \/>\n<meta property=\"og:site_name\" content=\"Regi\u00e3o News\" \/>\n<meta property=\"article:published_time\" content=\"2024-06-27T14:00:03+00:00\" \/>\n<meta property=\"og:image\" content=\"https:\/\/regiaonews.net.br\/2022\/wp-content\/uploads\/2024\/06\/g_62_0_7_27062024094201.jpeg\" \/>\n\t<meta property=\"og:image:width\" content=\"1080\" \/>\n\t<meta property=\"og:image:height\" content=\"1080\" \/>\n\t<meta property=\"og:image:type\" content=\"image\/jpeg\" \/>\n<meta name=\"author\" content=\"Roberto\" \/>\n<meta name=\"twitter:card\" content=\"summary_large_image\" \/>\n<meta name=\"twitter:label1\" content=\"Escrito por\" \/>\n\t<meta name=\"twitter:data1\" content=\"Roberto\" \/>\n\t<meta name=\"twitter:label2\" content=\"Est. tempo de leitura\" \/>\n\t<meta name=\"twitter:data2\" content=\"4 minutos\" \/>\n<script type=\"application\/ld+json\" class=\"yoast-schema-graph\">{\"@context\":\"https:\\\/\\\/schema.org\",\"@graph\":[{\"@type\":\"Article\",\"@id\":\"https:\\\/\\\/regiaonews.net.br\\\/2022\\\/2024\\\/06\\\/27\\\/colina-vive-clima-de-preparativos-para-45a-festa-do-cavalo-de-colina-de-5-a-9-de-julho\\\/#article\",\"isPartOf\":{\"@id\":\"https:\\\/\\\/regiaonews.net.br\\\/2022\\\/2024\\\/06\\\/27\\\/colina-vive-clima-de-preparativos-para-45a-festa-do-cavalo-de-colina-de-5-a-9-de-julho\\\/\"},\"author\":{\"name\":\"Roberto\",\"@id\":\"https:\\\/\\\/regiaonews.net.br\\\/2022\\\/#\\\/schema\\\/person\\\/2d205a608a5aa97ac279d7a5e6d89ad8\"},\"headline\":\"Colina vive clima de preparativos para 45\u00aa Festa do Cavalo de Colina de 5 a 9 de julho\",\"datePublished\":\"2024-06-27T14:00:03+00:00\",\"mainEntityOfPage\":{\"@id\":\"https:\\\/\\\/regiaonews.net.br\\\/2022\\\/2024\\\/06\\\/27\\\/colina-vive-clima-de-preparativos-para-45a-festa-do-cavalo-de-colina-de-5-a-9-de-julho\\\/\"},\"wordCount\":501,\"commentCount\":0,\"publisher\":{\"@id\":\"https:\\\/\\\/regiaonews.net.br\\\/2022\\\/#organization\"},\"image\":{\"@id\":\"https:\\\/\\\/regiaonews.net.br\\\/2022\\\/2024\\\/06\\\/27\\\/colina-vive-clima-de-preparativos-para-45a-festa-do-cavalo-de-colina-de-5-a-9-de-julho\\\/#primaryimage\"},\"thumbnailUrl\":\"https:\\\/\\\/regiaonews.net.br\\\/2022\\\/wp-content\\\/uploads\\\/2024\\\/06\\\/g_62_0_7_27062024094201.jpeg\",\"articleSection\":[\"Colina\",\"Cotidiano\"],\"inLanguage\":\"pt-BR\",\"potentialAction\":[{\"@type\":\"CommentAction\",\"name\":\"Comment\",\"target\":[\"https:\\\/\\\/regiaonews.net.br\\\/2022\\\/2024\\\/06\\\/27\\\/colina-vive-clima-de-preparativos-para-45a-festa-do-cavalo-de-colina-de-5-a-9-de-julho\\\/#respond\"]}]},{\"@type\":\"WebPage\",\"@id\":\"https:\\\/\\\/regiaonews.net.br\\\/2022\\\/2024\\\/06\\\/27\\\/colina-vive-clima-de-preparativos-para-45a-festa-do-cavalo-de-colina-de-5-a-9-de-julho\\\/\",\"url\":\"https:\\\/\\\/regiaonews.net.br\\\/2022\\\/2024\\\/06\\\/27\\\/colina-vive-clima-de-preparativos-para-45a-festa-do-cavalo-de-colina-de-5-a-9-de-julho\\\/\",\"name\":\"Colina vive clima de preparativos para 45\u00aa Festa do Cavalo de Colina de 5 a 9 de julho - Regi\u00e3o News\",\"isPartOf\":{\"@id\":\"https:\\\/\\\/regiaonews.net.br\\\/2022\\\/#website\"},\"primaryImageOfPage\":{\"@id\":\"https:\\\/\\\/regiaonews.net.br\\\/2022\\\/2024\\\/06\\\/27\\\/colina-vive-clima-de-preparativos-para-45a-festa-do-cavalo-de-colina-de-5-a-9-de-julho\\\/#primaryimage\"},\"image\":{\"@id\":\"https:\\\/\\\/regiaonews.net.br\\\/2022\\\/2024\\\/06\\\/27\\\/colina-vive-clima-de-preparativos-para-45a-festa-do-cavalo-de-colina-de-5-a-9-de-julho\\\/#primaryimage\"},\"thumbnailUrl\":\"https:\\\/\\\/regiaonews.net.br\\\/2022\\\/wp-content\\\/uploads\\\/2024\\\/06\\\/g_62_0_7_27062024094201.jpeg\",\"datePublished\":\"2024-06-27T14:00:03+00:00\",\"breadcrumb\":{\"@id\":\"https:\\\/\\\/regiaonews.net.br\\\/2022\\\/2024\\\/06\\\/27\\\/colina-vive-clima-de-preparativos-para-45a-festa-do-cavalo-de-colina-de-5-a-9-de-julho\\\/#breadcrumb\"},\"inLanguage\":\"pt-BR\",\"potentialAction\":[{\"@type\":\"ReadAction\",\"target\":[\"https:\\\/\\\/regiaonews.net.br\\\/2022\\\/2024\\\/06\\\/27\\\/colina-vive-clima-de-preparativos-para-45a-festa-do-cavalo-de-colina-de-5-a-9-de-julho\\\/\"]}]},{\"@type\":\"ImageObject\",\"inLanguage\":\"pt-BR\",\"@id\":\"https:\\\/\\\/regiaonews.net.br\\\/2022\\\/2024\\\/06\\\/27\\\/colina-vive-clima-de-preparativos-para-45a-festa-do-cavalo-de-colina-de-5-a-9-de-julho\\\/#primaryimage\",\"url\":\"https:\\\/\\\/regiaonews.net.br\\\/2022\\\/wp-content\\\/uploads\\\/2024\\\/06\\\/g_62_0_7_27062024094201.jpeg\",\"contentUrl\":\"https:\\\/\\\/regiaonews.net.br\\\/2022\\\/wp-content\\\/uploads\\\/2024\\\/06\\\/g_62_0_7_27062024094201.jpeg\",\"width\":1080,\"height\":1080},{\"@type\":\"BreadcrumbList\",\"@id\":\"https:\\\/\\\/regiaonews.net.br\\\/2022\\\/2024\\\/06\\\/27\\\/colina-vive-clima-de-preparativos-para-45a-festa-do-cavalo-de-colina-de-5-a-9-de-julho\\\/#breadcrumb\",\"itemListElement\":[{\"@type\":\"ListItem\",\"position\":1,\"name\":\"In\u00edcio\",\"item\":\"https:\\\/\\\/regiaonews.net.br\\\/2022\\\/\"},{\"@type\":\"ListItem\",\"position\":2,\"name\":\"Colina vive clima de preparativos para 45\u00aa Festa do Cavalo de Colina de 5 a 9 de julho\"}]},{\"@type\":\"WebSite\",\"@id\":\"https:\\\/\\\/regiaonews.net.br\\\/2022\\\/#website\",\"url\":\"https:\\\/\\\/regiaonews.net.br\\\/2022\\\/\",\"name\":\"Regi\u00e3o News\",\"description\":\"Site de Not\u00edcias de Barretos e regi\u00e3o\",\"publisher\":{\"@id\":\"https:\\\/\\\/regiaonews.net.br\\\/2022\\\/#organization\"},\"potentialAction\":[{\"@type\":\"SearchAction\",\"target\":{\"@type\":\"EntryPoint\",\"urlTemplate\":\"https:\\\/\\\/regiaonews.net.br\\\/2022\\\/?s={search_term_string}\"},\"query-input\":{\"@type\":\"PropertyValueSpecification\",\"valueRequired\":true,\"valueName\":\"search_term_string\"}}],\"inLanguage\":\"pt-BR\"},{\"@type\":\"Organization\",\"@id\":\"https:\\\/\\\/regiaonews.net.br\\\/2022\\\/#organization\",\"name\":\"Regi\u00e3o News\",\"url\":\"https:\\\/\\\/regiaonews.net.br\\\/2022\\\/\",\"logo\":{\"@type\":\"ImageObject\",\"inLanguage\":\"pt-BR\",\"@id\":\"https:\\\/\\\/regiaonews.net.br\\\/2022\\\/#\\\/schema\\\/logo\\\/image\\\/\",\"url\":\"https:\\\/\\\/regiaonews.net.br\\\/2022\\\/wp-content\\\/uploads\\\/2026\\\/03\\\/regiao-13-anos-scaled.jpg\",\"contentUrl\":\"https:\\\/\\\/regiaonews.net.br\\\/2022\\\/wp-content\\\/uploads\\\/2026\\\/03\\\/regiao-13-anos-scaled.jpg\",\"width\":2560,\"height\":635,\"caption\":\"Regi\u00e3o News\"},\"image\":{\"@id\":\"https:\\\/\\\/regiaonews.net.br\\\/2022\\\/#\\\/schema\\\/logo\\\/image\\\/\"}},{\"@type\":\"Person\",\"@id\":\"https:\\\/\\\/regiaonews.net.br\\\/2022\\\/#\\\/schema\\\/person\\\/2d205a608a5aa97ac279d7a5e6d89ad8\",\"name\":\"Roberto\",\"image\":{\"@type\":\"ImageObject\",\"inLanguage\":\"pt-BR\",\"@id\":\"https:\\\/\\\/secure.gravatar.com\\\/avatar\\\/42749d8b712ff9d59ca93dc150494e5b55a44134482993f5baeb97e61b7ecc89?s=96&d=mm&r=g\",\"url\":\"https:\\\/\\\/secure.gravatar.com\\\/avatar\\\/42749d8b712ff9d59ca93dc150494e5b55a44134482993f5baeb97e61b7ecc89?s=96&d=mm&r=g\",\"contentUrl\":\"https:\\\/\\\/secure.gravatar.com\\\/avatar\\\/42749d8b712ff9d59ca93dc150494e5b55a44134482993f5baeb97e61b7ecc89?s=96&d=mm&r=g\",\"caption\":\"Roberto\"},\"url\":\"https:\\\/\\\/regiaonews.net.br\\\/2022\\\/author\\\/roberto\\\/\"}]}<\/script>\n<!-- \/ Yoast SEO plugin. -->","yoast_head_json":{"title":"Colina vive clima de preparativos para 45\u00aa Festa do Cavalo de Colina de 5 a 9 de julho - Regi\u00e3o News","robots":{"index":"index","follow":"follow","max-snippet":"max-snippet:-1","max-image-preview":"max-image-preview:large","max-video-preview":"max-video-preview:-1"},"canonical":"https:\/\/regiaonews.net.br\/2022\/2024\/06\/27\/colina-vive-clima-de-preparativos-para-45a-festa-do-cavalo-de-colina-de-5-a-9-de-julho\/","og_locale":"pt_BR","og_type":"article","og_title":"Colina vive clima de preparativos para 45\u00aa Festa do Cavalo de Colina de 5 a 9 de julho - Regi\u00e3o News","og_description":"A Prefeitura Municipal de Colina, por meio da Secretaria Municipal","og_url":"https:\/\/regiaonews.net.br\/2022\/2024\/06\/27\/colina-vive-clima-de-preparativos-para-45a-festa-do-cavalo-de-colina-de-5-a-9-de-julho\/","og_site_name":"Regi\u00e3o News","article_published_time":"2024-06-27T14:00:03+00:00","og_image":[{"width":1080,"height":1080,"url":"https:\/\/regiaonews.net.br\/2022\/wp-content\/uploads\/2024\/06\/g_62_0_7_27062024094201.jpeg","type":"image\/jpeg"}],"author":"Roberto","twitter_card":"summary_large_image","twitter_misc":{"Escrito por":"Roberto","Est. tempo de leitura":"4 minutos"},"schema":{"@context":"https:\/\/schema.org","@graph":[{"@type":"Article","@id":"https:\/\/regiaonews.net.br\/2022\/2024\/06\/27\/colina-vive-clima-de-preparativos-para-45a-festa-do-cavalo-de-colina-de-5-a-9-de-julho\/#article","isPartOf":{"@id":"https:\/\/regiaonews.net.br\/2022\/2024\/06\/27\/colina-vive-clima-de-preparativos-para-45a-festa-do-cavalo-de-colina-de-5-a-9-de-julho\/"},"author":{"name":"Roberto","@id":"https:\/\/regiaonews.net.br\/2022\/#\/schema\/person\/2d205a608a5aa97ac279d7a5e6d89ad8"},"headline":"Colina vive clima de preparativos para 45\u00aa Festa do Cavalo de Colina de 5 a 9 de julho","datePublished":"2024-06-27T14:00:03+00:00","mainEntityOfPage":{"@id":"https:\/\/regiaonews.net.br\/2022\/2024\/06\/27\/colina-vive-clima-de-preparativos-para-45a-festa-do-cavalo-de-colina-de-5-a-9-de-julho\/"},"wordCount":501,"commentCount":0,"publisher":{"@id":"https:\/\/regiaonews.net.br\/2022\/#organization"},"image":{"@id":"https:\/\/regiaonews.net.br\/2022\/2024\/06\/27\/colina-vive-clima-de-preparativos-para-45a-festa-do-cavalo-de-colina-de-5-a-9-de-julho\/#primaryimage"},"thumbnailUrl":"https:\/\/regiaonews.net.br\/2022\/wp-content\/uploads\/2024\/06\/g_62_0_7_27062024094201.jpeg","articleSection":["Colina","Cotidiano"],"inLanguage":"pt-BR","potentialAction":[{"@type":"CommentAction","name":"Comment","target":["https:\/\/regiaonews.net.br\/2022\/2024\/06\/27\/colina-vive-clima-de-preparativos-para-45a-festa-do-cavalo-de-colina-de-5-a-9-de-julho\/#respond"]}]},{"@type":"WebPage","@id":"https:\/\/regiaonews.net.br\/2022\/2024\/06\/27\/colina-vive-clima-de-preparativos-para-45a-festa-do-cavalo-de-colina-de-5-a-9-de-julho\/","url":"https:\/\/regiaonews.net.br\/2022\/2024\/06\/27\/colina-vive-clima-de-preparativos-para-45a-festa-do-cavalo-de-colina-de-5-a-9-de-julho\/","name":"Colina vive clima de preparativos para 45\u00aa Festa do Cavalo de Colina de 5 a 9 de julho - Regi\u00e3o News","isPartOf":{"@id":"https:\/\/regiaonews.net.br\/2022\/#website"},"primaryImageOfPage":{"@id":"https:\/\/regiaonews.net.br\/2022\/2024\/06\/27\/colina-vive-clima-de-preparativos-para-45a-festa-do-cavalo-de-colina-de-5-a-9-de-julho\/#primaryimage"},"image":{"@id":"https:\/\/regiaonews.net.br\/2022\/2024\/06\/27\/colina-vive-clima-de-preparativos-para-45a-festa-do-cavalo-de-colina-de-5-a-9-de-julho\/#primaryimage"},"thumbnailUrl":"https:\/\/regiaonews.net.br\/2022\/wp-content\/uploads\/2024\/06\/g_62_0_7_27062024094201.jpeg","datePublished":"2024-06-27T14:00:03+00:00","breadcrumb":{"@id":"https:\/\/regiaonews.net.br\/2022\/2024\/06\/27\/colina-vive-clima-de-preparativos-para-45a-festa-do-cavalo-de-colina-de-5-a-9-de-julho\/#breadcrumb"},"inLanguage":"pt-BR","potentialAction":[{"@type":"ReadAction","target":["https:\/\/regiaonews.net.br\/2022\/2024\/06\/27\/colina-vive-clima-de-preparativos-para-45a-festa-do-cavalo-de-colina-de-5-a-9-de-julho\/"]}]},{"@type":"ImageObject","inLanguage":"pt-BR","@id":"https:\/\/regiaonews.net.br\/2022\/2024\/06\/27\/colina-vive-clima-de-preparativos-para-45a-festa-do-cavalo-de-colina-de-5-a-9-de-julho\/#primaryimage","url":"https:\/\/regiaonews.net.br\/2022\/wp-content\/uploads\/2024\/06\/g_62_0_7_27062024094201.jpeg","contentUrl":"https:\/\/regiaonews.net.br\/2022\/wp-content\/uploads\/2024\/06\/g_62_0_7_27062024094201.jpeg","width":1080,"height":1080},{"@type":"BreadcrumbList","@id":"https:\/\/regiaonews.net.br\/2022\/2024\/06\/27\/colina-vive-clima-de-preparativos-para-45a-festa-do-cavalo-de-colina-de-5-a-9-de-julho\/#breadcrumb","itemListElement":[{"@type":"ListItem","position":1,"name":"In\u00edcio","item":"https:\/\/regiaonews.net.br\/2022\/"},{"@type":"ListItem","position":2,"name":"Colina vive clima de preparativos para 45\u00aa Festa do Cavalo de Colina de 5 a 9 de julho"}]},{"@type":"WebSite","@id":"https:\/\/regiaonews.net.br\/2022\/#website","url":"https:\/\/regiaonews.net.br\/2022\/","name":"Regi\u00e3o News","description":"Site de Not\u00edcias de Barretos e regi\u00e3o","publisher":{"@id":"https:\/\/regiaonews.net.br\/2022\/#organization"},"potentialAction":[{"@type":"SearchAction","target":{"@type":"EntryPoint","urlTemplate":"https:\/\/regiaonews.net.br\/2022\/?s={search_term_string}"},"query-input":{"@type":"PropertyValueSpecification","valueRequired":true,"valueName":"search_term_string"}}],"inLanguage":"pt-BR"},{"@type":"Organization","@id":"https:\/\/regiaonews.net.br\/2022\/#organization","name":"Regi\u00e3o News","url":"https:\/\/regiaonews.net.br\/2022\/","logo":{"@type":"ImageObject","inLanguage":"pt-BR","@id":"https:\/\/regiaonews.net.br\/2022\/#\/schema\/logo\/image\/","url":"https:\/\/regiaonews.net.br\/2022\/wp-content\/uploads\/2026\/03\/regiao-13-anos-scaled.jpg","contentUrl":"https:\/\/regiaonews.net.br\/2022\/wp-content\/uploads\/2026\/03\/regiao-13-anos-scaled.jpg","width":2560,"height":635,"caption":"Regi\u00e3o News"},"image":{"@id":"https:\/\/regiaonews.net.br\/2022\/#\/schema\/logo\/image\/"}},{"@type":"Person","@id":"https:\/\/regiaonews.net.br\/2022\/#\/schema\/person\/2d205a608a5aa97ac279d7a5e6d89ad8","name":"Roberto","image":{"@type":"ImageObject","inLanguage":"pt-BR","@id":"https:\/\/secure.gravatar.com\/avatar\/42749d8b712ff9d59ca93dc150494e5b55a44134482993f5baeb97e61b7ecc89?s=96&d=mm&r=g","url":"https:\/\/secure.gravatar.com\/avatar\/42749d8b712ff9d59ca93dc150494e5b55a44134482993f5baeb97e61b7ecc89?s=96&d=mm&r=g","contentUrl":"https:\/\/secure.gravatar.com\/avatar\/42749d8b712ff9d59ca93dc150494e5b55a44134482993f5baeb97e61b7ecc89?s=96&d=mm&r=g","caption":"Roberto"},"url":"https:\/\/regiaonews.net.br\/2022\/author\/roberto\/"}]}},"publishpress_future_action":{"enabled":false,"date":"2026-05-03 02:20:29","action":"change-status","newStatus":"draft","terms":[],"taxonomy":"category","extraData":[]},"publishpress_future_workflow_manual_trigger":{"enabledWorkflows":[]},"_links":{"self":[{"href":"https:\/\/regiaonews.net.br\/2022\/wp-json\/wp\/v2\/posts\/106896","targetHints":{"allow":["GET"]}}],"collection":[{"href":"https:\/\/regiaonews.net.br\/2022\/wp-json\/wp\/v2\/posts"}],"about":[{"href":"https:\/\/regiaonews.net.br\/2022\/wp-json\/wp\/v2\/types\/post"}],"author":[{"embeddable":true,"href":"https:\/\/regiaonews.net.br\/2022\/wp-json\/wp\/v2\/users\/2"}],"replies":[{"embeddable":true,"href":"https:\/\/regiaonews.net.br\/2022\/wp-json\/wp\/v2\/comments?post=106896"}],"version-history":[{"count":1,"href":"https:\/\/regiaonews.net.br\/2022\/wp-json\/wp\/v2\/posts\/106896\/revisions"}],"predecessor-version":[{"id":106904,"href":"https:\/\/regiaonews.net.br\/2022\/wp-json\/wp\/v2\/posts\/106896\/revisions\/106904"}],"wp:featuredmedia":[{"embeddable":true,"href":"https:\/\/regiaonews.net.br\/2022\/wp-json\/wp\/v2\/media\/106897"}],"wp:attachment":[{"href":"https:\/\/regiaonews.net.br\/2022\/wp-json\/wp\/v2\/media?parent=106896"}],"wp:term":[{"taxonomy":"category","embeddable":true,"href":"https:\/\/regiaonews.net.br\/2022\/wp-json\/wp\/v2\/categories?post=106896"},{"taxonomy":"post_tag","embeddable":true,"href":"https:\/\/regiaonews.net.br\/2022\/wp-json\/wp\/v2\/tags?post=106896"}],"curies":[{"name":"wp","href":"https:\/\/api.w.org\/{rel}","templated":true}]}}