{"id":106875,"date":"2024-06-26T19:00:15","date_gmt":"2024-06-26T22:00:15","guid":{"rendered":"https:\/\/regiaonews.net.br\/2022\/?p=106875"},"modified":"2024-06-26T19:00:15","modified_gmt":"2024-06-26T22:00:15","slug":"populacao-do-bairro-nadir-kenan-ganha-novo-espaco-de-convivio-e-lazer","status":"publish","type":"post","link":"https:\/\/regiaonews.net.br\/2022\/2024\/06\/26\/populacao-do-bairro-nadir-kenan-ganha-novo-espaco-de-convivio-e-lazer\/","title":{"rendered":"Popula\u00e7\u00e3o do bairro Nadir Kenan ganha novo espa\u00e7o de conv\u00edvio e lazer"},"content":{"rendered":"<p>Pra\u00e7a recebeu o nome do advogado barretense \u201cDr. Andr\u00e9 Luis Homero de Souza\u201d<\/p>\n<p>Em uma cerim\u00f4nia cheia de emo\u00e7\u00e3o e alegria, a Prefeitura de Barretos inaugurou na ter\u00e7a-feira, 25 de junho, mais um espa\u00e7o de lazer para a popula\u00e7\u00e3o, no bairro Nadir Kenan. A pra\u00e7a, que fica na Rua M\u00e1rio Vicentini Vilela, entre as avenidas Jo\u00e3o Gai e Jo\u00e3o Cavalini, recebeu o nome do advogado barretense \u201cDr. Andr\u00e9 Luis Homero de Souza\u201d.<br \/>\n\u201cO Andr\u00e9 foi um grande advogado, um grande pai, que partiu prematuramente e que hoje a gente homenageia deixando o nome dele eternizado nessa pra\u00e7a, um espa\u00e7o cheio de crian\u00e7as, que ele adorava. Tamb\u00e9m quero dizer da minha felicidade em poder entregar mais um espa\u00e7o coletivo para a nossa popula\u00e7\u00e3o, eu falo que a pra\u00e7a \u00e9 o local mais democr\u00e1tico que pode existir em uma cidade\u201d, disse a Prefeita Paula Lemos.<br \/>\nAutor do Projeto de Lei (PL) que deu nome ao local, o vereador Raphael Silv\u00e9rio se emocionou ao falar do amigo, falecido em 2021, e relembrou passagens de sua vida. \u201cO Andr\u00e9 foi meu amigo, assessor, irm\u00e3o e conselheiro. Os filhos e os pais dele ter\u00e3o muito orgulho de passar aqui e saber que o nome dele est\u00e1 perpetuado nesse espa\u00e7o\u201d, disse.<br \/>\nSilvio Homero de Souza e a esposa, Maria Luiza, pais de Andr\u00e9, agradeceram a homenagem. \u201c\u00c9 emocionante, a gente fica super feliz. Traz boas recorda\u00e7\u00f5es do meu filho, que infelizmente teve uma passagem curta nessa vida\u201d, disse S\u00edlvio. \u201cA hora que eu cheguei aqui, eu vi a cara dele. Ele sempre foi um filho maravilhoso\u201d, completou Maria Luiza. O casal estava acompanhado dos netos, Luiz Eduardo e Maria Fernanda, familiares e amigos.<br \/>\nO investimento no local foi de R$ 257.025,48, sendo R$ 200.000,00 provenientes de repasse da Secretaria de Desenvolvimento Urbano e Habita\u00e7\u00e3o do Estado de S\u00e3o Paulo, mais contrapartida municipal de R$ 57.025,48.<br \/>\nO evento tamb\u00e9m contou com a participa\u00e7\u00e3o dos vereadores Paulo Correa, coautor do PL de denomina\u00e7\u00e3o, Gabriel Uchida, Dr. Chafei Amsei Neto e Nestor Leonel, secret\u00e1rios municipais e popula\u00e7\u00e3o local.<\/p>\n","protected":false},"excerpt":{"rendered":"<p>Pra\u00e7a recebeu o nome do advogado barretense \u201cDr. Andr\u00e9 Luis<\/p>\n","protected":false},"author":2,"featured_media":106876,"comment_status":"open","ping_status":"open","sticky":false,"template":"","format":"standard","meta":{"footnotes":""},"categories":[14,3],"tags":[],"class_list":["post-106875","post","type-post","status-publish","format-standard","has-post-thumbnail","hentry","category-barretos","category-geral"],"yoast_head":"<!-- This site is optimized with the Yoast SEO plugin v27.4 - https:\/\/yoast.com\/product\/yoast-seo-wordpress\/ -->\n<title>Popula\u00e7\u00e3o do bairro Nadir Kenan ganha novo espa\u00e7o de conv\u00edvio e lazer - Regi\u00e3o News<\/title>\n<meta name=\"robots\" content=\"index, follow, max-snippet:-1, max-image-preview:large, max-video-preview:-1\" \/>\n<link rel=\"canonical\" href=\"https:\/\/regiaonews.net.br\/2022\/2024\/06\/26\/populacao-do-bairro-nadir-kenan-ganha-novo-espaco-de-convivio-e-lazer\/\" \/>\n<meta property=\"og:locale\" content=\"pt_BR\" \/>\n<meta property=\"og:type\" content=\"article\" \/>\n<meta property=\"og:title\" content=\"Popula\u00e7\u00e3o do bairro Nadir Kenan ganha novo espa\u00e7o de conv\u00edvio e lazer - Regi\u00e3o News\" \/>\n<meta property=\"og:description\" content=\"Pra\u00e7a recebeu o nome do advogado barretense \u201cDr. Andr\u00e9 Luis\" \/>\n<meta property=\"og:url\" content=\"https:\/\/regiaonews.net.br\/2022\/2024\/06\/26\/populacao-do-bairro-nadir-kenan-ganha-novo-espaco-de-convivio-e-lazer\/\" \/>\n<meta property=\"og:site_name\" content=\"Regi\u00e3o News\" \/>\n<meta property=\"article:published_time\" content=\"2024-06-26T22:00:15+00:00\" \/>\n<meta property=\"og:image\" content=\"https:\/\/regiaonews.net.br\/2022\/wp-content\/uploads\/2024\/06\/WhatsApp-Image-2024-06-26-at-17.07.30.jpeg\" \/>\n\t<meta property=\"og:image:width\" content=\"1600\" \/>\n\t<meta property=\"og:image:height\" content=\"1067\" \/>\n\t<meta property=\"og:image:type\" content=\"image\/jpeg\" \/>\n<meta name=\"author\" content=\"Roberto\" \/>\n<meta name=\"twitter:card\" content=\"summary_large_image\" \/>\n<meta name=\"twitter:label1\" content=\"Escrito por\" \/>\n\t<meta name=\"twitter:data1\" content=\"Roberto\" \/>\n\t<meta name=\"twitter:label2\" content=\"Est. tempo de leitura\" \/>\n\t<meta name=\"twitter:data2\" content=\"3 minutos\" \/>\n<script type=\"application\/ld+json\" class=\"yoast-schema-graph\">{\"@context\":\"https:\\\/\\\/schema.org\",\"@graph\":[{\"@type\":\"Article\",\"@id\":\"https:\\\/\\\/regiaonews.net.br\\\/2022\\\/2024\\\/06\\\/26\\\/populacao-do-bairro-nadir-kenan-ganha-novo-espaco-de-convivio-e-lazer\\\/#article\",\"isPartOf\":{\"@id\":\"https:\\\/\\\/regiaonews.net.br\\\/2022\\\/2024\\\/06\\\/26\\\/populacao-do-bairro-nadir-kenan-ganha-novo-espaco-de-convivio-e-lazer\\\/\"},\"author\":{\"name\":\"Roberto\",\"@id\":\"https:\\\/\\\/regiaonews.net.br\\\/2022\\\/#\\\/schema\\\/person\\\/2d205a608a5aa97ac279d7a5e6d89ad8\"},\"headline\":\"Popula\u00e7\u00e3o do bairro Nadir Kenan ganha novo espa\u00e7o de conv\u00edvio e lazer\",\"datePublished\":\"2024-06-26T22:00:15+00:00\",\"mainEntityOfPage\":{\"@id\":\"https:\\\/\\\/regiaonews.net.br\\\/2022\\\/2024\\\/06\\\/26\\\/populacao-do-bairro-nadir-kenan-ganha-novo-espaco-de-convivio-e-lazer\\\/\"},\"wordCount\":378,\"commentCount\":0,\"publisher\":{\"@id\":\"https:\\\/\\\/regiaonews.net.br\\\/2022\\\/#organization\"},\"image\":{\"@id\":\"https:\\\/\\\/regiaonews.net.br\\\/2022\\\/2024\\\/06\\\/26\\\/populacao-do-bairro-nadir-kenan-ganha-novo-espaco-de-convivio-e-lazer\\\/#primaryimage\"},\"thumbnailUrl\":\"https:\\\/\\\/regiaonews.net.br\\\/2022\\\/wp-content\\\/uploads\\\/2024\\\/06\\\/WhatsApp-Image-2024-06-26-at-17.07.30.jpeg\",\"articleSection\":[\"Barretos\",\"Geral\"],\"inLanguage\":\"pt-BR\",\"potentialAction\":[{\"@type\":\"CommentAction\",\"name\":\"Comment\",\"target\":[\"https:\\\/\\\/regiaonews.net.br\\\/2022\\\/2024\\\/06\\\/26\\\/populacao-do-bairro-nadir-kenan-ganha-novo-espaco-de-convivio-e-lazer\\\/#respond\"]}]},{\"@type\":\"WebPage\",\"@id\":\"https:\\\/\\\/regiaonews.net.br\\\/2022\\\/2024\\\/06\\\/26\\\/populacao-do-bairro-nadir-kenan-ganha-novo-espaco-de-convivio-e-lazer\\\/\",\"url\":\"https:\\\/\\\/regiaonews.net.br\\\/2022\\\/2024\\\/06\\\/26\\\/populacao-do-bairro-nadir-kenan-ganha-novo-espaco-de-convivio-e-lazer\\\/\",\"name\":\"Popula\u00e7\u00e3o do bairro Nadir Kenan ganha novo espa\u00e7o de conv\u00edvio e lazer - Regi\u00e3o News\",\"isPartOf\":{\"@id\":\"https:\\\/\\\/regiaonews.net.br\\\/2022\\\/#website\"},\"primaryImageOfPage\":{\"@id\":\"https:\\\/\\\/regiaonews.net.br\\\/2022\\\/2024\\\/06\\\/26\\\/populacao-do-bairro-nadir-kenan-ganha-novo-espaco-de-convivio-e-lazer\\\/#primaryimage\"},\"image\":{\"@id\":\"https:\\\/\\\/regiaonews.net.br\\\/2022\\\/2024\\\/06\\\/26\\\/populacao-do-bairro-nadir-kenan-ganha-novo-espaco-de-convivio-e-lazer\\\/#primaryimage\"},\"thumbnailUrl\":\"https:\\\/\\\/regiaonews.net.br\\\/2022\\\/wp-content\\\/uploads\\\/2024\\\/06\\\/WhatsApp-Image-2024-06-26-at-17.07.30.jpeg\",\"datePublished\":\"2024-06-26T22:00:15+00:00\",\"breadcrumb\":{\"@id\":\"https:\\\/\\\/regiaonews.net.br\\\/2022\\\/2024\\\/06\\\/26\\\/populacao-do-bairro-nadir-kenan-ganha-novo-espaco-de-convivio-e-lazer\\\/#breadcrumb\"},\"inLanguage\":\"pt-BR\",\"potentialAction\":[{\"@type\":\"ReadAction\",\"target\":[\"https:\\\/\\\/regiaonews.net.br\\\/2022\\\/2024\\\/06\\\/26\\\/populacao-do-bairro-nadir-kenan-ganha-novo-espaco-de-convivio-e-lazer\\\/\"]}]},{\"@type\":\"ImageObject\",\"inLanguage\":\"pt-BR\",\"@id\":\"https:\\\/\\\/regiaonews.net.br\\\/2022\\\/2024\\\/06\\\/26\\\/populacao-do-bairro-nadir-kenan-ganha-novo-espaco-de-convivio-e-lazer\\\/#primaryimage\",\"url\":\"https:\\\/\\\/regiaonews.net.br\\\/2022\\\/wp-content\\\/uploads\\\/2024\\\/06\\\/WhatsApp-Image-2024-06-26-at-17.07.30.jpeg\",\"contentUrl\":\"https:\\\/\\\/regiaonews.net.br\\\/2022\\\/wp-content\\\/uploads\\\/2024\\\/06\\\/WhatsApp-Image-2024-06-26-at-17.07.30.jpeg\",\"width\":1600,\"height\":1067},{\"@type\":\"BreadcrumbList\",\"@id\":\"https:\\\/\\\/regiaonews.net.br\\\/2022\\\/2024\\\/06\\\/26\\\/populacao-do-bairro-nadir-kenan-ganha-novo-espaco-de-convivio-e-lazer\\\/#breadcrumb\",\"itemListElement\":[{\"@type\":\"ListItem\",\"position\":1,\"name\":\"In\u00edcio\",\"item\":\"https:\\\/\\\/regiaonews.net.br\\\/2022\\\/\"},{\"@type\":\"ListItem\",\"position\":2,\"name\":\"Popula\u00e7\u00e3o do bairro Nadir Kenan ganha novo espa\u00e7o de conv\u00edvio e lazer\"}]},{\"@type\":\"WebSite\",\"@id\":\"https:\\\/\\\/regiaonews.net.br\\\/2022\\\/#website\",\"url\":\"https:\\\/\\\/regiaonews.net.br\\\/2022\\\/\",\"name\":\"Regi\u00e3o News\",\"description\":\"Site de Not\u00edcias de Barretos e regi\u00e3o\",\"publisher\":{\"@id\":\"https:\\\/\\\/regiaonews.net.br\\\/2022\\\/#organization\"},\"potentialAction\":[{\"@type\":\"SearchAction\",\"target\":{\"@type\":\"EntryPoint\",\"urlTemplate\":\"https:\\\/\\\/regiaonews.net.br\\\/2022\\\/?s={search_term_string}\"},\"query-input\":{\"@type\":\"PropertyValueSpecification\",\"valueRequired\":true,\"valueName\":\"search_term_string\"}}],\"inLanguage\":\"pt-BR\"},{\"@type\":\"Organization\",\"@id\":\"https:\\\/\\\/regiaonews.net.br\\\/2022\\\/#organization\",\"name\":\"Regi\u00e3o News\",\"url\":\"https:\\\/\\\/regiaonews.net.br\\\/2022\\\/\",\"logo\":{\"@type\":\"ImageObject\",\"inLanguage\":\"pt-BR\",\"@id\":\"https:\\\/\\\/regiaonews.net.br\\\/2022\\\/#\\\/schema\\\/logo\\\/image\\\/\",\"url\":\"https:\\\/\\\/regiaonews.net.br\\\/2022\\\/wp-content\\\/uploads\\\/2026\\\/03\\\/regiao-13-anos-scaled.jpg\",\"contentUrl\":\"https:\\\/\\\/regiaonews.net.br\\\/2022\\\/wp-content\\\/uploads\\\/2026\\\/03\\\/regiao-13-anos-scaled.jpg\",\"width\":2560,\"height\":635,\"caption\":\"Regi\u00e3o News\"},\"image\":{\"@id\":\"https:\\\/\\\/regiaonews.net.br\\\/2022\\\/#\\\/schema\\\/logo\\\/image\\\/\"}},{\"@type\":\"Person\",\"@id\":\"https:\\\/\\\/regiaonews.net.br\\\/2022\\\/#\\\/schema\\\/person\\\/2d205a608a5aa97ac279d7a5e6d89ad8\",\"name\":\"Roberto\",\"image\":{\"@type\":\"ImageObject\",\"inLanguage\":\"pt-BR\",\"@id\":\"https:\\\/\\\/secure.gravatar.com\\\/avatar\\\/42749d8b712ff9d59ca93dc150494e5b55a44134482993f5baeb97e61b7ecc89?s=96&d=mm&r=g\",\"url\":\"https:\\\/\\\/secure.gravatar.com\\\/avatar\\\/42749d8b712ff9d59ca93dc150494e5b55a44134482993f5baeb97e61b7ecc89?s=96&d=mm&r=g\",\"contentUrl\":\"https:\\\/\\\/secure.gravatar.com\\\/avatar\\\/42749d8b712ff9d59ca93dc150494e5b55a44134482993f5baeb97e61b7ecc89?s=96&d=mm&r=g\",\"caption\":\"Roberto\"},\"url\":\"https:\\\/\\\/regiaonews.net.br\\\/2022\\\/author\\\/roberto\\\/\"}]}<\/script>\n<!-- \/ Yoast SEO plugin. -->","yoast_head_json":{"title":"Popula\u00e7\u00e3o do bairro Nadir Kenan ganha novo espa\u00e7o de conv\u00edvio e lazer - Regi\u00e3o News","robots":{"index":"index","follow":"follow","max-snippet":"max-snippet:-1","max-image-preview":"max-image-preview:large","max-video-preview":"max-video-preview:-1"},"canonical":"https:\/\/regiaonews.net.br\/2022\/2024\/06\/26\/populacao-do-bairro-nadir-kenan-ganha-novo-espaco-de-convivio-e-lazer\/","og_locale":"pt_BR","og_type":"article","og_title":"Popula\u00e7\u00e3o do bairro Nadir Kenan ganha novo espa\u00e7o de conv\u00edvio e lazer - Regi\u00e3o News","og_description":"Pra\u00e7a recebeu o nome do advogado barretense \u201cDr. Andr\u00e9 Luis","og_url":"https:\/\/regiaonews.net.br\/2022\/2024\/06\/26\/populacao-do-bairro-nadir-kenan-ganha-novo-espaco-de-convivio-e-lazer\/","og_site_name":"Regi\u00e3o News","article_published_time":"2024-06-26T22:00:15+00:00","og_image":[{"width":1600,"height":1067,"url":"https:\/\/regiaonews.net.br\/2022\/wp-content\/uploads\/2024\/06\/WhatsApp-Image-2024-06-26-at-17.07.30.jpeg","type":"image\/jpeg"}],"author":"Roberto","twitter_card":"summary_large_image","twitter_misc":{"Escrito por":"Roberto","Est. tempo de leitura":"3 minutos"},"schema":{"@context":"https:\/\/schema.org","@graph":[{"@type":"Article","@id":"https:\/\/regiaonews.net.br\/2022\/2024\/06\/26\/populacao-do-bairro-nadir-kenan-ganha-novo-espaco-de-convivio-e-lazer\/#article","isPartOf":{"@id":"https:\/\/regiaonews.net.br\/2022\/2024\/06\/26\/populacao-do-bairro-nadir-kenan-ganha-novo-espaco-de-convivio-e-lazer\/"},"author":{"name":"Roberto","@id":"https:\/\/regiaonews.net.br\/2022\/#\/schema\/person\/2d205a608a5aa97ac279d7a5e6d89ad8"},"headline":"Popula\u00e7\u00e3o do bairro Nadir Kenan ganha novo espa\u00e7o de conv\u00edvio e lazer","datePublished":"2024-06-26T22:00:15+00:00","mainEntityOfPage":{"@id":"https:\/\/regiaonews.net.br\/2022\/2024\/06\/26\/populacao-do-bairro-nadir-kenan-ganha-novo-espaco-de-convivio-e-lazer\/"},"wordCount":378,"commentCount":0,"publisher":{"@id":"https:\/\/regiaonews.net.br\/2022\/#organization"},"image":{"@id":"https:\/\/regiaonews.net.br\/2022\/2024\/06\/26\/populacao-do-bairro-nadir-kenan-ganha-novo-espaco-de-convivio-e-lazer\/#primaryimage"},"thumbnailUrl":"https:\/\/regiaonews.net.br\/2022\/wp-content\/uploads\/2024\/06\/WhatsApp-Image-2024-06-26-at-17.07.30.jpeg","articleSection":["Barretos","Geral"],"inLanguage":"pt-BR","potentialAction":[{"@type":"CommentAction","name":"Comment","target":["https:\/\/regiaonews.net.br\/2022\/2024\/06\/26\/populacao-do-bairro-nadir-kenan-ganha-novo-espaco-de-convivio-e-lazer\/#respond"]}]},{"@type":"WebPage","@id":"https:\/\/regiaonews.net.br\/2022\/2024\/06\/26\/populacao-do-bairro-nadir-kenan-ganha-novo-espaco-de-convivio-e-lazer\/","url":"https:\/\/regiaonews.net.br\/2022\/2024\/06\/26\/populacao-do-bairro-nadir-kenan-ganha-novo-espaco-de-convivio-e-lazer\/","name":"Popula\u00e7\u00e3o do bairro Nadir Kenan ganha novo espa\u00e7o de conv\u00edvio e lazer - Regi\u00e3o News","isPartOf":{"@id":"https:\/\/regiaonews.net.br\/2022\/#website"},"primaryImageOfPage":{"@id":"https:\/\/regiaonews.net.br\/2022\/2024\/06\/26\/populacao-do-bairro-nadir-kenan-ganha-novo-espaco-de-convivio-e-lazer\/#primaryimage"},"image":{"@id":"https:\/\/regiaonews.net.br\/2022\/2024\/06\/26\/populacao-do-bairro-nadir-kenan-ganha-novo-espaco-de-convivio-e-lazer\/#primaryimage"},"thumbnailUrl":"https:\/\/regiaonews.net.br\/2022\/wp-content\/uploads\/2024\/06\/WhatsApp-Image-2024-06-26-at-17.07.30.jpeg","datePublished":"2024-06-26T22:00:15+00:00","breadcrumb":{"@id":"https:\/\/regiaonews.net.br\/2022\/2024\/06\/26\/populacao-do-bairro-nadir-kenan-ganha-novo-espaco-de-convivio-e-lazer\/#breadcrumb"},"inLanguage":"pt-BR","potentialAction":[{"@type":"ReadAction","target":["https:\/\/regiaonews.net.br\/2022\/2024\/06\/26\/populacao-do-bairro-nadir-kenan-ganha-novo-espaco-de-convivio-e-lazer\/"]}]},{"@type":"ImageObject","inLanguage":"pt-BR","@id":"https:\/\/regiaonews.net.br\/2022\/2024\/06\/26\/populacao-do-bairro-nadir-kenan-ganha-novo-espaco-de-convivio-e-lazer\/#primaryimage","url":"https:\/\/regiaonews.net.br\/2022\/wp-content\/uploads\/2024\/06\/WhatsApp-Image-2024-06-26-at-17.07.30.jpeg","contentUrl":"https:\/\/regiaonews.net.br\/2022\/wp-content\/uploads\/2024\/06\/WhatsApp-Image-2024-06-26-at-17.07.30.jpeg","width":1600,"height":1067},{"@type":"BreadcrumbList","@id":"https:\/\/regiaonews.net.br\/2022\/2024\/06\/26\/populacao-do-bairro-nadir-kenan-ganha-novo-espaco-de-convivio-e-lazer\/#breadcrumb","itemListElement":[{"@type":"ListItem","position":1,"name":"In\u00edcio","item":"https:\/\/regiaonews.net.br\/2022\/"},{"@type":"ListItem","position":2,"name":"Popula\u00e7\u00e3o do bairro Nadir Kenan ganha novo espa\u00e7o de conv\u00edvio e lazer"}]},{"@type":"WebSite","@id":"https:\/\/regiaonews.net.br\/2022\/#website","url":"https:\/\/regiaonews.net.br\/2022\/","name":"Regi\u00e3o News","description":"Site de Not\u00edcias de Barretos e regi\u00e3o","publisher":{"@id":"https:\/\/regiaonews.net.br\/2022\/#organization"},"potentialAction":[{"@type":"SearchAction","target":{"@type":"EntryPoint","urlTemplate":"https:\/\/regiaonews.net.br\/2022\/?s={search_term_string}"},"query-input":{"@type":"PropertyValueSpecification","valueRequired":true,"valueName":"search_term_string"}}],"inLanguage":"pt-BR"},{"@type":"Organization","@id":"https:\/\/regiaonews.net.br\/2022\/#organization","name":"Regi\u00e3o News","url":"https:\/\/regiaonews.net.br\/2022\/","logo":{"@type":"ImageObject","inLanguage":"pt-BR","@id":"https:\/\/regiaonews.net.br\/2022\/#\/schema\/logo\/image\/","url":"https:\/\/regiaonews.net.br\/2022\/wp-content\/uploads\/2026\/03\/regiao-13-anos-scaled.jpg","contentUrl":"https:\/\/regiaonews.net.br\/2022\/wp-content\/uploads\/2026\/03\/regiao-13-anos-scaled.jpg","width":2560,"height":635,"caption":"Regi\u00e3o News"},"image":{"@id":"https:\/\/regiaonews.net.br\/2022\/#\/schema\/logo\/image\/"}},{"@type":"Person","@id":"https:\/\/regiaonews.net.br\/2022\/#\/schema\/person\/2d205a608a5aa97ac279d7a5e6d89ad8","name":"Roberto","image":{"@type":"ImageObject","inLanguage":"pt-BR","@id":"https:\/\/secure.gravatar.com\/avatar\/42749d8b712ff9d59ca93dc150494e5b55a44134482993f5baeb97e61b7ecc89?s=96&d=mm&r=g","url":"https:\/\/secure.gravatar.com\/avatar\/42749d8b712ff9d59ca93dc150494e5b55a44134482993f5baeb97e61b7ecc89?s=96&d=mm&r=g","contentUrl":"https:\/\/secure.gravatar.com\/avatar\/42749d8b712ff9d59ca93dc150494e5b55a44134482993f5baeb97e61b7ecc89?s=96&d=mm&r=g","caption":"Roberto"},"url":"https:\/\/regiaonews.net.br\/2022\/author\/roberto\/"}]}},"publishpress_future_action":{"enabled":false,"date":"2026-05-03 05:11:35","action":"change-status","newStatus":"draft","terms":[],"taxonomy":"category","extraData":[]},"publishpress_future_workflow_manual_trigger":{"enabledWorkflows":[]},"_links":{"self":[{"href":"https:\/\/regiaonews.net.br\/2022\/wp-json\/wp\/v2\/posts\/106875","targetHints":{"allow":["GET"]}}],"collection":[{"href":"https:\/\/regiaonews.net.br\/2022\/wp-json\/wp\/v2\/posts"}],"about":[{"href":"https:\/\/regiaonews.net.br\/2022\/wp-json\/wp\/v2\/types\/post"}],"author":[{"embeddable":true,"href":"https:\/\/regiaonews.net.br\/2022\/wp-json\/wp\/v2\/users\/2"}],"replies":[{"embeddable":true,"href":"https:\/\/regiaonews.net.br\/2022\/wp-json\/wp\/v2\/comments?post=106875"}],"version-history":[{"count":1,"href":"https:\/\/regiaonews.net.br\/2022\/wp-json\/wp\/v2\/posts\/106875\/revisions"}],"predecessor-version":[{"id":106877,"href":"https:\/\/regiaonews.net.br\/2022\/wp-json\/wp\/v2\/posts\/106875\/revisions\/106877"}],"wp:featuredmedia":[{"embeddable":true,"href":"https:\/\/regiaonews.net.br\/2022\/wp-json\/wp\/v2\/media\/106876"}],"wp:attachment":[{"href":"https:\/\/regiaonews.net.br\/2022\/wp-json\/wp\/v2\/media?parent=106875"}],"wp:term":[{"taxonomy":"category","embeddable":true,"href":"https:\/\/regiaonews.net.br\/2022\/wp-json\/wp\/v2\/categories?post=106875"},{"taxonomy":"post_tag","embeddable":true,"href":"https:\/\/regiaonews.net.br\/2022\/wp-json\/wp\/v2\/tags?post=106875"}],"curies":[{"name":"wp","href":"https:\/\/api.w.org\/{rel}","templated":true}]}}