{"id":106868,"date":"2024-06-26T17:24:35","date_gmt":"2024-06-26T20:24:35","guid":{"rendered":"https:\/\/regiaonews.net.br\/2022\/?p=106868"},"modified":"2024-06-26T17:26:01","modified_gmt":"2024-06-26T20:26:01","slug":"supremo-fixa-40g-de-maconha-para-diferenciar-usuario-de-traficante","status":"publish","type":"post","link":"https:\/\/regiaonews.net.br\/2022\/2024\/06\/26\/supremo-fixa-40g-de-maconha-para-diferenciar-usuario-de-traficante\/","title":{"rendered":"Supremo fixa 40g de maconha para diferenciar usu\u00e1rio de traficante"},"content":{"rendered":"<p>O Supremo Tribunal Federal (STF) decidiu, nesta quarta-feira (26), fixar em 40 gramas ou seis plantas f\u00eameas de\u00a0<em>Cannabis sativa\u00a0<\/em>a quantidade de maconha para caracterizar porte para uso pessoal e diferenciar usu\u00e1rios e traficantes.<img decoding=\"async\" src=\"https:\/\/agenciabrasil.ebc.com.br\/ebc.png?id=1601361&amp;o=node\" \/><img decoding=\"async\" src=\"https:\/\/agenciabrasil.ebc.com.br\/ebc.gif?id=1601361&amp;o=node\" \/><\/p>\n<p>A defini\u00e7\u00e3o \u00e9 um desdobramento do julgamento no qual a Corte decidiu ontem (25) descriminalizar o porte de maconha para uso pessoal.<\/p>\n<p>O c\u00e1lculo foi feito com base nos votos dos ministros que fixaram a quantia entre 25 e 60 gramas nos votos favor\u00e1veis \u00e0 descriminaliza\u00e7\u00e3o.\u00a0 A partir de uma m\u00e9dia entre as sugest\u00f5es, a quantidade de 40 gramas foi fixada.<\/p>\n<p>A descriminaliza\u00e7\u00e3o n\u00e3o legaliza o uso da droga. O porte de maconha continua como comportamento il\u00edcito, ou seja, permanece proibido fumar a droga em local p\u00fablico, mas as consequ\u00eancias do porte passam a ter natureza administrativa, e n\u00e3o criminal.<\/p>\n<p>A decis\u00e3o n\u00e3o impede abordagens policiais, e a apreens\u00e3o da droga poder\u00e1 ser realizada pelos agentes. Nesses casos, os policiais dever\u00e3o notificar o usu\u00e1rio para comparecer \u00e0 Justi\u00e7a.<\/p>\n<p>O Supremo julgou a constitucionalidade do Artigo 28 da Lei de Drogas (Lei 11.343\/2006). Para diferenciar usu\u00e1rios e traficantes, a norma prev\u00ea penas alternativas de presta\u00e7\u00e3o de servi\u00e7os \u00e0 comunidade, advert\u00eancia sobre os efeitos das drogas e comparecimento obrigat\u00f3rio a curso educativo.<\/p>\n<p>A lei deixou de prever a pena de pris\u00e3o, mas manteve a criminaliza\u00e7\u00e3o. Dessa forma, usu\u00e1rios de drogas ainda s\u00e3o alvo de inqu\u00e9rito policial e processos judiciais que buscam o cumprimento das penas alternativas.<\/p>\n<p>Com a decis\u00e3o, a Corte Suprema manteve a lei, mas entendeu as consequ\u00eancias s\u00e3o administrativas, deixando de valer a possibilidade de cumprimento de presta\u00e7\u00e3o de servi\u00e7os comunit\u00e1rios. A advert\u00eancia e a presen\u00e7a obrigat\u00f3ria em curso educativo est\u00e3o mantidas e dever\u00e3o ser aplicadas pela Justi\u00e7a em procedimentos administrativos, sem repercuss\u00e3o penal.<\/p>\n<p>O registro de reincid\u00eancia penal tamb\u00e9m n\u00e3o poder\u00e1 ser avaliado contra os usu\u00e1rios.<\/p>\n<p>Compet\u00eancia do STF<\/p>\n<p>Durante a sess\u00e3o, o presidente do STF, ministro Lu\u00eds Roberto Barroso, rebateu as acusa\u00e7\u00f5es sobre invas\u00e3o de compet\u00eancia para julgar a descriminaliza\u00e7\u00e3o. Ontem, o presidente do Senado, Rodrigo Pacheco (PSD-MG), disse que cabe ao Congresso decidir a quest\u00e3o.<\/p>\n<p>Barroso disse que o Supremo deve decidir o caso porque recebe e julga os\u00a0<em>habeas corpus\u00a0<\/em>de presos. &#8220;Essa \u00e9 tipicamente uma mat\u00e9ria para o Poder Judici\u00e1rio. N\u00f3s precisamos ter um crit\u00e9rio para definir se a pessoa deve ficar presa, ou n\u00e3o, ou seja, se n\u00f3s vamos produzir um impacto dram\u00e1tico na vida de uma pessoa, ou n\u00e3o. \u00a0N\u00e3o h\u00e1 papel mais importante para o Judici\u00e1rio do que decidir se a pessoa deve ser presa, ou n\u00e3o&#8221;, afirmou.<\/p>\n<p>Delegacia<\/p>\n<p>Pela decis\u00e3o, os usu\u00e1rios poder\u00e3o ser levados para uma delegacia quando forem abordados pela pol\u00edcia portando maconha. Caber\u00e1 ao delegado pesar a droga, verificar se a situa\u00e7\u00e3o realmente pode ser configurada como porte para uso pessoal e encaminhar o caso para a Justi\u00e7a.<\/p>\n","protected":false},"excerpt":{"rendered":"<p>O Supremo Tribunal Federal (STF) decidiu, nesta quarta-feira (26), fixar<\/p>\n","protected":false},"author":2,"featured_media":106869,"comment_status":"open","ping_status":"open","sticky":false,"template":"","format":"standard","meta":{"footnotes":""},"categories":[24,111],"tags":[],"class_list":["post-106868","post","type-post","status-publish","format-standard","has-post-thumbnail","hentry","category-brasil","category-cotidiano"],"yoast_head":"<!-- This site is optimized with the Yoast SEO plugin v27.4 - https:\/\/yoast.com\/product\/yoast-seo-wordpress\/ -->\n<title>Supremo fixa 40g de maconha para diferenciar usu\u00e1rio de traficante - Regi\u00e3o News<\/title>\n<meta name=\"robots\" content=\"index, follow, max-snippet:-1, max-image-preview:large, max-video-preview:-1\" \/>\n<link rel=\"canonical\" href=\"https:\/\/regiaonews.net.br\/2022\/2024\/06\/26\/supremo-fixa-40g-de-maconha-para-diferenciar-usuario-de-traficante\/\" \/>\n<meta property=\"og:locale\" content=\"pt_BR\" \/>\n<meta property=\"og:type\" content=\"article\" \/>\n<meta property=\"og:title\" content=\"Supremo fixa 40g de maconha para diferenciar usu\u00e1rio de traficante - Regi\u00e3o News\" \/>\n<meta property=\"og:description\" content=\"O Supremo Tribunal Federal (STF) decidiu, nesta quarta-feira (26), fixar\" \/>\n<meta property=\"og:url\" content=\"https:\/\/regiaonews.net.br\/2022\/2024\/06\/26\/supremo-fixa-40g-de-maconha-para-diferenciar-usuario-de-traficante\/\" \/>\n<meta property=\"og:site_name\" content=\"Regi\u00e3o News\" \/>\n<meta property=\"article:published_time\" content=\"2024-06-26T20:24:35+00:00\" \/>\n<meta property=\"article:modified_time\" content=\"2024-06-26T20:26:01+00:00\" \/>\n<meta property=\"og:image\" content=\"https:\/\/regiaonews.net.br\/2022\/wp-content\/uploads\/2024\/06\/Supremo.jpg\" \/>\n\t<meta property=\"og:image:width\" content=\"1138\" \/>\n\t<meta property=\"og:image:height\" content=\"600\" \/>\n\t<meta property=\"og:image:type\" content=\"image\/jpeg\" \/>\n<meta name=\"author\" content=\"Roberto\" \/>\n<meta name=\"twitter:card\" content=\"summary_large_image\" \/>\n<meta name=\"twitter:label1\" content=\"Escrito por\" \/>\n\t<meta name=\"twitter:data1\" content=\"Roberto\" \/>\n\t<meta name=\"twitter:label2\" content=\"Est. tempo de leitura\" \/>\n\t<meta name=\"twitter:data2\" content=\"4 minutos\" \/>\n<script type=\"application\/ld+json\" class=\"yoast-schema-graph\">{\"@context\":\"https:\\\/\\\/schema.org\",\"@graph\":[{\"@type\":\"Article\",\"@id\":\"https:\\\/\\\/regiaonews.net.br\\\/2022\\\/2024\\\/06\\\/26\\\/supremo-fixa-40g-de-maconha-para-diferenciar-usuario-de-traficante\\\/#article\",\"isPartOf\":{\"@id\":\"https:\\\/\\\/regiaonews.net.br\\\/2022\\\/2024\\\/06\\\/26\\\/supremo-fixa-40g-de-maconha-para-diferenciar-usuario-de-traficante\\\/\"},\"author\":{\"name\":\"Roberto\",\"@id\":\"https:\\\/\\\/regiaonews.net.br\\\/2022\\\/#\\\/schema\\\/person\\\/2d205a608a5aa97ac279d7a5e6d89ad8\"},\"headline\":\"Supremo fixa 40g de maconha para diferenciar usu\u00e1rio de traficante\",\"datePublished\":\"2024-06-26T20:24:35+00:00\",\"dateModified\":\"2024-06-26T20:26:01+00:00\",\"mainEntityOfPage\":{\"@id\":\"https:\\\/\\\/regiaonews.net.br\\\/2022\\\/2024\\\/06\\\/26\\\/supremo-fixa-40g-de-maconha-para-diferenciar-usuario-de-traficante\\\/\"},\"wordCount\":535,\"commentCount\":0,\"publisher\":{\"@id\":\"https:\\\/\\\/regiaonews.net.br\\\/2022\\\/#organization\"},\"image\":{\"@id\":\"https:\\\/\\\/regiaonews.net.br\\\/2022\\\/2024\\\/06\\\/26\\\/supremo-fixa-40g-de-maconha-para-diferenciar-usuario-de-traficante\\\/#primaryimage\"},\"thumbnailUrl\":\"https:\\\/\\\/regiaonews.net.br\\\/2022\\\/wp-content\\\/uploads\\\/2024\\\/06\\\/Supremo.jpg\",\"articleSection\":[\"Brasil\",\"Cotidiano\"],\"inLanguage\":\"pt-BR\",\"potentialAction\":[{\"@type\":\"CommentAction\",\"name\":\"Comment\",\"target\":[\"https:\\\/\\\/regiaonews.net.br\\\/2022\\\/2024\\\/06\\\/26\\\/supremo-fixa-40g-de-maconha-para-diferenciar-usuario-de-traficante\\\/#respond\"]}]},{\"@type\":\"WebPage\",\"@id\":\"https:\\\/\\\/regiaonews.net.br\\\/2022\\\/2024\\\/06\\\/26\\\/supremo-fixa-40g-de-maconha-para-diferenciar-usuario-de-traficante\\\/\",\"url\":\"https:\\\/\\\/regiaonews.net.br\\\/2022\\\/2024\\\/06\\\/26\\\/supremo-fixa-40g-de-maconha-para-diferenciar-usuario-de-traficante\\\/\",\"name\":\"Supremo fixa 40g de maconha para diferenciar usu\u00e1rio de traficante - Regi\u00e3o News\",\"isPartOf\":{\"@id\":\"https:\\\/\\\/regiaonews.net.br\\\/2022\\\/#website\"},\"primaryImageOfPage\":{\"@id\":\"https:\\\/\\\/regiaonews.net.br\\\/2022\\\/2024\\\/06\\\/26\\\/supremo-fixa-40g-de-maconha-para-diferenciar-usuario-de-traficante\\\/#primaryimage\"},\"image\":{\"@id\":\"https:\\\/\\\/regiaonews.net.br\\\/2022\\\/2024\\\/06\\\/26\\\/supremo-fixa-40g-de-maconha-para-diferenciar-usuario-de-traficante\\\/#primaryimage\"},\"thumbnailUrl\":\"https:\\\/\\\/regiaonews.net.br\\\/2022\\\/wp-content\\\/uploads\\\/2024\\\/06\\\/Supremo.jpg\",\"datePublished\":\"2024-06-26T20:24:35+00:00\",\"dateModified\":\"2024-06-26T20:26:01+00:00\",\"breadcrumb\":{\"@id\":\"https:\\\/\\\/regiaonews.net.br\\\/2022\\\/2024\\\/06\\\/26\\\/supremo-fixa-40g-de-maconha-para-diferenciar-usuario-de-traficante\\\/#breadcrumb\"},\"inLanguage\":\"pt-BR\",\"potentialAction\":[{\"@type\":\"ReadAction\",\"target\":[\"https:\\\/\\\/regiaonews.net.br\\\/2022\\\/2024\\\/06\\\/26\\\/supremo-fixa-40g-de-maconha-para-diferenciar-usuario-de-traficante\\\/\"]}]},{\"@type\":\"ImageObject\",\"inLanguage\":\"pt-BR\",\"@id\":\"https:\\\/\\\/regiaonews.net.br\\\/2022\\\/2024\\\/06\\\/26\\\/supremo-fixa-40g-de-maconha-para-diferenciar-usuario-de-traficante\\\/#primaryimage\",\"url\":\"https:\\\/\\\/regiaonews.net.br\\\/2022\\\/wp-content\\\/uploads\\\/2024\\\/06\\\/Supremo.jpg\",\"contentUrl\":\"https:\\\/\\\/regiaonews.net.br\\\/2022\\\/wp-content\\\/uploads\\\/2024\\\/06\\\/Supremo.jpg\",\"width\":1138,\"height\":600},{\"@type\":\"BreadcrumbList\",\"@id\":\"https:\\\/\\\/regiaonews.net.br\\\/2022\\\/2024\\\/06\\\/26\\\/supremo-fixa-40g-de-maconha-para-diferenciar-usuario-de-traficante\\\/#breadcrumb\",\"itemListElement\":[{\"@type\":\"ListItem\",\"position\":1,\"name\":\"In\u00edcio\",\"item\":\"https:\\\/\\\/regiaonews.net.br\\\/2022\\\/\"},{\"@type\":\"ListItem\",\"position\":2,\"name\":\"Supremo fixa 40g de maconha para diferenciar usu\u00e1rio de traficante\"}]},{\"@type\":\"WebSite\",\"@id\":\"https:\\\/\\\/regiaonews.net.br\\\/2022\\\/#website\",\"url\":\"https:\\\/\\\/regiaonews.net.br\\\/2022\\\/\",\"name\":\"Regi\u00e3o News\",\"description\":\"Site de Not\u00edcias de Barretos e regi\u00e3o\",\"publisher\":{\"@id\":\"https:\\\/\\\/regiaonews.net.br\\\/2022\\\/#organization\"},\"potentialAction\":[{\"@type\":\"SearchAction\",\"target\":{\"@type\":\"EntryPoint\",\"urlTemplate\":\"https:\\\/\\\/regiaonews.net.br\\\/2022\\\/?s={search_term_string}\"},\"query-input\":{\"@type\":\"PropertyValueSpecification\",\"valueRequired\":true,\"valueName\":\"search_term_string\"}}],\"inLanguage\":\"pt-BR\"},{\"@type\":\"Organization\",\"@id\":\"https:\\\/\\\/regiaonews.net.br\\\/2022\\\/#organization\",\"name\":\"Regi\u00e3o News\",\"url\":\"https:\\\/\\\/regiaonews.net.br\\\/2022\\\/\",\"logo\":{\"@type\":\"ImageObject\",\"inLanguage\":\"pt-BR\",\"@id\":\"https:\\\/\\\/regiaonews.net.br\\\/2022\\\/#\\\/schema\\\/logo\\\/image\\\/\",\"url\":\"https:\\\/\\\/regiaonews.net.br\\\/2022\\\/wp-content\\\/uploads\\\/2026\\\/03\\\/regiao-13-anos-scaled.jpg\",\"contentUrl\":\"https:\\\/\\\/regiaonews.net.br\\\/2022\\\/wp-content\\\/uploads\\\/2026\\\/03\\\/regiao-13-anos-scaled.jpg\",\"width\":2560,\"height\":635,\"caption\":\"Regi\u00e3o News\"},\"image\":{\"@id\":\"https:\\\/\\\/regiaonews.net.br\\\/2022\\\/#\\\/schema\\\/logo\\\/image\\\/\"}},{\"@type\":\"Person\",\"@id\":\"https:\\\/\\\/regiaonews.net.br\\\/2022\\\/#\\\/schema\\\/person\\\/2d205a608a5aa97ac279d7a5e6d89ad8\",\"name\":\"Roberto\",\"image\":{\"@type\":\"ImageObject\",\"inLanguage\":\"pt-BR\",\"@id\":\"https:\\\/\\\/secure.gravatar.com\\\/avatar\\\/42749d8b712ff9d59ca93dc150494e5b55a44134482993f5baeb97e61b7ecc89?s=96&d=mm&r=g\",\"url\":\"https:\\\/\\\/secure.gravatar.com\\\/avatar\\\/42749d8b712ff9d59ca93dc150494e5b55a44134482993f5baeb97e61b7ecc89?s=96&d=mm&r=g\",\"contentUrl\":\"https:\\\/\\\/secure.gravatar.com\\\/avatar\\\/42749d8b712ff9d59ca93dc150494e5b55a44134482993f5baeb97e61b7ecc89?s=96&d=mm&r=g\",\"caption\":\"Roberto\"},\"url\":\"https:\\\/\\\/regiaonews.net.br\\\/2022\\\/author\\\/roberto\\\/\"}]}<\/script>\n<!-- \/ Yoast SEO plugin. -->","yoast_head_json":{"title":"Supremo fixa 40g de maconha para diferenciar usu\u00e1rio de traficante - Regi\u00e3o News","robots":{"index":"index","follow":"follow","max-snippet":"max-snippet:-1","max-image-preview":"max-image-preview:large","max-video-preview":"max-video-preview:-1"},"canonical":"https:\/\/regiaonews.net.br\/2022\/2024\/06\/26\/supremo-fixa-40g-de-maconha-para-diferenciar-usuario-de-traficante\/","og_locale":"pt_BR","og_type":"article","og_title":"Supremo fixa 40g de maconha para diferenciar usu\u00e1rio de traficante - Regi\u00e3o News","og_description":"O Supremo Tribunal Federal (STF) decidiu, nesta quarta-feira (26), fixar","og_url":"https:\/\/regiaonews.net.br\/2022\/2024\/06\/26\/supremo-fixa-40g-de-maconha-para-diferenciar-usuario-de-traficante\/","og_site_name":"Regi\u00e3o News","article_published_time":"2024-06-26T20:24:35+00:00","article_modified_time":"2024-06-26T20:26:01+00:00","og_image":[{"width":1138,"height":600,"url":"https:\/\/regiaonews.net.br\/2022\/wp-content\/uploads\/2024\/06\/Supremo.jpg","type":"image\/jpeg"}],"author":"Roberto","twitter_card":"summary_large_image","twitter_misc":{"Escrito por":"Roberto","Est. tempo de leitura":"4 minutos"},"schema":{"@context":"https:\/\/schema.org","@graph":[{"@type":"Article","@id":"https:\/\/regiaonews.net.br\/2022\/2024\/06\/26\/supremo-fixa-40g-de-maconha-para-diferenciar-usuario-de-traficante\/#article","isPartOf":{"@id":"https:\/\/regiaonews.net.br\/2022\/2024\/06\/26\/supremo-fixa-40g-de-maconha-para-diferenciar-usuario-de-traficante\/"},"author":{"name":"Roberto","@id":"https:\/\/regiaonews.net.br\/2022\/#\/schema\/person\/2d205a608a5aa97ac279d7a5e6d89ad8"},"headline":"Supremo fixa 40g de maconha para diferenciar usu\u00e1rio de traficante","datePublished":"2024-06-26T20:24:35+00:00","dateModified":"2024-06-26T20:26:01+00:00","mainEntityOfPage":{"@id":"https:\/\/regiaonews.net.br\/2022\/2024\/06\/26\/supremo-fixa-40g-de-maconha-para-diferenciar-usuario-de-traficante\/"},"wordCount":535,"commentCount":0,"publisher":{"@id":"https:\/\/regiaonews.net.br\/2022\/#organization"},"image":{"@id":"https:\/\/regiaonews.net.br\/2022\/2024\/06\/26\/supremo-fixa-40g-de-maconha-para-diferenciar-usuario-de-traficante\/#primaryimage"},"thumbnailUrl":"https:\/\/regiaonews.net.br\/2022\/wp-content\/uploads\/2024\/06\/Supremo.jpg","articleSection":["Brasil","Cotidiano"],"inLanguage":"pt-BR","potentialAction":[{"@type":"CommentAction","name":"Comment","target":["https:\/\/regiaonews.net.br\/2022\/2024\/06\/26\/supremo-fixa-40g-de-maconha-para-diferenciar-usuario-de-traficante\/#respond"]}]},{"@type":"WebPage","@id":"https:\/\/regiaonews.net.br\/2022\/2024\/06\/26\/supremo-fixa-40g-de-maconha-para-diferenciar-usuario-de-traficante\/","url":"https:\/\/regiaonews.net.br\/2022\/2024\/06\/26\/supremo-fixa-40g-de-maconha-para-diferenciar-usuario-de-traficante\/","name":"Supremo fixa 40g de maconha para diferenciar usu\u00e1rio de traficante - Regi\u00e3o News","isPartOf":{"@id":"https:\/\/regiaonews.net.br\/2022\/#website"},"primaryImageOfPage":{"@id":"https:\/\/regiaonews.net.br\/2022\/2024\/06\/26\/supremo-fixa-40g-de-maconha-para-diferenciar-usuario-de-traficante\/#primaryimage"},"image":{"@id":"https:\/\/regiaonews.net.br\/2022\/2024\/06\/26\/supremo-fixa-40g-de-maconha-para-diferenciar-usuario-de-traficante\/#primaryimage"},"thumbnailUrl":"https:\/\/regiaonews.net.br\/2022\/wp-content\/uploads\/2024\/06\/Supremo.jpg","datePublished":"2024-06-26T20:24:35+00:00","dateModified":"2024-06-26T20:26:01+00:00","breadcrumb":{"@id":"https:\/\/regiaonews.net.br\/2022\/2024\/06\/26\/supremo-fixa-40g-de-maconha-para-diferenciar-usuario-de-traficante\/#breadcrumb"},"inLanguage":"pt-BR","potentialAction":[{"@type":"ReadAction","target":["https:\/\/regiaonews.net.br\/2022\/2024\/06\/26\/supremo-fixa-40g-de-maconha-para-diferenciar-usuario-de-traficante\/"]}]},{"@type":"ImageObject","inLanguage":"pt-BR","@id":"https:\/\/regiaonews.net.br\/2022\/2024\/06\/26\/supremo-fixa-40g-de-maconha-para-diferenciar-usuario-de-traficante\/#primaryimage","url":"https:\/\/regiaonews.net.br\/2022\/wp-content\/uploads\/2024\/06\/Supremo.jpg","contentUrl":"https:\/\/regiaonews.net.br\/2022\/wp-content\/uploads\/2024\/06\/Supremo.jpg","width":1138,"height":600},{"@type":"BreadcrumbList","@id":"https:\/\/regiaonews.net.br\/2022\/2024\/06\/26\/supremo-fixa-40g-de-maconha-para-diferenciar-usuario-de-traficante\/#breadcrumb","itemListElement":[{"@type":"ListItem","position":1,"name":"In\u00edcio","item":"https:\/\/regiaonews.net.br\/2022\/"},{"@type":"ListItem","position":2,"name":"Supremo fixa 40g de maconha para diferenciar usu\u00e1rio de traficante"}]},{"@type":"WebSite","@id":"https:\/\/regiaonews.net.br\/2022\/#website","url":"https:\/\/regiaonews.net.br\/2022\/","name":"Regi\u00e3o News","description":"Site de Not\u00edcias de Barretos e regi\u00e3o","publisher":{"@id":"https:\/\/regiaonews.net.br\/2022\/#organization"},"potentialAction":[{"@type":"SearchAction","target":{"@type":"EntryPoint","urlTemplate":"https:\/\/regiaonews.net.br\/2022\/?s={search_term_string}"},"query-input":{"@type":"PropertyValueSpecification","valueRequired":true,"valueName":"search_term_string"}}],"inLanguage":"pt-BR"},{"@type":"Organization","@id":"https:\/\/regiaonews.net.br\/2022\/#organization","name":"Regi\u00e3o News","url":"https:\/\/regiaonews.net.br\/2022\/","logo":{"@type":"ImageObject","inLanguage":"pt-BR","@id":"https:\/\/regiaonews.net.br\/2022\/#\/schema\/logo\/image\/","url":"https:\/\/regiaonews.net.br\/2022\/wp-content\/uploads\/2026\/03\/regiao-13-anos-scaled.jpg","contentUrl":"https:\/\/regiaonews.net.br\/2022\/wp-content\/uploads\/2026\/03\/regiao-13-anos-scaled.jpg","width":2560,"height":635,"caption":"Regi\u00e3o News"},"image":{"@id":"https:\/\/regiaonews.net.br\/2022\/#\/schema\/logo\/image\/"}},{"@type":"Person","@id":"https:\/\/regiaonews.net.br\/2022\/#\/schema\/person\/2d205a608a5aa97ac279d7a5e6d89ad8","name":"Roberto","image":{"@type":"ImageObject","inLanguage":"pt-BR","@id":"https:\/\/secure.gravatar.com\/avatar\/42749d8b712ff9d59ca93dc150494e5b55a44134482993f5baeb97e61b7ecc89?s=96&d=mm&r=g","url":"https:\/\/secure.gravatar.com\/avatar\/42749d8b712ff9d59ca93dc150494e5b55a44134482993f5baeb97e61b7ecc89?s=96&d=mm&r=g","contentUrl":"https:\/\/secure.gravatar.com\/avatar\/42749d8b712ff9d59ca93dc150494e5b55a44134482993f5baeb97e61b7ecc89?s=96&d=mm&r=g","caption":"Roberto"},"url":"https:\/\/regiaonews.net.br\/2022\/author\/roberto\/"}]}},"publishpress_future_action":{"enabled":false,"date":"2026-05-03 02:11:26","action":"change-status","newStatus":"draft","terms":[],"taxonomy":"category","extraData":[]},"publishpress_future_workflow_manual_trigger":{"enabledWorkflows":[]},"_links":{"self":[{"href":"https:\/\/regiaonews.net.br\/2022\/wp-json\/wp\/v2\/posts\/106868","targetHints":{"allow":["GET"]}}],"collection":[{"href":"https:\/\/regiaonews.net.br\/2022\/wp-json\/wp\/v2\/posts"}],"about":[{"href":"https:\/\/regiaonews.net.br\/2022\/wp-json\/wp\/v2\/types\/post"}],"author":[{"embeddable":true,"href":"https:\/\/regiaonews.net.br\/2022\/wp-json\/wp\/v2\/users\/2"}],"replies":[{"embeddable":true,"href":"https:\/\/regiaonews.net.br\/2022\/wp-json\/wp\/v2\/comments?post=106868"}],"version-history":[{"count":1,"href":"https:\/\/regiaonews.net.br\/2022\/wp-json\/wp\/v2\/posts\/106868\/revisions"}],"predecessor-version":[{"id":106870,"href":"https:\/\/regiaonews.net.br\/2022\/wp-json\/wp\/v2\/posts\/106868\/revisions\/106870"}],"wp:featuredmedia":[{"embeddable":true,"href":"https:\/\/regiaonews.net.br\/2022\/wp-json\/wp\/v2\/media\/106869"}],"wp:attachment":[{"href":"https:\/\/regiaonews.net.br\/2022\/wp-json\/wp\/v2\/media?parent=106868"}],"wp:term":[{"taxonomy":"category","embeddable":true,"href":"https:\/\/regiaonews.net.br\/2022\/wp-json\/wp\/v2\/categories?post=106868"},{"taxonomy":"post_tag","embeddable":true,"href":"https:\/\/regiaonews.net.br\/2022\/wp-json\/wp\/v2\/tags?post=106868"}],"curies":[{"name":"wp","href":"https:\/\/api.w.org\/{rel}","templated":true}]}}