{"id":106857,"date":"2024-06-26T13:55:49","date_gmt":"2024-06-26T16:55:49","guid":{"rendered":"https:\/\/regiaonews.net.br\/2022\/?p=106857"},"modified":"2024-06-26T13:55:49","modified_gmt":"2024-06-26T16:55:49","slug":"alunos-de-biomedicina-do-unifeb-encerram-semestre-com-visita-tecnica-nos-laboratorios-da-facisb","status":"publish","type":"post","link":"https:\/\/regiaonews.net.br\/2022\/2024\/06\/26\/alunos-de-biomedicina-do-unifeb-encerram-semestre-com-visita-tecnica-nos-laboratorios-da-facisb\/","title":{"rendered":"Alunos de Biomedicina do UNIFEB encerram semestre com visita t\u00e9cnica nos laborat\u00f3rios da FACISB"},"content":{"rendered":"<h3 style=\"text-align: center;\">Os estudantes do 1\u00ba termo puderam conhecer o hospital e enfermaria simulados, al\u00e9m dos laborat\u00f3rios morfofuncionais, de t\u00e9cnicas operat\u00f3rias, anatomia humana e t\u00e9cnicas anat\u00f4micas<\/h3>\n<p>O semestre para as tr\u00eas turmas do 1\u00ba termo do curso de Biomedicina do UNIFEB (Centro Universit\u00e1rio da Funda\u00e7\u00e3o Educacional de Barretos) encerrou com uma visita t\u00e9cnica na FACISB (Faculdade de Ci\u00eancias da Sa\u00fade de Barretos) \u201cDr. Paulo Prata\u201d organizada pelo professor Dr. Robson Boni. Eles puderam conhecer o hospital e enfermaria simulados, al\u00e9m dos laborat\u00f3rios morfofuncionais, de t\u00e9cnicas operat\u00f3rias, anatomia humana e t\u00e9cnicas anat\u00f4micas.<br \/>\nA coordenadora do curso de Biomedicina do Centro Universit\u00e1rio, Prof\u00aa. Dr\u00aa. Renata Camacho Miziara, destacou que o objetivo da atividade foi apresentar aos estudantes os cen\u00e1rios simulados e os laborat\u00f3rios dispon\u00edveis na institui\u00e7\u00e3o. \u201c\u00c9 de fundamental import\u00e2ncia que os estudantes tenham o conhecimento integrado em sa\u00fade, uma vez que a atua\u00e7\u00e3o dos futuros biom\u00e9dicos ser\u00e1 em coopera\u00e7\u00e3o multiprofissional. Desta forma, o contato com simuladores biom\u00e9dicos, modelos anat\u00f4micos e material anat\u00f4mico natural (cadav\u00e9ricos), revelando a real anatomia dos \u00f3rg\u00e3os e tecidos de cada sistema org\u00e2nico, \u00e9 enriquecedor e motivador aos estudantes\u201d, disse.<br \/>\nPara Renata, a experi\u00eancia foi muito engrandecedora na forma\u00e7\u00e3o acad\u00eamica dos alunos. \u201cEles se mostraram curiosos e empolgados com a visita. Tiveram v\u00e1rios questionamentos sobre a morfofisiologia do corpo humano, al\u00e9m de levantarem poss\u00edveis habilita\u00e7\u00f5es e especialidades no campo profissional, potencialidades para pesquisa e inova\u00e7\u00f5es tecnol\u00f3gicas\u201d, enfatizou.<br \/>\nA coordenadora ressaltou que o mercado de trabalho para os profissionais da Biomedicina \u00e9 muito promissor e est\u00e1 em plena ascens\u00e3o. \u201cO biom\u00e9dico hoje tem um amplo leque de possibilidades de atua\u00e7\u00e3o, como na sa\u00fade, pesquisa, doc\u00eancia, desenvolvimento de inova\u00e7\u00f5es e \u00e1rea comercial\u201d, disse.<br \/>\nAl\u00e9m da estrutura laboratorial ampla e docentes renomados, Renata destaca que a forma\u00e7\u00e3o estrutural \u00e9 um dos principais diferenciais do curso de Biomedicina no UNIFEB. \u201cOferecemos uma base de conhecimentos s\u00f3lidos para que, futuramente, o profissional possa atuar seguramente em qualquer segmento que sua habilita\u00e7\u00e3o permitir\u201d,\u00a0finalizou.<\/p>\n","protected":false},"excerpt":{"rendered":"<p>Os estudantes do 1\u00ba termo puderam conhecer o hospital e<\/p>\n","protected":false},"author":2,"featured_media":106858,"comment_status":"open","ping_status":"open","sticky":false,"template":"","format":"standard","meta":{"footnotes":""},"categories":[14,3],"tags":[],"class_list":["post-106857","post","type-post","status-publish","format-standard","has-post-thumbnail","hentry","category-barretos","category-geral"],"yoast_head":"<!-- This site is optimized with the Yoast SEO plugin v27.4 - https:\/\/yoast.com\/product\/yoast-seo-wordpress\/ -->\n<title>Alunos de Biomedicina do UNIFEB encerram semestre com visita t\u00e9cnica nos laborat\u00f3rios da FACISB - Regi\u00e3o News<\/title>\n<meta name=\"robots\" content=\"index, follow, max-snippet:-1, max-image-preview:large, max-video-preview:-1\" \/>\n<link rel=\"canonical\" href=\"https:\/\/regiaonews.net.br\/2022\/2024\/06\/26\/alunos-de-biomedicina-do-unifeb-encerram-semestre-com-visita-tecnica-nos-laboratorios-da-facisb\/\" \/>\n<meta property=\"og:locale\" content=\"pt_BR\" \/>\n<meta property=\"og:type\" content=\"article\" \/>\n<meta property=\"og:title\" content=\"Alunos de Biomedicina do UNIFEB encerram semestre com visita t\u00e9cnica nos laborat\u00f3rios da FACISB - Regi\u00e3o News\" \/>\n<meta property=\"og:description\" content=\"Os estudantes do 1\u00ba termo puderam conhecer o hospital e\" \/>\n<meta property=\"og:url\" content=\"https:\/\/regiaonews.net.br\/2022\/2024\/06\/26\/alunos-de-biomedicina-do-unifeb-encerram-semestre-com-visita-tecnica-nos-laboratorios-da-facisb\/\" \/>\n<meta property=\"og:site_name\" content=\"Regi\u00e3o News\" \/>\n<meta property=\"article:published_time\" content=\"2024-06-26T16:55:49+00:00\" \/>\n<meta property=\"og:image\" content=\"https:\/\/regiaonews.net.br\/2022\/wp-content\/uploads\/2024\/06\/Imagem-do-WhatsApp-de-2024-06-26-as-11.01.40_188282b4.jpg\" \/>\n\t<meta property=\"og:image:width\" content=\"1600\" \/>\n\t<meta property=\"og:image:height\" content=\"739\" \/>\n\t<meta property=\"og:image:type\" content=\"image\/jpeg\" \/>\n<meta name=\"author\" content=\"Roberto\" \/>\n<meta name=\"twitter:card\" content=\"summary_large_image\" \/>\n<meta name=\"twitter:label1\" content=\"Escrito por\" \/>\n\t<meta name=\"twitter:data1\" content=\"Roberto\" \/>\n\t<meta name=\"twitter:label2\" content=\"Est. tempo de leitura\" \/>\n\t<meta name=\"twitter:data2\" content=\"2 minutos\" \/>\n<script type=\"application\/ld+json\" class=\"yoast-schema-graph\">{\"@context\":\"https:\\\/\\\/schema.org\",\"@graph\":[{\"@type\":\"Article\",\"@id\":\"https:\\\/\\\/regiaonews.net.br\\\/2022\\\/2024\\\/06\\\/26\\\/alunos-de-biomedicina-do-unifeb-encerram-semestre-com-visita-tecnica-nos-laboratorios-da-facisb\\\/#article\",\"isPartOf\":{\"@id\":\"https:\\\/\\\/regiaonews.net.br\\\/2022\\\/2024\\\/06\\\/26\\\/alunos-de-biomedicina-do-unifeb-encerram-semestre-com-visita-tecnica-nos-laboratorios-da-facisb\\\/\"},\"author\":{\"name\":\"Roberto\",\"@id\":\"https:\\\/\\\/regiaonews.net.br\\\/2022\\\/#\\\/schema\\\/person\\\/2d205a608a5aa97ac279d7a5e6d89ad8\"},\"headline\":\"Alunos de Biomedicina do UNIFEB encerram semestre com visita t\u00e9cnica nos laborat\u00f3rios da FACISB\",\"datePublished\":\"2024-06-26T16:55:49+00:00\",\"mainEntityOfPage\":{\"@id\":\"https:\\\/\\\/regiaonews.net.br\\\/2022\\\/2024\\\/06\\\/26\\\/alunos-de-biomedicina-do-unifeb-encerram-semestre-com-visita-tecnica-nos-laboratorios-da-facisb\\\/\"},\"wordCount\":381,\"commentCount\":0,\"publisher\":{\"@id\":\"https:\\\/\\\/regiaonews.net.br\\\/2022\\\/#organization\"},\"image\":{\"@id\":\"https:\\\/\\\/regiaonews.net.br\\\/2022\\\/2024\\\/06\\\/26\\\/alunos-de-biomedicina-do-unifeb-encerram-semestre-com-visita-tecnica-nos-laboratorios-da-facisb\\\/#primaryimage\"},\"thumbnailUrl\":\"https:\\\/\\\/regiaonews.net.br\\\/2022\\\/wp-content\\\/uploads\\\/2024\\\/06\\\/Imagem-do-WhatsApp-de-2024-06-26-as-11.01.40_188282b4.jpg\",\"articleSection\":[\"Barretos\",\"Geral\"],\"inLanguage\":\"pt-BR\",\"potentialAction\":[{\"@type\":\"CommentAction\",\"name\":\"Comment\",\"target\":[\"https:\\\/\\\/regiaonews.net.br\\\/2022\\\/2024\\\/06\\\/26\\\/alunos-de-biomedicina-do-unifeb-encerram-semestre-com-visita-tecnica-nos-laboratorios-da-facisb\\\/#respond\"]}]},{\"@type\":\"WebPage\",\"@id\":\"https:\\\/\\\/regiaonews.net.br\\\/2022\\\/2024\\\/06\\\/26\\\/alunos-de-biomedicina-do-unifeb-encerram-semestre-com-visita-tecnica-nos-laboratorios-da-facisb\\\/\",\"url\":\"https:\\\/\\\/regiaonews.net.br\\\/2022\\\/2024\\\/06\\\/26\\\/alunos-de-biomedicina-do-unifeb-encerram-semestre-com-visita-tecnica-nos-laboratorios-da-facisb\\\/\",\"name\":\"Alunos de Biomedicina do UNIFEB encerram semestre com visita t\u00e9cnica nos laborat\u00f3rios da FACISB - Regi\u00e3o News\",\"isPartOf\":{\"@id\":\"https:\\\/\\\/regiaonews.net.br\\\/2022\\\/#website\"},\"primaryImageOfPage\":{\"@id\":\"https:\\\/\\\/regiaonews.net.br\\\/2022\\\/2024\\\/06\\\/26\\\/alunos-de-biomedicina-do-unifeb-encerram-semestre-com-visita-tecnica-nos-laboratorios-da-facisb\\\/#primaryimage\"},\"image\":{\"@id\":\"https:\\\/\\\/regiaonews.net.br\\\/2022\\\/2024\\\/06\\\/26\\\/alunos-de-biomedicina-do-unifeb-encerram-semestre-com-visita-tecnica-nos-laboratorios-da-facisb\\\/#primaryimage\"},\"thumbnailUrl\":\"https:\\\/\\\/regiaonews.net.br\\\/2022\\\/wp-content\\\/uploads\\\/2024\\\/06\\\/Imagem-do-WhatsApp-de-2024-06-26-as-11.01.40_188282b4.jpg\",\"datePublished\":\"2024-06-26T16:55:49+00:00\",\"breadcrumb\":{\"@id\":\"https:\\\/\\\/regiaonews.net.br\\\/2022\\\/2024\\\/06\\\/26\\\/alunos-de-biomedicina-do-unifeb-encerram-semestre-com-visita-tecnica-nos-laboratorios-da-facisb\\\/#breadcrumb\"},\"inLanguage\":\"pt-BR\",\"potentialAction\":[{\"@type\":\"ReadAction\",\"target\":[\"https:\\\/\\\/regiaonews.net.br\\\/2022\\\/2024\\\/06\\\/26\\\/alunos-de-biomedicina-do-unifeb-encerram-semestre-com-visita-tecnica-nos-laboratorios-da-facisb\\\/\"]}]},{\"@type\":\"ImageObject\",\"inLanguage\":\"pt-BR\",\"@id\":\"https:\\\/\\\/regiaonews.net.br\\\/2022\\\/2024\\\/06\\\/26\\\/alunos-de-biomedicina-do-unifeb-encerram-semestre-com-visita-tecnica-nos-laboratorios-da-facisb\\\/#primaryimage\",\"url\":\"https:\\\/\\\/regiaonews.net.br\\\/2022\\\/wp-content\\\/uploads\\\/2024\\\/06\\\/Imagem-do-WhatsApp-de-2024-06-26-as-11.01.40_188282b4.jpg\",\"contentUrl\":\"https:\\\/\\\/regiaonews.net.br\\\/2022\\\/wp-content\\\/uploads\\\/2024\\\/06\\\/Imagem-do-WhatsApp-de-2024-06-26-as-11.01.40_188282b4.jpg\",\"width\":1600,\"height\":739},{\"@type\":\"BreadcrumbList\",\"@id\":\"https:\\\/\\\/regiaonews.net.br\\\/2022\\\/2024\\\/06\\\/26\\\/alunos-de-biomedicina-do-unifeb-encerram-semestre-com-visita-tecnica-nos-laboratorios-da-facisb\\\/#breadcrumb\",\"itemListElement\":[{\"@type\":\"ListItem\",\"position\":1,\"name\":\"In\u00edcio\",\"item\":\"https:\\\/\\\/regiaonews.net.br\\\/2022\\\/\"},{\"@type\":\"ListItem\",\"position\":2,\"name\":\"Alunos de Biomedicina do UNIFEB encerram semestre com visita t\u00e9cnica nos laborat\u00f3rios da FACISB\"}]},{\"@type\":\"WebSite\",\"@id\":\"https:\\\/\\\/regiaonews.net.br\\\/2022\\\/#website\",\"url\":\"https:\\\/\\\/regiaonews.net.br\\\/2022\\\/\",\"name\":\"Regi\u00e3o News\",\"description\":\"Site de Not\u00edcias de Barretos e regi\u00e3o\",\"publisher\":{\"@id\":\"https:\\\/\\\/regiaonews.net.br\\\/2022\\\/#organization\"},\"potentialAction\":[{\"@type\":\"SearchAction\",\"target\":{\"@type\":\"EntryPoint\",\"urlTemplate\":\"https:\\\/\\\/regiaonews.net.br\\\/2022\\\/?s={search_term_string}\"},\"query-input\":{\"@type\":\"PropertyValueSpecification\",\"valueRequired\":true,\"valueName\":\"search_term_string\"}}],\"inLanguage\":\"pt-BR\"},{\"@type\":\"Organization\",\"@id\":\"https:\\\/\\\/regiaonews.net.br\\\/2022\\\/#organization\",\"name\":\"Regi\u00e3o News\",\"url\":\"https:\\\/\\\/regiaonews.net.br\\\/2022\\\/\",\"logo\":{\"@type\":\"ImageObject\",\"inLanguage\":\"pt-BR\",\"@id\":\"https:\\\/\\\/regiaonews.net.br\\\/2022\\\/#\\\/schema\\\/logo\\\/image\\\/\",\"url\":\"https:\\\/\\\/regiaonews.net.br\\\/2022\\\/wp-content\\\/uploads\\\/2026\\\/03\\\/regiao-13-anos-scaled.jpg\",\"contentUrl\":\"https:\\\/\\\/regiaonews.net.br\\\/2022\\\/wp-content\\\/uploads\\\/2026\\\/03\\\/regiao-13-anos-scaled.jpg\",\"width\":2560,\"height\":635,\"caption\":\"Regi\u00e3o News\"},\"image\":{\"@id\":\"https:\\\/\\\/regiaonews.net.br\\\/2022\\\/#\\\/schema\\\/logo\\\/image\\\/\"}},{\"@type\":\"Person\",\"@id\":\"https:\\\/\\\/regiaonews.net.br\\\/2022\\\/#\\\/schema\\\/person\\\/2d205a608a5aa97ac279d7a5e6d89ad8\",\"name\":\"Roberto\",\"image\":{\"@type\":\"ImageObject\",\"inLanguage\":\"pt-BR\",\"@id\":\"https:\\\/\\\/secure.gravatar.com\\\/avatar\\\/42749d8b712ff9d59ca93dc150494e5b55a44134482993f5baeb97e61b7ecc89?s=96&d=mm&r=g\",\"url\":\"https:\\\/\\\/secure.gravatar.com\\\/avatar\\\/42749d8b712ff9d59ca93dc150494e5b55a44134482993f5baeb97e61b7ecc89?s=96&d=mm&r=g\",\"contentUrl\":\"https:\\\/\\\/secure.gravatar.com\\\/avatar\\\/42749d8b712ff9d59ca93dc150494e5b55a44134482993f5baeb97e61b7ecc89?s=96&d=mm&r=g\",\"caption\":\"Roberto\"},\"url\":\"https:\\\/\\\/regiaonews.net.br\\\/2022\\\/author\\\/roberto\\\/\"}]}<\/script>\n<!-- \/ Yoast SEO plugin. -->","yoast_head_json":{"title":"Alunos de Biomedicina do UNIFEB encerram semestre com visita t\u00e9cnica nos laborat\u00f3rios da FACISB - Regi\u00e3o News","robots":{"index":"index","follow":"follow","max-snippet":"max-snippet:-1","max-image-preview":"max-image-preview:large","max-video-preview":"max-video-preview:-1"},"canonical":"https:\/\/regiaonews.net.br\/2022\/2024\/06\/26\/alunos-de-biomedicina-do-unifeb-encerram-semestre-com-visita-tecnica-nos-laboratorios-da-facisb\/","og_locale":"pt_BR","og_type":"article","og_title":"Alunos de Biomedicina do UNIFEB encerram semestre com visita t\u00e9cnica nos laborat\u00f3rios da FACISB - Regi\u00e3o News","og_description":"Os estudantes do 1\u00ba termo puderam conhecer o hospital e","og_url":"https:\/\/regiaonews.net.br\/2022\/2024\/06\/26\/alunos-de-biomedicina-do-unifeb-encerram-semestre-com-visita-tecnica-nos-laboratorios-da-facisb\/","og_site_name":"Regi\u00e3o News","article_published_time":"2024-06-26T16:55:49+00:00","og_image":[{"width":1600,"height":739,"url":"https:\/\/regiaonews.net.br\/2022\/wp-content\/uploads\/2024\/06\/Imagem-do-WhatsApp-de-2024-06-26-as-11.01.40_188282b4.jpg","type":"image\/jpeg"}],"author":"Roberto","twitter_card":"summary_large_image","twitter_misc":{"Escrito por":"Roberto","Est. tempo de leitura":"2 minutos"},"schema":{"@context":"https:\/\/schema.org","@graph":[{"@type":"Article","@id":"https:\/\/regiaonews.net.br\/2022\/2024\/06\/26\/alunos-de-biomedicina-do-unifeb-encerram-semestre-com-visita-tecnica-nos-laboratorios-da-facisb\/#article","isPartOf":{"@id":"https:\/\/regiaonews.net.br\/2022\/2024\/06\/26\/alunos-de-biomedicina-do-unifeb-encerram-semestre-com-visita-tecnica-nos-laboratorios-da-facisb\/"},"author":{"name":"Roberto","@id":"https:\/\/regiaonews.net.br\/2022\/#\/schema\/person\/2d205a608a5aa97ac279d7a5e6d89ad8"},"headline":"Alunos de Biomedicina do UNIFEB encerram semestre com visita t\u00e9cnica nos laborat\u00f3rios da FACISB","datePublished":"2024-06-26T16:55:49+00:00","mainEntityOfPage":{"@id":"https:\/\/regiaonews.net.br\/2022\/2024\/06\/26\/alunos-de-biomedicina-do-unifeb-encerram-semestre-com-visita-tecnica-nos-laboratorios-da-facisb\/"},"wordCount":381,"commentCount":0,"publisher":{"@id":"https:\/\/regiaonews.net.br\/2022\/#organization"},"image":{"@id":"https:\/\/regiaonews.net.br\/2022\/2024\/06\/26\/alunos-de-biomedicina-do-unifeb-encerram-semestre-com-visita-tecnica-nos-laboratorios-da-facisb\/#primaryimage"},"thumbnailUrl":"https:\/\/regiaonews.net.br\/2022\/wp-content\/uploads\/2024\/06\/Imagem-do-WhatsApp-de-2024-06-26-as-11.01.40_188282b4.jpg","articleSection":["Barretos","Geral"],"inLanguage":"pt-BR","potentialAction":[{"@type":"CommentAction","name":"Comment","target":["https:\/\/regiaonews.net.br\/2022\/2024\/06\/26\/alunos-de-biomedicina-do-unifeb-encerram-semestre-com-visita-tecnica-nos-laboratorios-da-facisb\/#respond"]}]},{"@type":"WebPage","@id":"https:\/\/regiaonews.net.br\/2022\/2024\/06\/26\/alunos-de-biomedicina-do-unifeb-encerram-semestre-com-visita-tecnica-nos-laboratorios-da-facisb\/","url":"https:\/\/regiaonews.net.br\/2022\/2024\/06\/26\/alunos-de-biomedicina-do-unifeb-encerram-semestre-com-visita-tecnica-nos-laboratorios-da-facisb\/","name":"Alunos de Biomedicina do UNIFEB encerram semestre com visita t\u00e9cnica nos laborat\u00f3rios da FACISB - Regi\u00e3o News","isPartOf":{"@id":"https:\/\/regiaonews.net.br\/2022\/#website"},"primaryImageOfPage":{"@id":"https:\/\/regiaonews.net.br\/2022\/2024\/06\/26\/alunos-de-biomedicina-do-unifeb-encerram-semestre-com-visita-tecnica-nos-laboratorios-da-facisb\/#primaryimage"},"image":{"@id":"https:\/\/regiaonews.net.br\/2022\/2024\/06\/26\/alunos-de-biomedicina-do-unifeb-encerram-semestre-com-visita-tecnica-nos-laboratorios-da-facisb\/#primaryimage"},"thumbnailUrl":"https:\/\/regiaonews.net.br\/2022\/wp-content\/uploads\/2024\/06\/Imagem-do-WhatsApp-de-2024-06-26-as-11.01.40_188282b4.jpg","datePublished":"2024-06-26T16:55:49+00:00","breadcrumb":{"@id":"https:\/\/regiaonews.net.br\/2022\/2024\/06\/26\/alunos-de-biomedicina-do-unifeb-encerram-semestre-com-visita-tecnica-nos-laboratorios-da-facisb\/#breadcrumb"},"inLanguage":"pt-BR","potentialAction":[{"@type":"ReadAction","target":["https:\/\/regiaonews.net.br\/2022\/2024\/06\/26\/alunos-de-biomedicina-do-unifeb-encerram-semestre-com-visita-tecnica-nos-laboratorios-da-facisb\/"]}]},{"@type":"ImageObject","inLanguage":"pt-BR","@id":"https:\/\/regiaonews.net.br\/2022\/2024\/06\/26\/alunos-de-biomedicina-do-unifeb-encerram-semestre-com-visita-tecnica-nos-laboratorios-da-facisb\/#primaryimage","url":"https:\/\/regiaonews.net.br\/2022\/wp-content\/uploads\/2024\/06\/Imagem-do-WhatsApp-de-2024-06-26-as-11.01.40_188282b4.jpg","contentUrl":"https:\/\/regiaonews.net.br\/2022\/wp-content\/uploads\/2024\/06\/Imagem-do-WhatsApp-de-2024-06-26-as-11.01.40_188282b4.jpg","width":1600,"height":739},{"@type":"BreadcrumbList","@id":"https:\/\/regiaonews.net.br\/2022\/2024\/06\/26\/alunos-de-biomedicina-do-unifeb-encerram-semestre-com-visita-tecnica-nos-laboratorios-da-facisb\/#breadcrumb","itemListElement":[{"@type":"ListItem","position":1,"name":"In\u00edcio","item":"https:\/\/regiaonews.net.br\/2022\/"},{"@type":"ListItem","position":2,"name":"Alunos de Biomedicina do UNIFEB encerram semestre com visita t\u00e9cnica nos laborat\u00f3rios da FACISB"}]},{"@type":"WebSite","@id":"https:\/\/regiaonews.net.br\/2022\/#website","url":"https:\/\/regiaonews.net.br\/2022\/","name":"Regi\u00e3o News","description":"Site de Not\u00edcias de Barretos e regi\u00e3o","publisher":{"@id":"https:\/\/regiaonews.net.br\/2022\/#organization"},"potentialAction":[{"@type":"SearchAction","target":{"@type":"EntryPoint","urlTemplate":"https:\/\/regiaonews.net.br\/2022\/?s={search_term_string}"},"query-input":{"@type":"PropertyValueSpecification","valueRequired":true,"valueName":"search_term_string"}}],"inLanguage":"pt-BR"},{"@type":"Organization","@id":"https:\/\/regiaonews.net.br\/2022\/#organization","name":"Regi\u00e3o News","url":"https:\/\/regiaonews.net.br\/2022\/","logo":{"@type":"ImageObject","inLanguage":"pt-BR","@id":"https:\/\/regiaonews.net.br\/2022\/#\/schema\/logo\/image\/","url":"https:\/\/regiaonews.net.br\/2022\/wp-content\/uploads\/2026\/03\/regiao-13-anos-scaled.jpg","contentUrl":"https:\/\/regiaonews.net.br\/2022\/wp-content\/uploads\/2026\/03\/regiao-13-anos-scaled.jpg","width":2560,"height":635,"caption":"Regi\u00e3o News"},"image":{"@id":"https:\/\/regiaonews.net.br\/2022\/#\/schema\/logo\/image\/"}},{"@type":"Person","@id":"https:\/\/regiaonews.net.br\/2022\/#\/schema\/person\/2d205a608a5aa97ac279d7a5e6d89ad8","name":"Roberto","image":{"@type":"ImageObject","inLanguage":"pt-BR","@id":"https:\/\/secure.gravatar.com\/avatar\/42749d8b712ff9d59ca93dc150494e5b55a44134482993f5baeb97e61b7ecc89?s=96&d=mm&r=g","url":"https:\/\/secure.gravatar.com\/avatar\/42749d8b712ff9d59ca93dc150494e5b55a44134482993f5baeb97e61b7ecc89?s=96&d=mm&r=g","contentUrl":"https:\/\/secure.gravatar.com\/avatar\/42749d8b712ff9d59ca93dc150494e5b55a44134482993f5baeb97e61b7ecc89?s=96&d=mm&r=g","caption":"Roberto"},"url":"https:\/\/regiaonews.net.br\/2022\/author\/roberto\/"}]}},"publishpress_future_action":{"enabled":false,"date":"2026-05-03 08:50:18","action":"change-status","newStatus":"draft","terms":[],"taxonomy":"category","extraData":[]},"publishpress_future_workflow_manual_trigger":{"enabledWorkflows":[]},"_links":{"self":[{"href":"https:\/\/regiaonews.net.br\/2022\/wp-json\/wp\/v2\/posts\/106857","targetHints":{"allow":["GET"]}}],"collection":[{"href":"https:\/\/regiaonews.net.br\/2022\/wp-json\/wp\/v2\/posts"}],"about":[{"href":"https:\/\/regiaonews.net.br\/2022\/wp-json\/wp\/v2\/types\/post"}],"author":[{"embeddable":true,"href":"https:\/\/regiaonews.net.br\/2022\/wp-json\/wp\/v2\/users\/2"}],"replies":[{"embeddable":true,"href":"https:\/\/regiaonews.net.br\/2022\/wp-json\/wp\/v2\/comments?post=106857"}],"version-history":[{"count":1,"href":"https:\/\/regiaonews.net.br\/2022\/wp-json\/wp\/v2\/posts\/106857\/revisions"}],"predecessor-version":[{"id":106859,"href":"https:\/\/regiaonews.net.br\/2022\/wp-json\/wp\/v2\/posts\/106857\/revisions\/106859"}],"wp:featuredmedia":[{"embeddable":true,"href":"https:\/\/regiaonews.net.br\/2022\/wp-json\/wp\/v2\/media\/106858"}],"wp:attachment":[{"href":"https:\/\/regiaonews.net.br\/2022\/wp-json\/wp\/v2\/media?parent=106857"}],"wp:term":[{"taxonomy":"category","embeddable":true,"href":"https:\/\/regiaonews.net.br\/2022\/wp-json\/wp\/v2\/categories?post=106857"},{"taxonomy":"post_tag","embeddable":true,"href":"https:\/\/regiaonews.net.br\/2022\/wp-json\/wp\/v2\/tags?post=106857"}],"curies":[{"name":"wp","href":"https:\/\/api.w.org\/{rel}","templated":true}]}}