{"id":106842,"date":"2024-06-26T10:05:38","date_gmt":"2024-06-26T13:05:38","guid":{"rendered":"https:\/\/regiaonews.net.br\/2022\/?p=106842"},"modified":"2024-06-26T10:05:38","modified_gmt":"2024-06-26T13:05:38","slug":"educacao-de-sp-vai-abrir-escolas-no-recesso-de-julho-para-o-projeto-almoco-nas-ferias","status":"publish","type":"post","link":"https:\/\/regiaonews.net.br\/2022\/2024\/06\/26\/educacao-de-sp-vai-abrir-escolas-no-recesso-de-julho-para-o-projeto-almoco-nas-ferias\/","title":{"rendered":"Educa\u00e7\u00e3o de SP vai abrir escolas no recesso de julho para o projeto \u2018almo\u00e7o nas f\u00e9rias\u2019"},"content":{"rendered":"<h3 class=\"excerpt\" style=\"text-align: center;\">Pais e respons\u00e1veis podem aderir ao programa at\u00e9 sexta-feira (28); 3.534 escolas participam da a\u00e7\u00e3o<\/h3>\n<p>Os alunos da rede estadual de S\u00e3o Paulo poder\u00e3o almo\u00e7ar nas escolas durante as f\u00e9rias de julho. Para isso, as 3.534 unidades que recebem a alimenta\u00e7\u00e3o escolar diretamente da Secretaria da Educa\u00e7\u00e3o do Estado de S\u00e3o Paulo (Seduc-SP) est\u00e3o em contato com as fam\u00edlias dos estudantes para avaliar a demanda para o m\u00eas. A expectativa da Educa\u00e7\u00e3o \u00e9 fornecer 40 mil refei\u00e7\u00f5es a alunos de todos os ciclos de ensino.<\/p>\n<p>Por isso, \u00e9 importante que at\u00e9 sexta-feira (28) os pais ou os respons\u00e1veis do aluno respondam a pesquisa por meio da Secretaria Escolar Digital (SED) ou manifestem o interesse nas unidades de ensino, como explica a diretora t\u00e9cnica do Departamento de Alimenta\u00e7\u00e3o Escolar da Educa\u00e7\u00e3o de SP, Nayla Ver\u00edssimo: \u201cNossas equipes escolares, incluindo cozinheiras, cozinheiros e equipe gestora, est\u00e3o orientadas sobre o fornecimento do almo\u00e7o durante o recesso de julho. Esperamos a manifesta\u00e7\u00e3o dos pais e respons\u00e1veis para que possamos preparar o almo\u00e7o de acordo com a demanda, evitando assim desperd\u00edcios e mantendo o acesso \u00e0 alimenta\u00e7\u00e3o mesmo fora do per\u00edodo de aula\u201d, ressalta.<\/p>\n<p>O recesso escolar do meio do ano acontece entre os dias 10 e 26 de julho. Durante o per\u00edodo, a refei\u00e7\u00e3o ser\u00e1 servida todos os dias, das 11h \u00e0s 13h30. O card\u00e1pio mant\u00e9m o cuidado com os grupos nutricionais oferecidos \u00e0s crian\u00e7as, adolescentes e adultos que estudam na rede.<\/p>\n<p>Al\u00e9m das 3.534 unidades de ensino que recebem a alimenta\u00e7\u00e3o diretamente da Educa\u00e7\u00e3o, nas outras escolas, as refei\u00e7\u00f5es durante o per\u00edodo de aulas s\u00e3o fornecidas por meio de parceria com as prefeituras. Nessas localidades, cabe aos munic\u00edpios definirem sobre a abertura das escolas para a oferta do almo\u00e7o nas f\u00e9rias.<\/p>\n","protected":false},"excerpt":{"rendered":"<p>Pais e respons\u00e1veis podem aderir ao programa at\u00e9 sexta-feira (28);<\/p>\n","protected":false},"author":2,"featured_media":106843,"comment_status":"open","ping_status":"open","sticky":false,"template":"","format":"standard","meta":{"footnotes":""},"categories":[7,3],"tags":[],"class_list":["post-106842","post","type-post","status-publish","format-standard","has-post-thumbnail","hentry","category-estado-de-sao-paulo","category-geral"],"yoast_head":"<!-- This site is optimized with the Yoast SEO plugin v27.4 - https:\/\/yoast.com\/product\/yoast-seo-wordpress\/ -->\n<title>Educa\u00e7\u00e3o de SP vai abrir escolas no recesso de julho para o projeto \u2018almo\u00e7o nas f\u00e9rias\u2019 - Regi\u00e3o News<\/title>\n<meta name=\"robots\" content=\"index, follow, max-snippet:-1, max-image-preview:large, max-video-preview:-1\" \/>\n<link rel=\"canonical\" href=\"https:\/\/regiaonews.net.br\/2022\/2024\/06\/26\/educacao-de-sp-vai-abrir-escolas-no-recesso-de-julho-para-o-projeto-almoco-nas-ferias\/\" \/>\n<meta property=\"og:locale\" content=\"pt_BR\" \/>\n<meta property=\"og:type\" content=\"article\" \/>\n<meta property=\"og:title\" content=\"Educa\u00e7\u00e3o de SP vai abrir escolas no recesso de julho para o projeto \u2018almo\u00e7o nas f\u00e9rias\u2019 - Regi\u00e3o News\" \/>\n<meta property=\"og:description\" content=\"Pais e respons\u00e1veis podem aderir ao programa at\u00e9 sexta-feira (28);\" \/>\n<meta property=\"og:url\" content=\"https:\/\/regiaonews.net.br\/2022\/2024\/06\/26\/educacao-de-sp-vai-abrir-escolas-no-recesso-de-julho-para-o-projeto-almoco-nas-ferias\/\" \/>\n<meta property=\"og:site_name\" content=\"Regi\u00e3o News\" \/>\n<meta property=\"article:published_time\" content=\"2024-06-26T13:05:38+00:00\" \/>\n<meta property=\"og:image\" content=\"https:\/\/regiaonews.net.br\/2022\/wp-content\/uploads\/2024\/06\/merenda-casa-768x528-1.jpg\" \/>\n\t<meta property=\"og:image:width\" content=\"768\" \/>\n\t<meta property=\"og:image:height\" content=\"528\" \/>\n\t<meta property=\"og:image:type\" content=\"image\/jpeg\" \/>\n<meta name=\"author\" content=\"Roberto\" \/>\n<meta name=\"twitter:card\" content=\"summary_large_image\" \/>\n<meta name=\"twitter:label1\" content=\"Escrito por\" \/>\n\t<meta name=\"twitter:data1\" content=\"Roberto\" \/>\n\t<meta name=\"twitter:label2\" content=\"Est. tempo de leitura\" \/>\n\t<meta name=\"twitter:data2\" content=\"2 minutos\" \/>\n<script type=\"application\/ld+json\" class=\"yoast-schema-graph\">{\"@context\":\"https:\\\/\\\/schema.org\",\"@graph\":[{\"@type\":\"Article\",\"@id\":\"https:\\\/\\\/regiaonews.net.br\\\/2022\\\/2024\\\/06\\\/26\\\/educacao-de-sp-vai-abrir-escolas-no-recesso-de-julho-para-o-projeto-almoco-nas-ferias\\\/#article\",\"isPartOf\":{\"@id\":\"https:\\\/\\\/regiaonews.net.br\\\/2022\\\/2024\\\/06\\\/26\\\/educacao-de-sp-vai-abrir-escolas-no-recesso-de-julho-para-o-projeto-almoco-nas-ferias\\\/\"},\"author\":{\"name\":\"Roberto\",\"@id\":\"https:\\\/\\\/regiaonews.net.br\\\/2022\\\/#\\\/schema\\\/person\\\/2d205a608a5aa97ac279d7a5e6d89ad8\"},\"headline\":\"Educa\u00e7\u00e3o de SP vai abrir escolas no recesso de julho para o projeto \u2018almo\u00e7o nas f\u00e9rias\u2019\",\"datePublished\":\"2024-06-26T13:05:38+00:00\",\"mainEntityOfPage\":{\"@id\":\"https:\\\/\\\/regiaonews.net.br\\\/2022\\\/2024\\\/06\\\/26\\\/educacao-de-sp-vai-abrir-escolas-no-recesso-de-julho-para-o-projeto-almoco-nas-ferias\\\/\"},\"wordCount\":337,\"commentCount\":0,\"publisher\":{\"@id\":\"https:\\\/\\\/regiaonews.net.br\\\/2022\\\/#organization\"},\"image\":{\"@id\":\"https:\\\/\\\/regiaonews.net.br\\\/2022\\\/2024\\\/06\\\/26\\\/educacao-de-sp-vai-abrir-escolas-no-recesso-de-julho-para-o-projeto-almoco-nas-ferias\\\/#primaryimage\"},\"thumbnailUrl\":\"https:\\\/\\\/regiaonews.net.br\\\/2022\\\/wp-content\\\/uploads\\\/2024\\\/06\\\/merenda-casa-768x528-1.jpg\",\"articleSection\":[\"Estado de S\u00e3o Paulo\",\"Geral\"],\"inLanguage\":\"pt-BR\",\"potentialAction\":[{\"@type\":\"CommentAction\",\"name\":\"Comment\",\"target\":[\"https:\\\/\\\/regiaonews.net.br\\\/2022\\\/2024\\\/06\\\/26\\\/educacao-de-sp-vai-abrir-escolas-no-recesso-de-julho-para-o-projeto-almoco-nas-ferias\\\/#respond\"]}]},{\"@type\":\"WebPage\",\"@id\":\"https:\\\/\\\/regiaonews.net.br\\\/2022\\\/2024\\\/06\\\/26\\\/educacao-de-sp-vai-abrir-escolas-no-recesso-de-julho-para-o-projeto-almoco-nas-ferias\\\/\",\"url\":\"https:\\\/\\\/regiaonews.net.br\\\/2022\\\/2024\\\/06\\\/26\\\/educacao-de-sp-vai-abrir-escolas-no-recesso-de-julho-para-o-projeto-almoco-nas-ferias\\\/\",\"name\":\"Educa\u00e7\u00e3o de SP vai abrir escolas no recesso de julho para o projeto \u2018almo\u00e7o nas f\u00e9rias\u2019 - Regi\u00e3o News\",\"isPartOf\":{\"@id\":\"https:\\\/\\\/regiaonews.net.br\\\/2022\\\/#website\"},\"primaryImageOfPage\":{\"@id\":\"https:\\\/\\\/regiaonews.net.br\\\/2022\\\/2024\\\/06\\\/26\\\/educacao-de-sp-vai-abrir-escolas-no-recesso-de-julho-para-o-projeto-almoco-nas-ferias\\\/#primaryimage\"},\"image\":{\"@id\":\"https:\\\/\\\/regiaonews.net.br\\\/2022\\\/2024\\\/06\\\/26\\\/educacao-de-sp-vai-abrir-escolas-no-recesso-de-julho-para-o-projeto-almoco-nas-ferias\\\/#primaryimage\"},\"thumbnailUrl\":\"https:\\\/\\\/regiaonews.net.br\\\/2022\\\/wp-content\\\/uploads\\\/2024\\\/06\\\/merenda-casa-768x528-1.jpg\",\"datePublished\":\"2024-06-26T13:05:38+00:00\",\"breadcrumb\":{\"@id\":\"https:\\\/\\\/regiaonews.net.br\\\/2022\\\/2024\\\/06\\\/26\\\/educacao-de-sp-vai-abrir-escolas-no-recesso-de-julho-para-o-projeto-almoco-nas-ferias\\\/#breadcrumb\"},\"inLanguage\":\"pt-BR\",\"potentialAction\":[{\"@type\":\"ReadAction\",\"target\":[\"https:\\\/\\\/regiaonews.net.br\\\/2022\\\/2024\\\/06\\\/26\\\/educacao-de-sp-vai-abrir-escolas-no-recesso-de-julho-para-o-projeto-almoco-nas-ferias\\\/\"]}]},{\"@type\":\"ImageObject\",\"inLanguage\":\"pt-BR\",\"@id\":\"https:\\\/\\\/regiaonews.net.br\\\/2022\\\/2024\\\/06\\\/26\\\/educacao-de-sp-vai-abrir-escolas-no-recesso-de-julho-para-o-projeto-almoco-nas-ferias\\\/#primaryimage\",\"url\":\"https:\\\/\\\/regiaonews.net.br\\\/2022\\\/wp-content\\\/uploads\\\/2024\\\/06\\\/merenda-casa-768x528-1.jpg\",\"contentUrl\":\"https:\\\/\\\/regiaonews.net.br\\\/2022\\\/wp-content\\\/uploads\\\/2024\\\/06\\\/merenda-casa-768x528-1.jpg\",\"width\":768,\"height\":528},{\"@type\":\"BreadcrumbList\",\"@id\":\"https:\\\/\\\/regiaonews.net.br\\\/2022\\\/2024\\\/06\\\/26\\\/educacao-de-sp-vai-abrir-escolas-no-recesso-de-julho-para-o-projeto-almoco-nas-ferias\\\/#breadcrumb\",\"itemListElement\":[{\"@type\":\"ListItem\",\"position\":1,\"name\":\"In\u00edcio\",\"item\":\"https:\\\/\\\/regiaonews.net.br\\\/2022\\\/\"},{\"@type\":\"ListItem\",\"position\":2,\"name\":\"Educa\u00e7\u00e3o de SP vai abrir escolas no recesso de julho para o projeto \u2018almo\u00e7o nas f\u00e9rias\u2019\"}]},{\"@type\":\"WebSite\",\"@id\":\"https:\\\/\\\/regiaonews.net.br\\\/2022\\\/#website\",\"url\":\"https:\\\/\\\/regiaonews.net.br\\\/2022\\\/\",\"name\":\"Regi\u00e3o News\",\"description\":\"Site de Not\u00edcias de Barretos e regi\u00e3o\",\"publisher\":{\"@id\":\"https:\\\/\\\/regiaonews.net.br\\\/2022\\\/#organization\"},\"potentialAction\":[{\"@type\":\"SearchAction\",\"target\":{\"@type\":\"EntryPoint\",\"urlTemplate\":\"https:\\\/\\\/regiaonews.net.br\\\/2022\\\/?s={search_term_string}\"},\"query-input\":{\"@type\":\"PropertyValueSpecification\",\"valueRequired\":true,\"valueName\":\"search_term_string\"}}],\"inLanguage\":\"pt-BR\"},{\"@type\":\"Organization\",\"@id\":\"https:\\\/\\\/regiaonews.net.br\\\/2022\\\/#organization\",\"name\":\"Regi\u00e3o News\",\"url\":\"https:\\\/\\\/regiaonews.net.br\\\/2022\\\/\",\"logo\":{\"@type\":\"ImageObject\",\"inLanguage\":\"pt-BR\",\"@id\":\"https:\\\/\\\/regiaonews.net.br\\\/2022\\\/#\\\/schema\\\/logo\\\/image\\\/\",\"url\":\"https:\\\/\\\/regiaonews.net.br\\\/2022\\\/wp-content\\\/uploads\\\/2026\\\/03\\\/regiao-13-anos-scaled.jpg\",\"contentUrl\":\"https:\\\/\\\/regiaonews.net.br\\\/2022\\\/wp-content\\\/uploads\\\/2026\\\/03\\\/regiao-13-anos-scaled.jpg\",\"width\":2560,\"height\":635,\"caption\":\"Regi\u00e3o News\"},\"image\":{\"@id\":\"https:\\\/\\\/regiaonews.net.br\\\/2022\\\/#\\\/schema\\\/logo\\\/image\\\/\"}},{\"@type\":\"Person\",\"@id\":\"https:\\\/\\\/regiaonews.net.br\\\/2022\\\/#\\\/schema\\\/person\\\/2d205a608a5aa97ac279d7a5e6d89ad8\",\"name\":\"Roberto\",\"image\":{\"@type\":\"ImageObject\",\"inLanguage\":\"pt-BR\",\"@id\":\"https:\\\/\\\/secure.gravatar.com\\\/avatar\\\/42749d8b712ff9d59ca93dc150494e5b55a44134482993f5baeb97e61b7ecc89?s=96&d=mm&r=g\",\"url\":\"https:\\\/\\\/secure.gravatar.com\\\/avatar\\\/42749d8b712ff9d59ca93dc150494e5b55a44134482993f5baeb97e61b7ecc89?s=96&d=mm&r=g\",\"contentUrl\":\"https:\\\/\\\/secure.gravatar.com\\\/avatar\\\/42749d8b712ff9d59ca93dc150494e5b55a44134482993f5baeb97e61b7ecc89?s=96&d=mm&r=g\",\"caption\":\"Roberto\"},\"url\":\"https:\\\/\\\/regiaonews.net.br\\\/2022\\\/author\\\/roberto\\\/\"}]}<\/script>\n<!-- \/ Yoast SEO plugin. -->","yoast_head_json":{"title":"Educa\u00e7\u00e3o de SP vai abrir escolas no recesso de julho para o projeto \u2018almo\u00e7o nas f\u00e9rias\u2019 - Regi\u00e3o News","robots":{"index":"index","follow":"follow","max-snippet":"max-snippet:-1","max-image-preview":"max-image-preview:large","max-video-preview":"max-video-preview:-1"},"canonical":"https:\/\/regiaonews.net.br\/2022\/2024\/06\/26\/educacao-de-sp-vai-abrir-escolas-no-recesso-de-julho-para-o-projeto-almoco-nas-ferias\/","og_locale":"pt_BR","og_type":"article","og_title":"Educa\u00e7\u00e3o de SP vai abrir escolas no recesso de julho para o projeto \u2018almo\u00e7o nas f\u00e9rias\u2019 - Regi\u00e3o News","og_description":"Pais e respons\u00e1veis podem aderir ao programa at\u00e9 sexta-feira (28);","og_url":"https:\/\/regiaonews.net.br\/2022\/2024\/06\/26\/educacao-de-sp-vai-abrir-escolas-no-recesso-de-julho-para-o-projeto-almoco-nas-ferias\/","og_site_name":"Regi\u00e3o News","article_published_time":"2024-06-26T13:05:38+00:00","og_image":[{"width":768,"height":528,"url":"https:\/\/regiaonews.net.br\/2022\/wp-content\/uploads\/2024\/06\/merenda-casa-768x528-1.jpg","type":"image\/jpeg"}],"author":"Roberto","twitter_card":"summary_large_image","twitter_misc":{"Escrito por":"Roberto","Est. tempo de leitura":"2 minutos"},"schema":{"@context":"https:\/\/schema.org","@graph":[{"@type":"Article","@id":"https:\/\/regiaonews.net.br\/2022\/2024\/06\/26\/educacao-de-sp-vai-abrir-escolas-no-recesso-de-julho-para-o-projeto-almoco-nas-ferias\/#article","isPartOf":{"@id":"https:\/\/regiaonews.net.br\/2022\/2024\/06\/26\/educacao-de-sp-vai-abrir-escolas-no-recesso-de-julho-para-o-projeto-almoco-nas-ferias\/"},"author":{"name":"Roberto","@id":"https:\/\/regiaonews.net.br\/2022\/#\/schema\/person\/2d205a608a5aa97ac279d7a5e6d89ad8"},"headline":"Educa\u00e7\u00e3o de SP vai abrir escolas no recesso de julho para o projeto \u2018almo\u00e7o nas f\u00e9rias\u2019","datePublished":"2024-06-26T13:05:38+00:00","mainEntityOfPage":{"@id":"https:\/\/regiaonews.net.br\/2022\/2024\/06\/26\/educacao-de-sp-vai-abrir-escolas-no-recesso-de-julho-para-o-projeto-almoco-nas-ferias\/"},"wordCount":337,"commentCount":0,"publisher":{"@id":"https:\/\/regiaonews.net.br\/2022\/#organization"},"image":{"@id":"https:\/\/regiaonews.net.br\/2022\/2024\/06\/26\/educacao-de-sp-vai-abrir-escolas-no-recesso-de-julho-para-o-projeto-almoco-nas-ferias\/#primaryimage"},"thumbnailUrl":"https:\/\/regiaonews.net.br\/2022\/wp-content\/uploads\/2024\/06\/merenda-casa-768x528-1.jpg","articleSection":["Estado de S\u00e3o Paulo","Geral"],"inLanguage":"pt-BR","potentialAction":[{"@type":"CommentAction","name":"Comment","target":["https:\/\/regiaonews.net.br\/2022\/2024\/06\/26\/educacao-de-sp-vai-abrir-escolas-no-recesso-de-julho-para-o-projeto-almoco-nas-ferias\/#respond"]}]},{"@type":"WebPage","@id":"https:\/\/regiaonews.net.br\/2022\/2024\/06\/26\/educacao-de-sp-vai-abrir-escolas-no-recesso-de-julho-para-o-projeto-almoco-nas-ferias\/","url":"https:\/\/regiaonews.net.br\/2022\/2024\/06\/26\/educacao-de-sp-vai-abrir-escolas-no-recesso-de-julho-para-o-projeto-almoco-nas-ferias\/","name":"Educa\u00e7\u00e3o de SP vai abrir escolas no recesso de julho para o projeto \u2018almo\u00e7o nas f\u00e9rias\u2019 - Regi\u00e3o News","isPartOf":{"@id":"https:\/\/regiaonews.net.br\/2022\/#website"},"primaryImageOfPage":{"@id":"https:\/\/regiaonews.net.br\/2022\/2024\/06\/26\/educacao-de-sp-vai-abrir-escolas-no-recesso-de-julho-para-o-projeto-almoco-nas-ferias\/#primaryimage"},"image":{"@id":"https:\/\/regiaonews.net.br\/2022\/2024\/06\/26\/educacao-de-sp-vai-abrir-escolas-no-recesso-de-julho-para-o-projeto-almoco-nas-ferias\/#primaryimage"},"thumbnailUrl":"https:\/\/regiaonews.net.br\/2022\/wp-content\/uploads\/2024\/06\/merenda-casa-768x528-1.jpg","datePublished":"2024-06-26T13:05:38+00:00","breadcrumb":{"@id":"https:\/\/regiaonews.net.br\/2022\/2024\/06\/26\/educacao-de-sp-vai-abrir-escolas-no-recesso-de-julho-para-o-projeto-almoco-nas-ferias\/#breadcrumb"},"inLanguage":"pt-BR","potentialAction":[{"@type":"ReadAction","target":["https:\/\/regiaonews.net.br\/2022\/2024\/06\/26\/educacao-de-sp-vai-abrir-escolas-no-recesso-de-julho-para-o-projeto-almoco-nas-ferias\/"]}]},{"@type":"ImageObject","inLanguage":"pt-BR","@id":"https:\/\/regiaonews.net.br\/2022\/2024\/06\/26\/educacao-de-sp-vai-abrir-escolas-no-recesso-de-julho-para-o-projeto-almoco-nas-ferias\/#primaryimage","url":"https:\/\/regiaonews.net.br\/2022\/wp-content\/uploads\/2024\/06\/merenda-casa-768x528-1.jpg","contentUrl":"https:\/\/regiaonews.net.br\/2022\/wp-content\/uploads\/2024\/06\/merenda-casa-768x528-1.jpg","width":768,"height":528},{"@type":"BreadcrumbList","@id":"https:\/\/regiaonews.net.br\/2022\/2024\/06\/26\/educacao-de-sp-vai-abrir-escolas-no-recesso-de-julho-para-o-projeto-almoco-nas-ferias\/#breadcrumb","itemListElement":[{"@type":"ListItem","position":1,"name":"In\u00edcio","item":"https:\/\/regiaonews.net.br\/2022\/"},{"@type":"ListItem","position":2,"name":"Educa\u00e7\u00e3o de SP vai abrir escolas no recesso de julho para o projeto \u2018almo\u00e7o nas f\u00e9rias\u2019"}]},{"@type":"WebSite","@id":"https:\/\/regiaonews.net.br\/2022\/#website","url":"https:\/\/regiaonews.net.br\/2022\/","name":"Regi\u00e3o News","description":"Site de Not\u00edcias de Barretos e regi\u00e3o","publisher":{"@id":"https:\/\/regiaonews.net.br\/2022\/#organization"},"potentialAction":[{"@type":"SearchAction","target":{"@type":"EntryPoint","urlTemplate":"https:\/\/regiaonews.net.br\/2022\/?s={search_term_string}"},"query-input":{"@type":"PropertyValueSpecification","valueRequired":true,"valueName":"search_term_string"}}],"inLanguage":"pt-BR"},{"@type":"Organization","@id":"https:\/\/regiaonews.net.br\/2022\/#organization","name":"Regi\u00e3o News","url":"https:\/\/regiaonews.net.br\/2022\/","logo":{"@type":"ImageObject","inLanguage":"pt-BR","@id":"https:\/\/regiaonews.net.br\/2022\/#\/schema\/logo\/image\/","url":"https:\/\/regiaonews.net.br\/2022\/wp-content\/uploads\/2026\/03\/regiao-13-anos-scaled.jpg","contentUrl":"https:\/\/regiaonews.net.br\/2022\/wp-content\/uploads\/2026\/03\/regiao-13-anos-scaled.jpg","width":2560,"height":635,"caption":"Regi\u00e3o News"},"image":{"@id":"https:\/\/regiaonews.net.br\/2022\/#\/schema\/logo\/image\/"}},{"@type":"Person","@id":"https:\/\/regiaonews.net.br\/2022\/#\/schema\/person\/2d205a608a5aa97ac279d7a5e6d89ad8","name":"Roberto","image":{"@type":"ImageObject","inLanguage":"pt-BR","@id":"https:\/\/secure.gravatar.com\/avatar\/42749d8b712ff9d59ca93dc150494e5b55a44134482993f5baeb97e61b7ecc89?s=96&d=mm&r=g","url":"https:\/\/secure.gravatar.com\/avatar\/42749d8b712ff9d59ca93dc150494e5b55a44134482993f5baeb97e61b7ecc89?s=96&d=mm&r=g","contentUrl":"https:\/\/secure.gravatar.com\/avatar\/42749d8b712ff9d59ca93dc150494e5b55a44134482993f5baeb97e61b7ecc89?s=96&d=mm&r=g","caption":"Roberto"},"url":"https:\/\/regiaonews.net.br\/2022\/author\/roberto\/"}]}},"publishpress_future_action":{"enabled":false,"date":"2026-05-03 06:21:28","action":"change-status","newStatus":"draft","terms":[],"taxonomy":"category","extraData":[]},"publishpress_future_workflow_manual_trigger":{"enabledWorkflows":[]},"_links":{"self":[{"href":"https:\/\/regiaonews.net.br\/2022\/wp-json\/wp\/v2\/posts\/106842","targetHints":{"allow":["GET"]}}],"collection":[{"href":"https:\/\/regiaonews.net.br\/2022\/wp-json\/wp\/v2\/posts"}],"about":[{"href":"https:\/\/regiaonews.net.br\/2022\/wp-json\/wp\/v2\/types\/post"}],"author":[{"embeddable":true,"href":"https:\/\/regiaonews.net.br\/2022\/wp-json\/wp\/v2\/users\/2"}],"replies":[{"embeddable":true,"href":"https:\/\/regiaonews.net.br\/2022\/wp-json\/wp\/v2\/comments?post=106842"}],"version-history":[{"count":1,"href":"https:\/\/regiaonews.net.br\/2022\/wp-json\/wp\/v2\/posts\/106842\/revisions"}],"predecessor-version":[{"id":106844,"href":"https:\/\/regiaonews.net.br\/2022\/wp-json\/wp\/v2\/posts\/106842\/revisions\/106844"}],"wp:featuredmedia":[{"embeddable":true,"href":"https:\/\/regiaonews.net.br\/2022\/wp-json\/wp\/v2\/media\/106843"}],"wp:attachment":[{"href":"https:\/\/regiaonews.net.br\/2022\/wp-json\/wp\/v2\/media?parent=106842"}],"wp:term":[{"taxonomy":"category","embeddable":true,"href":"https:\/\/regiaonews.net.br\/2022\/wp-json\/wp\/v2\/categories?post=106842"},{"taxonomy":"post_tag","embeddable":true,"href":"https:\/\/regiaonews.net.br\/2022\/wp-json\/wp\/v2\/tags?post=106842"}],"curies":[{"name":"wp","href":"https:\/\/api.w.org\/{rel}","templated":true}]}}