{"id":106833,"date":"2024-06-25T20:40:12","date_gmt":"2024-06-25T23:40:12","guid":{"rendered":"https:\/\/regiaonews.net.br\/2022\/?p=106833"},"modified":"2024-06-25T20:40:12","modified_gmt":"2024-06-25T23:40:12","slug":"detran-sp-publica-edital-para-retomada-dos-leiloes-de-veiculos","status":"publish","type":"post","link":"https:\/\/regiaonews.net.br\/2022\/2024\/06\/25\/detran-sp-publica-edital-para-retomada-dos-leiloes-de-veiculos\/","title":{"rendered":"Detran-SP publica edital para retomada dos leil\u00f5es de ve\u00edculos"},"content":{"rendered":"<p dir=\"ltr\">Com in\u00edcio marcado para 23 de julho, ap\u00f3s<a href=\"https:\/\/www.doe.sp.gov.br\/executivo\/secretaria-de-gestao-e-governo-digital\/edital-de-leilao-de-veiculos-n-01-2024-20240624132617434403103\" target=\"_blank\" rel=\"noopener\">\u00a0an\u00fancio no Di\u00e1rio Oficial do Estado<\/a>, o Departamento Estadual de Tr\u00e2nsito de S\u00e3o Paulo (Detran-SP) retoma a realiza\u00e7\u00e3o dos leil\u00f5es de ve\u00edculos, suspensos em 2023 para uma revis\u00e3o geral com vistas \u00e0 sanitiza\u00e7\u00e3o do processo. Na primeira leva, com motos e autom\u00f3veis recolhidos na regi\u00e3o de Botucatu, ser\u00e3o ofertadas 418 unidades, entre ve\u00edculos em condi\u00e7\u00f5es de circula\u00e7\u00e3o (197) e sucatas para desmontagem e reciclagem (221). A inscri\u00e7\u00e3o para participar deve ser feita at\u00e9 48 horas antes do evento no site da Rico Leil\u00f5es (<a href=\"https:\/\/www.ricoleiloes.com.br\/\" target=\"_blank\" rel=\"noopener noreferrer\">www.ricoleiloes.com.br<\/a>), mesmo endere\u00e7o onde se dar\u00e3o as sess\u00f5es de forma online.<\/p>\n<p dir=\"ltr\">Ao todo, ser\u00e3o tr\u00eas dias seguidos de preg\u00f5es: o primeiro no dia 23 de julho, dedicado aos carros que podem circular; o segundo, no dia 24 de julho, dedicado \u00e0s sucatas aproveit\u00e1veis e \u00e0s sucatas aproveit\u00e1veis com motor \u201cinserv\u00edvel\u201d; e o \u00faltimo em 25 de julho, dedicado exclusivamente \u00e0s sucatas \u201cinserv\u00edveis\u201d. No edital, \u00e9 poss\u00edvel ver a lista completa dos lotes oferecidos, com informa\u00e7\u00f5es como marca, modelo, motor, cor, ano de fabrica\u00e7\u00e3o e lance m\u00ednimo definido por peritos. O lance m\u00ednimo corresponde a uma fra\u00e7\u00e3o do pre\u00e7o m\u00e9dio estimado para cada ve\u00edculo, calculado com base nos valores praticados pelo mercado e no estado de conserva\u00e7\u00e3o da unidade.<\/p>\n<p dir=\"ltr\">Custodiados pelo p\u00e1tio Grupo Carvalho, no bairro do Park Residencial Conv\u00edvio, em Botucatu, os\u00a0ve\u00edculos podem ser conferidos de perto\u00a0nos dois dias \u00fateis que antecedem a abertura para os\u00a0pr\u00e9-lances\u00a0\u2013 a partir de\u00a08 de julho, \u00e9 poss\u00edvel sugerir pre\u00e7os para as unidades, valores que ser\u00e3o convertidos em lances no in\u00edcio da sess\u00e3o p\u00fablica e que, se n\u00e3o superados em at\u00e9 30 segundos, se tornar\u00e3o automaticamente os vencedores. O contato com os ve\u00edculos, sucatas e materiais ferrosos ser\u00e1 s\u00f3 visual, sem manuseio, toque ou qualquer tipo de teste, das 9h \u00e0s 16h.<\/p>\n<p dir=\"ltr\">O pr\u00e9-lance \u00e9 recomendado como medida preventiva para falhas t\u00e9cnicas e de conex\u00e3o, da parte do comprador postulante, durante o preg\u00e3o. Quem n\u00e3o o fizer, por\u00e9m, tamb\u00e9m pode participar do leil\u00e3o de seu interesse. H\u00e1 regras para o lance. No caso dos carros em condi\u00e7\u00f5es de circular, de acordo com o edital, o valor entre um incremento e outro deve ser de R$ 100. J\u00e1 no caso das sucatas aproveit\u00e1veis, o valor \u00e9 de R$ 30. E, no das sucatas para reciclagem, medidas por quilo, de R$ 0,02 por peso do lote.<\/p>\n<p dir=\"ltr\">Vale ressaltar que uma vez aceito, um lance n\u00e3o pode ser desfeito. N\u00e3o h\u00e1 possibilidade de desist\u00eancia, como determina a Lei federal n\u00ba 14.133, de 2021. Mesmo que tenha feito o pr\u00e9-lance, o propriet\u00e1rio do ve\u00edculo listado para leil\u00e3o tem o direito de recuper\u00e1-lo at\u00e9 um dia \u00fatil antes do certame, mediante a quita\u00e7\u00e3o dos d\u00e9bitos pendentes, entre infra\u00e7\u00f5es e tarifas de remo\u00e7\u00e3o e cust\u00f3dia em p\u00e1tio, conforme a Resolu\u00e7\u00e3o 623, de 2016, do Conselho Nacional de Tr\u00e2nsito (Contran).<\/p>\n<p class=\"title\"><strong>LEIA TAMB\u00c9M<\/strong>:\u00a0<a href=\"https:\/\/www.saopaulo.sp.gov.br\/spnoticias\/ultimas-noticias\/governo-de-sp-retoma-leilao-de-veiculos-saiba-quais-sao-os-proximos-passos\/\">Governo de SP retoma leil\u00e3o de ve\u00edculos; saiba quais s\u00e3o os pr\u00f3ximos passos<\/a><\/p>\n<h2 dir=\"ltr\"><strong>Calend\u00e1rio do leil\u00e3o de julho<\/strong><\/h2>\n<h3 dir=\"ltr\"><strong>1. Carros conservados e destinados \u00e0 circula\u00e7\u00e3o (197 unidades)<\/strong><\/h3>\n<p dir=\"ltr\">Podem participar: pessoas f\u00edsicas e jur\u00eddicas inscritas no Cadastro da Receita Federal do Brasil<br \/>\n8 de julho, 10h*<br \/>\nAbertura para pr\u00e9-lances<br \/>\n23 de julho, 10h \u00e0s 18h **<br \/>\nSess\u00e3o p\u00fablica de leil\u00e3o<\/p>\n<h3 dir=\"ltr\"><strong>2. Sucata aproveit\u00e1vel (195 unidades) e sucata aproveit\u00e1vel com motor inserv\u00edvel (9 unidades)<\/strong><\/h3>\n<p dir=\"ltr\">Podem participar: pessoas jur\u00eddicas inscritas no Cadastro Nacional de Pessoa Jur\u00eddica (CNPJ) com registro ativo no \u00f3rg\u00e3o ou entidade executiva de tr\u00e2nsito para atua\u00e7\u00e3o no com\u00e9rcio de pe\u00e7as usadas<br \/>\n8 de julho, 10h*<br \/>\nAbertura para pr\u00e9-lances<br \/>\n24 de julho, 10h \u00e0s 18h **<br \/>\nSess\u00e3o p\u00fablica de leil\u00e3o<\/p>\n<h3 dir=\"ltr\"><strong>3. Sucata inserv\u00edvel (17 unidades)<\/strong><\/h3>\n<p dir=\"ltr\">Podem participar: pessoas jur\u00eddicas do ramo de siderurgia ou fundi\u00e7\u00e3o<br \/>\n8 de julho, 10h *<br \/>\nAbertura para pr\u00e9-lances<br \/>\n25 de julho, 10h \u00e0s 12h **<br \/>\nSess\u00e3o p\u00fablica de leil\u00e3o<\/p>\n<p dir=\"ltr\">*De acordo com o hor\u00e1rio de Bras\u00edlia\/DF (BRT \u2013 UTC-3)<br \/>\n**O hor\u00e1rio de encerramento \u00e9 o prazo m\u00e1ximo previsto para a sess\u00e3o. Em caso de desconex\u00e3o ou falha t\u00e9cnica do leiloeiro por mais de 30 minutos, a sess\u00e3o deve ser suspensa e ter seu rein\u00edcio agendado e fixado no site leil\u00e3o. A prefer\u00eancia \u00e9 que a sess\u00e3o seja retomada no primeiro dia \u00fatil seguido. Falha t\u00e9cnica ou desconex\u00e3o por parte do postulante n\u00e3o prejudica a realiza\u00e7\u00e3o do leil\u00e3o nem implica indeniza\u00e7\u00e3o ao participante<\/p>\n<h2 dir=\"ltr\"><strong>Vetos \u00e0 participa\u00e7\u00e3o no leil\u00e3o<\/strong><\/h2>\n<p dir=\"ltr\">Os leil\u00f5es de ve\u00edculos do Detran-SP, \u00f3rg\u00e3o vinculado \u00e0 Secretaria de Gest\u00e3o e Governo Digital (SGGD), do governo paulista, s\u00e3o abertos a todas as pessoas interessadas, f\u00edsicas e jur\u00eddicas inscritas no Cadastro da Receita Federal do Brasil, no caso dos ve\u00edculos aptos a circular.<\/p>\n<p dir=\"ltr\">Por quest\u00f5es de seguran\u00e7a e idoneidade, por\u00e9m, \u00e9\u00a0vedada a participa\u00e7\u00e3o\u00a0de:<\/p>\n<ul>\n<li>Servidores do Detran-SP e parentes de servidores at\u00e9 o segundo grau<\/li>\n<li>Leiloeiro, seus parentes at\u00e9 segundo grau e membros de sua equipe de trabalho<\/li>\n<li>Propriet\u00e1rios, s\u00f3cios e\/ou administradores dos p\u00e1tios terceirizados, licitados ou conveniados onde se encontram custodiados os ve\u00edculos, seus parentes at\u00e9 segundo grau e os membros da equipe de trabalho<\/li>\n<li>Pessoas f\u00edsicas e jur\u00eddicas impedidas de licitar e contratar com a administra\u00e7\u00e3o, sancionadas com as penas previstas nos incisos III e IV do art. 156 da Lei federal n\u00ba 14.133, de 2021 ou, ainda, no art. 7\u00ba da Lei federal n\u00ba 10.520, de 17 de julho de 2002<\/li>\n<\/ul>\n<h2 dir=\"ltr\"><strong>Pr\u00f3ximos leil\u00f5es<\/strong><\/h2>\n<p dir=\"ltr\">O leil\u00e3o de ve\u00edculos recolhidos em Botucatu \u00e9 o primeiro de uma s\u00e9rie de certames que o Detran-SP promove a partir deste m\u00eas de julho. Oito editais, em um total de 11 cidades, j\u00e1 t\u00eam leil\u00f5es confirmados. Al\u00e9m de Botucatu, est\u00e3o programados para an\u00fancio em breve os leil\u00f5es de Itapecerica da Serra e Juquitiba; Bragan\u00e7a Paulista; Capela do Alto e Ces\u00e1rio Lange; Cerquilho; Itatiba; Mogi das Cruzes, Bebedouro e Guarulhos.<\/p>\n<p dir=\"ltr\">Esta primeira leva da retomada dos leil\u00f5es pelo Detran-SP deve incluir mais de 6 mil ve\u00edculos.<\/p>\n<p dir=\"ltr\">Siga o canal \u201cGoverno de S\u00e3o Paulo\u201d no WhatsApp:<br \/>\n<a href=\"https:\/\/bit.ly\/govspnozap\" target=\"_blank\" rel=\"noopener noreferrer\">https:\/\/bit.ly\/govspnozap<\/a><\/p>\n","protected":false},"excerpt":{"rendered":"<p>Com in\u00edcio marcado para 23 de julho, ap\u00f3s\u00a0an\u00fancio no Di\u00e1rio<\/p>\n","protected":false},"author":2,"featured_media":106834,"comment_status":"open","ping_status":"open","sticky":false,"template":"","format":"standard","meta":{"footnotes":""},"categories":[7,3],"tags":[],"class_list":["post-106833","post","type-post","status-publish","format-standard","has-post-thumbnail","hentry","category-estado-de-sao-paulo","category-geral"],"yoast_head":"<!-- This site is optimized with the Yoast SEO plugin v27.4 - https:\/\/yoast.com\/product\/yoast-seo-wordpress\/ -->\n<title>Detran-SP publica edital para retomada dos leil\u00f5es de ve\u00edculos - Regi\u00e3o News<\/title>\n<meta name=\"robots\" content=\"index, follow, max-snippet:-1, max-image-preview:large, max-video-preview:-1\" \/>\n<link rel=\"canonical\" href=\"https:\/\/regiaonews.net.br\/2022\/2024\/06\/25\/detran-sp-publica-edital-para-retomada-dos-leiloes-de-veiculos\/\" \/>\n<meta property=\"og:locale\" content=\"pt_BR\" \/>\n<meta property=\"og:type\" content=\"article\" \/>\n<meta property=\"og:title\" content=\"Detran-SP publica edital para retomada dos leil\u00f5es de ve\u00edculos - Regi\u00e3o News\" \/>\n<meta property=\"og:description\" content=\"Com in\u00edcio marcado para 23 de julho, ap\u00f3s\u00a0an\u00fancio no Di\u00e1rio\" \/>\n<meta property=\"og:url\" content=\"https:\/\/regiaonews.net.br\/2022\/2024\/06\/25\/detran-sp-publica-edital-para-retomada-dos-leiloes-de-veiculos\/\" \/>\n<meta property=\"og:site_name\" content=\"Regi\u00e3o News\" \/>\n<meta property=\"article:published_time\" content=\"2024-06-25T23:40:12+00:00\" \/>\n<meta property=\"og:image\" content=\"https:\/\/regiaonews.net.br\/2022\/wp-content\/uploads\/2024\/06\/Leilao-de-veiculos.png\" \/>\n\t<meta property=\"og:image:width\" content=\"1130\" \/>\n\t<meta property=\"og:image:height\" content=\"720\" \/>\n\t<meta property=\"og:image:type\" content=\"image\/png\" \/>\n<meta name=\"author\" content=\"Roberto\" \/>\n<meta name=\"twitter:card\" content=\"summary_large_image\" \/>\n<meta name=\"twitter:label1\" content=\"Escrito por\" \/>\n\t<meta name=\"twitter:data1\" content=\"Roberto\" \/>\n\t<meta name=\"twitter:label2\" content=\"Est. tempo de leitura\" \/>\n\t<meta name=\"twitter:data2\" content=\"6 minutos\" \/>\n<script type=\"application\/ld+json\" class=\"yoast-schema-graph\">{\"@context\":\"https:\\\/\\\/schema.org\",\"@graph\":[{\"@type\":\"Article\",\"@id\":\"https:\\\/\\\/regiaonews.net.br\\\/2022\\\/2024\\\/06\\\/25\\\/detran-sp-publica-edital-para-retomada-dos-leiloes-de-veiculos\\\/#article\",\"isPartOf\":{\"@id\":\"https:\\\/\\\/regiaonews.net.br\\\/2022\\\/2024\\\/06\\\/25\\\/detran-sp-publica-edital-para-retomada-dos-leiloes-de-veiculos\\\/\"},\"author\":{\"name\":\"Roberto\",\"@id\":\"https:\\\/\\\/regiaonews.net.br\\\/2022\\\/#\\\/schema\\\/person\\\/2d205a608a5aa97ac279d7a5e6d89ad8\"},\"headline\":\"Detran-SP publica edital para retomada dos leil\u00f5es de ve\u00edculos\",\"datePublished\":\"2024-06-25T23:40:12+00:00\",\"mainEntityOfPage\":{\"@id\":\"https:\\\/\\\/regiaonews.net.br\\\/2022\\\/2024\\\/06\\\/25\\\/detran-sp-publica-edital-para-retomada-dos-leiloes-de-veiculos\\\/\"},\"wordCount\":1100,\"commentCount\":0,\"publisher\":{\"@id\":\"https:\\\/\\\/regiaonews.net.br\\\/2022\\\/#organization\"},\"image\":{\"@id\":\"https:\\\/\\\/regiaonews.net.br\\\/2022\\\/2024\\\/06\\\/25\\\/detran-sp-publica-edital-para-retomada-dos-leiloes-de-veiculos\\\/#primaryimage\"},\"thumbnailUrl\":\"https:\\\/\\\/regiaonews.net.br\\\/2022\\\/wp-content\\\/uploads\\\/2024\\\/06\\\/Leilao-de-veiculos.png\",\"articleSection\":[\"Estado de S\u00e3o Paulo\",\"Geral\"],\"inLanguage\":\"pt-BR\",\"potentialAction\":[{\"@type\":\"CommentAction\",\"name\":\"Comment\",\"target\":[\"https:\\\/\\\/regiaonews.net.br\\\/2022\\\/2024\\\/06\\\/25\\\/detran-sp-publica-edital-para-retomada-dos-leiloes-de-veiculos\\\/#respond\"]}]},{\"@type\":\"WebPage\",\"@id\":\"https:\\\/\\\/regiaonews.net.br\\\/2022\\\/2024\\\/06\\\/25\\\/detran-sp-publica-edital-para-retomada-dos-leiloes-de-veiculos\\\/\",\"url\":\"https:\\\/\\\/regiaonews.net.br\\\/2022\\\/2024\\\/06\\\/25\\\/detran-sp-publica-edital-para-retomada-dos-leiloes-de-veiculos\\\/\",\"name\":\"Detran-SP publica edital para retomada dos leil\u00f5es de ve\u00edculos - Regi\u00e3o News\",\"isPartOf\":{\"@id\":\"https:\\\/\\\/regiaonews.net.br\\\/2022\\\/#website\"},\"primaryImageOfPage\":{\"@id\":\"https:\\\/\\\/regiaonews.net.br\\\/2022\\\/2024\\\/06\\\/25\\\/detran-sp-publica-edital-para-retomada-dos-leiloes-de-veiculos\\\/#primaryimage\"},\"image\":{\"@id\":\"https:\\\/\\\/regiaonews.net.br\\\/2022\\\/2024\\\/06\\\/25\\\/detran-sp-publica-edital-para-retomada-dos-leiloes-de-veiculos\\\/#primaryimage\"},\"thumbnailUrl\":\"https:\\\/\\\/regiaonews.net.br\\\/2022\\\/wp-content\\\/uploads\\\/2024\\\/06\\\/Leilao-de-veiculos.png\",\"datePublished\":\"2024-06-25T23:40:12+00:00\",\"breadcrumb\":{\"@id\":\"https:\\\/\\\/regiaonews.net.br\\\/2022\\\/2024\\\/06\\\/25\\\/detran-sp-publica-edital-para-retomada-dos-leiloes-de-veiculos\\\/#breadcrumb\"},\"inLanguage\":\"pt-BR\",\"potentialAction\":[{\"@type\":\"ReadAction\",\"target\":[\"https:\\\/\\\/regiaonews.net.br\\\/2022\\\/2024\\\/06\\\/25\\\/detran-sp-publica-edital-para-retomada-dos-leiloes-de-veiculos\\\/\"]}]},{\"@type\":\"ImageObject\",\"inLanguage\":\"pt-BR\",\"@id\":\"https:\\\/\\\/regiaonews.net.br\\\/2022\\\/2024\\\/06\\\/25\\\/detran-sp-publica-edital-para-retomada-dos-leiloes-de-veiculos\\\/#primaryimage\",\"url\":\"https:\\\/\\\/regiaonews.net.br\\\/2022\\\/wp-content\\\/uploads\\\/2024\\\/06\\\/Leilao-de-veiculos.png\",\"contentUrl\":\"https:\\\/\\\/regiaonews.net.br\\\/2022\\\/wp-content\\\/uploads\\\/2024\\\/06\\\/Leilao-de-veiculos.png\",\"width\":1130,\"height\":720},{\"@type\":\"BreadcrumbList\",\"@id\":\"https:\\\/\\\/regiaonews.net.br\\\/2022\\\/2024\\\/06\\\/25\\\/detran-sp-publica-edital-para-retomada-dos-leiloes-de-veiculos\\\/#breadcrumb\",\"itemListElement\":[{\"@type\":\"ListItem\",\"position\":1,\"name\":\"In\u00edcio\",\"item\":\"https:\\\/\\\/regiaonews.net.br\\\/2022\\\/\"},{\"@type\":\"ListItem\",\"position\":2,\"name\":\"Detran-SP publica edital para retomada dos leil\u00f5es de ve\u00edculos\"}]},{\"@type\":\"WebSite\",\"@id\":\"https:\\\/\\\/regiaonews.net.br\\\/2022\\\/#website\",\"url\":\"https:\\\/\\\/regiaonews.net.br\\\/2022\\\/\",\"name\":\"Regi\u00e3o News\",\"description\":\"Site de Not\u00edcias de Barretos e regi\u00e3o\",\"publisher\":{\"@id\":\"https:\\\/\\\/regiaonews.net.br\\\/2022\\\/#organization\"},\"potentialAction\":[{\"@type\":\"SearchAction\",\"target\":{\"@type\":\"EntryPoint\",\"urlTemplate\":\"https:\\\/\\\/regiaonews.net.br\\\/2022\\\/?s={search_term_string}\"},\"query-input\":{\"@type\":\"PropertyValueSpecification\",\"valueRequired\":true,\"valueName\":\"search_term_string\"}}],\"inLanguage\":\"pt-BR\"},{\"@type\":\"Organization\",\"@id\":\"https:\\\/\\\/regiaonews.net.br\\\/2022\\\/#organization\",\"name\":\"Regi\u00e3o News\",\"url\":\"https:\\\/\\\/regiaonews.net.br\\\/2022\\\/\",\"logo\":{\"@type\":\"ImageObject\",\"inLanguage\":\"pt-BR\",\"@id\":\"https:\\\/\\\/regiaonews.net.br\\\/2022\\\/#\\\/schema\\\/logo\\\/image\\\/\",\"url\":\"https:\\\/\\\/regiaonews.net.br\\\/2022\\\/wp-content\\\/uploads\\\/2026\\\/03\\\/regiao-13-anos-scaled.jpg\",\"contentUrl\":\"https:\\\/\\\/regiaonews.net.br\\\/2022\\\/wp-content\\\/uploads\\\/2026\\\/03\\\/regiao-13-anos-scaled.jpg\",\"width\":2560,\"height\":635,\"caption\":\"Regi\u00e3o News\"},\"image\":{\"@id\":\"https:\\\/\\\/regiaonews.net.br\\\/2022\\\/#\\\/schema\\\/logo\\\/image\\\/\"}},{\"@type\":\"Person\",\"@id\":\"https:\\\/\\\/regiaonews.net.br\\\/2022\\\/#\\\/schema\\\/person\\\/2d205a608a5aa97ac279d7a5e6d89ad8\",\"name\":\"Roberto\",\"image\":{\"@type\":\"ImageObject\",\"inLanguage\":\"pt-BR\",\"@id\":\"https:\\\/\\\/secure.gravatar.com\\\/avatar\\\/42749d8b712ff9d59ca93dc150494e5b55a44134482993f5baeb97e61b7ecc89?s=96&d=mm&r=g\",\"url\":\"https:\\\/\\\/secure.gravatar.com\\\/avatar\\\/42749d8b712ff9d59ca93dc150494e5b55a44134482993f5baeb97e61b7ecc89?s=96&d=mm&r=g\",\"contentUrl\":\"https:\\\/\\\/secure.gravatar.com\\\/avatar\\\/42749d8b712ff9d59ca93dc150494e5b55a44134482993f5baeb97e61b7ecc89?s=96&d=mm&r=g\",\"caption\":\"Roberto\"},\"url\":\"https:\\\/\\\/regiaonews.net.br\\\/2022\\\/author\\\/roberto\\\/\"}]}<\/script>\n<!-- \/ Yoast SEO plugin. -->","yoast_head_json":{"title":"Detran-SP publica edital para retomada dos leil\u00f5es de ve\u00edculos - Regi\u00e3o News","robots":{"index":"index","follow":"follow","max-snippet":"max-snippet:-1","max-image-preview":"max-image-preview:large","max-video-preview":"max-video-preview:-1"},"canonical":"https:\/\/regiaonews.net.br\/2022\/2024\/06\/25\/detran-sp-publica-edital-para-retomada-dos-leiloes-de-veiculos\/","og_locale":"pt_BR","og_type":"article","og_title":"Detran-SP publica edital para retomada dos leil\u00f5es de ve\u00edculos - Regi\u00e3o News","og_description":"Com in\u00edcio marcado para 23 de julho, ap\u00f3s\u00a0an\u00fancio no Di\u00e1rio","og_url":"https:\/\/regiaonews.net.br\/2022\/2024\/06\/25\/detran-sp-publica-edital-para-retomada-dos-leiloes-de-veiculos\/","og_site_name":"Regi\u00e3o News","article_published_time":"2024-06-25T23:40:12+00:00","og_image":[{"width":1130,"height":720,"url":"https:\/\/regiaonews.net.br\/2022\/wp-content\/uploads\/2024\/06\/Leilao-de-veiculos.png","type":"image\/png"}],"author":"Roberto","twitter_card":"summary_large_image","twitter_misc":{"Escrito por":"Roberto","Est. tempo de leitura":"6 minutos"},"schema":{"@context":"https:\/\/schema.org","@graph":[{"@type":"Article","@id":"https:\/\/regiaonews.net.br\/2022\/2024\/06\/25\/detran-sp-publica-edital-para-retomada-dos-leiloes-de-veiculos\/#article","isPartOf":{"@id":"https:\/\/regiaonews.net.br\/2022\/2024\/06\/25\/detran-sp-publica-edital-para-retomada-dos-leiloes-de-veiculos\/"},"author":{"name":"Roberto","@id":"https:\/\/regiaonews.net.br\/2022\/#\/schema\/person\/2d205a608a5aa97ac279d7a5e6d89ad8"},"headline":"Detran-SP publica edital para retomada dos leil\u00f5es de ve\u00edculos","datePublished":"2024-06-25T23:40:12+00:00","mainEntityOfPage":{"@id":"https:\/\/regiaonews.net.br\/2022\/2024\/06\/25\/detran-sp-publica-edital-para-retomada-dos-leiloes-de-veiculos\/"},"wordCount":1100,"commentCount":0,"publisher":{"@id":"https:\/\/regiaonews.net.br\/2022\/#organization"},"image":{"@id":"https:\/\/regiaonews.net.br\/2022\/2024\/06\/25\/detran-sp-publica-edital-para-retomada-dos-leiloes-de-veiculos\/#primaryimage"},"thumbnailUrl":"https:\/\/regiaonews.net.br\/2022\/wp-content\/uploads\/2024\/06\/Leilao-de-veiculos.png","articleSection":["Estado de S\u00e3o Paulo","Geral"],"inLanguage":"pt-BR","potentialAction":[{"@type":"CommentAction","name":"Comment","target":["https:\/\/regiaonews.net.br\/2022\/2024\/06\/25\/detran-sp-publica-edital-para-retomada-dos-leiloes-de-veiculos\/#respond"]}]},{"@type":"WebPage","@id":"https:\/\/regiaonews.net.br\/2022\/2024\/06\/25\/detran-sp-publica-edital-para-retomada-dos-leiloes-de-veiculos\/","url":"https:\/\/regiaonews.net.br\/2022\/2024\/06\/25\/detran-sp-publica-edital-para-retomada-dos-leiloes-de-veiculos\/","name":"Detran-SP publica edital para retomada dos leil\u00f5es de ve\u00edculos - Regi\u00e3o News","isPartOf":{"@id":"https:\/\/regiaonews.net.br\/2022\/#website"},"primaryImageOfPage":{"@id":"https:\/\/regiaonews.net.br\/2022\/2024\/06\/25\/detran-sp-publica-edital-para-retomada-dos-leiloes-de-veiculos\/#primaryimage"},"image":{"@id":"https:\/\/regiaonews.net.br\/2022\/2024\/06\/25\/detran-sp-publica-edital-para-retomada-dos-leiloes-de-veiculos\/#primaryimage"},"thumbnailUrl":"https:\/\/regiaonews.net.br\/2022\/wp-content\/uploads\/2024\/06\/Leilao-de-veiculos.png","datePublished":"2024-06-25T23:40:12+00:00","breadcrumb":{"@id":"https:\/\/regiaonews.net.br\/2022\/2024\/06\/25\/detran-sp-publica-edital-para-retomada-dos-leiloes-de-veiculos\/#breadcrumb"},"inLanguage":"pt-BR","potentialAction":[{"@type":"ReadAction","target":["https:\/\/regiaonews.net.br\/2022\/2024\/06\/25\/detran-sp-publica-edital-para-retomada-dos-leiloes-de-veiculos\/"]}]},{"@type":"ImageObject","inLanguage":"pt-BR","@id":"https:\/\/regiaonews.net.br\/2022\/2024\/06\/25\/detran-sp-publica-edital-para-retomada-dos-leiloes-de-veiculos\/#primaryimage","url":"https:\/\/regiaonews.net.br\/2022\/wp-content\/uploads\/2024\/06\/Leilao-de-veiculos.png","contentUrl":"https:\/\/regiaonews.net.br\/2022\/wp-content\/uploads\/2024\/06\/Leilao-de-veiculos.png","width":1130,"height":720},{"@type":"BreadcrumbList","@id":"https:\/\/regiaonews.net.br\/2022\/2024\/06\/25\/detran-sp-publica-edital-para-retomada-dos-leiloes-de-veiculos\/#breadcrumb","itemListElement":[{"@type":"ListItem","position":1,"name":"In\u00edcio","item":"https:\/\/regiaonews.net.br\/2022\/"},{"@type":"ListItem","position":2,"name":"Detran-SP publica edital para retomada dos leil\u00f5es de ve\u00edculos"}]},{"@type":"WebSite","@id":"https:\/\/regiaonews.net.br\/2022\/#website","url":"https:\/\/regiaonews.net.br\/2022\/","name":"Regi\u00e3o News","description":"Site de Not\u00edcias de Barretos e regi\u00e3o","publisher":{"@id":"https:\/\/regiaonews.net.br\/2022\/#organization"},"potentialAction":[{"@type":"SearchAction","target":{"@type":"EntryPoint","urlTemplate":"https:\/\/regiaonews.net.br\/2022\/?s={search_term_string}"},"query-input":{"@type":"PropertyValueSpecification","valueRequired":true,"valueName":"search_term_string"}}],"inLanguage":"pt-BR"},{"@type":"Organization","@id":"https:\/\/regiaonews.net.br\/2022\/#organization","name":"Regi\u00e3o News","url":"https:\/\/regiaonews.net.br\/2022\/","logo":{"@type":"ImageObject","inLanguage":"pt-BR","@id":"https:\/\/regiaonews.net.br\/2022\/#\/schema\/logo\/image\/","url":"https:\/\/regiaonews.net.br\/2022\/wp-content\/uploads\/2026\/03\/regiao-13-anos-scaled.jpg","contentUrl":"https:\/\/regiaonews.net.br\/2022\/wp-content\/uploads\/2026\/03\/regiao-13-anos-scaled.jpg","width":2560,"height":635,"caption":"Regi\u00e3o News"},"image":{"@id":"https:\/\/regiaonews.net.br\/2022\/#\/schema\/logo\/image\/"}},{"@type":"Person","@id":"https:\/\/regiaonews.net.br\/2022\/#\/schema\/person\/2d205a608a5aa97ac279d7a5e6d89ad8","name":"Roberto","image":{"@type":"ImageObject","inLanguage":"pt-BR","@id":"https:\/\/secure.gravatar.com\/avatar\/42749d8b712ff9d59ca93dc150494e5b55a44134482993f5baeb97e61b7ecc89?s=96&d=mm&r=g","url":"https:\/\/secure.gravatar.com\/avatar\/42749d8b712ff9d59ca93dc150494e5b55a44134482993f5baeb97e61b7ecc89?s=96&d=mm&r=g","contentUrl":"https:\/\/secure.gravatar.com\/avatar\/42749d8b712ff9d59ca93dc150494e5b55a44134482993f5baeb97e61b7ecc89?s=96&d=mm&r=g","caption":"Roberto"},"url":"https:\/\/regiaonews.net.br\/2022\/author\/roberto\/"}]}},"publishpress_future_action":{"enabled":false,"date":"2026-05-03 04:35:30","action":"change-status","newStatus":"draft","terms":[],"taxonomy":"category","extraData":[]},"publishpress_future_workflow_manual_trigger":{"enabledWorkflows":[]},"_links":{"self":[{"href":"https:\/\/regiaonews.net.br\/2022\/wp-json\/wp\/v2\/posts\/106833","targetHints":{"allow":["GET"]}}],"collection":[{"href":"https:\/\/regiaonews.net.br\/2022\/wp-json\/wp\/v2\/posts"}],"about":[{"href":"https:\/\/regiaonews.net.br\/2022\/wp-json\/wp\/v2\/types\/post"}],"author":[{"embeddable":true,"href":"https:\/\/regiaonews.net.br\/2022\/wp-json\/wp\/v2\/users\/2"}],"replies":[{"embeddable":true,"href":"https:\/\/regiaonews.net.br\/2022\/wp-json\/wp\/v2\/comments?post=106833"}],"version-history":[{"count":1,"href":"https:\/\/regiaonews.net.br\/2022\/wp-json\/wp\/v2\/posts\/106833\/revisions"}],"predecessor-version":[{"id":106835,"href":"https:\/\/regiaonews.net.br\/2022\/wp-json\/wp\/v2\/posts\/106833\/revisions\/106835"}],"wp:featuredmedia":[{"embeddable":true,"href":"https:\/\/regiaonews.net.br\/2022\/wp-json\/wp\/v2\/media\/106834"}],"wp:attachment":[{"href":"https:\/\/regiaonews.net.br\/2022\/wp-json\/wp\/v2\/media?parent=106833"}],"wp:term":[{"taxonomy":"category","embeddable":true,"href":"https:\/\/regiaonews.net.br\/2022\/wp-json\/wp\/v2\/categories?post=106833"},{"taxonomy":"post_tag","embeddable":true,"href":"https:\/\/regiaonews.net.br\/2022\/wp-json\/wp\/v2\/tags?post=106833"}],"curies":[{"name":"wp","href":"https:\/\/api.w.org\/{rel}","templated":true}]}}