{"id":106819,"date":"2024-06-25T19:21:04","date_gmt":"2024-06-25T22:21:04","guid":{"rendered":"https:\/\/regiaonews.net.br\/2022\/?p=106819"},"modified":"2024-06-25T19:21:04","modified_gmt":"2024-06-25T22:21:04","slug":"diversao-e-cuidados-com-a-saude-controlando-a-asma-com-alegria-lota-a-praca-da-primavera","status":"publish","type":"post","link":"https:\/\/regiaonews.net.br\/2022\/2024\/06\/25\/diversao-e-cuidados-com-a-saude-controlando-a-asma-com-alegria-lota-a-praca-da-primavera\/","title":{"rendered":"Divers\u00e3o e cuidados com a sa\u00fade: \u201cControlando a Asma com Alegria\u201d lota a Pra\u00e7a da Primavera"},"content":{"rendered":"<p>&nbsp;<\/p>\n<p>A popula\u00e7\u00e3o aproveitou o evento no s\u00e1bado, dia 22, e a Prefeitura aplicou 175 doses de vacina contra gripe e covid-19<\/p>\n<p>Um colorido especial tomou conta da Pracinha da Primavera no s\u00e1bado, 22. Ao longo de todo o dia, o local ficou movimentado e a popula\u00e7\u00e3o de Barretos aproveitou a segunda edi\u00e7\u00e3o do evento \u201cControlando a Asma com Alegria\u201d. A a\u00e7\u00e3o aliou divers\u00e3o para as crian\u00e7as e para toda a fam\u00edlia a cuidados com a sa\u00fade.<\/p>\n<p>As crian\u00e7as aproveitaram as brincadeiras, a intera\u00e7\u00e3o com palha\u00e7os, as apresenta\u00e7\u00f5es e as guloseimas. Os profissionais de sa\u00fade tiraram o dia para refor\u00e7ar a import\u00e2ncia de cuidar da sa\u00fade respirat\u00f3ria. Foram apresentadas informa\u00e7\u00f5es sobre como \u00e9 poss\u00edvel lidar com a asma, com controle adequado, e sobre como prevenir a Doen\u00e7a Pulmonar Obstrutiva Cr\u00f4nica (DPOC).<\/p>\n<p>Exames para avaliar a capacidade pulmonar (espirometria), testes al\u00e9rgicos e tomografias foram realizados ao longo do evento. O \u201cControlando a Asma com Alegria\u201d foi realizado pela Associa\u00e7\u00e3o Brasileira de Asm\u00e1ticos (ABRA), em parceria com o Instituto Respire. A a\u00e7\u00e3o contou com apoio da Prefeitura de Barretos, do Hospital do Amor e da iniciativa privada.<\/p>\n<p>A Prefeitura levou a vacina\u00e7\u00e3o at\u00e9 a popula\u00e7\u00e3o que compareceu ao evento. Foram aplicadas 160 doses da vacina contra gripe, que est\u00e1 liberada para toda a popula\u00e7\u00e3o a partir de seis meses de idade, e 15 contra covid-19, destinada aos p\u00fablicos priorit\u00e1rios.<\/p>\n<p>A prefeita Paula Lemos esteve presente. \u201cEste \u00e9 um evento lindo para as pessoas cuidarem da sua sa\u00fade e com muitas crian\u00e7as come\u00e7ando a preven\u00e7\u00e3o desde cedo. Quero agradecer ao dr. Iunes, pela parceria maravilhosa na nossa gest\u00e3o, chegando a esta segunda edi\u00e7\u00e3o. N\u00e3o \u00e9 \u00e0 toa que Barretos est\u00e1 entre as tr\u00eas melhores cidades na avalia\u00e7\u00e3o da sa\u00fade, no pr\u00eamio Band Cidades Excelentes. Aqui a gente investe e conta com bons parceiros\u201d, afirmou Paula.<\/p>\n<p>A dona de casa Fl\u00e1via de Lima, 43 anos, que se mudou de S\u00e3o Paulo para Barretos no ano passado, aproveitou o evento com o esposo, a filha e o filho. \u201cFizemos os exames, agora meu marido est\u00e1 fazendo tamb\u00e9m e estamos esperando sair os resultados, enquanto meus filhos est\u00e3o se divertindo bastante aqui\u201d, ressaltou.<\/p>\n<p>A professora R\u00fabia Fabiana Batista, 41 anos, moradora do Derby Clube, levou a filha Giovana, 9 anos. \u201cConsegui vir no final, minha filha aproveitou para brincar e ganhou alguns brindes. E avisei para uma amiga. Ela trouxe a filha, fez exames, aproveitou tamb\u00e9m, destacou.<\/p>\n","protected":false},"excerpt":{"rendered":"<p>&nbsp; A popula\u00e7\u00e3o aproveitou o evento no s\u00e1bado, dia 22,<\/p>\n","protected":false},"author":2,"featured_media":106820,"comment_status":"open","ping_status":"open","sticky":false,"template":"","format":"standard","meta":{"footnotes":""},"categories":[14,25],"tags":[],"class_list":["post-106819","post","type-post","status-publish","format-standard","has-post-thumbnail","hentry","category-barretos","category-cidades"],"yoast_head":"<!-- This site is optimized with the Yoast SEO plugin v27.4 - https:\/\/yoast.com\/product\/yoast-seo-wordpress\/ -->\n<title>Divers\u00e3o e cuidados com a sa\u00fade: \u201cControlando a Asma com Alegria\u201d lota a Pra\u00e7a da Primavera - Regi\u00e3o News<\/title>\n<meta name=\"robots\" content=\"index, follow, max-snippet:-1, max-image-preview:large, max-video-preview:-1\" \/>\n<link rel=\"canonical\" href=\"https:\/\/regiaonews.net.br\/2022\/2024\/06\/25\/diversao-e-cuidados-com-a-saude-controlando-a-asma-com-alegria-lota-a-praca-da-primavera\/\" \/>\n<meta property=\"og:locale\" content=\"pt_BR\" \/>\n<meta property=\"og:type\" content=\"article\" \/>\n<meta property=\"og:title\" content=\"Divers\u00e3o e cuidados com a sa\u00fade: \u201cControlando a Asma com Alegria\u201d lota a Pra\u00e7a da Primavera - Regi\u00e3o News\" \/>\n<meta property=\"og:description\" content=\"&nbsp; A popula\u00e7\u00e3o aproveitou o evento no s\u00e1bado, dia 22,\" \/>\n<meta property=\"og:url\" content=\"https:\/\/regiaonews.net.br\/2022\/2024\/06\/25\/diversao-e-cuidados-com-a-saude-controlando-a-asma-com-alegria-lota-a-praca-da-primavera\/\" \/>\n<meta property=\"og:site_name\" content=\"Regi\u00e3o News\" \/>\n<meta property=\"article:published_time\" content=\"2024-06-25T22:21:04+00:00\" \/>\n<meta property=\"og:image\" content=\"https:\/\/regiaonews.net.br\/2022\/wp-content\/uploads\/2024\/06\/WhatsApp-Image-2024-06-25-at-17.07.53.jpeg\" \/>\n\t<meta property=\"og:image:width\" content=\"1600\" \/>\n\t<meta property=\"og:image:height\" content=\"1081\" \/>\n\t<meta property=\"og:image:type\" content=\"image\/jpeg\" \/>\n<meta name=\"author\" content=\"Roberto\" \/>\n<meta name=\"twitter:card\" content=\"summary_large_image\" \/>\n<meta name=\"twitter:label1\" content=\"Escrito por\" \/>\n\t<meta name=\"twitter:data1\" content=\"Roberto\" \/>\n\t<meta name=\"twitter:label2\" content=\"Est. tempo de leitura\" \/>\n\t<meta name=\"twitter:data2\" content=\"3 minutos\" \/>\n<script type=\"application\/ld+json\" class=\"yoast-schema-graph\">{\"@context\":\"https:\\\/\\\/schema.org\",\"@graph\":[{\"@type\":\"Article\",\"@id\":\"https:\\\/\\\/regiaonews.net.br\\\/2022\\\/2024\\\/06\\\/25\\\/diversao-e-cuidados-com-a-saude-controlando-a-asma-com-alegria-lota-a-praca-da-primavera\\\/#article\",\"isPartOf\":{\"@id\":\"https:\\\/\\\/regiaonews.net.br\\\/2022\\\/2024\\\/06\\\/25\\\/diversao-e-cuidados-com-a-saude-controlando-a-asma-com-alegria-lota-a-praca-da-primavera\\\/\"},\"author\":{\"name\":\"Roberto\",\"@id\":\"https:\\\/\\\/regiaonews.net.br\\\/2022\\\/#\\\/schema\\\/person\\\/2d205a608a5aa97ac279d7a5e6d89ad8\"},\"headline\":\"Divers\u00e3o e cuidados com a sa\u00fade: \u201cControlando a Asma com Alegria\u201d lota a Pra\u00e7a da Primavera\",\"datePublished\":\"2024-06-25T22:21:04+00:00\",\"mainEntityOfPage\":{\"@id\":\"https:\\\/\\\/regiaonews.net.br\\\/2022\\\/2024\\\/06\\\/25\\\/diversao-e-cuidados-com-a-saude-controlando-a-asma-com-alegria-lota-a-praca-da-primavera\\\/\"},\"wordCount\":457,\"commentCount\":0,\"publisher\":{\"@id\":\"https:\\\/\\\/regiaonews.net.br\\\/2022\\\/#organization\"},\"image\":{\"@id\":\"https:\\\/\\\/regiaonews.net.br\\\/2022\\\/2024\\\/06\\\/25\\\/diversao-e-cuidados-com-a-saude-controlando-a-asma-com-alegria-lota-a-praca-da-primavera\\\/#primaryimage\"},\"thumbnailUrl\":\"https:\\\/\\\/regiaonews.net.br\\\/2022\\\/wp-content\\\/uploads\\\/2024\\\/06\\\/WhatsApp-Image-2024-06-25-at-17.07.53.jpeg\",\"articleSection\":[\"Barretos\",\"Cidades\"],\"inLanguage\":\"pt-BR\",\"potentialAction\":[{\"@type\":\"CommentAction\",\"name\":\"Comment\",\"target\":[\"https:\\\/\\\/regiaonews.net.br\\\/2022\\\/2024\\\/06\\\/25\\\/diversao-e-cuidados-com-a-saude-controlando-a-asma-com-alegria-lota-a-praca-da-primavera\\\/#respond\"]}]},{\"@type\":\"WebPage\",\"@id\":\"https:\\\/\\\/regiaonews.net.br\\\/2022\\\/2024\\\/06\\\/25\\\/diversao-e-cuidados-com-a-saude-controlando-a-asma-com-alegria-lota-a-praca-da-primavera\\\/\",\"url\":\"https:\\\/\\\/regiaonews.net.br\\\/2022\\\/2024\\\/06\\\/25\\\/diversao-e-cuidados-com-a-saude-controlando-a-asma-com-alegria-lota-a-praca-da-primavera\\\/\",\"name\":\"Divers\u00e3o e cuidados com a sa\u00fade: \u201cControlando a Asma com Alegria\u201d lota a Pra\u00e7a da Primavera - Regi\u00e3o News\",\"isPartOf\":{\"@id\":\"https:\\\/\\\/regiaonews.net.br\\\/2022\\\/#website\"},\"primaryImageOfPage\":{\"@id\":\"https:\\\/\\\/regiaonews.net.br\\\/2022\\\/2024\\\/06\\\/25\\\/diversao-e-cuidados-com-a-saude-controlando-a-asma-com-alegria-lota-a-praca-da-primavera\\\/#primaryimage\"},\"image\":{\"@id\":\"https:\\\/\\\/regiaonews.net.br\\\/2022\\\/2024\\\/06\\\/25\\\/diversao-e-cuidados-com-a-saude-controlando-a-asma-com-alegria-lota-a-praca-da-primavera\\\/#primaryimage\"},\"thumbnailUrl\":\"https:\\\/\\\/regiaonews.net.br\\\/2022\\\/wp-content\\\/uploads\\\/2024\\\/06\\\/WhatsApp-Image-2024-06-25-at-17.07.53.jpeg\",\"datePublished\":\"2024-06-25T22:21:04+00:00\",\"breadcrumb\":{\"@id\":\"https:\\\/\\\/regiaonews.net.br\\\/2022\\\/2024\\\/06\\\/25\\\/diversao-e-cuidados-com-a-saude-controlando-a-asma-com-alegria-lota-a-praca-da-primavera\\\/#breadcrumb\"},\"inLanguage\":\"pt-BR\",\"potentialAction\":[{\"@type\":\"ReadAction\",\"target\":[\"https:\\\/\\\/regiaonews.net.br\\\/2022\\\/2024\\\/06\\\/25\\\/diversao-e-cuidados-com-a-saude-controlando-a-asma-com-alegria-lota-a-praca-da-primavera\\\/\"]}]},{\"@type\":\"ImageObject\",\"inLanguage\":\"pt-BR\",\"@id\":\"https:\\\/\\\/regiaonews.net.br\\\/2022\\\/2024\\\/06\\\/25\\\/diversao-e-cuidados-com-a-saude-controlando-a-asma-com-alegria-lota-a-praca-da-primavera\\\/#primaryimage\",\"url\":\"https:\\\/\\\/regiaonews.net.br\\\/2022\\\/wp-content\\\/uploads\\\/2024\\\/06\\\/WhatsApp-Image-2024-06-25-at-17.07.53.jpeg\",\"contentUrl\":\"https:\\\/\\\/regiaonews.net.br\\\/2022\\\/wp-content\\\/uploads\\\/2024\\\/06\\\/WhatsApp-Image-2024-06-25-at-17.07.53.jpeg\",\"width\":1600,\"height\":1081},{\"@type\":\"BreadcrumbList\",\"@id\":\"https:\\\/\\\/regiaonews.net.br\\\/2022\\\/2024\\\/06\\\/25\\\/diversao-e-cuidados-com-a-saude-controlando-a-asma-com-alegria-lota-a-praca-da-primavera\\\/#breadcrumb\",\"itemListElement\":[{\"@type\":\"ListItem\",\"position\":1,\"name\":\"In\u00edcio\",\"item\":\"https:\\\/\\\/regiaonews.net.br\\\/2022\\\/\"},{\"@type\":\"ListItem\",\"position\":2,\"name\":\"Divers\u00e3o e cuidados com a sa\u00fade: \u201cControlando a Asma com Alegria\u201d lota a Pra\u00e7a da Primavera\"}]},{\"@type\":\"WebSite\",\"@id\":\"https:\\\/\\\/regiaonews.net.br\\\/2022\\\/#website\",\"url\":\"https:\\\/\\\/regiaonews.net.br\\\/2022\\\/\",\"name\":\"Regi\u00e3o News\",\"description\":\"Site de Not\u00edcias de Barretos e regi\u00e3o\",\"publisher\":{\"@id\":\"https:\\\/\\\/regiaonews.net.br\\\/2022\\\/#organization\"},\"potentialAction\":[{\"@type\":\"SearchAction\",\"target\":{\"@type\":\"EntryPoint\",\"urlTemplate\":\"https:\\\/\\\/regiaonews.net.br\\\/2022\\\/?s={search_term_string}\"},\"query-input\":{\"@type\":\"PropertyValueSpecification\",\"valueRequired\":true,\"valueName\":\"search_term_string\"}}],\"inLanguage\":\"pt-BR\"},{\"@type\":\"Organization\",\"@id\":\"https:\\\/\\\/regiaonews.net.br\\\/2022\\\/#organization\",\"name\":\"Regi\u00e3o News\",\"url\":\"https:\\\/\\\/regiaonews.net.br\\\/2022\\\/\",\"logo\":{\"@type\":\"ImageObject\",\"inLanguage\":\"pt-BR\",\"@id\":\"https:\\\/\\\/regiaonews.net.br\\\/2022\\\/#\\\/schema\\\/logo\\\/image\\\/\",\"url\":\"https:\\\/\\\/regiaonews.net.br\\\/2022\\\/wp-content\\\/uploads\\\/2026\\\/03\\\/regiao-13-anos-scaled.jpg\",\"contentUrl\":\"https:\\\/\\\/regiaonews.net.br\\\/2022\\\/wp-content\\\/uploads\\\/2026\\\/03\\\/regiao-13-anos-scaled.jpg\",\"width\":2560,\"height\":635,\"caption\":\"Regi\u00e3o News\"},\"image\":{\"@id\":\"https:\\\/\\\/regiaonews.net.br\\\/2022\\\/#\\\/schema\\\/logo\\\/image\\\/\"}},{\"@type\":\"Person\",\"@id\":\"https:\\\/\\\/regiaonews.net.br\\\/2022\\\/#\\\/schema\\\/person\\\/2d205a608a5aa97ac279d7a5e6d89ad8\",\"name\":\"Roberto\",\"image\":{\"@type\":\"ImageObject\",\"inLanguage\":\"pt-BR\",\"@id\":\"https:\\\/\\\/secure.gravatar.com\\\/avatar\\\/42749d8b712ff9d59ca93dc150494e5b55a44134482993f5baeb97e61b7ecc89?s=96&d=mm&r=g\",\"url\":\"https:\\\/\\\/secure.gravatar.com\\\/avatar\\\/42749d8b712ff9d59ca93dc150494e5b55a44134482993f5baeb97e61b7ecc89?s=96&d=mm&r=g\",\"contentUrl\":\"https:\\\/\\\/secure.gravatar.com\\\/avatar\\\/42749d8b712ff9d59ca93dc150494e5b55a44134482993f5baeb97e61b7ecc89?s=96&d=mm&r=g\",\"caption\":\"Roberto\"},\"url\":\"https:\\\/\\\/regiaonews.net.br\\\/2022\\\/author\\\/roberto\\\/\"}]}<\/script>\n<!-- \/ Yoast SEO plugin. -->","yoast_head_json":{"title":"Divers\u00e3o e cuidados com a sa\u00fade: \u201cControlando a Asma com Alegria\u201d lota a Pra\u00e7a da Primavera - Regi\u00e3o News","robots":{"index":"index","follow":"follow","max-snippet":"max-snippet:-1","max-image-preview":"max-image-preview:large","max-video-preview":"max-video-preview:-1"},"canonical":"https:\/\/regiaonews.net.br\/2022\/2024\/06\/25\/diversao-e-cuidados-com-a-saude-controlando-a-asma-com-alegria-lota-a-praca-da-primavera\/","og_locale":"pt_BR","og_type":"article","og_title":"Divers\u00e3o e cuidados com a sa\u00fade: \u201cControlando a Asma com Alegria\u201d lota a Pra\u00e7a da Primavera - Regi\u00e3o News","og_description":"&nbsp; A popula\u00e7\u00e3o aproveitou o evento no s\u00e1bado, dia 22,","og_url":"https:\/\/regiaonews.net.br\/2022\/2024\/06\/25\/diversao-e-cuidados-com-a-saude-controlando-a-asma-com-alegria-lota-a-praca-da-primavera\/","og_site_name":"Regi\u00e3o News","article_published_time":"2024-06-25T22:21:04+00:00","og_image":[{"width":1600,"height":1081,"url":"https:\/\/regiaonews.net.br\/2022\/wp-content\/uploads\/2024\/06\/WhatsApp-Image-2024-06-25-at-17.07.53.jpeg","type":"image\/jpeg"}],"author":"Roberto","twitter_card":"summary_large_image","twitter_misc":{"Escrito por":"Roberto","Est. tempo de leitura":"3 minutos"},"schema":{"@context":"https:\/\/schema.org","@graph":[{"@type":"Article","@id":"https:\/\/regiaonews.net.br\/2022\/2024\/06\/25\/diversao-e-cuidados-com-a-saude-controlando-a-asma-com-alegria-lota-a-praca-da-primavera\/#article","isPartOf":{"@id":"https:\/\/regiaonews.net.br\/2022\/2024\/06\/25\/diversao-e-cuidados-com-a-saude-controlando-a-asma-com-alegria-lota-a-praca-da-primavera\/"},"author":{"name":"Roberto","@id":"https:\/\/regiaonews.net.br\/2022\/#\/schema\/person\/2d205a608a5aa97ac279d7a5e6d89ad8"},"headline":"Divers\u00e3o e cuidados com a sa\u00fade: \u201cControlando a Asma com Alegria\u201d lota a Pra\u00e7a da Primavera","datePublished":"2024-06-25T22:21:04+00:00","mainEntityOfPage":{"@id":"https:\/\/regiaonews.net.br\/2022\/2024\/06\/25\/diversao-e-cuidados-com-a-saude-controlando-a-asma-com-alegria-lota-a-praca-da-primavera\/"},"wordCount":457,"commentCount":0,"publisher":{"@id":"https:\/\/regiaonews.net.br\/2022\/#organization"},"image":{"@id":"https:\/\/regiaonews.net.br\/2022\/2024\/06\/25\/diversao-e-cuidados-com-a-saude-controlando-a-asma-com-alegria-lota-a-praca-da-primavera\/#primaryimage"},"thumbnailUrl":"https:\/\/regiaonews.net.br\/2022\/wp-content\/uploads\/2024\/06\/WhatsApp-Image-2024-06-25-at-17.07.53.jpeg","articleSection":["Barretos","Cidades"],"inLanguage":"pt-BR","potentialAction":[{"@type":"CommentAction","name":"Comment","target":["https:\/\/regiaonews.net.br\/2022\/2024\/06\/25\/diversao-e-cuidados-com-a-saude-controlando-a-asma-com-alegria-lota-a-praca-da-primavera\/#respond"]}]},{"@type":"WebPage","@id":"https:\/\/regiaonews.net.br\/2022\/2024\/06\/25\/diversao-e-cuidados-com-a-saude-controlando-a-asma-com-alegria-lota-a-praca-da-primavera\/","url":"https:\/\/regiaonews.net.br\/2022\/2024\/06\/25\/diversao-e-cuidados-com-a-saude-controlando-a-asma-com-alegria-lota-a-praca-da-primavera\/","name":"Divers\u00e3o e cuidados com a sa\u00fade: \u201cControlando a Asma com Alegria\u201d lota a Pra\u00e7a da Primavera - Regi\u00e3o News","isPartOf":{"@id":"https:\/\/regiaonews.net.br\/2022\/#website"},"primaryImageOfPage":{"@id":"https:\/\/regiaonews.net.br\/2022\/2024\/06\/25\/diversao-e-cuidados-com-a-saude-controlando-a-asma-com-alegria-lota-a-praca-da-primavera\/#primaryimage"},"image":{"@id":"https:\/\/regiaonews.net.br\/2022\/2024\/06\/25\/diversao-e-cuidados-com-a-saude-controlando-a-asma-com-alegria-lota-a-praca-da-primavera\/#primaryimage"},"thumbnailUrl":"https:\/\/regiaonews.net.br\/2022\/wp-content\/uploads\/2024\/06\/WhatsApp-Image-2024-06-25-at-17.07.53.jpeg","datePublished":"2024-06-25T22:21:04+00:00","breadcrumb":{"@id":"https:\/\/regiaonews.net.br\/2022\/2024\/06\/25\/diversao-e-cuidados-com-a-saude-controlando-a-asma-com-alegria-lota-a-praca-da-primavera\/#breadcrumb"},"inLanguage":"pt-BR","potentialAction":[{"@type":"ReadAction","target":["https:\/\/regiaonews.net.br\/2022\/2024\/06\/25\/diversao-e-cuidados-com-a-saude-controlando-a-asma-com-alegria-lota-a-praca-da-primavera\/"]}]},{"@type":"ImageObject","inLanguage":"pt-BR","@id":"https:\/\/regiaonews.net.br\/2022\/2024\/06\/25\/diversao-e-cuidados-com-a-saude-controlando-a-asma-com-alegria-lota-a-praca-da-primavera\/#primaryimage","url":"https:\/\/regiaonews.net.br\/2022\/wp-content\/uploads\/2024\/06\/WhatsApp-Image-2024-06-25-at-17.07.53.jpeg","contentUrl":"https:\/\/regiaonews.net.br\/2022\/wp-content\/uploads\/2024\/06\/WhatsApp-Image-2024-06-25-at-17.07.53.jpeg","width":1600,"height":1081},{"@type":"BreadcrumbList","@id":"https:\/\/regiaonews.net.br\/2022\/2024\/06\/25\/diversao-e-cuidados-com-a-saude-controlando-a-asma-com-alegria-lota-a-praca-da-primavera\/#breadcrumb","itemListElement":[{"@type":"ListItem","position":1,"name":"In\u00edcio","item":"https:\/\/regiaonews.net.br\/2022\/"},{"@type":"ListItem","position":2,"name":"Divers\u00e3o e cuidados com a sa\u00fade: \u201cControlando a Asma com Alegria\u201d lota a Pra\u00e7a da Primavera"}]},{"@type":"WebSite","@id":"https:\/\/regiaonews.net.br\/2022\/#website","url":"https:\/\/regiaonews.net.br\/2022\/","name":"Regi\u00e3o News","description":"Site de Not\u00edcias de Barretos e regi\u00e3o","publisher":{"@id":"https:\/\/regiaonews.net.br\/2022\/#organization"},"potentialAction":[{"@type":"SearchAction","target":{"@type":"EntryPoint","urlTemplate":"https:\/\/regiaonews.net.br\/2022\/?s={search_term_string}"},"query-input":{"@type":"PropertyValueSpecification","valueRequired":true,"valueName":"search_term_string"}}],"inLanguage":"pt-BR"},{"@type":"Organization","@id":"https:\/\/regiaonews.net.br\/2022\/#organization","name":"Regi\u00e3o News","url":"https:\/\/regiaonews.net.br\/2022\/","logo":{"@type":"ImageObject","inLanguage":"pt-BR","@id":"https:\/\/regiaonews.net.br\/2022\/#\/schema\/logo\/image\/","url":"https:\/\/regiaonews.net.br\/2022\/wp-content\/uploads\/2026\/03\/regiao-13-anos-scaled.jpg","contentUrl":"https:\/\/regiaonews.net.br\/2022\/wp-content\/uploads\/2026\/03\/regiao-13-anos-scaled.jpg","width":2560,"height":635,"caption":"Regi\u00e3o News"},"image":{"@id":"https:\/\/regiaonews.net.br\/2022\/#\/schema\/logo\/image\/"}},{"@type":"Person","@id":"https:\/\/regiaonews.net.br\/2022\/#\/schema\/person\/2d205a608a5aa97ac279d7a5e6d89ad8","name":"Roberto","image":{"@type":"ImageObject","inLanguage":"pt-BR","@id":"https:\/\/secure.gravatar.com\/avatar\/42749d8b712ff9d59ca93dc150494e5b55a44134482993f5baeb97e61b7ecc89?s=96&d=mm&r=g","url":"https:\/\/secure.gravatar.com\/avatar\/42749d8b712ff9d59ca93dc150494e5b55a44134482993f5baeb97e61b7ecc89?s=96&d=mm&r=g","contentUrl":"https:\/\/secure.gravatar.com\/avatar\/42749d8b712ff9d59ca93dc150494e5b55a44134482993f5baeb97e61b7ecc89?s=96&d=mm&r=g","caption":"Roberto"},"url":"https:\/\/regiaonews.net.br\/2022\/author\/roberto\/"}]}},"publishpress_future_action":{"enabled":false,"date":"2026-05-03 04:36:06","action":"change-status","newStatus":"draft","terms":[],"taxonomy":"category","extraData":[]},"publishpress_future_workflow_manual_trigger":{"enabledWorkflows":[]},"_links":{"self":[{"href":"https:\/\/regiaonews.net.br\/2022\/wp-json\/wp\/v2\/posts\/106819","targetHints":{"allow":["GET"]}}],"collection":[{"href":"https:\/\/regiaonews.net.br\/2022\/wp-json\/wp\/v2\/posts"}],"about":[{"href":"https:\/\/regiaonews.net.br\/2022\/wp-json\/wp\/v2\/types\/post"}],"author":[{"embeddable":true,"href":"https:\/\/regiaonews.net.br\/2022\/wp-json\/wp\/v2\/users\/2"}],"replies":[{"embeddable":true,"href":"https:\/\/regiaonews.net.br\/2022\/wp-json\/wp\/v2\/comments?post=106819"}],"version-history":[{"count":1,"href":"https:\/\/regiaonews.net.br\/2022\/wp-json\/wp\/v2\/posts\/106819\/revisions"}],"predecessor-version":[{"id":106821,"href":"https:\/\/regiaonews.net.br\/2022\/wp-json\/wp\/v2\/posts\/106819\/revisions\/106821"}],"wp:featuredmedia":[{"embeddable":true,"href":"https:\/\/regiaonews.net.br\/2022\/wp-json\/wp\/v2\/media\/106820"}],"wp:attachment":[{"href":"https:\/\/regiaonews.net.br\/2022\/wp-json\/wp\/v2\/media?parent=106819"}],"wp:term":[{"taxonomy":"category","embeddable":true,"href":"https:\/\/regiaonews.net.br\/2022\/wp-json\/wp\/v2\/categories?post=106819"},{"taxonomy":"post_tag","embeddable":true,"href":"https:\/\/regiaonews.net.br\/2022\/wp-json\/wp\/v2\/tags?post=106819"}],"curies":[{"name":"wp","href":"https:\/\/api.w.org\/{rel}","templated":true}]}}