{"id":106808,"date":"2024-06-25T08:31:25","date_gmt":"2024-06-25T11:31:25","guid":{"rendered":"https:\/\/regiaonews.net.br\/2022\/?p=106808"},"modified":"2024-06-25T08:31:25","modified_gmt":"2024-06-25T11:31:25","slug":"camara-define-comissao-representativa-para-atuar-durante-o-recesso-parlamentar-de-julho","status":"publish","type":"post","link":"https:\/\/regiaonews.net.br\/2022\/2024\/06\/25\/camara-define-comissao-representativa-para-atuar-durante-o-recesso-parlamentar-de-julho\/","title":{"rendered":"C\u00e2mara define Comiss\u00e3o Representativa para atuar durante o recesso parlamentar de julho"},"content":{"rendered":"<h3 class=\"mb-4\" style=\"text-align: center;\">Os\u00a0servi\u00e7os internos da C\u00e2mara, os atendimentos ao p\u00fablico\u00a0e os trabalhos de\u00a0fiscaliza\u00e7\u00e3o dos vereadores funcionam normalmente durante o per\u00edodo de recesso<\/h3>\n<p>Em cumprimento ao\u00a0<strong><a title=\"\" href=\"https:\/\/camarabarretos.sp.gov.br\/arquivos\/lei_organica_do_municipio.pdf\" target=\"_blank\" rel=\"noopener\">Art. 35 da Lei Org\u00e2nica do Munic\u00edpio de Barretos<\/a><\/strong>,\u00a0de\u00a0<strong>1\u00ba a 31 de julho<\/strong>\u00a0os vereadores entram em Recesso Parlamentar. Nesse per\u00edodo, \u00e9 necess\u00e1rio instalar uma\u00a0Comiss\u00e3o Representativa, conforme prev\u00ea o<strong>\u00a0<\/strong><a title=\"\" href=\"https:\/\/camarabarretos.sp.gov.br\/arquivos\/regimento_interno_da_camara.pdf\" target=\"_blank\" rel=\"noopener\"><strong>Art. 65, do Regimento Interno da C\u00e2mara<\/strong>.<\/a><\/p>\n<p>Por meio da\u00a0<a href=\"http:\/\/consulta.camarabarretos.sp.gov.br\/arquivo?Id=408001\" target=\"_blank\" rel=\"noopener\">Portaria n\u00ba 6186\/2024<\/a>, o\u00a0Presidente da Casa, Lu\u00eds Paulo Vieira &#8211; Lupa\u00a0(REPUBLICANOS)\u00a0nomeou os vereadores\u00a0<strong>Ricardo Bodinho (PP), Elson Santos (REPUBLICANOS) e Prof. Raphael Silv\u00e9rio (PSD)<\/strong>\u00a0 para compor a Comiss\u00e3o.<\/p>\n<p>Entre as principais fun\u00e7\u00f5es da Comiss\u00e3o Representativa est\u00e3o\u00a0<strong>manter o atendimento do p\u00fablico\u00a0e\u00a0representar a C\u00e2mara em eventos externos.\u00a0<\/strong><\/p>\n<p><strong><u>IMPORTANTE !\u00a0<\/u>Os\u00a0servi\u00e7os internos da C\u00e2mara, os atendimentos ao p\u00fablico\u00a0e os trabalhos de\u00a0fiscaliza\u00e7\u00e3o dos vereadores funcionam normalmente durante o per\u00edodo de recesso.\u00a0<\/strong><\/p>\n<p>Caso haja\u00a0necessidade de aprovar projetos urgentes para o Munic\u00edpio, os vereadores tamb\u00e9m\u00a0\u00a0<strong>poder\u00e3o ser\u00a0convocados a participar de Sess\u00f5es Extraordin\u00e1rias<\/strong>.<\/p>\n<div class=\"news-btn d-flex justify-content-between mb-5 py-2 px-3 rounded\">\n<div class=\"share\"><\/div>\n<\/div>\n","protected":false},"excerpt":{"rendered":"<p>Os\u00a0servi\u00e7os internos da C\u00e2mara, os atendimentos ao p\u00fablico\u00a0e os trabalhos<\/p>\n","protected":false},"author":2,"featured_media":106809,"comment_status":"open","ping_status":"open","sticky":false,"template":"","format":"standard","meta":{"footnotes":""},"categories":[14,22],"tags":[],"class_list":["post-106808","post","type-post","status-publish","format-standard","has-post-thumbnail","hentry","category-barretos","category-politica"],"yoast_head":"<!-- This site is optimized with the Yoast SEO plugin v27.4 - https:\/\/yoast.com\/product\/yoast-seo-wordpress\/ -->\n<title>C\u00e2mara define Comiss\u00e3o Representativa para atuar durante o recesso parlamentar de julho - Regi\u00e3o News<\/title>\n<meta name=\"robots\" content=\"index, follow, max-snippet:-1, max-image-preview:large, max-video-preview:-1\" \/>\n<link rel=\"canonical\" href=\"https:\/\/regiaonews.net.br\/2022\/2024\/06\/25\/camara-define-comissao-representativa-para-atuar-durante-o-recesso-parlamentar-de-julho\/\" \/>\n<meta property=\"og:locale\" content=\"pt_BR\" \/>\n<meta property=\"og:type\" content=\"article\" \/>\n<meta property=\"og:title\" content=\"C\u00e2mara define Comiss\u00e3o Representativa para atuar durante o recesso parlamentar de julho - Regi\u00e3o News\" \/>\n<meta property=\"og:description\" content=\"Os\u00a0servi\u00e7os internos da C\u00e2mara, os atendimentos ao p\u00fablico\u00a0e os trabalhos\" \/>\n<meta property=\"og:url\" content=\"https:\/\/regiaonews.net.br\/2022\/2024\/06\/25\/camara-define-comissao-representativa-para-atuar-durante-o-recesso-parlamentar-de-julho\/\" \/>\n<meta property=\"og:site_name\" content=\"Regi\u00e3o News\" \/>\n<meta property=\"article:published_time\" content=\"2024-06-25T11:31:25+00:00\" \/>\n<meta property=\"og:image\" content=\"https:\/\/regiaonews.net.br\/2022\/wp-content\/uploads\/2024\/06\/c.jpg\" \/>\n\t<meta property=\"og:image:width\" content=\"1996\" \/>\n\t<meta property=\"og:image:height\" content=\"1125\" \/>\n\t<meta property=\"og:image:type\" content=\"image\/jpeg\" \/>\n<meta name=\"author\" content=\"Roberto\" \/>\n<meta name=\"twitter:card\" content=\"summary_large_image\" \/>\n<meta name=\"twitter:label1\" content=\"Escrito por\" \/>\n\t<meta name=\"twitter:data1\" content=\"Roberto\" \/>\n\t<meta name=\"twitter:label2\" content=\"Est. tempo de leitura\" \/>\n\t<meta name=\"twitter:data2\" content=\"1 minuto\" \/>\n<script type=\"application\/ld+json\" class=\"yoast-schema-graph\">{\"@context\":\"https:\\\/\\\/schema.org\",\"@graph\":[{\"@type\":\"Article\",\"@id\":\"https:\\\/\\\/regiaonews.net.br\\\/2022\\\/2024\\\/06\\\/25\\\/camara-define-comissao-representativa-para-atuar-durante-o-recesso-parlamentar-de-julho\\\/#article\",\"isPartOf\":{\"@id\":\"https:\\\/\\\/regiaonews.net.br\\\/2022\\\/2024\\\/06\\\/25\\\/camara-define-comissao-representativa-para-atuar-durante-o-recesso-parlamentar-de-julho\\\/\"},\"author\":{\"name\":\"Roberto\",\"@id\":\"https:\\\/\\\/regiaonews.net.br\\\/2022\\\/#\\\/schema\\\/person\\\/2d205a608a5aa97ac279d7a5e6d89ad8\"},\"headline\":\"C\u00e2mara define Comiss\u00e3o Representativa para atuar durante o recesso parlamentar de julho\",\"datePublished\":\"2024-06-25T11:31:25+00:00\",\"mainEntityOfPage\":{\"@id\":\"https:\\\/\\\/regiaonews.net.br\\\/2022\\\/2024\\\/06\\\/25\\\/camara-define-comissao-representativa-para-atuar-durante-o-recesso-parlamentar-de-julho\\\/\"},\"wordCount\":201,\"commentCount\":0,\"publisher\":{\"@id\":\"https:\\\/\\\/regiaonews.net.br\\\/2022\\\/#organization\"},\"image\":{\"@id\":\"https:\\\/\\\/regiaonews.net.br\\\/2022\\\/2024\\\/06\\\/25\\\/camara-define-comissao-representativa-para-atuar-durante-o-recesso-parlamentar-de-julho\\\/#primaryimage\"},\"thumbnailUrl\":\"https:\\\/\\\/regiaonews.net.br\\\/2022\\\/wp-content\\\/uploads\\\/2024\\\/06\\\/c.jpg\",\"articleSection\":[\"Barretos\",\"Pol\u00edtica\"],\"inLanguage\":\"pt-BR\",\"potentialAction\":[{\"@type\":\"CommentAction\",\"name\":\"Comment\",\"target\":[\"https:\\\/\\\/regiaonews.net.br\\\/2022\\\/2024\\\/06\\\/25\\\/camara-define-comissao-representativa-para-atuar-durante-o-recesso-parlamentar-de-julho\\\/#respond\"]}]},{\"@type\":\"WebPage\",\"@id\":\"https:\\\/\\\/regiaonews.net.br\\\/2022\\\/2024\\\/06\\\/25\\\/camara-define-comissao-representativa-para-atuar-durante-o-recesso-parlamentar-de-julho\\\/\",\"url\":\"https:\\\/\\\/regiaonews.net.br\\\/2022\\\/2024\\\/06\\\/25\\\/camara-define-comissao-representativa-para-atuar-durante-o-recesso-parlamentar-de-julho\\\/\",\"name\":\"C\u00e2mara define Comiss\u00e3o Representativa para atuar durante o recesso parlamentar de julho - Regi\u00e3o News\",\"isPartOf\":{\"@id\":\"https:\\\/\\\/regiaonews.net.br\\\/2022\\\/#website\"},\"primaryImageOfPage\":{\"@id\":\"https:\\\/\\\/regiaonews.net.br\\\/2022\\\/2024\\\/06\\\/25\\\/camara-define-comissao-representativa-para-atuar-durante-o-recesso-parlamentar-de-julho\\\/#primaryimage\"},\"image\":{\"@id\":\"https:\\\/\\\/regiaonews.net.br\\\/2022\\\/2024\\\/06\\\/25\\\/camara-define-comissao-representativa-para-atuar-durante-o-recesso-parlamentar-de-julho\\\/#primaryimage\"},\"thumbnailUrl\":\"https:\\\/\\\/regiaonews.net.br\\\/2022\\\/wp-content\\\/uploads\\\/2024\\\/06\\\/c.jpg\",\"datePublished\":\"2024-06-25T11:31:25+00:00\",\"breadcrumb\":{\"@id\":\"https:\\\/\\\/regiaonews.net.br\\\/2022\\\/2024\\\/06\\\/25\\\/camara-define-comissao-representativa-para-atuar-durante-o-recesso-parlamentar-de-julho\\\/#breadcrumb\"},\"inLanguage\":\"pt-BR\",\"potentialAction\":[{\"@type\":\"ReadAction\",\"target\":[\"https:\\\/\\\/regiaonews.net.br\\\/2022\\\/2024\\\/06\\\/25\\\/camara-define-comissao-representativa-para-atuar-durante-o-recesso-parlamentar-de-julho\\\/\"]}]},{\"@type\":\"ImageObject\",\"inLanguage\":\"pt-BR\",\"@id\":\"https:\\\/\\\/regiaonews.net.br\\\/2022\\\/2024\\\/06\\\/25\\\/camara-define-comissao-representativa-para-atuar-durante-o-recesso-parlamentar-de-julho\\\/#primaryimage\",\"url\":\"https:\\\/\\\/regiaonews.net.br\\\/2022\\\/wp-content\\\/uploads\\\/2024\\\/06\\\/c.jpg\",\"contentUrl\":\"https:\\\/\\\/regiaonews.net.br\\\/2022\\\/wp-content\\\/uploads\\\/2024\\\/06\\\/c.jpg\",\"width\":1996,\"height\":1125},{\"@type\":\"BreadcrumbList\",\"@id\":\"https:\\\/\\\/regiaonews.net.br\\\/2022\\\/2024\\\/06\\\/25\\\/camara-define-comissao-representativa-para-atuar-durante-o-recesso-parlamentar-de-julho\\\/#breadcrumb\",\"itemListElement\":[{\"@type\":\"ListItem\",\"position\":1,\"name\":\"In\u00edcio\",\"item\":\"https:\\\/\\\/regiaonews.net.br\\\/2022\\\/\"},{\"@type\":\"ListItem\",\"position\":2,\"name\":\"C\u00e2mara define Comiss\u00e3o Representativa para atuar durante o recesso parlamentar de julho\"}]},{\"@type\":\"WebSite\",\"@id\":\"https:\\\/\\\/regiaonews.net.br\\\/2022\\\/#website\",\"url\":\"https:\\\/\\\/regiaonews.net.br\\\/2022\\\/\",\"name\":\"Regi\u00e3o News\",\"description\":\"Site de Not\u00edcias de Barretos e regi\u00e3o\",\"publisher\":{\"@id\":\"https:\\\/\\\/regiaonews.net.br\\\/2022\\\/#organization\"},\"potentialAction\":[{\"@type\":\"SearchAction\",\"target\":{\"@type\":\"EntryPoint\",\"urlTemplate\":\"https:\\\/\\\/regiaonews.net.br\\\/2022\\\/?s={search_term_string}\"},\"query-input\":{\"@type\":\"PropertyValueSpecification\",\"valueRequired\":true,\"valueName\":\"search_term_string\"}}],\"inLanguage\":\"pt-BR\"},{\"@type\":\"Organization\",\"@id\":\"https:\\\/\\\/regiaonews.net.br\\\/2022\\\/#organization\",\"name\":\"Regi\u00e3o News\",\"url\":\"https:\\\/\\\/regiaonews.net.br\\\/2022\\\/\",\"logo\":{\"@type\":\"ImageObject\",\"inLanguage\":\"pt-BR\",\"@id\":\"https:\\\/\\\/regiaonews.net.br\\\/2022\\\/#\\\/schema\\\/logo\\\/image\\\/\",\"url\":\"https:\\\/\\\/regiaonews.net.br\\\/2022\\\/wp-content\\\/uploads\\\/2026\\\/03\\\/regiao-13-anos-scaled.jpg\",\"contentUrl\":\"https:\\\/\\\/regiaonews.net.br\\\/2022\\\/wp-content\\\/uploads\\\/2026\\\/03\\\/regiao-13-anos-scaled.jpg\",\"width\":2560,\"height\":635,\"caption\":\"Regi\u00e3o News\"},\"image\":{\"@id\":\"https:\\\/\\\/regiaonews.net.br\\\/2022\\\/#\\\/schema\\\/logo\\\/image\\\/\"}},{\"@type\":\"Person\",\"@id\":\"https:\\\/\\\/regiaonews.net.br\\\/2022\\\/#\\\/schema\\\/person\\\/2d205a608a5aa97ac279d7a5e6d89ad8\",\"name\":\"Roberto\",\"image\":{\"@type\":\"ImageObject\",\"inLanguage\":\"pt-BR\",\"@id\":\"https:\\\/\\\/secure.gravatar.com\\\/avatar\\\/42749d8b712ff9d59ca93dc150494e5b55a44134482993f5baeb97e61b7ecc89?s=96&d=mm&r=g\",\"url\":\"https:\\\/\\\/secure.gravatar.com\\\/avatar\\\/42749d8b712ff9d59ca93dc150494e5b55a44134482993f5baeb97e61b7ecc89?s=96&d=mm&r=g\",\"contentUrl\":\"https:\\\/\\\/secure.gravatar.com\\\/avatar\\\/42749d8b712ff9d59ca93dc150494e5b55a44134482993f5baeb97e61b7ecc89?s=96&d=mm&r=g\",\"caption\":\"Roberto\"},\"url\":\"https:\\\/\\\/regiaonews.net.br\\\/2022\\\/author\\\/roberto\\\/\"}]}<\/script>\n<!-- \/ Yoast SEO plugin. -->","yoast_head_json":{"title":"C\u00e2mara define Comiss\u00e3o Representativa para atuar durante o recesso parlamentar de julho - Regi\u00e3o News","robots":{"index":"index","follow":"follow","max-snippet":"max-snippet:-1","max-image-preview":"max-image-preview:large","max-video-preview":"max-video-preview:-1"},"canonical":"https:\/\/regiaonews.net.br\/2022\/2024\/06\/25\/camara-define-comissao-representativa-para-atuar-durante-o-recesso-parlamentar-de-julho\/","og_locale":"pt_BR","og_type":"article","og_title":"C\u00e2mara define Comiss\u00e3o Representativa para atuar durante o recesso parlamentar de julho - Regi\u00e3o News","og_description":"Os\u00a0servi\u00e7os internos da C\u00e2mara, os atendimentos ao p\u00fablico\u00a0e os trabalhos","og_url":"https:\/\/regiaonews.net.br\/2022\/2024\/06\/25\/camara-define-comissao-representativa-para-atuar-durante-o-recesso-parlamentar-de-julho\/","og_site_name":"Regi\u00e3o News","article_published_time":"2024-06-25T11:31:25+00:00","og_image":[{"width":1996,"height":1125,"url":"https:\/\/regiaonews.net.br\/2022\/wp-content\/uploads\/2024\/06\/c.jpg","type":"image\/jpeg"}],"author":"Roberto","twitter_card":"summary_large_image","twitter_misc":{"Escrito por":"Roberto","Est. tempo de leitura":"1 minuto"},"schema":{"@context":"https:\/\/schema.org","@graph":[{"@type":"Article","@id":"https:\/\/regiaonews.net.br\/2022\/2024\/06\/25\/camara-define-comissao-representativa-para-atuar-durante-o-recesso-parlamentar-de-julho\/#article","isPartOf":{"@id":"https:\/\/regiaonews.net.br\/2022\/2024\/06\/25\/camara-define-comissao-representativa-para-atuar-durante-o-recesso-parlamentar-de-julho\/"},"author":{"name":"Roberto","@id":"https:\/\/regiaonews.net.br\/2022\/#\/schema\/person\/2d205a608a5aa97ac279d7a5e6d89ad8"},"headline":"C\u00e2mara define Comiss\u00e3o Representativa para atuar durante o recesso parlamentar de julho","datePublished":"2024-06-25T11:31:25+00:00","mainEntityOfPage":{"@id":"https:\/\/regiaonews.net.br\/2022\/2024\/06\/25\/camara-define-comissao-representativa-para-atuar-durante-o-recesso-parlamentar-de-julho\/"},"wordCount":201,"commentCount":0,"publisher":{"@id":"https:\/\/regiaonews.net.br\/2022\/#organization"},"image":{"@id":"https:\/\/regiaonews.net.br\/2022\/2024\/06\/25\/camara-define-comissao-representativa-para-atuar-durante-o-recesso-parlamentar-de-julho\/#primaryimage"},"thumbnailUrl":"https:\/\/regiaonews.net.br\/2022\/wp-content\/uploads\/2024\/06\/c.jpg","articleSection":["Barretos","Pol\u00edtica"],"inLanguage":"pt-BR","potentialAction":[{"@type":"CommentAction","name":"Comment","target":["https:\/\/regiaonews.net.br\/2022\/2024\/06\/25\/camara-define-comissao-representativa-para-atuar-durante-o-recesso-parlamentar-de-julho\/#respond"]}]},{"@type":"WebPage","@id":"https:\/\/regiaonews.net.br\/2022\/2024\/06\/25\/camara-define-comissao-representativa-para-atuar-durante-o-recesso-parlamentar-de-julho\/","url":"https:\/\/regiaonews.net.br\/2022\/2024\/06\/25\/camara-define-comissao-representativa-para-atuar-durante-o-recesso-parlamentar-de-julho\/","name":"C\u00e2mara define Comiss\u00e3o Representativa para atuar durante o recesso parlamentar de julho - Regi\u00e3o News","isPartOf":{"@id":"https:\/\/regiaonews.net.br\/2022\/#website"},"primaryImageOfPage":{"@id":"https:\/\/regiaonews.net.br\/2022\/2024\/06\/25\/camara-define-comissao-representativa-para-atuar-durante-o-recesso-parlamentar-de-julho\/#primaryimage"},"image":{"@id":"https:\/\/regiaonews.net.br\/2022\/2024\/06\/25\/camara-define-comissao-representativa-para-atuar-durante-o-recesso-parlamentar-de-julho\/#primaryimage"},"thumbnailUrl":"https:\/\/regiaonews.net.br\/2022\/wp-content\/uploads\/2024\/06\/c.jpg","datePublished":"2024-06-25T11:31:25+00:00","breadcrumb":{"@id":"https:\/\/regiaonews.net.br\/2022\/2024\/06\/25\/camara-define-comissao-representativa-para-atuar-durante-o-recesso-parlamentar-de-julho\/#breadcrumb"},"inLanguage":"pt-BR","potentialAction":[{"@type":"ReadAction","target":["https:\/\/regiaonews.net.br\/2022\/2024\/06\/25\/camara-define-comissao-representativa-para-atuar-durante-o-recesso-parlamentar-de-julho\/"]}]},{"@type":"ImageObject","inLanguage":"pt-BR","@id":"https:\/\/regiaonews.net.br\/2022\/2024\/06\/25\/camara-define-comissao-representativa-para-atuar-durante-o-recesso-parlamentar-de-julho\/#primaryimage","url":"https:\/\/regiaonews.net.br\/2022\/wp-content\/uploads\/2024\/06\/c.jpg","contentUrl":"https:\/\/regiaonews.net.br\/2022\/wp-content\/uploads\/2024\/06\/c.jpg","width":1996,"height":1125},{"@type":"BreadcrumbList","@id":"https:\/\/regiaonews.net.br\/2022\/2024\/06\/25\/camara-define-comissao-representativa-para-atuar-durante-o-recesso-parlamentar-de-julho\/#breadcrumb","itemListElement":[{"@type":"ListItem","position":1,"name":"In\u00edcio","item":"https:\/\/regiaonews.net.br\/2022\/"},{"@type":"ListItem","position":2,"name":"C\u00e2mara define Comiss\u00e3o Representativa para atuar durante o recesso parlamentar de julho"}]},{"@type":"WebSite","@id":"https:\/\/regiaonews.net.br\/2022\/#website","url":"https:\/\/regiaonews.net.br\/2022\/","name":"Regi\u00e3o News","description":"Site de Not\u00edcias de Barretos e regi\u00e3o","publisher":{"@id":"https:\/\/regiaonews.net.br\/2022\/#organization"},"potentialAction":[{"@type":"SearchAction","target":{"@type":"EntryPoint","urlTemplate":"https:\/\/regiaonews.net.br\/2022\/?s={search_term_string}"},"query-input":{"@type":"PropertyValueSpecification","valueRequired":true,"valueName":"search_term_string"}}],"inLanguage":"pt-BR"},{"@type":"Organization","@id":"https:\/\/regiaonews.net.br\/2022\/#organization","name":"Regi\u00e3o News","url":"https:\/\/regiaonews.net.br\/2022\/","logo":{"@type":"ImageObject","inLanguage":"pt-BR","@id":"https:\/\/regiaonews.net.br\/2022\/#\/schema\/logo\/image\/","url":"https:\/\/regiaonews.net.br\/2022\/wp-content\/uploads\/2026\/03\/regiao-13-anos-scaled.jpg","contentUrl":"https:\/\/regiaonews.net.br\/2022\/wp-content\/uploads\/2026\/03\/regiao-13-anos-scaled.jpg","width":2560,"height":635,"caption":"Regi\u00e3o News"},"image":{"@id":"https:\/\/regiaonews.net.br\/2022\/#\/schema\/logo\/image\/"}},{"@type":"Person","@id":"https:\/\/regiaonews.net.br\/2022\/#\/schema\/person\/2d205a608a5aa97ac279d7a5e6d89ad8","name":"Roberto","image":{"@type":"ImageObject","inLanguage":"pt-BR","@id":"https:\/\/secure.gravatar.com\/avatar\/42749d8b712ff9d59ca93dc150494e5b55a44134482993f5baeb97e61b7ecc89?s=96&d=mm&r=g","url":"https:\/\/secure.gravatar.com\/avatar\/42749d8b712ff9d59ca93dc150494e5b55a44134482993f5baeb97e61b7ecc89?s=96&d=mm&r=g","contentUrl":"https:\/\/secure.gravatar.com\/avatar\/42749d8b712ff9d59ca93dc150494e5b55a44134482993f5baeb97e61b7ecc89?s=96&d=mm&r=g","caption":"Roberto"},"url":"https:\/\/regiaonews.net.br\/2022\/author\/roberto\/"}]}},"publishpress_future_action":{"enabled":false,"date":"2026-05-03 04:44:09","action":"change-status","newStatus":"draft","terms":[],"taxonomy":"category","extraData":[]},"publishpress_future_workflow_manual_trigger":{"enabledWorkflows":[]},"_links":{"self":[{"href":"https:\/\/regiaonews.net.br\/2022\/wp-json\/wp\/v2\/posts\/106808","targetHints":{"allow":["GET"]}}],"collection":[{"href":"https:\/\/regiaonews.net.br\/2022\/wp-json\/wp\/v2\/posts"}],"about":[{"href":"https:\/\/regiaonews.net.br\/2022\/wp-json\/wp\/v2\/types\/post"}],"author":[{"embeddable":true,"href":"https:\/\/regiaonews.net.br\/2022\/wp-json\/wp\/v2\/users\/2"}],"replies":[{"embeddable":true,"href":"https:\/\/regiaonews.net.br\/2022\/wp-json\/wp\/v2\/comments?post=106808"}],"version-history":[{"count":1,"href":"https:\/\/regiaonews.net.br\/2022\/wp-json\/wp\/v2\/posts\/106808\/revisions"}],"predecessor-version":[{"id":106810,"href":"https:\/\/regiaonews.net.br\/2022\/wp-json\/wp\/v2\/posts\/106808\/revisions\/106810"}],"wp:featuredmedia":[{"embeddable":true,"href":"https:\/\/regiaonews.net.br\/2022\/wp-json\/wp\/v2\/media\/106809"}],"wp:attachment":[{"href":"https:\/\/regiaonews.net.br\/2022\/wp-json\/wp\/v2\/media?parent=106808"}],"wp:term":[{"taxonomy":"category","embeddable":true,"href":"https:\/\/regiaonews.net.br\/2022\/wp-json\/wp\/v2\/categories?post=106808"},{"taxonomy":"post_tag","embeddable":true,"href":"https:\/\/regiaonews.net.br\/2022\/wp-json\/wp\/v2\/tags?post=106808"}],"curies":[{"name":"wp","href":"https:\/\/api.w.org\/{rel}","templated":true}]}}