{"id":106794,"date":"2024-06-24T21:08:37","date_gmt":"2024-06-25T00:08:37","guid":{"rendered":"https:\/\/regiaonews.net.br\/2022\/?p=106794"},"modified":"2024-06-24T21:08:50","modified_gmt":"2024-06-25T00:08:50","slug":"escoteiros-participam-de-acampamento-no-parque","status":"publish","type":"post","link":"https:\/\/regiaonews.net.br\/2022\/2024\/06\/24\/escoteiros-participam-de-acampamento-no-parque\/","title":{"rendered":"Escoteiros participam de  acampamento no Parque"},"content":{"rendered":"<p>&nbsp;<\/p>\n<p>O Grupo Escoteiro Ch\u00e3o Preto realizou no final de semana o 1\u00ba Scouts Camp com a participa\u00e7\u00e3o de 60 escoteiros de Barretos, Jaboticabal e Ribeir\u00e3o Preto. Durante o acampamento realizado no Parque do Pe\u00e3o, os jovens participaram na manh\u00e3 de domingo (23) de tr\u00eas palestras que foram ministradas pelo convidados do grupo escoteiro. Entre as palestras, destaque para as instru\u00e7\u00f5es do PROERD \u2013 Programa Educacional de Resist\u00eancia \u00e0s Drogas e \u00e0 Viol\u00eancia ministrada pelo Cabo Marcos Mariano, trabalho desenvolvido pela Defesa Civil de Barretos ministrada pelo bombeiro municipal Raul e tamb\u00e9m um momento espiritual, que foi conduzido pelo sargento reformado da PM, o capel\u00e3o Edson Lelis. \u201cO acampamento foi de escoteiros e s\u00eanior os lobinhos foram visita-lo\u201d, explicou o chefe do ramo dos escoteiros, Rafael Lelis.<\/p>\n","protected":false},"excerpt":{"rendered":"<p>&nbsp; O Grupo Escoteiro Ch\u00e3o Preto realizou no final de<\/p>\n","protected":false},"author":2,"featured_media":106795,"comment_status":"open","ping_status":"open","sticky":false,"template":"","format":"standard","meta":{"footnotes":""},"categories":[14,111],"tags":[],"class_list":["post-106794","post","type-post","status-publish","format-standard","has-post-thumbnail","hentry","category-barretos","category-cotidiano"],"yoast_head":"<!-- This site is optimized with the Yoast SEO plugin v27.4 - https:\/\/yoast.com\/product\/yoast-seo-wordpress\/ -->\n<title>Escoteiros participam de acampamento no Parque - Regi\u00e3o News<\/title>\n<meta name=\"robots\" content=\"index, follow, max-snippet:-1, max-image-preview:large, max-video-preview:-1\" \/>\n<link rel=\"canonical\" href=\"https:\/\/regiaonews.net.br\/2022\/2024\/06\/24\/escoteiros-participam-de-acampamento-no-parque\/\" \/>\n<meta property=\"og:locale\" content=\"pt_BR\" \/>\n<meta property=\"og:type\" content=\"article\" \/>\n<meta property=\"og:title\" content=\"Escoteiros participam de acampamento no Parque - Regi\u00e3o News\" \/>\n<meta property=\"og:description\" content=\"&nbsp; O Grupo Escoteiro Ch\u00e3o Preto realizou no final de\" \/>\n<meta property=\"og:url\" content=\"https:\/\/regiaonews.net.br\/2022\/2024\/06\/24\/escoteiros-participam-de-acampamento-no-parque\/\" \/>\n<meta property=\"og:site_name\" content=\"Regi\u00e3o News\" \/>\n<meta property=\"article:published_time\" content=\"2024-06-25T00:08:37+00:00\" \/>\n<meta property=\"article:modified_time\" content=\"2024-06-25T00:08:50+00:00\" \/>\n<meta property=\"og:image\" content=\"https:\/\/regiaonews.net.br\/2022\/wp-content\/uploads\/2024\/06\/IMG-20240623-WA0341.jpg\" \/>\n\t<meta property=\"og:image:width\" content=\"1600\" \/>\n\t<meta property=\"og:image:height\" content=\"720\" \/>\n\t<meta property=\"og:image:type\" content=\"image\/jpeg\" \/>\n<meta name=\"author\" content=\"Roberto\" \/>\n<meta name=\"twitter:card\" content=\"summary_large_image\" \/>\n<meta name=\"twitter:label1\" content=\"Escrito por\" \/>\n\t<meta name=\"twitter:data1\" content=\"Roberto\" \/>\n\t<meta name=\"twitter:label2\" content=\"Est. tempo de leitura\" \/>\n\t<meta name=\"twitter:data2\" content=\"1 minuto\" \/>\n<script type=\"application\/ld+json\" class=\"yoast-schema-graph\">{\"@context\":\"https:\\\/\\\/schema.org\",\"@graph\":[{\"@type\":\"Article\",\"@id\":\"https:\\\/\\\/regiaonews.net.br\\\/2022\\\/2024\\\/06\\\/24\\\/escoteiros-participam-de-acampamento-no-parque\\\/#article\",\"isPartOf\":{\"@id\":\"https:\\\/\\\/regiaonews.net.br\\\/2022\\\/2024\\\/06\\\/24\\\/escoteiros-participam-de-acampamento-no-parque\\\/\"},\"author\":{\"name\":\"Roberto\",\"@id\":\"https:\\\/\\\/regiaonews.net.br\\\/2022\\\/#\\\/schema\\\/person\\\/2d205a608a5aa97ac279d7a5e6d89ad8\"},\"headline\":\"Escoteiros participam de acampamento no Parque\",\"datePublished\":\"2024-06-25T00:08:37+00:00\",\"dateModified\":\"2024-06-25T00:08:50+00:00\",\"mainEntityOfPage\":{\"@id\":\"https:\\\/\\\/regiaonews.net.br\\\/2022\\\/2024\\\/06\\\/24\\\/escoteiros-participam-de-acampamento-no-parque\\\/\"},\"wordCount\":139,\"commentCount\":0,\"publisher\":{\"@id\":\"https:\\\/\\\/regiaonews.net.br\\\/2022\\\/#organization\"},\"image\":{\"@id\":\"https:\\\/\\\/regiaonews.net.br\\\/2022\\\/2024\\\/06\\\/24\\\/escoteiros-participam-de-acampamento-no-parque\\\/#primaryimage\"},\"thumbnailUrl\":\"https:\\\/\\\/regiaonews.net.br\\\/2022\\\/wp-content\\\/uploads\\\/2024\\\/06\\\/IMG-20240623-WA0341.jpg\",\"articleSection\":[\"Barretos\",\"Cotidiano\"],\"inLanguage\":\"pt-BR\",\"potentialAction\":[{\"@type\":\"CommentAction\",\"name\":\"Comment\",\"target\":[\"https:\\\/\\\/regiaonews.net.br\\\/2022\\\/2024\\\/06\\\/24\\\/escoteiros-participam-de-acampamento-no-parque\\\/#respond\"]}]},{\"@type\":\"WebPage\",\"@id\":\"https:\\\/\\\/regiaonews.net.br\\\/2022\\\/2024\\\/06\\\/24\\\/escoteiros-participam-de-acampamento-no-parque\\\/\",\"url\":\"https:\\\/\\\/regiaonews.net.br\\\/2022\\\/2024\\\/06\\\/24\\\/escoteiros-participam-de-acampamento-no-parque\\\/\",\"name\":\"Escoteiros participam de acampamento no Parque - Regi\u00e3o News\",\"isPartOf\":{\"@id\":\"https:\\\/\\\/regiaonews.net.br\\\/2022\\\/#website\"},\"primaryImageOfPage\":{\"@id\":\"https:\\\/\\\/regiaonews.net.br\\\/2022\\\/2024\\\/06\\\/24\\\/escoteiros-participam-de-acampamento-no-parque\\\/#primaryimage\"},\"image\":{\"@id\":\"https:\\\/\\\/regiaonews.net.br\\\/2022\\\/2024\\\/06\\\/24\\\/escoteiros-participam-de-acampamento-no-parque\\\/#primaryimage\"},\"thumbnailUrl\":\"https:\\\/\\\/regiaonews.net.br\\\/2022\\\/wp-content\\\/uploads\\\/2024\\\/06\\\/IMG-20240623-WA0341.jpg\",\"datePublished\":\"2024-06-25T00:08:37+00:00\",\"dateModified\":\"2024-06-25T00:08:50+00:00\",\"breadcrumb\":{\"@id\":\"https:\\\/\\\/regiaonews.net.br\\\/2022\\\/2024\\\/06\\\/24\\\/escoteiros-participam-de-acampamento-no-parque\\\/#breadcrumb\"},\"inLanguage\":\"pt-BR\",\"potentialAction\":[{\"@type\":\"ReadAction\",\"target\":[\"https:\\\/\\\/regiaonews.net.br\\\/2022\\\/2024\\\/06\\\/24\\\/escoteiros-participam-de-acampamento-no-parque\\\/\"]}]},{\"@type\":\"ImageObject\",\"inLanguage\":\"pt-BR\",\"@id\":\"https:\\\/\\\/regiaonews.net.br\\\/2022\\\/2024\\\/06\\\/24\\\/escoteiros-participam-de-acampamento-no-parque\\\/#primaryimage\",\"url\":\"https:\\\/\\\/regiaonews.net.br\\\/2022\\\/wp-content\\\/uploads\\\/2024\\\/06\\\/IMG-20240623-WA0341.jpg\",\"contentUrl\":\"https:\\\/\\\/regiaonews.net.br\\\/2022\\\/wp-content\\\/uploads\\\/2024\\\/06\\\/IMG-20240623-WA0341.jpg\",\"width\":1600,\"height\":720},{\"@type\":\"BreadcrumbList\",\"@id\":\"https:\\\/\\\/regiaonews.net.br\\\/2022\\\/2024\\\/06\\\/24\\\/escoteiros-participam-de-acampamento-no-parque\\\/#breadcrumb\",\"itemListElement\":[{\"@type\":\"ListItem\",\"position\":1,\"name\":\"In\u00edcio\",\"item\":\"https:\\\/\\\/regiaonews.net.br\\\/2022\\\/\"},{\"@type\":\"ListItem\",\"position\":2,\"name\":\"Escoteiros participam de acampamento no Parque\"}]},{\"@type\":\"WebSite\",\"@id\":\"https:\\\/\\\/regiaonews.net.br\\\/2022\\\/#website\",\"url\":\"https:\\\/\\\/regiaonews.net.br\\\/2022\\\/\",\"name\":\"Regi\u00e3o News\",\"description\":\"Site de Not\u00edcias de Barretos e regi\u00e3o\",\"publisher\":{\"@id\":\"https:\\\/\\\/regiaonews.net.br\\\/2022\\\/#organization\"},\"potentialAction\":[{\"@type\":\"SearchAction\",\"target\":{\"@type\":\"EntryPoint\",\"urlTemplate\":\"https:\\\/\\\/regiaonews.net.br\\\/2022\\\/?s={search_term_string}\"},\"query-input\":{\"@type\":\"PropertyValueSpecification\",\"valueRequired\":true,\"valueName\":\"search_term_string\"}}],\"inLanguage\":\"pt-BR\"},{\"@type\":\"Organization\",\"@id\":\"https:\\\/\\\/regiaonews.net.br\\\/2022\\\/#organization\",\"name\":\"Regi\u00e3o News\",\"url\":\"https:\\\/\\\/regiaonews.net.br\\\/2022\\\/\",\"logo\":{\"@type\":\"ImageObject\",\"inLanguage\":\"pt-BR\",\"@id\":\"https:\\\/\\\/regiaonews.net.br\\\/2022\\\/#\\\/schema\\\/logo\\\/image\\\/\",\"url\":\"https:\\\/\\\/regiaonews.net.br\\\/2022\\\/wp-content\\\/uploads\\\/2026\\\/03\\\/regiao-13-anos-scaled.jpg\",\"contentUrl\":\"https:\\\/\\\/regiaonews.net.br\\\/2022\\\/wp-content\\\/uploads\\\/2026\\\/03\\\/regiao-13-anos-scaled.jpg\",\"width\":2560,\"height\":635,\"caption\":\"Regi\u00e3o News\"},\"image\":{\"@id\":\"https:\\\/\\\/regiaonews.net.br\\\/2022\\\/#\\\/schema\\\/logo\\\/image\\\/\"}},{\"@type\":\"Person\",\"@id\":\"https:\\\/\\\/regiaonews.net.br\\\/2022\\\/#\\\/schema\\\/person\\\/2d205a608a5aa97ac279d7a5e6d89ad8\",\"name\":\"Roberto\",\"image\":{\"@type\":\"ImageObject\",\"inLanguage\":\"pt-BR\",\"@id\":\"https:\\\/\\\/secure.gravatar.com\\\/avatar\\\/42749d8b712ff9d59ca93dc150494e5b55a44134482993f5baeb97e61b7ecc89?s=96&d=mm&r=g\",\"url\":\"https:\\\/\\\/secure.gravatar.com\\\/avatar\\\/42749d8b712ff9d59ca93dc150494e5b55a44134482993f5baeb97e61b7ecc89?s=96&d=mm&r=g\",\"contentUrl\":\"https:\\\/\\\/secure.gravatar.com\\\/avatar\\\/42749d8b712ff9d59ca93dc150494e5b55a44134482993f5baeb97e61b7ecc89?s=96&d=mm&r=g\",\"caption\":\"Roberto\"},\"url\":\"https:\\\/\\\/regiaonews.net.br\\\/2022\\\/author\\\/roberto\\\/\"}]}<\/script>\n<!-- \/ Yoast SEO plugin. -->","yoast_head_json":{"title":"Escoteiros participam de acampamento no Parque - Regi\u00e3o News","robots":{"index":"index","follow":"follow","max-snippet":"max-snippet:-1","max-image-preview":"max-image-preview:large","max-video-preview":"max-video-preview:-1"},"canonical":"https:\/\/regiaonews.net.br\/2022\/2024\/06\/24\/escoteiros-participam-de-acampamento-no-parque\/","og_locale":"pt_BR","og_type":"article","og_title":"Escoteiros participam de acampamento no Parque - Regi\u00e3o News","og_description":"&nbsp; O Grupo Escoteiro Ch\u00e3o Preto realizou no final de","og_url":"https:\/\/regiaonews.net.br\/2022\/2024\/06\/24\/escoteiros-participam-de-acampamento-no-parque\/","og_site_name":"Regi\u00e3o News","article_published_time":"2024-06-25T00:08:37+00:00","article_modified_time":"2024-06-25T00:08:50+00:00","og_image":[{"width":1600,"height":720,"url":"https:\/\/regiaonews.net.br\/2022\/wp-content\/uploads\/2024\/06\/IMG-20240623-WA0341.jpg","type":"image\/jpeg"}],"author":"Roberto","twitter_card":"summary_large_image","twitter_misc":{"Escrito por":"Roberto","Est. tempo de leitura":"1 minuto"},"schema":{"@context":"https:\/\/schema.org","@graph":[{"@type":"Article","@id":"https:\/\/regiaonews.net.br\/2022\/2024\/06\/24\/escoteiros-participam-de-acampamento-no-parque\/#article","isPartOf":{"@id":"https:\/\/regiaonews.net.br\/2022\/2024\/06\/24\/escoteiros-participam-de-acampamento-no-parque\/"},"author":{"name":"Roberto","@id":"https:\/\/regiaonews.net.br\/2022\/#\/schema\/person\/2d205a608a5aa97ac279d7a5e6d89ad8"},"headline":"Escoteiros participam de acampamento no Parque","datePublished":"2024-06-25T00:08:37+00:00","dateModified":"2024-06-25T00:08:50+00:00","mainEntityOfPage":{"@id":"https:\/\/regiaonews.net.br\/2022\/2024\/06\/24\/escoteiros-participam-de-acampamento-no-parque\/"},"wordCount":139,"commentCount":0,"publisher":{"@id":"https:\/\/regiaonews.net.br\/2022\/#organization"},"image":{"@id":"https:\/\/regiaonews.net.br\/2022\/2024\/06\/24\/escoteiros-participam-de-acampamento-no-parque\/#primaryimage"},"thumbnailUrl":"https:\/\/regiaonews.net.br\/2022\/wp-content\/uploads\/2024\/06\/IMG-20240623-WA0341.jpg","articleSection":["Barretos","Cotidiano"],"inLanguage":"pt-BR","potentialAction":[{"@type":"CommentAction","name":"Comment","target":["https:\/\/regiaonews.net.br\/2022\/2024\/06\/24\/escoteiros-participam-de-acampamento-no-parque\/#respond"]}]},{"@type":"WebPage","@id":"https:\/\/regiaonews.net.br\/2022\/2024\/06\/24\/escoteiros-participam-de-acampamento-no-parque\/","url":"https:\/\/regiaonews.net.br\/2022\/2024\/06\/24\/escoteiros-participam-de-acampamento-no-parque\/","name":"Escoteiros participam de acampamento no Parque - Regi\u00e3o News","isPartOf":{"@id":"https:\/\/regiaonews.net.br\/2022\/#website"},"primaryImageOfPage":{"@id":"https:\/\/regiaonews.net.br\/2022\/2024\/06\/24\/escoteiros-participam-de-acampamento-no-parque\/#primaryimage"},"image":{"@id":"https:\/\/regiaonews.net.br\/2022\/2024\/06\/24\/escoteiros-participam-de-acampamento-no-parque\/#primaryimage"},"thumbnailUrl":"https:\/\/regiaonews.net.br\/2022\/wp-content\/uploads\/2024\/06\/IMG-20240623-WA0341.jpg","datePublished":"2024-06-25T00:08:37+00:00","dateModified":"2024-06-25T00:08:50+00:00","breadcrumb":{"@id":"https:\/\/regiaonews.net.br\/2022\/2024\/06\/24\/escoteiros-participam-de-acampamento-no-parque\/#breadcrumb"},"inLanguage":"pt-BR","potentialAction":[{"@type":"ReadAction","target":["https:\/\/regiaonews.net.br\/2022\/2024\/06\/24\/escoteiros-participam-de-acampamento-no-parque\/"]}]},{"@type":"ImageObject","inLanguage":"pt-BR","@id":"https:\/\/regiaonews.net.br\/2022\/2024\/06\/24\/escoteiros-participam-de-acampamento-no-parque\/#primaryimage","url":"https:\/\/regiaonews.net.br\/2022\/wp-content\/uploads\/2024\/06\/IMG-20240623-WA0341.jpg","contentUrl":"https:\/\/regiaonews.net.br\/2022\/wp-content\/uploads\/2024\/06\/IMG-20240623-WA0341.jpg","width":1600,"height":720},{"@type":"BreadcrumbList","@id":"https:\/\/regiaonews.net.br\/2022\/2024\/06\/24\/escoteiros-participam-de-acampamento-no-parque\/#breadcrumb","itemListElement":[{"@type":"ListItem","position":1,"name":"In\u00edcio","item":"https:\/\/regiaonews.net.br\/2022\/"},{"@type":"ListItem","position":2,"name":"Escoteiros participam de acampamento no Parque"}]},{"@type":"WebSite","@id":"https:\/\/regiaonews.net.br\/2022\/#website","url":"https:\/\/regiaonews.net.br\/2022\/","name":"Regi\u00e3o News","description":"Site de Not\u00edcias de Barretos e regi\u00e3o","publisher":{"@id":"https:\/\/regiaonews.net.br\/2022\/#organization"},"potentialAction":[{"@type":"SearchAction","target":{"@type":"EntryPoint","urlTemplate":"https:\/\/regiaonews.net.br\/2022\/?s={search_term_string}"},"query-input":{"@type":"PropertyValueSpecification","valueRequired":true,"valueName":"search_term_string"}}],"inLanguage":"pt-BR"},{"@type":"Organization","@id":"https:\/\/regiaonews.net.br\/2022\/#organization","name":"Regi\u00e3o News","url":"https:\/\/regiaonews.net.br\/2022\/","logo":{"@type":"ImageObject","inLanguage":"pt-BR","@id":"https:\/\/regiaonews.net.br\/2022\/#\/schema\/logo\/image\/","url":"https:\/\/regiaonews.net.br\/2022\/wp-content\/uploads\/2026\/03\/regiao-13-anos-scaled.jpg","contentUrl":"https:\/\/regiaonews.net.br\/2022\/wp-content\/uploads\/2026\/03\/regiao-13-anos-scaled.jpg","width":2560,"height":635,"caption":"Regi\u00e3o News"},"image":{"@id":"https:\/\/regiaonews.net.br\/2022\/#\/schema\/logo\/image\/"}},{"@type":"Person","@id":"https:\/\/regiaonews.net.br\/2022\/#\/schema\/person\/2d205a608a5aa97ac279d7a5e6d89ad8","name":"Roberto","image":{"@type":"ImageObject","inLanguage":"pt-BR","@id":"https:\/\/secure.gravatar.com\/avatar\/42749d8b712ff9d59ca93dc150494e5b55a44134482993f5baeb97e61b7ecc89?s=96&d=mm&r=g","url":"https:\/\/secure.gravatar.com\/avatar\/42749d8b712ff9d59ca93dc150494e5b55a44134482993f5baeb97e61b7ecc89?s=96&d=mm&r=g","contentUrl":"https:\/\/secure.gravatar.com\/avatar\/42749d8b712ff9d59ca93dc150494e5b55a44134482993f5baeb97e61b7ecc89?s=96&d=mm&r=g","caption":"Roberto"},"url":"https:\/\/regiaonews.net.br\/2022\/author\/roberto\/"}]}},"publishpress_future_action":{"enabled":false,"date":"2026-05-03 02:12:03","action":"change-status","newStatus":"draft","terms":[],"taxonomy":"category","extraData":[]},"publishpress_future_workflow_manual_trigger":{"enabledWorkflows":[]},"_links":{"self":[{"href":"https:\/\/regiaonews.net.br\/2022\/wp-json\/wp\/v2\/posts\/106794","targetHints":{"allow":["GET"]}}],"collection":[{"href":"https:\/\/regiaonews.net.br\/2022\/wp-json\/wp\/v2\/posts"}],"about":[{"href":"https:\/\/regiaonews.net.br\/2022\/wp-json\/wp\/v2\/types\/post"}],"author":[{"embeddable":true,"href":"https:\/\/regiaonews.net.br\/2022\/wp-json\/wp\/v2\/users\/2"}],"replies":[{"embeddable":true,"href":"https:\/\/regiaonews.net.br\/2022\/wp-json\/wp\/v2\/comments?post=106794"}],"version-history":[{"count":1,"href":"https:\/\/regiaonews.net.br\/2022\/wp-json\/wp\/v2\/posts\/106794\/revisions"}],"predecessor-version":[{"id":106796,"href":"https:\/\/regiaonews.net.br\/2022\/wp-json\/wp\/v2\/posts\/106794\/revisions\/106796"}],"wp:featuredmedia":[{"embeddable":true,"href":"https:\/\/regiaonews.net.br\/2022\/wp-json\/wp\/v2\/media\/106795"}],"wp:attachment":[{"href":"https:\/\/regiaonews.net.br\/2022\/wp-json\/wp\/v2\/media?parent=106794"}],"wp:term":[{"taxonomy":"category","embeddable":true,"href":"https:\/\/regiaonews.net.br\/2022\/wp-json\/wp\/v2\/categories?post=106794"},{"taxonomy":"post_tag","embeddable":true,"href":"https:\/\/regiaonews.net.br\/2022\/wp-json\/wp\/v2\/tags?post=106794"}],"curies":[{"name":"wp","href":"https:\/\/api.w.org\/{rel}","templated":true}]}}