{"id":106788,"date":"2024-06-24T19:21:19","date_gmt":"2024-06-24T22:21:19","guid":{"rendered":"https:\/\/regiaonews.net.br\/2022\/?p=106788"},"modified":"2024-06-24T19:21:19","modified_gmt":"2024-06-24T22:21:19","slug":"governo-de-sp-inicia-capacitacao-de-policiais-da-ronda-escolar","status":"publish","type":"post","link":"https:\/\/regiaonews.net.br\/2022\/2024\/06\/24\/governo-de-sp-inicia-capacitacao-de-policiais-da-ronda-escolar\/","title":{"rendered":"Governo de SP inicia capacita\u00e7\u00e3o de policiais da Ronda Escolar"},"content":{"rendered":"<div class=\"col-lg-12 mt-4\">\n<h3><\/h3>\n<\/div>\n<div class=\"col-lg-12 mt-2\">\n<h5>Treinamento come\u00e7ou nesta segunda-feira e vai atingir cerca de 800 PMs em todo o estado<\/h5>\n<\/div>\n<div class=\"col-lg-12\">\n<p class=\"diasemana\">Segunda-feira, 24\/06\/2024 13:42<\/p>\n<\/div>\n<div class=\"col-lg-12\">\n<p class=\"autor\">Por Assessoria de Imprensa e Comunica\u00e7\u00e3o da Secretaria da Seguran\u00e7a P\u00fablica<\/p>\n<\/div>\n<div class=\"col-lg-12 mt-3\">\n<div>\n<div>Come\u00e7ou nesta segunda-feira (24) a capacita\u00e7\u00e3o de policiais militares que atuam na Ronda Escolar para atender alunos com defici\u00eancia da rede estadual de ensino. O treinamento foi dividido em m\u00f3dulos e ir\u00e1 abranger os cerca de 800 PMs que atuam no programa de policiamento em todo o estado de S\u00e3o Paulo.<\/div>\n<div><\/div>\n<div>A iniciativa \u00e9 da Coordenadoria Estadual dos Conselhos Comunit\u00e1rios de Seguran\u00e7a (Conseg) que, por meio do N\u00facleo de A\u00e7\u00e3o Local, pretende expandir o servi\u00e7o para oferecer atendimento adequado \u00e0s diferentes situa\u00e7\u00f5es em que haja necessidade de a\u00e7\u00e3o imediata da Pol\u00edcia Militar.<\/div>\n<div><\/div>\n<div>\u201cAl\u00e9m de todo o trabalho que j\u00e1 vem sendo realizado pela Ronda Escolar, agora vamos aperfei\u00e7oar esse servi\u00e7o para que os policiais militares possam acolher os alunos com defici\u00eancia de acordo com as sensibilidades e necessidades espec\u00edficas\u201d, explicou o secret\u00e1rio da Seguran\u00e7a P\u00fablica, Guilherme Derrite. &#8220;E n\u00e3o s\u00f3 para casos de urg\u00eancia, mas para as situa\u00e7\u00f5es do cotidiano no ambiente escolar onde acaba sendo necess\u00e1ria a interven\u00e7\u00e3o de um policial.\u201d<\/div>\n<div><\/div>\n<div>A capacita\u00e7\u00e3o ocorre ap\u00f3s assinatura de uma resolu\u00e7\u00e3o entre as secretarias da Seguran\u00e7a P\u00fablica (SSP), dos Direitos da Pessoa com Defici\u00eancia (SEDPcD) e da Educa\u00e7\u00e3o (Seduc) que estabeleceu um grupo de trabalho no in\u00edcio de abril para implementa\u00e7\u00e3o do programa, a fim de viabilizar a aquisi\u00e7\u00e3o de equipamentos e treinamento espec\u00edficos para o efetivo.<\/div>\n<div><\/div>\n<div>\u201cA capacita\u00e7\u00e3o permite que os agentes compreendam melhor as necessidades desses estudantes, proporcionando um atendimento mais humanizado e eficiente. Essa parceria intersecretarial \u00e9 vital para a implementa\u00e7\u00e3o de pol\u00edticas integradas que fa\u00e7am diferen\u00e7a no cotidiano escolar\u201d, destacou o secret\u00e1rio da SEDPcD, Marcos da Costa.<\/div>\n<div><\/div>\n<div>Neste primeiro dia de qualifica\u00e7\u00e3o, realizado no Centro de Treinamento Paral\u00edmpico Brasileiro, participaram quase 100 policiais. At\u00e9 o fim da semana, outros 400 PMs da capital paulista e da regi\u00e3o metropolitana tamb\u00e9m far\u00e3o o treinamento. No interior do estado, as aulas come\u00e7am em 1\u00ba de julho.<\/div>\n<div><\/div>\n<div>\u201cEssa parceria \u00e9 um passo principal no acolhimento dos alunos, porque a Ronda Escolar presta um suporte fundamental a nossa rede de educa\u00e7\u00e3o. Saber que vamos ter a possibilidade de alunos com defici\u00eancia serem acolhidos e atendidos pela ronda \u00e9 muito importante, pois \u00e9 um ato que estabelece uma pol\u00edtica p\u00fablica de estado\u201d, observou o coordenador de desenvolvimento de programas da SEDPcD, C\u00e1ssio Rodrigo.<\/div>\n<div><\/div>\n<div>Conforme a SSP, a previs\u00e3o \u00e9 de adquirir viaturas adaptadas para prestar o atendimento adequado aos estudantes com defici\u00eancia. Elas ser\u00e3o adesivadas e contar\u00e3o com kits de emerg\u00eancia e equipamentos espec\u00edficos como colar cervical, luva de conten\u00e7\u00e3o, protetor de cabe\u00e7a, mochila de resgate, entre outros materiais para um atendimento r\u00e1pido at\u00e9 a chegada do servi\u00e7o especializado. Os ve\u00edculos ser\u00e3o distribu\u00eddos em todo o estado de S\u00e3o Paulo.<\/div>\n<\/div>\n<\/div>\n","protected":false},"excerpt":{"rendered":"<p>Treinamento come\u00e7ou nesta segunda-feira e vai atingir cerca de 800<\/p>\n","protected":false},"author":2,"featured_media":106789,"comment_status":"open","ping_status":"open","sticky":false,"template":"","format":"standard","meta":{"footnotes":""},"categories":[7,23],"tags":[],"class_list":["post-106788","post","type-post","status-publish","format-standard","has-post-thumbnail","hentry","category-estado-de-sao-paulo","category-policia"],"yoast_head":"<!-- This site is optimized with the Yoast SEO plugin v27.4 - https:\/\/yoast.com\/product\/yoast-seo-wordpress\/ -->\n<title>Governo de SP inicia capacita\u00e7\u00e3o de policiais da Ronda Escolar - Regi\u00e3o News<\/title>\n<meta name=\"robots\" content=\"index, follow, max-snippet:-1, max-image-preview:large, max-video-preview:-1\" \/>\n<link rel=\"canonical\" href=\"https:\/\/regiaonews.net.br\/2022\/2024\/06\/24\/governo-de-sp-inicia-capacitacao-de-policiais-da-ronda-escolar\/\" \/>\n<meta property=\"og:locale\" content=\"pt_BR\" \/>\n<meta property=\"og:type\" content=\"article\" \/>\n<meta property=\"og:title\" content=\"Governo de SP inicia capacita\u00e7\u00e3o de policiais da Ronda Escolar - Regi\u00e3o News\" \/>\n<meta property=\"og:description\" content=\"Treinamento come\u00e7ou nesta segunda-feira e vai atingir cerca de 800\" \/>\n<meta property=\"og:url\" content=\"https:\/\/regiaonews.net.br\/2022\/2024\/06\/24\/governo-de-sp-inicia-capacitacao-de-policiais-da-ronda-escolar\/\" \/>\n<meta property=\"og:site_name\" content=\"Regi\u00e3o News\" \/>\n<meta property=\"article:published_time\" content=\"2024-06-24T22:21:19+00:00\" \/>\n<meta property=\"og:image\" content=\"https:\/\/regiaonews.net.br\/2022\/wp-content\/uploads\/2024\/06\/00055255.jpeg\" \/>\n\t<meta property=\"og:image:width\" content=\"1280\" \/>\n\t<meta property=\"og:image:height\" content=\"814\" \/>\n\t<meta property=\"og:image:type\" content=\"image\/jpeg\" \/>\n<meta name=\"author\" content=\"Roberto\" \/>\n<meta name=\"twitter:card\" content=\"summary_large_image\" \/>\n<meta name=\"twitter:label1\" content=\"Escrito por\" \/>\n\t<meta name=\"twitter:data1\" content=\"Roberto\" \/>\n\t<meta name=\"twitter:label2\" content=\"Est. tempo de leitura\" \/>\n\t<meta name=\"twitter:data2\" content=\"3 minutos\" \/>\n<script type=\"application\/ld+json\" class=\"yoast-schema-graph\">{\"@context\":\"https:\\\/\\\/schema.org\",\"@graph\":[{\"@type\":\"Article\",\"@id\":\"https:\\\/\\\/regiaonews.net.br\\\/2022\\\/2024\\\/06\\\/24\\\/governo-de-sp-inicia-capacitacao-de-policiais-da-ronda-escolar\\\/#article\",\"isPartOf\":{\"@id\":\"https:\\\/\\\/regiaonews.net.br\\\/2022\\\/2024\\\/06\\\/24\\\/governo-de-sp-inicia-capacitacao-de-policiais-da-ronda-escolar\\\/\"},\"author\":{\"name\":\"Roberto\",\"@id\":\"https:\\\/\\\/regiaonews.net.br\\\/2022\\\/#\\\/schema\\\/person\\\/2d205a608a5aa97ac279d7a5e6d89ad8\"},\"headline\":\"Governo de SP inicia capacita\u00e7\u00e3o de policiais da Ronda Escolar\",\"datePublished\":\"2024-06-24T22:21:19+00:00\",\"mainEntityOfPage\":{\"@id\":\"https:\\\/\\\/regiaonews.net.br\\\/2022\\\/2024\\\/06\\\/24\\\/governo-de-sp-inicia-capacitacao-de-policiais-da-ronda-escolar\\\/\"},\"wordCount\":535,\"commentCount\":0,\"publisher\":{\"@id\":\"https:\\\/\\\/regiaonews.net.br\\\/2022\\\/#organization\"},\"image\":{\"@id\":\"https:\\\/\\\/regiaonews.net.br\\\/2022\\\/2024\\\/06\\\/24\\\/governo-de-sp-inicia-capacitacao-de-policiais-da-ronda-escolar\\\/#primaryimage\"},\"thumbnailUrl\":\"https:\\\/\\\/regiaonews.net.br\\\/2022\\\/wp-content\\\/uploads\\\/2024\\\/06\\\/00055255.jpeg\",\"articleSection\":[\"Estado de S\u00e3o Paulo\",\"Policia\"],\"inLanguage\":\"pt-BR\",\"potentialAction\":[{\"@type\":\"CommentAction\",\"name\":\"Comment\",\"target\":[\"https:\\\/\\\/regiaonews.net.br\\\/2022\\\/2024\\\/06\\\/24\\\/governo-de-sp-inicia-capacitacao-de-policiais-da-ronda-escolar\\\/#respond\"]}]},{\"@type\":\"WebPage\",\"@id\":\"https:\\\/\\\/regiaonews.net.br\\\/2022\\\/2024\\\/06\\\/24\\\/governo-de-sp-inicia-capacitacao-de-policiais-da-ronda-escolar\\\/\",\"url\":\"https:\\\/\\\/regiaonews.net.br\\\/2022\\\/2024\\\/06\\\/24\\\/governo-de-sp-inicia-capacitacao-de-policiais-da-ronda-escolar\\\/\",\"name\":\"Governo de SP inicia capacita\u00e7\u00e3o de policiais da Ronda Escolar - Regi\u00e3o News\",\"isPartOf\":{\"@id\":\"https:\\\/\\\/regiaonews.net.br\\\/2022\\\/#website\"},\"primaryImageOfPage\":{\"@id\":\"https:\\\/\\\/regiaonews.net.br\\\/2022\\\/2024\\\/06\\\/24\\\/governo-de-sp-inicia-capacitacao-de-policiais-da-ronda-escolar\\\/#primaryimage\"},\"image\":{\"@id\":\"https:\\\/\\\/regiaonews.net.br\\\/2022\\\/2024\\\/06\\\/24\\\/governo-de-sp-inicia-capacitacao-de-policiais-da-ronda-escolar\\\/#primaryimage\"},\"thumbnailUrl\":\"https:\\\/\\\/regiaonews.net.br\\\/2022\\\/wp-content\\\/uploads\\\/2024\\\/06\\\/00055255.jpeg\",\"datePublished\":\"2024-06-24T22:21:19+00:00\",\"breadcrumb\":{\"@id\":\"https:\\\/\\\/regiaonews.net.br\\\/2022\\\/2024\\\/06\\\/24\\\/governo-de-sp-inicia-capacitacao-de-policiais-da-ronda-escolar\\\/#breadcrumb\"},\"inLanguage\":\"pt-BR\",\"potentialAction\":[{\"@type\":\"ReadAction\",\"target\":[\"https:\\\/\\\/regiaonews.net.br\\\/2022\\\/2024\\\/06\\\/24\\\/governo-de-sp-inicia-capacitacao-de-policiais-da-ronda-escolar\\\/\"]}]},{\"@type\":\"ImageObject\",\"inLanguage\":\"pt-BR\",\"@id\":\"https:\\\/\\\/regiaonews.net.br\\\/2022\\\/2024\\\/06\\\/24\\\/governo-de-sp-inicia-capacitacao-de-policiais-da-ronda-escolar\\\/#primaryimage\",\"url\":\"https:\\\/\\\/regiaonews.net.br\\\/2022\\\/wp-content\\\/uploads\\\/2024\\\/06\\\/00055255.jpeg\",\"contentUrl\":\"https:\\\/\\\/regiaonews.net.br\\\/2022\\\/wp-content\\\/uploads\\\/2024\\\/06\\\/00055255.jpeg\",\"width\":1280,\"height\":814},{\"@type\":\"BreadcrumbList\",\"@id\":\"https:\\\/\\\/regiaonews.net.br\\\/2022\\\/2024\\\/06\\\/24\\\/governo-de-sp-inicia-capacitacao-de-policiais-da-ronda-escolar\\\/#breadcrumb\",\"itemListElement\":[{\"@type\":\"ListItem\",\"position\":1,\"name\":\"In\u00edcio\",\"item\":\"https:\\\/\\\/regiaonews.net.br\\\/2022\\\/\"},{\"@type\":\"ListItem\",\"position\":2,\"name\":\"Governo de SP inicia capacita\u00e7\u00e3o de policiais da Ronda Escolar\"}]},{\"@type\":\"WebSite\",\"@id\":\"https:\\\/\\\/regiaonews.net.br\\\/2022\\\/#website\",\"url\":\"https:\\\/\\\/regiaonews.net.br\\\/2022\\\/\",\"name\":\"Regi\u00e3o News\",\"description\":\"Site de Not\u00edcias de Barretos e regi\u00e3o\",\"publisher\":{\"@id\":\"https:\\\/\\\/regiaonews.net.br\\\/2022\\\/#organization\"},\"potentialAction\":[{\"@type\":\"SearchAction\",\"target\":{\"@type\":\"EntryPoint\",\"urlTemplate\":\"https:\\\/\\\/regiaonews.net.br\\\/2022\\\/?s={search_term_string}\"},\"query-input\":{\"@type\":\"PropertyValueSpecification\",\"valueRequired\":true,\"valueName\":\"search_term_string\"}}],\"inLanguage\":\"pt-BR\"},{\"@type\":\"Organization\",\"@id\":\"https:\\\/\\\/regiaonews.net.br\\\/2022\\\/#organization\",\"name\":\"Regi\u00e3o News\",\"url\":\"https:\\\/\\\/regiaonews.net.br\\\/2022\\\/\",\"logo\":{\"@type\":\"ImageObject\",\"inLanguage\":\"pt-BR\",\"@id\":\"https:\\\/\\\/regiaonews.net.br\\\/2022\\\/#\\\/schema\\\/logo\\\/image\\\/\",\"url\":\"https:\\\/\\\/regiaonews.net.br\\\/2022\\\/wp-content\\\/uploads\\\/2026\\\/03\\\/regiao-13-anos-scaled.jpg\",\"contentUrl\":\"https:\\\/\\\/regiaonews.net.br\\\/2022\\\/wp-content\\\/uploads\\\/2026\\\/03\\\/regiao-13-anos-scaled.jpg\",\"width\":2560,\"height\":635,\"caption\":\"Regi\u00e3o News\"},\"image\":{\"@id\":\"https:\\\/\\\/regiaonews.net.br\\\/2022\\\/#\\\/schema\\\/logo\\\/image\\\/\"}},{\"@type\":\"Person\",\"@id\":\"https:\\\/\\\/regiaonews.net.br\\\/2022\\\/#\\\/schema\\\/person\\\/2d205a608a5aa97ac279d7a5e6d89ad8\",\"name\":\"Roberto\",\"image\":{\"@type\":\"ImageObject\",\"inLanguage\":\"pt-BR\",\"@id\":\"https:\\\/\\\/secure.gravatar.com\\\/avatar\\\/42749d8b712ff9d59ca93dc150494e5b55a44134482993f5baeb97e61b7ecc89?s=96&d=mm&r=g\",\"url\":\"https:\\\/\\\/secure.gravatar.com\\\/avatar\\\/42749d8b712ff9d59ca93dc150494e5b55a44134482993f5baeb97e61b7ecc89?s=96&d=mm&r=g\",\"contentUrl\":\"https:\\\/\\\/secure.gravatar.com\\\/avatar\\\/42749d8b712ff9d59ca93dc150494e5b55a44134482993f5baeb97e61b7ecc89?s=96&d=mm&r=g\",\"caption\":\"Roberto\"},\"url\":\"https:\\\/\\\/regiaonews.net.br\\\/2022\\\/author\\\/roberto\\\/\"}]}<\/script>\n<!-- \/ Yoast SEO plugin. -->","yoast_head_json":{"title":"Governo de SP inicia capacita\u00e7\u00e3o de policiais da Ronda Escolar - Regi\u00e3o News","robots":{"index":"index","follow":"follow","max-snippet":"max-snippet:-1","max-image-preview":"max-image-preview:large","max-video-preview":"max-video-preview:-1"},"canonical":"https:\/\/regiaonews.net.br\/2022\/2024\/06\/24\/governo-de-sp-inicia-capacitacao-de-policiais-da-ronda-escolar\/","og_locale":"pt_BR","og_type":"article","og_title":"Governo de SP inicia capacita\u00e7\u00e3o de policiais da Ronda Escolar - Regi\u00e3o News","og_description":"Treinamento come\u00e7ou nesta segunda-feira e vai atingir cerca de 800","og_url":"https:\/\/regiaonews.net.br\/2022\/2024\/06\/24\/governo-de-sp-inicia-capacitacao-de-policiais-da-ronda-escolar\/","og_site_name":"Regi\u00e3o News","article_published_time":"2024-06-24T22:21:19+00:00","og_image":[{"width":1280,"height":814,"url":"https:\/\/regiaonews.net.br\/2022\/wp-content\/uploads\/2024\/06\/00055255.jpeg","type":"image\/jpeg"}],"author":"Roberto","twitter_card":"summary_large_image","twitter_misc":{"Escrito por":"Roberto","Est. tempo de leitura":"3 minutos"},"schema":{"@context":"https:\/\/schema.org","@graph":[{"@type":"Article","@id":"https:\/\/regiaonews.net.br\/2022\/2024\/06\/24\/governo-de-sp-inicia-capacitacao-de-policiais-da-ronda-escolar\/#article","isPartOf":{"@id":"https:\/\/regiaonews.net.br\/2022\/2024\/06\/24\/governo-de-sp-inicia-capacitacao-de-policiais-da-ronda-escolar\/"},"author":{"name":"Roberto","@id":"https:\/\/regiaonews.net.br\/2022\/#\/schema\/person\/2d205a608a5aa97ac279d7a5e6d89ad8"},"headline":"Governo de SP inicia capacita\u00e7\u00e3o de policiais da Ronda Escolar","datePublished":"2024-06-24T22:21:19+00:00","mainEntityOfPage":{"@id":"https:\/\/regiaonews.net.br\/2022\/2024\/06\/24\/governo-de-sp-inicia-capacitacao-de-policiais-da-ronda-escolar\/"},"wordCount":535,"commentCount":0,"publisher":{"@id":"https:\/\/regiaonews.net.br\/2022\/#organization"},"image":{"@id":"https:\/\/regiaonews.net.br\/2022\/2024\/06\/24\/governo-de-sp-inicia-capacitacao-de-policiais-da-ronda-escolar\/#primaryimage"},"thumbnailUrl":"https:\/\/regiaonews.net.br\/2022\/wp-content\/uploads\/2024\/06\/00055255.jpeg","articleSection":["Estado de S\u00e3o Paulo","Policia"],"inLanguage":"pt-BR","potentialAction":[{"@type":"CommentAction","name":"Comment","target":["https:\/\/regiaonews.net.br\/2022\/2024\/06\/24\/governo-de-sp-inicia-capacitacao-de-policiais-da-ronda-escolar\/#respond"]}]},{"@type":"WebPage","@id":"https:\/\/regiaonews.net.br\/2022\/2024\/06\/24\/governo-de-sp-inicia-capacitacao-de-policiais-da-ronda-escolar\/","url":"https:\/\/regiaonews.net.br\/2022\/2024\/06\/24\/governo-de-sp-inicia-capacitacao-de-policiais-da-ronda-escolar\/","name":"Governo de SP inicia capacita\u00e7\u00e3o de policiais da Ronda Escolar - Regi\u00e3o News","isPartOf":{"@id":"https:\/\/regiaonews.net.br\/2022\/#website"},"primaryImageOfPage":{"@id":"https:\/\/regiaonews.net.br\/2022\/2024\/06\/24\/governo-de-sp-inicia-capacitacao-de-policiais-da-ronda-escolar\/#primaryimage"},"image":{"@id":"https:\/\/regiaonews.net.br\/2022\/2024\/06\/24\/governo-de-sp-inicia-capacitacao-de-policiais-da-ronda-escolar\/#primaryimage"},"thumbnailUrl":"https:\/\/regiaonews.net.br\/2022\/wp-content\/uploads\/2024\/06\/00055255.jpeg","datePublished":"2024-06-24T22:21:19+00:00","breadcrumb":{"@id":"https:\/\/regiaonews.net.br\/2022\/2024\/06\/24\/governo-de-sp-inicia-capacitacao-de-policiais-da-ronda-escolar\/#breadcrumb"},"inLanguage":"pt-BR","potentialAction":[{"@type":"ReadAction","target":["https:\/\/regiaonews.net.br\/2022\/2024\/06\/24\/governo-de-sp-inicia-capacitacao-de-policiais-da-ronda-escolar\/"]}]},{"@type":"ImageObject","inLanguage":"pt-BR","@id":"https:\/\/regiaonews.net.br\/2022\/2024\/06\/24\/governo-de-sp-inicia-capacitacao-de-policiais-da-ronda-escolar\/#primaryimage","url":"https:\/\/regiaonews.net.br\/2022\/wp-content\/uploads\/2024\/06\/00055255.jpeg","contentUrl":"https:\/\/regiaonews.net.br\/2022\/wp-content\/uploads\/2024\/06\/00055255.jpeg","width":1280,"height":814},{"@type":"BreadcrumbList","@id":"https:\/\/regiaonews.net.br\/2022\/2024\/06\/24\/governo-de-sp-inicia-capacitacao-de-policiais-da-ronda-escolar\/#breadcrumb","itemListElement":[{"@type":"ListItem","position":1,"name":"In\u00edcio","item":"https:\/\/regiaonews.net.br\/2022\/"},{"@type":"ListItem","position":2,"name":"Governo de SP inicia capacita\u00e7\u00e3o de policiais da Ronda Escolar"}]},{"@type":"WebSite","@id":"https:\/\/regiaonews.net.br\/2022\/#website","url":"https:\/\/regiaonews.net.br\/2022\/","name":"Regi\u00e3o News","description":"Site de Not\u00edcias de Barretos e regi\u00e3o","publisher":{"@id":"https:\/\/regiaonews.net.br\/2022\/#organization"},"potentialAction":[{"@type":"SearchAction","target":{"@type":"EntryPoint","urlTemplate":"https:\/\/regiaonews.net.br\/2022\/?s={search_term_string}"},"query-input":{"@type":"PropertyValueSpecification","valueRequired":true,"valueName":"search_term_string"}}],"inLanguage":"pt-BR"},{"@type":"Organization","@id":"https:\/\/regiaonews.net.br\/2022\/#organization","name":"Regi\u00e3o News","url":"https:\/\/regiaonews.net.br\/2022\/","logo":{"@type":"ImageObject","inLanguage":"pt-BR","@id":"https:\/\/regiaonews.net.br\/2022\/#\/schema\/logo\/image\/","url":"https:\/\/regiaonews.net.br\/2022\/wp-content\/uploads\/2026\/03\/regiao-13-anos-scaled.jpg","contentUrl":"https:\/\/regiaonews.net.br\/2022\/wp-content\/uploads\/2026\/03\/regiao-13-anos-scaled.jpg","width":2560,"height":635,"caption":"Regi\u00e3o News"},"image":{"@id":"https:\/\/regiaonews.net.br\/2022\/#\/schema\/logo\/image\/"}},{"@type":"Person","@id":"https:\/\/regiaonews.net.br\/2022\/#\/schema\/person\/2d205a608a5aa97ac279d7a5e6d89ad8","name":"Roberto","image":{"@type":"ImageObject","inLanguage":"pt-BR","@id":"https:\/\/secure.gravatar.com\/avatar\/42749d8b712ff9d59ca93dc150494e5b55a44134482993f5baeb97e61b7ecc89?s=96&d=mm&r=g","url":"https:\/\/secure.gravatar.com\/avatar\/42749d8b712ff9d59ca93dc150494e5b55a44134482993f5baeb97e61b7ecc89?s=96&d=mm&r=g","contentUrl":"https:\/\/secure.gravatar.com\/avatar\/42749d8b712ff9d59ca93dc150494e5b55a44134482993f5baeb97e61b7ecc89?s=96&d=mm&r=g","caption":"Roberto"},"url":"https:\/\/regiaonews.net.br\/2022\/author\/roberto\/"}]}},"publishpress_future_action":{"enabled":false,"date":"2026-05-03 02:53:28","action":"change-status","newStatus":"draft","terms":[],"taxonomy":"category","extraData":[]},"publishpress_future_workflow_manual_trigger":{"enabledWorkflows":[]},"_links":{"self":[{"href":"https:\/\/regiaonews.net.br\/2022\/wp-json\/wp\/v2\/posts\/106788","targetHints":{"allow":["GET"]}}],"collection":[{"href":"https:\/\/regiaonews.net.br\/2022\/wp-json\/wp\/v2\/posts"}],"about":[{"href":"https:\/\/regiaonews.net.br\/2022\/wp-json\/wp\/v2\/types\/post"}],"author":[{"embeddable":true,"href":"https:\/\/regiaonews.net.br\/2022\/wp-json\/wp\/v2\/users\/2"}],"replies":[{"embeddable":true,"href":"https:\/\/regiaonews.net.br\/2022\/wp-json\/wp\/v2\/comments?post=106788"}],"version-history":[{"count":1,"href":"https:\/\/regiaonews.net.br\/2022\/wp-json\/wp\/v2\/posts\/106788\/revisions"}],"predecessor-version":[{"id":106790,"href":"https:\/\/regiaonews.net.br\/2022\/wp-json\/wp\/v2\/posts\/106788\/revisions\/106790"}],"wp:featuredmedia":[{"embeddable":true,"href":"https:\/\/regiaonews.net.br\/2022\/wp-json\/wp\/v2\/media\/106789"}],"wp:attachment":[{"href":"https:\/\/regiaonews.net.br\/2022\/wp-json\/wp\/v2\/media?parent=106788"}],"wp:term":[{"taxonomy":"category","embeddable":true,"href":"https:\/\/regiaonews.net.br\/2022\/wp-json\/wp\/v2\/categories?post=106788"},{"taxonomy":"post_tag","embeddable":true,"href":"https:\/\/regiaonews.net.br\/2022\/wp-json\/wp\/v2\/tags?post=106788"}],"curies":[{"name":"wp","href":"https:\/\/api.w.org\/{rel}","templated":true}]}}