{"id":106778,"date":"2024-06-24T17:53:01","date_gmt":"2024-06-24T20:53:01","guid":{"rendered":"https:\/\/regiaonews.net.br\/2022\/?p=106778"},"modified":"2024-06-24T17:53:13","modified_gmt":"2024-06-24T20:53:13","slug":"operacao-da-policia-ambiental-e-defesa-agropecuaria-termina-com-apreensao-4-mil-kg-de-pescados","status":"publish","type":"post","link":"https:\/\/regiaonews.net.br\/2022\/2024\/06\/24\/operacao-da-policia-ambiental-e-defesa-agropecuaria-termina-com-apreensao-4-mil-kg-de-pescados\/","title":{"rendered":"Opera\u00e7\u00e3o da Pol\u00edcia Ambiental e Defesa Agropecu\u00e1ria termina com apreens\u00e3o 4 mil kg de pescados"},"content":{"rendered":"<p>A Pol\u00edcia Militar Ambiental e o \u00a0Escrit\u00f3rio de Defesa Agropecu\u00e1ria\u00a0de Barretos, apreendeu na segunda \u2013 feira (24),\u00a04.300 quilos de pescado encontrados em beneficiamento irregular\u00a0num barrac\u00e3o em Guaraci. Os sargentos Amate, Devechi e cabo Diogo e a equipe do Escrit\u00f3rio de Defesa Agropecu\u00e1ria localizaram uma grande quantidade de pescados em fil\u00e9,\u00a04.300 quilos da esp\u00e9cie ex\u00f3tica til\u00f3pia e porquinho e ainda identificaram 2.800 quilos til\u00e1pias in natura, ainda n\u00e3o beneficiados, e cerca de 300 quilos de pescados nativos in natura das esp\u00e9cies curimbat\u00e1, barbado e pacu caranha.<\/p>\n<p>Durante a fiscaliza\u00e7\u00e3o\u00a0n\u00e3o foi constatada irregularidade em rela\u00e7\u00e3o aos pescados nativos, uma vez que o propriet\u00e1rio \u00e9 pescador profissional e\u00a0os peixes nativos estavam na medida permitida.<\/p>\n<p>Cabe salientar que foi apresentada nota fiscal dos pescados ex\u00f3ticos.<\/p>\n<p>O propriet\u00e1rio do empreendimento n\u00e3o possu\u00eda autoriza\u00e7\u00e3o do \u00f3rg\u00e3o respons\u00e1vel, para realizar a atividade de beneficiamento do pescado, diante dos fatos foi realizado autua\u00e7\u00e3o da equipe da Defesa Agropecu\u00e1ria, com base no inciso XIV, do artigo 10 da lei 17 373 de 2021.<\/p>\n<p>Foi realizada a apreens\u00e3o dos 4.300 quilos de pescado beneficiado, por estar em desacordo com as regras da vigil\u00e2ncia sanit\u00e1ria, tornando-se impr\u00f3prio para o consumo humano.<\/p>\n<p>&nbsp;<\/p>\n<p><a href=\"https:\/\/regiaonews.net.br\/2022\/wp-content\/uploads\/2024\/06\/WhatsApp-Image-2024-06-24-at-15.26.06-1.jpeg\"><img loading=\"lazy\" decoding=\"async\" class=\"alignnone size-medium wp-image-106779\" src=\"https:\/\/regiaonews.net.br\/2022\/wp-content\/uploads\/2024\/06\/WhatsApp-Image-2024-06-24-at-15.26.06-1-300x135.jpeg\" alt=\"\" width=\"300\" height=\"135\" srcset=\"https:\/\/regiaonews.net.br\/2022\/wp-content\/uploads\/2024\/06\/WhatsApp-Image-2024-06-24-at-15.26.06-1-300x135.jpeg 300w, https:\/\/regiaonews.net.br\/2022\/wp-content\/uploads\/2024\/06\/WhatsApp-Image-2024-06-24-at-15.26.06-1-1024x461.jpeg 1024w, https:\/\/regiaonews.net.br\/2022\/wp-content\/uploads\/2024\/06\/WhatsApp-Image-2024-06-24-at-15.26.06-1-768x346.jpeg 768w, https:\/\/regiaonews.net.br\/2022\/wp-content\/uploads\/2024\/06\/WhatsApp-Image-2024-06-24-at-15.26.06-1-250x113.jpeg 250w, https:\/\/regiaonews.net.br\/2022\/wp-content\/uploads\/2024\/06\/WhatsApp-Image-2024-06-24-at-15.26.06-1.jpeg 1280w\" sizes=\"auto, (max-width: 300px) 100vw, 300px\" \/><\/a><\/p>\n","protected":false},"excerpt":{"rendered":"<p>A Pol\u00edcia Militar Ambiental e o \u00a0Escrit\u00f3rio de Defesa Agropecu\u00e1ria\u00a0de<\/p>\n","protected":false},"author":2,"featured_media":106780,"comment_status":"open","ping_status":"open","sticky":false,"template":"","format":"standard","meta":{"footnotes":""},"categories":[9,23],"tags":[],"class_list":["post-106778","post","type-post","status-publish","format-standard","has-post-thumbnail","hentry","category-guaraci","category-policia"],"yoast_head":"<!-- This site is optimized with the Yoast SEO plugin v27.4 - https:\/\/yoast.com\/product\/yoast-seo-wordpress\/ -->\n<title>Opera\u00e7\u00e3o da Pol\u00edcia Ambiental e Defesa Agropecu\u00e1ria termina com apreens\u00e3o 4 mil kg de pescados - Regi\u00e3o News<\/title>\n<meta name=\"robots\" content=\"index, follow, max-snippet:-1, max-image-preview:large, max-video-preview:-1\" \/>\n<link rel=\"canonical\" href=\"https:\/\/regiaonews.net.br\/2022\/2024\/06\/24\/operacao-da-policia-ambiental-e-defesa-agropecuaria-termina-com-apreensao-4-mil-kg-de-pescados\/\" \/>\n<meta property=\"og:locale\" content=\"pt_BR\" \/>\n<meta property=\"og:type\" content=\"article\" \/>\n<meta property=\"og:title\" content=\"Opera\u00e7\u00e3o da Pol\u00edcia Ambiental e Defesa Agropecu\u00e1ria termina com apreens\u00e3o 4 mil kg de pescados - Regi\u00e3o News\" \/>\n<meta property=\"og:description\" content=\"A Pol\u00edcia Militar Ambiental e o \u00a0Escrit\u00f3rio de Defesa Agropecu\u00e1ria\u00a0de\" \/>\n<meta property=\"og:url\" content=\"https:\/\/regiaonews.net.br\/2022\/2024\/06\/24\/operacao-da-policia-ambiental-e-defesa-agropecuaria-termina-com-apreensao-4-mil-kg-de-pescados\/\" \/>\n<meta property=\"og:site_name\" content=\"Regi\u00e3o News\" \/>\n<meta property=\"article:published_time\" content=\"2024-06-24T20:53:01+00:00\" \/>\n<meta property=\"article:modified_time\" content=\"2024-06-24T20:53:13+00:00\" \/>\n<meta property=\"og:image\" content=\"https:\/\/regiaonews.net.br\/2022\/wp-content\/uploads\/2024\/06\/WhatsApp-Image-2024-06-24-at-15.26.06.jpeg\" \/>\n\t<meta property=\"og:image:width\" content=\"1600\" \/>\n\t<meta property=\"og:image:height\" content=\"900\" \/>\n\t<meta property=\"og:image:type\" content=\"image\/jpeg\" \/>\n<meta name=\"author\" content=\"Roberto\" \/>\n<meta name=\"twitter:card\" content=\"summary_large_image\" \/>\n<meta name=\"twitter:label1\" content=\"Escrito por\" \/>\n\t<meta name=\"twitter:data1\" content=\"Roberto\" \/>\n\t<meta name=\"twitter:label2\" content=\"Est. tempo de leitura\" \/>\n\t<meta name=\"twitter:data2\" content=\"2 minutos\" \/>\n<script type=\"application\/ld+json\" class=\"yoast-schema-graph\">{\"@context\":\"https:\\\/\\\/schema.org\",\"@graph\":[{\"@type\":\"Article\",\"@id\":\"https:\\\/\\\/regiaonews.net.br\\\/2022\\\/2024\\\/06\\\/24\\\/operacao-da-policia-ambiental-e-defesa-agropecuaria-termina-com-apreensao-4-mil-kg-de-pescados\\\/#article\",\"isPartOf\":{\"@id\":\"https:\\\/\\\/regiaonews.net.br\\\/2022\\\/2024\\\/06\\\/24\\\/operacao-da-policia-ambiental-e-defesa-agropecuaria-termina-com-apreensao-4-mil-kg-de-pescados\\\/\"},\"author\":{\"name\":\"Roberto\",\"@id\":\"https:\\\/\\\/regiaonews.net.br\\\/2022\\\/#\\\/schema\\\/person\\\/2d205a608a5aa97ac279d7a5e6d89ad8\"},\"headline\":\"Opera\u00e7\u00e3o da Pol\u00edcia Ambiental e Defesa Agropecu\u00e1ria termina com apreens\u00e3o 4 mil kg de pescados\",\"datePublished\":\"2024-06-24T20:53:01+00:00\",\"dateModified\":\"2024-06-24T20:53:13+00:00\",\"mainEntityOfPage\":{\"@id\":\"https:\\\/\\\/regiaonews.net.br\\\/2022\\\/2024\\\/06\\\/24\\\/operacao-da-policia-ambiental-e-defesa-agropecuaria-termina-com-apreensao-4-mil-kg-de-pescados\\\/\"},\"wordCount\":232,\"commentCount\":0,\"publisher\":{\"@id\":\"https:\\\/\\\/regiaonews.net.br\\\/2022\\\/#organization\"},\"image\":{\"@id\":\"https:\\\/\\\/regiaonews.net.br\\\/2022\\\/2024\\\/06\\\/24\\\/operacao-da-policia-ambiental-e-defesa-agropecuaria-termina-com-apreensao-4-mil-kg-de-pescados\\\/#primaryimage\"},\"thumbnailUrl\":\"https:\\\/\\\/regiaonews.net.br\\\/2022\\\/wp-content\\\/uploads\\\/2024\\\/06\\\/WhatsApp-Image-2024-06-24-at-15.26.06.jpeg\",\"articleSection\":[\"Guaraci\",\"Policia\"],\"inLanguage\":\"pt-BR\",\"potentialAction\":[{\"@type\":\"CommentAction\",\"name\":\"Comment\",\"target\":[\"https:\\\/\\\/regiaonews.net.br\\\/2022\\\/2024\\\/06\\\/24\\\/operacao-da-policia-ambiental-e-defesa-agropecuaria-termina-com-apreensao-4-mil-kg-de-pescados\\\/#respond\"]}]},{\"@type\":\"WebPage\",\"@id\":\"https:\\\/\\\/regiaonews.net.br\\\/2022\\\/2024\\\/06\\\/24\\\/operacao-da-policia-ambiental-e-defesa-agropecuaria-termina-com-apreensao-4-mil-kg-de-pescados\\\/\",\"url\":\"https:\\\/\\\/regiaonews.net.br\\\/2022\\\/2024\\\/06\\\/24\\\/operacao-da-policia-ambiental-e-defesa-agropecuaria-termina-com-apreensao-4-mil-kg-de-pescados\\\/\",\"name\":\"Opera\u00e7\u00e3o da Pol\u00edcia Ambiental e Defesa Agropecu\u00e1ria termina com apreens\u00e3o 4 mil kg de pescados - Regi\u00e3o News\",\"isPartOf\":{\"@id\":\"https:\\\/\\\/regiaonews.net.br\\\/2022\\\/#website\"},\"primaryImageOfPage\":{\"@id\":\"https:\\\/\\\/regiaonews.net.br\\\/2022\\\/2024\\\/06\\\/24\\\/operacao-da-policia-ambiental-e-defesa-agropecuaria-termina-com-apreensao-4-mil-kg-de-pescados\\\/#primaryimage\"},\"image\":{\"@id\":\"https:\\\/\\\/regiaonews.net.br\\\/2022\\\/2024\\\/06\\\/24\\\/operacao-da-policia-ambiental-e-defesa-agropecuaria-termina-com-apreensao-4-mil-kg-de-pescados\\\/#primaryimage\"},\"thumbnailUrl\":\"https:\\\/\\\/regiaonews.net.br\\\/2022\\\/wp-content\\\/uploads\\\/2024\\\/06\\\/WhatsApp-Image-2024-06-24-at-15.26.06.jpeg\",\"datePublished\":\"2024-06-24T20:53:01+00:00\",\"dateModified\":\"2024-06-24T20:53:13+00:00\",\"breadcrumb\":{\"@id\":\"https:\\\/\\\/regiaonews.net.br\\\/2022\\\/2024\\\/06\\\/24\\\/operacao-da-policia-ambiental-e-defesa-agropecuaria-termina-com-apreensao-4-mil-kg-de-pescados\\\/#breadcrumb\"},\"inLanguage\":\"pt-BR\",\"potentialAction\":[{\"@type\":\"ReadAction\",\"target\":[\"https:\\\/\\\/regiaonews.net.br\\\/2022\\\/2024\\\/06\\\/24\\\/operacao-da-policia-ambiental-e-defesa-agropecuaria-termina-com-apreensao-4-mil-kg-de-pescados\\\/\"]}]},{\"@type\":\"ImageObject\",\"inLanguage\":\"pt-BR\",\"@id\":\"https:\\\/\\\/regiaonews.net.br\\\/2022\\\/2024\\\/06\\\/24\\\/operacao-da-policia-ambiental-e-defesa-agropecuaria-termina-com-apreensao-4-mil-kg-de-pescados\\\/#primaryimage\",\"url\":\"https:\\\/\\\/regiaonews.net.br\\\/2022\\\/wp-content\\\/uploads\\\/2024\\\/06\\\/WhatsApp-Image-2024-06-24-at-15.26.06.jpeg\",\"contentUrl\":\"https:\\\/\\\/regiaonews.net.br\\\/2022\\\/wp-content\\\/uploads\\\/2024\\\/06\\\/WhatsApp-Image-2024-06-24-at-15.26.06.jpeg\",\"width\":1600,\"height\":900},{\"@type\":\"BreadcrumbList\",\"@id\":\"https:\\\/\\\/regiaonews.net.br\\\/2022\\\/2024\\\/06\\\/24\\\/operacao-da-policia-ambiental-e-defesa-agropecuaria-termina-com-apreensao-4-mil-kg-de-pescados\\\/#breadcrumb\",\"itemListElement\":[{\"@type\":\"ListItem\",\"position\":1,\"name\":\"In\u00edcio\",\"item\":\"https:\\\/\\\/regiaonews.net.br\\\/2022\\\/\"},{\"@type\":\"ListItem\",\"position\":2,\"name\":\"Opera\u00e7\u00e3o da Pol\u00edcia Ambiental e Defesa Agropecu\u00e1ria termina com apreens\u00e3o 4 mil kg de pescados\"}]},{\"@type\":\"WebSite\",\"@id\":\"https:\\\/\\\/regiaonews.net.br\\\/2022\\\/#website\",\"url\":\"https:\\\/\\\/regiaonews.net.br\\\/2022\\\/\",\"name\":\"Regi\u00e3o News\",\"description\":\"Site de Not\u00edcias de Barretos e regi\u00e3o\",\"publisher\":{\"@id\":\"https:\\\/\\\/regiaonews.net.br\\\/2022\\\/#organization\"},\"potentialAction\":[{\"@type\":\"SearchAction\",\"target\":{\"@type\":\"EntryPoint\",\"urlTemplate\":\"https:\\\/\\\/regiaonews.net.br\\\/2022\\\/?s={search_term_string}\"},\"query-input\":{\"@type\":\"PropertyValueSpecification\",\"valueRequired\":true,\"valueName\":\"search_term_string\"}}],\"inLanguage\":\"pt-BR\"},{\"@type\":\"Organization\",\"@id\":\"https:\\\/\\\/regiaonews.net.br\\\/2022\\\/#organization\",\"name\":\"Regi\u00e3o News\",\"url\":\"https:\\\/\\\/regiaonews.net.br\\\/2022\\\/\",\"logo\":{\"@type\":\"ImageObject\",\"inLanguage\":\"pt-BR\",\"@id\":\"https:\\\/\\\/regiaonews.net.br\\\/2022\\\/#\\\/schema\\\/logo\\\/image\\\/\",\"url\":\"https:\\\/\\\/regiaonews.net.br\\\/2022\\\/wp-content\\\/uploads\\\/2026\\\/03\\\/regiao-13-anos-scaled.jpg\",\"contentUrl\":\"https:\\\/\\\/regiaonews.net.br\\\/2022\\\/wp-content\\\/uploads\\\/2026\\\/03\\\/regiao-13-anos-scaled.jpg\",\"width\":2560,\"height\":635,\"caption\":\"Regi\u00e3o News\"},\"image\":{\"@id\":\"https:\\\/\\\/regiaonews.net.br\\\/2022\\\/#\\\/schema\\\/logo\\\/image\\\/\"}},{\"@type\":\"Person\",\"@id\":\"https:\\\/\\\/regiaonews.net.br\\\/2022\\\/#\\\/schema\\\/person\\\/2d205a608a5aa97ac279d7a5e6d89ad8\",\"name\":\"Roberto\",\"image\":{\"@type\":\"ImageObject\",\"inLanguage\":\"pt-BR\",\"@id\":\"https:\\\/\\\/secure.gravatar.com\\\/avatar\\\/42749d8b712ff9d59ca93dc150494e5b55a44134482993f5baeb97e61b7ecc89?s=96&d=mm&r=g\",\"url\":\"https:\\\/\\\/secure.gravatar.com\\\/avatar\\\/42749d8b712ff9d59ca93dc150494e5b55a44134482993f5baeb97e61b7ecc89?s=96&d=mm&r=g\",\"contentUrl\":\"https:\\\/\\\/secure.gravatar.com\\\/avatar\\\/42749d8b712ff9d59ca93dc150494e5b55a44134482993f5baeb97e61b7ecc89?s=96&d=mm&r=g\",\"caption\":\"Roberto\"},\"url\":\"https:\\\/\\\/regiaonews.net.br\\\/2022\\\/author\\\/roberto\\\/\"}]}<\/script>\n<!-- \/ Yoast SEO plugin. -->","yoast_head_json":{"title":"Opera\u00e7\u00e3o da Pol\u00edcia Ambiental e Defesa Agropecu\u00e1ria termina com apreens\u00e3o 4 mil kg de pescados - Regi\u00e3o News","robots":{"index":"index","follow":"follow","max-snippet":"max-snippet:-1","max-image-preview":"max-image-preview:large","max-video-preview":"max-video-preview:-1"},"canonical":"https:\/\/regiaonews.net.br\/2022\/2024\/06\/24\/operacao-da-policia-ambiental-e-defesa-agropecuaria-termina-com-apreensao-4-mil-kg-de-pescados\/","og_locale":"pt_BR","og_type":"article","og_title":"Opera\u00e7\u00e3o da Pol\u00edcia Ambiental e Defesa Agropecu\u00e1ria termina com apreens\u00e3o 4 mil kg de pescados - Regi\u00e3o News","og_description":"A Pol\u00edcia Militar Ambiental e o \u00a0Escrit\u00f3rio de Defesa Agropecu\u00e1ria\u00a0de","og_url":"https:\/\/regiaonews.net.br\/2022\/2024\/06\/24\/operacao-da-policia-ambiental-e-defesa-agropecuaria-termina-com-apreensao-4-mil-kg-de-pescados\/","og_site_name":"Regi\u00e3o News","article_published_time":"2024-06-24T20:53:01+00:00","article_modified_time":"2024-06-24T20:53:13+00:00","og_image":[{"width":1600,"height":900,"url":"https:\/\/regiaonews.net.br\/2022\/wp-content\/uploads\/2024\/06\/WhatsApp-Image-2024-06-24-at-15.26.06.jpeg","type":"image\/jpeg"}],"author":"Roberto","twitter_card":"summary_large_image","twitter_misc":{"Escrito por":"Roberto","Est. tempo de leitura":"2 minutos"},"schema":{"@context":"https:\/\/schema.org","@graph":[{"@type":"Article","@id":"https:\/\/regiaonews.net.br\/2022\/2024\/06\/24\/operacao-da-policia-ambiental-e-defesa-agropecuaria-termina-com-apreensao-4-mil-kg-de-pescados\/#article","isPartOf":{"@id":"https:\/\/regiaonews.net.br\/2022\/2024\/06\/24\/operacao-da-policia-ambiental-e-defesa-agropecuaria-termina-com-apreensao-4-mil-kg-de-pescados\/"},"author":{"name":"Roberto","@id":"https:\/\/regiaonews.net.br\/2022\/#\/schema\/person\/2d205a608a5aa97ac279d7a5e6d89ad8"},"headline":"Opera\u00e7\u00e3o da Pol\u00edcia Ambiental e Defesa Agropecu\u00e1ria termina com apreens\u00e3o 4 mil kg de pescados","datePublished":"2024-06-24T20:53:01+00:00","dateModified":"2024-06-24T20:53:13+00:00","mainEntityOfPage":{"@id":"https:\/\/regiaonews.net.br\/2022\/2024\/06\/24\/operacao-da-policia-ambiental-e-defesa-agropecuaria-termina-com-apreensao-4-mil-kg-de-pescados\/"},"wordCount":232,"commentCount":0,"publisher":{"@id":"https:\/\/regiaonews.net.br\/2022\/#organization"},"image":{"@id":"https:\/\/regiaonews.net.br\/2022\/2024\/06\/24\/operacao-da-policia-ambiental-e-defesa-agropecuaria-termina-com-apreensao-4-mil-kg-de-pescados\/#primaryimage"},"thumbnailUrl":"https:\/\/regiaonews.net.br\/2022\/wp-content\/uploads\/2024\/06\/WhatsApp-Image-2024-06-24-at-15.26.06.jpeg","articleSection":["Guaraci","Policia"],"inLanguage":"pt-BR","potentialAction":[{"@type":"CommentAction","name":"Comment","target":["https:\/\/regiaonews.net.br\/2022\/2024\/06\/24\/operacao-da-policia-ambiental-e-defesa-agropecuaria-termina-com-apreensao-4-mil-kg-de-pescados\/#respond"]}]},{"@type":"WebPage","@id":"https:\/\/regiaonews.net.br\/2022\/2024\/06\/24\/operacao-da-policia-ambiental-e-defesa-agropecuaria-termina-com-apreensao-4-mil-kg-de-pescados\/","url":"https:\/\/regiaonews.net.br\/2022\/2024\/06\/24\/operacao-da-policia-ambiental-e-defesa-agropecuaria-termina-com-apreensao-4-mil-kg-de-pescados\/","name":"Opera\u00e7\u00e3o da Pol\u00edcia Ambiental e Defesa Agropecu\u00e1ria termina com apreens\u00e3o 4 mil kg de pescados - Regi\u00e3o News","isPartOf":{"@id":"https:\/\/regiaonews.net.br\/2022\/#website"},"primaryImageOfPage":{"@id":"https:\/\/regiaonews.net.br\/2022\/2024\/06\/24\/operacao-da-policia-ambiental-e-defesa-agropecuaria-termina-com-apreensao-4-mil-kg-de-pescados\/#primaryimage"},"image":{"@id":"https:\/\/regiaonews.net.br\/2022\/2024\/06\/24\/operacao-da-policia-ambiental-e-defesa-agropecuaria-termina-com-apreensao-4-mil-kg-de-pescados\/#primaryimage"},"thumbnailUrl":"https:\/\/regiaonews.net.br\/2022\/wp-content\/uploads\/2024\/06\/WhatsApp-Image-2024-06-24-at-15.26.06.jpeg","datePublished":"2024-06-24T20:53:01+00:00","dateModified":"2024-06-24T20:53:13+00:00","breadcrumb":{"@id":"https:\/\/regiaonews.net.br\/2022\/2024\/06\/24\/operacao-da-policia-ambiental-e-defesa-agropecuaria-termina-com-apreensao-4-mil-kg-de-pescados\/#breadcrumb"},"inLanguage":"pt-BR","potentialAction":[{"@type":"ReadAction","target":["https:\/\/regiaonews.net.br\/2022\/2024\/06\/24\/operacao-da-policia-ambiental-e-defesa-agropecuaria-termina-com-apreensao-4-mil-kg-de-pescados\/"]}]},{"@type":"ImageObject","inLanguage":"pt-BR","@id":"https:\/\/regiaonews.net.br\/2022\/2024\/06\/24\/operacao-da-policia-ambiental-e-defesa-agropecuaria-termina-com-apreensao-4-mil-kg-de-pescados\/#primaryimage","url":"https:\/\/regiaonews.net.br\/2022\/wp-content\/uploads\/2024\/06\/WhatsApp-Image-2024-06-24-at-15.26.06.jpeg","contentUrl":"https:\/\/regiaonews.net.br\/2022\/wp-content\/uploads\/2024\/06\/WhatsApp-Image-2024-06-24-at-15.26.06.jpeg","width":1600,"height":900},{"@type":"BreadcrumbList","@id":"https:\/\/regiaonews.net.br\/2022\/2024\/06\/24\/operacao-da-policia-ambiental-e-defesa-agropecuaria-termina-com-apreensao-4-mil-kg-de-pescados\/#breadcrumb","itemListElement":[{"@type":"ListItem","position":1,"name":"In\u00edcio","item":"https:\/\/regiaonews.net.br\/2022\/"},{"@type":"ListItem","position":2,"name":"Opera\u00e7\u00e3o da Pol\u00edcia Ambiental e Defesa Agropecu\u00e1ria termina com apreens\u00e3o 4 mil kg de pescados"}]},{"@type":"WebSite","@id":"https:\/\/regiaonews.net.br\/2022\/#website","url":"https:\/\/regiaonews.net.br\/2022\/","name":"Regi\u00e3o News","description":"Site de Not\u00edcias de Barretos e regi\u00e3o","publisher":{"@id":"https:\/\/regiaonews.net.br\/2022\/#organization"},"potentialAction":[{"@type":"SearchAction","target":{"@type":"EntryPoint","urlTemplate":"https:\/\/regiaonews.net.br\/2022\/?s={search_term_string}"},"query-input":{"@type":"PropertyValueSpecification","valueRequired":true,"valueName":"search_term_string"}}],"inLanguage":"pt-BR"},{"@type":"Organization","@id":"https:\/\/regiaonews.net.br\/2022\/#organization","name":"Regi\u00e3o News","url":"https:\/\/regiaonews.net.br\/2022\/","logo":{"@type":"ImageObject","inLanguage":"pt-BR","@id":"https:\/\/regiaonews.net.br\/2022\/#\/schema\/logo\/image\/","url":"https:\/\/regiaonews.net.br\/2022\/wp-content\/uploads\/2026\/03\/regiao-13-anos-scaled.jpg","contentUrl":"https:\/\/regiaonews.net.br\/2022\/wp-content\/uploads\/2026\/03\/regiao-13-anos-scaled.jpg","width":2560,"height":635,"caption":"Regi\u00e3o News"},"image":{"@id":"https:\/\/regiaonews.net.br\/2022\/#\/schema\/logo\/image\/"}},{"@type":"Person","@id":"https:\/\/regiaonews.net.br\/2022\/#\/schema\/person\/2d205a608a5aa97ac279d7a5e6d89ad8","name":"Roberto","image":{"@type":"ImageObject","inLanguage":"pt-BR","@id":"https:\/\/secure.gravatar.com\/avatar\/42749d8b712ff9d59ca93dc150494e5b55a44134482993f5baeb97e61b7ecc89?s=96&d=mm&r=g","url":"https:\/\/secure.gravatar.com\/avatar\/42749d8b712ff9d59ca93dc150494e5b55a44134482993f5baeb97e61b7ecc89?s=96&d=mm&r=g","contentUrl":"https:\/\/secure.gravatar.com\/avatar\/42749d8b712ff9d59ca93dc150494e5b55a44134482993f5baeb97e61b7ecc89?s=96&d=mm&r=g","caption":"Roberto"},"url":"https:\/\/regiaonews.net.br\/2022\/author\/roberto\/"}]}},"publishpress_future_action":{"enabled":false,"date":"2026-05-03 02:53:27","action":"change-status","newStatus":"draft","terms":[],"taxonomy":"category","extraData":[]},"publishpress_future_workflow_manual_trigger":{"enabledWorkflows":[]},"_links":{"self":[{"href":"https:\/\/regiaonews.net.br\/2022\/wp-json\/wp\/v2\/posts\/106778","targetHints":{"allow":["GET"]}}],"collection":[{"href":"https:\/\/regiaonews.net.br\/2022\/wp-json\/wp\/v2\/posts"}],"about":[{"href":"https:\/\/regiaonews.net.br\/2022\/wp-json\/wp\/v2\/types\/post"}],"author":[{"embeddable":true,"href":"https:\/\/regiaonews.net.br\/2022\/wp-json\/wp\/v2\/users\/2"}],"replies":[{"embeddable":true,"href":"https:\/\/regiaonews.net.br\/2022\/wp-json\/wp\/v2\/comments?post=106778"}],"version-history":[{"count":1,"href":"https:\/\/regiaonews.net.br\/2022\/wp-json\/wp\/v2\/posts\/106778\/revisions"}],"predecessor-version":[{"id":106781,"href":"https:\/\/regiaonews.net.br\/2022\/wp-json\/wp\/v2\/posts\/106778\/revisions\/106781"}],"wp:featuredmedia":[{"embeddable":true,"href":"https:\/\/regiaonews.net.br\/2022\/wp-json\/wp\/v2\/media\/106780"}],"wp:attachment":[{"href":"https:\/\/regiaonews.net.br\/2022\/wp-json\/wp\/v2\/media?parent=106778"}],"wp:term":[{"taxonomy":"category","embeddable":true,"href":"https:\/\/regiaonews.net.br\/2022\/wp-json\/wp\/v2\/categories?post=106778"},{"taxonomy":"post_tag","embeddable":true,"href":"https:\/\/regiaonews.net.br\/2022\/wp-json\/wp\/v2\/tags?post=106778"}],"curies":[{"name":"wp","href":"https:\/\/api.w.org\/{rel}","templated":true}]}}