{"id":106772,"date":"2024-06-24T15:36:25","date_gmt":"2024-06-24T18:36:25","guid":{"rendered":"https:\/\/regiaonews.net.br\/2022\/?p=106772"},"modified":"2024-06-24T16:03:35","modified_gmt":"2024-06-24T19:03:35","slug":"fernando-diniz-e-demitido-e-esta-fora-do-fluminense","status":"publish","type":"post","link":"https:\/\/regiaonews.net.br\/2022\/2024\/06\/24\/fernando-diniz-e-demitido-e-esta-fora-do-fluminense\/","title":{"rendered":"Fernando Diniz \u00e9 demitido e est\u00e1 fora do Fluminense"},"content":{"rendered":"<div class=\"row content-head non-featured \">\n<div class=\"medium-centered subtitle\">\n<p class=\"content-head__subtitle\" style=\"text-align: center;\">Sete meses ap\u00f3s conquista da Libertadores, treinador deixa o clube. Marc\u00e3o vai comandar a equipe<\/p>\n<p class=\"content-head__subtitle\" style=\"text-align: center;\">tricolor na partida contra o Vit\u00f3ria, na quinta-feira<\/p>\n<p>Fernando Diniz n\u00e3o \u00e9 mais o treinador do\u00a0<a class=\"\" href=\"https:\/\/globoesporte.globo.com\/futebol\/times\/fluminense\/\">Fluminense<\/a>. Ap\u00f3s a derrota para o Flamengo, neste domingo, no Maracan\u00e3, que manteve o clube na lanterna do Brasileir\u00e3o, e uma longa reuni\u00e3o nesta segunda-feira, a diretoria tricolor decidiu decretar o fim da passagem do comandante nas Laranjeiras.<\/p>\n<p>Demitido,\u00a0<a class=\"\" href=\"https:\/\/ge.globo.com\/futebol\/times\/fluminense\/noticia\/2024\/06\/22\/entenda-a-multa-de-diniz-em-caso-de-demissao-no-fluminense-e-quanto-deve-ser-pago.ghtml\"><strong>Diniz vai receber do clube multa rescis\u00f3ria entre R$ 6 milh\u00f5es e R$ 7 milh\u00f5es<\/strong><\/a>. O auxiliar Marc\u00e3o vai comandar o Tricolor na partida contra o Vit\u00f3ria, na quinta-feira.<\/p>\n<p>Diniz deixa como legado desta sua passagem n\u00e3o somente alguns dos t\u00edtulos mais importantes da hist\u00f3ria de nosso clube, conquistados em 2023 e 2024, mas tamb\u00e9m o legado de um trabalho muito bem-sucedido em sua primeira etapa de sua atual passagem, ensinamentos importantes sobre sua maneira de entender o futebol e uma vis\u00e3o human\u00edstica que no todo trazem enorme contribui\u00e7\u00e3o a este esporte \u2014 afirmou o clube em nota.<\/p>\n<p>Contestado pela torcida nas \u00faltimas semanas, Fernando Diniz admitiu no domingo que houve relaxamento da equipe depois dos t\u00edtulos da Libertadores e da Recopa. Quatro dias antes, ap\u00f3s a derrota para o Cruzeiro, ele havia afirmado que seu time foi &#8220;muito leniente&#8221; ap\u00f3s as conquistas.<\/p>\n<p>Fonte &#8211; Ge.Globo<\/p>\n<\/div>\n<\/div>\n<div class=\"content__signa-share\">\n<div class=\"content__signature\">\n<div class=\"content-publication-data\">\n<div class=\"content-publication-data__text\"><\/div>\n<\/div>\n<\/div>\n<\/div>\n","protected":false},"excerpt":{"rendered":"<p>Sete meses ap\u00f3s conquista da Libertadores, treinador deixa o clube.<\/p>\n","protected":false},"author":2,"featured_media":106773,"comment_status":"open","ping_status":"open","sticky":false,"template":"","format":"standard","meta":{"footnotes":""},"categories":[21,3],"tags":[],"class_list":["post-106772","post","type-post","status-publish","format-standard","has-post-thumbnail","hentry","category-esporte","category-geral"],"yoast_head":"<!-- This site is optimized with the Yoast SEO plugin v27.4 - https:\/\/yoast.com\/product\/yoast-seo-wordpress\/ -->\n<title>Fernando Diniz \u00e9 demitido e est\u00e1 fora do Fluminense - Regi\u00e3o News<\/title>\n<meta name=\"robots\" content=\"index, follow, max-snippet:-1, max-image-preview:large, max-video-preview:-1\" \/>\n<link rel=\"canonical\" href=\"https:\/\/regiaonews.net.br\/2022\/2024\/06\/24\/fernando-diniz-e-demitido-e-esta-fora-do-fluminense\/\" \/>\n<meta property=\"og:locale\" content=\"pt_BR\" \/>\n<meta property=\"og:type\" content=\"article\" \/>\n<meta property=\"og:title\" content=\"Fernando Diniz \u00e9 demitido e est\u00e1 fora do Fluminense - Regi\u00e3o News\" \/>\n<meta property=\"og:description\" content=\"Sete meses ap\u00f3s conquista da Libertadores, treinador deixa o clube.\" \/>\n<meta property=\"og:url\" content=\"https:\/\/regiaonews.net.br\/2022\/2024\/06\/24\/fernando-diniz-e-demitido-e-esta-fora-do-fluminense\/\" \/>\n<meta property=\"og:site_name\" content=\"Regi\u00e3o News\" \/>\n<meta property=\"article:published_time\" content=\"2024-06-24T18:36:25+00:00\" \/>\n<meta property=\"article:modified_time\" content=\"2024-06-24T19:03:35+00:00\" \/>\n<meta property=\"og:image\" content=\"https:\/\/regiaonews.net.br\/2022\/wp-content\/uploads\/2024\/06\/download.jpg\" \/>\n\t<meta property=\"og:image:width\" content=\"275\" \/>\n\t<meta property=\"og:image:height\" content=\"183\" \/>\n\t<meta property=\"og:image:type\" content=\"image\/jpeg\" \/>\n<meta name=\"author\" content=\"Roberto\" \/>\n<meta name=\"twitter:card\" content=\"summary_large_image\" \/>\n<meta name=\"twitter:label1\" content=\"Escrito por\" \/>\n\t<meta name=\"twitter:data1\" content=\"Roberto\" \/>\n\t<meta name=\"twitter:label2\" content=\"Est. tempo de leitura\" \/>\n\t<meta name=\"twitter:data2\" content=\"2 minutos\" \/>\n<script type=\"application\/ld+json\" class=\"yoast-schema-graph\">{\"@context\":\"https:\\\/\\\/schema.org\",\"@graph\":[{\"@type\":\"Article\",\"@id\":\"https:\\\/\\\/regiaonews.net.br\\\/2022\\\/2024\\\/06\\\/24\\\/fernando-diniz-e-demitido-e-esta-fora-do-fluminense\\\/#article\",\"isPartOf\":{\"@id\":\"https:\\\/\\\/regiaonews.net.br\\\/2022\\\/2024\\\/06\\\/24\\\/fernando-diniz-e-demitido-e-esta-fora-do-fluminense\\\/\"},\"author\":{\"name\":\"Roberto\",\"@id\":\"https:\\\/\\\/regiaonews.net.br\\\/2022\\\/#\\\/schema\\\/person\\\/2d205a608a5aa97ac279d7a5e6d89ad8\"},\"headline\":\"Fernando Diniz \u00e9 demitido e est\u00e1 fora do Fluminense\",\"datePublished\":\"2024-06-24T18:36:25+00:00\",\"dateModified\":\"2024-06-24T19:03:35+00:00\",\"mainEntityOfPage\":{\"@id\":\"https:\\\/\\\/regiaonews.net.br\\\/2022\\\/2024\\\/06\\\/24\\\/fernando-diniz-e-demitido-e-esta-fora-do-fluminense\\\/\"},\"wordCount\":241,\"commentCount\":0,\"publisher\":{\"@id\":\"https:\\\/\\\/regiaonews.net.br\\\/2022\\\/#organization\"},\"image\":{\"@id\":\"https:\\\/\\\/regiaonews.net.br\\\/2022\\\/2024\\\/06\\\/24\\\/fernando-diniz-e-demitido-e-esta-fora-do-fluminense\\\/#primaryimage\"},\"thumbnailUrl\":\"https:\\\/\\\/regiaonews.net.br\\\/2022\\\/wp-content\\\/uploads\\\/2024\\\/06\\\/download.jpg\",\"articleSection\":[\"Esporte\",\"Geral\"],\"inLanguage\":\"pt-BR\",\"potentialAction\":[{\"@type\":\"CommentAction\",\"name\":\"Comment\",\"target\":[\"https:\\\/\\\/regiaonews.net.br\\\/2022\\\/2024\\\/06\\\/24\\\/fernando-diniz-e-demitido-e-esta-fora-do-fluminense\\\/#respond\"]}]},{\"@type\":\"WebPage\",\"@id\":\"https:\\\/\\\/regiaonews.net.br\\\/2022\\\/2024\\\/06\\\/24\\\/fernando-diniz-e-demitido-e-esta-fora-do-fluminense\\\/\",\"url\":\"https:\\\/\\\/regiaonews.net.br\\\/2022\\\/2024\\\/06\\\/24\\\/fernando-diniz-e-demitido-e-esta-fora-do-fluminense\\\/\",\"name\":\"Fernando Diniz \u00e9 demitido e est\u00e1 fora do Fluminense - Regi\u00e3o News\",\"isPartOf\":{\"@id\":\"https:\\\/\\\/regiaonews.net.br\\\/2022\\\/#website\"},\"primaryImageOfPage\":{\"@id\":\"https:\\\/\\\/regiaonews.net.br\\\/2022\\\/2024\\\/06\\\/24\\\/fernando-diniz-e-demitido-e-esta-fora-do-fluminense\\\/#primaryimage\"},\"image\":{\"@id\":\"https:\\\/\\\/regiaonews.net.br\\\/2022\\\/2024\\\/06\\\/24\\\/fernando-diniz-e-demitido-e-esta-fora-do-fluminense\\\/#primaryimage\"},\"thumbnailUrl\":\"https:\\\/\\\/regiaonews.net.br\\\/2022\\\/wp-content\\\/uploads\\\/2024\\\/06\\\/download.jpg\",\"datePublished\":\"2024-06-24T18:36:25+00:00\",\"dateModified\":\"2024-06-24T19:03:35+00:00\",\"breadcrumb\":{\"@id\":\"https:\\\/\\\/regiaonews.net.br\\\/2022\\\/2024\\\/06\\\/24\\\/fernando-diniz-e-demitido-e-esta-fora-do-fluminense\\\/#breadcrumb\"},\"inLanguage\":\"pt-BR\",\"potentialAction\":[{\"@type\":\"ReadAction\",\"target\":[\"https:\\\/\\\/regiaonews.net.br\\\/2022\\\/2024\\\/06\\\/24\\\/fernando-diniz-e-demitido-e-esta-fora-do-fluminense\\\/\"]}]},{\"@type\":\"ImageObject\",\"inLanguage\":\"pt-BR\",\"@id\":\"https:\\\/\\\/regiaonews.net.br\\\/2022\\\/2024\\\/06\\\/24\\\/fernando-diniz-e-demitido-e-esta-fora-do-fluminense\\\/#primaryimage\",\"url\":\"https:\\\/\\\/regiaonews.net.br\\\/2022\\\/wp-content\\\/uploads\\\/2024\\\/06\\\/download.jpg\",\"contentUrl\":\"https:\\\/\\\/regiaonews.net.br\\\/2022\\\/wp-content\\\/uploads\\\/2024\\\/06\\\/download.jpg\",\"width\":275,\"height\":183},{\"@type\":\"BreadcrumbList\",\"@id\":\"https:\\\/\\\/regiaonews.net.br\\\/2022\\\/2024\\\/06\\\/24\\\/fernando-diniz-e-demitido-e-esta-fora-do-fluminense\\\/#breadcrumb\",\"itemListElement\":[{\"@type\":\"ListItem\",\"position\":1,\"name\":\"In\u00edcio\",\"item\":\"https:\\\/\\\/regiaonews.net.br\\\/2022\\\/\"},{\"@type\":\"ListItem\",\"position\":2,\"name\":\"Fernando Diniz \u00e9 demitido e est\u00e1 fora do Fluminense\"}]},{\"@type\":\"WebSite\",\"@id\":\"https:\\\/\\\/regiaonews.net.br\\\/2022\\\/#website\",\"url\":\"https:\\\/\\\/regiaonews.net.br\\\/2022\\\/\",\"name\":\"Regi\u00e3o News\",\"description\":\"Site de Not\u00edcias de Barretos e regi\u00e3o\",\"publisher\":{\"@id\":\"https:\\\/\\\/regiaonews.net.br\\\/2022\\\/#organization\"},\"potentialAction\":[{\"@type\":\"SearchAction\",\"target\":{\"@type\":\"EntryPoint\",\"urlTemplate\":\"https:\\\/\\\/regiaonews.net.br\\\/2022\\\/?s={search_term_string}\"},\"query-input\":{\"@type\":\"PropertyValueSpecification\",\"valueRequired\":true,\"valueName\":\"search_term_string\"}}],\"inLanguage\":\"pt-BR\"},{\"@type\":\"Organization\",\"@id\":\"https:\\\/\\\/regiaonews.net.br\\\/2022\\\/#organization\",\"name\":\"Regi\u00e3o News\",\"url\":\"https:\\\/\\\/regiaonews.net.br\\\/2022\\\/\",\"logo\":{\"@type\":\"ImageObject\",\"inLanguage\":\"pt-BR\",\"@id\":\"https:\\\/\\\/regiaonews.net.br\\\/2022\\\/#\\\/schema\\\/logo\\\/image\\\/\",\"url\":\"https:\\\/\\\/regiaonews.net.br\\\/2022\\\/wp-content\\\/uploads\\\/2026\\\/03\\\/regiao-13-anos-scaled.jpg\",\"contentUrl\":\"https:\\\/\\\/regiaonews.net.br\\\/2022\\\/wp-content\\\/uploads\\\/2026\\\/03\\\/regiao-13-anos-scaled.jpg\",\"width\":2560,\"height\":635,\"caption\":\"Regi\u00e3o News\"},\"image\":{\"@id\":\"https:\\\/\\\/regiaonews.net.br\\\/2022\\\/#\\\/schema\\\/logo\\\/image\\\/\"}},{\"@type\":\"Person\",\"@id\":\"https:\\\/\\\/regiaonews.net.br\\\/2022\\\/#\\\/schema\\\/person\\\/2d205a608a5aa97ac279d7a5e6d89ad8\",\"name\":\"Roberto\",\"image\":{\"@type\":\"ImageObject\",\"inLanguage\":\"pt-BR\",\"@id\":\"https:\\\/\\\/secure.gravatar.com\\\/avatar\\\/42749d8b712ff9d59ca93dc150494e5b55a44134482993f5baeb97e61b7ecc89?s=96&d=mm&r=g\",\"url\":\"https:\\\/\\\/secure.gravatar.com\\\/avatar\\\/42749d8b712ff9d59ca93dc150494e5b55a44134482993f5baeb97e61b7ecc89?s=96&d=mm&r=g\",\"contentUrl\":\"https:\\\/\\\/secure.gravatar.com\\\/avatar\\\/42749d8b712ff9d59ca93dc150494e5b55a44134482993f5baeb97e61b7ecc89?s=96&d=mm&r=g\",\"caption\":\"Roberto\"},\"url\":\"https:\\\/\\\/regiaonews.net.br\\\/2022\\\/author\\\/roberto\\\/\"}]}<\/script>\n<!-- \/ Yoast SEO plugin. -->","yoast_head_json":{"title":"Fernando Diniz \u00e9 demitido e est\u00e1 fora do Fluminense - Regi\u00e3o News","robots":{"index":"index","follow":"follow","max-snippet":"max-snippet:-1","max-image-preview":"max-image-preview:large","max-video-preview":"max-video-preview:-1"},"canonical":"https:\/\/regiaonews.net.br\/2022\/2024\/06\/24\/fernando-diniz-e-demitido-e-esta-fora-do-fluminense\/","og_locale":"pt_BR","og_type":"article","og_title":"Fernando Diniz \u00e9 demitido e est\u00e1 fora do Fluminense - Regi\u00e3o News","og_description":"Sete meses ap\u00f3s conquista da Libertadores, treinador deixa o clube.","og_url":"https:\/\/regiaonews.net.br\/2022\/2024\/06\/24\/fernando-diniz-e-demitido-e-esta-fora-do-fluminense\/","og_site_name":"Regi\u00e3o News","article_published_time":"2024-06-24T18:36:25+00:00","article_modified_time":"2024-06-24T19:03:35+00:00","og_image":[{"width":275,"height":183,"url":"https:\/\/regiaonews.net.br\/2022\/wp-content\/uploads\/2024\/06\/download.jpg","type":"image\/jpeg"}],"author":"Roberto","twitter_card":"summary_large_image","twitter_misc":{"Escrito por":"Roberto","Est. tempo de leitura":"2 minutos"},"schema":{"@context":"https:\/\/schema.org","@graph":[{"@type":"Article","@id":"https:\/\/regiaonews.net.br\/2022\/2024\/06\/24\/fernando-diniz-e-demitido-e-esta-fora-do-fluminense\/#article","isPartOf":{"@id":"https:\/\/regiaonews.net.br\/2022\/2024\/06\/24\/fernando-diniz-e-demitido-e-esta-fora-do-fluminense\/"},"author":{"name":"Roberto","@id":"https:\/\/regiaonews.net.br\/2022\/#\/schema\/person\/2d205a608a5aa97ac279d7a5e6d89ad8"},"headline":"Fernando Diniz \u00e9 demitido e est\u00e1 fora do Fluminense","datePublished":"2024-06-24T18:36:25+00:00","dateModified":"2024-06-24T19:03:35+00:00","mainEntityOfPage":{"@id":"https:\/\/regiaonews.net.br\/2022\/2024\/06\/24\/fernando-diniz-e-demitido-e-esta-fora-do-fluminense\/"},"wordCount":241,"commentCount":0,"publisher":{"@id":"https:\/\/regiaonews.net.br\/2022\/#organization"},"image":{"@id":"https:\/\/regiaonews.net.br\/2022\/2024\/06\/24\/fernando-diniz-e-demitido-e-esta-fora-do-fluminense\/#primaryimage"},"thumbnailUrl":"https:\/\/regiaonews.net.br\/2022\/wp-content\/uploads\/2024\/06\/download.jpg","articleSection":["Esporte","Geral"],"inLanguage":"pt-BR","potentialAction":[{"@type":"CommentAction","name":"Comment","target":["https:\/\/regiaonews.net.br\/2022\/2024\/06\/24\/fernando-diniz-e-demitido-e-esta-fora-do-fluminense\/#respond"]}]},{"@type":"WebPage","@id":"https:\/\/regiaonews.net.br\/2022\/2024\/06\/24\/fernando-diniz-e-demitido-e-esta-fora-do-fluminense\/","url":"https:\/\/regiaonews.net.br\/2022\/2024\/06\/24\/fernando-diniz-e-demitido-e-esta-fora-do-fluminense\/","name":"Fernando Diniz \u00e9 demitido e est\u00e1 fora do Fluminense - Regi\u00e3o News","isPartOf":{"@id":"https:\/\/regiaonews.net.br\/2022\/#website"},"primaryImageOfPage":{"@id":"https:\/\/regiaonews.net.br\/2022\/2024\/06\/24\/fernando-diniz-e-demitido-e-esta-fora-do-fluminense\/#primaryimage"},"image":{"@id":"https:\/\/regiaonews.net.br\/2022\/2024\/06\/24\/fernando-diniz-e-demitido-e-esta-fora-do-fluminense\/#primaryimage"},"thumbnailUrl":"https:\/\/regiaonews.net.br\/2022\/wp-content\/uploads\/2024\/06\/download.jpg","datePublished":"2024-06-24T18:36:25+00:00","dateModified":"2024-06-24T19:03:35+00:00","breadcrumb":{"@id":"https:\/\/regiaonews.net.br\/2022\/2024\/06\/24\/fernando-diniz-e-demitido-e-esta-fora-do-fluminense\/#breadcrumb"},"inLanguage":"pt-BR","potentialAction":[{"@type":"ReadAction","target":["https:\/\/regiaonews.net.br\/2022\/2024\/06\/24\/fernando-diniz-e-demitido-e-esta-fora-do-fluminense\/"]}]},{"@type":"ImageObject","inLanguage":"pt-BR","@id":"https:\/\/regiaonews.net.br\/2022\/2024\/06\/24\/fernando-diniz-e-demitido-e-esta-fora-do-fluminense\/#primaryimage","url":"https:\/\/regiaonews.net.br\/2022\/wp-content\/uploads\/2024\/06\/download.jpg","contentUrl":"https:\/\/regiaonews.net.br\/2022\/wp-content\/uploads\/2024\/06\/download.jpg","width":275,"height":183},{"@type":"BreadcrumbList","@id":"https:\/\/regiaonews.net.br\/2022\/2024\/06\/24\/fernando-diniz-e-demitido-e-esta-fora-do-fluminense\/#breadcrumb","itemListElement":[{"@type":"ListItem","position":1,"name":"In\u00edcio","item":"https:\/\/regiaonews.net.br\/2022\/"},{"@type":"ListItem","position":2,"name":"Fernando Diniz \u00e9 demitido e est\u00e1 fora do Fluminense"}]},{"@type":"WebSite","@id":"https:\/\/regiaonews.net.br\/2022\/#website","url":"https:\/\/regiaonews.net.br\/2022\/","name":"Regi\u00e3o News","description":"Site de Not\u00edcias de Barretos e regi\u00e3o","publisher":{"@id":"https:\/\/regiaonews.net.br\/2022\/#organization"},"potentialAction":[{"@type":"SearchAction","target":{"@type":"EntryPoint","urlTemplate":"https:\/\/regiaonews.net.br\/2022\/?s={search_term_string}"},"query-input":{"@type":"PropertyValueSpecification","valueRequired":true,"valueName":"search_term_string"}}],"inLanguage":"pt-BR"},{"@type":"Organization","@id":"https:\/\/regiaonews.net.br\/2022\/#organization","name":"Regi\u00e3o News","url":"https:\/\/regiaonews.net.br\/2022\/","logo":{"@type":"ImageObject","inLanguage":"pt-BR","@id":"https:\/\/regiaonews.net.br\/2022\/#\/schema\/logo\/image\/","url":"https:\/\/regiaonews.net.br\/2022\/wp-content\/uploads\/2026\/03\/regiao-13-anos-scaled.jpg","contentUrl":"https:\/\/regiaonews.net.br\/2022\/wp-content\/uploads\/2026\/03\/regiao-13-anos-scaled.jpg","width":2560,"height":635,"caption":"Regi\u00e3o News"},"image":{"@id":"https:\/\/regiaonews.net.br\/2022\/#\/schema\/logo\/image\/"}},{"@type":"Person","@id":"https:\/\/regiaonews.net.br\/2022\/#\/schema\/person\/2d205a608a5aa97ac279d7a5e6d89ad8","name":"Roberto","image":{"@type":"ImageObject","inLanguage":"pt-BR","@id":"https:\/\/secure.gravatar.com\/avatar\/42749d8b712ff9d59ca93dc150494e5b55a44134482993f5baeb97e61b7ecc89?s=96&d=mm&r=g","url":"https:\/\/secure.gravatar.com\/avatar\/42749d8b712ff9d59ca93dc150494e5b55a44134482993f5baeb97e61b7ecc89?s=96&d=mm&r=g","contentUrl":"https:\/\/secure.gravatar.com\/avatar\/42749d8b712ff9d59ca93dc150494e5b55a44134482993f5baeb97e61b7ecc89?s=96&d=mm&r=g","caption":"Roberto"},"url":"https:\/\/regiaonews.net.br\/2022\/author\/roberto\/"}]}},"publishpress_future_action":{"enabled":false,"date":"2026-05-03 04:36:23","action":"change-status","newStatus":"draft","terms":[],"taxonomy":"category","extraData":[]},"publishpress_future_workflow_manual_trigger":{"enabledWorkflows":[]},"_links":{"self":[{"href":"https:\/\/regiaonews.net.br\/2022\/wp-json\/wp\/v2\/posts\/106772","targetHints":{"allow":["GET"]}}],"collection":[{"href":"https:\/\/regiaonews.net.br\/2022\/wp-json\/wp\/v2\/posts"}],"about":[{"href":"https:\/\/regiaonews.net.br\/2022\/wp-json\/wp\/v2\/types\/post"}],"author":[{"embeddable":true,"href":"https:\/\/regiaonews.net.br\/2022\/wp-json\/wp\/v2\/users\/2"}],"replies":[{"embeddable":true,"href":"https:\/\/regiaonews.net.br\/2022\/wp-json\/wp\/v2\/comments?post=106772"}],"version-history":[{"count":2,"href":"https:\/\/regiaonews.net.br\/2022\/wp-json\/wp\/v2\/posts\/106772\/revisions"}],"predecessor-version":[{"id":106777,"href":"https:\/\/regiaonews.net.br\/2022\/wp-json\/wp\/v2\/posts\/106772\/revisions\/106777"}],"wp:featuredmedia":[{"embeddable":true,"href":"https:\/\/regiaonews.net.br\/2022\/wp-json\/wp\/v2\/media\/106773"}],"wp:attachment":[{"href":"https:\/\/regiaonews.net.br\/2022\/wp-json\/wp\/v2\/media?parent=106772"}],"wp:term":[{"taxonomy":"category","embeddable":true,"href":"https:\/\/regiaonews.net.br\/2022\/wp-json\/wp\/v2\/categories?post=106772"},{"taxonomy":"post_tag","embeddable":true,"href":"https:\/\/regiaonews.net.br\/2022\/wp-json\/wp\/v2\/tags?post=106772"}],"curies":[{"name":"wp","href":"https:\/\/api.w.org\/{rel}","templated":true}]}}