{"id":106766,"date":"2024-06-24T15:33:07","date_gmt":"2024-06-24T18:33:07","guid":{"rendered":"https:\/\/regiaonews.net.br\/2022\/?p=106766"},"modified":"2024-06-24T15:33:07","modified_gmt":"2024-06-24T18:33:07","slug":"54o-festival-de-inverno-de-campos-do-jordao-oferece-musica-classica-e-cultura-gratuita","status":"publish","type":"post","link":"https:\/\/regiaonews.net.br\/2022\/2024\/06\/24\/54o-festival-de-inverno-de-campos-do-jordao-oferece-musica-classica-e-cultura-gratuita\/","title":{"rendered":"54\u00ba Festival de Inverno de Campos do Jord\u00e3o oferece m\u00fasica cl\u00e1ssica e cultura gratuita"},"content":{"rendered":"<h3 class=\"excerpt\" style=\"text-align: center;\">Na cidade, atra\u00e7\u00f5es ser\u00e3o no Parque Capivari e na Capela S\u00e3o Pedro Ap\u00f3stolo; na capital paulista, na Sala S\u00e3o Paulo e Universidade Mackenzie<\/h3>\n<p>O Festival de Inverno de Campos do Jord\u00e3o, reconhecido como o maior evento de m\u00fasica cl\u00e1ssica da Am\u00e9rica Latina, chega \u00e0 sua 54\u00aa edi\u00e7\u00e3o em 2024. A programa\u00e7\u00e3o art\u00edstica ocorre de 29 de junho a 28 de julho e est\u00e1 dividida entre tr\u00eas espa\u00e7os em Campos do Jord\u00e3o e dois na capital.<\/p>\n<p>Neste ano, haver\u00e1 mais de 60 concertos, todos com entrada gratuita. A programa\u00e7\u00e3o completa pode ser acessada no\u00a0<a href=\"http:\/\/www.festivalcamposdojordao.org.br\/programacao\/\" target=\"_blank\" rel=\"noopener noreferrer\">site oficial do Festival de Campos do Jord\u00e3o<\/a>. O festival \u00e9 realizado pelo Governo do Estado de S\u00e3o Paulo, por meio da Secretaria da Cultura, Economia e Ind\u00fastria Criativas, em parceria com a Organiza\u00e7\u00e3o Social Funda\u00e7\u00e3o Osesp.<\/p>\n<p>Na cidade da Serra da Mantiqueira, o tradicional Audit\u00f3rio Claudio Santoro, o Parque Capivari e a Capela S\u00e3o Pedro Ap\u00f3stolo, localizada no Pal\u00e1cio Boa Vista, integram o circuito. J\u00e1 na capital paulista, as apresenta\u00e7\u00f5es incluem a Sala S\u00e3o Paulo e a Universidade Presbiteriana Mackenzie. Na programa\u00e7\u00e3o art\u00edstica, destacam-se apresenta\u00e7\u00f5es do Uruguai, Chile, Col\u00f4mbia, Inglaterra e Su\u00ed\u00e7a, al\u00e9m dos grupos brasileiros.<\/p>\n<p>\u201c\u00c9 um imenso prazer realizar mais uma edi\u00e7\u00e3o do maior e mais tradicional evento de m\u00fasica cl\u00e1ssica da Am\u00e9rica Latina. Uma quest\u00e3o muito relevante sobre o Festival de Inverno de Campos do Jord\u00e3o \u00e9 a forma\u00e7\u00e3o de jovens m\u00fasicos promissores, que conseguem neste evento uma visibilidade que faz a diferen\u00e7a. Com este evento, o Governo de S\u00e3o Paulo segue com seu compromisso de promover a cultura e toda a sua transversalidade\u201d, afirmou Mar\u00edlia Marton, secret\u00e1ria da Cultura, Economia e Ind\u00fastria Criativas do Estado de S\u00e3o Paulo.<\/p>\n<h2>M\u00f3dulo pedag\u00f3gico<\/h2>\n<p>O M\u00f3dulo Pedag\u00f3gico do Festival \u00e9 considerado o \u201ccora\u00e7\u00e3o\u201d do evento. Nesta edi\u00e7\u00e3o, oferece 137 bolsas de estudo integrais a jovens m\u00fasicos: 119 para instrumentistas, seis para regentes, seis para piano e seis para viol\u00e3o.<\/p>\n<p>Durante um m\u00eas, os 65 professores desenvolvem duas semanas de pr\u00e1tica orquestral e duas de m\u00fasica de c\u00e2mara, m\u00fasica antiga e camerata (total de aproximadamente 1.200 horas-aula). Entre as atividades, os alunos ter\u00e3o atividades de: Pr\u00e1tica de Orquestra, M\u00fasica de C\u00e2mara, M\u00fasica Antiga e Camerata, al\u00e9m de integrarem a Orquestra do Festival, a Orquestra Bach (de M\u00fasica Antiga) e a Camerata do Festival, com diversos concertos agendados em todos os palcos.<\/p>\n<p>Os maestros convidados ser\u00e3o: o brasileiro Luis Ot\u00e1vio Santos (com a Orquestra Bach do Festival em repert\u00f3rio dedicado \u00e0s su\u00edtes de Bach); o italiano Lorenzo Tazzieri (regendo a Camerata do Festival no programa Gala Puccini); e, \u00e0 frente da Orquestra do Festival, o chileno Maximiano Vald\u00e9s e Marcelo Lehninger, do Brasil.<\/p>\n<p>Com a Orquestra do Festival, os bolsistas apresentar\u00e3o o bal\u00e9 \u201cO P\u00e1ssaro de Fogo\u201d de Stravinsky em 20 de julho. Eles tamb\u00e9m atuar\u00e3o em \u201cLa Mer\u201d, uma das obras-primas de Claude Debussy, em 27 de julho. E, ainda, os alunos de reg\u00eancia realizar\u00e3o um concerto no Parque Capivari com a GRU Sinf\u00f4nica em 27 de julho. Tr\u00eas performances da filarm\u00f4nica na Sala S\u00e3o Paulo, na capital do estado, ter\u00e3o transmiss\u00e3o ao vivo no\u00a0YouTube do Festival, nos dias 7, 21 e 28 de julho<\/p>\n<h2>Pr\u00eamio Eleazar de Carvalho<\/h2>\n<p>Ao final do curso, h\u00e1 a entrega de diversos pr\u00eamios, sendo o maior deles o \u201cEleazar de Carvalho\u201d, que homenageia o criador do Festival. Neste ano, o festival seleciona o m\u00fasico que mais se destacar para ganhar uma bolsa de estudos no valor de US$ 1400 mensais (cerca de R$ 7,5 mil). Com o traslado entre o Brasil e o exterior sendo pago pela organiza\u00e7\u00e3o, o escolhido pode estudar por at\u00e9 nove meses em uma institui\u00e7\u00e3o estrangeira de sua escolha.<\/p>\n<p>Com bolsas na Academia de M\u00fasica da Osesp, a Funda\u00e7\u00e3o pode premiar outros bolsistas que se destacarem nas atividades.<\/p>\n<h2>Acessibilidade<\/h2>\n<p>Toda a programa\u00e7\u00e3o de concertos do 54\u00ba Festival de Inverno de Campos do Jord\u00e3o contar\u00e1 com recursos de acessibilidade: audiodescri\u00e7\u00e3o (todos os concertos) e interpreta\u00e7\u00e3o em Libras (concertos com coro e voz), realizadas sob demanda do p\u00fablico, pela empresa parceira Ver com Palavras.<\/p>\n<h2>Sobre o festival<\/h2>\n<p>Fundado em 1970 pelos maestros Eleazar de Carvalho, Camargo Guarnieri e Souza Lima, o Festival de Campos do Jord\u00e3o combina uma programa\u00e7\u00e3o de m\u00fasica de concerto com um trabalho pedag\u00f3gico amplo e qualificado. Ao longo de suas 54 edi\u00e7\u00f5es, o evento se consolidou como o maior e mais importante festival de m\u00fasica cl\u00e1ssica da Am\u00e9rica Latina. Ele oferece aos bolsistas a oportunidade de vivenciar importantes nomes da m\u00fasica nacional e internacional, al\u00e9m de proporcionar uma programa\u00e7\u00e3o cultural de qualidade. Essa iniciativa beneficia n\u00e3o apenas a cidade, mas tamb\u00e9m toda a regi\u00e3o, ampliando o acesso \u00e0 m\u00fasica erudita.<\/p>\n<p>\u201cA Funda\u00e7\u00e3o Osesp vem realizando o Festival desde 2012, mas nossa hist\u00f3ria est\u00e1 intimamente ligada ao evento \u2013 a maior parte de nossos m\u00fasicos foi bolsista e, antes de termos a Sala S\u00e3o Paulo como resid\u00eancia, Campos do Jord\u00e3o foi a casa da Osesp por d\u00e9cadas durante o inverno. O Festival movimenta a economia na regi\u00e3o da Serra da Mantiqueira, leva ao p\u00fablico uma programa\u00e7\u00e3o de excelente qualidade e, nessas mais de cinco d\u00e9cadas, enriquece grandemente o cen\u00e1rio da m\u00fasica cl\u00e1ssica no Brasil, al\u00e9m de promover in\u00fameras interlocu\u00e7\u00f5es ao redor do mundo com seus alunos e professores\u201d, conta o Diretor Executivo da Funda\u00e7\u00e3o Osesp, Marcelo Lopes.<\/p>\n","protected":false},"excerpt":{"rendered":"<p>Na cidade, atra\u00e7\u00f5es ser\u00e3o no Parque Capivari e na Capela<\/p>\n","protected":false},"author":2,"featured_media":106767,"comment_status":"open","ping_status":"open","sticky":false,"template":"","format":"standard","meta":{"footnotes":""},"categories":[24,3],"tags":[],"class_list":["post-106766","post","type-post","status-publish","format-standard","has-post-thumbnail","hentry","category-brasil","category-geral"],"yoast_head":"<!-- This site is optimized with the Yoast SEO plugin v27.4 - https:\/\/yoast.com\/product\/yoast-seo-wordpress\/ -->\n<title>54\u00ba Festival de Inverno de Campos do Jord\u00e3o oferece m\u00fasica cl\u00e1ssica e cultura gratuita - Regi\u00e3o News<\/title>\n<meta name=\"robots\" content=\"index, follow, max-snippet:-1, max-image-preview:large, max-video-preview:-1\" \/>\n<link rel=\"canonical\" href=\"https:\/\/regiaonews.net.br\/2022\/2024\/06\/24\/54o-festival-de-inverno-de-campos-do-jordao-oferece-musica-classica-e-cultura-gratuita\/\" \/>\n<meta property=\"og:locale\" content=\"pt_BR\" \/>\n<meta property=\"og:type\" content=\"article\" \/>\n<meta property=\"og:title\" content=\"54\u00ba Festival de Inverno de Campos do Jord\u00e3o oferece m\u00fasica cl\u00e1ssica e cultura gratuita - Regi\u00e3o News\" \/>\n<meta property=\"og:description\" content=\"Na cidade, atra\u00e7\u00f5es ser\u00e3o no Parque Capivari e na Capela\" \/>\n<meta property=\"og:url\" content=\"https:\/\/regiaonews.net.br\/2022\/2024\/06\/24\/54o-festival-de-inverno-de-campos-do-jordao-oferece-musica-classica-e-cultura-gratuita\/\" \/>\n<meta property=\"og:site_name\" content=\"Regi\u00e3o News\" \/>\n<meta property=\"article:published_time\" content=\"2024-06-24T18:33:07+00:00\" \/>\n<meta property=\"og:image\" content=\"https:\/\/regiaonews.net.br\/2022\/wp-content\/uploads\/2024\/06\/orquestra_2022-07-31-AUD-orquestra-do-festival-lehninger-elschenbroich_fotos-laura-manfredini-68-4-scaled-1-768x512-1.jpg\" \/>\n\t<meta property=\"og:image:width\" content=\"768\" \/>\n\t<meta property=\"og:image:height\" content=\"512\" \/>\n\t<meta property=\"og:image:type\" content=\"image\/jpeg\" \/>\n<meta name=\"author\" content=\"Roberto\" \/>\n<meta name=\"twitter:card\" content=\"summary_large_image\" \/>\n<meta name=\"twitter:label1\" content=\"Escrito por\" \/>\n\t<meta name=\"twitter:data1\" content=\"Roberto\" \/>\n\t<meta name=\"twitter:label2\" content=\"Est. tempo de leitura\" \/>\n\t<meta name=\"twitter:data2\" content=\"5 minutos\" \/>\n<script type=\"application\/ld+json\" class=\"yoast-schema-graph\">{\"@context\":\"https:\\\/\\\/schema.org\",\"@graph\":[{\"@type\":\"Article\",\"@id\":\"https:\\\/\\\/regiaonews.net.br\\\/2022\\\/2024\\\/06\\\/24\\\/54o-festival-de-inverno-de-campos-do-jordao-oferece-musica-classica-e-cultura-gratuita\\\/#article\",\"isPartOf\":{\"@id\":\"https:\\\/\\\/regiaonews.net.br\\\/2022\\\/2024\\\/06\\\/24\\\/54o-festival-de-inverno-de-campos-do-jordao-oferece-musica-classica-e-cultura-gratuita\\\/\"},\"author\":{\"name\":\"Roberto\",\"@id\":\"https:\\\/\\\/regiaonews.net.br\\\/2022\\\/#\\\/schema\\\/person\\\/2d205a608a5aa97ac279d7a5e6d89ad8\"},\"headline\":\"54\u00ba Festival de Inverno de Campos do Jord\u00e3o oferece m\u00fasica cl\u00e1ssica e cultura gratuita\",\"datePublished\":\"2024-06-24T18:33:07+00:00\",\"mainEntityOfPage\":{\"@id\":\"https:\\\/\\\/regiaonews.net.br\\\/2022\\\/2024\\\/06\\\/24\\\/54o-festival-de-inverno-de-campos-do-jordao-oferece-musica-classica-e-cultura-gratuita\\\/\"},\"wordCount\":988,\"commentCount\":0,\"publisher\":{\"@id\":\"https:\\\/\\\/regiaonews.net.br\\\/2022\\\/#organization\"},\"image\":{\"@id\":\"https:\\\/\\\/regiaonews.net.br\\\/2022\\\/2024\\\/06\\\/24\\\/54o-festival-de-inverno-de-campos-do-jordao-oferece-musica-classica-e-cultura-gratuita\\\/#primaryimage\"},\"thumbnailUrl\":\"https:\\\/\\\/regiaonews.net.br\\\/2022\\\/wp-content\\\/uploads\\\/2024\\\/06\\\/orquestra_2022-07-31-AUD-orquestra-do-festival-lehninger-elschenbroich_fotos-laura-manfredini-68-4-scaled-1-768x512-1.jpg\",\"articleSection\":[\"Brasil\",\"Geral\"],\"inLanguage\":\"pt-BR\",\"potentialAction\":[{\"@type\":\"CommentAction\",\"name\":\"Comment\",\"target\":[\"https:\\\/\\\/regiaonews.net.br\\\/2022\\\/2024\\\/06\\\/24\\\/54o-festival-de-inverno-de-campos-do-jordao-oferece-musica-classica-e-cultura-gratuita\\\/#respond\"]}]},{\"@type\":\"WebPage\",\"@id\":\"https:\\\/\\\/regiaonews.net.br\\\/2022\\\/2024\\\/06\\\/24\\\/54o-festival-de-inverno-de-campos-do-jordao-oferece-musica-classica-e-cultura-gratuita\\\/\",\"url\":\"https:\\\/\\\/regiaonews.net.br\\\/2022\\\/2024\\\/06\\\/24\\\/54o-festival-de-inverno-de-campos-do-jordao-oferece-musica-classica-e-cultura-gratuita\\\/\",\"name\":\"54\u00ba Festival de Inverno de Campos do Jord\u00e3o oferece m\u00fasica cl\u00e1ssica e cultura gratuita - Regi\u00e3o News\",\"isPartOf\":{\"@id\":\"https:\\\/\\\/regiaonews.net.br\\\/2022\\\/#website\"},\"primaryImageOfPage\":{\"@id\":\"https:\\\/\\\/regiaonews.net.br\\\/2022\\\/2024\\\/06\\\/24\\\/54o-festival-de-inverno-de-campos-do-jordao-oferece-musica-classica-e-cultura-gratuita\\\/#primaryimage\"},\"image\":{\"@id\":\"https:\\\/\\\/regiaonews.net.br\\\/2022\\\/2024\\\/06\\\/24\\\/54o-festival-de-inverno-de-campos-do-jordao-oferece-musica-classica-e-cultura-gratuita\\\/#primaryimage\"},\"thumbnailUrl\":\"https:\\\/\\\/regiaonews.net.br\\\/2022\\\/wp-content\\\/uploads\\\/2024\\\/06\\\/orquestra_2022-07-31-AUD-orquestra-do-festival-lehninger-elschenbroich_fotos-laura-manfredini-68-4-scaled-1-768x512-1.jpg\",\"datePublished\":\"2024-06-24T18:33:07+00:00\",\"breadcrumb\":{\"@id\":\"https:\\\/\\\/regiaonews.net.br\\\/2022\\\/2024\\\/06\\\/24\\\/54o-festival-de-inverno-de-campos-do-jordao-oferece-musica-classica-e-cultura-gratuita\\\/#breadcrumb\"},\"inLanguage\":\"pt-BR\",\"potentialAction\":[{\"@type\":\"ReadAction\",\"target\":[\"https:\\\/\\\/regiaonews.net.br\\\/2022\\\/2024\\\/06\\\/24\\\/54o-festival-de-inverno-de-campos-do-jordao-oferece-musica-classica-e-cultura-gratuita\\\/\"]}]},{\"@type\":\"ImageObject\",\"inLanguage\":\"pt-BR\",\"@id\":\"https:\\\/\\\/regiaonews.net.br\\\/2022\\\/2024\\\/06\\\/24\\\/54o-festival-de-inverno-de-campos-do-jordao-oferece-musica-classica-e-cultura-gratuita\\\/#primaryimage\",\"url\":\"https:\\\/\\\/regiaonews.net.br\\\/2022\\\/wp-content\\\/uploads\\\/2024\\\/06\\\/orquestra_2022-07-31-AUD-orquestra-do-festival-lehninger-elschenbroich_fotos-laura-manfredini-68-4-scaled-1-768x512-1.jpg\",\"contentUrl\":\"https:\\\/\\\/regiaonews.net.br\\\/2022\\\/wp-content\\\/uploads\\\/2024\\\/06\\\/orquestra_2022-07-31-AUD-orquestra-do-festival-lehninger-elschenbroich_fotos-laura-manfredini-68-4-scaled-1-768x512-1.jpg\",\"width\":768,\"height\":512},{\"@type\":\"BreadcrumbList\",\"@id\":\"https:\\\/\\\/regiaonews.net.br\\\/2022\\\/2024\\\/06\\\/24\\\/54o-festival-de-inverno-de-campos-do-jordao-oferece-musica-classica-e-cultura-gratuita\\\/#breadcrumb\",\"itemListElement\":[{\"@type\":\"ListItem\",\"position\":1,\"name\":\"In\u00edcio\",\"item\":\"https:\\\/\\\/regiaonews.net.br\\\/2022\\\/\"},{\"@type\":\"ListItem\",\"position\":2,\"name\":\"54\u00ba Festival de Inverno de Campos do Jord\u00e3o oferece m\u00fasica cl\u00e1ssica e cultura gratuita\"}]},{\"@type\":\"WebSite\",\"@id\":\"https:\\\/\\\/regiaonews.net.br\\\/2022\\\/#website\",\"url\":\"https:\\\/\\\/regiaonews.net.br\\\/2022\\\/\",\"name\":\"Regi\u00e3o News\",\"description\":\"Site de Not\u00edcias de Barretos e regi\u00e3o\",\"publisher\":{\"@id\":\"https:\\\/\\\/regiaonews.net.br\\\/2022\\\/#organization\"},\"potentialAction\":[{\"@type\":\"SearchAction\",\"target\":{\"@type\":\"EntryPoint\",\"urlTemplate\":\"https:\\\/\\\/regiaonews.net.br\\\/2022\\\/?s={search_term_string}\"},\"query-input\":{\"@type\":\"PropertyValueSpecification\",\"valueRequired\":true,\"valueName\":\"search_term_string\"}}],\"inLanguage\":\"pt-BR\"},{\"@type\":\"Organization\",\"@id\":\"https:\\\/\\\/regiaonews.net.br\\\/2022\\\/#organization\",\"name\":\"Regi\u00e3o News\",\"url\":\"https:\\\/\\\/regiaonews.net.br\\\/2022\\\/\",\"logo\":{\"@type\":\"ImageObject\",\"inLanguage\":\"pt-BR\",\"@id\":\"https:\\\/\\\/regiaonews.net.br\\\/2022\\\/#\\\/schema\\\/logo\\\/image\\\/\",\"url\":\"https:\\\/\\\/regiaonews.net.br\\\/2022\\\/wp-content\\\/uploads\\\/2026\\\/03\\\/regiao-13-anos-scaled.jpg\",\"contentUrl\":\"https:\\\/\\\/regiaonews.net.br\\\/2022\\\/wp-content\\\/uploads\\\/2026\\\/03\\\/regiao-13-anos-scaled.jpg\",\"width\":2560,\"height\":635,\"caption\":\"Regi\u00e3o News\"},\"image\":{\"@id\":\"https:\\\/\\\/regiaonews.net.br\\\/2022\\\/#\\\/schema\\\/logo\\\/image\\\/\"}},{\"@type\":\"Person\",\"@id\":\"https:\\\/\\\/regiaonews.net.br\\\/2022\\\/#\\\/schema\\\/person\\\/2d205a608a5aa97ac279d7a5e6d89ad8\",\"name\":\"Roberto\",\"image\":{\"@type\":\"ImageObject\",\"inLanguage\":\"pt-BR\",\"@id\":\"https:\\\/\\\/secure.gravatar.com\\\/avatar\\\/42749d8b712ff9d59ca93dc150494e5b55a44134482993f5baeb97e61b7ecc89?s=96&d=mm&r=g\",\"url\":\"https:\\\/\\\/secure.gravatar.com\\\/avatar\\\/42749d8b712ff9d59ca93dc150494e5b55a44134482993f5baeb97e61b7ecc89?s=96&d=mm&r=g\",\"contentUrl\":\"https:\\\/\\\/secure.gravatar.com\\\/avatar\\\/42749d8b712ff9d59ca93dc150494e5b55a44134482993f5baeb97e61b7ecc89?s=96&d=mm&r=g\",\"caption\":\"Roberto\"},\"url\":\"https:\\\/\\\/regiaonews.net.br\\\/2022\\\/author\\\/roberto\\\/\"}]}<\/script>\n<!-- \/ Yoast SEO plugin. -->","yoast_head_json":{"title":"54\u00ba Festival de Inverno de Campos do Jord\u00e3o oferece m\u00fasica cl\u00e1ssica e cultura gratuita - Regi\u00e3o News","robots":{"index":"index","follow":"follow","max-snippet":"max-snippet:-1","max-image-preview":"max-image-preview:large","max-video-preview":"max-video-preview:-1"},"canonical":"https:\/\/regiaonews.net.br\/2022\/2024\/06\/24\/54o-festival-de-inverno-de-campos-do-jordao-oferece-musica-classica-e-cultura-gratuita\/","og_locale":"pt_BR","og_type":"article","og_title":"54\u00ba Festival de Inverno de Campos do Jord\u00e3o oferece m\u00fasica cl\u00e1ssica e cultura gratuita - Regi\u00e3o News","og_description":"Na cidade, atra\u00e7\u00f5es ser\u00e3o no Parque Capivari e na Capela","og_url":"https:\/\/regiaonews.net.br\/2022\/2024\/06\/24\/54o-festival-de-inverno-de-campos-do-jordao-oferece-musica-classica-e-cultura-gratuita\/","og_site_name":"Regi\u00e3o News","article_published_time":"2024-06-24T18:33:07+00:00","og_image":[{"width":768,"height":512,"url":"https:\/\/regiaonews.net.br\/2022\/wp-content\/uploads\/2024\/06\/orquestra_2022-07-31-AUD-orquestra-do-festival-lehninger-elschenbroich_fotos-laura-manfredini-68-4-scaled-1-768x512-1.jpg","type":"image\/jpeg"}],"author":"Roberto","twitter_card":"summary_large_image","twitter_misc":{"Escrito por":"Roberto","Est. tempo de leitura":"5 minutos"},"schema":{"@context":"https:\/\/schema.org","@graph":[{"@type":"Article","@id":"https:\/\/regiaonews.net.br\/2022\/2024\/06\/24\/54o-festival-de-inverno-de-campos-do-jordao-oferece-musica-classica-e-cultura-gratuita\/#article","isPartOf":{"@id":"https:\/\/regiaonews.net.br\/2022\/2024\/06\/24\/54o-festival-de-inverno-de-campos-do-jordao-oferece-musica-classica-e-cultura-gratuita\/"},"author":{"name":"Roberto","@id":"https:\/\/regiaonews.net.br\/2022\/#\/schema\/person\/2d205a608a5aa97ac279d7a5e6d89ad8"},"headline":"54\u00ba Festival de Inverno de Campos do Jord\u00e3o oferece m\u00fasica cl\u00e1ssica e cultura gratuita","datePublished":"2024-06-24T18:33:07+00:00","mainEntityOfPage":{"@id":"https:\/\/regiaonews.net.br\/2022\/2024\/06\/24\/54o-festival-de-inverno-de-campos-do-jordao-oferece-musica-classica-e-cultura-gratuita\/"},"wordCount":988,"commentCount":0,"publisher":{"@id":"https:\/\/regiaonews.net.br\/2022\/#organization"},"image":{"@id":"https:\/\/regiaonews.net.br\/2022\/2024\/06\/24\/54o-festival-de-inverno-de-campos-do-jordao-oferece-musica-classica-e-cultura-gratuita\/#primaryimage"},"thumbnailUrl":"https:\/\/regiaonews.net.br\/2022\/wp-content\/uploads\/2024\/06\/orquestra_2022-07-31-AUD-orquestra-do-festival-lehninger-elschenbroich_fotos-laura-manfredini-68-4-scaled-1-768x512-1.jpg","articleSection":["Brasil","Geral"],"inLanguage":"pt-BR","potentialAction":[{"@type":"CommentAction","name":"Comment","target":["https:\/\/regiaonews.net.br\/2022\/2024\/06\/24\/54o-festival-de-inverno-de-campos-do-jordao-oferece-musica-classica-e-cultura-gratuita\/#respond"]}]},{"@type":"WebPage","@id":"https:\/\/regiaonews.net.br\/2022\/2024\/06\/24\/54o-festival-de-inverno-de-campos-do-jordao-oferece-musica-classica-e-cultura-gratuita\/","url":"https:\/\/regiaonews.net.br\/2022\/2024\/06\/24\/54o-festival-de-inverno-de-campos-do-jordao-oferece-musica-classica-e-cultura-gratuita\/","name":"54\u00ba Festival de Inverno de Campos do Jord\u00e3o oferece m\u00fasica cl\u00e1ssica e cultura gratuita - Regi\u00e3o News","isPartOf":{"@id":"https:\/\/regiaonews.net.br\/2022\/#website"},"primaryImageOfPage":{"@id":"https:\/\/regiaonews.net.br\/2022\/2024\/06\/24\/54o-festival-de-inverno-de-campos-do-jordao-oferece-musica-classica-e-cultura-gratuita\/#primaryimage"},"image":{"@id":"https:\/\/regiaonews.net.br\/2022\/2024\/06\/24\/54o-festival-de-inverno-de-campos-do-jordao-oferece-musica-classica-e-cultura-gratuita\/#primaryimage"},"thumbnailUrl":"https:\/\/regiaonews.net.br\/2022\/wp-content\/uploads\/2024\/06\/orquestra_2022-07-31-AUD-orquestra-do-festival-lehninger-elschenbroich_fotos-laura-manfredini-68-4-scaled-1-768x512-1.jpg","datePublished":"2024-06-24T18:33:07+00:00","breadcrumb":{"@id":"https:\/\/regiaonews.net.br\/2022\/2024\/06\/24\/54o-festival-de-inverno-de-campos-do-jordao-oferece-musica-classica-e-cultura-gratuita\/#breadcrumb"},"inLanguage":"pt-BR","potentialAction":[{"@type":"ReadAction","target":["https:\/\/regiaonews.net.br\/2022\/2024\/06\/24\/54o-festival-de-inverno-de-campos-do-jordao-oferece-musica-classica-e-cultura-gratuita\/"]}]},{"@type":"ImageObject","inLanguage":"pt-BR","@id":"https:\/\/regiaonews.net.br\/2022\/2024\/06\/24\/54o-festival-de-inverno-de-campos-do-jordao-oferece-musica-classica-e-cultura-gratuita\/#primaryimage","url":"https:\/\/regiaonews.net.br\/2022\/wp-content\/uploads\/2024\/06\/orquestra_2022-07-31-AUD-orquestra-do-festival-lehninger-elschenbroich_fotos-laura-manfredini-68-4-scaled-1-768x512-1.jpg","contentUrl":"https:\/\/regiaonews.net.br\/2022\/wp-content\/uploads\/2024\/06\/orquestra_2022-07-31-AUD-orquestra-do-festival-lehninger-elschenbroich_fotos-laura-manfredini-68-4-scaled-1-768x512-1.jpg","width":768,"height":512},{"@type":"BreadcrumbList","@id":"https:\/\/regiaonews.net.br\/2022\/2024\/06\/24\/54o-festival-de-inverno-de-campos-do-jordao-oferece-musica-classica-e-cultura-gratuita\/#breadcrumb","itemListElement":[{"@type":"ListItem","position":1,"name":"In\u00edcio","item":"https:\/\/regiaonews.net.br\/2022\/"},{"@type":"ListItem","position":2,"name":"54\u00ba Festival de Inverno de Campos do Jord\u00e3o oferece m\u00fasica cl\u00e1ssica e cultura gratuita"}]},{"@type":"WebSite","@id":"https:\/\/regiaonews.net.br\/2022\/#website","url":"https:\/\/regiaonews.net.br\/2022\/","name":"Regi\u00e3o News","description":"Site de Not\u00edcias de Barretos e regi\u00e3o","publisher":{"@id":"https:\/\/regiaonews.net.br\/2022\/#organization"},"potentialAction":[{"@type":"SearchAction","target":{"@type":"EntryPoint","urlTemplate":"https:\/\/regiaonews.net.br\/2022\/?s={search_term_string}"},"query-input":{"@type":"PropertyValueSpecification","valueRequired":true,"valueName":"search_term_string"}}],"inLanguage":"pt-BR"},{"@type":"Organization","@id":"https:\/\/regiaonews.net.br\/2022\/#organization","name":"Regi\u00e3o News","url":"https:\/\/regiaonews.net.br\/2022\/","logo":{"@type":"ImageObject","inLanguage":"pt-BR","@id":"https:\/\/regiaonews.net.br\/2022\/#\/schema\/logo\/image\/","url":"https:\/\/regiaonews.net.br\/2022\/wp-content\/uploads\/2026\/03\/regiao-13-anos-scaled.jpg","contentUrl":"https:\/\/regiaonews.net.br\/2022\/wp-content\/uploads\/2026\/03\/regiao-13-anos-scaled.jpg","width":2560,"height":635,"caption":"Regi\u00e3o News"},"image":{"@id":"https:\/\/regiaonews.net.br\/2022\/#\/schema\/logo\/image\/"}},{"@type":"Person","@id":"https:\/\/regiaonews.net.br\/2022\/#\/schema\/person\/2d205a608a5aa97ac279d7a5e6d89ad8","name":"Roberto","image":{"@type":"ImageObject","inLanguage":"pt-BR","@id":"https:\/\/secure.gravatar.com\/avatar\/42749d8b712ff9d59ca93dc150494e5b55a44134482993f5baeb97e61b7ecc89?s=96&d=mm&r=g","url":"https:\/\/secure.gravatar.com\/avatar\/42749d8b712ff9d59ca93dc150494e5b55a44134482993f5baeb97e61b7ecc89?s=96&d=mm&r=g","contentUrl":"https:\/\/secure.gravatar.com\/avatar\/42749d8b712ff9d59ca93dc150494e5b55a44134482993f5baeb97e61b7ecc89?s=96&d=mm&r=g","caption":"Roberto"},"url":"https:\/\/regiaonews.net.br\/2022\/author\/roberto\/"}]}},"publishpress_future_action":{"enabled":false,"date":"2026-05-03 07:42:08","action":"change-status","newStatus":"draft","terms":[],"taxonomy":"category","extraData":[]},"publishpress_future_workflow_manual_trigger":{"enabledWorkflows":[]},"_links":{"self":[{"href":"https:\/\/regiaonews.net.br\/2022\/wp-json\/wp\/v2\/posts\/106766","targetHints":{"allow":["GET"]}}],"collection":[{"href":"https:\/\/regiaonews.net.br\/2022\/wp-json\/wp\/v2\/posts"}],"about":[{"href":"https:\/\/regiaonews.net.br\/2022\/wp-json\/wp\/v2\/types\/post"}],"author":[{"embeddable":true,"href":"https:\/\/regiaonews.net.br\/2022\/wp-json\/wp\/v2\/users\/2"}],"replies":[{"embeddable":true,"href":"https:\/\/regiaonews.net.br\/2022\/wp-json\/wp\/v2\/comments?post=106766"}],"version-history":[{"count":1,"href":"https:\/\/regiaonews.net.br\/2022\/wp-json\/wp\/v2\/posts\/106766\/revisions"}],"predecessor-version":[{"id":106768,"href":"https:\/\/regiaonews.net.br\/2022\/wp-json\/wp\/v2\/posts\/106766\/revisions\/106768"}],"wp:featuredmedia":[{"embeddable":true,"href":"https:\/\/regiaonews.net.br\/2022\/wp-json\/wp\/v2\/media\/106767"}],"wp:attachment":[{"href":"https:\/\/regiaonews.net.br\/2022\/wp-json\/wp\/v2\/media?parent=106766"}],"wp:term":[{"taxonomy":"category","embeddable":true,"href":"https:\/\/regiaonews.net.br\/2022\/wp-json\/wp\/v2\/categories?post=106766"},{"taxonomy":"post_tag","embeddable":true,"href":"https:\/\/regiaonews.net.br\/2022\/wp-json\/wp\/v2\/tags?post=106766"}],"curies":[{"name":"wp","href":"https:\/\/api.w.org\/{rel}","templated":true}]}}