{"id":106759,"date":"2024-06-24T11:48:49","date_gmt":"2024-06-24T14:48:49","guid":{"rendered":"https:\/\/regiaonews.net.br\/2022\/?p=106759"},"modified":"2024-06-24T11:48:49","modified_gmt":"2024-06-24T14:48:49","slug":"policia-fecha-feira-do-rolo-de-celulares-furtados-no-centro-de-sao-paulo","status":"publish","type":"post","link":"https:\/\/regiaonews.net.br\/2022\/2024\/06\/24\/policia-fecha-feira-do-rolo-de-celulares-furtados-no-centro-de-sao-paulo\/","title":{"rendered":"Pol\u00edcia fecha &#8216;feira do rolo&#8217; de celulares furtados no centro de S\u00e3o Paulo"},"content":{"rendered":"<div class=\"col-lg-12 mt-2\">\n<h3 style=\"text-align: center;\">Cinco suspeitos envolvidos no esquema foram presos; 56 celulares foram apreendidos<\/h3>\n<\/div>\n<div class=\"col-lg-12\">\n<div>A Pol\u00edcia Civil, por meio da Central Especializada de Repress\u00e3o a Crimes e Ocorr\u00eancias Diversas (Cerco),<\/div>\n<div>desmantelou um esquema de venda de celulares furtados e roubados no Br\u00e1s, na regi\u00e3o central de S\u00e3o Paulo. Cinco suspeitos foram presos e outros cinco s\u00e3o investigados. A Opera\u00e7\u00e3o Sem Sinal aconteceu no domingo (23).<\/div>\n<div><\/div>\n<div>De acordo com as informa\u00e7\u00f5es, as equipes investigavam o bando pela compra e venda de aparelhos celulares de origem il\u00edcita, com queixas de roubo e furto. Para isso, os suspeitos se reuniam numa \u201cfeira do rolo\u201d, na regi\u00e3o central, para comercializar os produtos.<\/div>\n<div><\/div>\n<div>Os policiais foram at\u00e9 o local e encontraram os envolvidos com 56 celulares sem origem comprovada \u2014 19 tinham queixa de furto ou roubo. Todos os aparelhos foram apreendidos. Ainda com o bando foram apreendidos mais de R$ 3 mil e cerca de 330 d\u00f3lares.<\/div>\n<div><\/div>\n<div>Ainda segundo a Pol\u00edcia Civil, um dos homens \u00e9 suspeito de vender aparelhos pela internet e aplicar golpe nos compradores. Nas caixas, ele enviava gesso no lugar dos aparelhos. O suspeito foi detido no local e \u00e9 investigado por estelionato.<\/div>\n<div><\/div>\n<div>O caso foi registrado como recepta\u00e7\u00e3o, estelionato e localiza\u00e7\u00e3o\/apreens\u00e3o de objetos no 1\u00ba Distrito Policial do centro, que prossegue com as investiga\u00e7\u00f5es para identificar a rede clandestina de compra e venda de celulares roubados ou furtados.<\/div>\n<\/div>\n","protected":false},"excerpt":{"rendered":"<p>Cinco suspeitos envolvidos no esquema foram presos; 56 celulares foram<\/p>\n","protected":false},"author":2,"featured_media":106760,"comment_status":"open","ping_status":"open","sticky":false,"template":"","format":"standard","meta":{"footnotes":""},"categories":[7,23],"tags":[],"class_list":["post-106759","post","type-post","status-publish","format-standard","has-post-thumbnail","hentry","category-estado-de-sao-paulo","category-policia"],"yoast_head":"<!-- This site is optimized with the Yoast SEO plugin v27.4 - https:\/\/yoast.com\/product\/yoast-seo-wordpress\/ -->\n<title>Pol\u00edcia fecha &#039;feira do rolo&#039; de celulares furtados no centro de S\u00e3o Paulo - Regi\u00e3o News<\/title>\n<meta name=\"robots\" content=\"index, follow, max-snippet:-1, max-image-preview:large, max-video-preview:-1\" \/>\n<link rel=\"canonical\" href=\"https:\/\/regiaonews.net.br\/2022\/2024\/06\/24\/policia-fecha-feira-do-rolo-de-celulares-furtados-no-centro-de-sao-paulo\/\" \/>\n<meta property=\"og:locale\" content=\"pt_BR\" \/>\n<meta property=\"og:type\" content=\"article\" \/>\n<meta property=\"og:title\" content=\"Pol\u00edcia fecha &#039;feira do rolo&#039; de celulares furtados no centro de S\u00e3o Paulo - Regi\u00e3o News\" \/>\n<meta property=\"og:description\" content=\"Cinco suspeitos envolvidos no esquema foram presos; 56 celulares foram\" \/>\n<meta property=\"og:url\" content=\"https:\/\/regiaonews.net.br\/2022\/2024\/06\/24\/policia-fecha-feira-do-rolo-de-celulares-furtados-no-centro-de-sao-paulo\/\" \/>\n<meta property=\"og:site_name\" content=\"Regi\u00e3o News\" \/>\n<meta property=\"article:published_time\" content=\"2024-06-24T14:48:49+00:00\" \/>\n<meta property=\"og:image\" content=\"https:\/\/regiaonews.net.br\/2022\/wp-content\/uploads\/2024\/06\/00055247.jpeg\" \/>\n\t<meta property=\"og:image:width\" content=\"1172\" \/>\n\t<meta property=\"og:image:height\" content=\"668\" \/>\n\t<meta property=\"og:image:type\" content=\"image\/jpeg\" \/>\n<meta name=\"author\" content=\"Roberto\" \/>\n<meta name=\"twitter:card\" content=\"summary_large_image\" \/>\n<meta name=\"twitter:label1\" content=\"Escrito por\" \/>\n\t<meta name=\"twitter:data1\" content=\"Roberto\" \/>\n\t<meta name=\"twitter:label2\" content=\"Est. tempo de leitura\" \/>\n\t<meta name=\"twitter:data2\" content=\"2 minutos\" \/>\n<script type=\"application\/ld+json\" class=\"yoast-schema-graph\">{\"@context\":\"https:\\\/\\\/schema.org\",\"@graph\":[{\"@type\":\"Article\",\"@id\":\"https:\\\/\\\/regiaonews.net.br\\\/2022\\\/2024\\\/06\\\/24\\\/policia-fecha-feira-do-rolo-de-celulares-furtados-no-centro-de-sao-paulo\\\/#article\",\"isPartOf\":{\"@id\":\"https:\\\/\\\/regiaonews.net.br\\\/2022\\\/2024\\\/06\\\/24\\\/policia-fecha-feira-do-rolo-de-celulares-furtados-no-centro-de-sao-paulo\\\/\"},\"author\":{\"name\":\"Roberto\",\"@id\":\"https:\\\/\\\/regiaonews.net.br\\\/2022\\\/#\\\/schema\\\/person\\\/2d205a608a5aa97ac279d7a5e6d89ad8\"},\"headline\":\"Pol\u00edcia fecha &#8216;feira do rolo&#8217; de celulares furtados no centro de S\u00e3o Paulo\",\"datePublished\":\"2024-06-24T14:48:49+00:00\",\"mainEntityOfPage\":{\"@id\":\"https:\\\/\\\/regiaonews.net.br\\\/2022\\\/2024\\\/06\\\/24\\\/policia-fecha-feira-do-rolo-de-celulares-furtados-no-centro-de-sao-paulo\\\/\"},\"wordCount\":249,\"commentCount\":0,\"publisher\":{\"@id\":\"https:\\\/\\\/regiaonews.net.br\\\/2022\\\/#organization\"},\"image\":{\"@id\":\"https:\\\/\\\/regiaonews.net.br\\\/2022\\\/2024\\\/06\\\/24\\\/policia-fecha-feira-do-rolo-de-celulares-furtados-no-centro-de-sao-paulo\\\/#primaryimage\"},\"thumbnailUrl\":\"https:\\\/\\\/regiaonews.net.br\\\/2022\\\/wp-content\\\/uploads\\\/2024\\\/06\\\/00055247.jpeg\",\"articleSection\":[\"Estado de S\u00e3o Paulo\",\"Policia\"],\"inLanguage\":\"pt-BR\",\"potentialAction\":[{\"@type\":\"CommentAction\",\"name\":\"Comment\",\"target\":[\"https:\\\/\\\/regiaonews.net.br\\\/2022\\\/2024\\\/06\\\/24\\\/policia-fecha-feira-do-rolo-de-celulares-furtados-no-centro-de-sao-paulo\\\/#respond\"]}]},{\"@type\":\"WebPage\",\"@id\":\"https:\\\/\\\/regiaonews.net.br\\\/2022\\\/2024\\\/06\\\/24\\\/policia-fecha-feira-do-rolo-de-celulares-furtados-no-centro-de-sao-paulo\\\/\",\"url\":\"https:\\\/\\\/regiaonews.net.br\\\/2022\\\/2024\\\/06\\\/24\\\/policia-fecha-feira-do-rolo-de-celulares-furtados-no-centro-de-sao-paulo\\\/\",\"name\":\"Pol\u00edcia fecha 'feira do rolo' de celulares furtados no centro de S\u00e3o Paulo - Regi\u00e3o News\",\"isPartOf\":{\"@id\":\"https:\\\/\\\/regiaonews.net.br\\\/2022\\\/#website\"},\"primaryImageOfPage\":{\"@id\":\"https:\\\/\\\/regiaonews.net.br\\\/2022\\\/2024\\\/06\\\/24\\\/policia-fecha-feira-do-rolo-de-celulares-furtados-no-centro-de-sao-paulo\\\/#primaryimage\"},\"image\":{\"@id\":\"https:\\\/\\\/regiaonews.net.br\\\/2022\\\/2024\\\/06\\\/24\\\/policia-fecha-feira-do-rolo-de-celulares-furtados-no-centro-de-sao-paulo\\\/#primaryimage\"},\"thumbnailUrl\":\"https:\\\/\\\/regiaonews.net.br\\\/2022\\\/wp-content\\\/uploads\\\/2024\\\/06\\\/00055247.jpeg\",\"datePublished\":\"2024-06-24T14:48:49+00:00\",\"breadcrumb\":{\"@id\":\"https:\\\/\\\/regiaonews.net.br\\\/2022\\\/2024\\\/06\\\/24\\\/policia-fecha-feira-do-rolo-de-celulares-furtados-no-centro-de-sao-paulo\\\/#breadcrumb\"},\"inLanguage\":\"pt-BR\",\"potentialAction\":[{\"@type\":\"ReadAction\",\"target\":[\"https:\\\/\\\/regiaonews.net.br\\\/2022\\\/2024\\\/06\\\/24\\\/policia-fecha-feira-do-rolo-de-celulares-furtados-no-centro-de-sao-paulo\\\/\"]}]},{\"@type\":\"ImageObject\",\"inLanguage\":\"pt-BR\",\"@id\":\"https:\\\/\\\/regiaonews.net.br\\\/2022\\\/2024\\\/06\\\/24\\\/policia-fecha-feira-do-rolo-de-celulares-furtados-no-centro-de-sao-paulo\\\/#primaryimage\",\"url\":\"https:\\\/\\\/regiaonews.net.br\\\/2022\\\/wp-content\\\/uploads\\\/2024\\\/06\\\/00055247.jpeg\",\"contentUrl\":\"https:\\\/\\\/regiaonews.net.br\\\/2022\\\/wp-content\\\/uploads\\\/2024\\\/06\\\/00055247.jpeg\",\"width\":1172,\"height\":668},{\"@type\":\"BreadcrumbList\",\"@id\":\"https:\\\/\\\/regiaonews.net.br\\\/2022\\\/2024\\\/06\\\/24\\\/policia-fecha-feira-do-rolo-de-celulares-furtados-no-centro-de-sao-paulo\\\/#breadcrumb\",\"itemListElement\":[{\"@type\":\"ListItem\",\"position\":1,\"name\":\"In\u00edcio\",\"item\":\"https:\\\/\\\/regiaonews.net.br\\\/2022\\\/\"},{\"@type\":\"ListItem\",\"position\":2,\"name\":\"Pol\u00edcia fecha &#8216;feira do rolo&#8217; de celulares furtados no centro de S\u00e3o Paulo\"}]},{\"@type\":\"WebSite\",\"@id\":\"https:\\\/\\\/regiaonews.net.br\\\/2022\\\/#website\",\"url\":\"https:\\\/\\\/regiaonews.net.br\\\/2022\\\/\",\"name\":\"Regi\u00e3o News\",\"description\":\"Site de Not\u00edcias de Barretos e regi\u00e3o\",\"publisher\":{\"@id\":\"https:\\\/\\\/regiaonews.net.br\\\/2022\\\/#organization\"},\"potentialAction\":[{\"@type\":\"SearchAction\",\"target\":{\"@type\":\"EntryPoint\",\"urlTemplate\":\"https:\\\/\\\/regiaonews.net.br\\\/2022\\\/?s={search_term_string}\"},\"query-input\":{\"@type\":\"PropertyValueSpecification\",\"valueRequired\":true,\"valueName\":\"search_term_string\"}}],\"inLanguage\":\"pt-BR\"},{\"@type\":\"Organization\",\"@id\":\"https:\\\/\\\/regiaonews.net.br\\\/2022\\\/#organization\",\"name\":\"Regi\u00e3o News\",\"url\":\"https:\\\/\\\/regiaonews.net.br\\\/2022\\\/\",\"logo\":{\"@type\":\"ImageObject\",\"inLanguage\":\"pt-BR\",\"@id\":\"https:\\\/\\\/regiaonews.net.br\\\/2022\\\/#\\\/schema\\\/logo\\\/image\\\/\",\"url\":\"https:\\\/\\\/regiaonews.net.br\\\/2022\\\/wp-content\\\/uploads\\\/2026\\\/03\\\/regiao-13-anos-scaled.jpg\",\"contentUrl\":\"https:\\\/\\\/regiaonews.net.br\\\/2022\\\/wp-content\\\/uploads\\\/2026\\\/03\\\/regiao-13-anos-scaled.jpg\",\"width\":2560,\"height\":635,\"caption\":\"Regi\u00e3o News\"},\"image\":{\"@id\":\"https:\\\/\\\/regiaonews.net.br\\\/2022\\\/#\\\/schema\\\/logo\\\/image\\\/\"}},{\"@type\":\"Person\",\"@id\":\"https:\\\/\\\/regiaonews.net.br\\\/2022\\\/#\\\/schema\\\/person\\\/2d205a608a5aa97ac279d7a5e6d89ad8\",\"name\":\"Roberto\",\"image\":{\"@type\":\"ImageObject\",\"inLanguage\":\"pt-BR\",\"@id\":\"https:\\\/\\\/secure.gravatar.com\\\/avatar\\\/42749d8b712ff9d59ca93dc150494e5b55a44134482993f5baeb97e61b7ecc89?s=96&d=mm&r=g\",\"url\":\"https:\\\/\\\/secure.gravatar.com\\\/avatar\\\/42749d8b712ff9d59ca93dc150494e5b55a44134482993f5baeb97e61b7ecc89?s=96&d=mm&r=g\",\"contentUrl\":\"https:\\\/\\\/secure.gravatar.com\\\/avatar\\\/42749d8b712ff9d59ca93dc150494e5b55a44134482993f5baeb97e61b7ecc89?s=96&d=mm&r=g\",\"caption\":\"Roberto\"},\"url\":\"https:\\\/\\\/regiaonews.net.br\\\/2022\\\/author\\\/roberto\\\/\"}]}<\/script>\n<!-- \/ Yoast SEO plugin. -->","yoast_head_json":{"title":"Pol\u00edcia fecha 'feira do rolo' de celulares furtados no centro de S\u00e3o Paulo - Regi\u00e3o News","robots":{"index":"index","follow":"follow","max-snippet":"max-snippet:-1","max-image-preview":"max-image-preview:large","max-video-preview":"max-video-preview:-1"},"canonical":"https:\/\/regiaonews.net.br\/2022\/2024\/06\/24\/policia-fecha-feira-do-rolo-de-celulares-furtados-no-centro-de-sao-paulo\/","og_locale":"pt_BR","og_type":"article","og_title":"Pol\u00edcia fecha 'feira do rolo' de celulares furtados no centro de S\u00e3o Paulo - Regi\u00e3o News","og_description":"Cinco suspeitos envolvidos no esquema foram presos; 56 celulares foram","og_url":"https:\/\/regiaonews.net.br\/2022\/2024\/06\/24\/policia-fecha-feira-do-rolo-de-celulares-furtados-no-centro-de-sao-paulo\/","og_site_name":"Regi\u00e3o News","article_published_time":"2024-06-24T14:48:49+00:00","og_image":[{"width":1172,"height":668,"url":"https:\/\/regiaonews.net.br\/2022\/wp-content\/uploads\/2024\/06\/00055247.jpeg","type":"image\/jpeg"}],"author":"Roberto","twitter_card":"summary_large_image","twitter_misc":{"Escrito por":"Roberto","Est. tempo de leitura":"2 minutos"},"schema":{"@context":"https:\/\/schema.org","@graph":[{"@type":"Article","@id":"https:\/\/regiaonews.net.br\/2022\/2024\/06\/24\/policia-fecha-feira-do-rolo-de-celulares-furtados-no-centro-de-sao-paulo\/#article","isPartOf":{"@id":"https:\/\/regiaonews.net.br\/2022\/2024\/06\/24\/policia-fecha-feira-do-rolo-de-celulares-furtados-no-centro-de-sao-paulo\/"},"author":{"name":"Roberto","@id":"https:\/\/regiaonews.net.br\/2022\/#\/schema\/person\/2d205a608a5aa97ac279d7a5e6d89ad8"},"headline":"Pol\u00edcia fecha &#8216;feira do rolo&#8217; de celulares furtados no centro de S\u00e3o Paulo","datePublished":"2024-06-24T14:48:49+00:00","mainEntityOfPage":{"@id":"https:\/\/regiaonews.net.br\/2022\/2024\/06\/24\/policia-fecha-feira-do-rolo-de-celulares-furtados-no-centro-de-sao-paulo\/"},"wordCount":249,"commentCount":0,"publisher":{"@id":"https:\/\/regiaonews.net.br\/2022\/#organization"},"image":{"@id":"https:\/\/regiaonews.net.br\/2022\/2024\/06\/24\/policia-fecha-feira-do-rolo-de-celulares-furtados-no-centro-de-sao-paulo\/#primaryimage"},"thumbnailUrl":"https:\/\/regiaonews.net.br\/2022\/wp-content\/uploads\/2024\/06\/00055247.jpeg","articleSection":["Estado de S\u00e3o Paulo","Policia"],"inLanguage":"pt-BR","potentialAction":[{"@type":"CommentAction","name":"Comment","target":["https:\/\/regiaonews.net.br\/2022\/2024\/06\/24\/policia-fecha-feira-do-rolo-de-celulares-furtados-no-centro-de-sao-paulo\/#respond"]}]},{"@type":"WebPage","@id":"https:\/\/regiaonews.net.br\/2022\/2024\/06\/24\/policia-fecha-feira-do-rolo-de-celulares-furtados-no-centro-de-sao-paulo\/","url":"https:\/\/regiaonews.net.br\/2022\/2024\/06\/24\/policia-fecha-feira-do-rolo-de-celulares-furtados-no-centro-de-sao-paulo\/","name":"Pol\u00edcia fecha 'feira do rolo' de celulares furtados no centro de S\u00e3o Paulo - Regi\u00e3o News","isPartOf":{"@id":"https:\/\/regiaonews.net.br\/2022\/#website"},"primaryImageOfPage":{"@id":"https:\/\/regiaonews.net.br\/2022\/2024\/06\/24\/policia-fecha-feira-do-rolo-de-celulares-furtados-no-centro-de-sao-paulo\/#primaryimage"},"image":{"@id":"https:\/\/regiaonews.net.br\/2022\/2024\/06\/24\/policia-fecha-feira-do-rolo-de-celulares-furtados-no-centro-de-sao-paulo\/#primaryimage"},"thumbnailUrl":"https:\/\/regiaonews.net.br\/2022\/wp-content\/uploads\/2024\/06\/00055247.jpeg","datePublished":"2024-06-24T14:48:49+00:00","breadcrumb":{"@id":"https:\/\/regiaonews.net.br\/2022\/2024\/06\/24\/policia-fecha-feira-do-rolo-de-celulares-furtados-no-centro-de-sao-paulo\/#breadcrumb"},"inLanguage":"pt-BR","potentialAction":[{"@type":"ReadAction","target":["https:\/\/regiaonews.net.br\/2022\/2024\/06\/24\/policia-fecha-feira-do-rolo-de-celulares-furtados-no-centro-de-sao-paulo\/"]}]},{"@type":"ImageObject","inLanguage":"pt-BR","@id":"https:\/\/regiaonews.net.br\/2022\/2024\/06\/24\/policia-fecha-feira-do-rolo-de-celulares-furtados-no-centro-de-sao-paulo\/#primaryimage","url":"https:\/\/regiaonews.net.br\/2022\/wp-content\/uploads\/2024\/06\/00055247.jpeg","contentUrl":"https:\/\/regiaonews.net.br\/2022\/wp-content\/uploads\/2024\/06\/00055247.jpeg","width":1172,"height":668},{"@type":"BreadcrumbList","@id":"https:\/\/regiaonews.net.br\/2022\/2024\/06\/24\/policia-fecha-feira-do-rolo-de-celulares-furtados-no-centro-de-sao-paulo\/#breadcrumb","itemListElement":[{"@type":"ListItem","position":1,"name":"In\u00edcio","item":"https:\/\/regiaonews.net.br\/2022\/"},{"@type":"ListItem","position":2,"name":"Pol\u00edcia fecha &#8216;feira do rolo&#8217; de celulares furtados no centro de S\u00e3o Paulo"}]},{"@type":"WebSite","@id":"https:\/\/regiaonews.net.br\/2022\/#website","url":"https:\/\/regiaonews.net.br\/2022\/","name":"Regi\u00e3o News","description":"Site de Not\u00edcias de Barretos e regi\u00e3o","publisher":{"@id":"https:\/\/regiaonews.net.br\/2022\/#organization"},"potentialAction":[{"@type":"SearchAction","target":{"@type":"EntryPoint","urlTemplate":"https:\/\/regiaonews.net.br\/2022\/?s={search_term_string}"},"query-input":{"@type":"PropertyValueSpecification","valueRequired":true,"valueName":"search_term_string"}}],"inLanguage":"pt-BR"},{"@type":"Organization","@id":"https:\/\/regiaonews.net.br\/2022\/#organization","name":"Regi\u00e3o News","url":"https:\/\/regiaonews.net.br\/2022\/","logo":{"@type":"ImageObject","inLanguage":"pt-BR","@id":"https:\/\/regiaonews.net.br\/2022\/#\/schema\/logo\/image\/","url":"https:\/\/regiaonews.net.br\/2022\/wp-content\/uploads\/2026\/03\/regiao-13-anos-scaled.jpg","contentUrl":"https:\/\/regiaonews.net.br\/2022\/wp-content\/uploads\/2026\/03\/regiao-13-anos-scaled.jpg","width":2560,"height":635,"caption":"Regi\u00e3o News"},"image":{"@id":"https:\/\/regiaonews.net.br\/2022\/#\/schema\/logo\/image\/"}},{"@type":"Person","@id":"https:\/\/regiaonews.net.br\/2022\/#\/schema\/person\/2d205a608a5aa97ac279d7a5e6d89ad8","name":"Roberto","image":{"@type":"ImageObject","inLanguage":"pt-BR","@id":"https:\/\/secure.gravatar.com\/avatar\/42749d8b712ff9d59ca93dc150494e5b55a44134482993f5baeb97e61b7ecc89?s=96&d=mm&r=g","url":"https:\/\/secure.gravatar.com\/avatar\/42749d8b712ff9d59ca93dc150494e5b55a44134482993f5baeb97e61b7ecc89?s=96&d=mm&r=g","contentUrl":"https:\/\/secure.gravatar.com\/avatar\/42749d8b712ff9d59ca93dc150494e5b55a44134482993f5baeb97e61b7ecc89?s=96&d=mm&r=g","caption":"Roberto"},"url":"https:\/\/regiaonews.net.br\/2022\/author\/roberto\/"}]}},"publishpress_future_action":{"enabled":false,"date":"2026-05-03 02:51:59","action":"change-status","newStatus":"draft","terms":[],"taxonomy":"category","extraData":[]},"publishpress_future_workflow_manual_trigger":{"enabledWorkflows":[]},"_links":{"self":[{"href":"https:\/\/regiaonews.net.br\/2022\/wp-json\/wp\/v2\/posts\/106759","targetHints":{"allow":["GET"]}}],"collection":[{"href":"https:\/\/regiaonews.net.br\/2022\/wp-json\/wp\/v2\/posts"}],"about":[{"href":"https:\/\/regiaonews.net.br\/2022\/wp-json\/wp\/v2\/types\/post"}],"author":[{"embeddable":true,"href":"https:\/\/regiaonews.net.br\/2022\/wp-json\/wp\/v2\/users\/2"}],"replies":[{"embeddable":true,"href":"https:\/\/regiaonews.net.br\/2022\/wp-json\/wp\/v2\/comments?post=106759"}],"version-history":[{"count":1,"href":"https:\/\/regiaonews.net.br\/2022\/wp-json\/wp\/v2\/posts\/106759\/revisions"}],"predecessor-version":[{"id":106761,"href":"https:\/\/regiaonews.net.br\/2022\/wp-json\/wp\/v2\/posts\/106759\/revisions\/106761"}],"wp:featuredmedia":[{"embeddable":true,"href":"https:\/\/regiaonews.net.br\/2022\/wp-json\/wp\/v2\/media\/106760"}],"wp:attachment":[{"href":"https:\/\/regiaonews.net.br\/2022\/wp-json\/wp\/v2\/media?parent=106759"}],"wp:term":[{"taxonomy":"category","embeddable":true,"href":"https:\/\/regiaonews.net.br\/2022\/wp-json\/wp\/v2\/categories?post=106759"},{"taxonomy":"post_tag","embeddable":true,"href":"https:\/\/regiaonews.net.br\/2022\/wp-json\/wp\/v2\/tags?post=106759"}],"curies":[{"name":"wp","href":"https:\/\/api.w.org\/{rel}","templated":true}]}}