{"id":106677,"date":"2024-06-21T15:48:18","date_gmt":"2024-06-21T18:48:18","guid":{"rendered":"https:\/\/regiaonews.net.br\/2022\/?p=106677"},"modified":"2024-06-21T15:49:07","modified_gmt":"2024-06-21T18:49:07","slug":"justica-suspende-ato-administrativo-e-mantem-postinhos-com-fundacao-pio-xii","status":"publish","type":"post","link":"https:\/\/regiaonews.net.br\/2022\/2024\/06\/21\/justica-suspende-ato-administrativo-e-mantem-postinhos-com-fundacao-pio-xii\/","title":{"rendered":"Justi\u00e7a suspende ato administrativo e mant\u00e9m postinhos com Funda\u00e7\u00e3o Pio XII"},"content":{"rendered":"<p>Em d<strong>ecis\u00e3o proferida nesta sexta-feira (21), o juiz Luiz Fernando Silva Oliveira,<\/strong>\u00a0da 2\u00aa Vara C\u00edvel,\u00a0<strong>suspendeu os efeitos do ato administrativo da prefeitura de Barretos de revoga\u00e7\u00e3o da chamada p\u00fablica SMS 02\/2023, referente a cinco postos de sa\u00fade geridos pela Funda\u00e7\u00e3o Pio XII.<\/strong><\/p>\n<p>\u201c<strong>Determino ao Munic\u00edpio da Est\u00e2ncia Tur\u00edstica de Barretos que mantenha em vigor o 1\u00ba Termo Aditivo Excepcional ao Contrato de Gest\u00e3o SMS 001\/2018,\u00a0<\/strong>celebrado em 10 de abril de 2023, e juntado nos autos \u00e0s fls. 132\/133, at\u00e9 ulterior decis\u00e3o neste processo\u201d, decidiu o magistrado.<\/p>\n<p>Com<strong>\u00a0o deferimento da tutela de urg\u00eancia, em a\u00e7\u00e3o ajuizada pela Funda\u00e7\u00e3o Pio XII, as unidades de sa\u00fade Cecapinha, Derby, Ibirapuera, Los Angeles e Nova Barretos permanecem, por enquanto, sob a gest\u00e3o da Funda\u00e7\u00e3o Pio XII.<\/strong><\/p>\n<p>O\u00a0<strong>titular da 2\u00aa Vara C\u00edvel designou tamb\u00e9m audi\u00eancia de concilia\u00e7\u00e3o para o dia 31 de julho de 2024, \u00e0s 14:30 horas, na sala de audi\u00eancias da 2\u00aa Vara C\u00edvel de Barretos,<\/strong>\u00a0\u201cdevendo comparecer o representante legal da Funda\u00e7\u00e3o Pio XII, a Prefeita Municipal de Barretos, a Secret\u00e1ria Municipal de Sa\u00fade e o Procurador Geral do Munic\u00edpio\u201d.<\/p>\n<p>FUNDAMENTA\u00c7\u00c3O<\/p>\n<p>A\u00a0<strong>Funda\u00e7\u00e3o Pio XII alegou<\/strong>\u00a0na a\u00e7\u00e3o, com o pedido de liminar, que a<strong>\u00a0revoga\u00e7\u00e3o da chamada p\u00fablica a obrigaria a entregar as UBS no dia 27 de junho de 2024, e demitir 85 empregados do setor administrativo, 14 m\u00e9dicos e 6 dentistas.<\/strong><\/p>\n<p>\u201cConsiderando<strong>\u00a0o quanto fundamentado, a manifesta ilegalidade do ato administrativo de revoga\u00e7\u00e3o do chamamento p\u00fablico demonstra a probabilidade do direito invocado,\u00a0<\/strong>e<strong>nquanto primeiro requisito da tutela de urg\u00eancia, e a possibilidade de utiliza\u00e7\u00e3o da t\u00e9cnica antecipat\u00f3ria como forma de promo\u00e7\u00e3o da l\u00f3gica do prov\u00e1vel<\/strong>, at\u00e9 porque o provimento judicial n\u00e3o \u00e9 irrevers\u00edvel\u201d, argumentou o juiz Luiz Fernando em sua decis\u00e3o.<\/p>\n<p>O magistrado\u00a0<strong>tamb\u00e9m sustentou que \u201co segundo requisito exigido pelo ordenamento jur\u00eddico processual para a aplica\u00e7\u00e3o da t\u00e9cnica antecipat\u00f3ria \u00e9 o perigo de dano irrepar\u00e1vel para a autora<\/strong>, porque em caso de indeferimento da tutela, ela ter\u00e1 que demitir todos os trabalhadores que est\u00e3o atuando nas UBS\u00b4s, 85 no setor administrativo, 14 m\u00e9dicos e 6 dentistas, da\u00ed que o perigo de dano \u00e9 concreto, e, nessa medida, est\u00e1 presente o segundo requisito exigido pela Lei como pressuposto para a aplica\u00e7\u00e3o da t\u00e9cnica antecipat\u00f3ria\u201d. \u00a0C<\/p>\n<p>Na decis\u00e3o,\u00a0<strong>o juiz avaliou que o principal \u00e9 que \u201cos administrados n\u00e3o podem ficar sem atendimento e tratamento de sa\u00fade nas UBS\u00b4s at\u00e9 que tudo isso seja decidido\u201d,<\/strong>\u00a0ao citar aspectos relacionados \u00e0 legisla\u00e7\u00e3o e recomenda\u00e7\u00e3o do Tribunal de Contas do Estado ao munic\u00edpio referente \u00e0 terceiriza\u00e7\u00e3o de servi\u00e7os de sa\u00fade.<\/p>\n<p>fonte : O DIARIO<\/p>\n","protected":false},"excerpt":{"rendered":"<p>Em decis\u00e3o proferida nesta sexta-feira (21), o juiz Luiz Fernando<\/p>\n","protected":false},"author":2,"featured_media":65068,"comment_status":"open","ping_status":"open","sticky":false,"template":"","format":"standard","meta":{"footnotes":""},"categories":[25,21],"tags":[],"class_list":["post-106677","post","type-post","status-publish","format-standard","has-post-thumbnail","hentry","category-cidades","category-esporte"],"yoast_head":"<!-- This site is optimized with the Yoast SEO plugin v27.4 - https:\/\/yoast.com\/product\/yoast-seo-wordpress\/ -->\n<title>Justi\u00e7a suspende ato administrativo e mant\u00e9m postinhos com Funda\u00e7\u00e3o Pio XII - Regi\u00e3o News<\/title>\n<meta name=\"robots\" content=\"index, follow, max-snippet:-1, max-image-preview:large, max-video-preview:-1\" \/>\n<link rel=\"canonical\" href=\"https:\/\/regiaonews.net.br\/2022\/2024\/06\/21\/justica-suspende-ato-administrativo-e-mantem-postinhos-com-fundacao-pio-xii\/\" \/>\n<meta property=\"og:locale\" content=\"pt_BR\" \/>\n<meta property=\"og:type\" content=\"article\" \/>\n<meta property=\"og:title\" content=\"Justi\u00e7a suspende ato administrativo e mant\u00e9m postinhos com Funda\u00e7\u00e3o Pio XII - Regi\u00e3o News\" \/>\n<meta property=\"og:description\" content=\"Em decis\u00e3o proferida nesta sexta-feira (21), o juiz Luiz Fernando\" \/>\n<meta property=\"og:url\" content=\"https:\/\/regiaonews.net.br\/2022\/2024\/06\/21\/justica-suspende-ato-administrativo-e-mantem-postinhos-com-fundacao-pio-xii\/\" \/>\n<meta property=\"og:site_name\" content=\"Regi\u00e3o News\" \/>\n<meta property=\"article:published_time\" content=\"2024-06-21T18:48:18+00:00\" \/>\n<meta property=\"article:modified_time\" content=\"2024-06-21T18:49:07+00:00\" \/>\n<meta property=\"og:image\" content=\"https:\/\/regiaonews.net.br\/2022\/wp-content\/uploads\/2022\/01\/Forum.jpeg\" \/>\n\t<meta property=\"og:image:width\" content=\"1041\" \/>\n\t<meta property=\"og:image:height\" content=\"608\" \/>\n\t<meta property=\"og:image:type\" content=\"image\/jpeg\" \/>\n<meta name=\"author\" content=\"Roberto\" \/>\n<meta name=\"twitter:card\" content=\"summary_large_image\" \/>\n<meta name=\"twitter:label1\" content=\"Escrito por\" \/>\n\t<meta name=\"twitter:data1\" content=\"Roberto\" \/>\n\t<meta name=\"twitter:label2\" content=\"Est. tempo de leitura\" \/>\n\t<meta name=\"twitter:data2\" content=\"3 minutos\" \/>\n<script type=\"application\/ld+json\" class=\"yoast-schema-graph\">{\"@context\":\"https:\\\/\\\/schema.org\",\"@graph\":[{\"@type\":\"Article\",\"@id\":\"https:\\\/\\\/regiaonews.net.br\\\/2022\\\/2024\\\/06\\\/21\\\/justica-suspende-ato-administrativo-e-mantem-postinhos-com-fundacao-pio-xii\\\/#article\",\"isPartOf\":{\"@id\":\"https:\\\/\\\/regiaonews.net.br\\\/2022\\\/2024\\\/06\\\/21\\\/justica-suspende-ato-administrativo-e-mantem-postinhos-com-fundacao-pio-xii\\\/\"},\"author\":{\"name\":\"Roberto\",\"@id\":\"https:\\\/\\\/regiaonews.net.br\\\/2022\\\/#\\\/schema\\\/person\\\/2d205a608a5aa97ac279d7a5e6d89ad8\"},\"headline\":\"Justi\u00e7a suspende ato administrativo e mant\u00e9m postinhos com Funda\u00e7\u00e3o Pio XII\",\"datePublished\":\"2024-06-21T18:48:18+00:00\",\"dateModified\":\"2024-06-21T18:49:07+00:00\",\"mainEntityOfPage\":{\"@id\":\"https:\\\/\\\/regiaonews.net.br\\\/2022\\\/2024\\\/06\\\/21\\\/justica-suspende-ato-administrativo-e-mantem-postinhos-com-fundacao-pio-xii\\\/\"},\"wordCount\":479,\"commentCount\":0,\"publisher\":{\"@id\":\"https:\\\/\\\/regiaonews.net.br\\\/2022\\\/#organization\"},\"image\":{\"@id\":\"https:\\\/\\\/regiaonews.net.br\\\/2022\\\/2024\\\/06\\\/21\\\/justica-suspende-ato-administrativo-e-mantem-postinhos-com-fundacao-pio-xii\\\/#primaryimage\"},\"thumbnailUrl\":\"https:\\\/\\\/regiaonews.net.br\\\/2022\\\/wp-content\\\/uploads\\\/2022\\\/01\\\/Forum.jpeg\",\"articleSection\":[\"Cidades\",\"Esporte\"],\"inLanguage\":\"pt-BR\",\"potentialAction\":[{\"@type\":\"CommentAction\",\"name\":\"Comment\",\"target\":[\"https:\\\/\\\/regiaonews.net.br\\\/2022\\\/2024\\\/06\\\/21\\\/justica-suspende-ato-administrativo-e-mantem-postinhos-com-fundacao-pio-xii\\\/#respond\"]}]},{\"@type\":\"WebPage\",\"@id\":\"https:\\\/\\\/regiaonews.net.br\\\/2022\\\/2024\\\/06\\\/21\\\/justica-suspende-ato-administrativo-e-mantem-postinhos-com-fundacao-pio-xii\\\/\",\"url\":\"https:\\\/\\\/regiaonews.net.br\\\/2022\\\/2024\\\/06\\\/21\\\/justica-suspende-ato-administrativo-e-mantem-postinhos-com-fundacao-pio-xii\\\/\",\"name\":\"Justi\u00e7a suspende ato administrativo e mant\u00e9m postinhos com Funda\u00e7\u00e3o Pio XII - Regi\u00e3o News\",\"isPartOf\":{\"@id\":\"https:\\\/\\\/regiaonews.net.br\\\/2022\\\/#website\"},\"primaryImageOfPage\":{\"@id\":\"https:\\\/\\\/regiaonews.net.br\\\/2022\\\/2024\\\/06\\\/21\\\/justica-suspende-ato-administrativo-e-mantem-postinhos-com-fundacao-pio-xii\\\/#primaryimage\"},\"image\":{\"@id\":\"https:\\\/\\\/regiaonews.net.br\\\/2022\\\/2024\\\/06\\\/21\\\/justica-suspende-ato-administrativo-e-mantem-postinhos-com-fundacao-pio-xii\\\/#primaryimage\"},\"thumbnailUrl\":\"https:\\\/\\\/regiaonews.net.br\\\/2022\\\/wp-content\\\/uploads\\\/2022\\\/01\\\/Forum.jpeg\",\"datePublished\":\"2024-06-21T18:48:18+00:00\",\"dateModified\":\"2024-06-21T18:49:07+00:00\",\"breadcrumb\":{\"@id\":\"https:\\\/\\\/regiaonews.net.br\\\/2022\\\/2024\\\/06\\\/21\\\/justica-suspende-ato-administrativo-e-mantem-postinhos-com-fundacao-pio-xii\\\/#breadcrumb\"},\"inLanguage\":\"pt-BR\",\"potentialAction\":[{\"@type\":\"ReadAction\",\"target\":[\"https:\\\/\\\/regiaonews.net.br\\\/2022\\\/2024\\\/06\\\/21\\\/justica-suspende-ato-administrativo-e-mantem-postinhos-com-fundacao-pio-xii\\\/\"]}]},{\"@type\":\"ImageObject\",\"inLanguage\":\"pt-BR\",\"@id\":\"https:\\\/\\\/regiaonews.net.br\\\/2022\\\/2024\\\/06\\\/21\\\/justica-suspende-ato-administrativo-e-mantem-postinhos-com-fundacao-pio-xii\\\/#primaryimage\",\"url\":\"https:\\\/\\\/regiaonews.net.br\\\/2022\\\/wp-content\\\/uploads\\\/2022\\\/01\\\/Forum.jpeg\",\"contentUrl\":\"https:\\\/\\\/regiaonews.net.br\\\/2022\\\/wp-content\\\/uploads\\\/2022\\\/01\\\/Forum.jpeg\",\"width\":1041,\"height\":608,\"caption\":\"Sede do F\u00f3rum de Barretos\"},{\"@type\":\"BreadcrumbList\",\"@id\":\"https:\\\/\\\/regiaonews.net.br\\\/2022\\\/2024\\\/06\\\/21\\\/justica-suspende-ato-administrativo-e-mantem-postinhos-com-fundacao-pio-xii\\\/#breadcrumb\",\"itemListElement\":[{\"@type\":\"ListItem\",\"position\":1,\"name\":\"In\u00edcio\",\"item\":\"https:\\\/\\\/regiaonews.net.br\\\/2022\\\/\"},{\"@type\":\"ListItem\",\"position\":2,\"name\":\"Justi\u00e7a suspende ato administrativo e mant\u00e9m postinhos com Funda\u00e7\u00e3o Pio XII\"}]},{\"@type\":\"WebSite\",\"@id\":\"https:\\\/\\\/regiaonews.net.br\\\/2022\\\/#website\",\"url\":\"https:\\\/\\\/regiaonews.net.br\\\/2022\\\/\",\"name\":\"Regi\u00e3o News\",\"description\":\"Site de Not\u00edcias de Barretos e regi\u00e3o\",\"publisher\":{\"@id\":\"https:\\\/\\\/regiaonews.net.br\\\/2022\\\/#organization\"},\"potentialAction\":[{\"@type\":\"SearchAction\",\"target\":{\"@type\":\"EntryPoint\",\"urlTemplate\":\"https:\\\/\\\/regiaonews.net.br\\\/2022\\\/?s={search_term_string}\"},\"query-input\":{\"@type\":\"PropertyValueSpecification\",\"valueRequired\":true,\"valueName\":\"search_term_string\"}}],\"inLanguage\":\"pt-BR\"},{\"@type\":\"Organization\",\"@id\":\"https:\\\/\\\/regiaonews.net.br\\\/2022\\\/#organization\",\"name\":\"Regi\u00e3o News\",\"url\":\"https:\\\/\\\/regiaonews.net.br\\\/2022\\\/\",\"logo\":{\"@type\":\"ImageObject\",\"inLanguage\":\"pt-BR\",\"@id\":\"https:\\\/\\\/regiaonews.net.br\\\/2022\\\/#\\\/schema\\\/logo\\\/image\\\/\",\"url\":\"https:\\\/\\\/regiaonews.net.br\\\/2022\\\/wp-content\\\/uploads\\\/2026\\\/03\\\/regiao-13-anos-scaled.jpg\",\"contentUrl\":\"https:\\\/\\\/regiaonews.net.br\\\/2022\\\/wp-content\\\/uploads\\\/2026\\\/03\\\/regiao-13-anos-scaled.jpg\",\"width\":2560,\"height\":635,\"caption\":\"Regi\u00e3o News\"},\"image\":{\"@id\":\"https:\\\/\\\/regiaonews.net.br\\\/2022\\\/#\\\/schema\\\/logo\\\/image\\\/\"}},{\"@type\":\"Person\",\"@id\":\"https:\\\/\\\/regiaonews.net.br\\\/2022\\\/#\\\/schema\\\/person\\\/2d205a608a5aa97ac279d7a5e6d89ad8\",\"name\":\"Roberto\",\"image\":{\"@type\":\"ImageObject\",\"inLanguage\":\"pt-BR\",\"@id\":\"https:\\\/\\\/secure.gravatar.com\\\/avatar\\\/42749d8b712ff9d59ca93dc150494e5b55a44134482993f5baeb97e61b7ecc89?s=96&d=mm&r=g\",\"url\":\"https:\\\/\\\/secure.gravatar.com\\\/avatar\\\/42749d8b712ff9d59ca93dc150494e5b55a44134482993f5baeb97e61b7ecc89?s=96&d=mm&r=g\",\"contentUrl\":\"https:\\\/\\\/secure.gravatar.com\\\/avatar\\\/42749d8b712ff9d59ca93dc150494e5b55a44134482993f5baeb97e61b7ecc89?s=96&d=mm&r=g\",\"caption\":\"Roberto\"},\"url\":\"https:\\\/\\\/regiaonews.net.br\\\/2022\\\/author\\\/roberto\\\/\"}]}<\/script>\n<!-- \/ Yoast SEO plugin. -->","yoast_head_json":{"title":"Justi\u00e7a suspende ato administrativo e mant\u00e9m postinhos com Funda\u00e7\u00e3o Pio XII - Regi\u00e3o News","robots":{"index":"index","follow":"follow","max-snippet":"max-snippet:-1","max-image-preview":"max-image-preview:large","max-video-preview":"max-video-preview:-1"},"canonical":"https:\/\/regiaonews.net.br\/2022\/2024\/06\/21\/justica-suspende-ato-administrativo-e-mantem-postinhos-com-fundacao-pio-xii\/","og_locale":"pt_BR","og_type":"article","og_title":"Justi\u00e7a suspende ato administrativo e mant\u00e9m postinhos com Funda\u00e7\u00e3o Pio XII - Regi\u00e3o News","og_description":"Em decis\u00e3o proferida nesta sexta-feira (21), o juiz Luiz Fernando","og_url":"https:\/\/regiaonews.net.br\/2022\/2024\/06\/21\/justica-suspende-ato-administrativo-e-mantem-postinhos-com-fundacao-pio-xii\/","og_site_name":"Regi\u00e3o News","article_published_time":"2024-06-21T18:48:18+00:00","article_modified_time":"2024-06-21T18:49:07+00:00","og_image":[{"width":1041,"height":608,"url":"https:\/\/regiaonews.net.br\/2022\/wp-content\/uploads\/2022\/01\/Forum.jpeg","type":"image\/jpeg"}],"author":"Roberto","twitter_card":"summary_large_image","twitter_misc":{"Escrito por":"Roberto","Est. tempo de leitura":"3 minutos"},"schema":{"@context":"https:\/\/schema.org","@graph":[{"@type":"Article","@id":"https:\/\/regiaonews.net.br\/2022\/2024\/06\/21\/justica-suspende-ato-administrativo-e-mantem-postinhos-com-fundacao-pio-xii\/#article","isPartOf":{"@id":"https:\/\/regiaonews.net.br\/2022\/2024\/06\/21\/justica-suspende-ato-administrativo-e-mantem-postinhos-com-fundacao-pio-xii\/"},"author":{"name":"Roberto","@id":"https:\/\/regiaonews.net.br\/2022\/#\/schema\/person\/2d205a608a5aa97ac279d7a5e6d89ad8"},"headline":"Justi\u00e7a suspende ato administrativo e mant\u00e9m postinhos com Funda\u00e7\u00e3o Pio XII","datePublished":"2024-06-21T18:48:18+00:00","dateModified":"2024-06-21T18:49:07+00:00","mainEntityOfPage":{"@id":"https:\/\/regiaonews.net.br\/2022\/2024\/06\/21\/justica-suspende-ato-administrativo-e-mantem-postinhos-com-fundacao-pio-xii\/"},"wordCount":479,"commentCount":0,"publisher":{"@id":"https:\/\/regiaonews.net.br\/2022\/#organization"},"image":{"@id":"https:\/\/regiaonews.net.br\/2022\/2024\/06\/21\/justica-suspende-ato-administrativo-e-mantem-postinhos-com-fundacao-pio-xii\/#primaryimage"},"thumbnailUrl":"https:\/\/regiaonews.net.br\/2022\/wp-content\/uploads\/2022\/01\/Forum.jpeg","articleSection":["Cidades","Esporte"],"inLanguage":"pt-BR","potentialAction":[{"@type":"CommentAction","name":"Comment","target":["https:\/\/regiaonews.net.br\/2022\/2024\/06\/21\/justica-suspende-ato-administrativo-e-mantem-postinhos-com-fundacao-pio-xii\/#respond"]}]},{"@type":"WebPage","@id":"https:\/\/regiaonews.net.br\/2022\/2024\/06\/21\/justica-suspende-ato-administrativo-e-mantem-postinhos-com-fundacao-pio-xii\/","url":"https:\/\/regiaonews.net.br\/2022\/2024\/06\/21\/justica-suspende-ato-administrativo-e-mantem-postinhos-com-fundacao-pio-xii\/","name":"Justi\u00e7a suspende ato administrativo e mant\u00e9m postinhos com Funda\u00e7\u00e3o Pio XII - Regi\u00e3o News","isPartOf":{"@id":"https:\/\/regiaonews.net.br\/2022\/#website"},"primaryImageOfPage":{"@id":"https:\/\/regiaonews.net.br\/2022\/2024\/06\/21\/justica-suspende-ato-administrativo-e-mantem-postinhos-com-fundacao-pio-xii\/#primaryimage"},"image":{"@id":"https:\/\/regiaonews.net.br\/2022\/2024\/06\/21\/justica-suspende-ato-administrativo-e-mantem-postinhos-com-fundacao-pio-xii\/#primaryimage"},"thumbnailUrl":"https:\/\/regiaonews.net.br\/2022\/wp-content\/uploads\/2022\/01\/Forum.jpeg","datePublished":"2024-06-21T18:48:18+00:00","dateModified":"2024-06-21T18:49:07+00:00","breadcrumb":{"@id":"https:\/\/regiaonews.net.br\/2022\/2024\/06\/21\/justica-suspende-ato-administrativo-e-mantem-postinhos-com-fundacao-pio-xii\/#breadcrumb"},"inLanguage":"pt-BR","potentialAction":[{"@type":"ReadAction","target":["https:\/\/regiaonews.net.br\/2022\/2024\/06\/21\/justica-suspende-ato-administrativo-e-mantem-postinhos-com-fundacao-pio-xii\/"]}]},{"@type":"ImageObject","inLanguage":"pt-BR","@id":"https:\/\/regiaonews.net.br\/2022\/2024\/06\/21\/justica-suspende-ato-administrativo-e-mantem-postinhos-com-fundacao-pio-xii\/#primaryimage","url":"https:\/\/regiaonews.net.br\/2022\/wp-content\/uploads\/2022\/01\/Forum.jpeg","contentUrl":"https:\/\/regiaonews.net.br\/2022\/wp-content\/uploads\/2022\/01\/Forum.jpeg","width":1041,"height":608,"caption":"Sede do F\u00f3rum de Barretos"},{"@type":"BreadcrumbList","@id":"https:\/\/regiaonews.net.br\/2022\/2024\/06\/21\/justica-suspende-ato-administrativo-e-mantem-postinhos-com-fundacao-pio-xii\/#breadcrumb","itemListElement":[{"@type":"ListItem","position":1,"name":"In\u00edcio","item":"https:\/\/regiaonews.net.br\/2022\/"},{"@type":"ListItem","position":2,"name":"Justi\u00e7a suspende ato administrativo e mant\u00e9m postinhos com Funda\u00e7\u00e3o Pio XII"}]},{"@type":"WebSite","@id":"https:\/\/regiaonews.net.br\/2022\/#website","url":"https:\/\/regiaonews.net.br\/2022\/","name":"Regi\u00e3o News","description":"Site de Not\u00edcias de Barretos e regi\u00e3o","publisher":{"@id":"https:\/\/regiaonews.net.br\/2022\/#organization"},"potentialAction":[{"@type":"SearchAction","target":{"@type":"EntryPoint","urlTemplate":"https:\/\/regiaonews.net.br\/2022\/?s={search_term_string}"},"query-input":{"@type":"PropertyValueSpecification","valueRequired":true,"valueName":"search_term_string"}}],"inLanguage":"pt-BR"},{"@type":"Organization","@id":"https:\/\/regiaonews.net.br\/2022\/#organization","name":"Regi\u00e3o News","url":"https:\/\/regiaonews.net.br\/2022\/","logo":{"@type":"ImageObject","inLanguage":"pt-BR","@id":"https:\/\/regiaonews.net.br\/2022\/#\/schema\/logo\/image\/","url":"https:\/\/regiaonews.net.br\/2022\/wp-content\/uploads\/2026\/03\/regiao-13-anos-scaled.jpg","contentUrl":"https:\/\/regiaonews.net.br\/2022\/wp-content\/uploads\/2026\/03\/regiao-13-anos-scaled.jpg","width":2560,"height":635,"caption":"Regi\u00e3o News"},"image":{"@id":"https:\/\/regiaonews.net.br\/2022\/#\/schema\/logo\/image\/"}},{"@type":"Person","@id":"https:\/\/regiaonews.net.br\/2022\/#\/schema\/person\/2d205a608a5aa97ac279d7a5e6d89ad8","name":"Roberto","image":{"@type":"ImageObject","inLanguage":"pt-BR","@id":"https:\/\/secure.gravatar.com\/avatar\/42749d8b712ff9d59ca93dc150494e5b55a44134482993f5baeb97e61b7ecc89?s=96&d=mm&r=g","url":"https:\/\/secure.gravatar.com\/avatar\/42749d8b712ff9d59ca93dc150494e5b55a44134482993f5baeb97e61b7ecc89?s=96&d=mm&r=g","contentUrl":"https:\/\/secure.gravatar.com\/avatar\/42749d8b712ff9d59ca93dc150494e5b55a44134482993f5baeb97e61b7ecc89?s=96&d=mm&r=g","caption":"Roberto"},"url":"https:\/\/regiaonews.net.br\/2022\/author\/roberto\/"}]}},"publishpress_future_action":{"enabled":false,"date":"2026-05-03 05:12:35","action":"change-status","newStatus":"draft","terms":[],"taxonomy":"category","extraData":[]},"publishpress_future_workflow_manual_trigger":{"enabledWorkflows":[]},"_links":{"self":[{"href":"https:\/\/regiaonews.net.br\/2022\/wp-json\/wp\/v2\/posts\/106677","targetHints":{"allow":["GET"]}}],"collection":[{"href":"https:\/\/regiaonews.net.br\/2022\/wp-json\/wp\/v2\/posts"}],"about":[{"href":"https:\/\/regiaonews.net.br\/2022\/wp-json\/wp\/v2\/types\/post"}],"author":[{"embeddable":true,"href":"https:\/\/regiaonews.net.br\/2022\/wp-json\/wp\/v2\/users\/2"}],"replies":[{"embeddable":true,"href":"https:\/\/regiaonews.net.br\/2022\/wp-json\/wp\/v2\/comments?post=106677"}],"version-history":[{"count":1,"href":"https:\/\/regiaonews.net.br\/2022\/wp-json\/wp\/v2\/posts\/106677\/revisions"}],"predecessor-version":[{"id":106678,"href":"https:\/\/regiaonews.net.br\/2022\/wp-json\/wp\/v2\/posts\/106677\/revisions\/106678"}],"wp:featuredmedia":[{"embeddable":true,"href":"https:\/\/regiaonews.net.br\/2022\/wp-json\/wp\/v2\/media\/65068"}],"wp:attachment":[{"href":"https:\/\/regiaonews.net.br\/2022\/wp-json\/wp\/v2\/media?parent=106677"}],"wp:term":[{"taxonomy":"category","embeddable":true,"href":"https:\/\/regiaonews.net.br\/2022\/wp-json\/wp\/v2\/categories?post=106677"},{"taxonomy":"post_tag","embeddable":true,"href":"https:\/\/regiaonews.net.br\/2022\/wp-json\/wp\/v2\/tags?post=106677"}],"curies":[{"name":"wp","href":"https:\/\/api.w.org\/{rel}","templated":true}]}}