{"id":106674,"date":"2024-06-21T12:05:13","date_gmt":"2024-06-21T15:05:13","guid":{"rendered":"https:\/\/regiaonews.net.br\/2022\/?p=106674"},"modified":"2024-06-21T12:05:20","modified_gmt":"2024-06-21T15:05:20","slug":"colina-prefeitura-e-saaec-realizam-obra-de-substituicao-da-rede-de-abastecimento-de-agua","status":"publish","type":"post","link":"https:\/\/regiaonews.net.br\/2022\/2024\/06\/21\/colina-prefeitura-e-saaec-realizam-obra-de-substituicao-da-rede-de-abastecimento-de-agua\/","title":{"rendered":"Colina: Prefeitura e SAAEC realizam obra de substitui\u00e7\u00e3o da rede de abastecimento de \u00e1gua"},"content":{"rendered":"<p>A Prefeitura Municipal de Colina, por meio do SAAEC \u2013 Servi\u00e7o Aut\u00f4nomo de \u00c1gua e Esgoto de Colina, em parceria com o FEHIDRO \u2013 Fundo Estadual de Recursos H\u00eddricos, est\u00e3o realizando a obra de substitui\u00e7\u00e3o da rede de abastecimento de \u00e1gua pot\u00e1vel, uma das a\u00e7\u00f5es primordiais no combate \u00e0s perdas de \u00e1gua.<\/p>\n<p>Est\u00e3o sendo executados 3.723,85 m (tr\u00eas mil setecentos e vinte e tr\u00eas e oitenta e cinco) metros de rede. Os novos tubos de PVC, possuem di\u00e2metro de 50 mil\u00edmetros e os e os ramais prediais com tubos de PEAD de 20 mil\u00edmetros. Haver\u00e1 tamb\u00e9m a setoriza\u00e7\u00e3o dos trechos, que consiste em instalar registros para facilitar os trabalhos futuros de manuten\u00e7\u00e3o, evitando desperd\u00edcios.<\/p>\n<p>O percurso da nova tubula\u00e7\u00e3o compreende trechos das seguintes ruas e avenidas:\u00a0Rua Ant\u00f4nio Paulo de Miranda; Rua Jos\u00e9 Marques de Oliveira; Avenida Luiz Lemos de Toledo; Rua 13 de maio; Rua Ant\u00f4nio Guarnier; Rua 7 de setembro; Avenida Pio de Mello Nogueira; Rua Luiz Camargo; Avenida Jaborandi e Avenida Expedicion\u00e1rio Roberto Marcondes.<\/p>\n<p>A obra tem como objetivo garantir a moderniza\u00e7\u00e3o da rede de abastecimento, assegurando qualidade no servi\u00e7o de distribui\u00e7\u00e3o de \u00e1gua para a popula\u00e7\u00e3o de Colina, influenciando diretamente na redu\u00e7\u00e3o dos \u00edndices de perdas f\u00edsicas de \u00e1gua tratada no munic\u00edpio. Mais do que isso, a nova estrutura hidr\u00e1ulica vai melhorar o abastecimento de todo o munic\u00edpio.<\/p>\n<p>O Prefeito, Dieb Taha, disse que esta \u00e9 uma obra necess\u00e1ria para melhorar o abastecimento de \u00e1gua no munic\u00edpio, considerando que as antigas tubula\u00e7\u00f5es s\u00e3o respons\u00e1veis por elevada taxa de perda de \u00e1gua tratada. \u00a0E destacou o trabalho desenvolvido pela Autarquia nos \u00faltimos anos, durante suas gest\u00f5es como Prefeito, e as conquistas do munic\u00edpio na \u00e1rea de saneamento. \u201cRealizamos importantes investimentos em saneamento b\u00e1sico, tais como a substitui\u00e7\u00e3o das redes de abastecimento de \u00e1gua antigas, por novas tubula\u00e7\u00f5es. At\u00e9 o momento, foram 12 mil e 800 metros lineares de substitui\u00e7\u00e3o de rede de abastecimento de \u00e1gua pot\u00e1vel durante nossa Administra\u00e7\u00e3o, visando proporcionar mais seguran\u00e7a, sa\u00fade e qualidade de vida para a popula\u00e7\u00e3o. Alguns estudos apontam que ao investirmos em saneamento b\u00e1sico, economizamos com atendimentos na sa\u00fade, trazendo melhor qualidade de vida aos cidad\u00e3os colinenses\u201d, destacou.<\/p>\n<p>Dieb reafirmou seu compromisso de continuar estimulando as a\u00e7\u00f5es de saneamento b\u00e1sico, que contribuem ativamente para a garantia da qualidade de vida e sa\u00fade p\u00fablica da popula\u00e7\u00e3o, assegurando um futuro melhor para as novas gera\u00e7\u00f5es. E finalizou, citando que Colina possui 100% do esgoto tratado; coleta seletiva de material recicl\u00e1vel e de res\u00edduos s\u00f3lidos e da constru\u00e7\u00e3o civil; constante manuten\u00e7\u00e3o e limpeza dos Po\u00e7os Artesianos, que abastecem a cidade; a perfura\u00e7\u00e3o de novos Po\u00e7os, entre outras a\u00e7\u00f5es.<\/p>\n","protected":false},"excerpt":{"rendered":"<p>A Prefeitura Municipal de Colina, por meio do SAAEC \u2013<\/p>\n","protected":false},"author":2,"featured_media":106675,"comment_status":"open","ping_status":"open","sticky":false,"template":"","format":"standard","meta":{"footnotes":""},"categories":[5,111],"tags":[],"class_list":["post-106674","post","type-post","status-publish","format-standard","has-post-thumbnail","hentry","category-colina","category-cotidiano"],"yoast_head":"<!-- This site is optimized with the Yoast SEO plugin v27.4 - https:\/\/yoast.com\/product\/yoast-seo-wordpress\/ -->\n<title>Colina: Prefeitura e SAAEC realizam obra de substitui\u00e7\u00e3o da rede de abastecimento de \u00e1gua - Regi\u00e3o News<\/title>\n<meta name=\"robots\" content=\"index, follow, max-snippet:-1, max-image-preview:large, max-video-preview:-1\" \/>\n<link rel=\"canonical\" href=\"https:\/\/regiaonews.net.br\/2022\/2024\/06\/21\/colina-prefeitura-e-saaec-realizam-obra-de-substituicao-da-rede-de-abastecimento-de-agua\/\" \/>\n<meta property=\"og:locale\" content=\"pt_BR\" \/>\n<meta property=\"og:type\" content=\"article\" \/>\n<meta property=\"og:title\" content=\"Colina: Prefeitura e SAAEC realizam obra de substitui\u00e7\u00e3o da rede de abastecimento de \u00e1gua - Regi\u00e3o News\" \/>\n<meta property=\"og:description\" content=\"A Prefeitura Municipal de Colina, por meio do SAAEC \u2013\" \/>\n<meta property=\"og:url\" content=\"https:\/\/regiaonews.net.br\/2022\/2024\/06\/21\/colina-prefeitura-e-saaec-realizam-obra-de-substituicao-da-rede-de-abastecimento-de-agua\/\" \/>\n<meta property=\"og:site_name\" content=\"Regi\u00e3o News\" \/>\n<meta property=\"article:published_time\" content=\"2024-06-21T15:05:13+00:00\" \/>\n<meta property=\"article:modified_time\" content=\"2024-06-21T15:05:20+00:00\" \/>\n<meta property=\"og:image\" content=\"https:\/\/regiaonews.net.br\/2022\/wp-content\/uploads\/2024\/06\/g_62_0_5_20062024165502.jpg\" \/>\n\t<meta property=\"og:image:width\" content=\"1600\" \/>\n\t<meta property=\"og:image:height\" content=\"900\" \/>\n\t<meta property=\"og:image:type\" content=\"image\/jpeg\" \/>\n<meta name=\"author\" content=\"Roberto\" \/>\n<meta name=\"twitter:card\" content=\"summary_large_image\" \/>\n<meta name=\"twitter:label1\" content=\"Escrito por\" \/>\n\t<meta name=\"twitter:data1\" content=\"Roberto\" \/>\n\t<meta name=\"twitter:label2\" content=\"Est. tempo de leitura\" \/>\n\t<meta name=\"twitter:data2\" content=\"3 minutos\" \/>\n<script type=\"application\/ld+json\" class=\"yoast-schema-graph\">{\"@context\":\"https:\\\/\\\/schema.org\",\"@graph\":[{\"@type\":\"Article\",\"@id\":\"https:\\\/\\\/regiaonews.net.br\\\/2022\\\/2024\\\/06\\\/21\\\/colina-prefeitura-e-saaec-realizam-obra-de-substituicao-da-rede-de-abastecimento-de-agua\\\/#article\",\"isPartOf\":{\"@id\":\"https:\\\/\\\/regiaonews.net.br\\\/2022\\\/2024\\\/06\\\/21\\\/colina-prefeitura-e-saaec-realizam-obra-de-substituicao-da-rede-de-abastecimento-de-agua\\\/\"},\"author\":{\"name\":\"Roberto\",\"@id\":\"https:\\\/\\\/regiaonews.net.br\\\/2022\\\/#\\\/schema\\\/person\\\/2d205a608a5aa97ac279d7a5e6d89ad8\"},\"headline\":\"Colina: Prefeitura e SAAEC realizam obra de substitui\u00e7\u00e3o da rede de abastecimento de \u00e1gua\",\"datePublished\":\"2024-06-21T15:05:13+00:00\",\"dateModified\":\"2024-06-21T15:05:20+00:00\",\"mainEntityOfPage\":{\"@id\":\"https:\\\/\\\/regiaonews.net.br\\\/2022\\\/2024\\\/06\\\/21\\\/colina-prefeitura-e-saaec-realizam-obra-de-substituicao-da-rede-de-abastecimento-de-agua\\\/\"},\"wordCount\":502,\"commentCount\":0,\"publisher\":{\"@id\":\"https:\\\/\\\/regiaonews.net.br\\\/2022\\\/#organization\"},\"image\":{\"@id\":\"https:\\\/\\\/regiaonews.net.br\\\/2022\\\/2024\\\/06\\\/21\\\/colina-prefeitura-e-saaec-realizam-obra-de-substituicao-da-rede-de-abastecimento-de-agua\\\/#primaryimage\"},\"thumbnailUrl\":\"https:\\\/\\\/regiaonews.net.br\\\/2022\\\/wp-content\\\/uploads\\\/2024\\\/06\\\/g_62_0_5_20062024165502.jpg\",\"articleSection\":[\"Colina\",\"Cotidiano\"],\"inLanguage\":\"pt-BR\",\"potentialAction\":[{\"@type\":\"CommentAction\",\"name\":\"Comment\",\"target\":[\"https:\\\/\\\/regiaonews.net.br\\\/2022\\\/2024\\\/06\\\/21\\\/colina-prefeitura-e-saaec-realizam-obra-de-substituicao-da-rede-de-abastecimento-de-agua\\\/#respond\"]}]},{\"@type\":\"WebPage\",\"@id\":\"https:\\\/\\\/regiaonews.net.br\\\/2022\\\/2024\\\/06\\\/21\\\/colina-prefeitura-e-saaec-realizam-obra-de-substituicao-da-rede-de-abastecimento-de-agua\\\/\",\"url\":\"https:\\\/\\\/regiaonews.net.br\\\/2022\\\/2024\\\/06\\\/21\\\/colina-prefeitura-e-saaec-realizam-obra-de-substituicao-da-rede-de-abastecimento-de-agua\\\/\",\"name\":\"Colina: Prefeitura e SAAEC realizam obra de substitui\u00e7\u00e3o da rede de abastecimento de \u00e1gua - Regi\u00e3o News\",\"isPartOf\":{\"@id\":\"https:\\\/\\\/regiaonews.net.br\\\/2022\\\/#website\"},\"primaryImageOfPage\":{\"@id\":\"https:\\\/\\\/regiaonews.net.br\\\/2022\\\/2024\\\/06\\\/21\\\/colina-prefeitura-e-saaec-realizam-obra-de-substituicao-da-rede-de-abastecimento-de-agua\\\/#primaryimage\"},\"image\":{\"@id\":\"https:\\\/\\\/regiaonews.net.br\\\/2022\\\/2024\\\/06\\\/21\\\/colina-prefeitura-e-saaec-realizam-obra-de-substituicao-da-rede-de-abastecimento-de-agua\\\/#primaryimage\"},\"thumbnailUrl\":\"https:\\\/\\\/regiaonews.net.br\\\/2022\\\/wp-content\\\/uploads\\\/2024\\\/06\\\/g_62_0_5_20062024165502.jpg\",\"datePublished\":\"2024-06-21T15:05:13+00:00\",\"dateModified\":\"2024-06-21T15:05:20+00:00\",\"breadcrumb\":{\"@id\":\"https:\\\/\\\/regiaonews.net.br\\\/2022\\\/2024\\\/06\\\/21\\\/colina-prefeitura-e-saaec-realizam-obra-de-substituicao-da-rede-de-abastecimento-de-agua\\\/#breadcrumb\"},\"inLanguage\":\"pt-BR\",\"potentialAction\":[{\"@type\":\"ReadAction\",\"target\":[\"https:\\\/\\\/regiaonews.net.br\\\/2022\\\/2024\\\/06\\\/21\\\/colina-prefeitura-e-saaec-realizam-obra-de-substituicao-da-rede-de-abastecimento-de-agua\\\/\"]}]},{\"@type\":\"ImageObject\",\"inLanguage\":\"pt-BR\",\"@id\":\"https:\\\/\\\/regiaonews.net.br\\\/2022\\\/2024\\\/06\\\/21\\\/colina-prefeitura-e-saaec-realizam-obra-de-substituicao-da-rede-de-abastecimento-de-agua\\\/#primaryimage\",\"url\":\"https:\\\/\\\/regiaonews.net.br\\\/2022\\\/wp-content\\\/uploads\\\/2024\\\/06\\\/g_62_0_5_20062024165502.jpg\",\"contentUrl\":\"https:\\\/\\\/regiaonews.net.br\\\/2022\\\/wp-content\\\/uploads\\\/2024\\\/06\\\/g_62_0_5_20062024165502.jpg\",\"width\":1600,\"height\":900},{\"@type\":\"BreadcrumbList\",\"@id\":\"https:\\\/\\\/regiaonews.net.br\\\/2022\\\/2024\\\/06\\\/21\\\/colina-prefeitura-e-saaec-realizam-obra-de-substituicao-da-rede-de-abastecimento-de-agua\\\/#breadcrumb\",\"itemListElement\":[{\"@type\":\"ListItem\",\"position\":1,\"name\":\"In\u00edcio\",\"item\":\"https:\\\/\\\/regiaonews.net.br\\\/2022\\\/\"},{\"@type\":\"ListItem\",\"position\":2,\"name\":\"Colina: Prefeitura e SAAEC realizam obra de substitui\u00e7\u00e3o da rede de abastecimento de \u00e1gua\"}]},{\"@type\":\"WebSite\",\"@id\":\"https:\\\/\\\/regiaonews.net.br\\\/2022\\\/#website\",\"url\":\"https:\\\/\\\/regiaonews.net.br\\\/2022\\\/\",\"name\":\"Regi\u00e3o News\",\"description\":\"Site de Not\u00edcias de Barretos e regi\u00e3o\",\"publisher\":{\"@id\":\"https:\\\/\\\/regiaonews.net.br\\\/2022\\\/#organization\"},\"potentialAction\":[{\"@type\":\"SearchAction\",\"target\":{\"@type\":\"EntryPoint\",\"urlTemplate\":\"https:\\\/\\\/regiaonews.net.br\\\/2022\\\/?s={search_term_string}\"},\"query-input\":{\"@type\":\"PropertyValueSpecification\",\"valueRequired\":true,\"valueName\":\"search_term_string\"}}],\"inLanguage\":\"pt-BR\"},{\"@type\":\"Organization\",\"@id\":\"https:\\\/\\\/regiaonews.net.br\\\/2022\\\/#organization\",\"name\":\"Regi\u00e3o News\",\"url\":\"https:\\\/\\\/regiaonews.net.br\\\/2022\\\/\",\"logo\":{\"@type\":\"ImageObject\",\"inLanguage\":\"pt-BR\",\"@id\":\"https:\\\/\\\/regiaonews.net.br\\\/2022\\\/#\\\/schema\\\/logo\\\/image\\\/\",\"url\":\"https:\\\/\\\/regiaonews.net.br\\\/2022\\\/wp-content\\\/uploads\\\/2026\\\/03\\\/regiao-13-anos-scaled.jpg\",\"contentUrl\":\"https:\\\/\\\/regiaonews.net.br\\\/2022\\\/wp-content\\\/uploads\\\/2026\\\/03\\\/regiao-13-anos-scaled.jpg\",\"width\":2560,\"height\":635,\"caption\":\"Regi\u00e3o News\"},\"image\":{\"@id\":\"https:\\\/\\\/regiaonews.net.br\\\/2022\\\/#\\\/schema\\\/logo\\\/image\\\/\"}},{\"@type\":\"Person\",\"@id\":\"https:\\\/\\\/regiaonews.net.br\\\/2022\\\/#\\\/schema\\\/person\\\/2d205a608a5aa97ac279d7a5e6d89ad8\",\"name\":\"Roberto\",\"image\":{\"@type\":\"ImageObject\",\"inLanguage\":\"pt-BR\",\"@id\":\"https:\\\/\\\/secure.gravatar.com\\\/avatar\\\/42749d8b712ff9d59ca93dc150494e5b55a44134482993f5baeb97e61b7ecc89?s=96&d=mm&r=g\",\"url\":\"https:\\\/\\\/secure.gravatar.com\\\/avatar\\\/42749d8b712ff9d59ca93dc150494e5b55a44134482993f5baeb97e61b7ecc89?s=96&d=mm&r=g\",\"contentUrl\":\"https:\\\/\\\/secure.gravatar.com\\\/avatar\\\/42749d8b712ff9d59ca93dc150494e5b55a44134482993f5baeb97e61b7ecc89?s=96&d=mm&r=g\",\"caption\":\"Roberto\"},\"url\":\"https:\\\/\\\/regiaonews.net.br\\\/2022\\\/author\\\/roberto\\\/\"}]}<\/script>\n<!-- \/ Yoast SEO plugin. -->","yoast_head_json":{"title":"Colina: Prefeitura e SAAEC realizam obra de substitui\u00e7\u00e3o da rede de abastecimento de \u00e1gua - Regi\u00e3o News","robots":{"index":"index","follow":"follow","max-snippet":"max-snippet:-1","max-image-preview":"max-image-preview:large","max-video-preview":"max-video-preview:-1"},"canonical":"https:\/\/regiaonews.net.br\/2022\/2024\/06\/21\/colina-prefeitura-e-saaec-realizam-obra-de-substituicao-da-rede-de-abastecimento-de-agua\/","og_locale":"pt_BR","og_type":"article","og_title":"Colina: Prefeitura e SAAEC realizam obra de substitui\u00e7\u00e3o da rede de abastecimento de \u00e1gua - Regi\u00e3o News","og_description":"A Prefeitura Municipal de Colina, por meio do SAAEC \u2013","og_url":"https:\/\/regiaonews.net.br\/2022\/2024\/06\/21\/colina-prefeitura-e-saaec-realizam-obra-de-substituicao-da-rede-de-abastecimento-de-agua\/","og_site_name":"Regi\u00e3o News","article_published_time":"2024-06-21T15:05:13+00:00","article_modified_time":"2024-06-21T15:05:20+00:00","og_image":[{"width":1600,"height":900,"url":"https:\/\/regiaonews.net.br\/2022\/wp-content\/uploads\/2024\/06\/g_62_0_5_20062024165502.jpg","type":"image\/jpeg"}],"author":"Roberto","twitter_card":"summary_large_image","twitter_misc":{"Escrito por":"Roberto","Est. tempo de leitura":"3 minutos"},"schema":{"@context":"https:\/\/schema.org","@graph":[{"@type":"Article","@id":"https:\/\/regiaonews.net.br\/2022\/2024\/06\/21\/colina-prefeitura-e-saaec-realizam-obra-de-substituicao-da-rede-de-abastecimento-de-agua\/#article","isPartOf":{"@id":"https:\/\/regiaonews.net.br\/2022\/2024\/06\/21\/colina-prefeitura-e-saaec-realizam-obra-de-substituicao-da-rede-de-abastecimento-de-agua\/"},"author":{"name":"Roberto","@id":"https:\/\/regiaonews.net.br\/2022\/#\/schema\/person\/2d205a608a5aa97ac279d7a5e6d89ad8"},"headline":"Colina: Prefeitura e SAAEC realizam obra de substitui\u00e7\u00e3o da rede de abastecimento de \u00e1gua","datePublished":"2024-06-21T15:05:13+00:00","dateModified":"2024-06-21T15:05:20+00:00","mainEntityOfPage":{"@id":"https:\/\/regiaonews.net.br\/2022\/2024\/06\/21\/colina-prefeitura-e-saaec-realizam-obra-de-substituicao-da-rede-de-abastecimento-de-agua\/"},"wordCount":502,"commentCount":0,"publisher":{"@id":"https:\/\/regiaonews.net.br\/2022\/#organization"},"image":{"@id":"https:\/\/regiaonews.net.br\/2022\/2024\/06\/21\/colina-prefeitura-e-saaec-realizam-obra-de-substituicao-da-rede-de-abastecimento-de-agua\/#primaryimage"},"thumbnailUrl":"https:\/\/regiaonews.net.br\/2022\/wp-content\/uploads\/2024\/06\/g_62_0_5_20062024165502.jpg","articleSection":["Colina","Cotidiano"],"inLanguage":"pt-BR","potentialAction":[{"@type":"CommentAction","name":"Comment","target":["https:\/\/regiaonews.net.br\/2022\/2024\/06\/21\/colina-prefeitura-e-saaec-realizam-obra-de-substituicao-da-rede-de-abastecimento-de-agua\/#respond"]}]},{"@type":"WebPage","@id":"https:\/\/regiaonews.net.br\/2022\/2024\/06\/21\/colina-prefeitura-e-saaec-realizam-obra-de-substituicao-da-rede-de-abastecimento-de-agua\/","url":"https:\/\/regiaonews.net.br\/2022\/2024\/06\/21\/colina-prefeitura-e-saaec-realizam-obra-de-substituicao-da-rede-de-abastecimento-de-agua\/","name":"Colina: Prefeitura e SAAEC realizam obra de substitui\u00e7\u00e3o da rede de abastecimento de \u00e1gua - Regi\u00e3o News","isPartOf":{"@id":"https:\/\/regiaonews.net.br\/2022\/#website"},"primaryImageOfPage":{"@id":"https:\/\/regiaonews.net.br\/2022\/2024\/06\/21\/colina-prefeitura-e-saaec-realizam-obra-de-substituicao-da-rede-de-abastecimento-de-agua\/#primaryimage"},"image":{"@id":"https:\/\/regiaonews.net.br\/2022\/2024\/06\/21\/colina-prefeitura-e-saaec-realizam-obra-de-substituicao-da-rede-de-abastecimento-de-agua\/#primaryimage"},"thumbnailUrl":"https:\/\/regiaonews.net.br\/2022\/wp-content\/uploads\/2024\/06\/g_62_0_5_20062024165502.jpg","datePublished":"2024-06-21T15:05:13+00:00","dateModified":"2024-06-21T15:05:20+00:00","breadcrumb":{"@id":"https:\/\/regiaonews.net.br\/2022\/2024\/06\/21\/colina-prefeitura-e-saaec-realizam-obra-de-substituicao-da-rede-de-abastecimento-de-agua\/#breadcrumb"},"inLanguage":"pt-BR","potentialAction":[{"@type":"ReadAction","target":["https:\/\/regiaonews.net.br\/2022\/2024\/06\/21\/colina-prefeitura-e-saaec-realizam-obra-de-substituicao-da-rede-de-abastecimento-de-agua\/"]}]},{"@type":"ImageObject","inLanguage":"pt-BR","@id":"https:\/\/regiaonews.net.br\/2022\/2024\/06\/21\/colina-prefeitura-e-saaec-realizam-obra-de-substituicao-da-rede-de-abastecimento-de-agua\/#primaryimage","url":"https:\/\/regiaonews.net.br\/2022\/wp-content\/uploads\/2024\/06\/g_62_0_5_20062024165502.jpg","contentUrl":"https:\/\/regiaonews.net.br\/2022\/wp-content\/uploads\/2024\/06\/g_62_0_5_20062024165502.jpg","width":1600,"height":900},{"@type":"BreadcrumbList","@id":"https:\/\/regiaonews.net.br\/2022\/2024\/06\/21\/colina-prefeitura-e-saaec-realizam-obra-de-substituicao-da-rede-de-abastecimento-de-agua\/#breadcrumb","itemListElement":[{"@type":"ListItem","position":1,"name":"In\u00edcio","item":"https:\/\/regiaonews.net.br\/2022\/"},{"@type":"ListItem","position":2,"name":"Colina: Prefeitura e SAAEC realizam obra de substitui\u00e7\u00e3o da rede de abastecimento de \u00e1gua"}]},{"@type":"WebSite","@id":"https:\/\/regiaonews.net.br\/2022\/#website","url":"https:\/\/regiaonews.net.br\/2022\/","name":"Regi\u00e3o News","description":"Site de Not\u00edcias de Barretos e regi\u00e3o","publisher":{"@id":"https:\/\/regiaonews.net.br\/2022\/#organization"},"potentialAction":[{"@type":"SearchAction","target":{"@type":"EntryPoint","urlTemplate":"https:\/\/regiaonews.net.br\/2022\/?s={search_term_string}"},"query-input":{"@type":"PropertyValueSpecification","valueRequired":true,"valueName":"search_term_string"}}],"inLanguage":"pt-BR"},{"@type":"Organization","@id":"https:\/\/regiaonews.net.br\/2022\/#organization","name":"Regi\u00e3o News","url":"https:\/\/regiaonews.net.br\/2022\/","logo":{"@type":"ImageObject","inLanguage":"pt-BR","@id":"https:\/\/regiaonews.net.br\/2022\/#\/schema\/logo\/image\/","url":"https:\/\/regiaonews.net.br\/2022\/wp-content\/uploads\/2026\/03\/regiao-13-anos-scaled.jpg","contentUrl":"https:\/\/regiaonews.net.br\/2022\/wp-content\/uploads\/2026\/03\/regiao-13-anos-scaled.jpg","width":2560,"height":635,"caption":"Regi\u00e3o News"},"image":{"@id":"https:\/\/regiaonews.net.br\/2022\/#\/schema\/logo\/image\/"}},{"@type":"Person","@id":"https:\/\/regiaonews.net.br\/2022\/#\/schema\/person\/2d205a608a5aa97ac279d7a5e6d89ad8","name":"Roberto","image":{"@type":"ImageObject","inLanguage":"pt-BR","@id":"https:\/\/secure.gravatar.com\/avatar\/42749d8b712ff9d59ca93dc150494e5b55a44134482993f5baeb97e61b7ecc89?s=96&d=mm&r=g","url":"https:\/\/secure.gravatar.com\/avatar\/42749d8b712ff9d59ca93dc150494e5b55a44134482993f5baeb97e61b7ecc89?s=96&d=mm&r=g","contentUrl":"https:\/\/secure.gravatar.com\/avatar\/42749d8b712ff9d59ca93dc150494e5b55a44134482993f5baeb97e61b7ecc89?s=96&d=mm&r=g","caption":"Roberto"},"url":"https:\/\/regiaonews.net.br\/2022\/author\/roberto\/"}]}},"publishpress_future_action":{"enabled":false,"date":"2026-05-03 02:12:11","action":"change-status","newStatus":"draft","terms":[],"taxonomy":"category","extraData":[]},"publishpress_future_workflow_manual_trigger":{"enabledWorkflows":[]},"_links":{"self":[{"href":"https:\/\/regiaonews.net.br\/2022\/wp-json\/wp\/v2\/posts\/106674","targetHints":{"allow":["GET"]}}],"collection":[{"href":"https:\/\/regiaonews.net.br\/2022\/wp-json\/wp\/v2\/posts"}],"about":[{"href":"https:\/\/regiaonews.net.br\/2022\/wp-json\/wp\/v2\/types\/post"}],"author":[{"embeddable":true,"href":"https:\/\/regiaonews.net.br\/2022\/wp-json\/wp\/v2\/users\/2"}],"replies":[{"embeddable":true,"href":"https:\/\/regiaonews.net.br\/2022\/wp-json\/wp\/v2\/comments?post=106674"}],"version-history":[{"count":1,"href":"https:\/\/regiaonews.net.br\/2022\/wp-json\/wp\/v2\/posts\/106674\/revisions"}],"predecessor-version":[{"id":106676,"href":"https:\/\/regiaonews.net.br\/2022\/wp-json\/wp\/v2\/posts\/106674\/revisions\/106676"}],"wp:featuredmedia":[{"embeddable":true,"href":"https:\/\/regiaonews.net.br\/2022\/wp-json\/wp\/v2\/media\/106675"}],"wp:attachment":[{"href":"https:\/\/regiaonews.net.br\/2022\/wp-json\/wp\/v2\/media?parent=106674"}],"wp:term":[{"taxonomy":"category","embeddable":true,"href":"https:\/\/regiaonews.net.br\/2022\/wp-json\/wp\/v2\/categories?post=106674"},{"taxonomy":"post_tag","embeddable":true,"href":"https:\/\/regiaonews.net.br\/2022\/wp-json\/wp\/v2\/tags?post=106674"}],"curies":[{"name":"wp","href":"https:\/\/api.w.org\/{rel}","templated":true}]}}