{"id":106657,"date":"2024-06-21T11:53:41","date_gmt":"2024-06-21T14:53:41","guid":{"rendered":"https:\/\/regiaonews.net.br\/2022\/?p=106657"},"modified":"2024-06-21T11:53:41","modified_gmt":"2024-06-21T14:53:41","slug":"barretos-implanta-primeiras-cameras-de-monitoramento-do-projeto","status":"publish","type":"post","link":"https:\/\/regiaonews.net.br\/2022\/2024\/06\/21\/barretos-implanta-primeiras-cameras-de-monitoramento-do-projeto\/","title":{"rendered":"Barretos implanta primeiras c\u00e2meras de monitoramento do projeto"},"content":{"rendered":"<p>A empresa Barretos Inteligente, que \u00e9 a concession\u00e1ria da Ilumina\u00e7\u00e3o P\u00fablica, iniciou neste m\u00eas de junho, a instala\u00e7\u00e3o de c\u00e2meras de monitoramento no per\u00edmetro urbano de Barretos. Os primeiros equipamentos j\u00e1 foram implantados na avenida Centen\u00e1rio da Aboli\u00e7\u00e3o na Regi\u00e3o dos Lagos, na Vicinal Luiz Carlos Arutin em frente ao 33\u00ba Batalh\u00e3o da PM, na avenida Rio Dalva e na avenida 23 com a rua 32 no Post\u00e3o. O sistema 9 c\u00e2meras instaladas, uma com giro de 360 graus e alcance de 1,5 km e outras que fazem a leitura de placas de ve\u00edculos com situa\u00e7\u00e3o de furto e roubo com velocidade at\u00e9 120 km\/h, estando interligado ao sistema detecta do programa Muralha de Seguran\u00e7a do Governo de S\u00e3o Paulo.<br \/>\nO diretor de Opera\u00e7\u00f5es da Concession\u00e1ria Barretos Inteligente, Jos\u00e9 Gimenes, explicou que as c\u00e2meras de seguran\u00e7a j\u00e1 est\u00e3o interligadas via fibra \u00f3tica com o CCO \u2013 Centro de Controle Operacional \u2013 que est\u00e1 instalado na antiga biblioteca Nilza Diniz Soares de Oliveira, pr\u00f3xima \u00e0 Prefeitura de Barretos. \u201cEstamos em fase de ajuste das imagens do CCO com a instala\u00e7\u00e3o dos equipamentos, software e fazendo as configura\u00e7\u00f5es. At\u00e9 o final deste m\u00eas j\u00e1 estar\u00e3o funcionando junto, com um total de 20 c\u00e2meras\u201d, explicou Gimenes.<br \/>\nO diretor do cons\u00f3rcio IP Barretos Inteligente disse que o projeto todo ter\u00e1 40 locais com um total de 84 c\u00e2meras de monitoramento que ser\u00e3o implantados em locais sugeridos pelas equipes de seguran\u00e7a. \u201cAt\u00e9 o final de julho, teremos todas elas operacionais. A responsabilidade nossa \u00e9 gerar as imagens, manter as imagens 24 horas todos os dias e manter a grava\u00e7\u00e3o por 30 dias, com a opera\u00e7\u00e3o das imagens feita pela Pol\u00edcia Civil e Militar no CCO\u201d, disse o diretor. O novo sistema de monitoramento n\u00e3o registra multas, apenas imagens que v\u00e3o para a Centro Controle Operacional.<br \/>\nO controlador-geral do munic\u00edpio, Paulo Fernando Scannavino, destacou que ap\u00f3s a implanta\u00e7\u00e3o das l\u00e2mpadas de Led implantadas para melhorar a luminosidade, est\u00e1 ocorrendo a implanta\u00e7\u00e3o das c\u00e2meras de monitoramento. \u201c\u00c9 importante para Barretos, para a seguran\u00e7a nossa, dando mais tranquilidade \u00e0 popula\u00e7\u00e3o barretense. A gest\u00e3o do CCO ser\u00e1 da prefeitura, e teremos o policiamento l\u00e1 dando o suporte \u00e0s pessoas que atuar\u00e3o no monitoramento. Estamos fazendo os ajustes e todas as entradas e sa\u00eddas, e pontos estrat\u00e9gicos ter\u00e3o esses equipamentos sugeridos pela Pol\u00edcia\u201d, afirmou\u00a0Scannavino.<\/p>\n","protected":false},"excerpt":{"rendered":"<p>A empresa Barretos Inteligente, que \u00e9 a concession\u00e1ria da Ilumina\u00e7\u00e3o<\/p>\n","protected":false},"author":2,"featured_media":106658,"comment_status":"open","ping_status":"open","sticky":false,"template":"","format":"standard","meta":{"footnotes":""},"categories":[14,3],"tags":[],"class_list":["post-106657","post","type-post","status-publish","format-standard","has-post-thumbnail","hentry","category-barretos","category-geral"],"yoast_head":"<!-- This site is optimized with the Yoast SEO plugin v27.4 - https:\/\/yoast.com\/product\/yoast-seo-wordpress\/ -->\n<title>Barretos implanta primeiras c\u00e2meras de monitoramento do projeto - Regi\u00e3o News<\/title>\n<meta name=\"robots\" content=\"index, follow, max-snippet:-1, max-image-preview:large, max-video-preview:-1\" \/>\n<link rel=\"canonical\" href=\"https:\/\/regiaonews.net.br\/2022\/2024\/06\/21\/barretos-implanta-primeiras-cameras-de-monitoramento-do-projeto\/\" \/>\n<meta property=\"og:locale\" content=\"pt_BR\" \/>\n<meta property=\"og:type\" content=\"article\" \/>\n<meta property=\"og:title\" content=\"Barretos implanta primeiras c\u00e2meras de monitoramento do projeto - Regi\u00e3o News\" \/>\n<meta property=\"og:description\" content=\"A empresa Barretos Inteligente, que \u00e9 a concession\u00e1ria da Ilumina\u00e7\u00e3o\" \/>\n<meta property=\"og:url\" content=\"https:\/\/regiaonews.net.br\/2022\/2024\/06\/21\/barretos-implanta-primeiras-cameras-de-monitoramento-do-projeto\/\" \/>\n<meta property=\"og:site_name\" content=\"Regi\u00e3o News\" \/>\n<meta property=\"article:published_time\" content=\"2024-06-21T14:53:41+00:00\" \/>\n<meta property=\"og:image\" content=\"https:\/\/regiaonews.net.br\/2022\/wp-content\/uploads\/2024\/06\/Imagem-do-WhatsApp-de-2024-06-21-as-11.19.13_a8abbfa3.jpg\" \/>\n\t<meta property=\"og:image:width\" content=\"1600\" \/>\n\t<meta property=\"og:image:height\" content=\"1069\" \/>\n\t<meta property=\"og:image:type\" content=\"image\/jpeg\" \/>\n<meta name=\"author\" content=\"Roberto\" \/>\n<meta name=\"twitter:card\" content=\"summary_large_image\" \/>\n<meta name=\"twitter:label1\" content=\"Escrito por\" \/>\n\t<meta name=\"twitter:data1\" content=\"Roberto\" \/>\n\t<meta name=\"twitter:label2\" content=\"Est. tempo de leitura\" \/>\n\t<meta name=\"twitter:data2\" content=\"3 minutos\" \/>\n<script type=\"application\/ld+json\" class=\"yoast-schema-graph\">{\"@context\":\"https:\\\/\\\/schema.org\",\"@graph\":[{\"@type\":\"Article\",\"@id\":\"https:\\\/\\\/regiaonews.net.br\\\/2022\\\/2024\\\/06\\\/21\\\/barretos-implanta-primeiras-cameras-de-monitoramento-do-projeto\\\/#article\",\"isPartOf\":{\"@id\":\"https:\\\/\\\/regiaonews.net.br\\\/2022\\\/2024\\\/06\\\/21\\\/barretos-implanta-primeiras-cameras-de-monitoramento-do-projeto\\\/\"},\"author\":{\"name\":\"Roberto\",\"@id\":\"https:\\\/\\\/regiaonews.net.br\\\/2022\\\/#\\\/schema\\\/person\\\/2d205a608a5aa97ac279d7a5e6d89ad8\"},\"headline\":\"Barretos implanta primeiras c\u00e2meras de monitoramento do projeto\",\"datePublished\":\"2024-06-21T14:53:41+00:00\",\"mainEntityOfPage\":{\"@id\":\"https:\\\/\\\/regiaonews.net.br\\\/2022\\\/2024\\\/06\\\/21\\\/barretos-implanta-primeiras-cameras-de-monitoramento-do-projeto\\\/\"},\"wordCount\":427,\"commentCount\":0,\"publisher\":{\"@id\":\"https:\\\/\\\/regiaonews.net.br\\\/2022\\\/#organization\"},\"image\":{\"@id\":\"https:\\\/\\\/regiaonews.net.br\\\/2022\\\/2024\\\/06\\\/21\\\/barretos-implanta-primeiras-cameras-de-monitoramento-do-projeto\\\/#primaryimage\"},\"thumbnailUrl\":\"https:\\\/\\\/regiaonews.net.br\\\/2022\\\/wp-content\\\/uploads\\\/2024\\\/06\\\/Imagem-do-WhatsApp-de-2024-06-21-as-11.19.13_a8abbfa3.jpg\",\"articleSection\":[\"Barretos\",\"Geral\"],\"inLanguage\":\"pt-BR\",\"potentialAction\":[{\"@type\":\"CommentAction\",\"name\":\"Comment\",\"target\":[\"https:\\\/\\\/regiaonews.net.br\\\/2022\\\/2024\\\/06\\\/21\\\/barretos-implanta-primeiras-cameras-de-monitoramento-do-projeto\\\/#respond\"]}]},{\"@type\":\"WebPage\",\"@id\":\"https:\\\/\\\/regiaonews.net.br\\\/2022\\\/2024\\\/06\\\/21\\\/barretos-implanta-primeiras-cameras-de-monitoramento-do-projeto\\\/\",\"url\":\"https:\\\/\\\/regiaonews.net.br\\\/2022\\\/2024\\\/06\\\/21\\\/barretos-implanta-primeiras-cameras-de-monitoramento-do-projeto\\\/\",\"name\":\"Barretos implanta primeiras c\u00e2meras de monitoramento do projeto - Regi\u00e3o News\",\"isPartOf\":{\"@id\":\"https:\\\/\\\/regiaonews.net.br\\\/2022\\\/#website\"},\"primaryImageOfPage\":{\"@id\":\"https:\\\/\\\/regiaonews.net.br\\\/2022\\\/2024\\\/06\\\/21\\\/barretos-implanta-primeiras-cameras-de-monitoramento-do-projeto\\\/#primaryimage\"},\"image\":{\"@id\":\"https:\\\/\\\/regiaonews.net.br\\\/2022\\\/2024\\\/06\\\/21\\\/barretos-implanta-primeiras-cameras-de-monitoramento-do-projeto\\\/#primaryimage\"},\"thumbnailUrl\":\"https:\\\/\\\/regiaonews.net.br\\\/2022\\\/wp-content\\\/uploads\\\/2024\\\/06\\\/Imagem-do-WhatsApp-de-2024-06-21-as-11.19.13_a8abbfa3.jpg\",\"datePublished\":\"2024-06-21T14:53:41+00:00\",\"breadcrumb\":{\"@id\":\"https:\\\/\\\/regiaonews.net.br\\\/2022\\\/2024\\\/06\\\/21\\\/barretos-implanta-primeiras-cameras-de-monitoramento-do-projeto\\\/#breadcrumb\"},\"inLanguage\":\"pt-BR\",\"potentialAction\":[{\"@type\":\"ReadAction\",\"target\":[\"https:\\\/\\\/regiaonews.net.br\\\/2022\\\/2024\\\/06\\\/21\\\/barretos-implanta-primeiras-cameras-de-monitoramento-do-projeto\\\/\"]}]},{\"@type\":\"ImageObject\",\"inLanguage\":\"pt-BR\",\"@id\":\"https:\\\/\\\/regiaonews.net.br\\\/2022\\\/2024\\\/06\\\/21\\\/barretos-implanta-primeiras-cameras-de-monitoramento-do-projeto\\\/#primaryimage\",\"url\":\"https:\\\/\\\/regiaonews.net.br\\\/2022\\\/wp-content\\\/uploads\\\/2024\\\/06\\\/Imagem-do-WhatsApp-de-2024-06-21-as-11.19.13_a8abbfa3.jpg\",\"contentUrl\":\"https:\\\/\\\/regiaonews.net.br\\\/2022\\\/wp-content\\\/uploads\\\/2024\\\/06\\\/Imagem-do-WhatsApp-de-2024-06-21-as-11.19.13_a8abbfa3.jpg\",\"width\":1600,\"height\":1069},{\"@type\":\"BreadcrumbList\",\"@id\":\"https:\\\/\\\/regiaonews.net.br\\\/2022\\\/2024\\\/06\\\/21\\\/barretos-implanta-primeiras-cameras-de-monitoramento-do-projeto\\\/#breadcrumb\",\"itemListElement\":[{\"@type\":\"ListItem\",\"position\":1,\"name\":\"In\u00edcio\",\"item\":\"https:\\\/\\\/regiaonews.net.br\\\/2022\\\/\"},{\"@type\":\"ListItem\",\"position\":2,\"name\":\"Barretos implanta primeiras c\u00e2meras de monitoramento do projeto\"}]},{\"@type\":\"WebSite\",\"@id\":\"https:\\\/\\\/regiaonews.net.br\\\/2022\\\/#website\",\"url\":\"https:\\\/\\\/regiaonews.net.br\\\/2022\\\/\",\"name\":\"Regi\u00e3o News\",\"description\":\"Site de Not\u00edcias de Barretos e regi\u00e3o\",\"publisher\":{\"@id\":\"https:\\\/\\\/regiaonews.net.br\\\/2022\\\/#organization\"},\"potentialAction\":[{\"@type\":\"SearchAction\",\"target\":{\"@type\":\"EntryPoint\",\"urlTemplate\":\"https:\\\/\\\/regiaonews.net.br\\\/2022\\\/?s={search_term_string}\"},\"query-input\":{\"@type\":\"PropertyValueSpecification\",\"valueRequired\":true,\"valueName\":\"search_term_string\"}}],\"inLanguage\":\"pt-BR\"},{\"@type\":\"Organization\",\"@id\":\"https:\\\/\\\/regiaonews.net.br\\\/2022\\\/#organization\",\"name\":\"Regi\u00e3o News\",\"url\":\"https:\\\/\\\/regiaonews.net.br\\\/2022\\\/\",\"logo\":{\"@type\":\"ImageObject\",\"inLanguage\":\"pt-BR\",\"@id\":\"https:\\\/\\\/regiaonews.net.br\\\/2022\\\/#\\\/schema\\\/logo\\\/image\\\/\",\"url\":\"https:\\\/\\\/regiaonews.net.br\\\/2022\\\/wp-content\\\/uploads\\\/2026\\\/03\\\/regiao-13-anos-scaled.jpg\",\"contentUrl\":\"https:\\\/\\\/regiaonews.net.br\\\/2022\\\/wp-content\\\/uploads\\\/2026\\\/03\\\/regiao-13-anos-scaled.jpg\",\"width\":2560,\"height\":635,\"caption\":\"Regi\u00e3o News\"},\"image\":{\"@id\":\"https:\\\/\\\/regiaonews.net.br\\\/2022\\\/#\\\/schema\\\/logo\\\/image\\\/\"}},{\"@type\":\"Person\",\"@id\":\"https:\\\/\\\/regiaonews.net.br\\\/2022\\\/#\\\/schema\\\/person\\\/2d205a608a5aa97ac279d7a5e6d89ad8\",\"name\":\"Roberto\",\"image\":{\"@type\":\"ImageObject\",\"inLanguage\":\"pt-BR\",\"@id\":\"https:\\\/\\\/secure.gravatar.com\\\/avatar\\\/42749d8b712ff9d59ca93dc150494e5b55a44134482993f5baeb97e61b7ecc89?s=96&d=mm&r=g\",\"url\":\"https:\\\/\\\/secure.gravatar.com\\\/avatar\\\/42749d8b712ff9d59ca93dc150494e5b55a44134482993f5baeb97e61b7ecc89?s=96&d=mm&r=g\",\"contentUrl\":\"https:\\\/\\\/secure.gravatar.com\\\/avatar\\\/42749d8b712ff9d59ca93dc150494e5b55a44134482993f5baeb97e61b7ecc89?s=96&d=mm&r=g\",\"caption\":\"Roberto\"},\"url\":\"https:\\\/\\\/regiaonews.net.br\\\/2022\\\/author\\\/roberto\\\/\"}]}<\/script>\n<!-- \/ Yoast SEO plugin. -->","yoast_head_json":{"title":"Barretos implanta primeiras c\u00e2meras de monitoramento do projeto - Regi\u00e3o News","robots":{"index":"index","follow":"follow","max-snippet":"max-snippet:-1","max-image-preview":"max-image-preview:large","max-video-preview":"max-video-preview:-1"},"canonical":"https:\/\/regiaonews.net.br\/2022\/2024\/06\/21\/barretos-implanta-primeiras-cameras-de-monitoramento-do-projeto\/","og_locale":"pt_BR","og_type":"article","og_title":"Barretos implanta primeiras c\u00e2meras de monitoramento do projeto - Regi\u00e3o News","og_description":"A empresa Barretos Inteligente, que \u00e9 a concession\u00e1ria da Ilumina\u00e7\u00e3o","og_url":"https:\/\/regiaonews.net.br\/2022\/2024\/06\/21\/barretos-implanta-primeiras-cameras-de-monitoramento-do-projeto\/","og_site_name":"Regi\u00e3o News","article_published_time":"2024-06-21T14:53:41+00:00","og_image":[{"width":1600,"height":1069,"url":"https:\/\/regiaonews.net.br\/2022\/wp-content\/uploads\/2024\/06\/Imagem-do-WhatsApp-de-2024-06-21-as-11.19.13_a8abbfa3.jpg","type":"image\/jpeg"}],"author":"Roberto","twitter_card":"summary_large_image","twitter_misc":{"Escrito por":"Roberto","Est. tempo de leitura":"3 minutos"},"schema":{"@context":"https:\/\/schema.org","@graph":[{"@type":"Article","@id":"https:\/\/regiaonews.net.br\/2022\/2024\/06\/21\/barretos-implanta-primeiras-cameras-de-monitoramento-do-projeto\/#article","isPartOf":{"@id":"https:\/\/regiaonews.net.br\/2022\/2024\/06\/21\/barretos-implanta-primeiras-cameras-de-monitoramento-do-projeto\/"},"author":{"name":"Roberto","@id":"https:\/\/regiaonews.net.br\/2022\/#\/schema\/person\/2d205a608a5aa97ac279d7a5e6d89ad8"},"headline":"Barretos implanta primeiras c\u00e2meras de monitoramento do projeto","datePublished":"2024-06-21T14:53:41+00:00","mainEntityOfPage":{"@id":"https:\/\/regiaonews.net.br\/2022\/2024\/06\/21\/barretos-implanta-primeiras-cameras-de-monitoramento-do-projeto\/"},"wordCount":427,"commentCount":0,"publisher":{"@id":"https:\/\/regiaonews.net.br\/2022\/#organization"},"image":{"@id":"https:\/\/regiaonews.net.br\/2022\/2024\/06\/21\/barretos-implanta-primeiras-cameras-de-monitoramento-do-projeto\/#primaryimage"},"thumbnailUrl":"https:\/\/regiaonews.net.br\/2022\/wp-content\/uploads\/2024\/06\/Imagem-do-WhatsApp-de-2024-06-21-as-11.19.13_a8abbfa3.jpg","articleSection":["Barretos","Geral"],"inLanguage":"pt-BR","potentialAction":[{"@type":"CommentAction","name":"Comment","target":["https:\/\/regiaonews.net.br\/2022\/2024\/06\/21\/barretos-implanta-primeiras-cameras-de-monitoramento-do-projeto\/#respond"]}]},{"@type":"WebPage","@id":"https:\/\/regiaonews.net.br\/2022\/2024\/06\/21\/barretos-implanta-primeiras-cameras-de-monitoramento-do-projeto\/","url":"https:\/\/regiaonews.net.br\/2022\/2024\/06\/21\/barretos-implanta-primeiras-cameras-de-monitoramento-do-projeto\/","name":"Barretos implanta primeiras c\u00e2meras de monitoramento do projeto - Regi\u00e3o News","isPartOf":{"@id":"https:\/\/regiaonews.net.br\/2022\/#website"},"primaryImageOfPage":{"@id":"https:\/\/regiaonews.net.br\/2022\/2024\/06\/21\/barretos-implanta-primeiras-cameras-de-monitoramento-do-projeto\/#primaryimage"},"image":{"@id":"https:\/\/regiaonews.net.br\/2022\/2024\/06\/21\/barretos-implanta-primeiras-cameras-de-monitoramento-do-projeto\/#primaryimage"},"thumbnailUrl":"https:\/\/regiaonews.net.br\/2022\/wp-content\/uploads\/2024\/06\/Imagem-do-WhatsApp-de-2024-06-21-as-11.19.13_a8abbfa3.jpg","datePublished":"2024-06-21T14:53:41+00:00","breadcrumb":{"@id":"https:\/\/regiaonews.net.br\/2022\/2024\/06\/21\/barretos-implanta-primeiras-cameras-de-monitoramento-do-projeto\/#breadcrumb"},"inLanguage":"pt-BR","potentialAction":[{"@type":"ReadAction","target":["https:\/\/regiaonews.net.br\/2022\/2024\/06\/21\/barretos-implanta-primeiras-cameras-de-monitoramento-do-projeto\/"]}]},{"@type":"ImageObject","inLanguage":"pt-BR","@id":"https:\/\/regiaonews.net.br\/2022\/2024\/06\/21\/barretos-implanta-primeiras-cameras-de-monitoramento-do-projeto\/#primaryimage","url":"https:\/\/regiaonews.net.br\/2022\/wp-content\/uploads\/2024\/06\/Imagem-do-WhatsApp-de-2024-06-21-as-11.19.13_a8abbfa3.jpg","contentUrl":"https:\/\/regiaonews.net.br\/2022\/wp-content\/uploads\/2024\/06\/Imagem-do-WhatsApp-de-2024-06-21-as-11.19.13_a8abbfa3.jpg","width":1600,"height":1069},{"@type":"BreadcrumbList","@id":"https:\/\/regiaonews.net.br\/2022\/2024\/06\/21\/barretos-implanta-primeiras-cameras-de-monitoramento-do-projeto\/#breadcrumb","itemListElement":[{"@type":"ListItem","position":1,"name":"In\u00edcio","item":"https:\/\/regiaonews.net.br\/2022\/"},{"@type":"ListItem","position":2,"name":"Barretos implanta primeiras c\u00e2meras de monitoramento do projeto"}]},{"@type":"WebSite","@id":"https:\/\/regiaonews.net.br\/2022\/#website","url":"https:\/\/regiaonews.net.br\/2022\/","name":"Regi\u00e3o News","description":"Site de Not\u00edcias de Barretos e regi\u00e3o","publisher":{"@id":"https:\/\/regiaonews.net.br\/2022\/#organization"},"potentialAction":[{"@type":"SearchAction","target":{"@type":"EntryPoint","urlTemplate":"https:\/\/regiaonews.net.br\/2022\/?s={search_term_string}"},"query-input":{"@type":"PropertyValueSpecification","valueRequired":true,"valueName":"search_term_string"}}],"inLanguage":"pt-BR"},{"@type":"Organization","@id":"https:\/\/regiaonews.net.br\/2022\/#organization","name":"Regi\u00e3o News","url":"https:\/\/regiaonews.net.br\/2022\/","logo":{"@type":"ImageObject","inLanguage":"pt-BR","@id":"https:\/\/regiaonews.net.br\/2022\/#\/schema\/logo\/image\/","url":"https:\/\/regiaonews.net.br\/2022\/wp-content\/uploads\/2026\/03\/regiao-13-anos-scaled.jpg","contentUrl":"https:\/\/regiaonews.net.br\/2022\/wp-content\/uploads\/2026\/03\/regiao-13-anos-scaled.jpg","width":2560,"height":635,"caption":"Regi\u00e3o News"},"image":{"@id":"https:\/\/regiaonews.net.br\/2022\/#\/schema\/logo\/image\/"}},{"@type":"Person","@id":"https:\/\/regiaonews.net.br\/2022\/#\/schema\/person\/2d205a608a5aa97ac279d7a5e6d89ad8","name":"Roberto","image":{"@type":"ImageObject","inLanguage":"pt-BR","@id":"https:\/\/secure.gravatar.com\/avatar\/42749d8b712ff9d59ca93dc150494e5b55a44134482993f5baeb97e61b7ecc89?s=96&d=mm&r=g","url":"https:\/\/secure.gravatar.com\/avatar\/42749d8b712ff9d59ca93dc150494e5b55a44134482993f5baeb97e61b7ecc89?s=96&d=mm&r=g","contentUrl":"https:\/\/secure.gravatar.com\/avatar\/42749d8b712ff9d59ca93dc150494e5b55a44134482993f5baeb97e61b7ecc89?s=96&d=mm&r=g","caption":"Roberto"},"url":"https:\/\/regiaonews.net.br\/2022\/author\/roberto\/"}]}},"publishpress_future_action":{"enabled":false,"date":"2026-05-03 07:43:08","action":"change-status","newStatus":"draft","terms":[],"taxonomy":"category","extraData":[]},"publishpress_future_workflow_manual_trigger":{"enabledWorkflows":[]},"_links":{"self":[{"href":"https:\/\/regiaonews.net.br\/2022\/wp-json\/wp\/v2\/posts\/106657","targetHints":{"allow":["GET"]}}],"collection":[{"href":"https:\/\/regiaonews.net.br\/2022\/wp-json\/wp\/v2\/posts"}],"about":[{"href":"https:\/\/regiaonews.net.br\/2022\/wp-json\/wp\/v2\/types\/post"}],"author":[{"embeddable":true,"href":"https:\/\/regiaonews.net.br\/2022\/wp-json\/wp\/v2\/users\/2"}],"replies":[{"embeddable":true,"href":"https:\/\/regiaonews.net.br\/2022\/wp-json\/wp\/v2\/comments?post=106657"}],"version-history":[{"count":1,"href":"https:\/\/regiaonews.net.br\/2022\/wp-json\/wp\/v2\/posts\/106657\/revisions"}],"predecessor-version":[{"id":106659,"href":"https:\/\/regiaonews.net.br\/2022\/wp-json\/wp\/v2\/posts\/106657\/revisions\/106659"}],"wp:featuredmedia":[{"embeddable":true,"href":"https:\/\/regiaonews.net.br\/2022\/wp-json\/wp\/v2\/media\/106658"}],"wp:attachment":[{"href":"https:\/\/regiaonews.net.br\/2022\/wp-json\/wp\/v2\/media?parent=106657"}],"wp:term":[{"taxonomy":"category","embeddable":true,"href":"https:\/\/regiaonews.net.br\/2022\/wp-json\/wp\/v2\/categories?post=106657"},{"taxonomy":"post_tag","embeddable":true,"href":"https:\/\/regiaonews.net.br\/2022\/wp-json\/wp\/v2\/tags?post=106657"}],"curies":[{"name":"wp","href":"https:\/\/api.w.org\/{rel}","templated":true}]}}