{"id":106653,"date":"2024-06-21T11:09:10","date_gmt":"2024-06-21T14:09:10","guid":{"rendered":"https:\/\/regiaonews.net.br\/2022\/?p=106653"},"modified":"2024-06-21T11:58:55","modified_gmt":"2024-06-21T14:58:55","slug":"policia-civil-de-guaira-realiza-prisao-em-flagrante","status":"publish","type":"post","link":"https:\/\/regiaonews.net.br\/2022\/2024\/06\/21\/policia-civil-de-guaira-realiza-prisao-em-flagrante\/","title":{"rendered":"Pol\u00edcia Civil de Gua\u00edra realiza pris\u00e3o em flagrante"},"content":{"rendered":"<p>Na manh\u00e3 desta sexta-feira, a Pol\u00edcia Civil do Estado de S\u00e3o Paulo, atrav\u00e9s da Delegacia de Pol\u00edcia de Gua\u00edra, realizou uma opera\u00e7\u00e3o que resultou na pris\u00e3o em flagrante de um indiv\u00edduo de 34 anos por tr\u00e1fico de drogas no Bairro Aniceto Carlos Nogueira.<\/p>\n<p>A opera\u00e7\u00e3o foi conduzida com base em um mandado de busca domiciliar expedido pela Justi\u00e7a, ap\u00f3s fundadas suspeitas de que o indiciado estava praticando tr\u00e1fico de drogas na modalidade &#8220;delivery&#8221; utilizando uma motocicleta modelo Hornet. Durante a busca na resid\u00eancia do acusado, os policiais civis encontraram 38 por\u00e7\u00f5es de crack, embaladas individualmente e prontas para comercializa\u00e7\u00e3o ilegal. Al\u00e9m disso, foram apreendidos R$ 612,60 em c\u00e9dulas e moedas, uma mini-balan\u00e7a digital, duas m\u00e1quinas de pagamento via cart\u00e3o, um rolo de papel alum\u00ednio parcialmente consumido e embalagens pl\u00e1sticas utilizadas na embalagem das drogas.<\/p>\n<p>O indiv\u00edduo foi conduzido \u00e0 delegacia e permanecer\u00e1 \u00e0 disposi\u00e7\u00e3o da Justi\u00e7a.<\/p>\n<p>A Pol\u00edcia Civil reafirma seu compromisso na luta contra o tr\u00e1fico de drogas e na garantia da seguran\u00e7a p\u00fablica. Qualquer informa\u00e7\u00e3o sobre atividades il\u00edcitas pode ser comunicada anonimamente atrav\u00e9s do Disque-Den\u00fancia 181.<\/p>\n<div style=\"width: 640px;\" class=\"wp-video\"><video class=\"wp-video-shortcode\" id=\"video-106653-1\" width=\"640\" height=\"361\" preload=\"metadata\" controls=\"controls\"><source type=\"video\/mp4\" src=\"https:\/\/regiaonews.net.br\/2022\/wp-content\/uploads\/2024\/06\/WhatsApp-Video-2024-06-21-at-10.47.11.mp4?_=1\" \/><a href=\"https:\/\/regiaonews.net.br\/2022\/wp-content\/uploads\/2024\/06\/WhatsApp-Video-2024-06-21-at-10.47.11.mp4\">https:\/\/regiaonews.net.br\/2022\/wp-content\/uploads\/2024\/06\/WhatsApp-Video-2024-06-21-at-10.47.11.mp4<\/a><\/video><\/div>\n","protected":false},"excerpt":{"rendered":"<p>Na manh\u00e3 desta sexta-feira, a Pol\u00edcia Civil do Estado de<\/p>\n","protected":false},"author":2,"featured_media":106654,"comment_status":"open","ping_status":"open","sticky":false,"template":"","format":"standard","meta":{"footnotes":""},"categories":[3,8],"tags":[],"class_list":["post-106653","post","type-post","status-publish","format-standard","has-post-thumbnail","hentry","category-geral","category-guaira"],"yoast_head":"<!-- This site is optimized with the Yoast SEO plugin v27.4 - https:\/\/yoast.com\/product\/yoast-seo-wordpress\/ -->\n<title>Pol\u00edcia Civil de Gua\u00edra realiza pris\u00e3o em flagrante - Regi\u00e3o News<\/title>\n<meta name=\"robots\" content=\"index, follow, max-snippet:-1, max-image-preview:large, max-video-preview:-1\" \/>\n<link rel=\"canonical\" href=\"https:\/\/regiaonews.net.br\/2022\/2024\/06\/21\/policia-civil-de-guaira-realiza-prisao-em-flagrante\/\" \/>\n<meta property=\"og:locale\" content=\"pt_BR\" \/>\n<meta property=\"og:type\" content=\"article\" \/>\n<meta property=\"og:title\" content=\"Pol\u00edcia Civil de Gua\u00edra realiza pris\u00e3o em flagrante - Regi\u00e3o News\" \/>\n<meta property=\"og:description\" content=\"Na manh\u00e3 desta sexta-feira, a Pol\u00edcia Civil do Estado de\" \/>\n<meta property=\"og:url\" content=\"https:\/\/regiaonews.net.br\/2022\/2024\/06\/21\/policia-civil-de-guaira-realiza-prisao-em-flagrante\/\" \/>\n<meta property=\"og:site_name\" content=\"Regi\u00e3o News\" \/>\n<meta property=\"article:published_time\" content=\"2024-06-21T14:09:10+00:00\" \/>\n<meta property=\"article:modified_time\" content=\"2024-06-21T14:58:55+00:00\" \/>\n<meta property=\"og:image\" content=\"https:\/\/regiaonews.net.br\/2022\/wp-content\/uploads\/2024\/06\/Imagem-do-WhatsApp-de-2024-06-21-as-10.53.29_49389f4e.jpg\" \/>\n\t<meta property=\"og:image:width\" content=\"1600\" \/>\n\t<meta property=\"og:image:height\" content=\"1200\" \/>\n\t<meta property=\"og:image:type\" content=\"image\/jpeg\" \/>\n<meta name=\"author\" content=\"Roberto\" \/>\n<meta name=\"twitter:card\" content=\"summary_large_image\" \/>\n<meta name=\"twitter:label1\" content=\"Escrito por\" \/>\n\t<meta name=\"twitter:data1\" content=\"Roberto\" \/>\n\t<meta name=\"twitter:label2\" content=\"Est. tempo de leitura\" \/>\n\t<meta name=\"twitter:data2\" content=\"2 minutos\" \/>\n<script type=\"application\/ld+json\" class=\"yoast-schema-graph\">{\"@context\":\"https:\\\/\\\/schema.org\",\"@graph\":[{\"@type\":\"Article\",\"@id\":\"https:\\\/\\\/regiaonews.net.br\\\/2022\\\/2024\\\/06\\\/21\\\/policia-civil-de-guaira-realiza-prisao-em-flagrante\\\/#article\",\"isPartOf\":{\"@id\":\"https:\\\/\\\/regiaonews.net.br\\\/2022\\\/2024\\\/06\\\/21\\\/policia-civil-de-guaira-realiza-prisao-em-flagrante\\\/\"},\"author\":{\"name\":\"Roberto\",\"@id\":\"https:\\\/\\\/regiaonews.net.br\\\/2022\\\/#\\\/schema\\\/person\\\/2d205a608a5aa97ac279d7a5e6d89ad8\"},\"headline\":\"Pol\u00edcia Civil de Gua\u00edra realiza pris\u00e3o em flagrante\",\"datePublished\":\"2024-06-21T14:09:10+00:00\",\"dateModified\":\"2024-06-21T14:58:55+00:00\",\"mainEntityOfPage\":{\"@id\":\"https:\\\/\\\/regiaonews.net.br\\\/2022\\\/2024\\\/06\\\/21\\\/policia-civil-de-guaira-realiza-prisao-em-flagrante\\\/\"},\"wordCount\":233,\"commentCount\":0,\"publisher\":{\"@id\":\"https:\\\/\\\/regiaonews.net.br\\\/2022\\\/#organization\"},\"image\":{\"@id\":\"https:\\\/\\\/regiaonews.net.br\\\/2022\\\/2024\\\/06\\\/21\\\/policia-civil-de-guaira-realiza-prisao-em-flagrante\\\/#primaryimage\"},\"thumbnailUrl\":\"https:\\\/\\\/regiaonews.net.br\\\/2022\\\/wp-content\\\/uploads\\\/2024\\\/06\\\/Imagem-do-WhatsApp-de-2024-06-21-as-10.53.29_49389f4e.jpg\",\"articleSection\":[\"Geral\",\"Gua\u00edra\"],\"inLanguage\":\"pt-BR\",\"potentialAction\":[{\"@type\":\"CommentAction\",\"name\":\"Comment\",\"target\":[\"https:\\\/\\\/regiaonews.net.br\\\/2022\\\/2024\\\/06\\\/21\\\/policia-civil-de-guaira-realiza-prisao-em-flagrante\\\/#respond\"]}]},{\"@type\":\"WebPage\",\"@id\":\"https:\\\/\\\/regiaonews.net.br\\\/2022\\\/2024\\\/06\\\/21\\\/policia-civil-de-guaira-realiza-prisao-em-flagrante\\\/\",\"url\":\"https:\\\/\\\/regiaonews.net.br\\\/2022\\\/2024\\\/06\\\/21\\\/policia-civil-de-guaira-realiza-prisao-em-flagrante\\\/\",\"name\":\"Pol\u00edcia Civil de Gua\u00edra realiza pris\u00e3o em flagrante - Regi\u00e3o News\",\"isPartOf\":{\"@id\":\"https:\\\/\\\/regiaonews.net.br\\\/2022\\\/#website\"},\"primaryImageOfPage\":{\"@id\":\"https:\\\/\\\/regiaonews.net.br\\\/2022\\\/2024\\\/06\\\/21\\\/policia-civil-de-guaira-realiza-prisao-em-flagrante\\\/#primaryimage\"},\"image\":{\"@id\":\"https:\\\/\\\/regiaonews.net.br\\\/2022\\\/2024\\\/06\\\/21\\\/policia-civil-de-guaira-realiza-prisao-em-flagrante\\\/#primaryimage\"},\"thumbnailUrl\":\"https:\\\/\\\/regiaonews.net.br\\\/2022\\\/wp-content\\\/uploads\\\/2024\\\/06\\\/Imagem-do-WhatsApp-de-2024-06-21-as-10.53.29_49389f4e.jpg\",\"datePublished\":\"2024-06-21T14:09:10+00:00\",\"dateModified\":\"2024-06-21T14:58:55+00:00\",\"breadcrumb\":{\"@id\":\"https:\\\/\\\/regiaonews.net.br\\\/2022\\\/2024\\\/06\\\/21\\\/policia-civil-de-guaira-realiza-prisao-em-flagrante\\\/#breadcrumb\"},\"inLanguage\":\"pt-BR\",\"potentialAction\":[{\"@type\":\"ReadAction\",\"target\":[\"https:\\\/\\\/regiaonews.net.br\\\/2022\\\/2024\\\/06\\\/21\\\/policia-civil-de-guaira-realiza-prisao-em-flagrante\\\/\"]}]},{\"@type\":\"ImageObject\",\"inLanguage\":\"pt-BR\",\"@id\":\"https:\\\/\\\/regiaonews.net.br\\\/2022\\\/2024\\\/06\\\/21\\\/policia-civil-de-guaira-realiza-prisao-em-flagrante\\\/#primaryimage\",\"url\":\"https:\\\/\\\/regiaonews.net.br\\\/2022\\\/wp-content\\\/uploads\\\/2024\\\/06\\\/Imagem-do-WhatsApp-de-2024-06-21-as-10.53.29_49389f4e.jpg\",\"contentUrl\":\"https:\\\/\\\/regiaonews.net.br\\\/2022\\\/wp-content\\\/uploads\\\/2024\\\/06\\\/Imagem-do-WhatsApp-de-2024-06-21-as-10.53.29_49389f4e.jpg\",\"width\":1600,\"height\":1200},{\"@type\":\"BreadcrumbList\",\"@id\":\"https:\\\/\\\/regiaonews.net.br\\\/2022\\\/2024\\\/06\\\/21\\\/policia-civil-de-guaira-realiza-prisao-em-flagrante\\\/#breadcrumb\",\"itemListElement\":[{\"@type\":\"ListItem\",\"position\":1,\"name\":\"In\u00edcio\",\"item\":\"https:\\\/\\\/regiaonews.net.br\\\/2022\\\/\"},{\"@type\":\"ListItem\",\"position\":2,\"name\":\"Pol\u00edcia Civil de Gua\u00edra realiza pris\u00e3o em flagrante\"}]},{\"@type\":\"WebSite\",\"@id\":\"https:\\\/\\\/regiaonews.net.br\\\/2022\\\/#website\",\"url\":\"https:\\\/\\\/regiaonews.net.br\\\/2022\\\/\",\"name\":\"Regi\u00e3o News\",\"description\":\"Site de Not\u00edcias de Barretos e regi\u00e3o\",\"publisher\":{\"@id\":\"https:\\\/\\\/regiaonews.net.br\\\/2022\\\/#organization\"},\"potentialAction\":[{\"@type\":\"SearchAction\",\"target\":{\"@type\":\"EntryPoint\",\"urlTemplate\":\"https:\\\/\\\/regiaonews.net.br\\\/2022\\\/?s={search_term_string}\"},\"query-input\":{\"@type\":\"PropertyValueSpecification\",\"valueRequired\":true,\"valueName\":\"search_term_string\"}}],\"inLanguage\":\"pt-BR\"},{\"@type\":\"Organization\",\"@id\":\"https:\\\/\\\/regiaonews.net.br\\\/2022\\\/#organization\",\"name\":\"Regi\u00e3o News\",\"url\":\"https:\\\/\\\/regiaonews.net.br\\\/2022\\\/\",\"logo\":{\"@type\":\"ImageObject\",\"inLanguage\":\"pt-BR\",\"@id\":\"https:\\\/\\\/regiaonews.net.br\\\/2022\\\/#\\\/schema\\\/logo\\\/image\\\/\",\"url\":\"https:\\\/\\\/regiaonews.net.br\\\/2022\\\/wp-content\\\/uploads\\\/2026\\\/03\\\/regiao-13-anos-scaled.jpg\",\"contentUrl\":\"https:\\\/\\\/regiaonews.net.br\\\/2022\\\/wp-content\\\/uploads\\\/2026\\\/03\\\/regiao-13-anos-scaled.jpg\",\"width\":2560,\"height\":635,\"caption\":\"Regi\u00e3o News\"},\"image\":{\"@id\":\"https:\\\/\\\/regiaonews.net.br\\\/2022\\\/#\\\/schema\\\/logo\\\/image\\\/\"}},{\"@type\":\"Person\",\"@id\":\"https:\\\/\\\/regiaonews.net.br\\\/2022\\\/#\\\/schema\\\/person\\\/2d205a608a5aa97ac279d7a5e6d89ad8\",\"name\":\"Roberto\",\"image\":{\"@type\":\"ImageObject\",\"inLanguage\":\"pt-BR\",\"@id\":\"https:\\\/\\\/secure.gravatar.com\\\/avatar\\\/42749d8b712ff9d59ca93dc150494e5b55a44134482993f5baeb97e61b7ecc89?s=96&d=mm&r=g\",\"url\":\"https:\\\/\\\/secure.gravatar.com\\\/avatar\\\/42749d8b712ff9d59ca93dc150494e5b55a44134482993f5baeb97e61b7ecc89?s=96&d=mm&r=g\",\"contentUrl\":\"https:\\\/\\\/secure.gravatar.com\\\/avatar\\\/42749d8b712ff9d59ca93dc150494e5b55a44134482993f5baeb97e61b7ecc89?s=96&d=mm&r=g\",\"caption\":\"Roberto\"},\"url\":\"https:\\\/\\\/regiaonews.net.br\\\/2022\\\/author\\\/roberto\\\/\"}]}<\/script>\n<!-- \/ Yoast SEO plugin. -->","yoast_head_json":{"title":"Pol\u00edcia Civil de Gua\u00edra realiza pris\u00e3o em flagrante - Regi\u00e3o News","robots":{"index":"index","follow":"follow","max-snippet":"max-snippet:-1","max-image-preview":"max-image-preview:large","max-video-preview":"max-video-preview:-1"},"canonical":"https:\/\/regiaonews.net.br\/2022\/2024\/06\/21\/policia-civil-de-guaira-realiza-prisao-em-flagrante\/","og_locale":"pt_BR","og_type":"article","og_title":"Pol\u00edcia Civil de Gua\u00edra realiza pris\u00e3o em flagrante - Regi\u00e3o News","og_description":"Na manh\u00e3 desta sexta-feira, a Pol\u00edcia Civil do Estado de","og_url":"https:\/\/regiaonews.net.br\/2022\/2024\/06\/21\/policia-civil-de-guaira-realiza-prisao-em-flagrante\/","og_site_name":"Regi\u00e3o News","article_published_time":"2024-06-21T14:09:10+00:00","article_modified_time":"2024-06-21T14:58:55+00:00","og_image":[{"width":1600,"height":1200,"url":"https:\/\/regiaonews.net.br\/2022\/wp-content\/uploads\/2024\/06\/Imagem-do-WhatsApp-de-2024-06-21-as-10.53.29_49389f4e.jpg","type":"image\/jpeg"}],"author":"Roberto","twitter_card":"summary_large_image","twitter_misc":{"Escrito por":"Roberto","Est. tempo de leitura":"2 minutos"},"schema":{"@context":"https:\/\/schema.org","@graph":[{"@type":"Article","@id":"https:\/\/regiaonews.net.br\/2022\/2024\/06\/21\/policia-civil-de-guaira-realiza-prisao-em-flagrante\/#article","isPartOf":{"@id":"https:\/\/regiaonews.net.br\/2022\/2024\/06\/21\/policia-civil-de-guaira-realiza-prisao-em-flagrante\/"},"author":{"name":"Roberto","@id":"https:\/\/regiaonews.net.br\/2022\/#\/schema\/person\/2d205a608a5aa97ac279d7a5e6d89ad8"},"headline":"Pol\u00edcia Civil de Gua\u00edra realiza pris\u00e3o em flagrante","datePublished":"2024-06-21T14:09:10+00:00","dateModified":"2024-06-21T14:58:55+00:00","mainEntityOfPage":{"@id":"https:\/\/regiaonews.net.br\/2022\/2024\/06\/21\/policia-civil-de-guaira-realiza-prisao-em-flagrante\/"},"wordCount":233,"commentCount":0,"publisher":{"@id":"https:\/\/regiaonews.net.br\/2022\/#organization"},"image":{"@id":"https:\/\/regiaonews.net.br\/2022\/2024\/06\/21\/policia-civil-de-guaira-realiza-prisao-em-flagrante\/#primaryimage"},"thumbnailUrl":"https:\/\/regiaonews.net.br\/2022\/wp-content\/uploads\/2024\/06\/Imagem-do-WhatsApp-de-2024-06-21-as-10.53.29_49389f4e.jpg","articleSection":["Geral","Gua\u00edra"],"inLanguage":"pt-BR","potentialAction":[{"@type":"CommentAction","name":"Comment","target":["https:\/\/regiaonews.net.br\/2022\/2024\/06\/21\/policia-civil-de-guaira-realiza-prisao-em-flagrante\/#respond"]}]},{"@type":"WebPage","@id":"https:\/\/regiaonews.net.br\/2022\/2024\/06\/21\/policia-civil-de-guaira-realiza-prisao-em-flagrante\/","url":"https:\/\/regiaonews.net.br\/2022\/2024\/06\/21\/policia-civil-de-guaira-realiza-prisao-em-flagrante\/","name":"Pol\u00edcia Civil de Gua\u00edra realiza pris\u00e3o em flagrante - Regi\u00e3o News","isPartOf":{"@id":"https:\/\/regiaonews.net.br\/2022\/#website"},"primaryImageOfPage":{"@id":"https:\/\/regiaonews.net.br\/2022\/2024\/06\/21\/policia-civil-de-guaira-realiza-prisao-em-flagrante\/#primaryimage"},"image":{"@id":"https:\/\/regiaonews.net.br\/2022\/2024\/06\/21\/policia-civil-de-guaira-realiza-prisao-em-flagrante\/#primaryimage"},"thumbnailUrl":"https:\/\/regiaonews.net.br\/2022\/wp-content\/uploads\/2024\/06\/Imagem-do-WhatsApp-de-2024-06-21-as-10.53.29_49389f4e.jpg","datePublished":"2024-06-21T14:09:10+00:00","dateModified":"2024-06-21T14:58:55+00:00","breadcrumb":{"@id":"https:\/\/regiaonews.net.br\/2022\/2024\/06\/21\/policia-civil-de-guaira-realiza-prisao-em-flagrante\/#breadcrumb"},"inLanguage":"pt-BR","potentialAction":[{"@type":"ReadAction","target":["https:\/\/regiaonews.net.br\/2022\/2024\/06\/21\/policia-civil-de-guaira-realiza-prisao-em-flagrante\/"]}]},{"@type":"ImageObject","inLanguage":"pt-BR","@id":"https:\/\/regiaonews.net.br\/2022\/2024\/06\/21\/policia-civil-de-guaira-realiza-prisao-em-flagrante\/#primaryimage","url":"https:\/\/regiaonews.net.br\/2022\/wp-content\/uploads\/2024\/06\/Imagem-do-WhatsApp-de-2024-06-21-as-10.53.29_49389f4e.jpg","contentUrl":"https:\/\/regiaonews.net.br\/2022\/wp-content\/uploads\/2024\/06\/Imagem-do-WhatsApp-de-2024-06-21-as-10.53.29_49389f4e.jpg","width":1600,"height":1200},{"@type":"BreadcrumbList","@id":"https:\/\/regiaonews.net.br\/2022\/2024\/06\/21\/policia-civil-de-guaira-realiza-prisao-em-flagrante\/#breadcrumb","itemListElement":[{"@type":"ListItem","position":1,"name":"In\u00edcio","item":"https:\/\/regiaonews.net.br\/2022\/"},{"@type":"ListItem","position":2,"name":"Pol\u00edcia Civil de Gua\u00edra realiza pris\u00e3o em flagrante"}]},{"@type":"WebSite","@id":"https:\/\/regiaonews.net.br\/2022\/#website","url":"https:\/\/regiaonews.net.br\/2022\/","name":"Regi\u00e3o News","description":"Site de Not\u00edcias de Barretos e regi\u00e3o","publisher":{"@id":"https:\/\/regiaonews.net.br\/2022\/#organization"},"potentialAction":[{"@type":"SearchAction","target":{"@type":"EntryPoint","urlTemplate":"https:\/\/regiaonews.net.br\/2022\/?s={search_term_string}"},"query-input":{"@type":"PropertyValueSpecification","valueRequired":true,"valueName":"search_term_string"}}],"inLanguage":"pt-BR"},{"@type":"Organization","@id":"https:\/\/regiaonews.net.br\/2022\/#organization","name":"Regi\u00e3o News","url":"https:\/\/regiaonews.net.br\/2022\/","logo":{"@type":"ImageObject","inLanguage":"pt-BR","@id":"https:\/\/regiaonews.net.br\/2022\/#\/schema\/logo\/image\/","url":"https:\/\/regiaonews.net.br\/2022\/wp-content\/uploads\/2026\/03\/regiao-13-anos-scaled.jpg","contentUrl":"https:\/\/regiaonews.net.br\/2022\/wp-content\/uploads\/2026\/03\/regiao-13-anos-scaled.jpg","width":2560,"height":635,"caption":"Regi\u00e3o News"},"image":{"@id":"https:\/\/regiaonews.net.br\/2022\/#\/schema\/logo\/image\/"}},{"@type":"Person","@id":"https:\/\/regiaonews.net.br\/2022\/#\/schema\/person\/2d205a608a5aa97ac279d7a5e6d89ad8","name":"Roberto","image":{"@type":"ImageObject","inLanguage":"pt-BR","@id":"https:\/\/secure.gravatar.com\/avatar\/42749d8b712ff9d59ca93dc150494e5b55a44134482993f5baeb97e61b7ecc89?s=96&d=mm&r=g","url":"https:\/\/secure.gravatar.com\/avatar\/42749d8b712ff9d59ca93dc150494e5b55a44134482993f5baeb97e61b7ecc89?s=96&d=mm&r=g","contentUrl":"https:\/\/secure.gravatar.com\/avatar\/42749d8b712ff9d59ca93dc150494e5b55a44134482993f5baeb97e61b7ecc89?s=96&d=mm&r=g","caption":"Roberto"},"url":"https:\/\/regiaonews.net.br\/2022\/author\/roberto\/"}]}},"publishpress_future_action":{"enabled":false,"date":"2026-05-03 05:52:13","action":"change-status","newStatus":"draft","terms":[],"taxonomy":"category","extraData":[]},"publishpress_future_workflow_manual_trigger":{"enabledWorkflows":[]},"_links":{"self":[{"href":"https:\/\/regiaonews.net.br\/2022\/wp-json\/wp\/v2\/posts\/106653","targetHints":{"allow":["GET"]}}],"collection":[{"href":"https:\/\/regiaonews.net.br\/2022\/wp-json\/wp\/v2\/posts"}],"about":[{"href":"https:\/\/regiaonews.net.br\/2022\/wp-json\/wp\/v2\/types\/post"}],"author":[{"embeddable":true,"href":"https:\/\/regiaonews.net.br\/2022\/wp-json\/wp\/v2\/users\/2"}],"replies":[{"embeddable":true,"href":"https:\/\/regiaonews.net.br\/2022\/wp-json\/wp\/v2\/comments?post=106653"}],"version-history":[{"count":3,"href":"https:\/\/regiaonews.net.br\/2022\/wp-json\/wp\/v2\/posts\/106653\/revisions"}],"predecessor-version":[{"id":106670,"href":"https:\/\/regiaonews.net.br\/2022\/wp-json\/wp\/v2\/posts\/106653\/revisions\/106670"}],"wp:featuredmedia":[{"embeddable":true,"href":"https:\/\/regiaonews.net.br\/2022\/wp-json\/wp\/v2\/media\/106654"}],"wp:attachment":[{"href":"https:\/\/regiaonews.net.br\/2022\/wp-json\/wp\/v2\/media?parent=106653"}],"wp:term":[{"taxonomy":"category","embeddable":true,"href":"https:\/\/regiaonews.net.br\/2022\/wp-json\/wp\/v2\/categories?post=106653"},{"taxonomy":"post_tag","embeddable":true,"href":"https:\/\/regiaonews.net.br\/2022\/wp-json\/wp\/v2\/tags?post=106653"}],"curies":[{"name":"wp","href":"https:\/\/api.w.org\/{rel}","templated":true}]}}