{"id":106644,"date":"2024-06-21T08:00:15","date_gmt":"2024-06-21T11:00:15","guid":{"rendered":"https:\/\/regiaonews.net.br\/2022\/?p=106644"},"modified":"2024-06-21T08:06:13","modified_gmt":"2024-06-21T11:06:13","slug":"sinsprev-sp-se-posiciona-sobre-projeto-do-aborto-legal","status":"publish","type":"post","link":"https:\/\/regiaonews.net.br\/2022\/2024\/06\/21\/sinsprev-sp-se-posiciona-sobre-projeto-do-aborto-legal\/","title":{"rendered":"SINSPREV\/SP se posiciona sobre projeto do aborto legal"},"content":{"rendered":"<p>Em sua p\u00e1gina no facebook, o SINSPREV(Sindicato dos Servidores da Previd\u00eancia) abordou o projeto que permite o aborto legal. Confira abaixo, o texto a respeito do tema.<\/p>\n<p>Crian\u00e7a n\u00e3o \u00e9 m\u00e3e. Estuprador n\u00e3o \u00e9 pai<\/p>\n<p>Esta foi uma das frases mais divulgadas nos \u00faltimos dias. N\u00e3o \u00e9 para menos. No Brasil, 6 em cada 10 v\u00edtimas de estupro s\u00e3o crian\u00e7as vulner\u00e1veis com idades de 0 a 13 anos.<\/p>\n<p>Diante desta triste realidade, deputados federais que dizem defender a fam\u00edlia, ao inv\u00e9s de elaborarem propostas para protegerem as crian\u00e7as e mulheres, resolvem, em uma atitude totalmente eleitoreira e mis\u00f3gina, aprovarem o PL 1904\/2024 que colocar\u00e1, caso aprovado nas demais inst\u00e2ncias, as mulheres e crian\u00e7as v\u00edtimas de estupro no banco dos r\u00e9us, com condena\u00e7\u00e3o superior \u00e0 dos estupradores, ou sejam, ser\u00e3o duplamente vitimizadas.<\/p>\n<p>O PL altera a legisla\u00e7\u00e3o que permite o aborto legal em caso de estupro. Segundo o deputado S\u00f3stenes Cavalcante (PL-RJ), autor do PL, que tem mais 32 coautores da extrema-direita, a mulher que realizar o aborto com 22 semanas de gesta\u00e7\u00e3o, fruto de estupro, passar\u00e1 a ser considerada homicida, com pena que poder\u00e1 chegar a 20 anos de reclus\u00e3o, enquanto o estuprador de 15 anos.<\/p>\n<p>Esta proposta atinge principalmente as crian\u00e7as. Elas sequer entendem a viol\u00eancia que sofreram, quanto mais a gravidez que, na maioria dos casos, \u00e9 praticada por pessoas de seu conv\u00edvio e sob amea\u00e7as.<\/p>\n<p>Como este senador e seus apoiadores imaginam que uma crian\u00e7a descobriria que est\u00e1 gr\u00e1vida?<\/p>\n<p>Para agravar a situa\u00e7\u00e3o, o presidente da C\u00e2mara dos Deputados, Arthur Lira (PP-AL), pautou, em 12 de junho, a vota\u00e7\u00e3o do PL em requerimento de urg\u00eancia, sem aviso e sem anunciar o n\u00famero do projeto. Lira determinou a urg\u00eancia em vota\u00e7\u00e3o simb\u00f3lica, sem registro eletr\u00f4nico dos votos dos deputados, n\u00e3o deu espa\u00e7o para manifesta\u00e7\u00f5es contr\u00e1rias ao projeto de lei.<\/p>\n<p>Estes parlamentares ignoram totalmente os n\u00fameros de viol\u00eancia contra \u00e0 mulher. Segundo dados divulgados pelo Anu\u00e1rio Brasileiro de Seguran\u00e7a P\u00fablica 2023, em 2022, o Brasil teve o maior n\u00famero de registros de estupro e estupro de vulner\u00e1vel da hist\u00f3ria, com 74.930 v\u00edtimas.<\/p>\n<p>Os casos de estupro de vulner\u00e1vel t\u00eam um total de 56.820 v\u00edtimas, o que significa que 75,8% eram incapazes de consentir, seja pela idade (menores de 14 anos) por outros motivos (por exemplo, defici\u00eancia e enfermidade).<\/p>\n<p>A repercuss\u00e3o do PL do estupro, com manifesta\u00e7\u00f5es de diversos setores, principalmente das mulheres, fez com que o deputado S\u00f3stenes Cavalcante transparecesse ainda mais sua misoginia. Declarou que \u201cas meninas menores de idade ter\u00e3o que cumprir medidas socioeducativas por abortar, mesmo em caso de estupro, para que isso n\u00e3o volte a acontecer&#8221;.<\/p>\n<p>Com esta declara\u00e7\u00e3o, podemos entender que o deputado continua preferindo beneficiar o estuprador em detrimento da v\u00edtima. Sua preocupa\u00e7\u00e3o \u00e9 a de que a crian\u00e7a\/mulher n\u00e3o fa\u00e7a um segundo aborto, mesmo que o estuprador a continue importunando, ao inv\u00e9s de punir este homem que a violente.<\/p>\n<p>Homens que como o deputado S\u00f3stenes Cavalcante n\u00e3o se assombram que em um \u00fanico dia, 16 de maio, 163 crian\u00e7as e adolescentes v\u00edtimas de abuso sexual foram resgatadas em todo o pa\u00eds na Opera\u00e7\u00e3o Caminhos Seguros da Secretaria Nacional de Seguran\u00e7a P\u00fablica (Senasp) do Minist\u00e9rio da Justi\u00e7a e Seguran\u00e7a P\u00fablica (MJSP), resultando na pris\u00e3o de 314 adultos. Esses n\u00fameros, para eles, n\u00e3o passam de estat\u00edstica. N\u00e3o levam em conta o sofrimento dessas crian\u00e7as e adolescentes.<\/p>\n<p>O debate no Congresso Nacional deveria ser sobre a prote\u00e7\u00e3o de toda \u00e0 popula\u00e7\u00e3o, em especial das crian\u00e7as e mulheres que sofrem abusos pelo fato de serem mulheres e crian\u00e7as. Essas deveriam ser as primeiras a serem ouvidas sobre as dificuldades que encontram, sobre o seus corpos e sobre o direito \u00e0 liberdade de ir e vir.<\/p>\n<p>Diante da repercuss\u00e3o negativa com a aprova\u00e7\u00e3o da urg\u00eancia do projeto, o presidente da C\u00e2mara de Deputados, Arthur Lira (PP-AL), afirmou ontem, 18 de junho, que a proposta s\u00f3 ser\u00e1 retomada no segundo semestre, com a forma\u00e7\u00e3o de uma comiss\u00e3o representativa em agosto.<\/p>\n","protected":false},"excerpt":{"rendered":"<p>Em sua p\u00e1gina no facebook, o SINSPREV(Sindicato dos Servidores da<\/p>\n","protected":false},"author":2,"featured_media":44509,"comment_status":"open","ping_status":"open","sticky":false,"template":"","format":"standard","meta":{"footnotes":""},"categories":[61,111],"tags":[],"class_list":["post-106644","post","type-post","status-publish","format-standard","has-post-thumbnail","hentry","category-brasilia","category-cotidiano"],"yoast_head":"<!-- This site is optimized with the Yoast SEO plugin v27.4 - https:\/\/yoast.com\/product\/yoast-seo-wordpress\/ -->\n<title>SINSPREV\/SP se posiciona sobre projeto do aborto legal - Regi\u00e3o News<\/title>\n<meta name=\"robots\" content=\"index, follow, max-snippet:-1, max-image-preview:large, max-video-preview:-1\" \/>\n<link rel=\"canonical\" href=\"https:\/\/regiaonews.net.br\/2022\/2024\/06\/21\/sinsprev-sp-se-posiciona-sobre-projeto-do-aborto-legal\/\" \/>\n<meta property=\"og:locale\" content=\"pt_BR\" \/>\n<meta property=\"og:type\" content=\"article\" \/>\n<meta property=\"og:title\" content=\"SINSPREV\/SP se posiciona sobre projeto do aborto legal - Regi\u00e3o News\" \/>\n<meta property=\"og:description\" content=\"Em sua p\u00e1gina no facebook, o SINSPREV(Sindicato dos Servidores da\" \/>\n<meta property=\"og:url\" content=\"https:\/\/regiaonews.net.br\/2022\/2024\/06\/21\/sinsprev-sp-se-posiciona-sobre-projeto-do-aborto-legal\/\" \/>\n<meta property=\"og:site_name\" content=\"Regi\u00e3o News\" \/>\n<meta property=\"article:published_time\" content=\"2024-06-21T11:00:15+00:00\" \/>\n<meta property=\"article:modified_time\" content=\"2024-06-21T11:06:13+00:00\" \/>\n<meta property=\"og:image\" content=\"https:\/\/regiaonews.net.br\/2022\/wp-content\/uploads\/2021\/03\/brasilia_60_anos_esplanada_dos_ministerios_0420202390_2.jpg\" \/>\n\t<meta property=\"og:image:width\" content=\"1170\" \/>\n\t<meta property=\"og:image:height\" content=\"700\" \/>\n\t<meta property=\"og:image:type\" content=\"image\/jpeg\" \/>\n<meta name=\"author\" content=\"Roberto\" \/>\n<meta name=\"twitter:card\" content=\"summary_large_image\" \/>\n<meta name=\"twitter:label1\" content=\"Escrito por\" \/>\n\t<meta name=\"twitter:data1\" content=\"Roberto\" \/>\n\t<meta name=\"twitter:label2\" content=\"Est. tempo de leitura\" \/>\n\t<meta name=\"twitter:data2\" content=\"4 minutos\" \/>\n<script type=\"application\/ld+json\" class=\"yoast-schema-graph\">{\"@context\":\"https:\\\/\\\/schema.org\",\"@graph\":[{\"@type\":\"Article\",\"@id\":\"https:\\\/\\\/regiaonews.net.br\\\/2022\\\/2024\\\/06\\\/21\\\/sinsprev-sp-se-posiciona-sobre-projeto-do-aborto-legal\\\/#article\",\"isPartOf\":{\"@id\":\"https:\\\/\\\/regiaonews.net.br\\\/2022\\\/2024\\\/06\\\/21\\\/sinsprev-sp-se-posiciona-sobre-projeto-do-aborto-legal\\\/\"},\"author\":{\"name\":\"Roberto\",\"@id\":\"https:\\\/\\\/regiaonews.net.br\\\/2022\\\/#\\\/schema\\\/person\\\/2d205a608a5aa97ac279d7a5e6d89ad8\"},\"headline\":\"SINSPREV\\\/SP se posiciona sobre projeto do aborto legal\",\"datePublished\":\"2024-06-21T11:00:15+00:00\",\"dateModified\":\"2024-06-21T11:06:13+00:00\",\"mainEntityOfPage\":{\"@id\":\"https:\\\/\\\/regiaonews.net.br\\\/2022\\\/2024\\\/06\\\/21\\\/sinsprev-sp-se-posiciona-sobre-projeto-do-aborto-legal\\\/\"},\"wordCount\":731,\"commentCount\":0,\"publisher\":{\"@id\":\"https:\\\/\\\/regiaonews.net.br\\\/2022\\\/#organization\"},\"image\":{\"@id\":\"https:\\\/\\\/regiaonews.net.br\\\/2022\\\/2024\\\/06\\\/21\\\/sinsprev-sp-se-posiciona-sobre-projeto-do-aborto-legal\\\/#primaryimage\"},\"thumbnailUrl\":\"https:\\\/\\\/regiaonews.net.br\\\/2022\\\/wp-content\\\/uploads\\\/2021\\\/03\\\/brasilia_60_anos_esplanada_dos_ministerios_0420202390_2.jpg\",\"articleSection\":[\"Bras\u00edlia\",\"Cotidiano\"],\"inLanguage\":\"pt-BR\",\"potentialAction\":[{\"@type\":\"CommentAction\",\"name\":\"Comment\",\"target\":[\"https:\\\/\\\/regiaonews.net.br\\\/2022\\\/2024\\\/06\\\/21\\\/sinsprev-sp-se-posiciona-sobre-projeto-do-aborto-legal\\\/#respond\"]}]},{\"@type\":\"WebPage\",\"@id\":\"https:\\\/\\\/regiaonews.net.br\\\/2022\\\/2024\\\/06\\\/21\\\/sinsprev-sp-se-posiciona-sobre-projeto-do-aborto-legal\\\/\",\"url\":\"https:\\\/\\\/regiaonews.net.br\\\/2022\\\/2024\\\/06\\\/21\\\/sinsprev-sp-se-posiciona-sobre-projeto-do-aborto-legal\\\/\",\"name\":\"SINSPREV\\\/SP se posiciona sobre projeto do aborto legal - Regi\u00e3o News\",\"isPartOf\":{\"@id\":\"https:\\\/\\\/regiaonews.net.br\\\/2022\\\/#website\"},\"primaryImageOfPage\":{\"@id\":\"https:\\\/\\\/regiaonews.net.br\\\/2022\\\/2024\\\/06\\\/21\\\/sinsprev-sp-se-posiciona-sobre-projeto-do-aborto-legal\\\/#primaryimage\"},\"image\":{\"@id\":\"https:\\\/\\\/regiaonews.net.br\\\/2022\\\/2024\\\/06\\\/21\\\/sinsprev-sp-se-posiciona-sobre-projeto-do-aborto-legal\\\/#primaryimage\"},\"thumbnailUrl\":\"https:\\\/\\\/regiaonews.net.br\\\/2022\\\/wp-content\\\/uploads\\\/2021\\\/03\\\/brasilia_60_anos_esplanada_dos_ministerios_0420202390_2.jpg\",\"datePublished\":\"2024-06-21T11:00:15+00:00\",\"dateModified\":\"2024-06-21T11:06:13+00:00\",\"breadcrumb\":{\"@id\":\"https:\\\/\\\/regiaonews.net.br\\\/2022\\\/2024\\\/06\\\/21\\\/sinsprev-sp-se-posiciona-sobre-projeto-do-aborto-legal\\\/#breadcrumb\"},\"inLanguage\":\"pt-BR\",\"potentialAction\":[{\"@type\":\"ReadAction\",\"target\":[\"https:\\\/\\\/regiaonews.net.br\\\/2022\\\/2024\\\/06\\\/21\\\/sinsprev-sp-se-posiciona-sobre-projeto-do-aborto-legal\\\/\"]}]},{\"@type\":\"ImageObject\",\"inLanguage\":\"pt-BR\",\"@id\":\"https:\\\/\\\/regiaonews.net.br\\\/2022\\\/2024\\\/06\\\/21\\\/sinsprev-sp-se-posiciona-sobre-projeto-do-aborto-legal\\\/#primaryimage\",\"url\":\"https:\\\/\\\/regiaonews.net.br\\\/2022\\\/wp-content\\\/uploads\\\/2021\\\/03\\\/brasilia_60_anos_esplanada_dos_ministerios_0420202390_2.jpg\",\"contentUrl\":\"https:\\\/\\\/regiaonews.net.br\\\/2022\\\/wp-content\\\/uploads\\\/2021\\\/03\\\/brasilia_60_anos_esplanada_dos_ministerios_0420202390_2.jpg\",\"width\":1170,\"height\":700,\"caption\":\"Bras\u00edlia 60 Anos - Esplanada dos Minist\u00e9rios\"},{\"@type\":\"BreadcrumbList\",\"@id\":\"https:\\\/\\\/regiaonews.net.br\\\/2022\\\/2024\\\/06\\\/21\\\/sinsprev-sp-se-posiciona-sobre-projeto-do-aborto-legal\\\/#breadcrumb\",\"itemListElement\":[{\"@type\":\"ListItem\",\"position\":1,\"name\":\"In\u00edcio\",\"item\":\"https:\\\/\\\/regiaonews.net.br\\\/2022\\\/\"},{\"@type\":\"ListItem\",\"position\":2,\"name\":\"SINSPREV\\\/SP se posiciona sobre projeto do aborto legal\"}]},{\"@type\":\"WebSite\",\"@id\":\"https:\\\/\\\/regiaonews.net.br\\\/2022\\\/#website\",\"url\":\"https:\\\/\\\/regiaonews.net.br\\\/2022\\\/\",\"name\":\"Regi\u00e3o News\",\"description\":\"Site de Not\u00edcias de Barretos e regi\u00e3o\",\"publisher\":{\"@id\":\"https:\\\/\\\/regiaonews.net.br\\\/2022\\\/#organization\"},\"potentialAction\":[{\"@type\":\"SearchAction\",\"target\":{\"@type\":\"EntryPoint\",\"urlTemplate\":\"https:\\\/\\\/regiaonews.net.br\\\/2022\\\/?s={search_term_string}\"},\"query-input\":{\"@type\":\"PropertyValueSpecification\",\"valueRequired\":true,\"valueName\":\"search_term_string\"}}],\"inLanguage\":\"pt-BR\"},{\"@type\":\"Organization\",\"@id\":\"https:\\\/\\\/regiaonews.net.br\\\/2022\\\/#organization\",\"name\":\"Regi\u00e3o News\",\"url\":\"https:\\\/\\\/regiaonews.net.br\\\/2022\\\/\",\"logo\":{\"@type\":\"ImageObject\",\"inLanguage\":\"pt-BR\",\"@id\":\"https:\\\/\\\/regiaonews.net.br\\\/2022\\\/#\\\/schema\\\/logo\\\/image\\\/\",\"url\":\"https:\\\/\\\/regiaonews.net.br\\\/2022\\\/wp-content\\\/uploads\\\/2026\\\/03\\\/regiao-13-anos-scaled.jpg\",\"contentUrl\":\"https:\\\/\\\/regiaonews.net.br\\\/2022\\\/wp-content\\\/uploads\\\/2026\\\/03\\\/regiao-13-anos-scaled.jpg\",\"width\":2560,\"height\":635,\"caption\":\"Regi\u00e3o News\"},\"image\":{\"@id\":\"https:\\\/\\\/regiaonews.net.br\\\/2022\\\/#\\\/schema\\\/logo\\\/image\\\/\"}},{\"@type\":\"Person\",\"@id\":\"https:\\\/\\\/regiaonews.net.br\\\/2022\\\/#\\\/schema\\\/person\\\/2d205a608a5aa97ac279d7a5e6d89ad8\",\"name\":\"Roberto\",\"image\":{\"@type\":\"ImageObject\",\"inLanguage\":\"pt-BR\",\"@id\":\"https:\\\/\\\/secure.gravatar.com\\\/avatar\\\/42749d8b712ff9d59ca93dc150494e5b55a44134482993f5baeb97e61b7ecc89?s=96&d=mm&r=g\",\"url\":\"https:\\\/\\\/secure.gravatar.com\\\/avatar\\\/42749d8b712ff9d59ca93dc150494e5b55a44134482993f5baeb97e61b7ecc89?s=96&d=mm&r=g\",\"contentUrl\":\"https:\\\/\\\/secure.gravatar.com\\\/avatar\\\/42749d8b712ff9d59ca93dc150494e5b55a44134482993f5baeb97e61b7ecc89?s=96&d=mm&r=g\",\"caption\":\"Roberto\"},\"url\":\"https:\\\/\\\/regiaonews.net.br\\\/2022\\\/author\\\/roberto\\\/\"}]}<\/script>\n<!-- \/ Yoast SEO plugin. -->","yoast_head_json":{"title":"SINSPREV\/SP se posiciona sobre projeto do aborto legal - Regi\u00e3o News","robots":{"index":"index","follow":"follow","max-snippet":"max-snippet:-1","max-image-preview":"max-image-preview:large","max-video-preview":"max-video-preview:-1"},"canonical":"https:\/\/regiaonews.net.br\/2022\/2024\/06\/21\/sinsprev-sp-se-posiciona-sobre-projeto-do-aborto-legal\/","og_locale":"pt_BR","og_type":"article","og_title":"SINSPREV\/SP se posiciona sobre projeto do aborto legal - Regi\u00e3o News","og_description":"Em sua p\u00e1gina no facebook, o SINSPREV(Sindicato dos Servidores da","og_url":"https:\/\/regiaonews.net.br\/2022\/2024\/06\/21\/sinsprev-sp-se-posiciona-sobre-projeto-do-aborto-legal\/","og_site_name":"Regi\u00e3o News","article_published_time":"2024-06-21T11:00:15+00:00","article_modified_time":"2024-06-21T11:06:13+00:00","og_image":[{"width":1170,"height":700,"url":"https:\/\/regiaonews.net.br\/2022\/wp-content\/uploads\/2021\/03\/brasilia_60_anos_esplanada_dos_ministerios_0420202390_2.jpg","type":"image\/jpeg"}],"author":"Roberto","twitter_card":"summary_large_image","twitter_misc":{"Escrito por":"Roberto","Est. tempo de leitura":"4 minutos"},"schema":{"@context":"https:\/\/schema.org","@graph":[{"@type":"Article","@id":"https:\/\/regiaonews.net.br\/2022\/2024\/06\/21\/sinsprev-sp-se-posiciona-sobre-projeto-do-aborto-legal\/#article","isPartOf":{"@id":"https:\/\/regiaonews.net.br\/2022\/2024\/06\/21\/sinsprev-sp-se-posiciona-sobre-projeto-do-aborto-legal\/"},"author":{"name":"Roberto","@id":"https:\/\/regiaonews.net.br\/2022\/#\/schema\/person\/2d205a608a5aa97ac279d7a5e6d89ad8"},"headline":"SINSPREV\/SP se posiciona sobre projeto do aborto legal","datePublished":"2024-06-21T11:00:15+00:00","dateModified":"2024-06-21T11:06:13+00:00","mainEntityOfPage":{"@id":"https:\/\/regiaonews.net.br\/2022\/2024\/06\/21\/sinsprev-sp-se-posiciona-sobre-projeto-do-aborto-legal\/"},"wordCount":731,"commentCount":0,"publisher":{"@id":"https:\/\/regiaonews.net.br\/2022\/#organization"},"image":{"@id":"https:\/\/regiaonews.net.br\/2022\/2024\/06\/21\/sinsprev-sp-se-posiciona-sobre-projeto-do-aborto-legal\/#primaryimage"},"thumbnailUrl":"https:\/\/regiaonews.net.br\/2022\/wp-content\/uploads\/2021\/03\/brasilia_60_anos_esplanada_dos_ministerios_0420202390_2.jpg","articleSection":["Bras\u00edlia","Cotidiano"],"inLanguage":"pt-BR","potentialAction":[{"@type":"CommentAction","name":"Comment","target":["https:\/\/regiaonews.net.br\/2022\/2024\/06\/21\/sinsprev-sp-se-posiciona-sobre-projeto-do-aborto-legal\/#respond"]}]},{"@type":"WebPage","@id":"https:\/\/regiaonews.net.br\/2022\/2024\/06\/21\/sinsprev-sp-se-posiciona-sobre-projeto-do-aborto-legal\/","url":"https:\/\/regiaonews.net.br\/2022\/2024\/06\/21\/sinsprev-sp-se-posiciona-sobre-projeto-do-aborto-legal\/","name":"SINSPREV\/SP se posiciona sobre projeto do aborto legal - Regi\u00e3o News","isPartOf":{"@id":"https:\/\/regiaonews.net.br\/2022\/#website"},"primaryImageOfPage":{"@id":"https:\/\/regiaonews.net.br\/2022\/2024\/06\/21\/sinsprev-sp-se-posiciona-sobre-projeto-do-aborto-legal\/#primaryimage"},"image":{"@id":"https:\/\/regiaonews.net.br\/2022\/2024\/06\/21\/sinsprev-sp-se-posiciona-sobre-projeto-do-aborto-legal\/#primaryimage"},"thumbnailUrl":"https:\/\/regiaonews.net.br\/2022\/wp-content\/uploads\/2021\/03\/brasilia_60_anos_esplanada_dos_ministerios_0420202390_2.jpg","datePublished":"2024-06-21T11:00:15+00:00","dateModified":"2024-06-21T11:06:13+00:00","breadcrumb":{"@id":"https:\/\/regiaonews.net.br\/2022\/2024\/06\/21\/sinsprev-sp-se-posiciona-sobre-projeto-do-aborto-legal\/#breadcrumb"},"inLanguage":"pt-BR","potentialAction":[{"@type":"ReadAction","target":["https:\/\/regiaonews.net.br\/2022\/2024\/06\/21\/sinsprev-sp-se-posiciona-sobre-projeto-do-aborto-legal\/"]}]},{"@type":"ImageObject","inLanguage":"pt-BR","@id":"https:\/\/regiaonews.net.br\/2022\/2024\/06\/21\/sinsprev-sp-se-posiciona-sobre-projeto-do-aborto-legal\/#primaryimage","url":"https:\/\/regiaonews.net.br\/2022\/wp-content\/uploads\/2021\/03\/brasilia_60_anos_esplanada_dos_ministerios_0420202390_2.jpg","contentUrl":"https:\/\/regiaonews.net.br\/2022\/wp-content\/uploads\/2021\/03\/brasilia_60_anos_esplanada_dos_ministerios_0420202390_2.jpg","width":1170,"height":700,"caption":"Bras\u00edlia 60 Anos - Esplanada dos Minist\u00e9rios"},{"@type":"BreadcrumbList","@id":"https:\/\/regiaonews.net.br\/2022\/2024\/06\/21\/sinsprev-sp-se-posiciona-sobre-projeto-do-aborto-legal\/#breadcrumb","itemListElement":[{"@type":"ListItem","position":1,"name":"In\u00edcio","item":"https:\/\/regiaonews.net.br\/2022\/"},{"@type":"ListItem","position":2,"name":"SINSPREV\/SP se posiciona sobre projeto do aborto legal"}]},{"@type":"WebSite","@id":"https:\/\/regiaonews.net.br\/2022\/#website","url":"https:\/\/regiaonews.net.br\/2022\/","name":"Regi\u00e3o News","description":"Site de Not\u00edcias de Barretos e regi\u00e3o","publisher":{"@id":"https:\/\/regiaonews.net.br\/2022\/#organization"},"potentialAction":[{"@type":"SearchAction","target":{"@type":"EntryPoint","urlTemplate":"https:\/\/regiaonews.net.br\/2022\/?s={search_term_string}"},"query-input":{"@type":"PropertyValueSpecification","valueRequired":true,"valueName":"search_term_string"}}],"inLanguage":"pt-BR"},{"@type":"Organization","@id":"https:\/\/regiaonews.net.br\/2022\/#organization","name":"Regi\u00e3o News","url":"https:\/\/regiaonews.net.br\/2022\/","logo":{"@type":"ImageObject","inLanguage":"pt-BR","@id":"https:\/\/regiaonews.net.br\/2022\/#\/schema\/logo\/image\/","url":"https:\/\/regiaonews.net.br\/2022\/wp-content\/uploads\/2026\/03\/regiao-13-anos-scaled.jpg","contentUrl":"https:\/\/regiaonews.net.br\/2022\/wp-content\/uploads\/2026\/03\/regiao-13-anos-scaled.jpg","width":2560,"height":635,"caption":"Regi\u00e3o News"},"image":{"@id":"https:\/\/regiaonews.net.br\/2022\/#\/schema\/logo\/image\/"}},{"@type":"Person","@id":"https:\/\/regiaonews.net.br\/2022\/#\/schema\/person\/2d205a608a5aa97ac279d7a5e6d89ad8","name":"Roberto","image":{"@type":"ImageObject","inLanguage":"pt-BR","@id":"https:\/\/secure.gravatar.com\/avatar\/42749d8b712ff9d59ca93dc150494e5b55a44134482993f5baeb97e61b7ecc89?s=96&d=mm&r=g","url":"https:\/\/secure.gravatar.com\/avatar\/42749d8b712ff9d59ca93dc150494e5b55a44134482993f5baeb97e61b7ecc89?s=96&d=mm&r=g","contentUrl":"https:\/\/secure.gravatar.com\/avatar\/42749d8b712ff9d59ca93dc150494e5b55a44134482993f5baeb97e61b7ecc89?s=96&d=mm&r=g","caption":"Roberto"},"url":"https:\/\/regiaonews.net.br\/2022\/author\/roberto\/"}]}},"publishpress_future_action":{"enabled":false,"date":"2026-05-03 02:11:27","action":"change-status","newStatus":"draft","terms":[],"taxonomy":"category","extraData":[]},"publishpress_future_workflow_manual_trigger":{"enabledWorkflows":[]},"_links":{"self":[{"href":"https:\/\/regiaonews.net.br\/2022\/wp-json\/wp\/v2\/posts\/106644","targetHints":{"allow":["GET"]}}],"collection":[{"href":"https:\/\/regiaonews.net.br\/2022\/wp-json\/wp\/v2\/posts"}],"about":[{"href":"https:\/\/regiaonews.net.br\/2022\/wp-json\/wp\/v2\/types\/post"}],"author":[{"embeddable":true,"href":"https:\/\/regiaonews.net.br\/2022\/wp-json\/wp\/v2\/users\/2"}],"replies":[{"embeddable":true,"href":"https:\/\/regiaonews.net.br\/2022\/wp-json\/wp\/v2\/comments?post=106644"}],"version-history":[{"count":4,"href":"https:\/\/regiaonews.net.br\/2022\/wp-json\/wp\/v2\/posts\/106644\/revisions"}],"predecessor-version":[{"id":106648,"href":"https:\/\/regiaonews.net.br\/2022\/wp-json\/wp\/v2\/posts\/106644\/revisions\/106648"}],"wp:featuredmedia":[{"embeddable":true,"href":"https:\/\/regiaonews.net.br\/2022\/wp-json\/wp\/v2\/media\/44509"}],"wp:attachment":[{"href":"https:\/\/regiaonews.net.br\/2022\/wp-json\/wp\/v2\/media?parent=106644"}],"wp:term":[{"taxonomy":"category","embeddable":true,"href":"https:\/\/regiaonews.net.br\/2022\/wp-json\/wp\/v2\/categories?post=106644"},{"taxonomy":"post_tag","embeddable":true,"href":"https:\/\/regiaonews.net.br\/2022\/wp-json\/wp\/v2\/tags?post=106644"}],"curies":[{"name":"wp","href":"https:\/\/api.w.org\/{rel}","templated":true}]}}