{"id":106618,"date":"2024-06-20T19:48:30","date_gmt":"2024-06-20T22:48:30","guid":{"rendered":"https:\/\/regiaonews.net.br\/2022\/?p=106618"},"modified":"2024-06-20T19:48:30","modified_gmt":"2024-06-20T22:48:30","slug":"prefeitura-de-barretos-entrega-veiculo-zero-quilometro-a-secretaria-municipal-de-cultura-economia-criativa","status":"publish","type":"post","link":"https:\/\/regiaonews.net.br\/2022\/2024\/06\/20\/prefeitura-de-barretos-entrega-veiculo-zero-quilometro-a-secretaria-municipal-de-cultura-economia-criativa\/","title":{"rendered":"Prefeitura de Barretos entrega ve\u00edculo zero quil\u00f4metro \u00e0 Secretaria Municipal de Cultura &#038; Economia Criativa"},"content":{"rendered":"<p>Picape Fiat Toro tem capacidade para cinco pessoas e foi adquirida com recursos provenientes de emenda parlamentar<\/p>\n<p>A Secretaria Municipal de Cultura &amp; Economia Criativa recebeu na tarde de quarta-feira, 19 de junho, uma picape Fiat Toro zero quil\u00f4metro da Prefeitura de Barretos. A entrega ocorreu no estacionamento do pa\u00e7o Municipal.<br \/>\n\u201cA Cultura t\u00e1 super on! Este \u00e9 um ano muito significativo para a cultura de Barretos, n\u00f3s tivemos v\u00e1rios eventos como o Revelando SP, a inaugura\u00e7\u00e3o do nosso novo Cemart e n\u00e3o foi s\u00f3 isso, est\u00e1 chegando agora um novo ve\u00edculo para que os servidores, que fazem um trabalho brilhante, possam trabalhar com seguran\u00e7a\u201d, disse a Prefeita Paula Lemos.<br \/>\nA aquisi\u00e7\u00e3o do ve\u00edculo, que tem capacidade para cinco pessoas e custou R$ 140.000,00, ocorreu por meio de conv\u00eanio firmado com a Secretaria de Cultura, Economia e Ind\u00fastria Criativas do Estado de S\u00e3o Paulo, com recursos provenientes de emenda parlamentar da Deputada Estadual Analice Fernandes.<br \/>\nIgor Santos, secret\u00e1rio municipal de Cultura &amp; Economia Criativa, agradeceu. \u201cNa cultura, a gente faz tudo com muita ra\u00e7a e muito orgulho. A gente tem que agradecer pessoas como a Paula, que conseguiu dobrar o recurso da Cultura nesses quatro anos. N\u00f3s estamos orgulhosos de estar recebendo esse ve\u00edculo, que vai nos honrar muito, que vai nos estruturar para continuar fazendo um \u00f3timo servi\u00e7o nos diversos pr\u00e9dios e equipamentos culturais de Barretos. Obrigado Paula. Obrigado deputada Analice\u201d, disse. \u201cA Deputada Analice \u00e9 parceira da nossa cidade, al\u00e9m destas importantes conquistas para a Cultura, seu apoio j\u00e1 nos proporcionou ambul\u00e2ncia para a Sa\u00fade, verbas para as quadras esportivas do Cecapinha e Vila Gomes, al\u00e9m de um trator e outros equipamentos para o Meio Ambiente\u201d, completou o secret\u00e1rio.<br \/>\nA entrega contou com a presen\u00e7a do ex-secret\u00e1rio de Cultura, Rog\u00e9rio Teod\u00f3sio, que buscou a emenda junto \u00e0 deputada enquanto comandava a pasta.<\/p>\n","protected":false},"excerpt":{"rendered":"<p>Picape Fiat Toro tem capacidade para cinco pessoas e foi<\/p>\n","protected":false},"author":2,"featured_media":106619,"comment_status":"open","ping_status":"open","sticky":false,"template":"","format":"standard","meta":{"footnotes":""},"categories":[14,25],"tags":[],"class_list":["post-106618","post","type-post","status-publish","format-standard","has-post-thumbnail","hentry","category-barretos","category-cidades"],"yoast_head":"<!-- This site is optimized with the Yoast SEO plugin v27.4 - https:\/\/yoast.com\/product\/yoast-seo-wordpress\/ -->\n<title>Prefeitura de Barretos entrega ve\u00edculo zero quil\u00f4metro \u00e0 Secretaria Municipal de Cultura &amp; Economia Criativa - Regi\u00e3o News<\/title>\n<meta name=\"robots\" content=\"index, follow, max-snippet:-1, max-image-preview:large, max-video-preview:-1\" \/>\n<link rel=\"canonical\" href=\"https:\/\/regiaonews.net.br\/2022\/2024\/06\/20\/prefeitura-de-barretos-entrega-veiculo-zero-quilometro-a-secretaria-municipal-de-cultura-economia-criativa\/\" \/>\n<meta property=\"og:locale\" content=\"pt_BR\" \/>\n<meta property=\"og:type\" content=\"article\" \/>\n<meta property=\"og:title\" content=\"Prefeitura de Barretos entrega ve\u00edculo zero quil\u00f4metro \u00e0 Secretaria Municipal de Cultura &amp; Economia Criativa - Regi\u00e3o News\" \/>\n<meta property=\"og:description\" content=\"Picape Fiat Toro tem capacidade para cinco pessoas e foi\" \/>\n<meta property=\"og:url\" content=\"https:\/\/regiaonews.net.br\/2022\/2024\/06\/20\/prefeitura-de-barretos-entrega-veiculo-zero-quilometro-a-secretaria-municipal-de-cultura-economia-criativa\/\" \/>\n<meta property=\"og:site_name\" content=\"Regi\u00e3o News\" \/>\n<meta property=\"article:published_time\" content=\"2024-06-20T22:48:30+00:00\" \/>\n<meta property=\"og:image\" content=\"https:\/\/regiaonews.net.br\/2022\/wp-content\/uploads\/2024\/06\/WhatsApp-Image-2024-06-20-at-15.52.05.jpeg\" \/>\n\t<meta property=\"og:image:width\" content=\"1600\" \/>\n\t<meta property=\"og:image:height\" content=\"1067\" \/>\n\t<meta property=\"og:image:type\" content=\"image\/jpeg\" \/>\n<meta name=\"author\" content=\"Roberto\" \/>\n<meta name=\"twitter:card\" content=\"summary_large_image\" \/>\n<meta name=\"twitter:label1\" content=\"Escrito por\" \/>\n\t<meta name=\"twitter:data1\" content=\"Roberto\" \/>\n\t<meta name=\"twitter:label2\" content=\"Est. tempo de leitura\" \/>\n\t<meta name=\"twitter:data2\" content=\"2 minutos\" \/>\n<script type=\"application\/ld+json\" class=\"yoast-schema-graph\">{\"@context\":\"https:\\\/\\\/schema.org\",\"@graph\":[{\"@type\":\"Article\",\"@id\":\"https:\\\/\\\/regiaonews.net.br\\\/2022\\\/2024\\\/06\\\/20\\\/prefeitura-de-barretos-entrega-veiculo-zero-quilometro-a-secretaria-municipal-de-cultura-economia-criativa\\\/#article\",\"isPartOf\":{\"@id\":\"https:\\\/\\\/regiaonews.net.br\\\/2022\\\/2024\\\/06\\\/20\\\/prefeitura-de-barretos-entrega-veiculo-zero-quilometro-a-secretaria-municipal-de-cultura-economia-criativa\\\/\"},\"author\":{\"name\":\"Roberto\",\"@id\":\"https:\\\/\\\/regiaonews.net.br\\\/2022\\\/#\\\/schema\\\/person\\\/2d205a608a5aa97ac279d7a5e6d89ad8\"},\"headline\":\"Prefeitura de Barretos entrega ve\u00edculo zero quil\u00f4metro \u00e0 Secretaria Municipal de Cultura &#038; Economia Criativa\",\"datePublished\":\"2024-06-20T22:48:30+00:00\",\"mainEntityOfPage\":{\"@id\":\"https:\\\/\\\/regiaonews.net.br\\\/2022\\\/2024\\\/06\\\/20\\\/prefeitura-de-barretos-entrega-veiculo-zero-quilometro-a-secretaria-municipal-de-cultura-economia-criativa\\\/\"},\"wordCount\":342,\"commentCount\":0,\"publisher\":{\"@id\":\"https:\\\/\\\/regiaonews.net.br\\\/2022\\\/#organization\"},\"image\":{\"@id\":\"https:\\\/\\\/regiaonews.net.br\\\/2022\\\/2024\\\/06\\\/20\\\/prefeitura-de-barretos-entrega-veiculo-zero-quilometro-a-secretaria-municipal-de-cultura-economia-criativa\\\/#primaryimage\"},\"thumbnailUrl\":\"https:\\\/\\\/regiaonews.net.br\\\/2022\\\/wp-content\\\/uploads\\\/2024\\\/06\\\/WhatsApp-Image-2024-06-20-at-15.52.05.jpeg\",\"articleSection\":[\"Barretos\",\"Cidades\"],\"inLanguage\":\"pt-BR\",\"potentialAction\":[{\"@type\":\"CommentAction\",\"name\":\"Comment\",\"target\":[\"https:\\\/\\\/regiaonews.net.br\\\/2022\\\/2024\\\/06\\\/20\\\/prefeitura-de-barretos-entrega-veiculo-zero-quilometro-a-secretaria-municipal-de-cultura-economia-criativa\\\/#respond\"]}]},{\"@type\":\"WebPage\",\"@id\":\"https:\\\/\\\/regiaonews.net.br\\\/2022\\\/2024\\\/06\\\/20\\\/prefeitura-de-barretos-entrega-veiculo-zero-quilometro-a-secretaria-municipal-de-cultura-economia-criativa\\\/\",\"url\":\"https:\\\/\\\/regiaonews.net.br\\\/2022\\\/2024\\\/06\\\/20\\\/prefeitura-de-barretos-entrega-veiculo-zero-quilometro-a-secretaria-municipal-de-cultura-economia-criativa\\\/\",\"name\":\"Prefeitura de Barretos entrega ve\u00edculo zero quil\u00f4metro \u00e0 Secretaria Municipal de Cultura & Economia Criativa - Regi\u00e3o News\",\"isPartOf\":{\"@id\":\"https:\\\/\\\/regiaonews.net.br\\\/2022\\\/#website\"},\"primaryImageOfPage\":{\"@id\":\"https:\\\/\\\/regiaonews.net.br\\\/2022\\\/2024\\\/06\\\/20\\\/prefeitura-de-barretos-entrega-veiculo-zero-quilometro-a-secretaria-municipal-de-cultura-economia-criativa\\\/#primaryimage\"},\"image\":{\"@id\":\"https:\\\/\\\/regiaonews.net.br\\\/2022\\\/2024\\\/06\\\/20\\\/prefeitura-de-barretos-entrega-veiculo-zero-quilometro-a-secretaria-municipal-de-cultura-economia-criativa\\\/#primaryimage\"},\"thumbnailUrl\":\"https:\\\/\\\/regiaonews.net.br\\\/2022\\\/wp-content\\\/uploads\\\/2024\\\/06\\\/WhatsApp-Image-2024-06-20-at-15.52.05.jpeg\",\"datePublished\":\"2024-06-20T22:48:30+00:00\",\"breadcrumb\":{\"@id\":\"https:\\\/\\\/regiaonews.net.br\\\/2022\\\/2024\\\/06\\\/20\\\/prefeitura-de-barretos-entrega-veiculo-zero-quilometro-a-secretaria-municipal-de-cultura-economia-criativa\\\/#breadcrumb\"},\"inLanguage\":\"pt-BR\",\"potentialAction\":[{\"@type\":\"ReadAction\",\"target\":[\"https:\\\/\\\/regiaonews.net.br\\\/2022\\\/2024\\\/06\\\/20\\\/prefeitura-de-barretos-entrega-veiculo-zero-quilometro-a-secretaria-municipal-de-cultura-economia-criativa\\\/\"]}]},{\"@type\":\"ImageObject\",\"inLanguage\":\"pt-BR\",\"@id\":\"https:\\\/\\\/regiaonews.net.br\\\/2022\\\/2024\\\/06\\\/20\\\/prefeitura-de-barretos-entrega-veiculo-zero-quilometro-a-secretaria-municipal-de-cultura-economia-criativa\\\/#primaryimage\",\"url\":\"https:\\\/\\\/regiaonews.net.br\\\/2022\\\/wp-content\\\/uploads\\\/2024\\\/06\\\/WhatsApp-Image-2024-06-20-at-15.52.05.jpeg\",\"contentUrl\":\"https:\\\/\\\/regiaonews.net.br\\\/2022\\\/wp-content\\\/uploads\\\/2024\\\/06\\\/WhatsApp-Image-2024-06-20-at-15.52.05.jpeg\",\"width\":1600,\"height\":1067},{\"@type\":\"BreadcrumbList\",\"@id\":\"https:\\\/\\\/regiaonews.net.br\\\/2022\\\/2024\\\/06\\\/20\\\/prefeitura-de-barretos-entrega-veiculo-zero-quilometro-a-secretaria-municipal-de-cultura-economia-criativa\\\/#breadcrumb\",\"itemListElement\":[{\"@type\":\"ListItem\",\"position\":1,\"name\":\"In\u00edcio\",\"item\":\"https:\\\/\\\/regiaonews.net.br\\\/2022\\\/\"},{\"@type\":\"ListItem\",\"position\":2,\"name\":\"Prefeitura de Barretos entrega ve\u00edculo zero quil\u00f4metro \u00e0 Secretaria Municipal de Cultura &#038; Economia Criativa\"}]},{\"@type\":\"WebSite\",\"@id\":\"https:\\\/\\\/regiaonews.net.br\\\/2022\\\/#website\",\"url\":\"https:\\\/\\\/regiaonews.net.br\\\/2022\\\/\",\"name\":\"Regi\u00e3o News\",\"description\":\"Site de Not\u00edcias de Barretos e regi\u00e3o\",\"publisher\":{\"@id\":\"https:\\\/\\\/regiaonews.net.br\\\/2022\\\/#organization\"},\"potentialAction\":[{\"@type\":\"SearchAction\",\"target\":{\"@type\":\"EntryPoint\",\"urlTemplate\":\"https:\\\/\\\/regiaonews.net.br\\\/2022\\\/?s={search_term_string}\"},\"query-input\":{\"@type\":\"PropertyValueSpecification\",\"valueRequired\":true,\"valueName\":\"search_term_string\"}}],\"inLanguage\":\"pt-BR\"},{\"@type\":\"Organization\",\"@id\":\"https:\\\/\\\/regiaonews.net.br\\\/2022\\\/#organization\",\"name\":\"Regi\u00e3o News\",\"url\":\"https:\\\/\\\/regiaonews.net.br\\\/2022\\\/\",\"logo\":{\"@type\":\"ImageObject\",\"inLanguage\":\"pt-BR\",\"@id\":\"https:\\\/\\\/regiaonews.net.br\\\/2022\\\/#\\\/schema\\\/logo\\\/image\\\/\",\"url\":\"https:\\\/\\\/regiaonews.net.br\\\/2022\\\/wp-content\\\/uploads\\\/2026\\\/03\\\/regiao-13-anos-scaled.jpg\",\"contentUrl\":\"https:\\\/\\\/regiaonews.net.br\\\/2022\\\/wp-content\\\/uploads\\\/2026\\\/03\\\/regiao-13-anos-scaled.jpg\",\"width\":2560,\"height\":635,\"caption\":\"Regi\u00e3o News\"},\"image\":{\"@id\":\"https:\\\/\\\/regiaonews.net.br\\\/2022\\\/#\\\/schema\\\/logo\\\/image\\\/\"}},{\"@type\":\"Person\",\"@id\":\"https:\\\/\\\/regiaonews.net.br\\\/2022\\\/#\\\/schema\\\/person\\\/2d205a608a5aa97ac279d7a5e6d89ad8\",\"name\":\"Roberto\",\"image\":{\"@type\":\"ImageObject\",\"inLanguage\":\"pt-BR\",\"@id\":\"https:\\\/\\\/secure.gravatar.com\\\/avatar\\\/42749d8b712ff9d59ca93dc150494e5b55a44134482993f5baeb97e61b7ecc89?s=96&d=mm&r=g\",\"url\":\"https:\\\/\\\/secure.gravatar.com\\\/avatar\\\/42749d8b712ff9d59ca93dc150494e5b55a44134482993f5baeb97e61b7ecc89?s=96&d=mm&r=g\",\"contentUrl\":\"https:\\\/\\\/secure.gravatar.com\\\/avatar\\\/42749d8b712ff9d59ca93dc150494e5b55a44134482993f5baeb97e61b7ecc89?s=96&d=mm&r=g\",\"caption\":\"Roberto\"},\"url\":\"https:\\\/\\\/regiaonews.net.br\\\/2022\\\/author\\\/roberto\\\/\"}]}<\/script>\n<!-- \/ Yoast SEO plugin. -->","yoast_head_json":{"title":"Prefeitura de Barretos entrega ve\u00edculo zero quil\u00f4metro \u00e0 Secretaria Municipal de Cultura & Economia Criativa - Regi\u00e3o News","robots":{"index":"index","follow":"follow","max-snippet":"max-snippet:-1","max-image-preview":"max-image-preview:large","max-video-preview":"max-video-preview:-1"},"canonical":"https:\/\/regiaonews.net.br\/2022\/2024\/06\/20\/prefeitura-de-barretos-entrega-veiculo-zero-quilometro-a-secretaria-municipal-de-cultura-economia-criativa\/","og_locale":"pt_BR","og_type":"article","og_title":"Prefeitura de Barretos entrega ve\u00edculo zero quil\u00f4metro \u00e0 Secretaria Municipal de Cultura & Economia Criativa - Regi\u00e3o News","og_description":"Picape Fiat Toro tem capacidade para cinco pessoas e foi","og_url":"https:\/\/regiaonews.net.br\/2022\/2024\/06\/20\/prefeitura-de-barretos-entrega-veiculo-zero-quilometro-a-secretaria-municipal-de-cultura-economia-criativa\/","og_site_name":"Regi\u00e3o News","article_published_time":"2024-06-20T22:48:30+00:00","og_image":[{"width":1600,"height":1067,"url":"https:\/\/regiaonews.net.br\/2022\/wp-content\/uploads\/2024\/06\/WhatsApp-Image-2024-06-20-at-15.52.05.jpeg","type":"image\/jpeg"}],"author":"Roberto","twitter_card":"summary_large_image","twitter_misc":{"Escrito por":"Roberto","Est. tempo de leitura":"2 minutos"},"schema":{"@context":"https:\/\/schema.org","@graph":[{"@type":"Article","@id":"https:\/\/regiaonews.net.br\/2022\/2024\/06\/20\/prefeitura-de-barretos-entrega-veiculo-zero-quilometro-a-secretaria-municipal-de-cultura-economia-criativa\/#article","isPartOf":{"@id":"https:\/\/regiaonews.net.br\/2022\/2024\/06\/20\/prefeitura-de-barretos-entrega-veiculo-zero-quilometro-a-secretaria-municipal-de-cultura-economia-criativa\/"},"author":{"name":"Roberto","@id":"https:\/\/regiaonews.net.br\/2022\/#\/schema\/person\/2d205a608a5aa97ac279d7a5e6d89ad8"},"headline":"Prefeitura de Barretos entrega ve\u00edculo zero quil\u00f4metro \u00e0 Secretaria Municipal de Cultura &#038; Economia Criativa","datePublished":"2024-06-20T22:48:30+00:00","mainEntityOfPage":{"@id":"https:\/\/regiaonews.net.br\/2022\/2024\/06\/20\/prefeitura-de-barretos-entrega-veiculo-zero-quilometro-a-secretaria-municipal-de-cultura-economia-criativa\/"},"wordCount":342,"commentCount":0,"publisher":{"@id":"https:\/\/regiaonews.net.br\/2022\/#organization"},"image":{"@id":"https:\/\/regiaonews.net.br\/2022\/2024\/06\/20\/prefeitura-de-barretos-entrega-veiculo-zero-quilometro-a-secretaria-municipal-de-cultura-economia-criativa\/#primaryimage"},"thumbnailUrl":"https:\/\/regiaonews.net.br\/2022\/wp-content\/uploads\/2024\/06\/WhatsApp-Image-2024-06-20-at-15.52.05.jpeg","articleSection":["Barretos","Cidades"],"inLanguage":"pt-BR","potentialAction":[{"@type":"CommentAction","name":"Comment","target":["https:\/\/regiaonews.net.br\/2022\/2024\/06\/20\/prefeitura-de-barretos-entrega-veiculo-zero-quilometro-a-secretaria-municipal-de-cultura-economia-criativa\/#respond"]}]},{"@type":"WebPage","@id":"https:\/\/regiaonews.net.br\/2022\/2024\/06\/20\/prefeitura-de-barretos-entrega-veiculo-zero-quilometro-a-secretaria-municipal-de-cultura-economia-criativa\/","url":"https:\/\/regiaonews.net.br\/2022\/2024\/06\/20\/prefeitura-de-barretos-entrega-veiculo-zero-quilometro-a-secretaria-municipal-de-cultura-economia-criativa\/","name":"Prefeitura de Barretos entrega ve\u00edculo zero quil\u00f4metro \u00e0 Secretaria Municipal de Cultura & Economia Criativa - Regi\u00e3o News","isPartOf":{"@id":"https:\/\/regiaonews.net.br\/2022\/#website"},"primaryImageOfPage":{"@id":"https:\/\/regiaonews.net.br\/2022\/2024\/06\/20\/prefeitura-de-barretos-entrega-veiculo-zero-quilometro-a-secretaria-municipal-de-cultura-economia-criativa\/#primaryimage"},"image":{"@id":"https:\/\/regiaonews.net.br\/2022\/2024\/06\/20\/prefeitura-de-barretos-entrega-veiculo-zero-quilometro-a-secretaria-municipal-de-cultura-economia-criativa\/#primaryimage"},"thumbnailUrl":"https:\/\/regiaonews.net.br\/2022\/wp-content\/uploads\/2024\/06\/WhatsApp-Image-2024-06-20-at-15.52.05.jpeg","datePublished":"2024-06-20T22:48:30+00:00","breadcrumb":{"@id":"https:\/\/regiaonews.net.br\/2022\/2024\/06\/20\/prefeitura-de-barretos-entrega-veiculo-zero-quilometro-a-secretaria-municipal-de-cultura-economia-criativa\/#breadcrumb"},"inLanguage":"pt-BR","potentialAction":[{"@type":"ReadAction","target":["https:\/\/regiaonews.net.br\/2022\/2024\/06\/20\/prefeitura-de-barretos-entrega-veiculo-zero-quilometro-a-secretaria-municipal-de-cultura-economia-criativa\/"]}]},{"@type":"ImageObject","inLanguage":"pt-BR","@id":"https:\/\/regiaonews.net.br\/2022\/2024\/06\/20\/prefeitura-de-barretos-entrega-veiculo-zero-quilometro-a-secretaria-municipal-de-cultura-economia-criativa\/#primaryimage","url":"https:\/\/regiaonews.net.br\/2022\/wp-content\/uploads\/2024\/06\/WhatsApp-Image-2024-06-20-at-15.52.05.jpeg","contentUrl":"https:\/\/regiaonews.net.br\/2022\/wp-content\/uploads\/2024\/06\/WhatsApp-Image-2024-06-20-at-15.52.05.jpeg","width":1600,"height":1067},{"@type":"BreadcrumbList","@id":"https:\/\/regiaonews.net.br\/2022\/2024\/06\/20\/prefeitura-de-barretos-entrega-veiculo-zero-quilometro-a-secretaria-municipal-de-cultura-economia-criativa\/#breadcrumb","itemListElement":[{"@type":"ListItem","position":1,"name":"In\u00edcio","item":"https:\/\/regiaonews.net.br\/2022\/"},{"@type":"ListItem","position":2,"name":"Prefeitura de Barretos entrega ve\u00edculo zero quil\u00f4metro \u00e0 Secretaria Municipal de Cultura &#038; Economia Criativa"}]},{"@type":"WebSite","@id":"https:\/\/regiaonews.net.br\/2022\/#website","url":"https:\/\/regiaonews.net.br\/2022\/","name":"Regi\u00e3o News","description":"Site de Not\u00edcias de Barretos e regi\u00e3o","publisher":{"@id":"https:\/\/regiaonews.net.br\/2022\/#organization"},"potentialAction":[{"@type":"SearchAction","target":{"@type":"EntryPoint","urlTemplate":"https:\/\/regiaonews.net.br\/2022\/?s={search_term_string}"},"query-input":{"@type":"PropertyValueSpecification","valueRequired":true,"valueName":"search_term_string"}}],"inLanguage":"pt-BR"},{"@type":"Organization","@id":"https:\/\/regiaonews.net.br\/2022\/#organization","name":"Regi\u00e3o News","url":"https:\/\/regiaonews.net.br\/2022\/","logo":{"@type":"ImageObject","inLanguage":"pt-BR","@id":"https:\/\/regiaonews.net.br\/2022\/#\/schema\/logo\/image\/","url":"https:\/\/regiaonews.net.br\/2022\/wp-content\/uploads\/2026\/03\/regiao-13-anos-scaled.jpg","contentUrl":"https:\/\/regiaonews.net.br\/2022\/wp-content\/uploads\/2026\/03\/regiao-13-anos-scaled.jpg","width":2560,"height":635,"caption":"Regi\u00e3o News"},"image":{"@id":"https:\/\/regiaonews.net.br\/2022\/#\/schema\/logo\/image\/"}},{"@type":"Person","@id":"https:\/\/regiaonews.net.br\/2022\/#\/schema\/person\/2d205a608a5aa97ac279d7a5e6d89ad8","name":"Roberto","image":{"@type":"ImageObject","inLanguage":"pt-BR","@id":"https:\/\/secure.gravatar.com\/avatar\/42749d8b712ff9d59ca93dc150494e5b55a44134482993f5baeb97e61b7ecc89?s=96&d=mm&r=g","url":"https:\/\/secure.gravatar.com\/avatar\/42749d8b712ff9d59ca93dc150494e5b55a44134482993f5baeb97e61b7ecc89?s=96&d=mm&r=g","contentUrl":"https:\/\/secure.gravatar.com\/avatar\/42749d8b712ff9d59ca93dc150494e5b55a44134482993f5baeb97e61b7ecc89?s=96&d=mm&r=g","caption":"Roberto"},"url":"https:\/\/regiaonews.net.br\/2022\/author\/roberto\/"}]}},"publishpress_future_action":{"enabled":false,"date":"2026-05-03 09:34:43","action":"change-status","newStatus":"draft","terms":[],"taxonomy":"category","extraData":[]},"publishpress_future_workflow_manual_trigger":{"enabledWorkflows":[]},"_links":{"self":[{"href":"https:\/\/regiaonews.net.br\/2022\/wp-json\/wp\/v2\/posts\/106618","targetHints":{"allow":["GET"]}}],"collection":[{"href":"https:\/\/regiaonews.net.br\/2022\/wp-json\/wp\/v2\/posts"}],"about":[{"href":"https:\/\/regiaonews.net.br\/2022\/wp-json\/wp\/v2\/types\/post"}],"author":[{"embeddable":true,"href":"https:\/\/regiaonews.net.br\/2022\/wp-json\/wp\/v2\/users\/2"}],"replies":[{"embeddable":true,"href":"https:\/\/regiaonews.net.br\/2022\/wp-json\/wp\/v2\/comments?post=106618"}],"version-history":[{"count":1,"href":"https:\/\/regiaonews.net.br\/2022\/wp-json\/wp\/v2\/posts\/106618\/revisions"}],"predecessor-version":[{"id":106620,"href":"https:\/\/regiaonews.net.br\/2022\/wp-json\/wp\/v2\/posts\/106618\/revisions\/106620"}],"wp:featuredmedia":[{"embeddable":true,"href":"https:\/\/regiaonews.net.br\/2022\/wp-json\/wp\/v2\/media\/106619"}],"wp:attachment":[{"href":"https:\/\/regiaonews.net.br\/2022\/wp-json\/wp\/v2\/media?parent=106618"}],"wp:term":[{"taxonomy":"category","embeddable":true,"href":"https:\/\/regiaonews.net.br\/2022\/wp-json\/wp\/v2\/categories?post=106618"},{"taxonomy":"post_tag","embeddable":true,"href":"https:\/\/regiaonews.net.br\/2022\/wp-json\/wp\/v2\/tags?post=106618"}],"curies":[{"name":"wp","href":"https:\/\/api.w.org\/{rel}","templated":true}]}}