{"id":106615,"date":"2024-06-20T19:45:54","date_gmt":"2024-06-20T22:45:54","guid":{"rendered":"https:\/\/regiaonews.net.br\/2022\/?p=106615"},"modified":"2024-06-20T19:45:54","modified_gmt":"2024-06-20T22:45:54","slug":"atencao-barretense-inscricoes-abertas-para-mil-vagas-do-curso-empreenda-jovem","status":"publish","type":"post","link":"https:\/\/regiaonews.net.br\/2022\/2024\/06\/20\/atencao-barretense-inscricoes-abertas-para-mil-vagas-do-curso-empreenda-jovem\/","title":{"rendered":"Aten\u00e7\u00e3o barretense: Inscri\u00e7\u00f5es abertas para mil vagas do curso Empreenda Jovem"},"content":{"rendered":"<p>Capacita\u00e7\u00e3o \u00e9 gratuita, no formato online e com certifica\u00e7\u00e3o<\/p>\n<p>Oferecido pelo Governo de S\u00e3o Paulo, por meio do programa Qualifica SP &#8211; Empreenda, em parceria com a beebusinezzz, o curso Empreenda Jovem est\u00e1 com mil vagas abertas para jovens de 16 a 24 anos de todo o estado. A capacita\u00e7\u00e3o \u00e9 online, gratuita e tem carga hor\u00e1ria de 36 horas.<br \/>\nAs inscri\u00e7\u00f5es devem ser realizadas at\u00e9 quarta-feira, 26 de junho, e o objetivo do curso \u00e9 capacitar os alunos para que eles desenvolvam e transformem ideias em neg\u00f3cios lucrativos; atraiam investidores; montem um neg\u00f3cio do zero; e adaptem-se ao mercado de trabalho, preparando-os tanto para a carreira quanto para o empreendedorismo.<br \/>\n\u201cMais uma vez o Qualifica SP inova e traz um curso atual, voltado \u00e0 prepara\u00e7\u00e3o do jovem para o mercado de trabalho e para o empreendedorismo. Por isso barretense, agarre esta oportunidade e saia na frente investindo na sua pr\u00f3pria qualifica\u00e7\u00e3o\u201d, disse a secret\u00e1ria municipal de Desenvolvimento Econ\u00f4mico &amp; Inova\u00e7\u00e3o, Dra. Juliana Luciano dos Santos.<br \/>\nAo final do curso, os concluintes receber\u00e3o diploma virtual e poder\u00e3o ter acesso a microcr\u00e9dito para iniciar seus pr\u00f3prios neg\u00f3cios, atrav\u00e9s do Banco do Povo (cr\u00e9dito dispon\u00edvel apenas para maiores de 18 anos).<br \/>\nMais informa\u00e7\u00f5es e inscri\u00e7\u00f5es pelo site: https:\/\/www.qualificasp.sp.gov.br\/EmpreendaJovem\/details\/8180.<\/p>\n","protected":false},"excerpt":{"rendered":"<p>Capacita\u00e7\u00e3o \u00e9 gratuita, no formato online e com certifica\u00e7\u00e3o Oferecido<\/p>\n","protected":false},"author":2,"featured_media":106616,"comment_status":"open","ping_status":"open","sticky":false,"template":"","format":"standard","meta":{"footnotes":""},"categories":[14,25],"tags":[],"class_list":["post-106615","post","type-post","status-publish","format-standard","has-post-thumbnail","hentry","category-barretos","category-cidades"],"yoast_head":"<!-- This site is optimized with the Yoast SEO plugin v27.4 - https:\/\/yoast.com\/product\/yoast-seo-wordpress\/ -->\n<title>Aten\u00e7\u00e3o barretense: Inscri\u00e7\u00f5es abertas para mil vagas do curso Empreenda Jovem - Regi\u00e3o News<\/title>\n<meta name=\"robots\" content=\"index, follow, max-snippet:-1, max-image-preview:large, max-video-preview:-1\" \/>\n<link rel=\"canonical\" href=\"https:\/\/regiaonews.net.br\/2022\/2024\/06\/20\/atencao-barretense-inscricoes-abertas-para-mil-vagas-do-curso-empreenda-jovem\/\" \/>\n<meta property=\"og:locale\" content=\"pt_BR\" \/>\n<meta property=\"og:type\" content=\"article\" \/>\n<meta property=\"og:title\" content=\"Aten\u00e7\u00e3o barretense: Inscri\u00e7\u00f5es abertas para mil vagas do curso Empreenda Jovem - Regi\u00e3o News\" \/>\n<meta property=\"og:description\" content=\"Capacita\u00e7\u00e3o \u00e9 gratuita, no formato online e com certifica\u00e7\u00e3o Oferecido\" \/>\n<meta property=\"og:url\" content=\"https:\/\/regiaonews.net.br\/2022\/2024\/06\/20\/atencao-barretense-inscricoes-abertas-para-mil-vagas-do-curso-empreenda-jovem\/\" \/>\n<meta property=\"og:site_name\" content=\"Regi\u00e3o News\" \/>\n<meta property=\"article:published_time\" content=\"2024-06-20T22:45:54+00:00\" \/>\n<meta property=\"og:image\" content=\"https:\/\/regiaonews.net.br\/2022\/wp-content\/uploads\/2024\/06\/WhatsApp-Image-2024-06-20-at-15.52.04.jpeg\" \/>\n\t<meta property=\"og:image:width\" content=\"1081\" \/>\n\t<meta property=\"og:image:height\" content=\"1081\" \/>\n\t<meta property=\"og:image:type\" content=\"image\/jpeg\" \/>\n<meta name=\"author\" content=\"Roberto\" \/>\n<meta name=\"twitter:card\" content=\"summary_large_image\" \/>\n<meta name=\"twitter:label1\" content=\"Escrito por\" \/>\n\t<meta name=\"twitter:data1\" content=\"Roberto\" \/>\n\t<meta name=\"twitter:label2\" content=\"Est. tempo de leitura\" \/>\n\t<meta name=\"twitter:data2\" content=\"2 minutos\" \/>\n<script type=\"application\/ld+json\" class=\"yoast-schema-graph\">{\"@context\":\"https:\\\/\\\/schema.org\",\"@graph\":[{\"@type\":\"Article\",\"@id\":\"https:\\\/\\\/regiaonews.net.br\\\/2022\\\/2024\\\/06\\\/20\\\/atencao-barretense-inscricoes-abertas-para-mil-vagas-do-curso-empreenda-jovem\\\/#article\",\"isPartOf\":{\"@id\":\"https:\\\/\\\/regiaonews.net.br\\\/2022\\\/2024\\\/06\\\/20\\\/atencao-barretense-inscricoes-abertas-para-mil-vagas-do-curso-empreenda-jovem\\\/\"},\"author\":{\"name\":\"Roberto\",\"@id\":\"https:\\\/\\\/regiaonews.net.br\\\/2022\\\/#\\\/schema\\\/person\\\/2d205a608a5aa97ac279d7a5e6d89ad8\"},\"headline\":\"Aten\u00e7\u00e3o barretense: Inscri\u00e7\u00f5es abertas para mil vagas do curso Empreenda Jovem\",\"datePublished\":\"2024-06-20T22:45:54+00:00\",\"mainEntityOfPage\":{\"@id\":\"https:\\\/\\\/regiaonews.net.br\\\/2022\\\/2024\\\/06\\\/20\\\/atencao-barretense-inscricoes-abertas-para-mil-vagas-do-curso-empreenda-jovem\\\/\"},\"wordCount\":241,\"commentCount\":0,\"publisher\":{\"@id\":\"https:\\\/\\\/regiaonews.net.br\\\/2022\\\/#organization\"},\"image\":{\"@id\":\"https:\\\/\\\/regiaonews.net.br\\\/2022\\\/2024\\\/06\\\/20\\\/atencao-barretense-inscricoes-abertas-para-mil-vagas-do-curso-empreenda-jovem\\\/#primaryimage\"},\"thumbnailUrl\":\"https:\\\/\\\/regiaonews.net.br\\\/2022\\\/wp-content\\\/uploads\\\/2024\\\/06\\\/WhatsApp-Image-2024-06-20-at-15.52.04.jpeg\",\"articleSection\":[\"Barretos\",\"Cidades\"],\"inLanguage\":\"pt-BR\",\"potentialAction\":[{\"@type\":\"CommentAction\",\"name\":\"Comment\",\"target\":[\"https:\\\/\\\/regiaonews.net.br\\\/2022\\\/2024\\\/06\\\/20\\\/atencao-barretense-inscricoes-abertas-para-mil-vagas-do-curso-empreenda-jovem\\\/#respond\"]}]},{\"@type\":\"WebPage\",\"@id\":\"https:\\\/\\\/regiaonews.net.br\\\/2022\\\/2024\\\/06\\\/20\\\/atencao-barretense-inscricoes-abertas-para-mil-vagas-do-curso-empreenda-jovem\\\/\",\"url\":\"https:\\\/\\\/regiaonews.net.br\\\/2022\\\/2024\\\/06\\\/20\\\/atencao-barretense-inscricoes-abertas-para-mil-vagas-do-curso-empreenda-jovem\\\/\",\"name\":\"Aten\u00e7\u00e3o barretense: Inscri\u00e7\u00f5es abertas para mil vagas do curso Empreenda Jovem - Regi\u00e3o News\",\"isPartOf\":{\"@id\":\"https:\\\/\\\/regiaonews.net.br\\\/2022\\\/#website\"},\"primaryImageOfPage\":{\"@id\":\"https:\\\/\\\/regiaonews.net.br\\\/2022\\\/2024\\\/06\\\/20\\\/atencao-barretense-inscricoes-abertas-para-mil-vagas-do-curso-empreenda-jovem\\\/#primaryimage\"},\"image\":{\"@id\":\"https:\\\/\\\/regiaonews.net.br\\\/2022\\\/2024\\\/06\\\/20\\\/atencao-barretense-inscricoes-abertas-para-mil-vagas-do-curso-empreenda-jovem\\\/#primaryimage\"},\"thumbnailUrl\":\"https:\\\/\\\/regiaonews.net.br\\\/2022\\\/wp-content\\\/uploads\\\/2024\\\/06\\\/WhatsApp-Image-2024-06-20-at-15.52.04.jpeg\",\"datePublished\":\"2024-06-20T22:45:54+00:00\",\"breadcrumb\":{\"@id\":\"https:\\\/\\\/regiaonews.net.br\\\/2022\\\/2024\\\/06\\\/20\\\/atencao-barretense-inscricoes-abertas-para-mil-vagas-do-curso-empreenda-jovem\\\/#breadcrumb\"},\"inLanguage\":\"pt-BR\",\"potentialAction\":[{\"@type\":\"ReadAction\",\"target\":[\"https:\\\/\\\/regiaonews.net.br\\\/2022\\\/2024\\\/06\\\/20\\\/atencao-barretense-inscricoes-abertas-para-mil-vagas-do-curso-empreenda-jovem\\\/\"]}]},{\"@type\":\"ImageObject\",\"inLanguage\":\"pt-BR\",\"@id\":\"https:\\\/\\\/regiaonews.net.br\\\/2022\\\/2024\\\/06\\\/20\\\/atencao-barretense-inscricoes-abertas-para-mil-vagas-do-curso-empreenda-jovem\\\/#primaryimage\",\"url\":\"https:\\\/\\\/regiaonews.net.br\\\/2022\\\/wp-content\\\/uploads\\\/2024\\\/06\\\/WhatsApp-Image-2024-06-20-at-15.52.04.jpeg\",\"contentUrl\":\"https:\\\/\\\/regiaonews.net.br\\\/2022\\\/wp-content\\\/uploads\\\/2024\\\/06\\\/WhatsApp-Image-2024-06-20-at-15.52.04.jpeg\",\"width\":1081,\"height\":1081},{\"@type\":\"BreadcrumbList\",\"@id\":\"https:\\\/\\\/regiaonews.net.br\\\/2022\\\/2024\\\/06\\\/20\\\/atencao-barretense-inscricoes-abertas-para-mil-vagas-do-curso-empreenda-jovem\\\/#breadcrumb\",\"itemListElement\":[{\"@type\":\"ListItem\",\"position\":1,\"name\":\"In\u00edcio\",\"item\":\"https:\\\/\\\/regiaonews.net.br\\\/2022\\\/\"},{\"@type\":\"ListItem\",\"position\":2,\"name\":\"Aten\u00e7\u00e3o barretense: Inscri\u00e7\u00f5es abertas para mil vagas do curso Empreenda Jovem\"}]},{\"@type\":\"WebSite\",\"@id\":\"https:\\\/\\\/regiaonews.net.br\\\/2022\\\/#website\",\"url\":\"https:\\\/\\\/regiaonews.net.br\\\/2022\\\/\",\"name\":\"Regi\u00e3o News\",\"description\":\"Site de Not\u00edcias de Barretos e regi\u00e3o\",\"publisher\":{\"@id\":\"https:\\\/\\\/regiaonews.net.br\\\/2022\\\/#organization\"},\"potentialAction\":[{\"@type\":\"SearchAction\",\"target\":{\"@type\":\"EntryPoint\",\"urlTemplate\":\"https:\\\/\\\/regiaonews.net.br\\\/2022\\\/?s={search_term_string}\"},\"query-input\":{\"@type\":\"PropertyValueSpecification\",\"valueRequired\":true,\"valueName\":\"search_term_string\"}}],\"inLanguage\":\"pt-BR\"},{\"@type\":\"Organization\",\"@id\":\"https:\\\/\\\/regiaonews.net.br\\\/2022\\\/#organization\",\"name\":\"Regi\u00e3o News\",\"url\":\"https:\\\/\\\/regiaonews.net.br\\\/2022\\\/\",\"logo\":{\"@type\":\"ImageObject\",\"inLanguage\":\"pt-BR\",\"@id\":\"https:\\\/\\\/regiaonews.net.br\\\/2022\\\/#\\\/schema\\\/logo\\\/image\\\/\",\"url\":\"https:\\\/\\\/regiaonews.net.br\\\/2022\\\/wp-content\\\/uploads\\\/2026\\\/03\\\/regiao-13-anos-scaled.jpg\",\"contentUrl\":\"https:\\\/\\\/regiaonews.net.br\\\/2022\\\/wp-content\\\/uploads\\\/2026\\\/03\\\/regiao-13-anos-scaled.jpg\",\"width\":2560,\"height\":635,\"caption\":\"Regi\u00e3o News\"},\"image\":{\"@id\":\"https:\\\/\\\/regiaonews.net.br\\\/2022\\\/#\\\/schema\\\/logo\\\/image\\\/\"}},{\"@type\":\"Person\",\"@id\":\"https:\\\/\\\/regiaonews.net.br\\\/2022\\\/#\\\/schema\\\/person\\\/2d205a608a5aa97ac279d7a5e6d89ad8\",\"name\":\"Roberto\",\"image\":{\"@type\":\"ImageObject\",\"inLanguage\":\"pt-BR\",\"@id\":\"https:\\\/\\\/secure.gravatar.com\\\/avatar\\\/42749d8b712ff9d59ca93dc150494e5b55a44134482993f5baeb97e61b7ecc89?s=96&d=mm&r=g\",\"url\":\"https:\\\/\\\/secure.gravatar.com\\\/avatar\\\/42749d8b712ff9d59ca93dc150494e5b55a44134482993f5baeb97e61b7ecc89?s=96&d=mm&r=g\",\"contentUrl\":\"https:\\\/\\\/secure.gravatar.com\\\/avatar\\\/42749d8b712ff9d59ca93dc150494e5b55a44134482993f5baeb97e61b7ecc89?s=96&d=mm&r=g\",\"caption\":\"Roberto\"},\"url\":\"https:\\\/\\\/regiaonews.net.br\\\/2022\\\/author\\\/roberto\\\/\"}]}<\/script>\n<!-- \/ Yoast SEO plugin. -->","yoast_head_json":{"title":"Aten\u00e7\u00e3o barretense: Inscri\u00e7\u00f5es abertas para mil vagas do curso Empreenda Jovem - Regi\u00e3o News","robots":{"index":"index","follow":"follow","max-snippet":"max-snippet:-1","max-image-preview":"max-image-preview:large","max-video-preview":"max-video-preview:-1"},"canonical":"https:\/\/regiaonews.net.br\/2022\/2024\/06\/20\/atencao-barretense-inscricoes-abertas-para-mil-vagas-do-curso-empreenda-jovem\/","og_locale":"pt_BR","og_type":"article","og_title":"Aten\u00e7\u00e3o barretense: Inscri\u00e7\u00f5es abertas para mil vagas do curso Empreenda Jovem - Regi\u00e3o News","og_description":"Capacita\u00e7\u00e3o \u00e9 gratuita, no formato online e com certifica\u00e7\u00e3o Oferecido","og_url":"https:\/\/regiaonews.net.br\/2022\/2024\/06\/20\/atencao-barretense-inscricoes-abertas-para-mil-vagas-do-curso-empreenda-jovem\/","og_site_name":"Regi\u00e3o News","article_published_time":"2024-06-20T22:45:54+00:00","og_image":[{"width":1081,"height":1081,"url":"https:\/\/regiaonews.net.br\/2022\/wp-content\/uploads\/2024\/06\/WhatsApp-Image-2024-06-20-at-15.52.04.jpeg","type":"image\/jpeg"}],"author":"Roberto","twitter_card":"summary_large_image","twitter_misc":{"Escrito por":"Roberto","Est. tempo de leitura":"2 minutos"},"schema":{"@context":"https:\/\/schema.org","@graph":[{"@type":"Article","@id":"https:\/\/regiaonews.net.br\/2022\/2024\/06\/20\/atencao-barretense-inscricoes-abertas-para-mil-vagas-do-curso-empreenda-jovem\/#article","isPartOf":{"@id":"https:\/\/regiaonews.net.br\/2022\/2024\/06\/20\/atencao-barretense-inscricoes-abertas-para-mil-vagas-do-curso-empreenda-jovem\/"},"author":{"name":"Roberto","@id":"https:\/\/regiaonews.net.br\/2022\/#\/schema\/person\/2d205a608a5aa97ac279d7a5e6d89ad8"},"headline":"Aten\u00e7\u00e3o barretense: Inscri\u00e7\u00f5es abertas para mil vagas do curso Empreenda Jovem","datePublished":"2024-06-20T22:45:54+00:00","mainEntityOfPage":{"@id":"https:\/\/regiaonews.net.br\/2022\/2024\/06\/20\/atencao-barretense-inscricoes-abertas-para-mil-vagas-do-curso-empreenda-jovem\/"},"wordCount":241,"commentCount":0,"publisher":{"@id":"https:\/\/regiaonews.net.br\/2022\/#organization"},"image":{"@id":"https:\/\/regiaonews.net.br\/2022\/2024\/06\/20\/atencao-barretense-inscricoes-abertas-para-mil-vagas-do-curso-empreenda-jovem\/#primaryimage"},"thumbnailUrl":"https:\/\/regiaonews.net.br\/2022\/wp-content\/uploads\/2024\/06\/WhatsApp-Image-2024-06-20-at-15.52.04.jpeg","articleSection":["Barretos","Cidades"],"inLanguage":"pt-BR","potentialAction":[{"@type":"CommentAction","name":"Comment","target":["https:\/\/regiaonews.net.br\/2022\/2024\/06\/20\/atencao-barretense-inscricoes-abertas-para-mil-vagas-do-curso-empreenda-jovem\/#respond"]}]},{"@type":"WebPage","@id":"https:\/\/regiaonews.net.br\/2022\/2024\/06\/20\/atencao-barretense-inscricoes-abertas-para-mil-vagas-do-curso-empreenda-jovem\/","url":"https:\/\/regiaonews.net.br\/2022\/2024\/06\/20\/atencao-barretense-inscricoes-abertas-para-mil-vagas-do-curso-empreenda-jovem\/","name":"Aten\u00e7\u00e3o barretense: Inscri\u00e7\u00f5es abertas para mil vagas do curso Empreenda Jovem - Regi\u00e3o News","isPartOf":{"@id":"https:\/\/regiaonews.net.br\/2022\/#website"},"primaryImageOfPage":{"@id":"https:\/\/regiaonews.net.br\/2022\/2024\/06\/20\/atencao-barretense-inscricoes-abertas-para-mil-vagas-do-curso-empreenda-jovem\/#primaryimage"},"image":{"@id":"https:\/\/regiaonews.net.br\/2022\/2024\/06\/20\/atencao-barretense-inscricoes-abertas-para-mil-vagas-do-curso-empreenda-jovem\/#primaryimage"},"thumbnailUrl":"https:\/\/regiaonews.net.br\/2022\/wp-content\/uploads\/2024\/06\/WhatsApp-Image-2024-06-20-at-15.52.04.jpeg","datePublished":"2024-06-20T22:45:54+00:00","breadcrumb":{"@id":"https:\/\/regiaonews.net.br\/2022\/2024\/06\/20\/atencao-barretense-inscricoes-abertas-para-mil-vagas-do-curso-empreenda-jovem\/#breadcrumb"},"inLanguage":"pt-BR","potentialAction":[{"@type":"ReadAction","target":["https:\/\/regiaonews.net.br\/2022\/2024\/06\/20\/atencao-barretense-inscricoes-abertas-para-mil-vagas-do-curso-empreenda-jovem\/"]}]},{"@type":"ImageObject","inLanguage":"pt-BR","@id":"https:\/\/regiaonews.net.br\/2022\/2024\/06\/20\/atencao-barretense-inscricoes-abertas-para-mil-vagas-do-curso-empreenda-jovem\/#primaryimage","url":"https:\/\/regiaonews.net.br\/2022\/wp-content\/uploads\/2024\/06\/WhatsApp-Image-2024-06-20-at-15.52.04.jpeg","contentUrl":"https:\/\/regiaonews.net.br\/2022\/wp-content\/uploads\/2024\/06\/WhatsApp-Image-2024-06-20-at-15.52.04.jpeg","width":1081,"height":1081},{"@type":"BreadcrumbList","@id":"https:\/\/regiaonews.net.br\/2022\/2024\/06\/20\/atencao-barretense-inscricoes-abertas-para-mil-vagas-do-curso-empreenda-jovem\/#breadcrumb","itemListElement":[{"@type":"ListItem","position":1,"name":"In\u00edcio","item":"https:\/\/regiaonews.net.br\/2022\/"},{"@type":"ListItem","position":2,"name":"Aten\u00e7\u00e3o barretense: Inscri\u00e7\u00f5es abertas para mil vagas do curso Empreenda Jovem"}]},{"@type":"WebSite","@id":"https:\/\/regiaonews.net.br\/2022\/#website","url":"https:\/\/regiaonews.net.br\/2022\/","name":"Regi\u00e3o News","description":"Site de Not\u00edcias de Barretos e regi\u00e3o","publisher":{"@id":"https:\/\/regiaonews.net.br\/2022\/#organization"},"potentialAction":[{"@type":"SearchAction","target":{"@type":"EntryPoint","urlTemplate":"https:\/\/regiaonews.net.br\/2022\/?s={search_term_string}"},"query-input":{"@type":"PropertyValueSpecification","valueRequired":true,"valueName":"search_term_string"}}],"inLanguage":"pt-BR"},{"@type":"Organization","@id":"https:\/\/regiaonews.net.br\/2022\/#organization","name":"Regi\u00e3o News","url":"https:\/\/regiaonews.net.br\/2022\/","logo":{"@type":"ImageObject","inLanguage":"pt-BR","@id":"https:\/\/regiaonews.net.br\/2022\/#\/schema\/logo\/image\/","url":"https:\/\/regiaonews.net.br\/2022\/wp-content\/uploads\/2026\/03\/regiao-13-anos-scaled.jpg","contentUrl":"https:\/\/regiaonews.net.br\/2022\/wp-content\/uploads\/2026\/03\/regiao-13-anos-scaled.jpg","width":2560,"height":635,"caption":"Regi\u00e3o News"},"image":{"@id":"https:\/\/regiaonews.net.br\/2022\/#\/schema\/logo\/image\/"}},{"@type":"Person","@id":"https:\/\/regiaonews.net.br\/2022\/#\/schema\/person\/2d205a608a5aa97ac279d7a5e6d89ad8","name":"Roberto","image":{"@type":"ImageObject","inLanguage":"pt-BR","@id":"https:\/\/secure.gravatar.com\/avatar\/42749d8b712ff9d59ca93dc150494e5b55a44134482993f5baeb97e61b7ecc89?s=96&d=mm&r=g","url":"https:\/\/secure.gravatar.com\/avatar\/42749d8b712ff9d59ca93dc150494e5b55a44134482993f5baeb97e61b7ecc89?s=96&d=mm&r=g","contentUrl":"https:\/\/secure.gravatar.com\/avatar\/42749d8b712ff9d59ca93dc150494e5b55a44134482993f5baeb97e61b7ecc89?s=96&d=mm&r=g","caption":"Roberto"},"url":"https:\/\/regiaonews.net.br\/2022\/author\/roberto\/"}]}},"publishpress_future_action":{"enabled":false,"date":"2026-05-03 11:16:32","action":"change-status","newStatus":"draft","terms":[],"taxonomy":"category","extraData":[]},"publishpress_future_workflow_manual_trigger":{"enabledWorkflows":[]},"_links":{"self":[{"href":"https:\/\/regiaonews.net.br\/2022\/wp-json\/wp\/v2\/posts\/106615","targetHints":{"allow":["GET"]}}],"collection":[{"href":"https:\/\/regiaonews.net.br\/2022\/wp-json\/wp\/v2\/posts"}],"about":[{"href":"https:\/\/regiaonews.net.br\/2022\/wp-json\/wp\/v2\/types\/post"}],"author":[{"embeddable":true,"href":"https:\/\/regiaonews.net.br\/2022\/wp-json\/wp\/v2\/users\/2"}],"replies":[{"embeddable":true,"href":"https:\/\/regiaonews.net.br\/2022\/wp-json\/wp\/v2\/comments?post=106615"}],"version-history":[{"count":1,"href":"https:\/\/regiaonews.net.br\/2022\/wp-json\/wp\/v2\/posts\/106615\/revisions"}],"predecessor-version":[{"id":106617,"href":"https:\/\/regiaonews.net.br\/2022\/wp-json\/wp\/v2\/posts\/106615\/revisions\/106617"}],"wp:featuredmedia":[{"embeddable":true,"href":"https:\/\/regiaonews.net.br\/2022\/wp-json\/wp\/v2\/media\/106616"}],"wp:attachment":[{"href":"https:\/\/regiaonews.net.br\/2022\/wp-json\/wp\/v2\/media?parent=106615"}],"wp:term":[{"taxonomy":"category","embeddable":true,"href":"https:\/\/regiaonews.net.br\/2022\/wp-json\/wp\/v2\/categories?post=106615"},{"taxonomy":"post_tag","embeddable":true,"href":"https:\/\/regiaonews.net.br\/2022\/wp-json\/wp\/v2\/tags?post=106615"}],"curies":[{"name":"wp","href":"https:\/\/api.w.org\/{rel}","templated":true}]}}