{"id":106609,"date":"2024-06-20T14:37:31","date_gmt":"2024-06-20T17:37:31","guid":{"rendered":"https:\/\/regiaonews.net.br\/2022\/?p=106609"},"modified":"2024-06-20T14:37:31","modified_gmt":"2024-06-20T17:37:31","slug":"vendas-relativas-ao-dia-dos-namorados-no-north-shopping-crescem-45-em-relacao-ao-ano-passado","status":"publish","type":"post","link":"https:\/\/regiaonews.net.br\/2022\/2024\/06\/20\/vendas-relativas-ao-dia-dos-namorados-no-north-shopping-crescem-45-em-relacao-ao-ano-passado\/","title":{"rendered":"Vendas relativas ao Dia dos Namorados no North Shopping crescem 4,5% em rela\u00e7\u00e3o ao ano passado"},"content":{"rendered":"<h3 style=\"text-align: center;\">Campanhas, pr\u00eamios e promo\u00e7\u00f5es nas lojas impactam positivamente a import\u00e2ncia da data para o com\u00e9rcio, conta gerente<\/h3>\n<p>Foram 31 dias da Campanha \u201cAmor, Meu Porto Seguro\u201d anunciando o Dia dos Namorados no North Shopping Barretos e utilizando a for\u00e7a do marketing para alavancar vendas. Os n\u00fameros apurados em cima da auditoria em lojas indicam que as iniciativas deram certo. A dire\u00e7\u00e3o do centro de compras comemora um crescimento de 4,5% de vendas em rela\u00e7\u00e3o ao ano passado, n\u00famero dentro das expectativas mais otimistas.<\/p>\n<p>O gerente geral do North Shopping, Ricardo Martins Marques, atribui esse crescimento ao esfor\u00e7o conjunto entre o shopping e seus lojistas. \u201cTivemos a recente inaugura\u00e7\u00e3o da C&amp;A, os lojistas se empenharam em oferecer promo\u00e7\u00f5es, descontos e usaram toda a criatividade para sugerir presentes interessantes nesta temporada que precedeu o 12 de junho, isso gerou o resultado esperado. Em tempos t\u00e3o incertos no com\u00e9rcio, quase 5% de crescimento \u00e9 um n\u00famero para ser celebrado, pois reflete que nosso empreendimento n\u00e3o para de crescer\u201d, completou.<\/p>\n<p>Ratificando esse n\u00famero, a campanha do shopping, em que os clientes, a cada R$ 250 em compras, garantiam cupons<br \/>\nque dava direito ao sorteio de oito viagens para Porto Seguro na Bahia na jun\u00e7\u00e3o das datas m\u00e3es e namorados, registrando 63.829 cupons participantes, de cidades da regi\u00e3o e do pa\u00eds. \u201cFoi um sucesso n\u00e3o s\u00f3 de ades\u00e3o, mas tamb\u00e9m de proje\u00e7\u00e3o na regi\u00e3o. Constatamos pessoas de outros estados, tais como Minas Gerais, Goi\u00e1s, Mato Grosso, Paran\u00e1 e at\u00e9 Roraima, circulando pelos corredores do shopping, que oferece n\u00e3o s\u00f3 lojas, mas um completo gastron\u00f4mico diverso e op\u00e7\u00f5es fortes de entretenimento e cultura. Isso s\u00f3 nos motiva a trabalhar mais. Tanto que nas pr\u00f3ximas semanas teremos a inaugura\u00e7\u00e3o de um novo e maior Goril\u00e3o Fam\u00edlia, uma unidade da rede, que vai oferecer ainda mais brinquedos e atra\u00e7\u00f5es n\u00e3o s\u00f3 para crian\u00e7as e adolescentes, mas para toda a fam\u00edlia, al\u00e9m de espa\u00e7os para festas assim como dispon\u00edvel na unidade de Ribeir\u00e3o Preto\u201d, informa Ricardo Martins Marques.<\/p>\n<p>A equipe de marketing do North Shopping j\u00e1 est\u00e1 trabalhando na pr\u00f3xima data do varejo nacional, o Dia dos Pais, e no in\u00edcio de julho a campanha ser\u00e1 apresentada. Al\u00e9m disso, o centro de compras j\u00e1 est\u00e1 preparando as a\u00e7\u00f5es de boas-vindas e encantamento aos turistas em decorr\u00eancia da Festa do Pe\u00e3o de Boiadeiro, em agosto. \u201cTenho certeza que os barretenses ficar\u00e3o muito orgulhosos da campanha Barretos 2024 que trar\u00e1 um personagem muito carism\u00e1tico, que leva o nome da cidade para todo o pa\u00eds e at\u00e9 para fora dele\u201d, revelou Ricardo, que preferiu manter o segredo sobre esse nome que ser\u00e1 anunciado, segundo ele,\u00a0\u201cem\u00a0breve\u201d.<\/p>\n","protected":false},"excerpt":{"rendered":"<p>Campanhas, pr\u00eamios e promo\u00e7\u00f5es nas lojas impactam positivamente a import\u00e2ncia<\/p>\n","protected":false},"author":2,"featured_media":106610,"comment_status":"open","ping_status":"open","sticky":false,"template":"","format":"standard","meta":{"footnotes":""},"categories":[14,3],"tags":[],"class_list":["post-106609","post","type-post","status-publish","format-standard","has-post-thumbnail","hentry","category-barretos","category-geral"],"yoast_head":"<!-- This site is optimized with the Yoast SEO plugin v27.4 - https:\/\/yoast.com\/product\/yoast-seo-wordpress\/ -->\n<title>Vendas relativas ao Dia dos Namorados no North Shopping crescem 4,5% em rela\u00e7\u00e3o ao ano passado - Regi\u00e3o News<\/title>\n<meta name=\"robots\" content=\"index, follow, max-snippet:-1, max-image-preview:large, max-video-preview:-1\" \/>\n<link rel=\"canonical\" href=\"https:\/\/regiaonews.net.br\/2022\/2024\/06\/20\/vendas-relativas-ao-dia-dos-namorados-no-north-shopping-crescem-45-em-relacao-ao-ano-passado\/\" \/>\n<meta property=\"og:locale\" content=\"pt_BR\" \/>\n<meta property=\"og:type\" content=\"article\" \/>\n<meta property=\"og:title\" content=\"Vendas relativas ao Dia dos Namorados no North Shopping crescem 4,5% em rela\u00e7\u00e3o ao ano passado - Regi\u00e3o News\" \/>\n<meta property=\"og:description\" content=\"Campanhas, pr\u00eamios e promo\u00e7\u00f5es nas lojas impactam positivamente a import\u00e2ncia\" \/>\n<meta property=\"og:url\" content=\"https:\/\/regiaonews.net.br\/2022\/2024\/06\/20\/vendas-relativas-ao-dia-dos-namorados-no-north-shopping-crescem-45-em-relacao-ao-ano-passado\/\" \/>\n<meta property=\"og:site_name\" content=\"Regi\u00e3o News\" \/>\n<meta property=\"article:published_time\" content=\"2024-06-20T17:37:31+00:00\" \/>\n<meta property=\"og:image\" content=\"https:\/\/regiaonews.net.br\/2022\/wp-content\/uploads\/2024\/06\/Imagem-do-WhatsApp-de-2024-06-20-as-14.20.32_7cc955a1.jpg\" \/>\n\t<meta property=\"og:image:width\" content=\"1600\" \/>\n\t<meta property=\"og:image:height\" content=\"900\" \/>\n\t<meta property=\"og:image:type\" content=\"image\/jpeg\" \/>\n<meta name=\"author\" content=\"Roberto\" \/>\n<meta name=\"twitter:card\" content=\"summary_large_image\" \/>\n<meta name=\"twitter:label1\" content=\"Escrito por\" \/>\n\t<meta name=\"twitter:data1\" content=\"Roberto\" \/>\n\t<meta name=\"twitter:label2\" content=\"Est. tempo de leitura\" \/>\n\t<meta name=\"twitter:data2\" content=\"3 minutos\" \/>\n<script type=\"application\/ld+json\" class=\"yoast-schema-graph\">{\"@context\":\"https:\\\/\\\/schema.org\",\"@graph\":[{\"@type\":\"Article\",\"@id\":\"https:\\\/\\\/regiaonews.net.br\\\/2022\\\/2024\\\/06\\\/20\\\/vendas-relativas-ao-dia-dos-namorados-no-north-shopping-crescem-45-em-relacao-ao-ano-passado\\\/#article\",\"isPartOf\":{\"@id\":\"https:\\\/\\\/regiaonews.net.br\\\/2022\\\/2024\\\/06\\\/20\\\/vendas-relativas-ao-dia-dos-namorados-no-north-shopping-crescem-45-em-relacao-ao-ano-passado\\\/\"},\"author\":{\"name\":\"Roberto\",\"@id\":\"https:\\\/\\\/regiaonews.net.br\\\/2022\\\/#\\\/schema\\\/person\\\/2d205a608a5aa97ac279d7a5e6d89ad8\"},\"headline\":\"Vendas relativas ao Dia dos Namorados no North Shopping crescem 4,5% em rela\u00e7\u00e3o ao ano passado\",\"datePublished\":\"2024-06-20T17:37:31+00:00\",\"mainEntityOfPage\":{\"@id\":\"https:\\\/\\\/regiaonews.net.br\\\/2022\\\/2024\\\/06\\\/20\\\/vendas-relativas-ao-dia-dos-namorados-no-north-shopping-crescem-45-em-relacao-ao-ano-passado\\\/\"},\"wordCount\":496,\"commentCount\":0,\"publisher\":{\"@id\":\"https:\\\/\\\/regiaonews.net.br\\\/2022\\\/#organization\"},\"image\":{\"@id\":\"https:\\\/\\\/regiaonews.net.br\\\/2022\\\/2024\\\/06\\\/20\\\/vendas-relativas-ao-dia-dos-namorados-no-north-shopping-crescem-45-em-relacao-ao-ano-passado\\\/#primaryimage\"},\"thumbnailUrl\":\"https:\\\/\\\/regiaonews.net.br\\\/2022\\\/wp-content\\\/uploads\\\/2024\\\/06\\\/Imagem-do-WhatsApp-de-2024-06-20-as-14.20.32_7cc955a1.jpg\",\"articleSection\":[\"Barretos\",\"Geral\"],\"inLanguage\":\"pt-BR\",\"potentialAction\":[{\"@type\":\"CommentAction\",\"name\":\"Comment\",\"target\":[\"https:\\\/\\\/regiaonews.net.br\\\/2022\\\/2024\\\/06\\\/20\\\/vendas-relativas-ao-dia-dos-namorados-no-north-shopping-crescem-45-em-relacao-ao-ano-passado\\\/#respond\"]}]},{\"@type\":\"WebPage\",\"@id\":\"https:\\\/\\\/regiaonews.net.br\\\/2022\\\/2024\\\/06\\\/20\\\/vendas-relativas-ao-dia-dos-namorados-no-north-shopping-crescem-45-em-relacao-ao-ano-passado\\\/\",\"url\":\"https:\\\/\\\/regiaonews.net.br\\\/2022\\\/2024\\\/06\\\/20\\\/vendas-relativas-ao-dia-dos-namorados-no-north-shopping-crescem-45-em-relacao-ao-ano-passado\\\/\",\"name\":\"Vendas relativas ao Dia dos Namorados no North Shopping crescem 4,5% em rela\u00e7\u00e3o ao ano passado - Regi\u00e3o News\",\"isPartOf\":{\"@id\":\"https:\\\/\\\/regiaonews.net.br\\\/2022\\\/#website\"},\"primaryImageOfPage\":{\"@id\":\"https:\\\/\\\/regiaonews.net.br\\\/2022\\\/2024\\\/06\\\/20\\\/vendas-relativas-ao-dia-dos-namorados-no-north-shopping-crescem-45-em-relacao-ao-ano-passado\\\/#primaryimage\"},\"image\":{\"@id\":\"https:\\\/\\\/regiaonews.net.br\\\/2022\\\/2024\\\/06\\\/20\\\/vendas-relativas-ao-dia-dos-namorados-no-north-shopping-crescem-45-em-relacao-ao-ano-passado\\\/#primaryimage\"},\"thumbnailUrl\":\"https:\\\/\\\/regiaonews.net.br\\\/2022\\\/wp-content\\\/uploads\\\/2024\\\/06\\\/Imagem-do-WhatsApp-de-2024-06-20-as-14.20.32_7cc955a1.jpg\",\"datePublished\":\"2024-06-20T17:37:31+00:00\",\"breadcrumb\":{\"@id\":\"https:\\\/\\\/regiaonews.net.br\\\/2022\\\/2024\\\/06\\\/20\\\/vendas-relativas-ao-dia-dos-namorados-no-north-shopping-crescem-45-em-relacao-ao-ano-passado\\\/#breadcrumb\"},\"inLanguage\":\"pt-BR\",\"potentialAction\":[{\"@type\":\"ReadAction\",\"target\":[\"https:\\\/\\\/regiaonews.net.br\\\/2022\\\/2024\\\/06\\\/20\\\/vendas-relativas-ao-dia-dos-namorados-no-north-shopping-crescem-45-em-relacao-ao-ano-passado\\\/\"]}]},{\"@type\":\"ImageObject\",\"inLanguage\":\"pt-BR\",\"@id\":\"https:\\\/\\\/regiaonews.net.br\\\/2022\\\/2024\\\/06\\\/20\\\/vendas-relativas-ao-dia-dos-namorados-no-north-shopping-crescem-45-em-relacao-ao-ano-passado\\\/#primaryimage\",\"url\":\"https:\\\/\\\/regiaonews.net.br\\\/2022\\\/wp-content\\\/uploads\\\/2024\\\/06\\\/Imagem-do-WhatsApp-de-2024-06-20-as-14.20.32_7cc955a1.jpg\",\"contentUrl\":\"https:\\\/\\\/regiaonews.net.br\\\/2022\\\/wp-content\\\/uploads\\\/2024\\\/06\\\/Imagem-do-WhatsApp-de-2024-06-20-as-14.20.32_7cc955a1.jpg\",\"width\":1600,\"height\":900},{\"@type\":\"BreadcrumbList\",\"@id\":\"https:\\\/\\\/regiaonews.net.br\\\/2022\\\/2024\\\/06\\\/20\\\/vendas-relativas-ao-dia-dos-namorados-no-north-shopping-crescem-45-em-relacao-ao-ano-passado\\\/#breadcrumb\",\"itemListElement\":[{\"@type\":\"ListItem\",\"position\":1,\"name\":\"In\u00edcio\",\"item\":\"https:\\\/\\\/regiaonews.net.br\\\/2022\\\/\"},{\"@type\":\"ListItem\",\"position\":2,\"name\":\"Vendas relativas ao Dia dos Namorados no North Shopping crescem 4,5% em rela\u00e7\u00e3o ao ano passado\"}]},{\"@type\":\"WebSite\",\"@id\":\"https:\\\/\\\/regiaonews.net.br\\\/2022\\\/#website\",\"url\":\"https:\\\/\\\/regiaonews.net.br\\\/2022\\\/\",\"name\":\"Regi\u00e3o News\",\"description\":\"Site de Not\u00edcias de Barretos e regi\u00e3o\",\"publisher\":{\"@id\":\"https:\\\/\\\/regiaonews.net.br\\\/2022\\\/#organization\"},\"potentialAction\":[{\"@type\":\"SearchAction\",\"target\":{\"@type\":\"EntryPoint\",\"urlTemplate\":\"https:\\\/\\\/regiaonews.net.br\\\/2022\\\/?s={search_term_string}\"},\"query-input\":{\"@type\":\"PropertyValueSpecification\",\"valueRequired\":true,\"valueName\":\"search_term_string\"}}],\"inLanguage\":\"pt-BR\"},{\"@type\":\"Organization\",\"@id\":\"https:\\\/\\\/regiaonews.net.br\\\/2022\\\/#organization\",\"name\":\"Regi\u00e3o News\",\"url\":\"https:\\\/\\\/regiaonews.net.br\\\/2022\\\/\",\"logo\":{\"@type\":\"ImageObject\",\"inLanguage\":\"pt-BR\",\"@id\":\"https:\\\/\\\/regiaonews.net.br\\\/2022\\\/#\\\/schema\\\/logo\\\/image\\\/\",\"url\":\"https:\\\/\\\/regiaonews.net.br\\\/2022\\\/wp-content\\\/uploads\\\/2026\\\/03\\\/regiao-13-anos-scaled.jpg\",\"contentUrl\":\"https:\\\/\\\/regiaonews.net.br\\\/2022\\\/wp-content\\\/uploads\\\/2026\\\/03\\\/regiao-13-anos-scaled.jpg\",\"width\":2560,\"height\":635,\"caption\":\"Regi\u00e3o News\"},\"image\":{\"@id\":\"https:\\\/\\\/regiaonews.net.br\\\/2022\\\/#\\\/schema\\\/logo\\\/image\\\/\"}},{\"@type\":\"Person\",\"@id\":\"https:\\\/\\\/regiaonews.net.br\\\/2022\\\/#\\\/schema\\\/person\\\/2d205a608a5aa97ac279d7a5e6d89ad8\",\"name\":\"Roberto\",\"image\":{\"@type\":\"ImageObject\",\"inLanguage\":\"pt-BR\",\"@id\":\"https:\\\/\\\/secure.gravatar.com\\\/avatar\\\/42749d8b712ff9d59ca93dc150494e5b55a44134482993f5baeb97e61b7ecc89?s=96&d=mm&r=g\",\"url\":\"https:\\\/\\\/secure.gravatar.com\\\/avatar\\\/42749d8b712ff9d59ca93dc150494e5b55a44134482993f5baeb97e61b7ecc89?s=96&d=mm&r=g\",\"contentUrl\":\"https:\\\/\\\/secure.gravatar.com\\\/avatar\\\/42749d8b712ff9d59ca93dc150494e5b55a44134482993f5baeb97e61b7ecc89?s=96&d=mm&r=g\",\"caption\":\"Roberto\"},\"url\":\"https:\\\/\\\/regiaonews.net.br\\\/2022\\\/author\\\/roberto\\\/\"}]}<\/script>\n<!-- \/ Yoast SEO plugin. -->","yoast_head_json":{"title":"Vendas relativas ao Dia dos Namorados no North Shopping crescem 4,5% em rela\u00e7\u00e3o ao ano passado - Regi\u00e3o News","robots":{"index":"index","follow":"follow","max-snippet":"max-snippet:-1","max-image-preview":"max-image-preview:large","max-video-preview":"max-video-preview:-1"},"canonical":"https:\/\/regiaonews.net.br\/2022\/2024\/06\/20\/vendas-relativas-ao-dia-dos-namorados-no-north-shopping-crescem-45-em-relacao-ao-ano-passado\/","og_locale":"pt_BR","og_type":"article","og_title":"Vendas relativas ao Dia dos Namorados no North Shopping crescem 4,5% em rela\u00e7\u00e3o ao ano passado - Regi\u00e3o News","og_description":"Campanhas, pr\u00eamios e promo\u00e7\u00f5es nas lojas impactam positivamente a import\u00e2ncia","og_url":"https:\/\/regiaonews.net.br\/2022\/2024\/06\/20\/vendas-relativas-ao-dia-dos-namorados-no-north-shopping-crescem-45-em-relacao-ao-ano-passado\/","og_site_name":"Regi\u00e3o News","article_published_time":"2024-06-20T17:37:31+00:00","og_image":[{"width":1600,"height":900,"url":"https:\/\/regiaonews.net.br\/2022\/wp-content\/uploads\/2024\/06\/Imagem-do-WhatsApp-de-2024-06-20-as-14.20.32_7cc955a1.jpg","type":"image\/jpeg"}],"author":"Roberto","twitter_card":"summary_large_image","twitter_misc":{"Escrito por":"Roberto","Est. tempo de leitura":"3 minutos"},"schema":{"@context":"https:\/\/schema.org","@graph":[{"@type":"Article","@id":"https:\/\/regiaonews.net.br\/2022\/2024\/06\/20\/vendas-relativas-ao-dia-dos-namorados-no-north-shopping-crescem-45-em-relacao-ao-ano-passado\/#article","isPartOf":{"@id":"https:\/\/regiaonews.net.br\/2022\/2024\/06\/20\/vendas-relativas-ao-dia-dos-namorados-no-north-shopping-crescem-45-em-relacao-ao-ano-passado\/"},"author":{"name":"Roberto","@id":"https:\/\/regiaonews.net.br\/2022\/#\/schema\/person\/2d205a608a5aa97ac279d7a5e6d89ad8"},"headline":"Vendas relativas ao Dia dos Namorados no North Shopping crescem 4,5% em rela\u00e7\u00e3o ao ano passado","datePublished":"2024-06-20T17:37:31+00:00","mainEntityOfPage":{"@id":"https:\/\/regiaonews.net.br\/2022\/2024\/06\/20\/vendas-relativas-ao-dia-dos-namorados-no-north-shopping-crescem-45-em-relacao-ao-ano-passado\/"},"wordCount":496,"commentCount":0,"publisher":{"@id":"https:\/\/regiaonews.net.br\/2022\/#organization"},"image":{"@id":"https:\/\/regiaonews.net.br\/2022\/2024\/06\/20\/vendas-relativas-ao-dia-dos-namorados-no-north-shopping-crescem-45-em-relacao-ao-ano-passado\/#primaryimage"},"thumbnailUrl":"https:\/\/regiaonews.net.br\/2022\/wp-content\/uploads\/2024\/06\/Imagem-do-WhatsApp-de-2024-06-20-as-14.20.32_7cc955a1.jpg","articleSection":["Barretos","Geral"],"inLanguage":"pt-BR","potentialAction":[{"@type":"CommentAction","name":"Comment","target":["https:\/\/regiaonews.net.br\/2022\/2024\/06\/20\/vendas-relativas-ao-dia-dos-namorados-no-north-shopping-crescem-45-em-relacao-ao-ano-passado\/#respond"]}]},{"@type":"WebPage","@id":"https:\/\/regiaonews.net.br\/2022\/2024\/06\/20\/vendas-relativas-ao-dia-dos-namorados-no-north-shopping-crescem-45-em-relacao-ao-ano-passado\/","url":"https:\/\/regiaonews.net.br\/2022\/2024\/06\/20\/vendas-relativas-ao-dia-dos-namorados-no-north-shopping-crescem-45-em-relacao-ao-ano-passado\/","name":"Vendas relativas ao Dia dos Namorados no North Shopping crescem 4,5% em rela\u00e7\u00e3o ao ano passado - Regi\u00e3o News","isPartOf":{"@id":"https:\/\/regiaonews.net.br\/2022\/#website"},"primaryImageOfPage":{"@id":"https:\/\/regiaonews.net.br\/2022\/2024\/06\/20\/vendas-relativas-ao-dia-dos-namorados-no-north-shopping-crescem-45-em-relacao-ao-ano-passado\/#primaryimage"},"image":{"@id":"https:\/\/regiaonews.net.br\/2022\/2024\/06\/20\/vendas-relativas-ao-dia-dos-namorados-no-north-shopping-crescem-45-em-relacao-ao-ano-passado\/#primaryimage"},"thumbnailUrl":"https:\/\/regiaonews.net.br\/2022\/wp-content\/uploads\/2024\/06\/Imagem-do-WhatsApp-de-2024-06-20-as-14.20.32_7cc955a1.jpg","datePublished":"2024-06-20T17:37:31+00:00","breadcrumb":{"@id":"https:\/\/regiaonews.net.br\/2022\/2024\/06\/20\/vendas-relativas-ao-dia-dos-namorados-no-north-shopping-crescem-45-em-relacao-ao-ano-passado\/#breadcrumb"},"inLanguage":"pt-BR","potentialAction":[{"@type":"ReadAction","target":["https:\/\/regiaonews.net.br\/2022\/2024\/06\/20\/vendas-relativas-ao-dia-dos-namorados-no-north-shopping-crescem-45-em-relacao-ao-ano-passado\/"]}]},{"@type":"ImageObject","inLanguage":"pt-BR","@id":"https:\/\/regiaonews.net.br\/2022\/2024\/06\/20\/vendas-relativas-ao-dia-dos-namorados-no-north-shopping-crescem-45-em-relacao-ao-ano-passado\/#primaryimage","url":"https:\/\/regiaonews.net.br\/2022\/wp-content\/uploads\/2024\/06\/Imagem-do-WhatsApp-de-2024-06-20-as-14.20.32_7cc955a1.jpg","contentUrl":"https:\/\/regiaonews.net.br\/2022\/wp-content\/uploads\/2024\/06\/Imagem-do-WhatsApp-de-2024-06-20-as-14.20.32_7cc955a1.jpg","width":1600,"height":900},{"@type":"BreadcrumbList","@id":"https:\/\/regiaonews.net.br\/2022\/2024\/06\/20\/vendas-relativas-ao-dia-dos-namorados-no-north-shopping-crescem-45-em-relacao-ao-ano-passado\/#breadcrumb","itemListElement":[{"@type":"ListItem","position":1,"name":"In\u00edcio","item":"https:\/\/regiaonews.net.br\/2022\/"},{"@type":"ListItem","position":2,"name":"Vendas relativas ao Dia dos Namorados no North Shopping crescem 4,5% em rela\u00e7\u00e3o ao ano passado"}]},{"@type":"WebSite","@id":"https:\/\/regiaonews.net.br\/2022\/#website","url":"https:\/\/regiaonews.net.br\/2022\/","name":"Regi\u00e3o News","description":"Site de Not\u00edcias de Barretos e regi\u00e3o","publisher":{"@id":"https:\/\/regiaonews.net.br\/2022\/#organization"},"potentialAction":[{"@type":"SearchAction","target":{"@type":"EntryPoint","urlTemplate":"https:\/\/regiaonews.net.br\/2022\/?s={search_term_string}"},"query-input":{"@type":"PropertyValueSpecification","valueRequired":true,"valueName":"search_term_string"}}],"inLanguage":"pt-BR"},{"@type":"Organization","@id":"https:\/\/regiaonews.net.br\/2022\/#organization","name":"Regi\u00e3o News","url":"https:\/\/regiaonews.net.br\/2022\/","logo":{"@type":"ImageObject","inLanguage":"pt-BR","@id":"https:\/\/regiaonews.net.br\/2022\/#\/schema\/logo\/image\/","url":"https:\/\/regiaonews.net.br\/2022\/wp-content\/uploads\/2026\/03\/regiao-13-anos-scaled.jpg","contentUrl":"https:\/\/regiaonews.net.br\/2022\/wp-content\/uploads\/2026\/03\/regiao-13-anos-scaled.jpg","width":2560,"height":635,"caption":"Regi\u00e3o News"},"image":{"@id":"https:\/\/regiaonews.net.br\/2022\/#\/schema\/logo\/image\/"}},{"@type":"Person","@id":"https:\/\/regiaonews.net.br\/2022\/#\/schema\/person\/2d205a608a5aa97ac279d7a5e6d89ad8","name":"Roberto","image":{"@type":"ImageObject","inLanguage":"pt-BR","@id":"https:\/\/secure.gravatar.com\/avatar\/42749d8b712ff9d59ca93dc150494e5b55a44134482993f5baeb97e61b7ecc89?s=96&d=mm&r=g","url":"https:\/\/secure.gravatar.com\/avatar\/42749d8b712ff9d59ca93dc150494e5b55a44134482993f5baeb97e61b7ecc89?s=96&d=mm&r=g","contentUrl":"https:\/\/secure.gravatar.com\/avatar\/42749d8b712ff9d59ca93dc150494e5b55a44134482993f5baeb97e61b7ecc89?s=96&d=mm&r=g","caption":"Roberto"},"url":"https:\/\/regiaonews.net.br\/2022\/author\/roberto\/"}]}},"publishpress_future_action":{"enabled":false,"date":"2026-05-03 11:46:04","action":"change-status","newStatus":"draft","terms":[],"taxonomy":"category","extraData":[]},"publishpress_future_workflow_manual_trigger":{"enabledWorkflows":[]},"_links":{"self":[{"href":"https:\/\/regiaonews.net.br\/2022\/wp-json\/wp\/v2\/posts\/106609","targetHints":{"allow":["GET"]}}],"collection":[{"href":"https:\/\/regiaonews.net.br\/2022\/wp-json\/wp\/v2\/posts"}],"about":[{"href":"https:\/\/regiaonews.net.br\/2022\/wp-json\/wp\/v2\/types\/post"}],"author":[{"embeddable":true,"href":"https:\/\/regiaonews.net.br\/2022\/wp-json\/wp\/v2\/users\/2"}],"replies":[{"embeddable":true,"href":"https:\/\/regiaonews.net.br\/2022\/wp-json\/wp\/v2\/comments?post=106609"}],"version-history":[{"count":1,"href":"https:\/\/regiaonews.net.br\/2022\/wp-json\/wp\/v2\/posts\/106609\/revisions"}],"predecessor-version":[{"id":106611,"href":"https:\/\/regiaonews.net.br\/2022\/wp-json\/wp\/v2\/posts\/106609\/revisions\/106611"}],"wp:featuredmedia":[{"embeddable":true,"href":"https:\/\/regiaonews.net.br\/2022\/wp-json\/wp\/v2\/media\/106610"}],"wp:attachment":[{"href":"https:\/\/regiaonews.net.br\/2022\/wp-json\/wp\/v2\/media?parent=106609"}],"wp:term":[{"taxonomy":"category","embeddable":true,"href":"https:\/\/regiaonews.net.br\/2022\/wp-json\/wp\/v2\/categories?post=106609"},{"taxonomy":"post_tag","embeddable":true,"href":"https:\/\/regiaonews.net.br\/2022\/wp-json\/wp\/v2\/tags?post=106609"}],"curies":[{"name":"wp","href":"https:\/\/api.w.org\/{rel}","templated":true}]}}