{"id":106607,"date":"2024-06-20T14:36:49","date_gmt":"2024-06-20T17:36:49","guid":{"rendered":"https:\/\/regiaonews.net.br\/2022\/?p=106607"},"modified":"2024-06-20T17:26:32","modified_gmt":"2024-06-20T20:26:32","slug":"multinacional-abre-vagas-para-auxiliar-de-logistica-em-cravinhos-sp","status":"publish","type":"post","link":"https:\/\/regiaonews.net.br\/2022\/2024\/06\/20\/multinacional-abre-vagas-para-auxiliar-de-logistica-em-cravinhos-sp\/","title":{"rendered":"Multinacional abre vagas para auxiliar de log\u00edstica em Cravinhos-SP"},"content":{"rendered":"<p style=\"text-align: center;\">Candidaturas v\u00e3o at\u00e9 o dia 30 de junho; n\u00e3o \u00e9 necess\u00e1rio experi\u00eancia anterior na fun\u00e7\u00e3o<\/p>\n<p>Uma multinacional do segmento de com\u00e9rcio eletr\u00f4nico, localizada no munic\u00edpio de Cravinhos, regi\u00e3o metropolitana de Ribeir\u00e3o Preto, abriu vagas para auxiliar de log\u00edstica. Os candidatos devem ter ensino fundamental completo e disponibilidade para trabalhar de segunda a s\u00e1bado, das 13h40 \u00e0s 22h ou 21h55 \u00e0s 5h30.<\/p>\n<p>Os candidatos podem se inscrever at\u00e9 o dia 30 de junho, ir\u00e3o atuar como tempor\u00e1rios e n\u00e3o precisam ter experi\u00eancia na fun\u00e7\u00e3o. H\u00e1, ainda, a possibilidade dos contratos se tornarem efetivos.<\/p>\n<p>\u201cOs profissionais selecionados far\u00e3o confer\u00eancia, recebimento e expedi\u00e7\u00e3o de mercadorias, al\u00e9m de etiquetagem de pacotes, coleta de dados de pedidos e preenchimento de planilhas\u201d, explica Francine Amadeu, gerente de Recrutamento e Sele\u00e7\u00e3o da Employer Recursos Humanos.<\/p>\n<p>O sal\u00e1rio mensal \u00e9 de R$ 2 mil e os benef\u00edcios s\u00e3o vale transporte, \u00f4nibus fretado, refeit\u00f3rio no local, cesta b\u00e1sica (R$236,25\/mensais).<\/p>\n<p>Interessados podem encaminhar o curr\u00edculo para o e-mail selecaosaopaulo@employer.com.br\u00a0 ou pelo WhatsApp\u00a0 (11) 9 6838 &#8211; 2341. Ainda, pode se inscrever pelo link https:\/\/www.bne.com.br\/vaga-de-emprego-na-area-logistica-em-cravinhos-sp\/auxiliar-de-logistica\/4274948 .<\/p>\n<p>Direitos do Trabalhador Tempor\u00e1rio<\/p>\n<p>Na modalidade tempor\u00e1ria, o trabalhador tem anota\u00e7\u00e3o em carteira e os direitos assegurados pela legisla\u00e7\u00e3o 6.019\/1974. Dentre os direitos, est\u00e3o inclusos pagamento de horas extras, descanso semanal remunerado, 13\u00ba sal\u00e1rio e f\u00e9rias proporcionais ao per\u00edodo trabalhado. Ele recebe 8% dos seus proventos a t\u00edtulo de FGTS e o per\u00edodo como tempor\u00e1rio conta como contribui\u00e7\u00e3o para a aposentadoria.<\/p>\n<p>Vale ressaltar que na legisla\u00e7\u00e3o, o trabalhador tempor\u00e1rio pode ser contratado por at\u00e9 180 dias, com a possibilidade de prorroga\u00e7\u00e3o por mais at\u00e9 90 dias. A efetiva\u00e7\u00e3o pode acontecer a qualquer momento desse per\u00edodo. Junto \u00e0 Previd\u00eancia, o trabalhador tempor\u00e1rio tamb\u00e9m tem todos os direitos garantidos, desde que se respeite a car\u00eancia m\u00ednima exigida para o pagamento dos benef\u00edcios.<\/p>\n<p>Sobre a Employer Recursos Humanos<br \/>\nUma das maiores empresas de RH do pa\u00eds, a Employer \u00e9 especialista em tecnologias para Recursos Humanos, com solu\u00e7\u00f5es web como folha de pagamento online, ponto eletr\u00f4nico e sistema de holerite online. Com 40 filiais distribu\u00eddas estrategicamente pelo Brasil, a Employer tem em seu portf\u00f3lio grandes e importantes companhias nacionais e internacionais, que buscam solu\u00e7\u00f5es eficientes, capazes de simplificar as rotinas do RH.<br \/>\nAscom &#8211; Employer Recursos Humanos<br \/>\nWhatsApp: (41) 3037 &#8211; 9419<br \/>\nAna Cunha: anacunha@employer.com.br<br \/>\nD\u00e9bora Gomes: deboraalmeida@employer.com.br<br \/>\nThiago Fantini: thiagofantini@bne-empregos.com.br<\/p>\n","protected":false},"excerpt":{"rendered":"<p>Candidaturas v\u00e3o at\u00e9 o dia 30 de junho; n\u00e3o \u00e9<\/p>\n","protected":false},"author":2,"featured_media":106612,"comment_status":"open","ping_status":"open","sticky":false,"template":"","format":"standard","meta":{"footnotes":""},"categories":[3,32],"tags":[],"class_list":["post-106607","post","type-post","status-publish","format-standard","has-post-thumbnail","hentry","category-geral","category-ribeirao-preto"],"yoast_head":"<!-- This site is optimized with the Yoast SEO plugin v27.4 - https:\/\/yoast.com\/product\/yoast-seo-wordpress\/ -->\n<title>Multinacional abre vagas para auxiliar de log\u00edstica em Cravinhos-SP - Regi\u00e3o News<\/title>\n<meta name=\"robots\" content=\"index, follow, max-snippet:-1, max-image-preview:large, max-video-preview:-1\" \/>\n<link rel=\"canonical\" href=\"https:\/\/regiaonews.net.br\/2022\/2024\/06\/20\/multinacional-abre-vagas-para-auxiliar-de-logistica-em-cravinhos-sp\/\" \/>\n<meta property=\"og:locale\" content=\"pt_BR\" \/>\n<meta property=\"og:type\" content=\"article\" \/>\n<meta property=\"og:title\" content=\"Multinacional abre vagas para auxiliar de log\u00edstica em Cravinhos-SP - Regi\u00e3o News\" \/>\n<meta property=\"og:description\" content=\"Candidaturas v\u00e3o at\u00e9 o dia 30 de junho; n\u00e3o \u00e9\" \/>\n<meta property=\"og:url\" content=\"https:\/\/regiaonews.net.br\/2022\/2024\/06\/20\/multinacional-abre-vagas-para-auxiliar-de-logistica-em-cravinhos-sp\/\" \/>\n<meta property=\"og:site_name\" content=\"Regi\u00e3o News\" \/>\n<meta property=\"article:published_time\" content=\"2024-06-20T17:36:49+00:00\" \/>\n<meta property=\"article:modified_time\" content=\"2024-06-20T20:26:32+00:00\" \/>\n<meta property=\"og:image\" content=\"https:\/\/regiaonews.net.br\/2022\/wp-content\/uploads\/2024\/06\/WhatsApp-Image-2024-06-20-at-15.44.43.jpeg\" \/>\n\t<meta property=\"og:image:width\" content=\"500\" \/>\n\t<meta property=\"og:image:height\" content=\"500\" \/>\n\t<meta property=\"og:image:type\" content=\"image\/jpeg\" \/>\n<meta name=\"author\" content=\"Roberto\" \/>\n<meta name=\"twitter:card\" content=\"summary_large_image\" \/>\n<meta name=\"twitter:label1\" content=\"Escrito por\" \/>\n\t<meta name=\"twitter:data1\" content=\"Roberto\" \/>\n\t<meta name=\"twitter:label2\" content=\"Est. tempo de leitura\" \/>\n\t<meta name=\"twitter:data2\" content=\"3 minutos\" \/>\n<script type=\"application\/ld+json\" class=\"yoast-schema-graph\">{\"@context\":\"https:\\\/\\\/schema.org\",\"@graph\":[{\"@type\":\"Article\",\"@id\":\"https:\\\/\\\/regiaonews.net.br\\\/2022\\\/2024\\\/06\\\/20\\\/multinacional-abre-vagas-para-auxiliar-de-logistica-em-cravinhos-sp\\\/#article\",\"isPartOf\":{\"@id\":\"https:\\\/\\\/regiaonews.net.br\\\/2022\\\/2024\\\/06\\\/20\\\/multinacional-abre-vagas-para-auxiliar-de-logistica-em-cravinhos-sp\\\/\"},\"author\":{\"name\":\"Roberto\",\"@id\":\"https:\\\/\\\/regiaonews.net.br\\\/2022\\\/#\\\/schema\\\/person\\\/2d205a608a5aa97ac279d7a5e6d89ad8\"},\"headline\":\"Multinacional abre vagas para auxiliar de log\u00edstica em Cravinhos-SP\",\"datePublished\":\"2024-06-20T17:36:49+00:00\",\"dateModified\":\"2024-06-20T20:26:32+00:00\",\"mainEntityOfPage\":{\"@id\":\"https:\\\/\\\/regiaonews.net.br\\\/2022\\\/2024\\\/06\\\/20\\\/multinacional-abre-vagas-para-auxiliar-de-logistica-em-cravinhos-sp\\\/\"},\"wordCount\":448,\"commentCount\":0,\"publisher\":{\"@id\":\"https:\\\/\\\/regiaonews.net.br\\\/2022\\\/#organization\"},\"image\":{\"@id\":\"https:\\\/\\\/regiaonews.net.br\\\/2022\\\/2024\\\/06\\\/20\\\/multinacional-abre-vagas-para-auxiliar-de-logistica-em-cravinhos-sp\\\/#primaryimage\"},\"thumbnailUrl\":\"https:\\\/\\\/regiaonews.net.br\\\/2022\\\/wp-content\\\/uploads\\\/2024\\\/06\\\/WhatsApp-Image-2024-06-20-at-15.44.43.jpeg\",\"articleSection\":[\"Geral\",\"Ribeir\u00e3o Preto\"],\"inLanguage\":\"pt-BR\",\"potentialAction\":[{\"@type\":\"CommentAction\",\"name\":\"Comment\",\"target\":[\"https:\\\/\\\/regiaonews.net.br\\\/2022\\\/2024\\\/06\\\/20\\\/multinacional-abre-vagas-para-auxiliar-de-logistica-em-cravinhos-sp\\\/#respond\"]}]},{\"@type\":\"WebPage\",\"@id\":\"https:\\\/\\\/regiaonews.net.br\\\/2022\\\/2024\\\/06\\\/20\\\/multinacional-abre-vagas-para-auxiliar-de-logistica-em-cravinhos-sp\\\/\",\"url\":\"https:\\\/\\\/regiaonews.net.br\\\/2022\\\/2024\\\/06\\\/20\\\/multinacional-abre-vagas-para-auxiliar-de-logistica-em-cravinhos-sp\\\/\",\"name\":\"Multinacional abre vagas para auxiliar de log\u00edstica em Cravinhos-SP - Regi\u00e3o News\",\"isPartOf\":{\"@id\":\"https:\\\/\\\/regiaonews.net.br\\\/2022\\\/#website\"},\"primaryImageOfPage\":{\"@id\":\"https:\\\/\\\/regiaonews.net.br\\\/2022\\\/2024\\\/06\\\/20\\\/multinacional-abre-vagas-para-auxiliar-de-logistica-em-cravinhos-sp\\\/#primaryimage\"},\"image\":{\"@id\":\"https:\\\/\\\/regiaonews.net.br\\\/2022\\\/2024\\\/06\\\/20\\\/multinacional-abre-vagas-para-auxiliar-de-logistica-em-cravinhos-sp\\\/#primaryimage\"},\"thumbnailUrl\":\"https:\\\/\\\/regiaonews.net.br\\\/2022\\\/wp-content\\\/uploads\\\/2024\\\/06\\\/WhatsApp-Image-2024-06-20-at-15.44.43.jpeg\",\"datePublished\":\"2024-06-20T17:36:49+00:00\",\"dateModified\":\"2024-06-20T20:26:32+00:00\",\"breadcrumb\":{\"@id\":\"https:\\\/\\\/regiaonews.net.br\\\/2022\\\/2024\\\/06\\\/20\\\/multinacional-abre-vagas-para-auxiliar-de-logistica-em-cravinhos-sp\\\/#breadcrumb\"},\"inLanguage\":\"pt-BR\",\"potentialAction\":[{\"@type\":\"ReadAction\",\"target\":[\"https:\\\/\\\/regiaonews.net.br\\\/2022\\\/2024\\\/06\\\/20\\\/multinacional-abre-vagas-para-auxiliar-de-logistica-em-cravinhos-sp\\\/\"]}]},{\"@type\":\"ImageObject\",\"inLanguage\":\"pt-BR\",\"@id\":\"https:\\\/\\\/regiaonews.net.br\\\/2022\\\/2024\\\/06\\\/20\\\/multinacional-abre-vagas-para-auxiliar-de-logistica-em-cravinhos-sp\\\/#primaryimage\",\"url\":\"https:\\\/\\\/regiaonews.net.br\\\/2022\\\/wp-content\\\/uploads\\\/2024\\\/06\\\/WhatsApp-Image-2024-06-20-at-15.44.43.jpeg\",\"contentUrl\":\"https:\\\/\\\/regiaonews.net.br\\\/2022\\\/wp-content\\\/uploads\\\/2024\\\/06\\\/WhatsApp-Image-2024-06-20-at-15.44.43.jpeg\",\"width\":500,\"height\":500},{\"@type\":\"BreadcrumbList\",\"@id\":\"https:\\\/\\\/regiaonews.net.br\\\/2022\\\/2024\\\/06\\\/20\\\/multinacional-abre-vagas-para-auxiliar-de-logistica-em-cravinhos-sp\\\/#breadcrumb\",\"itemListElement\":[{\"@type\":\"ListItem\",\"position\":1,\"name\":\"In\u00edcio\",\"item\":\"https:\\\/\\\/regiaonews.net.br\\\/2022\\\/\"},{\"@type\":\"ListItem\",\"position\":2,\"name\":\"Multinacional abre vagas para auxiliar de log\u00edstica em Cravinhos-SP\"}]},{\"@type\":\"WebSite\",\"@id\":\"https:\\\/\\\/regiaonews.net.br\\\/2022\\\/#website\",\"url\":\"https:\\\/\\\/regiaonews.net.br\\\/2022\\\/\",\"name\":\"Regi\u00e3o News\",\"description\":\"Site de Not\u00edcias de Barretos e regi\u00e3o\",\"publisher\":{\"@id\":\"https:\\\/\\\/regiaonews.net.br\\\/2022\\\/#organization\"},\"potentialAction\":[{\"@type\":\"SearchAction\",\"target\":{\"@type\":\"EntryPoint\",\"urlTemplate\":\"https:\\\/\\\/regiaonews.net.br\\\/2022\\\/?s={search_term_string}\"},\"query-input\":{\"@type\":\"PropertyValueSpecification\",\"valueRequired\":true,\"valueName\":\"search_term_string\"}}],\"inLanguage\":\"pt-BR\"},{\"@type\":\"Organization\",\"@id\":\"https:\\\/\\\/regiaonews.net.br\\\/2022\\\/#organization\",\"name\":\"Regi\u00e3o News\",\"url\":\"https:\\\/\\\/regiaonews.net.br\\\/2022\\\/\",\"logo\":{\"@type\":\"ImageObject\",\"inLanguage\":\"pt-BR\",\"@id\":\"https:\\\/\\\/regiaonews.net.br\\\/2022\\\/#\\\/schema\\\/logo\\\/image\\\/\",\"url\":\"https:\\\/\\\/regiaonews.net.br\\\/2022\\\/wp-content\\\/uploads\\\/2026\\\/03\\\/regiao-13-anos-scaled.jpg\",\"contentUrl\":\"https:\\\/\\\/regiaonews.net.br\\\/2022\\\/wp-content\\\/uploads\\\/2026\\\/03\\\/regiao-13-anos-scaled.jpg\",\"width\":2560,\"height\":635,\"caption\":\"Regi\u00e3o News\"},\"image\":{\"@id\":\"https:\\\/\\\/regiaonews.net.br\\\/2022\\\/#\\\/schema\\\/logo\\\/image\\\/\"}},{\"@type\":\"Person\",\"@id\":\"https:\\\/\\\/regiaonews.net.br\\\/2022\\\/#\\\/schema\\\/person\\\/2d205a608a5aa97ac279d7a5e6d89ad8\",\"name\":\"Roberto\",\"image\":{\"@type\":\"ImageObject\",\"inLanguage\":\"pt-BR\",\"@id\":\"https:\\\/\\\/secure.gravatar.com\\\/avatar\\\/42749d8b712ff9d59ca93dc150494e5b55a44134482993f5baeb97e61b7ecc89?s=96&d=mm&r=g\",\"url\":\"https:\\\/\\\/secure.gravatar.com\\\/avatar\\\/42749d8b712ff9d59ca93dc150494e5b55a44134482993f5baeb97e61b7ecc89?s=96&d=mm&r=g\",\"contentUrl\":\"https:\\\/\\\/secure.gravatar.com\\\/avatar\\\/42749d8b712ff9d59ca93dc150494e5b55a44134482993f5baeb97e61b7ecc89?s=96&d=mm&r=g\",\"caption\":\"Roberto\"},\"url\":\"https:\\\/\\\/regiaonews.net.br\\\/2022\\\/author\\\/roberto\\\/\"}]}<\/script>\n<!-- \/ Yoast SEO plugin. -->","yoast_head_json":{"title":"Multinacional abre vagas para auxiliar de log\u00edstica em Cravinhos-SP - Regi\u00e3o News","robots":{"index":"index","follow":"follow","max-snippet":"max-snippet:-1","max-image-preview":"max-image-preview:large","max-video-preview":"max-video-preview:-1"},"canonical":"https:\/\/regiaonews.net.br\/2022\/2024\/06\/20\/multinacional-abre-vagas-para-auxiliar-de-logistica-em-cravinhos-sp\/","og_locale":"pt_BR","og_type":"article","og_title":"Multinacional abre vagas para auxiliar de log\u00edstica em Cravinhos-SP - Regi\u00e3o News","og_description":"Candidaturas v\u00e3o at\u00e9 o dia 30 de junho; n\u00e3o \u00e9","og_url":"https:\/\/regiaonews.net.br\/2022\/2024\/06\/20\/multinacional-abre-vagas-para-auxiliar-de-logistica-em-cravinhos-sp\/","og_site_name":"Regi\u00e3o News","article_published_time":"2024-06-20T17:36:49+00:00","article_modified_time":"2024-06-20T20:26:32+00:00","og_image":[{"width":500,"height":500,"url":"https:\/\/regiaonews.net.br\/2022\/wp-content\/uploads\/2024\/06\/WhatsApp-Image-2024-06-20-at-15.44.43.jpeg","type":"image\/jpeg"}],"author":"Roberto","twitter_card":"summary_large_image","twitter_misc":{"Escrito por":"Roberto","Est. tempo de leitura":"3 minutos"},"schema":{"@context":"https:\/\/schema.org","@graph":[{"@type":"Article","@id":"https:\/\/regiaonews.net.br\/2022\/2024\/06\/20\/multinacional-abre-vagas-para-auxiliar-de-logistica-em-cravinhos-sp\/#article","isPartOf":{"@id":"https:\/\/regiaonews.net.br\/2022\/2024\/06\/20\/multinacional-abre-vagas-para-auxiliar-de-logistica-em-cravinhos-sp\/"},"author":{"name":"Roberto","@id":"https:\/\/regiaonews.net.br\/2022\/#\/schema\/person\/2d205a608a5aa97ac279d7a5e6d89ad8"},"headline":"Multinacional abre vagas para auxiliar de log\u00edstica em Cravinhos-SP","datePublished":"2024-06-20T17:36:49+00:00","dateModified":"2024-06-20T20:26:32+00:00","mainEntityOfPage":{"@id":"https:\/\/regiaonews.net.br\/2022\/2024\/06\/20\/multinacional-abre-vagas-para-auxiliar-de-logistica-em-cravinhos-sp\/"},"wordCount":448,"commentCount":0,"publisher":{"@id":"https:\/\/regiaonews.net.br\/2022\/#organization"},"image":{"@id":"https:\/\/regiaonews.net.br\/2022\/2024\/06\/20\/multinacional-abre-vagas-para-auxiliar-de-logistica-em-cravinhos-sp\/#primaryimage"},"thumbnailUrl":"https:\/\/regiaonews.net.br\/2022\/wp-content\/uploads\/2024\/06\/WhatsApp-Image-2024-06-20-at-15.44.43.jpeg","articleSection":["Geral","Ribeir\u00e3o Preto"],"inLanguage":"pt-BR","potentialAction":[{"@type":"CommentAction","name":"Comment","target":["https:\/\/regiaonews.net.br\/2022\/2024\/06\/20\/multinacional-abre-vagas-para-auxiliar-de-logistica-em-cravinhos-sp\/#respond"]}]},{"@type":"WebPage","@id":"https:\/\/regiaonews.net.br\/2022\/2024\/06\/20\/multinacional-abre-vagas-para-auxiliar-de-logistica-em-cravinhos-sp\/","url":"https:\/\/regiaonews.net.br\/2022\/2024\/06\/20\/multinacional-abre-vagas-para-auxiliar-de-logistica-em-cravinhos-sp\/","name":"Multinacional abre vagas para auxiliar de log\u00edstica em Cravinhos-SP - Regi\u00e3o News","isPartOf":{"@id":"https:\/\/regiaonews.net.br\/2022\/#website"},"primaryImageOfPage":{"@id":"https:\/\/regiaonews.net.br\/2022\/2024\/06\/20\/multinacional-abre-vagas-para-auxiliar-de-logistica-em-cravinhos-sp\/#primaryimage"},"image":{"@id":"https:\/\/regiaonews.net.br\/2022\/2024\/06\/20\/multinacional-abre-vagas-para-auxiliar-de-logistica-em-cravinhos-sp\/#primaryimage"},"thumbnailUrl":"https:\/\/regiaonews.net.br\/2022\/wp-content\/uploads\/2024\/06\/WhatsApp-Image-2024-06-20-at-15.44.43.jpeg","datePublished":"2024-06-20T17:36:49+00:00","dateModified":"2024-06-20T20:26:32+00:00","breadcrumb":{"@id":"https:\/\/regiaonews.net.br\/2022\/2024\/06\/20\/multinacional-abre-vagas-para-auxiliar-de-logistica-em-cravinhos-sp\/#breadcrumb"},"inLanguage":"pt-BR","potentialAction":[{"@type":"ReadAction","target":["https:\/\/regiaonews.net.br\/2022\/2024\/06\/20\/multinacional-abre-vagas-para-auxiliar-de-logistica-em-cravinhos-sp\/"]}]},{"@type":"ImageObject","inLanguage":"pt-BR","@id":"https:\/\/regiaonews.net.br\/2022\/2024\/06\/20\/multinacional-abre-vagas-para-auxiliar-de-logistica-em-cravinhos-sp\/#primaryimage","url":"https:\/\/regiaonews.net.br\/2022\/wp-content\/uploads\/2024\/06\/WhatsApp-Image-2024-06-20-at-15.44.43.jpeg","contentUrl":"https:\/\/regiaonews.net.br\/2022\/wp-content\/uploads\/2024\/06\/WhatsApp-Image-2024-06-20-at-15.44.43.jpeg","width":500,"height":500},{"@type":"BreadcrumbList","@id":"https:\/\/regiaonews.net.br\/2022\/2024\/06\/20\/multinacional-abre-vagas-para-auxiliar-de-logistica-em-cravinhos-sp\/#breadcrumb","itemListElement":[{"@type":"ListItem","position":1,"name":"In\u00edcio","item":"https:\/\/regiaonews.net.br\/2022\/"},{"@type":"ListItem","position":2,"name":"Multinacional abre vagas para auxiliar de log\u00edstica em Cravinhos-SP"}]},{"@type":"WebSite","@id":"https:\/\/regiaonews.net.br\/2022\/#website","url":"https:\/\/regiaonews.net.br\/2022\/","name":"Regi\u00e3o News","description":"Site de Not\u00edcias de Barretos e regi\u00e3o","publisher":{"@id":"https:\/\/regiaonews.net.br\/2022\/#organization"},"potentialAction":[{"@type":"SearchAction","target":{"@type":"EntryPoint","urlTemplate":"https:\/\/regiaonews.net.br\/2022\/?s={search_term_string}"},"query-input":{"@type":"PropertyValueSpecification","valueRequired":true,"valueName":"search_term_string"}}],"inLanguage":"pt-BR"},{"@type":"Organization","@id":"https:\/\/regiaonews.net.br\/2022\/#organization","name":"Regi\u00e3o News","url":"https:\/\/regiaonews.net.br\/2022\/","logo":{"@type":"ImageObject","inLanguage":"pt-BR","@id":"https:\/\/regiaonews.net.br\/2022\/#\/schema\/logo\/image\/","url":"https:\/\/regiaonews.net.br\/2022\/wp-content\/uploads\/2026\/03\/regiao-13-anos-scaled.jpg","contentUrl":"https:\/\/regiaonews.net.br\/2022\/wp-content\/uploads\/2026\/03\/regiao-13-anos-scaled.jpg","width":2560,"height":635,"caption":"Regi\u00e3o News"},"image":{"@id":"https:\/\/regiaonews.net.br\/2022\/#\/schema\/logo\/image\/"}},{"@type":"Person","@id":"https:\/\/regiaonews.net.br\/2022\/#\/schema\/person\/2d205a608a5aa97ac279d7a5e6d89ad8","name":"Roberto","image":{"@type":"ImageObject","inLanguage":"pt-BR","@id":"https:\/\/secure.gravatar.com\/avatar\/42749d8b712ff9d59ca93dc150494e5b55a44134482993f5baeb97e61b7ecc89?s=96&d=mm&r=g","url":"https:\/\/secure.gravatar.com\/avatar\/42749d8b712ff9d59ca93dc150494e5b55a44134482993f5baeb97e61b7ecc89?s=96&d=mm&r=g","contentUrl":"https:\/\/secure.gravatar.com\/avatar\/42749d8b712ff9d59ca93dc150494e5b55a44134482993f5baeb97e61b7ecc89?s=96&d=mm&r=g","caption":"Roberto"},"url":"https:\/\/regiaonews.net.br\/2022\/author\/roberto\/"}]}},"publishpress_future_action":{"enabled":false,"date":"2026-05-03 10:00:55","action":"change-status","newStatus":"draft","terms":[],"taxonomy":"category","extraData":[]},"publishpress_future_workflow_manual_trigger":{"enabledWorkflows":[]},"_links":{"self":[{"href":"https:\/\/regiaonews.net.br\/2022\/wp-json\/wp\/v2\/posts\/106607","targetHints":{"allow":["GET"]}}],"collection":[{"href":"https:\/\/regiaonews.net.br\/2022\/wp-json\/wp\/v2\/posts"}],"about":[{"href":"https:\/\/regiaonews.net.br\/2022\/wp-json\/wp\/v2\/types\/post"}],"author":[{"embeddable":true,"href":"https:\/\/regiaonews.net.br\/2022\/wp-json\/wp\/v2\/users\/2"}],"replies":[{"embeddable":true,"href":"https:\/\/regiaonews.net.br\/2022\/wp-json\/wp\/v2\/comments?post=106607"}],"version-history":[{"count":3,"href":"https:\/\/regiaonews.net.br\/2022\/wp-json\/wp\/v2\/posts\/106607\/revisions"}],"predecessor-version":[{"id":106614,"href":"https:\/\/regiaonews.net.br\/2022\/wp-json\/wp\/v2\/posts\/106607\/revisions\/106614"}],"wp:featuredmedia":[{"embeddable":true,"href":"https:\/\/regiaonews.net.br\/2022\/wp-json\/wp\/v2\/media\/106612"}],"wp:attachment":[{"href":"https:\/\/regiaonews.net.br\/2022\/wp-json\/wp\/v2\/media?parent=106607"}],"wp:term":[{"taxonomy":"category","embeddable":true,"href":"https:\/\/regiaonews.net.br\/2022\/wp-json\/wp\/v2\/categories?post=106607"},{"taxonomy":"post_tag","embeddable":true,"href":"https:\/\/regiaonews.net.br\/2022\/wp-json\/wp\/v2\/tags?post=106607"}],"curies":[{"name":"wp","href":"https:\/\/api.w.org\/{rel}","templated":true}]}}