{"id":106598,"date":"2024-06-20T14:06:59","date_gmt":"2024-06-20T17:06:59","guid":{"rendered":"https:\/\/regiaonews.net.br\/2022\/?p=106598"},"modified":"2024-06-20T14:06:59","modified_gmt":"2024-06-20T17:06:59","slug":"saae-barretos-recebe-visita-da-equipe-tecnica-da-ares-pcj","status":"publish","type":"post","link":"https:\/\/regiaonews.net.br\/2022\/2024\/06\/20\/saae-barretos-recebe-visita-da-equipe-tecnica-da-ares-pcj\/","title":{"rendered":"SAAE Barretos recebe visita da equipe t\u00e9cnica da ARES-PCJ"},"content":{"rendered":"<h3 style=\"text-align: center;\">Autarquia \u00e9 conveniada conforme exige Lei Federal<\/h3>\n<p>Na quarta-feira (19), o Servi\u00e7o Aut\u00f4nomo de \u00c1gua e Esgoto de Barretos (SAAEB) recebeu a visita da equipe t\u00e9cnica da Ag\u00eancia Reguladora PCJ (ARES-PCJ). O objetivo foi criar um v\u00ednculo mais estreito com a autarquia, j\u00e1 que agora o SAAEB \u00e9 conveniado da ag\u00eancia reguladora de saneamento, conforme exigido pela Lei Federal n\u00ba 11.445\/2007.<\/p>\n<p>O encontro contou com a participa\u00e7\u00e3o do superintendente Marcelo Borges, do diretor administrativo, comercial e financeiro Carlos Ferreira, do diretor t\u00e9cnico Marco Seiji e de representantes de diversos setores da autarquia. A ARES-PCJ (Ag\u00eancia Reguladora dos Servi\u00e7os de Saneamento das Bacias dos Rios Piracicaba, Capivari e Jundia\u00ed) regula os servi\u00e7os de saneamento de 77 munic\u00edpios e tem como miss\u00e3o garantir a qualidade e a efici\u00eancia dos servi\u00e7os prestados \u00e0 popula\u00e7\u00e3o. Suas atribui\u00e7\u00f5es incluem a fiscaliza\u00e7\u00e3o, regulamenta\u00e7\u00e3o e controle dos servi\u00e7os de abastecimento de \u00e1gua, esgotamento sanit\u00e1rio, manejo de res\u00edduos s\u00f3lidos e drenagem urbana.<\/p>\n<p>A regulamenta\u00e7\u00e3o pelo ARES-PCJ traz diversos benef\u00edcios para Barretos, incluindo a melhoria na qualidade dos servi\u00e7os de saneamento, maior transpar\u00eancia nas opera\u00e7\u00f5es do SAAEB, e a implementa\u00e7\u00e3o de boas pr\u00e1ticas de gest\u00e3o. &#8220;Estamos muito otimistas com essa parceria. A ARES-PCJ tem um hist\u00f3rico de sucesso em outros munic\u00edpios e acreditamos que Barretos s\u00f3 tem a ganhar com essa regulamenta\u00e7\u00e3o,&#8221; declarou Marcelo Borges.<\/p>\n<p>Durante a visita, a equipe t\u00e9cnica da ARES-PCJ, composta por Leonardo Costa, Diego Soares e Dalto Brochi &#8211; diretor da ARES-PCJ, apresentou diversos pontos da regulamenta\u00e7\u00e3o e o trabalho que ser\u00e1 executado junto ao SAAEB. Eles explicaram as pr\u00e1ticas j\u00e1 implementadas em outros munic\u00edpios associados e regulados, refor\u00e7ando o compromisso com a qualidade e efici\u00eancia dos servi\u00e7os de saneamento b\u00e1sico.<\/p>\n<p>A regulamenta\u00e7\u00e3o pelo ARES-PCJ assegura que o SAAE Barretos seguir\u00e1 normas e procedimentos que visam a melhoria cont\u00ednua dos servi\u00e7os prestados \u00e0 popula\u00e7\u00e3o de Barretos, garantindo \u00e1gua de qualidade, tratamento adequado de esgoto e um meio ambiente mais saud\u00e1vel para todos.<\/p>\n<p>SAAE Barretos \u2013 20 de junho de 2024<br \/>\nAssessoria de Imprensa<br \/>\nwww.saaeb.com.br<\/p>\n","protected":false},"excerpt":{"rendered":"<p>Autarquia \u00e9 conveniada conforme exige Lei Federal Na quarta-feira (19),<\/p>\n","protected":false},"author":2,"featured_media":106599,"comment_status":"open","ping_status":"open","sticky":false,"template":"","format":"standard","meta":{"footnotes":""},"categories":[14,3],"tags":[],"class_list":["post-106598","post","type-post","status-publish","format-standard","has-post-thumbnail","hentry","category-barretos","category-geral"],"yoast_head":"<!-- This site is optimized with the Yoast SEO plugin v27.4 - https:\/\/yoast.com\/product\/yoast-seo-wordpress\/ -->\n<title>SAAE Barretos recebe visita da equipe t\u00e9cnica da ARES-PCJ - Regi\u00e3o News<\/title>\n<meta name=\"robots\" content=\"index, follow, max-snippet:-1, max-image-preview:large, max-video-preview:-1\" \/>\n<link rel=\"canonical\" href=\"https:\/\/regiaonews.net.br\/2022\/2024\/06\/20\/saae-barretos-recebe-visita-da-equipe-tecnica-da-ares-pcj\/\" \/>\n<meta property=\"og:locale\" content=\"pt_BR\" \/>\n<meta property=\"og:type\" content=\"article\" \/>\n<meta property=\"og:title\" content=\"SAAE Barretos recebe visita da equipe t\u00e9cnica da ARES-PCJ - Regi\u00e3o News\" \/>\n<meta property=\"og:description\" content=\"Autarquia \u00e9 conveniada conforme exige Lei Federal Na quarta-feira (19),\" \/>\n<meta property=\"og:url\" content=\"https:\/\/regiaonews.net.br\/2022\/2024\/06\/20\/saae-barretos-recebe-visita-da-equipe-tecnica-da-ares-pcj\/\" \/>\n<meta property=\"og:site_name\" content=\"Regi\u00e3o News\" \/>\n<meta property=\"article:published_time\" content=\"2024-06-20T17:06:59+00:00\" \/>\n<meta property=\"og:image\" content=\"https:\/\/regiaonews.net.br\/2022\/wp-content\/uploads\/2024\/06\/Imagem-do-WhatsApp-de-2024-06-20-as-10.47.15_0a5bf6d4.jpg\" \/>\n\t<meta property=\"og:image:width\" content=\"1600\" \/>\n\t<meta property=\"og:image:height\" content=\"1066\" \/>\n\t<meta property=\"og:image:type\" content=\"image\/jpeg\" \/>\n<meta name=\"author\" content=\"Roberto\" \/>\n<meta name=\"twitter:card\" content=\"summary_large_image\" \/>\n<meta name=\"twitter:label1\" content=\"Escrito por\" \/>\n\t<meta name=\"twitter:data1\" content=\"Roberto\" \/>\n\t<meta name=\"twitter:label2\" content=\"Est. tempo de leitura\" \/>\n\t<meta name=\"twitter:data2\" content=\"2 minutos\" \/>\n<script type=\"application\/ld+json\" class=\"yoast-schema-graph\">{\"@context\":\"https:\\\/\\\/schema.org\",\"@graph\":[{\"@type\":\"Article\",\"@id\":\"https:\\\/\\\/regiaonews.net.br\\\/2022\\\/2024\\\/06\\\/20\\\/saae-barretos-recebe-visita-da-equipe-tecnica-da-ares-pcj\\\/#article\",\"isPartOf\":{\"@id\":\"https:\\\/\\\/regiaonews.net.br\\\/2022\\\/2024\\\/06\\\/20\\\/saae-barretos-recebe-visita-da-equipe-tecnica-da-ares-pcj\\\/\"},\"author\":{\"name\":\"Roberto\",\"@id\":\"https:\\\/\\\/regiaonews.net.br\\\/2022\\\/#\\\/schema\\\/person\\\/2d205a608a5aa97ac279d7a5e6d89ad8\"},\"headline\":\"SAAE Barretos recebe visita da equipe t\u00e9cnica da ARES-PCJ\",\"datePublished\":\"2024-06-20T17:06:59+00:00\",\"mainEntityOfPage\":{\"@id\":\"https:\\\/\\\/regiaonews.net.br\\\/2022\\\/2024\\\/06\\\/20\\\/saae-barretos-recebe-visita-da-equipe-tecnica-da-ares-pcj\\\/\"},\"wordCount\":379,\"commentCount\":0,\"publisher\":{\"@id\":\"https:\\\/\\\/regiaonews.net.br\\\/2022\\\/#organization\"},\"image\":{\"@id\":\"https:\\\/\\\/regiaonews.net.br\\\/2022\\\/2024\\\/06\\\/20\\\/saae-barretos-recebe-visita-da-equipe-tecnica-da-ares-pcj\\\/#primaryimage\"},\"thumbnailUrl\":\"https:\\\/\\\/regiaonews.net.br\\\/2022\\\/wp-content\\\/uploads\\\/2024\\\/06\\\/Imagem-do-WhatsApp-de-2024-06-20-as-10.47.15_0a5bf6d4.jpg\",\"articleSection\":[\"Barretos\",\"Geral\"],\"inLanguage\":\"pt-BR\",\"potentialAction\":[{\"@type\":\"CommentAction\",\"name\":\"Comment\",\"target\":[\"https:\\\/\\\/regiaonews.net.br\\\/2022\\\/2024\\\/06\\\/20\\\/saae-barretos-recebe-visita-da-equipe-tecnica-da-ares-pcj\\\/#respond\"]}]},{\"@type\":\"WebPage\",\"@id\":\"https:\\\/\\\/regiaonews.net.br\\\/2022\\\/2024\\\/06\\\/20\\\/saae-barretos-recebe-visita-da-equipe-tecnica-da-ares-pcj\\\/\",\"url\":\"https:\\\/\\\/regiaonews.net.br\\\/2022\\\/2024\\\/06\\\/20\\\/saae-barretos-recebe-visita-da-equipe-tecnica-da-ares-pcj\\\/\",\"name\":\"SAAE Barretos recebe visita da equipe t\u00e9cnica da ARES-PCJ - Regi\u00e3o News\",\"isPartOf\":{\"@id\":\"https:\\\/\\\/regiaonews.net.br\\\/2022\\\/#website\"},\"primaryImageOfPage\":{\"@id\":\"https:\\\/\\\/regiaonews.net.br\\\/2022\\\/2024\\\/06\\\/20\\\/saae-barretos-recebe-visita-da-equipe-tecnica-da-ares-pcj\\\/#primaryimage\"},\"image\":{\"@id\":\"https:\\\/\\\/regiaonews.net.br\\\/2022\\\/2024\\\/06\\\/20\\\/saae-barretos-recebe-visita-da-equipe-tecnica-da-ares-pcj\\\/#primaryimage\"},\"thumbnailUrl\":\"https:\\\/\\\/regiaonews.net.br\\\/2022\\\/wp-content\\\/uploads\\\/2024\\\/06\\\/Imagem-do-WhatsApp-de-2024-06-20-as-10.47.15_0a5bf6d4.jpg\",\"datePublished\":\"2024-06-20T17:06:59+00:00\",\"breadcrumb\":{\"@id\":\"https:\\\/\\\/regiaonews.net.br\\\/2022\\\/2024\\\/06\\\/20\\\/saae-barretos-recebe-visita-da-equipe-tecnica-da-ares-pcj\\\/#breadcrumb\"},\"inLanguage\":\"pt-BR\",\"potentialAction\":[{\"@type\":\"ReadAction\",\"target\":[\"https:\\\/\\\/regiaonews.net.br\\\/2022\\\/2024\\\/06\\\/20\\\/saae-barretos-recebe-visita-da-equipe-tecnica-da-ares-pcj\\\/\"]}]},{\"@type\":\"ImageObject\",\"inLanguage\":\"pt-BR\",\"@id\":\"https:\\\/\\\/regiaonews.net.br\\\/2022\\\/2024\\\/06\\\/20\\\/saae-barretos-recebe-visita-da-equipe-tecnica-da-ares-pcj\\\/#primaryimage\",\"url\":\"https:\\\/\\\/regiaonews.net.br\\\/2022\\\/wp-content\\\/uploads\\\/2024\\\/06\\\/Imagem-do-WhatsApp-de-2024-06-20-as-10.47.15_0a5bf6d4.jpg\",\"contentUrl\":\"https:\\\/\\\/regiaonews.net.br\\\/2022\\\/wp-content\\\/uploads\\\/2024\\\/06\\\/Imagem-do-WhatsApp-de-2024-06-20-as-10.47.15_0a5bf6d4.jpg\",\"width\":1600,\"height\":1066},{\"@type\":\"BreadcrumbList\",\"@id\":\"https:\\\/\\\/regiaonews.net.br\\\/2022\\\/2024\\\/06\\\/20\\\/saae-barretos-recebe-visita-da-equipe-tecnica-da-ares-pcj\\\/#breadcrumb\",\"itemListElement\":[{\"@type\":\"ListItem\",\"position\":1,\"name\":\"In\u00edcio\",\"item\":\"https:\\\/\\\/regiaonews.net.br\\\/2022\\\/\"},{\"@type\":\"ListItem\",\"position\":2,\"name\":\"SAAE Barretos recebe visita da equipe t\u00e9cnica da ARES-PCJ\"}]},{\"@type\":\"WebSite\",\"@id\":\"https:\\\/\\\/regiaonews.net.br\\\/2022\\\/#website\",\"url\":\"https:\\\/\\\/regiaonews.net.br\\\/2022\\\/\",\"name\":\"Regi\u00e3o News\",\"description\":\"Site de Not\u00edcias de Barretos e regi\u00e3o\",\"publisher\":{\"@id\":\"https:\\\/\\\/regiaonews.net.br\\\/2022\\\/#organization\"},\"potentialAction\":[{\"@type\":\"SearchAction\",\"target\":{\"@type\":\"EntryPoint\",\"urlTemplate\":\"https:\\\/\\\/regiaonews.net.br\\\/2022\\\/?s={search_term_string}\"},\"query-input\":{\"@type\":\"PropertyValueSpecification\",\"valueRequired\":true,\"valueName\":\"search_term_string\"}}],\"inLanguage\":\"pt-BR\"},{\"@type\":\"Organization\",\"@id\":\"https:\\\/\\\/regiaonews.net.br\\\/2022\\\/#organization\",\"name\":\"Regi\u00e3o News\",\"url\":\"https:\\\/\\\/regiaonews.net.br\\\/2022\\\/\",\"logo\":{\"@type\":\"ImageObject\",\"inLanguage\":\"pt-BR\",\"@id\":\"https:\\\/\\\/regiaonews.net.br\\\/2022\\\/#\\\/schema\\\/logo\\\/image\\\/\",\"url\":\"https:\\\/\\\/regiaonews.net.br\\\/2022\\\/wp-content\\\/uploads\\\/2026\\\/03\\\/regiao-13-anos-scaled.jpg\",\"contentUrl\":\"https:\\\/\\\/regiaonews.net.br\\\/2022\\\/wp-content\\\/uploads\\\/2026\\\/03\\\/regiao-13-anos-scaled.jpg\",\"width\":2560,\"height\":635,\"caption\":\"Regi\u00e3o News\"},\"image\":{\"@id\":\"https:\\\/\\\/regiaonews.net.br\\\/2022\\\/#\\\/schema\\\/logo\\\/image\\\/\"}},{\"@type\":\"Person\",\"@id\":\"https:\\\/\\\/regiaonews.net.br\\\/2022\\\/#\\\/schema\\\/person\\\/2d205a608a5aa97ac279d7a5e6d89ad8\",\"name\":\"Roberto\",\"image\":{\"@type\":\"ImageObject\",\"inLanguage\":\"pt-BR\",\"@id\":\"https:\\\/\\\/secure.gravatar.com\\\/avatar\\\/42749d8b712ff9d59ca93dc150494e5b55a44134482993f5baeb97e61b7ecc89?s=96&d=mm&r=g\",\"url\":\"https:\\\/\\\/secure.gravatar.com\\\/avatar\\\/42749d8b712ff9d59ca93dc150494e5b55a44134482993f5baeb97e61b7ecc89?s=96&d=mm&r=g\",\"contentUrl\":\"https:\\\/\\\/secure.gravatar.com\\\/avatar\\\/42749d8b712ff9d59ca93dc150494e5b55a44134482993f5baeb97e61b7ecc89?s=96&d=mm&r=g\",\"caption\":\"Roberto\"},\"url\":\"https:\\\/\\\/regiaonews.net.br\\\/2022\\\/author\\\/roberto\\\/\"}]}<\/script>\n<!-- \/ Yoast SEO plugin. -->","yoast_head_json":{"title":"SAAE Barretos recebe visita da equipe t\u00e9cnica da ARES-PCJ - Regi\u00e3o News","robots":{"index":"index","follow":"follow","max-snippet":"max-snippet:-1","max-image-preview":"max-image-preview:large","max-video-preview":"max-video-preview:-1"},"canonical":"https:\/\/regiaonews.net.br\/2022\/2024\/06\/20\/saae-barretos-recebe-visita-da-equipe-tecnica-da-ares-pcj\/","og_locale":"pt_BR","og_type":"article","og_title":"SAAE Barretos recebe visita da equipe t\u00e9cnica da ARES-PCJ - Regi\u00e3o News","og_description":"Autarquia \u00e9 conveniada conforme exige Lei Federal Na quarta-feira (19),","og_url":"https:\/\/regiaonews.net.br\/2022\/2024\/06\/20\/saae-barretos-recebe-visita-da-equipe-tecnica-da-ares-pcj\/","og_site_name":"Regi\u00e3o News","article_published_time":"2024-06-20T17:06:59+00:00","og_image":[{"width":1600,"height":1066,"url":"https:\/\/regiaonews.net.br\/2022\/wp-content\/uploads\/2024\/06\/Imagem-do-WhatsApp-de-2024-06-20-as-10.47.15_0a5bf6d4.jpg","type":"image\/jpeg"}],"author":"Roberto","twitter_card":"summary_large_image","twitter_misc":{"Escrito por":"Roberto","Est. tempo de leitura":"2 minutos"},"schema":{"@context":"https:\/\/schema.org","@graph":[{"@type":"Article","@id":"https:\/\/regiaonews.net.br\/2022\/2024\/06\/20\/saae-barretos-recebe-visita-da-equipe-tecnica-da-ares-pcj\/#article","isPartOf":{"@id":"https:\/\/regiaonews.net.br\/2022\/2024\/06\/20\/saae-barretos-recebe-visita-da-equipe-tecnica-da-ares-pcj\/"},"author":{"name":"Roberto","@id":"https:\/\/regiaonews.net.br\/2022\/#\/schema\/person\/2d205a608a5aa97ac279d7a5e6d89ad8"},"headline":"SAAE Barretos recebe visita da equipe t\u00e9cnica da ARES-PCJ","datePublished":"2024-06-20T17:06:59+00:00","mainEntityOfPage":{"@id":"https:\/\/regiaonews.net.br\/2022\/2024\/06\/20\/saae-barretos-recebe-visita-da-equipe-tecnica-da-ares-pcj\/"},"wordCount":379,"commentCount":0,"publisher":{"@id":"https:\/\/regiaonews.net.br\/2022\/#organization"},"image":{"@id":"https:\/\/regiaonews.net.br\/2022\/2024\/06\/20\/saae-barretos-recebe-visita-da-equipe-tecnica-da-ares-pcj\/#primaryimage"},"thumbnailUrl":"https:\/\/regiaonews.net.br\/2022\/wp-content\/uploads\/2024\/06\/Imagem-do-WhatsApp-de-2024-06-20-as-10.47.15_0a5bf6d4.jpg","articleSection":["Barretos","Geral"],"inLanguage":"pt-BR","potentialAction":[{"@type":"CommentAction","name":"Comment","target":["https:\/\/regiaonews.net.br\/2022\/2024\/06\/20\/saae-barretos-recebe-visita-da-equipe-tecnica-da-ares-pcj\/#respond"]}]},{"@type":"WebPage","@id":"https:\/\/regiaonews.net.br\/2022\/2024\/06\/20\/saae-barretos-recebe-visita-da-equipe-tecnica-da-ares-pcj\/","url":"https:\/\/regiaonews.net.br\/2022\/2024\/06\/20\/saae-barretos-recebe-visita-da-equipe-tecnica-da-ares-pcj\/","name":"SAAE Barretos recebe visita da equipe t\u00e9cnica da ARES-PCJ - Regi\u00e3o News","isPartOf":{"@id":"https:\/\/regiaonews.net.br\/2022\/#website"},"primaryImageOfPage":{"@id":"https:\/\/regiaonews.net.br\/2022\/2024\/06\/20\/saae-barretos-recebe-visita-da-equipe-tecnica-da-ares-pcj\/#primaryimage"},"image":{"@id":"https:\/\/regiaonews.net.br\/2022\/2024\/06\/20\/saae-barretos-recebe-visita-da-equipe-tecnica-da-ares-pcj\/#primaryimage"},"thumbnailUrl":"https:\/\/regiaonews.net.br\/2022\/wp-content\/uploads\/2024\/06\/Imagem-do-WhatsApp-de-2024-06-20-as-10.47.15_0a5bf6d4.jpg","datePublished":"2024-06-20T17:06:59+00:00","breadcrumb":{"@id":"https:\/\/regiaonews.net.br\/2022\/2024\/06\/20\/saae-barretos-recebe-visita-da-equipe-tecnica-da-ares-pcj\/#breadcrumb"},"inLanguage":"pt-BR","potentialAction":[{"@type":"ReadAction","target":["https:\/\/regiaonews.net.br\/2022\/2024\/06\/20\/saae-barretos-recebe-visita-da-equipe-tecnica-da-ares-pcj\/"]}]},{"@type":"ImageObject","inLanguage":"pt-BR","@id":"https:\/\/regiaonews.net.br\/2022\/2024\/06\/20\/saae-barretos-recebe-visita-da-equipe-tecnica-da-ares-pcj\/#primaryimage","url":"https:\/\/regiaonews.net.br\/2022\/wp-content\/uploads\/2024\/06\/Imagem-do-WhatsApp-de-2024-06-20-as-10.47.15_0a5bf6d4.jpg","contentUrl":"https:\/\/regiaonews.net.br\/2022\/wp-content\/uploads\/2024\/06\/Imagem-do-WhatsApp-de-2024-06-20-as-10.47.15_0a5bf6d4.jpg","width":1600,"height":1066},{"@type":"BreadcrumbList","@id":"https:\/\/regiaonews.net.br\/2022\/2024\/06\/20\/saae-barretos-recebe-visita-da-equipe-tecnica-da-ares-pcj\/#breadcrumb","itemListElement":[{"@type":"ListItem","position":1,"name":"In\u00edcio","item":"https:\/\/regiaonews.net.br\/2022\/"},{"@type":"ListItem","position":2,"name":"SAAE Barretos recebe visita da equipe t\u00e9cnica da ARES-PCJ"}]},{"@type":"WebSite","@id":"https:\/\/regiaonews.net.br\/2022\/#website","url":"https:\/\/regiaonews.net.br\/2022\/","name":"Regi\u00e3o News","description":"Site de Not\u00edcias de Barretos e regi\u00e3o","publisher":{"@id":"https:\/\/regiaonews.net.br\/2022\/#organization"},"potentialAction":[{"@type":"SearchAction","target":{"@type":"EntryPoint","urlTemplate":"https:\/\/regiaonews.net.br\/2022\/?s={search_term_string}"},"query-input":{"@type":"PropertyValueSpecification","valueRequired":true,"valueName":"search_term_string"}}],"inLanguage":"pt-BR"},{"@type":"Organization","@id":"https:\/\/regiaonews.net.br\/2022\/#organization","name":"Regi\u00e3o News","url":"https:\/\/regiaonews.net.br\/2022\/","logo":{"@type":"ImageObject","inLanguage":"pt-BR","@id":"https:\/\/regiaonews.net.br\/2022\/#\/schema\/logo\/image\/","url":"https:\/\/regiaonews.net.br\/2022\/wp-content\/uploads\/2026\/03\/regiao-13-anos-scaled.jpg","contentUrl":"https:\/\/regiaonews.net.br\/2022\/wp-content\/uploads\/2026\/03\/regiao-13-anos-scaled.jpg","width":2560,"height":635,"caption":"Regi\u00e3o News"},"image":{"@id":"https:\/\/regiaonews.net.br\/2022\/#\/schema\/logo\/image\/"}},{"@type":"Person","@id":"https:\/\/regiaonews.net.br\/2022\/#\/schema\/person\/2d205a608a5aa97ac279d7a5e6d89ad8","name":"Roberto","image":{"@type":"ImageObject","inLanguage":"pt-BR","@id":"https:\/\/secure.gravatar.com\/avatar\/42749d8b712ff9d59ca93dc150494e5b55a44134482993f5baeb97e61b7ecc89?s=96&d=mm&r=g","url":"https:\/\/secure.gravatar.com\/avatar\/42749d8b712ff9d59ca93dc150494e5b55a44134482993f5baeb97e61b7ecc89?s=96&d=mm&r=g","contentUrl":"https:\/\/secure.gravatar.com\/avatar\/42749d8b712ff9d59ca93dc150494e5b55a44134482993f5baeb97e61b7ecc89?s=96&d=mm&r=g","caption":"Roberto"},"url":"https:\/\/regiaonews.net.br\/2022\/author\/roberto\/"}]}},"publishpress_future_action":{"enabled":false,"date":"2026-05-03 05:12:58","action":"change-status","newStatus":"draft","terms":[],"taxonomy":"category","extraData":[]},"publishpress_future_workflow_manual_trigger":{"enabledWorkflows":[]},"_links":{"self":[{"href":"https:\/\/regiaonews.net.br\/2022\/wp-json\/wp\/v2\/posts\/106598","targetHints":{"allow":["GET"]}}],"collection":[{"href":"https:\/\/regiaonews.net.br\/2022\/wp-json\/wp\/v2\/posts"}],"about":[{"href":"https:\/\/regiaonews.net.br\/2022\/wp-json\/wp\/v2\/types\/post"}],"author":[{"embeddable":true,"href":"https:\/\/regiaonews.net.br\/2022\/wp-json\/wp\/v2\/users\/2"}],"replies":[{"embeddable":true,"href":"https:\/\/regiaonews.net.br\/2022\/wp-json\/wp\/v2\/comments?post=106598"}],"version-history":[{"count":1,"href":"https:\/\/regiaonews.net.br\/2022\/wp-json\/wp\/v2\/posts\/106598\/revisions"}],"predecessor-version":[{"id":106600,"href":"https:\/\/regiaonews.net.br\/2022\/wp-json\/wp\/v2\/posts\/106598\/revisions\/106600"}],"wp:featuredmedia":[{"embeddable":true,"href":"https:\/\/regiaonews.net.br\/2022\/wp-json\/wp\/v2\/media\/106599"}],"wp:attachment":[{"href":"https:\/\/regiaonews.net.br\/2022\/wp-json\/wp\/v2\/media?parent=106598"}],"wp:term":[{"taxonomy":"category","embeddable":true,"href":"https:\/\/regiaonews.net.br\/2022\/wp-json\/wp\/v2\/categories?post=106598"},{"taxonomy":"post_tag","embeddable":true,"href":"https:\/\/regiaonews.net.br\/2022\/wp-json\/wp\/v2\/tags?post=106598"}],"curies":[{"name":"wp","href":"https:\/\/api.w.org\/{rel}","templated":true}]}}