{"id":106586,"date":"2024-06-20T07:38:51","date_gmt":"2024-06-20T10:38:51","guid":{"rendered":"https:\/\/regiaonews.net.br\/2022\/?p=106586"},"modified":"2024-06-20T10:45:53","modified_gmt":"2024-06-20T13:45:53","slug":"morre-cantor-chrystian-ex-integrante-da-dupla-chrystian-e-ralf","status":"publish","type":"post","link":"https:\/\/regiaonews.net.br\/2022\/2024\/06\/20\/morre-cantor-chrystian-ex-integrante-da-dupla-chrystian-e-ralf\/","title":{"rendered":"Morre cantor Chrystian ex-integrante da dupla Chrystian e Ralf"},"content":{"rendered":"<header class=\"main__header main__header--has-central\">\n<div class=\"container\">\n<div class=\"header__central__itens\"><\/div>\n<\/div>\n<\/header>\n<div class=\"site__content\">\n<div class=\"container\">\n<div class=\"row\">\n<article>\n<div class=\"post__content\">\n<div id=\"mid3\" data-google-query-id=\"CI2HtP366YYDFfS8lQId3zUN2w\">\n<div id=\"google_ads_iframe_\/21920083859\/artigos_entretenimento_2023_3__container__\">\n<p>O cantor Chrystian, da dupla sertaneja \u201cChrystian e Ralf\u201d, morreu aos 67 anos na<\/p>\n<p>noite desta quarta-feira (19) ap\u00f3s ser internado no Hospital Samaritano, em S\u00e3o Paulo.<\/p>\n<p>Chrystian foi diagnosticado com um rim polic\u00edstico \u2013 dist\u00farbio no qual cistos se desenvolvem<\/p>\n<p>nos \u00f3rg\u00e3os \u2013 e internado em fevereiro deste ano para realizar um transplante de rim.<\/p>\n<p>No entanto, a cirurgia foi adiada ap\u00f3s surgirem imprevistos nos exames pr\u00e9-operat\u00f3rios.<\/p>\n<p>A ex-dupla de Ralf tinha um show marcado no pr\u00f3ximo s\u00e1bado (22) em Franco da Rocha, munic\u00edpio<\/p>\n<p>da regi\u00e3o metropolitana de S\u00e3o Paulo, mas cancelou a apresenta\u00e7\u00e3o devido a problemas de sa\u00fade.<\/p>\n<p>\u201cChrystian foi diagnosticado recentemente com uma condi\u00e7\u00e3o m\u00e9dica que exige repouso<\/p>\n<p>imediato e tratamento especializado. O cantor est\u00e1 seguindo todas as recomenda\u00e7\u00f5es<\/p>\n<p>m\u00e9dicas\u201d, disse o comunicado de cancelamento.<\/p>\n<p>O comunicado disse, ainda, que Chrystian estava seguindo todas as recomenda\u00e7\u00f5es<\/p>\n<p>m\u00e9dicas. Em nota, a fam\u00edlia de Chrystian agradeceu o apoio dos f\u00e3s e amigos e<\/p>\n<p>relembrou a dedica\u00e7\u00e3o do artista durante suas d\u00e9cadas de carreira.<\/p>\n<p>O vel\u00f3rio ser\u00e1 realizado em S\u00e3o Caetano do Sul, em S\u00e3o Paulo, nesta quinta-feira (20).<\/p>\n<\/div>\n<\/div>\n<p>&nbsp;<\/p>\n<aside class=\"read__too\">\n<div class=\"read__title\"><\/div>\n<\/aside>\n<\/div>\n<\/article>\n<p>&nbsp;<\/p>\n<\/div>\n<\/div>\n<\/div>\n<div id=\"onesignal-slidedown-container\" class=\"onesignal-slidedown-container onesignal-reset slide-up\">\n<div id=\"onesignal-slidedown-dialog\" class=\"onesignal-slidedown-dialog\">\n<div id=\"normal-slidedown\">\n<div id=\"slidedown-footer\" class=\"slidedown-footer\"><\/div>\n<\/div>\n<\/div>\n<\/div>\n","protected":false},"excerpt":{"rendered":"<p>O cantor Chrystian, da dupla sertaneja \u201cChrystian e Ralf\u201d, morreu<\/p>\n","protected":false},"author":2,"featured_media":106588,"comment_status":"open","ping_status":"open","sticky":false,"template":"","format":"standard","meta":{"footnotes":""},"categories":[111,29],"tags":[],"class_list":["post-106586","post","type-post","status-publish","format-standard","has-post-thumbnail","hentry","category-cotidiano","category-sao-paulo"],"yoast_head":"<!-- This site is optimized with the Yoast SEO plugin v27.4 - https:\/\/yoast.com\/product\/yoast-seo-wordpress\/ -->\n<title>Morre cantor Chrystian ex-integrante da dupla Chrystian e Ralf - Regi\u00e3o News<\/title>\n<meta name=\"robots\" content=\"index, follow, max-snippet:-1, max-image-preview:large, max-video-preview:-1\" \/>\n<link rel=\"canonical\" href=\"https:\/\/regiaonews.net.br\/2022\/2024\/06\/20\/morre-cantor-chrystian-ex-integrante-da-dupla-chrystian-e-ralf\/\" \/>\n<meta property=\"og:locale\" content=\"pt_BR\" \/>\n<meta property=\"og:type\" content=\"article\" \/>\n<meta property=\"og:title\" content=\"Morre cantor Chrystian ex-integrante da dupla Chrystian e Ralf - Regi\u00e3o News\" \/>\n<meta property=\"og:description\" content=\"O cantor Chrystian, da dupla sertaneja \u201cChrystian e Ralf\u201d, morreu\" \/>\n<meta property=\"og:url\" content=\"https:\/\/regiaonews.net.br\/2022\/2024\/06\/20\/morre-cantor-chrystian-ex-integrante-da-dupla-chrystian-e-ralf\/\" \/>\n<meta property=\"og:site_name\" content=\"Regi\u00e3o News\" \/>\n<meta property=\"article:published_time\" content=\"2024-06-20T10:38:51+00:00\" \/>\n<meta property=\"article:modified_time\" content=\"2024-06-20T13:45:53+00:00\" \/>\n<meta property=\"og:image\" content=\"https:\/\/regiaonews.net.br\/2022\/wp-content\/uploads\/2024\/06\/chrystian-1-1.jpeg\" \/>\n\t<meta property=\"og:image:width\" content=\"420\" \/>\n\t<meta property=\"og:image:height\" content=\"240\" \/>\n\t<meta property=\"og:image:type\" content=\"image\/jpeg\" \/>\n<meta name=\"author\" content=\"Roberto\" \/>\n<meta name=\"twitter:card\" content=\"summary_large_image\" \/>\n<meta name=\"twitter:label1\" content=\"Escrito por\" \/>\n\t<meta name=\"twitter:data1\" content=\"Roberto\" \/>\n\t<meta name=\"twitter:label2\" content=\"Est. tempo de leitura\" \/>\n\t<meta name=\"twitter:data2\" content=\"2 minutos\" \/>\n<script type=\"application\/ld+json\" class=\"yoast-schema-graph\">{\"@context\":\"https:\\\/\\\/schema.org\",\"@graph\":[{\"@type\":\"Article\",\"@id\":\"https:\\\/\\\/regiaonews.net.br\\\/2022\\\/2024\\\/06\\\/20\\\/morre-cantor-chrystian-ex-integrante-da-dupla-chrystian-e-ralf\\\/#article\",\"isPartOf\":{\"@id\":\"https:\\\/\\\/regiaonews.net.br\\\/2022\\\/2024\\\/06\\\/20\\\/morre-cantor-chrystian-ex-integrante-da-dupla-chrystian-e-ralf\\\/\"},\"author\":{\"name\":\"Roberto\",\"@id\":\"https:\\\/\\\/regiaonews.net.br\\\/2022\\\/#\\\/schema\\\/person\\\/2d205a608a5aa97ac279d7a5e6d89ad8\"},\"headline\":\"Morre cantor Chrystian ex-integrante da dupla Chrystian e Ralf\",\"datePublished\":\"2024-06-20T10:38:51+00:00\",\"dateModified\":\"2024-06-20T13:45:53+00:00\",\"mainEntityOfPage\":{\"@id\":\"https:\\\/\\\/regiaonews.net.br\\\/2022\\\/2024\\\/06\\\/20\\\/morre-cantor-chrystian-ex-integrante-da-dupla-chrystian-e-ralf\\\/\"},\"wordCount\":212,\"commentCount\":0,\"publisher\":{\"@id\":\"https:\\\/\\\/regiaonews.net.br\\\/2022\\\/#organization\"},\"image\":{\"@id\":\"https:\\\/\\\/regiaonews.net.br\\\/2022\\\/2024\\\/06\\\/20\\\/morre-cantor-chrystian-ex-integrante-da-dupla-chrystian-e-ralf\\\/#primaryimage\"},\"thumbnailUrl\":\"https:\\\/\\\/regiaonews.net.br\\\/2022\\\/wp-content\\\/uploads\\\/2024\\\/06\\\/chrystian-1-1.jpeg\",\"articleSection\":[\"Cotidiano\",\"S\u00e3o Paulo\"],\"inLanguage\":\"pt-BR\",\"potentialAction\":[{\"@type\":\"CommentAction\",\"name\":\"Comment\",\"target\":[\"https:\\\/\\\/regiaonews.net.br\\\/2022\\\/2024\\\/06\\\/20\\\/morre-cantor-chrystian-ex-integrante-da-dupla-chrystian-e-ralf\\\/#respond\"]}]},{\"@type\":\"WebPage\",\"@id\":\"https:\\\/\\\/regiaonews.net.br\\\/2022\\\/2024\\\/06\\\/20\\\/morre-cantor-chrystian-ex-integrante-da-dupla-chrystian-e-ralf\\\/\",\"url\":\"https:\\\/\\\/regiaonews.net.br\\\/2022\\\/2024\\\/06\\\/20\\\/morre-cantor-chrystian-ex-integrante-da-dupla-chrystian-e-ralf\\\/\",\"name\":\"Morre cantor Chrystian ex-integrante da dupla Chrystian e Ralf - Regi\u00e3o News\",\"isPartOf\":{\"@id\":\"https:\\\/\\\/regiaonews.net.br\\\/2022\\\/#website\"},\"primaryImageOfPage\":{\"@id\":\"https:\\\/\\\/regiaonews.net.br\\\/2022\\\/2024\\\/06\\\/20\\\/morre-cantor-chrystian-ex-integrante-da-dupla-chrystian-e-ralf\\\/#primaryimage\"},\"image\":{\"@id\":\"https:\\\/\\\/regiaonews.net.br\\\/2022\\\/2024\\\/06\\\/20\\\/morre-cantor-chrystian-ex-integrante-da-dupla-chrystian-e-ralf\\\/#primaryimage\"},\"thumbnailUrl\":\"https:\\\/\\\/regiaonews.net.br\\\/2022\\\/wp-content\\\/uploads\\\/2024\\\/06\\\/chrystian-1-1.jpeg\",\"datePublished\":\"2024-06-20T10:38:51+00:00\",\"dateModified\":\"2024-06-20T13:45:53+00:00\",\"breadcrumb\":{\"@id\":\"https:\\\/\\\/regiaonews.net.br\\\/2022\\\/2024\\\/06\\\/20\\\/morre-cantor-chrystian-ex-integrante-da-dupla-chrystian-e-ralf\\\/#breadcrumb\"},\"inLanguage\":\"pt-BR\",\"potentialAction\":[{\"@type\":\"ReadAction\",\"target\":[\"https:\\\/\\\/regiaonews.net.br\\\/2022\\\/2024\\\/06\\\/20\\\/morre-cantor-chrystian-ex-integrante-da-dupla-chrystian-e-ralf\\\/\"]}]},{\"@type\":\"ImageObject\",\"inLanguage\":\"pt-BR\",\"@id\":\"https:\\\/\\\/regiaonews.net.br\\\/2022\\\/2024\\\/06\\\/20\\\/morre-cantor-chrystian-ex-integrante-da-dupla-chrystian-e-ralf\\\/#primaryimage\",\"url\":\"https:\\\/\\\/regiaonews.net.br\\\/2022\\\/wp-content\\\/uploads\\\/2024\\\/06\\\/chrystian-1-1.jpeg\",\"contentUrl\":\"https:\\\/\\\/regiaonews.net.br\\\/2022\\\/wp-content\\\/uploads\\\/2024\\\/06\\\/chrystian-1-1.jpeg\",\"width\":420,\"height\":240},{\"@type\":\"BreadcrumbList\",\"@id\":\"https:\\\/\\\/regiaonews.net.br\\\/2022\\\/2024\\\/06\\\/20\\\/morre-cantor-chrystian-ex-integrante-da-dupla-chrystian-e-ralf\\\/#breadcrumb\",\"itemListElement\":[{\"@type\":\"ListItem\",\"position\":1,\"name\":\"In\u00edcio\",\"item\":\"https:\\\/\\\/regiaonews.net.br\\\/2022\\\/\"},{\"@type\":\"ListItem\",\"position\":2,\"name\":\"Morre cantor Chrystian ex-integrante da dupla Chrystian e Ralf\"}]},{\"@type\":\"WebSite\",\"@id\":\"https:\\\/\\\/regiaonews.net.br\\\/2022\\\/#website\",\"url\":\"https:\\\/\\\/regiaonews.net.br\\\/2022\\\/\",\"name\":\"Regi\u00e3o News\",\"description\":\"Site de Not\u00edcias de Barretos e regi\u00e3o\",\"publisher\":{\"@id\":\"https:\\\/\\\/regiaonews.net.br\\\/2022\\\/#organization\"},\"potentialAction\":[{\"@type\":\"SearchAction\",\"target\":{\"@type\":\"EntryPoint\",\"urlTemplate\":\"https:\\\/\\\/regiaonews.net.br\\\/2022\\\/?s={search_term_string}\"},\"query-input\":{\"@type\":\"PropertyValueSpecification\",\"valueRequired\":true,\"valueName\":\"search_term_string\"}}],\"inLanguage\":\"pt-BR\"},{\"@type\":\"Organization\",\"@id\":\"https:\\\/\\\/regiaonews.net.br\\\/2022\\\/#organization\",\"name\":\"Regi\u00e3o News\",\"url\":\"https:\\\/\\\/regiaonews.net.br\\\/2022\\\/\",\"logo\":{\"@type\":\"ImageObject\",\"inLanguage\":\"pt-BR\",\"@id\":\"https:\\\/\\\/regiaonews.net.br\\\/2022\\\/#\\\/schema\\\/logo\\\/image\\\/\",\"url\":\"https:\\\/\\\/regiaonews.net.br\\\/2022\\\/wp-content\\\/uploads\\\/2026\\\/03\\\/regiao-13-anos-scaled.jpg\",\"contentUrl\":\"https:\\\/\\\/regiaonews.net.br\\\/2022\\\/wp-content\\\/uploads\\\/2026\\\/03\\\/regiao-13-anos-scaled.jpg\",\"width\":2560,\"height\":635,\"caption\":\"Regi\u00e3o News\"},\"image\":{\"@id\":\"https:\\\/\\\/regiaonews.net.br\\\/2022\\\/#\\\/schema\\\/logo\\\/image\\\/\"}},{\"@type\":\"Person\",\"@id\":\"https:\\\/\\\/regiaonews.net.br\\\/2022\\\/#\\\/schema\\\/person\\\/2d205a608a5aa97ac279d7a5e6d89ad8\",\"name\":\"Roberto\",\"image\":{\"@type\":\"ImageObject\",\"inLanguage\":\"pt-BR\",\"@id\":\"https:\\\/\\\/secure.gravatar.com\\\/avatar\\\/42749d8b712ff9d59ca93dc150494e5b55a44134482993f5baeb97e61b7ecc89?s=96&d=mm&r=g\",\"url\":\"https:\\\/\\\/secure.gravatar.com\\\/avatar\\\/42749d8b712ff9d59ca93dc150494e5b55a44134482993f5baeb97e61b7ecc89?s=96&d=mm&r=g\",\"contentUrl\":\"https:\\\/\\\/secure.gravatar.com\\\/avatar\\\/42749d8b712ff9d59ca93dc150494e5b55a44134482993f5baeb97e61b7ecc89?s=96&d=mm&r=g\",\"caption\":\"Roberto\"},\"url\":\"https:\\\/\\\/regiaonews.net.br\\\/2022\\\/author\\\/roberto\\\/\"}]}<\/script>\n<!-- \/ Yoast SEO plugin. -->","yoast_head_json":{"title":"Morre cantor Chrystian ex-integrante da dupla Chrystian e Ralf - Regi\u00e3o News","robots":{"index":"index","follow":"follow","max-snippet":"max-snippet:-1","max-image-preview":"max-image-preview:large","max-video-preview":"max-video-preview:-1"},"canonical":"https:\/\/regiaonews.net.br\/2022\/2024\/06\/20\/morre-cantor-chrystian-ex-integrante-da-dupla-chrystian-e-ralf\/","og_locale":"pt_BR","og_type":"article","og_title":"Morre cantor Chrystian ex-integrante da dupla Chrystian e Ralf - Regi\u00e3o News","og_description":"O cantor Chrystian, da dupla sertaneja \u201cChrystian e Ralf\u201d, morreu","og_url":"https:\/\/regiaonews.net.br\/2022\/2024\/06\/20\/morre-cantor-chrystian-ex-integrante-da-dupla-chrystian-e-ralf\/","og_site_name":"Regi\u00e3o News","article_published_time":"2024-06-20T10:38:51+00:00","article_modified_time":"2024-06-20T13:45:53+00:00","og_image":[{"width":420,"height":240,"url":"https:\/\/regiaonews.net.br\/2022\/wp-content\/uploads\/2024\/06\/chrystian-1-1.jpeg","type":"image\/jpeg"}],"author":"Roberto","twitter_card":"summary_large_image","twitter_misc":{"Escrito por":"Roberto","Est. tempo de leitura":"2 minutos"},"schema":{"@context":"https:\/\/schema.org","@graph":[{"@type":"Article","@id":"https:\/\/regiaonews.net.br\/2022\/2024\/06\/20\/morre-cantor-chrystian-ex-integrante-da-dupla-chrystian-e-ralf\/#article","isPartOf":{"@id":"https:\/\/regiaonews.net.br\/2022\/2024\/06\/20\/morre-cantor-chrystian-ex-integrante-da-dupla-chrystian-e-ralf\/"},"author":{"name":"Roberto","@id":"https:\/\/regiaonews.net.br\/2022\/#\/schema\/person\/2d205a608a5aa97ac279d7a5e6d89ad8"},"headline":"Morre cantor Chrystian ex-integrante da dupla Chrystian e Ralf","datePublished":"2024-06-20T10:38:51+00:00","dateModified":"2024-06-20T13:45:53+00:00","mainEntityOfPage":{"@id":"https:\/\/regiaonews.net.br\/2022\/2024\/06\/20\/morre-cantor-chrystian-ex-integrante-da-dupla-chrystian-e-ralf\/"},"wordCount":212,"commentCount":0,"publisher":{"@id":"https:\/\/regiaonews.net.br\/2022\/#organization"},"image":{"@id":"https:\/\/regiaonews.net.br\/2022\/2024\/06\/20\/morre-cantor-chrystian-ex-integrante-da-dupla-chrystian-e-ralf\/#primaryimage"},"thumbnailUrl":"https:\/\/regiaonews.net.br\/2022\/wp-content\/uploads\/2024\/06\/chrystian-1-1.jpeg","articleSection":["Cotidiano","S\u00e3o Paulo"],"inLanguage":"pt-BR","potentialAction":[{"@type":"CommentAction","name":"Comment","target":["https:\/\/regiaonews.net.br\/2022\/2024\/06\/20\/morre-cantor-chrystian-ex-integrante-da-dupla-chrystian-e-ralf\/#respond"]}]},{"@type":"WebPage","@id":"https:\/\/regiaonews.net.br\/2022\/2024\/06\/20\/morre-cantor-chrystian-ex-integrante-da-dupla-chrystian-e-ralf\/","url":"https:\/\/regiaonews.net.br\/2022\/2024\/06\/20\/morre-cantor-chrystian-ex-integrante-da-dupla-chrystian-e-ralf\/","name":"Morre cantor Chrystian ex-integrante da dupla Chrystian e Ralf - Regi\u00e3o News","isPartOf":{"@id":"https:\/\/regiaonews.net.br\/2022\/#website"},"primaryImageOfPage":{"@id":"https:\/\/regiaonews.net.br\/2022\/2024\/06\/20\/morre-cantor-chrystian-ex-integrante-da-dupla-chrystian-e-ralf\/#primaryimage"},"image":{"@id":"https:\/\/regiaonews.net.br\/2022\/2024\/06\/20\/morre-cantor-chrystian-ex-integrante-da-dupla-chrystian-e-ralf\/#primaryimage"},"thumbnailUrl":"https:\/\/regiaonews.net.br\/2022\/wp-content\/uploads\/2024\/06\/chrystian-1-1.jpeg","datePublished":"2024-06-20T10:38:51+00:00","dateModified":"2024-06-20T13:45:53+00:00","breadcrumb":{"@id":"https:\/\/regiaonews.net.br\/2022\/2024\/06\/20\/morre-cantor-chrystian-ex-integrante-da-dupla-chrystian-e-ralf\/#breadcrumb"},"inLanguage":"pt-BR","potentialAction":[{"@type":"ReadAction","target":["https:\/\/regiaonews.net.br\/2022\/2024\/06\/20\/morre-cantor-chrystian-ex-integrante-da-dupla-chrystian-e-ralf\/"]}]},{"@type":"ImageObject","inLanguage":"pt-BR","@id":"https:\/\/regiaonews.net.br\/2022\/2024\/06\/20\/morre-cantor-chrystian-ex-integrante-da-dupla-chrystian-e-ralf\/#primaryimage","url":"https:\/\/regiaonews.net.br\/2022\/wp-content\/uploads\/2024\/06\/chrystian-1-1.jpeg","contentUrl":"https:\/\/regiaonews.net.br\/2022\/wp-content\/uploads\/2024\/06\/chrystian-1-1.jpeg","width":420,"height":240},{"@type":"BreadcrumbList","@id":"https:\/\/regiaonews.net.br\/2022\/2024\/06\/20\/morre-cantor-chrystian-ex-integrante-da-dupla-chrystian-e-ralf\/#breadcrumb","itemListElement":[{"@type":"ListItem","position":1,"name":"In\u00edcio","item":"https:\/\/regiaonews.net.br\/2022\/"},{"@type":"ListItem","position":2,"name":"Morre cantor Chrystian ex-integrante da dupla Chrystian e Ralf"}]},{"@type":"WebSite","@id":"https:\/\/regiaonews.net.br\/2022\/#website","url":"https:\/\/regiaonews.net.br\/2022\/","name":"Regi\u00e3o News","description":"Site de Not\u00edcias de Barretos e regi\u00e3o","publisher":{"@id":"https:\/\/regiaonews.net.br\/2022\/#organization"},"potentialAction":[{"@type":"SearchAction","target":{"@type":"EntryPoint","urlTemplate":"https:\/\/regiaonews.net.br\/2022\/?s={search_term_string}"},"query-input":{"@type":"PropertyValueSpecification","valueRequired":true,"valueName":"search_term_string"}}],"inLanguage":"pt-BR"},{"@type":"Organization","@id":"https:\/\/regiaonews.net.br\/2022\/#organization","name":"Regi\u00e3o News","url":"https:\/\/regiaonews.net.br\/2022\/","logo":{"@type":"ImageObject","inLanguage":"pt-BR","@id":"https:\/\/regiaonews.net.br\/2022\/#\/schema\/logo\/image\/","url":"https:\/\/regiaonews.net.br\/2022\/wp-content\/uploads\/2026\/03\/regiao-13-anos-scaled.jpg","contentUrl":"https:\/\/regiaonews.net.br\/2022\/wp-content\/uploads\/2026\/03\/regiao-13-anos-scaled.jpg","width":2560,"height":635,"caption":"Regi\u00e3o News"},"image":{"@id":"https:\/\/regiaonews.net.br\/2022\/#\/schema\/logo\/image\/"}},{"@type":"Person","@id":"https:\/\/regiaonews.net.br\/2022\/#\/schema\/person\/2d205a608a5aa97ac279d7a5e6d89ad8","name":"Roberto","image":{"@type":"ImageObject","inLanguage":"pt-BR","@id":"https:\/\/secure.gravatar.com\/avatar\/42749d8b712ff9d59ca93dc150494e5b55a44134482993f5baeb97e61b7ecc89?s=96&d=mm&r=g","url":"https:\/\/secure.gravatar.com\/avatar\/42749d8b712ff9d59ca93dc150494e5b55a44134482993f5baeb97e61b7ecc89?s=96&d=mm&r=g","contentUrl":"https:\/\/secure.gravatar.com\/avatar\/42749d8b712ff9d59ca93dc150494e5b55a44134482993f5baeb97e61b7ecc89?s=96&d=mm&r=g","caption":"Roberto"},"url":"https:\/\/regiaonews.net.br\/2022\/author\/roberto\/"}]}},"publishpress_future_action":{"enabled":false,"date":"2026-05-03 02:11:32","action":"change-status","newStatus":"draft","terms":[],"taxonomy":"category","extraData":[]},"publishpress_future_workflow_manual_trigger":{"enabledWorkflows":[]},"_links":{"self":[{"href":"https:\/\/regiaonews.net.br\/2022\/wp-json\/wp\/v2\/posts\/106586","targetHints":{"allow":["GET"]}}],"collection":[{"href":"https:\/\/regiaonews.net.br\/2022\/wp-json\/wp\/v2\/posts"}],"about":[{"href":"https:\/\/regiaonews.net.br\/2022\/wp-json\/wp\/v2\/types\/post"}],"author":[{"embeddable":true,"href":"https:\/\/regiaonews.net.br\/2022\/wp-json\/wp\/v2\/users\/2"}],"replies":[{"embeddable":true,"href":"https:\/\/regiaonews.net.br\/2022\/wp-json\/wp\/v2\/comments?post=106586"}],"version-history":[{"count":6,"href":"https:\/\/regiaonews.net.br\/2022\/wp-json\/wp\/v2\/posts\/106586\/revisions"}],"predecessor-version":[{"id":106594,"href":"https:\/\/regiaonews.net.br\/2022\/wp-json\/wp\/v2\/posts\/106586\/revisions\/106594"}],"wp:featuredmedia":[{"embeddable":true,"href":"https:\/\/regiaonews.net.br\/2022\/wp-json\/wp\/v2\/media\/106588"}],"wp:attachment":[{"href":"https:\/\/regiaonews.net.br\/2022\/wp-json\/wp\/v2\/media?parent=106586"}],"wp:term":[{"taxonomy":"category","embeddable":true,"href":"https:\/\/regiaonews.net.br\/2022\/wp-json\/wp\/v2\/categories?post=106586"},{"taxonomy":"post_tag","embeddable":true,"href":"https:\/\/regiaonews.net.br\/2022\/wp-json\/wp\/v2\/tags?post=106586"}],"curies":[{"name":"wp","href":"https:\/\/api.w.org\/{rel}","templated":true}]}}