{"id":106570,"date":"2024-06-19T19:53:54","date_gmt":"2024-06-19T22:53:54","guid":{"rendered":"https:\/\/regiaonews.net.br\/2022\/?p=106570"},"modified":"2024-06-19T19:53:54","modified_gmt":"2024-06-19T22:53:54","slug":"unifeb-abre-inscricoes-para-transferencia-reingresso-e-segunda-graduacao","status":"publish","type":"post","link":"https:\/\/regiaonews.net.br\/2022\/2024\/06\/19\/unifeb-abre-inscricoes-para-transferencia-reingresso-e-segunda-graduacao\/","title":{"rendered":"UNIFEB abre inscri\u00e7\u00f5es para transfer\u00eancia, reingresso e segunda gradua\u00e7\u00e3o"},"content":{"rendered":"<p>As vagas s\u00e3o limitadas e o desconto na mensalidade \u00e9 de 30% sem cobran\u00e7a de taxas de matr\u00edcula e rematr\u00edcula<\/p>\n<p>Come\u00e7aram as inscri\u00e7\u00f5es para o Processo Seletivo de Inverno do UNIFEB (Centro Universit\u00e1rio da Funda\u00e7\u00e3o Educacional de Barretos) com tr\u00eas modalidades de ingresso: transfer\u00eancia, reingresso e segunda gradua\u00e7\u00e3o. Nestes formatos o aluno ingressa via an\u00e1lise curricular, desde que atenda alguns pr\u00e9-requisitos. As vagas s\u00e3o limitadas e o desconto na mensalidade \u00e9 de 30% sem cobran\u00e7a de taxas de matr\u00edcula e rematr\u00edcula.<br \/>\nNa modalidade TRANSFER\u00caNCIA, o candidato pode transferir seu curso para o UNIFEB, por meio de an\u00e1lise curricular das disciplinas j\u00e1 cursadas na institui\u00e7\u00e3o anterior, atendendo os requisitos constantes no edital do processo seletivo. J\u00e1 no REINGRESSO, quem parou a gradua\u00e7\u00e3o no UNIFEB e deseja retornar, pode tamb\u00e9m solicitar. O formato de SEGUNDA GRADUA\u00c7\u00c3O permite que o candidato ingresse em um novo curso e elimine, por meio de an\u00e1lise curricular, as disciplinas j\u00e1 conclu\u00eddas. Ambas modalidades t\u00eam in\u00edcio das aulas em agosto.<br \/>\nO Reitor do UNIFEB, Prof. Dr. Angelo Davis, destaca que essa \u00e9 uma grande oportunidade para quem deseja transferir para o Centro Universit\u00e1rio, reiniciar os estudos ou cursar uma segunda gradua\u00e7\u00e3o. \u201cInvestir numa forma\u00e7\u00e3o de ensino superior abre muitas portas no mercado de trabalho que est\u00e1 cada vez mais competitivo e exigente. No UNIFEB, o aluno tem um portf\u00f3lio muito amplo de cursos em diversas \u00e1reas do conhecimento, al\u00e9m de estrutura moderna e qualidade acad\u00eamica. Completamos neste ano seis d\u00e9cadas de funda\u00e7\u00e3o e estamos investindo diligentemente em reformas e revitaliza\u00e7\u00f5es de espa\u00e7os, salas de aula mais confort\u00e1veis e tecnol\u00f3gicas, al\u00e9m de novos laborat\u00f3rios e amplia\u00e7\u00e3o de volumes na Biblioteca. Tudo isso faz parte de um projeto para elevar ainda mais a excel\u00eancia de ensino que o UNIFEB conquistou em sua hist\u00f3ria\u201d, enfatiza.<br \/>\nAs vagas para transfer\u00eancia, reingresso e segunda gradua\u00e7\u00e3o s\u00e3o para os cursos de Administra\u00e7\u00e3o, Agronomia, Arquitetura e Urbanismo, Biomedicina, Ci\u00eancias Cont\u00e1beis, Direito, Educa\u00e7\u00e3o F\u00edsica, Engenharia Civil, Engenharia El\u00e9trica, Engenharia Mec\u00e2nica, Engenharia de Produ\u00e7\u00e3o, Engenharia Qu\u00edmica, Farm\u00e1cia, Fisioterapia, Medicina Veterin\u00e1ria, Odontologia, Pedagogia e Sistemas de Informa\u00e7\u00e3o.<br \/>\nAs inscri\u00e7\u00f5es devem ser feitas exclusivamente pelo site https:\/\/vestibular.unifeb.edu.br\/remanescentes\/. O prazo para an\u00e1lise curricular \u00e9 de cinco dias \u00fateis. Ap\u00f3s finalizado e deferido o processo de an\u00e1lise, o candidato fica apto a matricular-se no curso escolhido.<\/p>\n","protected":false},"excerpt":{"rendered":"<p>As vagas s\u00e3o limitadas e o desconto na mensalidade \u00e9<\/p>\n","protected":false},"author":2,"featured_media":106571,"comment_status":"open","ping_status":"open","sticky":false,"template":"","format":"standard","meta":{"footnotes":""},"categories":[14,25],"tags":[],"class_list":["post-106570","post","type-post","status-publish","format-standard","has-post-thumbnail","hentry","category-barretos","category-cidades"],"yoast_head":"<!-- This site is optimized with the Yoast SEO plugin v27.4 - https:\/\/yoast.com\/product\/yoast-seo-wordpress\/ -->\n<title>UNIFEB abre inscri\u00e7\u00f5es para transfer\u00eancia, reingresso e segunda gradua\u00e7\u00e3o - Regi\u00e3o News<\/title>\n<meta name=\"robots\" content=\"index, follow, max-snippet:-1, max-image-preview:large, max-video-preview:-1\" \/>\n<link rel=\"canonical\" href=\"https:\/\/regiaonews.net.br\/2022\/2024\/06\/19\/unifeb-abre-inscricoes-para-transferencia-reingresso-e-segunda-graduacao\/\" \/>\n<meta property=\"og:locale\" content=\"pt_BR\" \/>\n<meta property=\"og:type\" content=\"article\" \/>\n<meta property=\"og:title\" content=\"UNIFEB abre inscri\u00e7\u00f5es para transfer\u00eancia, reingresso e segunda gradua\u00e7\u00e3o - Regi\u00e3o News\" \/>\n<meta property=\"og:description\" content=\"As vagas s\u00e3o limitadas e o desconto na mensalidade \u00e9\" \/>\n<meta property=\"og:url\" content=\"https:\/\/regiaonews.net.br\/2022\/2024\/06\/19\/unifeb-abre-inscricoes-para-transferencia-reingresso-e-segunda-graduacao\/\" \/>\n<meta property=\"og:site_name\" content=\"Regi\u00e3o News\" \/>\n<meta property=\"article:published_time\" content=\"2024-06-19T22:53:54+00:00\" \/>\n<meta property=\"og:image\" content=\"https:\/\/regiaonews.net.br\/2022\/wp-content\/uploads\/2024\/06\/WhatsApp-Image-2024-06-19-at-14.55.47.jpeg\" \/>\n\t<meta property=\"og:image:width\" content=\"1080\" \/>\n\t<meta property=\"og:image:height\" content=\"1080\" \/>\n\t<meta property=\"og:image:type\" content=\"image\/jpeg\" \/>\n<meta name=\"author\" content=\"Roberto\" \/>\n<meta name=\"twitter:card\" content=\"summary_large_image\" \/>\n<meta name=\"twitter:label1\" content=\"Escrito por\" \/>\n\t<meta name=\"twitter:data1\" content=\"Roberto\" \/>\n\t<meta name=\"twitter:label2\" content=\"Est. tempo de leitura\" \/>\n\t<meta name=\"twitter:data2\" content=\"3 minutos\" \/>\n<script type=\"application\/ld+json\" class=\"yoast-schema-graph\">{\"@context\":\"https:\\\/\\\/schema.org\",\"@graph\":[{\"@type\":\"Article\",\"@id\":\"https:\\\/\\\/regiaonews.net.br\\\/2022\\\/2024\\\/06\\\/19\\\/unifeb-abre-inscricoes-para-transferencia-reingresso-e-segunda-graduacao\\\/#article\",\"isPartOf\":{\"@id\":\"https:\\\/\\\/regiaonews.net.br\\\/2022\\\/2024\\\/06\\\/19\\\/unifeb-abre-inscricoes-para-transferencia-reingresso-e-segunda-graduacao\\\/\"},\"author\":{\"name\":\"Roberto\",\"@id\":\"https:\\\/\\\/regiaonews.net.br\\\/2022\\\/#\\\/schema\\\/person\\\/2d205a608a5aa97ac279d7a5e6d89ad8\"},\"headline\":\"UNIFEB abre inscri\u00e7\u00f5es para transfer\u00eancia, reingresso e segunda gradua\u00e7\u00e3o\",\"datePublished\":\"2024-06-19T22:53:54+00:00\",\"mainEntityOfPage\":{\"@id\":\"https:\\\/\\\/regiaonews.net.br\\\/2022\\\/2024\\\/06\\\/19\\\/unifeb-abre-inscricoes-para-transferencia-reingresso-e-segunda-graduacao\\\/\"},\"wordCount\":449,\"commentCount\":0,\"publisher\":{\"@id\":\"https:\\\/\\\/regiaonews.net.br\\\/2022\\\/#organization\"},\"image\":{\"@id\":\"https:\\\/\\\/regiaonews.net.br\\\/2022\\\/2024\\\/06\\\/19\\\/unifeb-abre-inscricoes-para-transferencia-reingresso-e-segunda-graduacao\\\/#primaryimage\"},\"thumbnailUrl\":\"https:\\\/\\\/regiaonews.net.br\\\/2022\\\/wp-content\\\/uploads\\\/2024\\\/06\\\/WhatsApp-Image-2024-06-19-at-14.55.47.jpeg\",\"articleSection\":[\"Barretos\",\"Cidades\"],\"inLanguage\":\"pt-BR\",\"potentialAction\":[{\"@type\":\"CommentAction\",\"name\":\"Comment\",\"target\":[\"https:\\\/\\\/regiaonews.net.br\\\/2022\\\/2024\\\/06\\\/19\\\/unifeb-abre-inscricoes-para-transferencia-reingresso-e-segunda-graduacao\\\/#respond\"]}]},{\"@type\":\"WebPage\",\"@id\":\"https:\\\/\\\/regiaonews.net.br\\\/2022\\\/2024\\\/06\\\/19\\\/unifeb-abre-inscricoes-para-transferencia-reingresso-e-segunda-graduacao\\\/\",\"url\":\"https:\\\/\\\/regiaonews.net.br\\\/2022\\\/2024\\\/06\\\/19\\\/unifeb-abre-inscricoes-para-transferencia-reingresso-e-segunda-graduacao\\\/\",\"name\":\"UNIFEB abre inscri\u00e7\u00f5es para transfer\u00eancia, reingresso e segunda gradua\u00e7\u00e3o - Regi\u00e3o News\",\"isPartOf\":{\"@id\":\"https:\\\/\\\/regiaonews.net.br\\\/2022\\\/#website\"},\"primaryImageOfPage\":{\"@id\":\"https:\\\/\\\/regiaonews.net.br\\\/2022\\\/2024\\\/06\\\/19\\\/unifeb-abre-inscricoes-para-transferencia-reingresso-e-segunda-graduacao\\\/#primaryimage\"},\"image\":{\"@id\":\"https:\\\/\\\/regiaonews.net.br\\\/2022\\\/2024\\\/06\\\/19\\\/unifeb-abre-inscricoes-para-transferencia-reingresso-e-segunda-graduacao\\\/#primaryimage\"},\"thumbnailUrl\":\"https:\\\/\\\/regiaonews.net.br\\\/2022\\\/wp-content\\\/uploads\\\/2024\\\/06\\\/WhatsApp-Image-2024-06-19-at-14.55.47.jpeg\",\"datePublished\":\"2024-06-19T22:53:54+00:00\",\"breadcrumb\":{\"@id\":\"https:\\\/\\\/regiaonews.net.br\\\/2022\\\/2024\\\/06\\\/19\\\/unifeb-abre-inscricoes-para-transferencia-reingresso-e-segunda-graduacao\\\/#breadcrumb\"},\"inLanguage\":\"pt-BR\",\"potentialAction\":[{\"@type\":\"ReadAction\",\"target\":[\"https:\\\/\\\/regiaonews.net.br\\\/2022\\\/2024\\\/06\\\/19\\\/unifeb-abre-inscricoes-para-transferencia-reingresso-e-segunda-graduacao\\\/\"]}]},{\"@type\":\"ImageObject\",\"inLanguage\":\"pt-BR\",\"@id\":\"https:\\\/\\\/regiaonews.net.br\\\/2022\\\/2024\\\/06\\\/19\\\/unifeb-abre-inscricoes-para-transferencia-reingresso-e-segunda-graduacao\\\/#primaryimage\",\"url\":\"https:\\\/\\\/regiaonews.net.br\\\/2022\\\/wp-content\\\/uploads\\\/2024\\\/06\\\/WhatsApp-Image-2024-06-19-at-14.55.47.jpeg\",\"contentUrl\":\"https:\\\/\\\/regiaonews.net.br\\\/2022\\\/wp-content\\\/uploads\\\/2024\\\/06\\\/WhatsApp-Image-2024-06-19-at-14.55.47.jpeg\",\"width\":1080,\"height\":1080},{\"@type\":\"BreadcrumbList\",\"@id\":\"https:\\\/\\\/regiaonews.net.br\\\/2022\\\/2024\\\/06\\\/19\\\/unifeb-abre-inscricoes-para-transferencia-reingresso-e-segunda-graduacao\\\/#breadcrumb\",\"itemListElement\":[{\"@type\":\"ListItem\",\"position\":1,\"name\":\"In\u00edcio\",\"item\":\"https:\\\/\\\/regiaonews.net.br\\\/2022\\\/\"},{\"@type\":\"ListItem\",\"position\":2,\"name\":\"UNIFEB abre inscri\u00e7\u00f5es para transfer\u00eancia, reingresso e segunda gradua\u00e7\u00e3o\"}]},{\"@type\":\"WebSite\",\"@id\":\"https:\\\/\\\/regiaonews.net.br\\\/2022\\\/#website\",\"url\":\"https:\\\/\\\/regiaonews.net.br\\\/2022\\\/\",\"name\":\"Regi\u00e3o News\",\"description\":\"Site de Not\u00edcias de Barretos e regi\u00e3o\",\"publisher\":{\"@id\":\"https:\\\/\\\/regiaonews.net.br\\\/2022\\\/#organization\"},\"potentialAction\":[{\"@type\":\"SearchAction\",\"target\":{\"@type\":\"EntryPoint\",\"urlTemplate\":\"https:\\\/\\\/regiaonews.net.br\\\/2022\\\/?s={search_term_string}\"},\"query-input\":{\"@type\":\"PropertyValueSpecification\",\"valueRequired\":true,\"valueName\":\"search_term_string\"}}],\"inLanguage\":\"pt-BR\"},{\"@type\":\"Organization\",\"@id\":\"https:\\\/\\\/regiaonews.net.br\\\/2022\\\/#organization\",\"name\":\"Regi\u00e3o News\",\"url\":\"https:\\\/\\\/regiaonews.net.br\\\/2022\\\/\",\"logo\":{\"@type\":\"ImageObject\",\"inLanguage\":\"pt-BR\",\"@id\":\"https:\\\/\\\/regiaonews.net.br\\\/2022\\\/#\\\/schema\\\/logo\\\/image\\\/\",\"url\":\"https:\\\/\\\/regiaonews.net.br\\\/2022\\\/wp-content\\\/uploads\\\/2026\\\/03\\\/regiao-13-anos-scaled.jpg\",\"contentUrl\":\"https:\\\/\\\/regiaonews.net.br\\\/2022\\\/wp-content\\\/uploads\\\/2026\\\/03\\\/regiao-13-anos-scaled.jpg\",\"width\":2560,\"height\":635,\"caption\":\"Regi\u00e3o News\"},\"image\":{\"@id\":\"https:\\\/\\\/regiaonews.net.br\\\/2022\\\/#\\\/schema\\\/logo\\\/image\\\/\"}},{\"@type\":\"Person\",\"@id\":\"https:\\\/\\\/regiaonews.net.br\\\/2022\\\/#\\\/schema\\\/person\\\/2d205a608a5aa97ac279d7a5e6d89ad8\",\"name\":\"Roberto\",\"image\":{\"@type\":\"ImageObject\",\"inLanguage\":\"pt-BR\",\"@id\":\"https:\\\/\\\/secure.gravatar.com\\\/avatar\\\/42749d8b712ff9d59ca93dc150494e5b55a44134482993f5baeb97e61b7ecc89?s=96&d=mm&r=g\",\"url\":\"https:\\\/\\\/secure.gravatar.com\\\/avatar\\\/42749d8b712ff9d59ca93dc150494e5b55a44134482993f5baeb97e61b7ecc89?s=96&d=mm&r=g\",\"contentUrl\":\"https:\\\/\\\/secure.gravatar.com\\\/avatar\\\/42749d8b712ff9d59ca93dc150494e5b55a44134482993f5baeb97e61b7ecc89?s=96&d=mm&r=g\",\"caption\":\"Roberto\"},\"url\":\"https:\\\/\\\/regiaonews.net.br\\\/2022\\\/author\\\/roberto\\\/\"}]}<\/script>\n<!-- \/ Yoast SEO plugin. -->","yoast_head_json":{"title":"UNIFEB abre inscri\u00e7\u00f5es para transfer\u00eancia, reingresso e segunda gradua\u00e7\u00e3o - Regi\u00e3o News","robots":{"index":"index","follow":"follow","max-snippet":"max-snippet:-1","max-image-preview":"max-image-preview:large","max-video-preview":"max-video-preview:-1"},"canonical":"https:\/\/regiaonews.net.br\/2022\/2024\/06\/19\/unifeb-abre-inscricoes-para-transferencia-reingresso-e-segunda-graduacao\/","og_locale":"pt_BR","og_type":"article","og_title":"UNIFEB abre inscri\u00e7\u00f5es para transfer\u00eancia, reingresso e segunda gradua\u00e7\u00e3o - Regi\u00e3o News","og_description":"As vagas s\u00e3o limitadas e o desconto na mensalidade \u00e9","og_url":"https:\/\/regiaonews.net.br\/2022\/2024\/06\/19\/unifeb-abre-inscricoes-para-transferencia-reingresso-e-segunda-graduacao\/","og_site_name":"Regi\u00e3o News","article_published_time":"2024-06-19T22:53:54+00:00","og_image":[{"width":1080,"height":1080,"url":"https:\/\/regiaonews.net.br\/2022\/wp-content\/uploads\/2024\/06\/WhatsApp-Image-2024-06-19-at-14.55.47.jpeg","type":"image\/jpeg"}],"author":"Roberto","twitter_card":"summary_large_image","twitter_misc":{"Escrito por":"Roberto","Est. tempo de leitura":"3 minutos"},"schema":{"@context":"https:\/\/schema.org","@graph":[{"@type":"Article","@id":"https:\/\/regiaonews.net.br\/2022\/2024\/06\/19\/unifeb-abre-inscricoes-para-transferencia-reingresso-e-segunda-graduacao\/#article","isPartOf":{"@id":"https:\/\/regiaonews.net.br\/2022\/2024\/06\/19\/unifeb-abre-inscricoes-para-transferencia-reingresso-e-segunda-graduacao\/"},"author":{"name":"Roberto","@id":"https:\/\/regiaonews.net.br\/2022\/#\/schema\/person\/2d205a608a5aa97ac279d7a5e6d89ad8"},"headline":"UNIFEB abre inscri\u00e7\u00f5es para transfer\u00eancia, reingresso e segunda gradua\u00e7\u00e3o","datePublished":"2024-06-19T22:53:54+00:00","mainEntityOfPage":{"@id":"https:\/\/regiaonews.net.br\/2022\/2024\/06\/19\/unifeb-abre-inscricoes-para-transferencia-reingresso-e-segunda-graduacao\/"},"wordCount":449,"commentCount":0,"publisher":{"@id":"https:\/\/regiaonews.net.br\/2022\/#organization"},"image":{"@id":"https:\/\/regiaonews.net.br\/2022\/2024\/06\/19\/unifeb-abre-inscricoes-para-transferencia-reingresso-e-segunda-graduacao\/#primaryimage"},"thumbnailUrl":"https:\/\/regiaonews.net.br\/2022\/wp-content\/uploads\/2024\/06\/WhatsApp-Image-2024-06-19-at-14.55.47.jpeg","articleSection":["Barretos","Cidades"],"inLanguage":"pt-BR","potentialAction":[{"@type":"CommentAction","name":"Comment","target":["https:\/\/regiaonews.net.br\/2022\/2024\/06\/19\/unifeb-abre-inscricoes-para-transferencia-reingresso-e-segunda-graduacao\/#respond"]}]},{"@type":"WebPage","@id":"https:\/\/regiaonews.net.br\/2022\/2024\/06\/19\/unifeb-abre-inscricoes-para-transferencia-reingresso-e-segunda-graduacao\/","url":"https:\/\/regiaonews.net.br\/2022\/2024\/06\/19\/unifeb-abre-inscricoes-para-transferencia-reingresso-e-segunda-graduacao\/","name":"UNIFEB abre inscri\u00e7\u00f5es para transfer\u00eancia, reingresso e segunda gradua\u00e7\u00e3o - Regi\u00e3o News","isPartOf":{"@id":"https:\/\/regiaonews.net.br\/2022\/#website"},"primaryImageOfPage":{"@id":"https:\/\/regiaonews.net.br\/2022\/2024\/06\/19\/unifeb-abre-inscricoes-para-transferencia-reingresso-e-segunda-graduacao\/#primaryimage"},"image":{"@id":"https:\/\/regiaonews.net.br\/2022\/2024\/06\/19\/unifeb-abre-inscricoes-para-transferencia-reingresso-e-segunda-graduacao\/#primaryimage"},"thumbnailUrl":"https:\/\/regiaonews.net.br\/2022\/wp-content\/uploads\/2024\/06\/WhatsApp-Image-2024-06-19-at-14.55.47.jpeg","datePublished":"2024-06-19T22:53:54+00:00","breadcrumb":{"@id":"https:\/\/regiaonews.net.br\/2022\/2024\/06\/19\/unifeb-abre-inscricoes-para-transferencia-reingresso-e-segunda-graduacao\/#breadcrumb"},"inLanguage":"pt-BR","potentialAction":[{"@type":"ReadAction","target":["https:\/\/regiaonews.net.br\/2022\/2024\/06\/19\/unifeb-abre-inscricoes-para-transferencia-reingresso-e-segunda-graduacao\/"]}]},{"@type":"ImageObject","inLanguage":"pt-BR","@id":"https:\/\/regiaonews.net.br\/2022\/2024\/06\/19\/unifeb-abre-inscricoes-para-transferencia-reingresso-e-segunda-graduacao\/#primaryimage","url":"https:\/\/regiaonews.net.br\/2022\/wp-content\/uploads\/2024\/06\/WhatsApp-Image-2024-06-19-at-14.55.47.jpeg","contentUrl":"https:\/\/regiaonews.net.br\/2022\/wp-content\/uploads\/2024\/06\/WhatsApp-Image-2024-06-19-at-14.55.47.jpeg","width":1080,"height":1080},{"@type":"BreadcrumbList","@id":"https:\/\/regiaonews.net.br\/2022\/2024\/06\/19\/unifeb-abre-inscricoes-para-transferencia-reingresso-e-segunda-graduacao\/#breadcrumb","itemListElement":[{"@type":"ListItem","position":1,"name":"In\u00edcio","item":"https:\/\/regiaonews.net.br\/2022\/"},{"@type":"ListItem","position":2,"name":"UNIFEB abre inscri\u00e7\u00f5es para transfer\u00eancia, reingresso e segunda gradua\u00e7\u00e3o"}]},{"@type":"WebSite","@id":"https:\/\/regiaonews.net.br\/2022\/#website","url":"https:\/\/regiaonews.net.br\/2022\/","name":"Regi\u00e3o News","description":"Site de Not\u00edcias de Barretos e regi\u00e3o","publisher":{"@id":"https:\/\/regiaonews.net.br\/2022\/#organization"},"potentialAction":[{"@type":"SearchAction","target":{"@type":"EntryPoint","urlTemplate":"https:\/\/regiaonews.net.br\/2022\/?s={search_term_string}"},"query-input":{"@type":"PropertyValueSpecification","valueRequired":true,"valueName":"search_term_string"}}],"inLanguage":"pt-BR"},{"@type":"Organization","@id":"https:\/\/regiaonews.net.br\/2022\/#organization","name":"Regi\u00e3o News","url":"https:\/\/regiaonews.net.br\/2022\/","logo":{"@type":"ImageObject","inLanguage":"pt-BR","@id":"https:\/\/regiaonews.net.br\/2022\/#\/schema\/logo\/image\/","url":"https:\/\/regiaonews.net.br\/2022\/wp-content\/uploads\/2026\/03\/regiao-13-anos-scaled.jpg","contentUrl":"https:\/\/regiaonews.net.br\/2022\/wp-content\/uploads\/2026\/03\/regiao-13-anos-scaled.jpg","width":2560,"height":635,"caption":"Regi\u00e3o News"},"image":{"@id":"https:\/\/regiaonews.net.br\/2022\/#\/schema\/logo\/image\/"}},{"@type":"Person","@id":"https:\/\/regiaonews.net.br\/2022\/#\/schema\/person\/2d205a608a5aa97ac279d7a5e6d89ad8","name":"Roberto","image":{"@type":"ImageObject","inLanguage":"pt-BR","@id":"https:\/\/secure.gravatar.com\/avatar\/42749d8b712ff9d59ca93dc150494e5b55a44134482993f5baeb97e61b7ecc89?s=96&d=mm&r=g","url":"https:\/\/secure.gravatar.com\/avatar\/42749d8b712ff9d59ca93dc150494e5b55a44134482993f5baeb97e61b7ecc89?s=96&d=mm&r=g","contentUrl":"https:\/\/secure.gravatar.com\/avatar\/42749d8b712ff9d59ca93dc150494e5b55a44134482993f5baeb97e61b7ecc89?s=96&d=mm&r=g","caption":"Roberto"},"url":"https:\/\/regiaonews.net.br\/2022\/author\/roberto\/"}]}},"publishpress_future_action":{"enabled":false,"date":"2026-05-03 08:28:45","action":"change-status","newStatus":"draft","terms":[],"taxonomy":"category","extraData":[]},"publishpress_future_workflow_manual_trigger":{"enabledWorkflows":[]},"_links":{"self":[{"href":"https:\/\/regiaonews.net.br\/2022\/wp-json\/wp\/v2\/posts\/106570","targetHints":{"allow":["GET"]}}],"collection":[{"href":"https:\/\/regiaonews.net.br\/2022\/wp-json\/wp\/v2\/posts"}],"about":[{"href":"https:\/\/regiaonews.net.br\/2022\/wp-json\/wp\/v2\/types\/post"}],"author":[{"embeddable":true,"href":"https:\/\/regiaonews.net.br\/2022\/wp-json\/wp\/v2\/users\/2"}],"replies":[{"embeddable":true,"href":"https:\/\/regiaonews.net.br\/2022\/wp-json\/wp\/v2\/comments?post=106570"}],"version-history":[{"count":1,"href":"https:\/\/regiaonews.net.br\/2022\/wp-json\/wp\/v2\/posts\/106570\/revisions"}],"predecessor-version":[{"id":106572,"href":"https:\/\/regiaonews.net.br\/2022\/wp-json\/wp\/v2\/posts\/106570\/revisions\/106572"}],"wp:featuredmedia":[{"embeddable":true,"href":"https:\/\/regiaonews.net.br\/2022\/wp-json\/wp\/v2\/media\/106571"}],"wp:attachment":[{"href":"https:\/\/regiaonews.net.br\/2022\/wp-json\/wp\/v2\/media?parent=106570"}],"wp:term":[{"taxonomy":"category","embeddable":true,"href":"https:\/\/regiaonews.net.br\/2022\/wp-json\/wp\/v2\/categories?post=106570"},{"taxonomy":"post_tag","embeddable":true,"href":"https:\/\/regiaonews.net.br\/2022\/wp-json\/wp\/v2\/tags?post=106570"}],"curies":[{"name":"wp","href":"https:\/\/api.w.org\/{rel}","templated":true}]}}