{"id":106550,"date":"2024-06-19T14:35:45","date_gmt":"2024-06-19T17:35:45","guid":{"rendered":"https:\/\/regiaonews.net.br\/2022\/?p=106550"},"modified":"2024-06-19T14:35:45","modified_gmt":"2024-06-19T17:35:45","slug":"dom-milton-preside-missa-em-acao-de-gracas-pelo-36o-arraial-da-alegria-da-cidade-de-maria","status":"publish","type":"post","link":"https:\/\/regiaonews.net.br\/2022\/2024\/06\/19\/dom-milton-preside-missa-em-acao-de-gracas-pelo-36o-arraial-da-alegria-da-cidade-de-maria\/","title":{"rendered":"Dom Milton preside missa em a\u00e7\u00e3o de gra\u00e7as pelo 36\u00ba Arraial da Alegria da Cidade de Maria"},"content":{"rendered":"<h3 style=\"text-align: center;\">Ap\u00f3s a Eucaristia, membros da comiss\u00e3o organizadora, moradores da Cidade de Maria e volunt\u00e1rios do arraial se confraternizaram<\/h3>\n<p>Na noite de ter\u00e7a-feira (18), no audit\u00f3rio da Casa de Encontros e Retiros Dom Ant\u00f4nio Mucciolo, foi celebrada a missa em a\u00e7\u00e3o de gra\u00e7as pelo 36\u00ba Arraial da Alegria da Cidade de Maria. Presidida pelo bispo diocesano Dom Milton Kenan J\u00fanior, a Eucaristia contou com a presen\u00e7a de membros da comiss\u00e3o organizadora e volunt\u00e1rios que dedicaram seu tempo e esfor\u00e7o para o sucesso do evento realizado durante o m\u00eas de maio.<\/p>\n<p>A celebra\u00e7\u00e3o eucar\u00edstica foi marcada pelo reconhecimento do trabalho coletivo que resultou em um evento memor\u00e1vel para a manuten\u00e7\u00e3o da Cidade de Maria. O concurso Rei e Rainha da Alegria, realizado de 20 a 23 de maio, a quermesse nos dias 24 e 25, e o tradicional almo\u00e7o da Queima do Alho no dia 26, foram sucessos de p\u00fablico e arrecada\u00e7\u00e3o.<\/p>\n<p>Os valores arrecadados durante o concurso, que somaram R$ 612.347,33, refor\u00e7am o esp\u00edrito de uni\u00e3o e solidariedade dos barretenses e pessoas de diversas partes do pa\u00eds, destacando a import\u00e2ncia do trabalho volunt\u00e1rio e da participa\u00e7\u00e3o ativa de todos os envolvidos.<\/p>\n<p>Durante a homilia, Dom Milton expressou sua gratid\u00e3o pelo empenho e dedica\u00e7\u00e3o de todos os envolvidos. &#8220;Agradecemos a Deus, pelo \u00eaxito do concurso Rei e Rainha da Alegria e pelo \u00eaxito do Arraial da Alegria. (&#8230;) N\u00f3s queremos agradecer a Deus pela vida de voc\u00eas, que nesses dias se faz servi\u00e7o e se faz doa\u00e7\u00e3o. (&#8230;) Ent\u00e3o, muito obrigado a todos voc\u00eas, que de uma maneira ou de outra participaram, seja do concurso, seja do arraial, que garantiu, mais uma vez, que tanto um quanto outro ultrapassasse a nossa expectativa. Em tempos t\u00e3o dif\u00edceis como este que n\u00f3s estamos atravessando, mesmo assim, n\u00f3s conseguimos um resultado bastante significativo e que nos deve fazer agradecer a Deus\u201d, expressou.<\/p>\n<p>Ap\u00f3s a Eucaristia, membros da comiss\u00e3o organizadora, moradores da Cidade de Maria e volunt\u00e1rios do arraial se confraternizaram.<\/p>\n","protected":false},"excerpt":{"rendered":"<p>Ap\u00f3s a Eucaristia, membros da comiss\u00e3o organizadora, moradores da Cidade<\/p>\n","protected":false},"author":2,"featured_media":106551,"comment_status":"open","ping_status":"open","sticky":false,"template":"","format":"standard","meta":{"footnotes":""},"categories":[14,3],"tags":[],"class_list":["post-106550","post","type-post","status-publish","format-standard","has-post-thumbnail","hentry","category-barretos","category-geral"],"yoast_head":"<!-- This site is optimized with the Yoast SEO plugin v27.4 - https:\/\/yoast.com\/product\/yoast-seo-wordpress\/ -->\n<title>Dom Milton preside missa em a\u00e7\u00e3o de gra\u00e7as pelo 36\u00ba Arraial da Alegria da Cidade de Maria - Regi\u00e3o News<\/title>\n<meta name=\"robots\" content=\"index, follow, max-snippet:-1, max-image-preview:large, max-video-preview:-1\" \/>\n<link rel=\"canonical\" href=\"https:\/\/regiaonews.net.br\/2022\/2024\/06\/19\/dom-milton-preside-missa-em-acao-de-gracas-pelo-36o-arraial-da-alegria-da-cidade-de-maria\/\" \/>\n<meta property=\"og:locale\" content=\"pt_BR\" \/>\n<meta property=\"og:type\" content=\"article\" \/>\n<meta property=\"og:title\" content=\"Dom Milton preside missa em a\u00e7\u00e3o de gra\u00e7as pelo 36\u00ba Arraial da Alegria da Cidade de Maria - Regi\u00e3o News\" \/>\n<meta property=\"og:description\" content=\"Ap\u00f3s a Eucaristia, membros da comiss\u00e3o organizadora, moradores da Cidade\" \/>\n<meta property=\"og:url\" content=\"https:\/\/regiaonews.net.br\/2022\/2024\/06\/19\/dom-milton-preside-missa-em-acao-de-gracas-pelo-36o-arraial-da-alegria-da-cidade-de-maria\/\" \/>\n<meta property=\"og:site_name\" content=\"Regi\u00e3o News\" \/>\n<meta property=\"article:published_time\" content=\"2024-06-19T17:35:45+00:00\" \/>\n<meta property=\"og:image\" content=\"https:\/\/regiaonews.net.br\/2022\/wp-content\/uploads\/2024\/06\/Imagem-do-WhatsApp-de-2024-06-19-as-11.45.46_3efa3963.jpg\" \/>\n\t<meta property=\"og:image:width\" content=\"1600\" \/>\n\t<meta property=\"og:image:height\" content=\"1066\" \/>\n\t<meta property=\"og:image:type\" content=\"image\/jpeg\" \/>\n<meta name=\"author\" content=\"Roberto\" \/>\n<meta name=\"twitter:card\" content=\"summary_large_image\" \/>\n<meta name=\"twitter:label1\" content=\"Escrito por\" \/>\n\t<meta name=\"twitter:data1\" content=\"Roberto\" \/>\n\t<meta name=\"twitter:label2\" content=\"Est. tempo de leitura\" \/>\n\t<meta name=\"twitter:data2\" content=\"2 minutos\" \/>\n<script type=\"application\/ld+json\" class=\"yoast-schema-graph\">{\"@context\":\"https:\\\/\\\/schema.org\",\"@graph\":[{\"@type\":\"Article\",\"@id\":\"https:\\\/\\\/regiaonews.net.br\\\/2022\\\/2024\\\/06\\\/19\\\/dom-milton-preside-missa-em-acao-de-gracas-pelo-36o-arraial-da-alegria-da-cidade-de-maria\\\/#article\",\"isPartOf\":{\"@id\":\"https:\\\/\\\/regiaonews.net.br\\\/2022\\\/2024\\\/06\\\/19\\\/dom-milton-preside-missa-em-acao-de-gracas-pelo-36o-arraial-da-alegria-da-cidade-de-maria\\\/\"},\"author\":{\"name\":\"Roberto\",\"@id\":\"https:\\\/\\\/regiaonews.net.br\\\/2022\\\/#\\\/schema\\\/person\\\/2d205a608a5aa97ac279d7a5e6d89ad8\"},\"headline\":\"Dom Milton preside missa em a\u00e7\u00e3o de gra\u00e7as pelo 36\u00ba Arraial da Alegria da Cidade de Maria\",\"datePublished\":\"2024-06-19T17:35:45+00:00\",\"mainEntityOfPage\":{\"@id\":\"https:\\\/\\\/regiaonews.net.br\\\/2022\\\/2024\\\/06\\\/19\\\/dom-milton-preside-missa-em-acao-de-gracas-pelo-36o-arraial-da-alegria-da-cidade-de-maria\\\/\"},\"wordCount\":376,\"commentCount\":0,\"publisher\":{\"@id\":\"https:\\\/\\\/regiaonews.net.br\\\/2022\\\/#organization\"},\"image\":{\"@id\":\"https:\\\/\\\/regiaonews.net.br\\\/2022\\\/2024\\\/06\\\/19\\\/dom-milton-preside-missa-em-acao-de-gracas-pelo-36o-arraial-da-alegria-da-cidade-de-maria\\\/#primaryimage\"},\"thumbnailUrl\":\"https:\\\/\\\/regiaonews.net.br\\\/2022\\\/wp-content\\\/uploads\\\/2024\\\/06\\\/Imagem-do-WhatsApp-de-2024-06-19-as-11.45.46_3efa3963.jpg\",\"articleSection\":[\"Barretos\",\"Geral\"],\"inLanguage\":\"pt-BR\",\"potentialAction\":[{\"@type\":\"CommentAction\",\"name\":\"Comment\",\"target\":[\"https:\\\/\\\/regiaonews.net.br\\\/2022\\\/2024\\\/06\\\/19\\\/dom-milton-preside-missa-em-acao-de-gracas-pelo-36o-arraial-da-alegria-da-cidade-de-maria\\\/#respond\"]}]},{\"@type\":\"WebPage\",\"@id\":\"https:\\\/\\\/regiaonews.net.br\\\/2022\\\/2024\\\/06\\\/19\\\/dom-milton-preside-missa-em-acao-de-gracas-pelo-36o-arraial-da-alegria-da-cidade-de-maria\\\/\",\"url\":\"https:\\\/\\\/regiaonews.net.br\\\/2022\\\/2024\\\/06\\\/19\\\/dom-milton-preside-missa-em-acao-de-gracas-pelo-36o-arraial-da-alegria-da-cidade-de-maria\\\/\",\"name\":\"Dom Milton preside missa em a\u00e7\u00e3o de gra\u00e7as pelo 36\u00ba Arraial da Alegria da Cidade de Maria - Regi\u00e3o News\",\"isPartOf\":{\"@id\":\"https:\\\/\\\/regiaonews.net.br\\\/2022\\\/#website\"},\"primaryImageOfPage\":{\"@id\":\"https:\\\/\\\/regiaonews.net.br\\\/2022\\\/2024\\\/06\\\/19\\\/dom-milton-preside-missa-em-acao-de-gracas-pelo-36o-arraial-da-alegria-da-cidade-de-maria\\\/#primaryimage\"},\"image\":{\"@id\":\"https:\\\/\\\/regiaonews.net.br\\\/2022\\\/2024\\\/06\\\/19\\\/dom-milton-preside-missa-em-acao-de-gracas-pelo-36o-arraial-da-alegria-da-cidade-de-maria\\\/#primaryimage\"},\"thumbnailUrl\":\"https:\\\/\\\/regiaonews.net.br\\\/2022\\\/wp-content\\\/uploads\\\/2024\\\/06\\\/Imagem-do-WhatsApp-de-2024-06-19-as-11.45.46_3efa3963.jpg\",\"datePublished\":\"2024-06-19T17:35:45+00:00\",\"breadcrumb\":{\"@id\":\"https:\\\/\\\/regiaonews.net.br\\\/2022\\\/2024\\\/06\\\/19\\\/dom-milton-preside-missa-em-acao-de-gracas-pelo-36o-arraial-da-alegria-da-cidade-de-maria\\\/#breadcrumb\"},\"inLanguage\":\"pt-BR\",\"potentialAction\":[{\"@type\":\"ReadAction\",\"target\":[\"https:\\\/\\\/regiaonews.net.br\\\/2022\\\/2024\\\/06\\\/19\\\/dom-milton-preside-missa-em-acao-de-gracas-pelo-36o-arraial-da-alegria-da-cidade-de-maria\\\/\"]}]},{\"@type\":\"ImageObject\",\"inLanguage\":\"pt-BR\",\"@id\":\"https:\\\/\\\/regiaonews.net.br\\\/2022\\\/2024\\\/06\\\/19\\\/dom-milton-preside-missa-em-acao-de-gracas-pelo-36o-arraial-da-alegria-da-cidade-de-maria\\\/#primaryimage\",\"url\":\"https:\\\/\\\/regiaonews.net.br\\\/2022\\\/wp-content\\\/uploads\\\/2024\\\/06\\\/Imagem-do-WhatsApp-de-2024-06-19-as-11.45.46_3efa3963.jpg\",\"contentUrl\":\"https:\\\/\\\/regiaonews.net.br\\\/2022\\\/wp-content\\\/uploads\\\/2024\\\/06\\\/Imagem-do-WhatsApp-de-2024-06-19-as-11.45.46_3efa3963.jpg\",\"width\":1600,\"height\":1066},{\"@type\":\"BreadcrumbList\",\"@id\":\"https:\\\/\\\/regiaonews.net.br\\\/2022\\\/2024\\\/06\\\/19\\\/dom-milton-preside-missa-em-acao-de-gracas-pelo-36o-arraial-da-alegria-da-cidade-de-maria\\\/#breadcrumb\",\"itemListElement\":[{\"@type\":\"ListItem\",\"position\":1,\"name\":\"In\u00edcio\",\"item\":\"https:\\\/\\\/regiaonews.net.br\\\/2022\\\/\"},{\"@type\":\"ListItem\",\"position\":2,\"name\":\"Dom Milton preside missa em a\u00e7\u00e3o de gra\u00e7as pelo 36\u00ba Arraial da Alegria da Cidade de Maria\"}]},{\"@type\":\"WebSite\",\"@id\":\"https:\\\/\\\/regiaonews.net.br\\\/2022\\\/#website\",\"url\":\"https:\\\/\\\/regiaonews.net.br\\\/2022\\\/\",\"name\":\"Regi\u00e3o News\",\"description\":\"Site de Not\u00edcias de Barretos e regi\u00e3o\",\"publisher\":{\"@id\":\"https:\\\/\\\/regiaonews.net.br\\\/2022\\\/#organization\"},\"potentialAction\":[{\"@type\":\"SearchAction\",\"target\":{\"@type\":\"EntryPoint\",\"urlTemplate\":\"https:\\\/\\\/regiaonews.net.br\\\/2022\\\/?s={search_term_string}\"},\"query-input\":{\"@type\":\"PropertyValueSpecification\",\"valueRequired\":true,\"valueName\":\"search_term_string\"}}],\"inLanguage\":\"pt-BR\"},{\"@type\":\"Organization\",\"@id\":\"https:\\\/\\\/regiaonews.net.br\\\/2022\\\/#organization\",\"name\":\"Regi\u00e3o News\",\"url\":\"https:\\\/\\\/regiaonews.net.br\\\/2022\\\/\",\"logo\":{\"@type\":\"ImageObject\",\"inLanguage\":\"pt-BR\",\"@id\":\"https:\\\/\\\/regiaonews.net.br\\\/2022\\\/#\\\/schema\\\/logo\\\/image\\\/\",\"url\":\"https:\\\/\\\/regiaonews.net.br\\\/2022\\\/wp-content\\\/uploads\\\/2026\\\/03\\\/regiao-13-anos-scaled.jpg\",\"contentUrl\":\"https:\\\/\\\/regiaonews.net.br\\\/2022\\\/wp-content\\\/uploads\\\/2026\\\/03\\\/regiao-13-anos-scaled.jpg\",\"width\":2560,\"height\":635,\"caption\":\"Regi\u00e3o News\"},\"image\":{\"@id\":\"https:\\\/\\\/regiaonews.net.br\\\/2022\\\/#\\\/schema\\\/logo\\\/image\\\/\"}},{\"@type\":\"Person\",\"@id\":\"https:\\\/\\\/regiaonews.net.br\\\/2022\\\/#\\\/schema\\\/person\\\/2d205a608a5aa97ac279d7a5e6d89ad8\",\"name\":\"Roberto\",\"image\":{\"@type\":\"ImageObject\",\"inLanguage\":\"pt-BR\",\"@id\":\"https:\\\/\\\/secure.gravatar.com\\\/avatar\\\/42749d8b712ff9d59ca93dc150494e5b55a44134482993f5baeb97e61b7ecc89?s=96&d=mm&r=g\",\"url\":\"https:\\\/\\\/secure.gravatar.com\\\/avatar\\\/42749d8b712ff9d59ca93dc150494e5b55a44134482993f5baeb97e61b7ecc89?s=96&d=mm&r=g\",\"contentUrl\":\"https:\\\/\\\/secure.gravatar.com\\\/avatar\\\/42749d8b712ff9d59ca93dc150494e5b55a44134482993f5baeb97e61b7ecc89?s=96&d=mm&r=g\",\"caption\":\"Roberto\"},\"url\":\"https:\\\/\\\/regiaonews.net.br\\\/2022\\\/author\\\/roberto\\\/\"}]}<\/script>\n<!-- \/ Yoast SEO plugin. -->","yoast_head_json":{"title":"Dom Milton preside missa em a\u00e7\u00e3o de gra\u00e7as pelo 36\u00ba Arraial da Alegria da Cidade de Maria - Regi\u00e3o News","robots":{"index":"index","follow":"follow","max-snippet":"max-snippet:-1","max-image-preview":"max-image-preview:large","max-video-preview":"max-video-preview:-1"},"canonical":"https:\/\/regiaonews.net.br\/2022\/2024\/06\/19\/dom-milton-preside-missa-em-acao-de-gracas-pelo-36o-arraial-da-alegria-da-cidade-de-maria\/","og_locale":"pt_BR","og_type":"article","og_title":"Dom Milton preside missa em a\u00e7\u00e3o de gra\u00e7as pelo 36\u00ba Arraial da Alegria da Cidade de Maria - Regi\u00e3o News","og_description":"Ap\u00f3s a Eucaristia, membros da comiss\u00e3o organizadora, moradores da Cidade","og_url":"https:\/\/regiaonews.net.br\/2022\/2024\/06\/19\/dom-milton-preside-missa-em-acao-de-gracas-pelo-36o-arraial-da-alegria-da-cidade-de-maria\/","og_site_name":"Regi\u00e3o News","article_published_time":"2024-06-19T17:35:45+00:00","og_image":[{"width":1600,"height":1066,"url":"https:\/\/regiaonews.net.br\/2022\/wp-content\/uploads\/2024\/06\/Imagem-do-WhatsApp-de-2024-06-19-as-11.45.46_3efa3963.jpg","type":"image\/jpeg"}],"author":"Roberto","twitter_card":"summary_large_image","twitter_misc":{"Escrito por":"Roberto","Est. tempo de leitura":"2 minutos"},"schema":{"@context":"https:\/\/schema.org","@graph":[{"@type":"Article","@id":"https:\/\/regiaonews.net.br\/2022\/2024\/06\/19\/dom-milton-preside-missa-em-acao-de-gracas-pelo-36o-arraial-da-alegria-da-cidade-de-maria\/#article","isPartOf":{"@id":"https:\/\/regiaonews.net.br\/2022\/2024\/06\/19\/dom-milton-preside-missa-em-acao-de-gracas-pelo-36o-arraial-da-alegria-da-cidade-de-maria\/"},"author":{"name":"Roberto","@id":"https:\/\/regiaonews.net.br\/2022\/#\/schema\/person\/2d205a608a5aa97ac279d7a5e6d89ad8"},"headline":"Dom Milton preside missa em a\u00e7\u00e3o de gra\u00e7as pelo 36\u00ba Arraial da Alegria da Cidade de Maria","datePublished":"2024-06-19T17:35:45+00:00","mainEntityOfPage":{"@id":"https:\/\/regiaonews.net.br\/2022\/2024\/06\/19\/dom-milton-preside-missa-em-acao-de-gracas-pelo-36o-arraial-da-alegria-da-cidade-de-maria\/"},"wordCount":376,"commentCount":0,"publisher":{"@id":"https:\/\/regiaonews.net.br\/2022\/#organization"},"image":{"@id":"https:\/\/regiaonews.net.br\/2022\/2024\/06\/19\/dom-milton-preside-missa-em-acao-de-gracas-pelo-36o-arraial-da-alegria-da-cidade-de-maria\/#primaryimage"},"thumbnailUrl":"https:\/\/regiaonews.net.br\/2022\/wp-content\/uploads\/2024\/06\/Imagem-do-WhatsApp-de-2024-06-19-as-11.45.46_3efa3963.jpg","articleSection":["Barretos","Geral"],"inLanguage":"pt-BR","potentialAction":[{"@type":"CommentAction","name":"Comment","target":["https:\/\/regiaonews.net.br\/2022\/2024\/06\/19\/dom-milton-preside-missa-em-acao-de-gracas-pelo-36o-arraial-da-alegria-da-cidade-de-maria\/#respond"]}]},{"@type":"WebPage","@id":"https:\/\/regiaonews.net.br\/2022\/2024\/06\/19\/dom-milton-preside-missa-em-acao-de-gracas-pelo-36o-arraial-da-alegria-da-cidade-de-maria\/","url":"https:\/\/regiaonews.net.br\/2022\/2024\/06\/19\/dom-milton-preside-missa-em-acao-de-gracas-pelo-36o-arraial-da-alegria-da-cidade-de-maria\/","name":"Dom Milton preside missa em a\u00e7\u00e3o de gra\u00e7as pelo 36\u00ba Arraial da Alegria da Cidade de Maria - Regi\u00e3o News","isPartOf":{"@id":"https:\/\/regiaonews.net.br\/2022\/#website"},"primaryImageOfPage":{"@id":"https:\/\/regiaonews.net.br\/2022\/2024\/06\/19\/dom-milton-preside-missa-em-acao-de-gracas-pelo-36o-arraial-da-alegria-da-cidade-de-maria\/#primaryimage"},"image":{"@id":"https:\/\/regiaonews.net.br\/2022\/2024\/06\/19\/dom-milton-preside-missa-em-acao-de-gracas-pelo-36o-arraial-da-alegria-da-cidade-de-maria\/#primaryimage"},"thumbnailUrl":"https:\/\/regiaonews.net.br\/2022\/wp-content\/uploads\/2024\/06\/Imagem-do-WhatsApp-de-2024-06-19-as-11.45.46_3efa3963.jpg","datePublished":"2024-06-19T17:35:45+00:00","breadcrumb":{"@id":"https:\/\/regiaonews.net.br\/2022\/2024\/06\/19\/dom-milton-preside-missa-em-acao-de-gracas-pelo-36o-arraial-da-alegria-da-cidade-de-maria\/#breadcrumb"},"inLanguage":"pt-BR","potentialAction":[{"@type":"ReadAction","target":["https:\/\/regiaonews.net.br\/2022\/2024\/06\/19\/dom-milton-preside-missa-em-acao-de-gracas-pelo-36o-arraial-da-alegria-da-cidade-de-maria\/"]}]},{"@type":"ImageObject","inLanguage":"pt-BR","@id":"https:\/\/regiaonews.net.br\/2022\/2024\/06\/19\/dom-milton-preside-missa-em-acao-de-gracas-pelo-36o-arraial-da-alegria-da-cidade-de-maria\/#primaryimage","url":"https:\/\/regiaonews.net.br\/2022\/wp-content\/uploads\/2024\/06\/Imagem-do-WhatsApp-de-2024-06-19-as-11.45.46_3efa3963.jpg","contentUrl":"https:\/\/regiaonews.net.br\/2022\/wp-content\/uploads\/2024\/06\/Imagem-do-WhatsApp-de-2024-06-19-as-11.45.46_3efa3963.jpg","width":1600,"height":1066},{"@type":"BreadcrumbList","@id":"https:\/\/regiaonews.net.br\/2022\/2024\/06\/19\/dom-milton-preside-missa-em-acao-de-gracas-pelo-36o-arraial-da-alegria-da-cidade-de-maria\/#breadcrumb","itemListElement":[{"@type":"ListItem","position":1,"name":"In\u00edcio","item":"https:\/\/regiaonews.net.br\/2022\/"},{"@type":"ListItem","position":2,"name":"Dom Milton preside missa em a\u00e7\u00e3o de gra\u00e7as pelo 36\u00ba Arraial da Alegria da Cidade de Maria"}]},{"@type":"WebSite","@id":"https:\/\/regiaonews.net.br\/2022\/#website","url":"https:\/\/regiaonews.net.br\/2022\/","name":"Regi\u00e3o News","description":"Site de Not\u00edcias de Barretos e regi\u00e3o","publisher":{"@id":"https:\/\/regiaonews.net.br\/2022\/#organization"},"potentialAction":[{"@type":"SearchAction","target":{"@type":"EntryPoint","urlTemplate":"https:\/\/regiaonews.net.br\/2022\/?s={search_term_string}"},"query-input":{"@type":"PropertyValueSpecification","valueRequired":true,"valueName":"search_term_string"}}],"inLanguage":"pt-BR"},{"@type":"Organization","@id":"https:\/\/regiaonews.net.br\/2022\/#organization","name":"Regi\u00e3o News","url":"https:\/\/regiaonews.net.br\/2022\/","logo":{"@type":"ImageObject","inLanguage":"pt-BR","@id":"https:\/\/regiaonews.net.br\/2022\/#\/schema\/logo\/image\/","url":"https:\/\/regiaonews.net.br\/2022\/wp-content\/uploads\/2026\/03\/regiao-13-anos-scaled.jpg","contentUrl":"https:\/\/regiaonews.net.br\/2022\/wp-content\/uploads\/2026\/03\/regiao-13-anos-scaled.jpg","width":2560,"height":635,"caption":"Regi\u00e3o News"},"image":{"@id":"https:\/\/regiaonews.net.br\/2022\/#\/schema\/logo\/image\/"}},{"@type":"Person","@id":"https:\/\/regiaonews.net.br\/2022\/#\/schema\/person\/2d205a608a5aa97ac279d7a5e6d89ad8","name":"Roberto","image":{"@type":"ImageObject","inLanguage":"pt-BR","@id":"https:\/\/secure.gravatar.com\/avatar\/42749d8b712ff9d59ca93dc150494e5b55a44134482993f5baeb97e61b7ecc89?s=96&d=mm&r=g","url":"https:\/\/secure.gravatar.com\/avatar\/42749d8b712ff9d59ca93dc150494e5b55a44134482993f5baeb97e61b7ecc89?s=96&d=mm&r=g","contentUrl":"https:\/\/secure.gravatar.com\/avatar\/42749d8b712ff9d59ca93dc150494e5b55a44134482993f5baeb97e61b7ecc89?s=96&d=mm&r=g","caption":"Roberto"},"url":"https:\/\/regiaonews.net.br\/2022\/author\/roberto\/"}]}},"publishpress_future_action":{"enabled":false,"date":"2026-05-03 06:21:36","action":"change-status","newStatus":"draft","terms":[],"taxonomy":"category","extraData":[]},"publishpress_future_workflow_manual_trigger":{"enabledWorkflows":[]},"_links":{"self":[{"href":"https:\/\/regiaonews.net.br\/2022\/wp-json\/wp\/v2\/posts\/106550","targetHints":{"allow":["GET"]}}],"collection":[{"href":"https:\/\/regiaonews.net.br\/2022\/wp-json\/wp\/v2\/posts"}],"about":[{"href":"https:\/\/regiaonews.net.br\/2022\/wp-json\/wp\/v2\/types\/post"}],"author":[{"embeddable":true,"href":"https:\/\/regiaonews.net.br\/2022\/wp-json\/wp\/v2\/users\/2"}],"replies":[{"embeddable":true,"href":"https:\/\/regiaonews.net.br\/2022\/wp-json\/wp\/v2\/comments?post=106550"}],"version-history":[{"count":1,"href":"https:\/\/regiaonews.net.br\/2022\/wp-json\/wp\/v2\/posts\/106550\/revisions"}],"predecessor-version":[{"id":106552,"href":"https:\/\/regiaonews.net.br\/2022\/wp-json\/wp\/v2\/posts\/106550\/revisions\/106552"}],"wp:featuredmedia":[{"embeddable":true,"href":"https:\/\/regiaonews.net.br\/2022\/wp-json\/wp\/v2\/media\/106551"}],"wp:attachment":[{"href":"https:\/\/regiaonews.net.br\/2022\/wp-json\/wp\/v2\/media?parent=106550"}],"wp:term":[{"taxonomy":"category","embeddable":true,"href":"https:\/\/regiaonews.net.br\/2022\/wp-json\/wp\/v2\/categories?post=106550"},{"taxonomy":"post_tag","embeddable":true,"href":"https:\/\/regiaonews.net.br\/2022\/wp-json\/wp\/v2\/tags?post=106550"}],"curies":[{"name":"wp","href":"https:\/\/api.w.org\/{rel}","templated":true}]}}