{"id":106544,"date":"2024-06-19T14:34:32","date_gmt":"2024-06-19T17:34:32","guid":{"rendered":"https:\/\/regiaonews.net.br\/2022\/?p=106544"},"modified":"2024-06-19T14:34:32","modified_gmt":"2024-06-19T17:34:32","slug":"festa-do-peao-de-barretos-fara-participacao-especial-no-global-agribusiness-festival","status":"publish","type":"post","link":"https:\/\/regiaonews.net.br\/2022\/2024\/06\/19\/festa-do-peao-de-barretos-fara-participacao-especial-no-global-agribusiness-festival\/","title":{"rendered":"Festa do Pe\u00e3o de Barretos far\u00e1 participa\u00e7\u00e3o especial no Global Agribusiness Festival"},"content":{"rendered":"<h3 style=\"text-align: center;\">Evento ter\u00e1 apresenta\u00e7\u00e3o de montarias em touro e cavalo em modelo virtual, para a mega estrutura de tel\u00f5es e leds montada no Allianz Parque<\/h3>\n<p>A Festa do Pe\u00e3o de Barretos desembarca na capital paulista para uma participa\u00e7\u00e3o especial no Global Agribusiness Festival (GAFFFF), maior evento de cultura agro do mundo, nos dias 27 e 28 de junho.<\/p>\n<p>A cultura e a tradi\u00e7\u00e3o do esporte rodeio, que fazem Barretos ser o maior evento do g\u00eanero da Am\u00e9rica Latina, ser\u00e3o apresentadas nos mais de 600m\u00b2 de pain\u00e9is de LED do Allianz Parque &#8211; uma das maiores, mais modernas e tecnol\u00f3gicas arenas do Brasil.<\/p>\n<p>A Festa do Pe\u00e3o de Barretos chega ao GAFFFF de forma inovadora e inusitada. Nos dias 27 e 28 de junho, o comentarista de rodeio Em\u00edlio Carlos dos Santos, mais conhecido como Kak\u00e1 de Barretos, e o locutor Johny Barreto v\u00e3o fazer o primeiro rodeio virtual no Allianz Parque.<\/p>\n<p>Com apresenta\u00e7\u00f5es de montarias em touro e cavalo, realizadas no Est\u00e1dio de Rodeios da Festa do Pe\u00e3o de Barretos, eles ser\u00e3o os respons\u00e1veis por levar toda emo\u00e7\u00e3o das montarias para a capital paulista.<\/p>\n<p>&#8220;Estamos muito felizes com a oportunidade de mostrar a nossa cultura, o esporte rodeio e a for\u00e7a socioecon\u00f4mica da Festa do Pe\u00e3o de Barretos neste grande evento&#8221;, conta Hussein Gemha Junior, presidente da Associa\u00e7\u00e3o Os Independentes.<\/p>\n<p>O GAFFFF foi concebido a partir de quatro pilares: palestras internacionais (Forum), feira de neg\u00f3cios com cinco pavilh\u00f5es e mais de 100 empresas e startups (Fair), experi\u00eancias gastron\u00f4micas com aulas de gastronomia e uma Arena de Fogo (Food), e entretenimento com shows de m\u00fasica sertaneja (Fun), como Chit\u00e3ozinho e Xoror\u00f3 e Jorge e Mateus.<\/p>\n<p>&#8220;A Festa do Pe\u00e3o de Barretos, organizada por Os Independentes, se consolidou como grande expoente desse Brasil rural, vibrante e que move a economia do pa\u00eds. No GAFFFF, queremos fazer pulsar essa emo\u00e7\u00e3o do mundo do rodeio no meio da maior cidade do pa\u00eds&#8221;, comenta Luiz Felipe Nastari, diretor de comunica\u00e7\u00e3o e eventos da DATAGRO. S\u00e3o esperadas 25 mil pessoas nos dois dias de evento.<\/p>\n<p>*O evento<br \/>\nO GAFFFF \u00e9 organizado pela DATAGRO e apresentado pela XP. Mais de 100 palestras ser\u00e3o realizadas em dois palcos dentro do Allianz Parque. A ativista e pol\u00edtica mo\u00e7ambicana Gra\u00e7a Machel, o f\u00edsico Marcelo Gleiser e o cientista pol\u00edtico Parag Khanna est\u00e3o entre os nomes que v\u00e3o se apresentar para o p\u00fablico do festival.<\/p>\n<p>Aos amantes de um bom churrasco, chefs internacionais como Hel\u00f4 Pal\u00e1cio, Tuffy Stone e Adriano Andrade v\u00e3o dar aulas de gastronomia durante o evento. Marcos Livi comandar\u00e1 uma Arena de Fogo.<\/p>\n<p>Ingressos<br \/>\nAl\u00e9m dos ingressos tradicionais, que d\u00e3o direito a um dia inteiro de evento, os interessados podem adquirir o PASS, passaporte para os dois dias de programa\u00e7\u00e3o completa do festival, exceto Global Agribusiness Forum.<\/p>\n<p>Tamb\u00e9m h\u00e1 op\u00e7\u00e3o de ticket apenas para os shows dos artistas que se apresentar\u00e3o no palco principal, denominado Pista Premium. Neste caso, os visitantes poder\u00e3o acessar as depend\u00eancias do est\u00e1dio a partir\u00a0das\u00a018\u00a0horas.<\/p>\n","protected":false},"excerpt":{"rendered":"<p>Evento ter\u00e1 apresenta\u00e7\u00e3o de montarias em touro e cavalo em<\/p>\n","protected":false},"author":2,"featured_media":106545,"comment_status":"open","ping_status":"open","sticky":false,"template":"","format":"standard","meta":{"footnotes":""},"categories":[14,3],"tags":[],"class_list":["post-106544","post","type-post","status-publish","format-standard","has-post-thumbnail","hentry","category-barretos","category-geral"],"yoast_head":"<!-- This site is optimized with the Yoast SEO plugin v27.4 - https:\/\/yoast.com\/product\/yoast-seo-wordpress\/ -->\n<title>Festa do Pe\u00e3o de Barretos far\u00e1 participa\u00e7\u00e3o especial no Global Agribusiness Festival - Regi\u00e3o News<\/title>\n<meta name=\"robots\" content=\"index, follow, max-snippet:-1, max-image-preview:large, max-video-preview:-1\" \/>\n<link rel=\"canonical\" href=\"https:\/\/regiaonews.net.br\/2022\/2024\/06\/19\/festa-do-peao-de-barretos-fara-participacao-especial-no-global-agribusiness-festival\/\" \/>\n<meta property=\"og:locale\" content=\"pt_BR\" \/>\n<meta property=\"og:type\" content=\"article\" \/>\n<meta property=\"og:title\" content=\"Festa do Pe\u00e3o de Barretos far\u00e1 participa\u00e7\u00e3o especial no Global Agribusiness Festival - Regi\u00e3o News\" \/>\n<meta property=\"og:description\" content=\"Evento ter\u00e1 apresenta\u00e7\u00e3o de montarias em touro e cavalo em\" \/>\n<meta property=\"og:url\" content=\"https:\/\/regiaonews.net.br\/2022\/2024\/06\/19\/festa-do-peao-de-barretos-fara-participacao-especial-no-global-agribusiness-festival\/\" \/>\n<meta property=\"og:site_name\" content=\"Regi\u00e3o News\" \/>\n<meta property=\"article:published_time\" content=\"2024-06-19T17:34:32+00:00\" \/>\n<meta property=\"og:image\" content=\"https:\/\/regiaonews.net.br\/2022\/wp-content\/uploads\/2024\/06\/Imagem-do-WhatsApp-de-2024-06-19-as-11.21.50_d5df7bc7.jpg\" \/>\n\t<meta property=\"og:image:width\" content=\"1600\" \/>\n\t<meta property=\"og:image:height\" content=\"899\" \/>\n\t<meta property=\"og:image:type\" content=\"image\/jpeg\" \/>\n<meta name=\"author\" content=\"Roberto\" \/>\n<meta name=\"twitter:card\" content=\"summary_large_image\" \/>\n<meta name=\"twitter:label1\" content=\"Escrito por\" \/>\n\t<meta name=\"twitter:data1\" content=\"Roberto\" \/>\n\t<meta name=\"twitter:label2\" content=\"Est. tempo de leitura\" \/>\n\t<meta name=\"twitter:data2\" content=\"3 minutos\" \/>\n<script type=\"application\/ld+json\" class=\"yoast-schema-graph\">{\"@context\":\"https:\\\/\\\/schema.org\",\"@graph\":[{\"@type\":\"Article\",\"@id\":\"https:\\\/\\\/regiaonews.net.br\\\/2022\\\/2024\\\/06\\\/19\\\/festa-do-peao-de-barretos-fara-participacao-especial-no-global-agribusiness-festival\\\/#article\",\"isPartOf\":{\"@id\":\"https:\\\/\\\/regiaonews.net.br\\\/2022\\\/2024\\\/06\\\/19\\\/festa-do-peao-de-barretos-fara-participacao-especial-no-global-agribusiness-festival\\\/\"},\"author\":{\"name\":\"Roberto\",\"@id\":\"https:\\\/\\\/regiaonews.net.br\\\/2022\\\/#\\\/schema\\\/person\\\/2d205a608a5aa97ac279d7a5e6d89ad8\"},\"headline\":\"Festa do Pe\u00e3o de Barretos far\u00e1 participa\u00e7\u00e3o especial no Global Agribusiness Festival\",\"datePublished\":\"2024-06-19T17:34:32+00:00\",\"mainEntityOfPage\":{\"@id\":\"https:\\\/\\\/regiaonews.net.br\\\/2022\\\/2024\\\/06\\\/19\\\/festa-do-peao-de-barretos-fara-participacao-especial-no-global-agribusiness-festival\\\/\"},\"wordCount\":553,\"commentCount\":0,\"publisher\":{\"@id\":\"https:\\\/\\\/regiaonews.net.br\\\/2022\\\/#organization\"},\"image\":{\"@id\":\"https:\\\/\\\/regiaonews.net.br\\\/2022\\\/2024\\\/06\\\/19\\\/festa-do-peao-de-barretos-fara-participacao-especial-no-global-agribusiness-festival\\\/#primaryimage\"},\"thumbnailUrl\":\"https:\\\/\\\/regiaonews.net.br\\\/2022\\\/wp-content\\\/uploads\\\/2024\\\/06\\\/Imagem-do-WhatsApp-de-2024-06-19-as-11.21.50_d5df7bc7.jpg\",\"articleSection\":[\"Barretos\",\"Geral\"],\"inLanguage\":\"pt-BR\",\"potentialAction\":[{\"@type\":\"CommentAction\",\"name\":\"Comment\",\"target\":[\"https:\\\/\\\/regiaonews.net.br\\\/2022\\\/2024\\\/06\\\/19\\\/festa-do-peao-de-barretos-fara-participacao-especial-no-global-agribusiness-festival\\\/#respond\"]}]},{\"@type\":\"WebPage\",\"@id\":\"https:\\\/\\\/regiaonews.net.br\\\/2022\\\/2024\\\/06\\\/19\\\/festa-do-peao-de-barretos-fara-participacao-especial-no-global-agribusiness-festival\\\/\",\"url\":\"https:\\\/\\\/regiaonews.net.br\\\/2022\\\/2024\\\/06\\\/19\\\/festa-do-peao-de-barretos-fara-participacao-especial-no-global-agribusiness-festival\\\/\",\"name\":\"Festa do Pe\u00e3o de Barretos far\u00e1 participa\u00e7\u00e3o especial no Global Agribusiness Festival - Regi\u00e3o News\",\"isPartOf\":{\"@id\":\"https:\\\/\\\/regiaonews.net.br\\\/2022\\\/#website\"},\"primaryImageOfPage\":{\"@id\":\"https:\\\/\\\/regiaonews.net.br\\\/2022\\\/2024\\\/06\\\/19\\\/festa-do-peao-de-barretos-fara-participacao-especial-no-global-agribusiness-festival\\\/#primaryimage\"},\"image\":{\"@id\":\"https:\\\/\\\/regiaonews.net.br\\\/2022\\\/2024\\\/06\\\/19\\\/festa-do-peao-de-barretos-fara-participacao-especial-no-global-agribusiness-festival\\\/#primaryimage\"},\"thumbnailUrl\":\"https:\\\/\\\/regiaonews.net.br\\\/2022\\\/wp-content\\\/uploads\\\/2024\\\/06\\\/Imagem-do-WhatsApp-de-2024-06-19-as-11.21.50_d5df7bc7.jpg\",\"datePublished\":\"2024-06-19T17:34:32+00:00\",\"breadcrumb\":{\"@id\":\"https:\\\/\\\/regiaonews.net.br\\\/2022\\\/2024\\\/06\\\/19\\\/festa-do-peao-de-barretos-fara-participacao-especial-no-global-agribusiness-festival\\\/#breadcrumb\"},\"inLanguage\":\"pt-BR\",\"potentialAction\":[{\"@type\":\"ReadAction\",\"target\":[\"https:\\\/\\\/regiaonews.net.br\\\/2022\\\/2024\\\/06\\\/19\\\/festa-do-peao-de-barretos-fara-participacao-especial-no-global-agribusiness-festival\\\/\"]}]},{\"@type\":\"ImageObject\",\"inLanguage\":\"pt-BR\",\"@id\":\"https:\\\/\\\/regiaonews.net.br\\\/2022\\\/2024\\\/06\\\/19\\\/festa-do-peao-de-barretos-fara-participacao-especial-no-global-agribusiness-festival\\\/#primaryimage\",\"url\":\"https:\\\/\\\/regiaonews.net.br\\\/2022\\\/wp-content\\\/uploads\\\/2024\\\/06\\\/Imagem-do-WhatsApp-de-2024-06-19-as-11.21.50_d5df7bc7.jpg\",\"contentUrl\":\"https:\\\/\\\/regiaonews.net.br\\\/2022\\\/wp-content\\\/uploads\\\/2024\\\/06\\\/Imagem-do-WhatsApp-de-2024-06-19-as-11.21.50_d5df7bc7.jpg\",\"width\":1600,\"height\":899},{\"@type\":\"BreadcrumbList\",\"@id\":\"https:\\\/\\\/regiaonews.net.br\\\/2022\\\/2024\\\/06\\\/19\\\/festa-do-peao-de-barretos-fara-participacao-especial-no-global-agribusiness-festival\\\/#breadcrumb\",\"itemListElement\":[{\"@type\":\"ListItem\",\"position\":1,\"name\":\"In\u00edcio\",\"item\":\"https:\\\/\\\/regiaonews.net.br\\\/2022\\\/\"},{\"@type\":\"ListItem\",\"position\":2,\"name\":\"Festa do Pe\u00e3o de Barretos far\u00e1 participa\u00e7\u00e3o especial no Global Agribusiness Festival\"}]},{\"@type\":\"WebSite\",\"@id\":\"https:\\\/\\\/regiaonews.net.br\\\/2022\\\/#website\",\"url\":\"https:\\\/\\\/regiaonews.net.br\\\/2022\\\/\",\"name\":\"Regi\u00e3o News\",\"description\":\"Site de Not\u00edcias de Barretos e regi\u00e3o\",\"publisher\":{\"@id\":\"https:\\\/\\\/regiaonews.net.br\\\/2022\\\/#organization\"},\"potentialAction\":[{\"@type\":\"SearchAction\",\"target\":{\"@type\":\"EntryPoint\",\"urlTemplate\":\"https:\\\/\\\/regiaonews.net.br\\\/2022\\\/?s={search_term_string}\"},\"query-input\":{\"@type\":\"PropertyValueSpecification\",\"valueRequired\":true,\"valueName\":\"search_term_string\"}}],\"inLanguage\":\"pt-BR\"},{\"@type\":\"Organization\",\"@id\":\"https:\\\/\\\/regiaonews.net.br\\\/2022\\\/#organization\",\"name\":\"Regi\u00e3o News\",\"url\":\"https:\\\/\\\/regiaonews.net.br\\\/2022\\\/\",\"logo\":{\"@type\":\"ImageObject\",\"inLanguage\":\"pt-BR\",\"@id\":\"https:\\\/\\\/regiaonews.net.br\\\/2022\\\/#\\\/schema\\\/logo\\\/image\\\/\",\"url\":\"https:\\\/\\\/regiaonews.net.br\\\/2022\\\/wp-content\\\/uploads\\\/2026\\\/03\\\/regiao-13-anos-scaled.jpg\",\"contentUrl\":\"https:\\\/\\\/regiaonews.net.br\\\/2022\\\/wp-content\\\/uploads\\\/2026\\\/03\\\/regiao-13-anos-scaled.jpg\",\"width\":2560,\"height\":635,\"caption\":\"Regi\u00e3o News\"},\"image\":{\"@id\":\"https:\\\/\\\/regiaonews.net.br\\\/2022\\\/#\\\/schema\\\/logo\\\/image\\\/\"}},{\"@type\":\"Person\",\"@id\":\"https:\\\/\\\/regiaonews.net.br\\\/2022\\\/#\\\/schema\\\/person\\\/2d205a608a5aa97ac279d7a5e6d89ad8\",\"name\":\"Roberto\",\"image\":{\"@type\":\"ImageObject\",\"inLanguage\":\"pt-BR\",\"@id\":\"https:\\\/\\\/secure.gravatar.com\\\/avatar\\\/42749d8b712ff9d59ca93dc150494e5b55a44134482993f5baeb97e61b7ecc89?s=96&d=mm&r=g\",\"url\":\"https:\\\/\\\/secure.gravatar.com\\\/avatar\\\/42749d8b712ff9d59ca93dc150494e5b55a44134482993f5baeb97e61b7ecc89?s=96&d=mm&r=g\",\"contentUrl\":\"https:\\\/\\\/secure.gravatar.com\\\/avatar\\\/42749d8b712ff9d59ca93dc150494e5b55a44134482993f5baeb97e61b7ecc89?s=96&d=mm&r=g\",\"caption\":\"Roberto\"},\"url\":\"https:\\\/\\\/regiaonews.net.br\\\/2022\\\/author\\\/roberto\\\/\"}]}<\/script>\n<!-- \/ Yoast SEO plugin. -->","yoast_head_json":{"title":"Festa do Pe\u00e3o de Barretos far\u00e1 participa\u00e7\u00e3o especial no Global Agribusiness Festival - Regi\u00e3o News","robots":{"index":"index","follow":"follow","max-snippet":"max-snippet:-1","max-image-preview":"max-image-preview:large","max-video-preview":"max-video-preview:-1"},"canonical":"https:\/\/regiaonews.net.br\/2022\/2024\/06\/19\/festa-do-peao-de-barretos-fara-participacao-especial-no-global-agribusiness-festival\/","og_locale":"pt_BR","og_type":"article","og_title":"Festa do Pe\u00e3o de Barretos far\u00e1 participa\u00e7\u00e3o especial no Global Agribusiness Festival - Regi\u00e3o News","og_description":"Evento ter\u00e1 apresenta\u00e7\u00e3o de montarias em touro e cavalo em","og_url":"https:\/\/regiaonews.net.br\/2022\/2024\/06\/19\/festa-do-peao-de-barretos-fara-participacao-especial-no-global-agribusiness-festival\/","og_site_name":"Regi\u00e3o News","article_published_time":"2024-06-19T17:34:32+00:00","og_image":[{"width":1600,"height":899,"url":"https:\/\/regiaonews.net.br\/2022\/wp-content\/uploads\/2024\/06\/Imagem-do-WhatsApp-de-2024-06-19-as-11.21.50_d5df7bc7.jpg","type":"image\/jpeg"}],"author":"Roberto","twitter_card":"summary_large_image","twitter_misc":{"Escrito por":"Roberto","Est. tempo de leitura":"3 minutos"},"schema":{"@context":"https:\/\/schema.org","@graph":[{"@type":"Article","@id":"https:\/\/regiaonews.net.br\/2022\/2024\/06\/19\/festa-do-peao-de-barretos-fara-participacao-especial-no-global-agribusiness-festival\/#article","isPartOf":{"@id":"https:\/\/regiaonews.net.br\/2022\/2024\/06\/19\/festa-do-peao-de-barretos-fara-participacao-especial-no-global-agribusiness-festival\/"},"author":{"name":"Roberto","@id":"https:\/\/regiaonews.net.br\/2022\/#\/schema\/person\/2d205a608a5aa97ac279d7a5e6d89ad8"},"headline":"Festa do Pe\u00e3o de Barretos far\u00e1 participa\u00e7\u00e3o especial no Global Agribusiness Festival","datePublished":"2024-06-19T17:34:32+00:00","mainEntityOfPage":{"@id":"https:\/\/regiaonews.net.br\/2022\/2024\/06\/19\/festa-do-peao-de-barretos-fara-participacao-especial-no-global-agribusiness-festival\/"},"wordCount":553,"commentCount":0,"publisher":{"@id":"https:\/\/regiaonews.net.br\/2022\/#organization"},"image":{"@id":"https:\/\/regiaonews.net.br\/2022\/2024\/06\/19\/festa-do-peao-de-barretos-fara-participacao-especial-no-global-agribusiness-festival\/#primaryimage"},"thumbnailUrl":"https:\/\/regiaonews.net.br\/2022\/wp-content\/uploads\/2024\/06\/Imagem-do-WhatsApp-de-2024-06-19-as-11.21.50_d5df7bc7.jpg","articleSection":["Barretos","Geral"],"inLanguage":"pt-BR","potentialAction":[{"@type":"CommentAction","name":"Comment","target":["https:\/\/regiaonews.net.br\/2022\/2024\/06\/19\/festa-do-peao-de-barretos-fara-participacao-especial-no-global-agribusiness-festival\/#respond"]}]},{"@type":"WebPage","@id":"https:\/\/regiaonews.net.br\/2022\/2024\/06\/19\/festa-do-peao-de-barretos-fara-participacao-especial-no-global-agribusiness-festival\/","url":"https:\/\/regiaonews.net.br\/2022\/2024\/06\/19\/festa-do-peao-de-barretos-fara-participacao-especial-no-global-agribusiness-festival\/","name":"Festa do Pe\u00e3o de Barretos far\u00e1 participa\u00e7\u00e3o especial no Global Agribusiness Festival - Regi\u00e3o News","isPartOf":{"@id":"https:\/\/regiaonews.net.br\/2022\/#website"},"primaryImageOfPage":{"@id":"https:\/\/regiaonews.net.br\/2022\/2024\/06\/19\/festa-do-peao-de-barretos-fara-participacao-especial-no-global-agribusiness-festival\/#primaryimage"},"image":{"@id":"https:\/\/regiaonews.net.br\/2022\/2024\/06\/19\/festa-do-peao-de-barretos-fara-participacao-especial-no-global-agribusiness-festival\/#primaryimage"},"thumbnailUrl":"https:\/\/regiaonews.net.br\/2022\/wp-content\/uploads\/2024\/06\/Imagem-do-WhatsApp-de-2024-06-19-as-11.21.50_d5df7bc7.jpg","datePublished":"2024-06-19T17:34:32+00:00","breadcrumb":{"@id":"https:\/\/regiaonews.net.br\/2022\/2024\/06\/19\/festa-do-peao-de-barretos-fara-participacao-especial-no-global-agribusiness-festival\/#breadcrumb"},"inLanguage":"pt-BR","potentialAction":[{"@type":"ReadAction","target":["https:\/\/regiaonews.net.br\/2022\/2024\/06\/19\/festa-do-peao-de-barretos-fara-participacao-especial-no-global-agribusiness-festival\/"]}]},{"@type":"ImageObject","inLanguage":"pt-BR","@id":"https:\/\/regiaonews.net.br\/2022\/2024\/06\/19\/festa-do-peao-de-barretos-fara-participacao-especial-no-global-agribusiness-festival\/#primaryimage","url":"https:\/\/regiaonews.net.br\/2022\/wp-content\/uploads\/2024\/06\/Imagem-do-WhatsApp-de-2024-06-19-as-11.21.50_d5df7bc7.jpg","contentUrl":"https:\/\/regiaonews.net.br\/2022\/wp-content\/uploads\/2024\/06\/Imagem-do-WhatsApp-de-2024-06-19-as-11.21.50_d5df7bc7.jpg","width":1600,"height":899},{"@type":"BreadcrumbList","@id":"https:\/\/regiaonews.net.br\/2022\/2024\/06\/19\/festa-do-peao-de-barretos-fara-participacao-especial-no-global-agribusiness-festival\/#breadcrumb","itemListElement":[{"@type":"ListItem","position":1,"name":"In\u00edcio","item":"https:\/\/regiaonews.net.br\/2022\/"},{"@type":"ListItem","position":2,"name":"Festa do Pe\u00e3o de Barretos far\u00e1 participa\u00e7\u00e3o especial no Global Agribusiness Festival"}]},{"@type":"WebSite","@id":"https:\/\/regiaonews.net.br\/2022\/#website","url":"https:\/\/regiaonews.net.br\/2022\/","name":"Regi\u00e3o News","description":"Site de Not\u00edcias de Barretos e regi\u00e3o","publisher":{"@id":"https:\/\/regiaonews.net.br\/2022\/#organization"},"potentialAction":[{"@type":"SearchAction","target":{"@type":"EntryPoint","urlTemplate":"https:\/\/regiaonews.net.br\/2022\/?s={search_term_string}"},"query-input":{"@type":"PropertyValueSpecification","valueRequired":true,"valueName":"search_term_string"}}],"inLanguage":"pt-BR"},{"@type":"Organization","@id":"https:\/\/regiaonews.net.br\/2022\/#organization","name":"Regi\u00e3o News","url":"https:\/\/regiaonews.net.br\/2022\/","logo":{"@type":"ImageObject","inLanguage":"pt-BR","@id":"https:\/\/regiaonews.net.br\/2022\/#\/schema\/logo\/image\/","url":"https:\/\/regiaonews.net.br\/2022\/wp-content\/uploads\/2026\/03\/regiao-13-anos-scaled.jpg","contentUrl":"https:\/\/regiaonews.net.br\/2022\/wp-content\/uploads\/2026\/03\/regiao-13-anos-scaled.jpg","width":2560,"height":635,"caption":"Regi\u00e3o News"},"image":{"@id":"https:\/\/regiaonews.net.br\/2022\/#\/schema\/logo\/image\/"}},{"@type":"Person","@id":"https:\/\/regiaonews.net.br\/2022\/#\/schema\/person\/2d205a608a5aa97ac279d7a5e6d89ad8","name":"Roberto","image":{"@type":"ImageObject","inLanguage":"pt-BR","@id":"https:\/\/secure.gravatar.com\/avatar\/42749d8b712ff9d59ca93dc150494e5b55a44134482993f5baeb97e61b7ecc89?s=96&d=mm&r=g","url":"https:\/\/secure.gravatar.com\/avatar\/42749d8b712ff9d59ca93dc150494e5b55a44134482993f5baeb97e61b7ecc89?s=96&d=mm&r=g","contentUrl":"https:\/\/secure.gravatar.com\/avatar\/42749d8b712ff9d59ca93dc150494e5b55a44134482993f5baeb97e61b7ecc89?s=96&d=mm&r=g","caption":"Roberto"},"url":"https:\/\/regiaonews.net.br\/2022\/author\/roberto\/"}]}},"publishpress_future_action":{"enabled":false,"date":"2026-05-03 08:04:30","action":"change-status","newStatus":"draft","terms":[],"taxonomy":"category","extraData":[]},"publishpress_future_workflow_manual_trigger":{"enabledWorkflows":[]},"_links":{"self":[{"href":"https:\/\/regiaonews.net.br\/2022\/wp-json\/wp\/v2\/posts\/106544","targetHints":{"allow":["GET"]}}],"collection":[{"href":"https:\/\/regiaonews.net.br\/2022\/wp-json\/wp\/v2\/posts"}],"about":[{"href":"https:\/\/regiaonews.net.br\/2022\/wp-json\/wp\/v2\/types\/post"}],"author":[{"embeddable":true,"href":"https:\/\/regiaonews.net.br\/2022\/wp-json\/wp\/v2\/users\/2"}],"replies":[{"embeddable":true,"href":"https:\/\/regiaonews.net.br\/2022\/wp-json\/wp\/v2\/comments?post=106544"}],"version-history":[{"count":1,"href":"https:\/\/regiaonews.net.br\/2022\/wp-json\/wp\/v2\/posts\/106544\/revisions"}],"predecessor-version":[{"id":106546,"href":"https:\/\/regiaonews.net.br\/2022\/wp-json\/wp\/v2\/posts\/106544\/revisions\/106546"}],"wp:featuredmedia":[{"embeddable":true,"href":"https:\/\/regiaonews.net.br\/2022\/wp-json\/wp\/v2\/media\/106545"}],"wp:attachment":[{"href":"https:\/\/regiaonews.net.br\/2022\/wp-json\/wp\/v2\/media?parent=106544"}],"wp:term":[{"taxonomy":"category","embeddable":true,"href":"https:\/\/regiaonews.net.br\/2022\/wp-json\/wp\/v2\/categories?post=106544"},{"taxonomy":"post_tag","embeddable":true,"href":"https:\/\/regiaonews.net.br\/2022\/wp-json\/wp\/v2\/tags?post=106544"}],"curies":[{"name":"wp","href":"https:\/\/api.w.org\/{rel}","templated":true}]}}